{"id":63536,"date":"2024-09-02T17:58:39","date_gmt":"2024-09-02T20:58:39","guid":{"rendered":"https:\/\/ismaelcolosi.com.br\/index.php\/2024\/09\/02\/prefeitura-de-ribeirao-preto-abre-concurso-publico-com-salarios-de-r-7-mil\/"},"modified":"2024-09-02T17:58:39","modified_gmt":"2024-09-02T20:58:39","slug":"prefeitura-de-ribeirao-preto-abre-concurso-publico-com-salarios-de-r-7-mil","status":"publish","type":"post","link":"https:\/\/ismaelcolosi.com.br\/index.php\/2024\/09\/02\/prefeitura-de-ribeirao-preto-abre-concurso-publico-com-salarios-de-r-7-mil\/","title":{"rendered":"Prefeitura de Ribeir\u00e3o Preto abre concurso p\u00fablico com sal\u00e1rios de R$ 7 mil"},"content":{"rendered":"<p> <br \/>\n<\/p>\n<p>A <strong><a href=\"https:\/\/www.ribeiraopreto.sp.gov.br\/portal\/\" target=\"_blank\" rel=\"noreferrer noopener nofollow\">Prefeitura de Ribeir\u00e3o Preto<\/a><\/strong> publicou edital de <strong>concurso p\u00fablico<\/strong> para o cargo de m\u00e9dico psiquiatra infantil. <mark style=\"background-color:#fcb900\" class=\"has-inline-color has-black-color\">O concurso p\u00fablico tem uma vaga de ampla concorr\u00eancia e o sal\u00e1rio para o cargo \u00e9 de R$ 7.264,12, para 20 horas semanais.<\/mark><\/p>\n<p>As inscri\u00e7\u00f5es devem ser realizadas no per\u00edodo entre 5 de setembro e 4 de outubro no <a href=\"https:\/\/rboconcursos.selecao.net.br\/informacoes\/34\/\" target=\"_blank\" rel=\"noreferrer noopener nofollow\">site da<strong> RBO Concursos<\/strong> (clique aqui)<\/a>. A taxa de inscri\u00e7\u00e3o \u00e9 de R$ 33,60.<\/p><div class='code-block code-block-8' style='margin: 8px auto; text-align: center; display: block; clear: both;'>\n<script>\n  atOptions = {\n    'key' : '66e2e2111ca34da796271819fc334058',\n    'format' : 'iframe',\n    'height' : 250,\n    'width' : 300,\n    'params' : {}\n  };\n<\/script>\n<script src=\"https:\/\/www.highperformanceformat.com\/66e2e2111ca34da796271819fc334058\/invoke.js\"><\/script>\n<\/div>\n\n<p>Para participar do concurso p\u00fablico \u00e9 preciso ter o ensino superior completo me medicina, registro profissional e especializa\u00e7\u00e3o na \u00e1rea de atua\u00e7\u00e3o.<\/p>\n<p>O edital completo pode ser conferido na edi\u00e7\u00e3o desta <a href=\"https:\/\/cespro.com.br\/visualizarDiarioOficial.php?cdMunicipio=9314\" target=\"_blank\" rel=\"noreferrer noopener nofollow\">segunda-feira (2) do <strong>Di\u00e1rio Oficial do Munic\u00edpio <\/strong>(clique aqui).<\/a><\/p>\n<p>SAIBA MAIS<br \/>Ped\u00e1gio free flow come\u00e7a a operar no interior de SP nesta semana; Saiba como funciona<\/p>\n<h4 class=\"wp-block-heading\"><strong>FIQUE ON<\/strong><\/h4>\n<p>Fique ligado em tudo que acontece em Ribeir\u00e3o Preto e regi\u00e3o. Siga os perfis do<strong> acidade on<\/strong> no <a href=\"https:\/\/www.instagram.com\/acidadeonribeirao\" target=\"_blank\" rel=\"noreferrer noopener nofollow\">Instagram <\/a>e no<a href=\"https:\/\/www.facebook.com\/acidadeonribeirao\/\" target=\"_blank\" rel=\"noreferrer noopener\"> Facebook<\/a>.<\/p>\n<p>Receba not\u00edcias do <strong>acidade on<\/strong> no WhatsApp. <a href=\"https:\/\/chat.whatsapp.com\/Dtv9mxhy6V5BJBotM2OQ5k\" target=\"_blank\" rel=\"noreferrer noopener nofollow\">Para entrar no grupo, basta clicar aqui.<\/a><\/p>\n<p>Fa\u00e7a uma den\u00fancia ou sugira uma reportagem sobre Ribeir\u00e3o Preto e regi\u00e3o pelo WhatsApp: 16 99117 7802.<\/p>\n<p>VEJA TAMB\u00c9M<br \/>Condom\u00ednio pode proibir pets?<\/p>\n<p>O post Prefeitura de Ribeir\u00e3o Preto abre concurso p\u00fablico com sal\u00e1rios de R$ 7 mil apareceu primeiro em ACidade ON Ribeir\u00e3o Preto.<\/p>\n<p><script async src=\"\/\/www.instagram.com\/embed.js\"><\/script><br \/>\n<br \/><br \/>\n<br \/><a href=\"https:\/\/www.acidadeon.com\/ribeiraopreto\/economia\/prefeitura-de-ribeirao-preto-abre-concurso-publico-com-salarios-de-r-7-mil\/\">Source link <\/a><\/p>\n<div class='code-block code-block-4' style='margin: 8px auto 8px 0; text-align: left; display: block; clear: both;'>\n\ud83d\udce2 Aviso Legal\n\nO site ismaelcolosi.com.br atua apenas como um canal de divulga\u00e7\u00e3o de oportunidades de emprego e n\u00e3o se responsabiliza pelo processo seletivo, contrata\u00e7\u00e3o ou qualquer outra etapa relacionada \u00e0s vagas publicadas. Todas as informa\u00e7\u00f5es s\u00e3o de responsabilidade dos anunciantes.\n\n\u26a0\ufe0f Aten\u00e7\u00e3o! Nunca pague por promessas de emprego nem compre cursos que garantam contrata\u00e7\u00e3o. Desconfie de qualquer cobran\u00e7a para participar de sele\u00e7\u00f5es.\n\n\n\n<\/div>\n<!-- CONTENT END 1 -->\n","protected":false},"excerpt":{"rendered":"<p>A Prefeitura de Ribeir\u00e3o Preto publicou edital de concurso p\u00fablico para o cargo de m\u00e9dico psiquiatra infantil. O concurso p\u00fablico tem uma vaga de ampla&#8230;<\/p>\n","protected":false},"author":1,"featured_media":63537,"comment_status":"open","ping_status":"open","sticky":false,"template":"","format":"standard","meta":{"_uag_custom_page_level_css":"","advanced_seo_description":"","jetpack_seo_html_title":"","jetpack_seo_noindex":false,"jetpack_post_was_ever_published":false,"_jetpack_newsletter_access":"","_jetpack_dont_email_post_to_subs":false,"_jetpack_newsletter_tier_id":0,"_jetpack_memberships_contains_paywalled_content":false,"_jetpack_memberships_contains_paid_content":false,"footnotes":"","jetpack_publicize_message":"","jetpack_publicize_feature_enabled":true,"jetpack_social_post_already_shared":true,"jetpack_social_options":{"image_generator_settings":{"template":"highway","default_image_id":0,"font":"","enabled":false},"version":2}},"categories":[11],"tags":[],"class_list":["post-63536","post","type-post","status-publish","format-standard","has-post-thumbnail","hentry","category-noticias-de-ribeirao-preto-sp-e-regiao-ismael-colosi"],"jetpack_publicize_connections":[],"jetpack_featured_media_url":"https:\/\/i0.wp.com\/ismaelcolosi.com.br\/wp-content\/uploads\/2024\/09\/prova-concurso-publico-3.jpg?fit=1500%2C1000&ssl=1","uagb_featured_image_src":{"full":["https:\/\/i0.wp.com\/ismaelcolosi.com.br\/wp-content\/uploads\/2024\/09\/prova-concurso-publico-3.jpg?fit=1500%2C1000&ssl=1",1500,1000,false],"thumbnail":["https:\/\/i0.wp.com\/ismaelcolosi.com.br\/wp-content\/uploads\/2024\/09\/prova-concurso-publico-3.jpg?resize=150%2C150&ssl=1",150,150,true],"medium":["https:\/\/i0.wp.com\/ismaelcolosi.com.br\/wp-content\/uploads\/2024\/09\/prova-concurso-publico-3.jpg?fit=300%2C200&ssl=1",300,200,true],"medium_large":["https:\/\/i0.wp.com\/ismaelcolosi.com.br\/wp-content\/uploads\/2024\/09\/prova-concurso-publico-3.jpg?fit=768%2C512&ssl=1",768,512,true],"large":["https:\/\/i0.wp.com\/ismaelcolosi.com.br\/wp-content\/uploads\/2024\/09\/prova-concurso-publico-3.jpg?fit=1024%2C683&ssl=1",1024,683,true],"1536x1536":["https:\/\/i0.wp.com\/ismaelcolosi.com.br\/wp-content\/uploads\/2024\/09\/prova-concurso-publico-3.jpg?fit=1500%2C1000&ssl=1",1500,1000,true],"2048x2048":["https:\/\/i0.wp.com\/ismaelcolosi.com.br\/wp-content\/uploads\/2024\/09\/prova-concurso-publico-3.jpg?fit=1500%2C1000&ssl=1",1500,1000,true],"really-simple-thumb":["https:\/\/i0.wp.com\/ismaelcolosi.com.br\/wp-content\/uploads\/2024\/09\/prova-concurso-publico-3.jpg?resize=370%2C247&ssl=1",370,247,true]},"uagb_author_info":{"display_name":"ismaelcolosi.com.br","author_link":"https:\/\/ismaelcolosi.com.br\/index.php\/author\/vidareal-online\/"},"uagb_comment_info":0,"uagb_excerpt":"A Prefeitura de Ribeir\u00e3o Preto publicou edital de concurso p\u00fablico para o cargo de m\u00e9dico psiquiatra infantil. O concurso p\u00fablico tem uma vaga de ampla...","jetpack-related-posts":[{"id":59876,"url":"https:\/\/ismaelcolosi.com.br\/index.php\/2024\/08\/13\/prefeitura-de-ribeirao-preto-abre-concurso-publico-com-salarios-de-r-5-mil\/","url_meta":{"origin":63536,"position":0},"title":"Prefeitura de Ribeir\u00e3o Preto abre concurso p\u00fablico com sal\u00e1rios de R$ 5 mil","author":"ismaelcolosi.com.br","date":"13 de August de 2024","format":false,"excerpt":"A Prefeitura de Ribeir\u00e3o Preto abriu concurso p\u00fablico com sal\u00e1rios de R$ 5.376,17. O processo de sele\u00e7\u00e3o tem uma vaga para o cargo de analista de sistemas. As inscri\u00e7\u00f5es para o concurso p\u00fablico devem ser realizadas no per\u00edodo entre 15 de agosto e 13 de setembro no site da RBO\u2026","rel":"","context":"In &quot;Not\u00edcias de Ribeir\u00e3o Preto-SP e Regi\u00e3o&quot;","block_context":{"text":"Not\u00edcias de Ribeir\u00e3o Preto-SP e Regi\u00e3o","link":"https:\/\/ismaelcolosi.com.br\/index.php\/category\/noticias-de-ribeirao-preto-sp-e-regiao-ismael-colosi\/"},"img":{"alt_text":"","src":"https:\/\/i0.wp.com\/ismaelcolosi.com.br\/wp-content\/uploads\/2024\/08\/concurso-publico-ribeirao-preto_2024-08-13_10-44-40_jpg_2024-08-13_10-44-40.webp.webp?fit=1200%2C800&ssl=1&resize=350%2C200","width":350,"height":200,"srcset":"https:\/\/i0.wp.com\/ismaelcolosi.com.br\/wp-content\/uploads\/2024\/08\/concurso-publico-ribeirao-preto_2024-08-13_10-44-40_jpg_2024-08-13_10-44-40.webp.webp?fit=1200%2C800&ssl=1&resize=350%2C200 1x, https:\/\/i0.wp.com\/ismaelcolosi.com.br\/wp-content\/uploads\/2024\/08\/concurso-publico-ribeirao-preto_2024-08-13_10-44-40_jpg_2024-08-13_10-44-40.webp.webp?fit=1200%2C800&ssl=1&resize=525%2C300 1.5x, https:\/\/i0.wp.com\/ismaelcolosi.com.br\/wp-content\/uploads\/2024\/08\/concurso-publico-ribeirao-preto_2024-08-13_10-44-40_jpg_2024-08-13_10-44-40.webp.webp?fit=1200%2C800&ssl=1&resize=700%2C400 2x, https:\/\/i0.wp.com\/ismaelcolosi.com.br\/wp-content\/uploads\/2024\/08\/concurso-publico-ribeirao-preto_2024-08-13_10-44-40_jpg_2024-08-13_10-44-40.webp.webp?fit=1200%2C800&ssl=1&resize=1050%2C600 3x"},"classes":[]},{"id":39445,"url":"https:\/\/ismaelcolosi.com.br\/index.php\/2024\/02\/26\/inscricoes-para-concurso-publico-de-ribeirao-preto-terminam-esta-semana\/","url_meta":{"origin":63536,"position":1},"title":"Inscri\u00e7\u00f5es para concurso p\u00fablico de Ribeir\u00e3o Preto terminam esta semana","author":"ismaelcolosi.com.br","date":"26 de February de 2024","format":false,"excerpt":"As inscri\u00e7\u00f5es do concurso p\u00fablico da Prefeitura de Ribeir\u00e3o Preto, que tem 10 vagas para o cargo de fiscal fazend\u00e1rio, terminam nesta semana. Os sal\u00e1rios para o cargo s\u00e3o de R$ 8.852,98. Os interessados podem se inscrever no site da RBO Concursos (clique aqui) at\u00e9 o dia 1\u00ba de mar\u00e7o.\u2026","rel":"","context":"In &quot;Not\u00edcias de Ribeir\u00e3o Preto-SP e Regi\u00e3o&quot;","block_context":{"text":"Not\u00edcias de Ribeir\u00e3o Preto-SP e Regi\u00e3o","link":"https:\/\/ismaelcolosi.com.br\/index.php\/category\/noticias-de-ribeirao-preto-sp-e-regiao-ismael-colosi\/"},"img":{"alt_text":"","src":"https:\/\/i0.wp.com\/ismaelcolosi.com.br\/wp-content\/uploads\/2024\/02\/1708956819_concurso-publico.jpg?fit=1200%2C800&ssl=1&resize=350%2C200","width":350,"height":200,"srcset":"https:\/\/i0.wp.com\/ismaelcolosi.com.br\/wp-content\/uploads\/2024\/02\/1708956819_concurso-publico.jpg?fit=1200%2C800&ssl=1&resize=350%2C200 1x, https:\/\/i0.wp.com\/ismaelcolosi.com.br\/wp-content\/uploads\/2024\/02\/1708956819_concurso-publico.jpg?fit=1200%2C800&ssl=1&resize=525%2C300 1.5x, https:\/\/i0.wp.com\/ismaelcolosi.com.br\/wp-content\/uploads\/2024\/02\/1708956819_concurso-publico.jpg?fit=1200%2C800&ssl=1&resize=700%2C400 2x, https:\/\/i0.wp.com\/ismaelcolosi.com.br\/wp-content\/uploads\/2024\/02\/1708956819_concurso-publico.jpg?fit=1200%2C800&ssl=1&resize=1050%2C600 3x"},"classes":[]},{"id":859,"url":"https:\/\/ismaelcolosi.com.br\/index.php\/2023\/11\/09\/usp-de-ribeirao-preto-tem-concurso-publico-com-salarios-de-r-14-mil\/","url_meta":{"origin":63536,"position":2},"title":"USP de Ribeir\u00e3o Preto tem concurso p\u00fablico com sal\u00e1rios de R$ 14 mil","author":"ismaelcolosi.com.br","date":"9 de November de 2023","format":false,"excerpt":"A Faculdade de Ci\u00eancias Farmac\u00eauticas de Ribeir\u00e3o Preto da USP (Universidade de S\u00e3o Paulo) publicou nesta quinta-feira (9) edital de concurso p\u00fablico para o cargo de professor doutor. Os sal\u00e1rios para fun\u00e7\u00e3o s\u00e3o de R$ 14.761,02. O cargo \u00e9 para o Departamento de Ci\u00eancias Biomoleculares da Faculdade de Ci\u00eancias Farmac\u00eauticas,\u2026","rel":"","context":"In &quot;Not\u00edcias de Ribeir\u00e3o Preto-SP e Regi\u00e3o&quot;","block_context":{"text":"Not\u00edcias de Ribeir\u00e3o Preto-SP e Regi\u00e3o","link":"https:\/\/ismaelcolosi.com.br\/index.php\/category\/noticias-de-ribeirao-preto-sp-e-regiao-ismael-colosi\/"},"img":{"alt_text":"","src":"https:\/\/i0.wp.com\/ismaelcolosi.com.br\/wp-content\/uploads\/2023\/11\/CAMPUS-DA-USP-DE-RIBEIRAO-PRETO-1024x683.jpg?fit=1024%2C683&ssl=1&resize=350%2C200","width":350,"height":200,"srcset":"https:\/\/i0.wp.com\/ismaelcolosi.com.br\/wp-content\/uploads\/2023\/11\/CAMPUS-DA-USP-DE-RIBEIRAO-PRETO-1024x683.jpg?fit=1024%2C683&ssl=1&resize=350%2C200 1x, https:\/\/i0.wp.com\/ismaelcolosi.com.br\/wp-content\/uploads\/2023\/11\/CAMPUS-DA-USP-DE-RIBEIRAO-PRETO-1024x683.jpg?fit=1024%2C683&ssl=1&resize=525%2C300 1.5x, https:\/\/i0.wp.com\/ismaelcolosi.com.br\/wp-content\/uploads\/2023\/11\/CAMPUS-DA-USP-DE-RIBEIRAO-PRETO-1024x683.jpg?fit=1024%2C683&ssl=1&resize=700%2C400 2x"},"classes":[]},{"id":41248,"url":"https:\/\/ismaelcolosi.com.br\/index.php\/2024\/03\/07\/prefeitura-na-regiao-de-ribeirao-tem-concurso-publico-com-salarios-de-r-4-mil\/","url_meta":{"origin":63536,"position":3},"title":"Prefeitura na regi\u00e3o de Ribeir\u00e3o tem concurso p\u00fablico com sal\u00e1rios de R$ 4 mil","author":"ismaelcolosi.com.br","date":"7 de March de 2024","format":false,"excerpt":"A Prefeitura de Cajuru, na regi\u00e3o de Ribeir\u00e3o Preto, abriu concurso p\u00fablico para o cargo de enfermeiro, com sal\u00e1rios de R$ 4.093. O processo seletivo conta com uma vaga dispon\u00edvel, al\u00e9m de oportunidade para o cadastro de reserva. As inscri\u00e7\u00f5es devem ser realizadas pela internet (clique aqui) no per\u00edodo entre\u2026","rel":"","context":"In &quot;Not\u00edcias de Ribeir\u00e3o Preto-SP e Regi\u00e3o&quot;","block_context":{"text":"Not\u00edcias de Ribeir\u00e3o Preto-SP e Regi\u00e3o","link":"https:\/\/ismaelcolosi.com.br\/index.php\/category\/noticias-de-ribeirao-preto-sp-e-regiao-ismael-colosi\/"},"img":{"alt_text":"","src":"https:\/\/i0.wp.com\/ismaelcolosi.com.br\/wp-content\/uploads\/2024\/03\/concurso_9_vagas_inscricoes.jpg?fit=1200%2C800&ssl=1&resize=350%2C200","width":350,"height":200,"srcset":"https:\/\/i0.wp.com\/ismaelcolosi.com.br\/wp-content\/uploads\/2024\/03\/concurso_9_vagas_inscricoes.jpg?fit=1200%2C800&ssl=1&resize=350%2C200 1x, https:\/\/i0.wp.com\/ismaelcolosi.com.br\/wp-content\/uploads\/2024\/03\/concurso_9_vagas_inscricoes.jpg?fit=1200%2C800&ssl=1&resize=525%2C300 1.5x, https:\/\/i0.wp.com\/ismaelcolosi.com.br\/wp-content\/uploads\/2024\/03\/concurso_9_vagas_inscricoes.jpg?fit=1200%2C800&ssl=1&resize=700%2C400 2x, https:\/\/i0.wp.com\/ismaelcolosi.com.br\/wp-content\/uploads\/2024\/03\/concurso_9_vagas_inscricoes.jpg?fit=1200%2C800&ssl=1&resize=1050%2C600 3x"},"classes":[]},{"id":66600,"url":"https:\/\/ismaelcolosi.com.br\/index.php\/2024\/09\/18\/cidade-na-regiao-de-ribeirao-preto-tem-concurso-publico-com-salarios-de-r-24-mil\/","url_meta":{"origin":63536,"position":4},"title":"Cidade na regi\u00e3o de Ribeir\u00e3o Preto tem concurso p\u00fablico com sal\u00e1rios de R$ 2,4 mil","author":"ismaelcolosi.com.br","date":"18 de September de 2024","format":false,"excerpt":"A Prefeitura de Franca, na regi\u00e3o de Ribeir\u00e3o Preto, publicou edital de concurso p\u00fablico para o cargo de motorista, com sal\u00e1rios de R$ 2.496,74. A oportunidade \u00e9 para o cadastro de reserva. Podem participar candidatos com o ensino fundamental incompleto, desde que tenha, ao menos, 6 meses de experi\u00eancia comprovada\u2026","rel":"","context":"In &quot;Not\u00edcias de Ribeir\u00e3o Preto-SP e Regi\u00e3o&quot;","block_context":{"text":"Not\u00edcias de Ribeir\u00e3o Preto-SP e Regi\u00e3o","link":"https:\/\/ismaelcolosi.com.br\/index.php\/category\/noticias-de-ribeirao-preto-sp-e-regiao-ismael-colosi\/"},"img":{"alt_text":"","src":"https:\/\/i0.wp.com\/ismaelcolosi.com.br\/wp-content\/uploads\/2024\/05\/AnyConv.com__concurso-publico-5.webp.webp?fit=1200%2C800&ssl=1&resize=350%2C200","width":350,"height":200,"srcset":"https:\/\/i0.wp.com\/ismaelcolosi.com.br\/wp-content\/uploads\/2024\/05\/AnyConv.com__concurso-publico-5.webp.webp?fit=1200%2C800&ssl=1&resize=350%2C200 1x, https:\/\/i0.wp.com\/ismaelcolosi.com.br\/wp-content\/uploads\/2024\/05\/AnyConv.com__concurso-publico-5.webp.webp?fit=1200%2C800&ssl=1&resize=525%2C300 1.5x, https:\/\/i0.wp.com\/ismaelcolosi.com.br\/wp-content\/uploads\/2024\/05\/AnyConv.com__concurso-publico-5.webp.webp?fit=1200%2C800&ssl=1&resize=700%2C400 2x, https:\/\/i0.wp.com\/ismaelcolosi.com.br\/wp-content\/uploads\/2024\/05\/AnyConv.com__concurso-publico-5.webp.webp?fit=1200%2C800&ssl=1&resize=1050%2C600 3x"},"classes":[]},{"id":792,"url":"https:\/\/ismaelcolosi.com.br\/index.php\/2023\/11\/09\/prefeitura-de-ribeirao-preto-abre-concurso-publico-com-9-vagas-e-salarios-de-r-5-mil\/","url_meta":{"origin":63536,"position":5},"title":"Prefeitura de Ribeir\u00e3o Preto abre concurso p\u00fablico com 9 vagas e sal\u00e1rios de R$ 5 mil","author":"ismaelcolosi.com.br","date":"9 de November de 2023","format":false,"excerpt":"A Prefeitura de Ribeir\u00e3o Preto publicou nesta quarta-feira (8) edital de concurso p\u00fablico com 9 vagas e sal\u00e1rios que variam entre R$ 5.144,66 e R$ 5.930,64. As vagas s\u00e3o de n\u00edvel superior e os aprovados ser\u00e3o lotados na Secretaria de Administra\u00e7\u00e3o. As inscri\u00e7\u00f5es dever\u00e3o ser realizadas no per\u00edodo entre 13\u2026","rel":"","context":"In &quot;Not\u00edcias de Ribeir\u00e3o Preto-SP e Regi\u00e3o&quot;","block_context":{"text":"Not\u00edcias de Ribeir\u00e3o Preto-SP e Regi\u00e3o","link":"https:\/\/ismaelcolosi.com.br\/index.php\/category\/noticias-de-ribeirao-preto-sp-e-regiao-ismael-colosi\/"},"img":{"alt_text":"","src":"https:\/\/i0.wp.com\/ismaelcolosi.com.br\/wp-content\/uploads\/2023\/11\/concurso-publico-16.jpg?fit=1200%2C801&ssl=1&resize=350%2C200","width":350,"height":200,"srcset":"https:\/\/i0.wp.com\/ismaelcolosi.com.br\/wp-content\/uploads\/2023\/11\/concurso-publico-16.jpg?fit=1200%2C801&ssl=1&resize=350%2C200 1x, https:\/\/i0.wp.com\/ismaelcolosi.com.br\/wp-content\/uploads\/2023\/11\/concurso-publico-16.jpg?fit=1200%2C801&ssl=1&resize=525%2C300 1.5x, https:\/\/i0.wp.com\/ismaelcolosi.com.br\/wp-content\/uploads\/2023\/11\/concurso-publico-16.jpg?fit=1200%2C801&ssl=1&resize=700%2C400 2x, https:\/\/i0.wp.com\/ismaelcolosi.com.br\/wp-content\/uploads\/2023\/11\/concurso-publico-16.jpg?fit=1200%2C801&ssl=1&resize=1050%2C600 3x"},"classes":[]}],"jetpack_sharing_enabled":true,"jetpack_shortlink":"https:\/\/wp.me\/pfMlyK-gwM","_links":{"self":[{"href":"https:\/\/ismaelcolosi.com.br\/index.php\/wp-json\/wp\/v2\/posts\/63536","targetHints":{"allow":["GET"]}}],"collection":[{"href":"https:\/\/ismaelcolosi.com.br\/index.php\/wp-json\/wp\/v2\/posts"}],"about":[{"href":"https:\/\/ismaelcolosi.com.br\/index.php\/wp-json\/wp\/v2\/types\/post"}],"author":[{"embeddable":true,"href":"https:\/\/ismaelcolosi.com.br\/index.php\/wp-json\/wp\/v2\/users\/1"}],"replies":[{"embeddable":true,"href":"https:\/\/ismaelcolosi.com.br\/index.php\/wp-json\/wp\/v2\/comments?post=63536"}],"version-history":[{"count":0,"href":"https:\/\/ismaelcolosi.com.br\/index.php\/wp-json\/wp\/v2\/posts\/63536\/revisions"}],"wp:featuredmedia":[{"embeddable":true,"href":"https:\/\/ismaelcolosi.com.br\/index.php\/wp-json\/wp\/v2\/media\/63537"}],"wp:attachment":[{"href":"https:\/\/ismaelcolosi.com.br\/index.php\/wp-json\/wp\/v2\/media?parent=63536"}],"wp:term":[{"taxonomy":"category","embeddable":true,"href":"https:\/\/ismaelcolosi.com.br\/index.php\/wp-json\/wp\/v2\/categories?post=63536"},{"taxonomy":"post_tag","embeddable":true,"href":"https:\/\/ismaelcolosi.com.br\/index.php\/wp-json\/wp\/v2\/tags?post=63536"}],"curies":[{"name":"wp","href":"https:\/\/api.w.org\/{rel}","templated":true}]}}