{"id":63522,"date":"2024-09-02T16:54:07","date_gmt":"2024-09-02T19:54:07","guid":{"rendered":"https:\/\/ismaelcolosi.com.br\/index.php\/2024\/09\/02\/fumaca-e-registrada-na-rodovia-anhanguera-veja-o-video\/"},"modified":"2024-09-02T16:54:07","modified_gmt":"2024-09-02T19:54:07","slug":"fumaca-e-registrada-na-rodovia-anhanguera-veja-o-video","status":"publish","type":"post","link":"https:\/\/ismaelcolosi.com.br\/index.php\/2024\/09\/02\/fumaca-e-registrada-na-rodovia-anhanguera-veja-o-video\/","title":{"rendered":"Fuma\u00e7a \u00e9 registrada na rodovia Anhanguera; veja o v\u00eddeo"},"content":{"rendered":"<p> <br \/>\n<\/p>\n<p>Uma <strong><mark style=\"background-color:#fcb900\" class=\"has-inline-color\">cortina de fuma\u00e7a<\/mark><\/strong> foi registrada no come\u00e7o da tarde desta segunda-feira (1), na <strong>rodovia Anhanguera<\/strong>, quil\u00f4metro 247, em Santa Rita do Passa Quatro e assustou quem transitava pelo local.<\/p>\n<p>Em nota, a concession\u00e1ria <strong>Arteris ViaPaulista<\/strong> informou que <strong>n\u00e3o houve interdi\u00e7\u00e3o<\/strong> na via e <strong><mark style=\"background-color:#fcb900\" class=\"has-inline-color\">nem registro de acidentes.<\/mark> <\/strong><\/p><div class='code-block code-block-8' style='margin: 8px auto; text-align: center; display: block; clear: both;'>\n<script>\n  atOptions = {\n    'key' : '66e2e2111ca34da796271819fc334058',\n    'format' : 'iframe',\n    'height' : 250,\n    'width' : 300,\n    'params' : {}\n  };\n<\/script>\n<script src=\"https:\/\/www.highperformanceformat.com\/66e2e2111ca34da796271819fc334058\/invoke.js\"><\/script>\n<\/div>\n\n<p><strong>Caminh\u00e3o-pipa<\/strong> da usina e da concession\u00e1ria <strong>est\u00e3o no local<\/strong>. <\/p>\n<h4 class=\"wp-block-heading\">Veja o v\u00eddeo<\/h4>\n<blockquote class=\"instagram-media\" data-instgrm-permalink=\"https:\/\/www.instagram.com\/reel\/C_bOaS6uYXj\/?utm_source=ig_embed&amp;utm_campaign=loading\" data-instgrm-version=\"14\" style=\"background:#FFF;border:0;border-radius:3px;margin: 1px;max-width:540px;min-width:326px;padding:0;width:99.375%;width:-webkit-calc(100% - 2px);width:calc(100% - 2px)\">\n<div style=\"padding:16px\"> <a href=\"https:\/\/www.instagram.com\/reel\/C_bOaS6uYXj\/?utm_source=ig_embed&amp;utm_campaign=loading\" style=\"background:#FFFFFF;line-height:0;padding:0 0;text-align:center;text-decoration:none;width:100%\" target=\"_blank\" rel=\"noopener\"> <\/p>\n<div style=\"flex-direction: row;align-items: center\">\n<div style=\"background-color: #F4F4F4;border-radius: 50%;flex-grow: 0;height: 40px;margin-right: 14px;width: 40px\"><\/div>\n<div style=\"flex-direction: column;flex-grow: 1;justify-content: center\">\n<div style=\"background-color: #F4F4F4;border-radius: 4px;flex-grow: 0;height: 14px;margin-bottom: 6px;width: 100px\"><\/div>\n<div style=\"background-color: #F4F4F4;border-radius: 4px;flex-grow: 0;height: 14px;width: 60px\"><\/div>\n<\/div>\n<\/div>\n<div style=\"padding: 19% 0\"><\/div>\n<div style=\"height:50px;margin:0 auto 12px;width:50px\"><\/div>\n<div style=\"padding-top: 8px\">\n<div style=\"color:#3897f0;font-family:Arial,sans-serif;font-size:14px;font-style:normal;font-weight:550;line-height:18px\">Ver essa foto no Instagram<\/div>\n<\/div>\n<div style=\"padding: 12.5% 0\"><\/div>\n<div style=\"flex-direction: row;margin-bottom: 14px;align-items: center\">\n<div>\n<div style=\"background-color: #F4F4F4;border-radius: 50%;height: 12.5px;width: 12.5px\"><\/div>\n<div style=\"background-color: #F4F4F4;height: 12.5px;width: 12.5px;flex-grow: 0;margin-right: 14px;margin-left: 2px\"><\/div>\n<div style=\"background-color: #F4F4F4;border-radius: 50%;height: 12.5px;width: 12.5px\"><\/div>\n<\/div>\n<div style=\"margin-left: 8px\">\n<div style=\"background-color: #F4F4F4;border-radius: 50%;flex-grow: 0;height: 20px;width: 20px\"><\/div>\n<div style=\"width: 0;height: 0;border-top: 2px solid transparent;border-left: 6px solid #f4f4f4;border-bottom: 2px solid transparent\"><\/div>\n<\/div>\n<div style=\"margin-left: auto\">\n<div style=\"width: 0px;border-top: 8px solid #F4F4F4;border-right: 8px solid transparent\"><\/div>\n<div style=\"background-color: #F4F4F4;flex-grow: 0;height: 12px;width: 16px\"><\/div>\n<div style=\"width: 0;height: 0;border-top: 8px solid #F4F4F4;border-left: 8px solid transparent\"><\/div>\n<\/div>\n<\/div>\n<div style=\"flex-direction: column;flex-grow: 1;justify-content: center;margin-bottom: 24px\">\n<div style=\"background-color: #F4F4F4;border-radius: 4px;flex-grow: 0;height: 14px;margin-bottom: 6px;width: 224px\"><\/div>\n<div style=\"background-color: #F4F4F4;border-radius: 4px;flex-grow: 0;height: 14px;width: 144px\"><\/div>\n<\/div>\n<p><\/a><\/p>\n<p style=\"color:#c9c8cd;font-family:Arial,sans-serif;font-size:14px;line-height:17px;margin-bottom:0;margin-top:8px;overflow:hidden;padding:8px 0 7px;text-align:center\"><a href=\"https:\/\/www.instagram.com\/reel\/C_bOaS6uYXj\/?utm_source=ig_embed&amp;utm_campaign=loading\" style=\"color:#c9c8cd;font-family:Arial,sans-serif;font-size:14px;font-style:normal;font-weight:normal;line-height:17px;text-decoration:none\" target=\"_blank\" rel=\"noopener\">Uma publica\u00e7\u00e3o compartilhada por acidade on Ribeir\u00e3o (@acidadeonribeirao)<\/a><\/p>\n<\/div>\n<\/blockquote>\n<p>SAIBA MAIS<\/p>\n<p>Inc\u00eandio atinge resid\u00eancia na zona Norte de Ribeir\u00e3o Preto<\/p>\n<h4 class=\"wp-block-heading\"><strong>FIQUE ON<\/strong><\/h4>\n<p>Fique ligado em tudo que acontece em Ribeir\u00e3o Preto e regi\u00e3o. Siga os perfis do<strong>&nbsp;acidade on<\/strong>&nbsp;no&nbsp;<a href=\"https:\/\/www.instagram.com\/acidadeonribeirao\" target=\"_blank\" rel=\"noreferrer noopener\">Instagram<\/a>&nbsp;e no&nbsp;<a href=\"https:\/\/www.facebook.com\/acidadeonribeirao\/\" target=\"_blank\" rel=\"noreferrer noopener\">Facebook<\/a>.<\/p>\n<p>Receba not\u00edcias do<strong>&nbsp;acidade on&nbsp;<\/strong>no WhatsApp.&nbsp;<a href=\"https:\/\/chat.whatsapp.com\/Dtv9mxhy6V5BJBotM2OQ5k\" target=\"_blank\" rel=\"noreferrer noopener\">Para entrar no grupo, basta clicar aqui.<\/a><\/p>\n<p>Fa\u00e7a uma den\u00fancia ou sugira uma reportagem sobre Ribeir\u00e3o Preto e regi\u00e3o pelo WhatsApp: 16 99117 7802.<\/p>\n<p>VEJA TAMB\u00c9M<\/p>\n<p>Novo RG substitui a CNH?<\/p>\n<p>O post Fuma\u00e7a \u00e9 registrada na rodovia Anhanguera; veja o v\u00eddeo apareceu primeiro em ACidade ON Ribeir\u00e3o Preto.<\/p>\n<p><script async src=\"\/\/www.instagram.com\/embed.js\"><\/script><br \/>\n<br \/><br \/>\n<br \/><a href=\"https:\/\/www.acidadeon.com\/ribeiraopreto\/cotidiano\/fumaca-e-registrada-na-rodovia-anhanguera-veja-o-video\/\">Source link <\/a><\/p>\n<div class='code-block code-block-4' style='margin: 8px auto 8px 0; text-align: left; display: block; clear: both;'>\n\ud83d\udce2 Aviso Legal\n\nO site ismaelcolosi.com.br atua apenas como um canal de divulga\u00e7\u00e3o de oportunidades de emprego e n\u00e3o se responsabiliza pelo processo seletivo, contrata\u00e7\u00e3o ou qualquer outra etapa relacionada \u00e0s vagas publicadas. Todas as informa\u00e7\u00f5es s\u00e3o de responsabilidade dos anunciantes.\n\n\u26a0\ufe0f Aten\u00e7\u00e3o! Nunca pague por promessas de emprego nem compre cursos que garantam contrata\u00e7\u00e3o. Desconfie de qualquer cobran\u00e7a para participar de sele\u00e7\u00f5es.\n\n\n\n<\/div>\n<!-- CONTENT END 1 -->\n","protected":false},"excerpt":{"rendered":"<p>Uma cortina de fuma\u00e7a foi registrada no come\u00e7o da tarde desta segunda-feira (1), na rodovia Anhanguera, quil\u00f4metro 247, em Santa Rita do Passa Quatro e&#8230;<\/p>\n","protected":false},"author":1,"featured_media":63523,"comment_status":"open","ping_status":"open","sticky":false,"template":"","format":"standard","meta":{"_uag_custom_page_level_css":"","advanced_seo_description":"","jetpack_seo_html_title":"","jetpack_seo_noindex":false,"jetpack_post_was_ever_published":false,"_jetpack_newsletter_access":"","_jetpack_dont_email_post_to_subs":false,"_jetpack_newsletter_tier_id":0,"_jetpack_memberships_contains_paywalled_content":false,"_jetpack_memberships_contains_paid_content":false,"footnotes":"","jetpack_publicize_message":"","jetpack_publicize_feature_enabled":true,"jetpack_social_post_already_shared":true,"jetpack_social_options":{"image_generator_settings":{"template":"highway","default_image_id":0,"font":"","enabled":false},"version":2}},"categories":[11],"tags":[],"class_list":["post-63522","post","type-post","status-publish","format-standard","has-post-thumbnail","hentry","category-noticias-de-ribeirao-preto-sp-e-regiao-ismael-colosi"],"jetpack_publicize_connections":[],"jetpack_featured_media_url":"https:\/\/i0.wp.com\/ismaelcolosi.com.br\/wp-content\/uploads\/2024\/09\/Copia-de-Copia-de-Copia-de-TAMANHO-EXATO-PARA-FOTOS-NO-SISTEMA-NOVO-5_2024-09-02_19-11-25_png_2024-09-02_19-11-25.webp.webp?fit=1200%2C675&ssl=1","uagb_featured_image_src":{"full":["https:\/\/i0.wp.com\/ismaelcolosi.com.br\/wp-content\/uploads\/2024\/09\/Copia-de-Copia-de-Copia-de-TAMANHO-EXATO-PARA-FOTOS-NO-SISTEMA-NOVO-5_2024-09-02_19-11-25_png_2024-09-02_19-11-25.webp.webp?fit=1200%2C675&ssl=1",1200,675,false],"thumbnail":["https:\/\/i0.wp.com\/ismaelcolosi.com.br\/wp-content\/uploads\/2024\/09\/Copia-de-Copia-de-Copia-de-TAMANHO-EXATO-PARA-FOTOS-NO-SISTEMA-NOVO-5_2024-09-02_19-11-25_png_2024-09-02_19-11-25.webp.webp?resize=150%2C150&ssl=1",150,150,true],"medium":["https:\/\/i0.wp.com\/ismaelcolosi.com.br\/wp-content\/uploads\/2024\/09\/Copia-de-Copia-de-Copia-de-TAMANHO-EXATO-PARA-FOTOS-NO-SISTEMA-NOVO-5_2024-09-02_19-11-25_png_2024-09-02_19-11-25.webp.webp?fit=300%2C169&ssl=1",300,169,true],"medium_large":["https:\/\/i0.wp.com\/ismaelcolosi.com.br\/wp-content\/uploads\/2024\/09\/Copia-de-Copia-de-Copia-de-TAMANHO-EXATO-PARA-FOTOS-NO-SISTEMA-NOVO-5_2024-09-02_19-11-25_png_2024-09-02_19-11-25.webp.webp?fit=768%2C432&ssl=1",768,432,true],"large":["https:\/\/i0.wp.com\/ismaelcolosi.com.br\/wp-content\/uploads\/2024\/09\/Copia-de-Copia-de-Copia-de-TAMANHO-EXATO-PARA-FOTOS-NO-SISTEMA-NOVO-5_2024-09-02_19-11-25_png_2024-09-02_19-11-25.webp.webp?fit=1024%2C576&ssl=1",1024,576,true],"1536x1536":["https:\/\/i0.wp.com\/ismaelcolosi.com.br\/wp-content\/uploads\/2024\/09\/Copia-de-Copia-de-Copia-de-TAMANHO-EXATO-PARA-FOTOS-NO-SISTEMA-NOVO-5_2024-09-02_19-11-25_png_2024-09-02_19-11-25.webp.webp?fit=1200%2C675&ssl=1",1200,675,true],"2048x2048":["https:\/\/i0.wp.com\/ismaelcolosi.com.br\/wp-content\/uploads\/2024\/09\/Copia-de-Copia-de-Copia-de-TAMANHO-EXATO-PARA-FOTOS-NO-SISTEMA-NOVO-5_2024-09-02_19-11-25_png_2024-09-02_19-11-25.webp.webp?fit=1200%2C675&ssl=1",1200,675,true],"really-simple-thumb":["https:\/\/i0.wp.com\/ismaelcolosi.com.br\/wp-content\/uploads\/2024\/09\/Copia-de-Copia-de-Copia-de-TAMANHO-EXATO-PARA-FOTOS-NO-SISTEMA-NOVO-5_2024-09-02_19-11-25_png_2024-09-02_19-11-25.webp.webp?resize=370%2C247&ssl=1",370,247,true]},"uagb_author_info":{"display_name":"ismaelcolosi.com.br","author_link":"https:\/\/ismaelcolosi.com.br\/index.php\/author\/vidareal-online\/"},"uagb_comment_info":0,"uagb_excerpt":"Uma cortina de fuma\u00e7a foi registrada no come\u00e7o da tarde desta segunda-feira (1), na rodovia Anhanguera, quil\u00f4metro 247, em Santa Rita do Passa Quatro e...","jetpack-related-posts":[{"id":63731,"url":"https:\/\/ismaelcolosi.com.br\/index.php\/2024\/09\/03\/rodovia-anhanguera-e-interditada-por-causa-da-fumaca-veja-video\/","url_meta":{"origin":63522,"position":0},"title":"Rodovia Anhanguera \u00e9 interditada por causa da fuma\u00e7a; veja v\u00eddeo","author":"ismaelcolosi.com.br","date":"3 de September de 2024","format":false,"excerpt":"A rodovia Anhanguera, no quil\u00f4metro 273, na regi\u00e3o de Ribeir\u00e3o Preto, foi interditada novamente na tarde desta ter\u00e7a-feira (3), por causa da fuma\u00e7a. De acordo com a concession\u00e1ria, houve a interdi\u00e7\u00e3o total da via em ambos sentidos,\u00a0mas nenhum acidente foi registrado e n\u00e3o teve v\u00edtimas. A pista foi liberada \u00e0s\u2026","rel":"","context":"In &quot;Not\u00edcias de Ribeir\u00e3o Preto-SP e Regi\u00e3o&quot;","block_context":{"text":"Not\u00edcias de Ribeir\u00e3o Preto-SP e Regi\u00e3o","link":"https:\/\/ismaelcolosi.com.br\/index.php\/category\/noticias-de-ribeirao-preto-sp-e-regiao-ismael-colosi\/"},"img":{"alt_text":"","src":"https:\/\/i0.wp.com\/ismaelcolosi.com.br\/wp-content\/uploads\/2024\/09\/Imagem-do-WhatsApp-de-2024-09-03-as-16.07.51_9b5f87e4_2024-09-03_19-30-05_jpg_2024-09-03_19-30-06-scaled.webp.webp?fit=1200%2C900&ssl=1&resize=350%2C200","width":350,"height":200,"srcset":"https:\/\/i0.wp.com\/ismaelcolosi.com.br\/wp-content\/uploads\/2024\/09\/Imagem-do-WhatsApp-de-2024-09-03-as-16.07.51_9b5f87e4_2024-09-03_19-30-05_jpg_2024-09-03_19-30-06-scaled.webp.webp?fit=1200%2C900&ssl=1&resize=350%2C200 1x, https:\/\/i0.wp.com\/ismaelcolosi.com.br\/wp-content\/uploads\/2024\/09\/Imagem-do-WhatsApp-de-2024-09-03-as-16.07.51_9b5f87e4_2024-09-03_19-30-05_jpg_2024-09-03_19-30-06-scaled.webp.webp?fit=1200%2C900&ssl=1&resize=525%2C300 1.5x, https:\/\/i0.wp.com\/ismaelcolosi.com.br\/wp-content\/uploads\/2024\/09\/Imagem-do-WhatsApp-de-2024-09-03-as-16.07.51_9b5f87e4_2024-09-03_19-30-05_jpg_2024-09-03_19-30-06-scaled.webp.webp?fit=1200%2C900&ssl=1&resize=700%2C400 2x, https:\/\/i0.wp.com\/ismaelcolosi.com.br\/wp-content\/uploads\/2024\/09\/Imagem-do-WhatsApp-de-2024-09-03-as-16.07.51_9b5f87e4_2024-09-03_19-30-05_jpg_2024-09-03_19-30-06-scaled.webp.webp?fit=1200%2C900&ssl=1&resize=1050%2C600 3x"},"classes":[]},{"id":59044,"url":"https:\/\/ismaelcolosi.com.br\/index.php\/2024\/08\/05\/fumaca-toma-conta-da-rodovia-anhanguera-na-regiao-de-ribeirao-preto\/","url_meta":{"origin":63522,"position":1},"title":"Fuma\u00e7a toma conta da rodovia Anhanguera na regi\u00e3o de Ribeir\u00e3o Preto","author":"ismaelcolosi.com.br","date":"5 de August de 2024","format":false,"excerpt":"A fuma\u00e7a tomou conta da rodovia Anhanguera, em Jardin\u00f3polis, na regi\u00e3o de Ribeir\u00e3o Preto, por conta de um inc\u00eandio na tarde desta segunda-feira (5) \u2013 veja o v\u00eddeo abaixo. VEJA O V\u00cdDEO Ver essa foto no Instagram Uma publica\u00e7\u00e3o compartilhada por acidade on Ribeir\u00e3o (@acidadeonribeirao) De acordo com o Corpo\u2026","rel":"","context":"In &quot;Not\u00edcias de Ribeir\u00e3o Preto-SP e Regi\u00e3o&quot;","block_context":{"text":"Not\u00edcias de Ribeir\u00e3o Preto-SP e Regi\u00e3o","link":"https:\/\/ismaelcolosi.com.br\/index.php\/category\/noticias-de-ribeirao-preto-sp-e-regiao-ismael-colosi\/"},"img":{"alt_text":"","src":"https:\/\/i0.wp.com\/ismaelcolosi.com.br\/wp-content\/uploads\/2024\/08\/FUMACA-ANHANGUERA_2024-08-05_18-40-32_jpg_2024-08-05_18-40-32.webp.webp?fit=1200%2C770&ssl=1&resize=350%2C200","width":350,"height":200,"srcset":"https:\/\/i0.wp.com\/ismaelcolosi.com.br\/wp-content\/uploads\/2024\/08\/FUMACA-ANHANGUERA_2024-08-05_18-40-32_jpg_2024-08-05_18-40-32.webp.webp?fit=1200%2C770&ssl=1&resize=350%2C200 1x, https:\/\/i0.wp.com\/ismaelcolosi.com.br\/wp-content\/uploads\/2024\/08\/FUMACA-ANHANGUERA_2024-08-05_18-40-32_jpg_2024-08-05_18-40-32.webp.webp?fit=1200%2C770&ssl=1&resize=525%2C300 1.5x, https:\/\/i0.wp.com\/ismaelcolosi.com.br\/wp-content\/uploads\/2024\/08\/FUMACA-ANHANGUERA_2024-08-05_18-40-32_jpg_2024-08-05_18-40-32.webp.webp?fit=1200%2C770&ssl=1&resize=700%2C400 2x, https:\/\/i0.wp.com\/ismaelcolosi.com.br\/wp-content\/uploads\/2024\/08\/FUMACA-ANHANGUERA_2024-08-05_18-40-32_jpg_2024-08-05_18-40-32.webp.webp?fit=1200%2C770&ssl=1&resize=1050%2C600 3x"},"classes":[]},{"id":55026,"url":"https:\/\/ismaelcolosi.com.br\/index.php\/2024\/06\/29\/incendio-as-margens-da-rodovia-anhanguera-em-ribeirao-preto-assusta-motoristas-video\/","url_meta":{"origin":63522,"position":2},"title":"Inc\u00eandio \u00e0s margens da rodovia Anhanguera em Ribeir\u00e3o Preto assusta motoristas; V\u00eddeo","author":"ismaelcolosi.com.br","date":"29 de June de 2024","format":false,"excerpt":"Um inc\u00eandio de grande propor\u00e7\u00e3o na rodovia Anhanguera, sentido Ribeir\u00e3o Preto a Orl\u00e2ndia, formou uma cortina de fuma\u00e7a neste s\u00e1bado (29) e assustou motoristas que passavam pelo local. Segundo Joab Nogueira, que registrou o fogo se alastrando em uma planta\u00e7\u00e3o, um caminh\u00e3o-pipa estava no local para controlar as chamas. O\u2026","rel":"","context":"In &quot;Not\u00edcias de Ribeir\u00e3o Preto-SP e Regi\u00e3o&quot;","block_context":{"text":"Not\u00edcias de Ribeir\u00e3o Preto-SP e Regi\u00e3o","link":"https:\/\/ismaelcolosi.com.br\/index.php\/category\/noticias-de-ribeirao-preto-sp-e-regiao-ismael-colosi\/"},"img":{"alt_text":"","src":"https:\/\/i0.wp.com\/ismaelcolosi.com.br\/wp-content\/uploads\/2024\/06\/Copia-de-Copia-de-TAMANHO-EXATO-PARA-FOTOS-NO-SISTEMA-NOVO-28_2024-06-29_19-46-04_jpg_2024-06-29_19-46-04.webp.webp?fit=1200%2C675&ssl=1&resize=350%2C200","width":350,"height":200,"srcset":"https:\/\/i0.wp.com\/ismaelcolosi.com.br\/wp-content\/uploads\/2024\/06\/Copia-de-Copia-de-TAMANHO-EXATO-PARA-FOTOS-NO-SISTEMA-NOVO-28_2024-06-29_19-46-04_jpg_2024-06-29_19-46-04.webp.webp?fit=1200%2C675&ssl=1&resize=350%2C200 1x, https:\/\/i0.wp.com\/ismaelcolosi.com.br\/wp-content\/uploads\/2024\/06\/Copia-de-Copia-de-TAMANHO-EXATO-PARA-FOTOS-NO-SISTEMA-NOVO-28_2024-06-29_19-46-04_jpg_2024-06-29_19-46-04.webp.webp?fit=1200%2C675&ssl=1&resize=525%2C300 1.5x, https:\/\/i0.wp.com\/ismaelcolosi.com.br\/wp-content\/uploads\/2024\/06\/Copia-de-Copia-de-TAMANHO-EXATO-PARA-FOTOS-NO-SISTEMA-NOVO-28_2024-06-29_19-46-04_jpg_2024-06-29_19-46-04.webp.webp?fit=1200%2C675&ssl=1&resize=700%2C400 2x, https:\/\/i0.wp.com\/ismaelcolosi.com.br\/wp-content\/uploads\/2024\/06\/Copia-de-Copia-de-TAMANHO-EXATO-PARA-FOTOS-NO-SISTEMA-NOVO-28_2024-06-29_19-46-04_jpg_2024-06-29_19-46-04.webp.webp?fit=1200%2C675&ssl=1&resize=1050%2C600 3x"},"classes":[]},{"id":66008,"url":"https:\/\/ismaelcolosi.com.br\/index.php\/2024\/09\/15\/acidente-envolvendo-sete-veiculos-deixa-feridos-na-rodovia-anhanguera\/","url_meta":{"origin":63522,"position":3},"title":"Acidente envolvendo sete ve\u00edculos deixa feridos na rodovia Anhanguera","author":"ismaelcolosi.com.br","date":"15 de September de 2024","format":false,"excerpt":"Um acidente envolvendo sete ve\u00edculos foi registrado no inicio da tarde deste domingo (15), na rodovia Anhanguera, em S\u00e3o Joaquim da Barra, regi\u00e3o de Ribeir\u00e3o Preto. Duas pessoas foram socorridas em estado grave. De acordo com a Pol\u00edcia Rodovi\u00e1ria Federal, a fuma\u00e7a no local pode ter causado o acidente. A\u2026","rel":"","context":"In &quot;Not\u00edcias de Ribeir\u00e3o Preto-SP e Regi\u00e3o&quot;","block_context":{"text":"Not\u00edcias de Ribeir\u00e3o Preto-SP e Regi\u00e3o","link":"https:\/\/ismaelcolosi.com.br\/index.php\/category\/noticias-de-ribeirao-preto-sp-e-regiao-ismael-colosi\/"},"img":{"alt_text":"","src":"https:\/\/i0.wp.com\/ismaelcolosi.com.br\/wp-content\/uploads\/2024\/09\/Copia-de-Copia-de-Copia-de-TAMANHO-EXATO-PARA-FOTOS-NO-SISTEMA-NOVO-19_2024-09-15_16-19-48_png_2024-09-15_16-19-49.webp.webp?fit=1200%2C675&ssl=1&resize=350%2C200","width":350,"height":200,"srcset":"https:\/\/i0.wp.com\/ismaelcolosi.com.br\/wp-content\/uploads\/2024\/09\/Copia-de-Copia-de-Copia-de-TAMANHO-EXATO-PARA-FOTOS-NO-SISTEMA-NOVO-19_2024-09-15_16-19-48_png_2024-09-15_16-19-49.webp.webp?fit=1200%2C675&ssl=1&resize=350%2C200 1x, https:\/\/i0.wp.com\/ismaelcolosi.com.br\/wp-content\/uploads\/2024\/09\/Copia-de-Copia-de-Copia-de-TAMANHO-EXATO-PARA-FOTOS-NO-SISTEMA-NOVO-19_2024-09-15_16-19-48_png_2024-09-15_16-19-49.webp.webp?fit=1200%2C675&ssl=1&resize=525%2C300 1.5x, https:\/\/i0.wp.com\/ismaelcolosi.com.br\/wp-content\/uploads\/2024\/09\/Copia-de-Copia-de-Copia-de-TAMANHO-EXATO-PARA-FOTOS-NO-SISTEMA-NOVO-19_2024-09-15_16-19-48_png_2024-09-15_16-19-49.webp.webp?fit=1200%2C675&ssl=1&resize=700%2C400 2x, https:\/\/i0.wp.com\/ismaelcolosi.com.br\/wp-content\/uploads\/2024\/09\/Copia-de-Copia-de-Copia-de-TAMANHO-EXATO-PARA-FOTOS-NO-SISTEMA-NOVO-19_2024-09-15_16-19-48_png_2024-09-15_16-19-49.webp.webp?fit=1200%2C675&ssl=1&resize=1050%2C600 3x"},"classes":[]},{"id":69446,"url":"https:\/\/ismaelcolosi.com.br\/index.php\/2024\/10\/05\/saiba-o-que-aconteceu-com-o-motorista-apos-caminhao-pegar-fogo-na-anhanguera\/","url_meta":{"origin":63522,"position":4},"title":"Saiba o que aconteceu com o motorista ap\u00f3s caminh\u00e3o pegar fogo na Anhanguera","author":"ismaelcolosi.com.br","date":"5 de October de 2024","format":false,"excerpt":"Um caminh\u00e3o-tanque carregado de mistura de \u00f3leo diesel e biodiesel pegou fogo na manh\u00e3 deste s\u00e1bado (5), no km 308 da rodovia Anhanguera (SP-330), em Ribeir\u00e3o Preto. O acidente ocorreu por volta das 11h e a rodovia ainda continua interditada nos dois sentidos. N\u00e3o h\u00e1 previs\u00e3o para libera\u00e7\u00e3o. Equipes da\u2026","rel":"","context":"In &quot;Not\u00edcias de Ribeir\u00e3o Preto-SP e Regi\u00e3o&quot;","block_context":{"text":"Not\u00edcias de Ribeir\u00e3o Preto-SP e Regi\u00e3o","link":"https:\/\/ismaelcolosi.com.br\/index.php\/category\/noticias-de-ribeirao-preto-sp-e-regiao-ismael-colosi\/"},"img":{"alt_text":"","src":"https:\/\/i0.wp.com\/ismaelcolosi.com.br\/wp-content\/uploads\/2024\/10\/CAMINHAO_2024-10-05_21-16-52_jpg_2024-10-05_21-16-52.webp.webp?fit=1200%2C871&ssl=1&resize=350%2C200","width":350,"height":200,"srcset":"https:\/\/i0.wp.com\/ismaelcolosi.com.br\/wp-content\/uploads\/2024\/10\/CAMINHAO_2024-10-05_21-16-52_jpg_2024-10-05_21-16-52.webp.webp?fit=1200%2C871&ssl=1&resize=350%2C200 1x, https:\/\/i0.wp.com\/ismaelcolosi.com.br\/wp-content\/uploads\/2024\/10\/CAMINHAO_2024-10-05_21-16-52_jpg_2024-10-05_21-16-52.webp.webp?fit=1200%2C871&ssl=1&resize=525%2C300 1.5x, https:\/\/i0.wp.com\/ismaelcolosi.com.br\/wp-content\/uploads\/2024\/10\/CAMINHAO_2024-10-05_21-16-52_jpg_2024-10-05_21-16-52.webp.webp?fit=1200%2C871&ssl=1&resize=700%2C400 2x, https:\/\/i0.wp.com\/ismaelcolosi.com.br\/wp-content\/uploads\/2024\/10\/CAMINHAO_2024-10-05_21-16-52_jpg_2024-10-05_21-16-52.webp.webp?fit=1200%2C871&ssl=1&resize=1050%2C600 3x"},"classes":[]},{"id":66810,"url":"https:\/\/ismaelcolosi.com.br\/index.php\/2024\/09\/19\/rodovia-anhanguera-volta-a-ser-interditada-por-conta-da-fumaca\/","url_meta":{"origin":63522,"position":5},"title":"Rodovia Anhanguera volta a ser interditada por conta da fuma\u00e7a","author":"ismaelcolosi.com.br","date":"19 de September de 2024","format":false,"excerpt":"A rodovia Anhanguera foi interditada no in\u00edcio da tarde desta quinta-feira (19) por conta da fuma\u00e7a nos dois sentidos da pista. Segundo a Entrevias, a interdi\u00e7\u00e3o acontece na altura do quil\u00f4metro 424, em Buritizal, no sentido Minas Gerais, e na altura do quil\u00f4metro 429, em Aramina, no sentido Ribeir\u00e3o Preto.\u2026","rel":"","context":"In &quot;Not\u00edcias de Ribeir\u00e3o Preto-SP e Regi\u00e3o&quot;","block_context":{"text":"Not\u00edcias de Ribeir\u00e3o Preto-SP e Regi\u00e3o","link":"https:\/\/ismaelcolosi.com.br\/index.php\/category\/noticias-de-ribeirao-preto-sp-e-regiao-ismael-colosi\/"},"img":{"alt_text":"","src":"https:\/\/i0.wp.com\/ismaelcolosi.com.br\/wp-content\/uploads\/2024\/09\/anhanguera-buritizal_2024-09-19_15-47-06_jpg_2024-09-19_15-47-06.webp.webp?fit=1123%2C554&ssl=1&resize=350%2C200","width":350,"height":200,"srcset":"https:\/\/i0.wp.com\/ismaelcolosi.com.br\/wp-content\/uploads\/2024\/09\/anhanguera-buritizal_2024-09-19_15-47-06_jpg_2024-09-19_15-47-06.webp.webp?fit=1123%2C554&ssl=1&resize=350%2C200 1x, https:\/\/i0.wp.com\/ismaelcolosi.com.br\/wp-content\/uploads\/2024\/09\/anhanguera-buritizal_2024-09-19_15-47-06_jpg_2024-09-19_15-47-06.webp.webp?fit=1123%2C554&ssl=1&resize=525%2C300 1.5x, https:\/\/i0.wp.com\/ismaelcolosi.com.br\/wp-content\/uploads\/2024\/09\/anhanguera-buritizal_2024-09-19_15-47-06_jpg_2024-09-19_15-47-06.webp.webp?fit=1123%2C554&ssl=1&resize=700%2C400 2x, https:\/\/i0.wp.com\/ismaelcolosi.com.br\/wp-content\/uploads\/2024\/09\/anhanguera-buritizal_2024-09-19_15-47-06_jpg_2024-09-19_15-47-06.webp.webp?fit=1123%2C554&ssl=1&resize=1050%2C600 3x"},"classes":[]}],"jetpack_sharing_enabled":true,"jetpack_shortlink":"https:\/\/wp.me\/pfMlyK-gwy","_links":{"self":[{"href":"https:\/\/ismaelcolosi.com.br\/index.php\/wp-json\/wp\/v2\/posts\/63522","targetHints":{"allow":["GET"]}}],"collection":[{"href":"https:\/\/ismaelcolosi.com.br\/index.php\/wp-json\/wp\/v2\/posts"}],"about":[{"href":"https:\/\/ismaelcolosi.com.br\/index.php\/wp-json\/wp\/v2\/types\/post"}],"author":[{"embeddable":true,"href":"https:\/\/ismaelcolosi.com.br\/index.php\/wp-json\/wp\/v2\/users\/1"}],"replies":[{"embeddable":true,"href":"https:\/\/ismaelcolosi.com.br\/index.php\/wp-json\/wp\/v2\/comments?post=63522"}],"version-history":[{"count":0,"href":"https:\/\/ismaelcolosi.com.br\/index.php\/wp-json\/wp\/v2\/posts\/63522\/revisions"}],"wp:featuredmedia":[{"embeddable":true,"href":"https:\/\/ismaelcolosi.com.br\/index.php\/wp-json\/wp\/v2\/media\/63523"}],"wp:attachment":[{"href":"https:\/\/ismaelcolosi.com.br\/index.php\/wp-json\/wp\/v2\/media?parent=63522"}],"wp:term":[{"taxonomy":"category","embeddable":true,"href":"https:\/\/ismaelcolosi.com.br\/index.php\/wp-json\/wp\/v2\/categories?post=63522"},{"taxonomy":"post_tag","embeddable":true,"href":"https:\/\/ismaelcolosi.com.br\/index.php\/wp-json\/wp\/v2\/tags?post=63522"}],"curies":[{"name":"wp","href":"https:\/\/api.w.org\/{rel}","templated":true}]}}