{"id":63517,"date":"2024-09-02T16:39:01","date_gmt":"2024-09-02T19:39:01","guid":{"rendered":"https:\/\/ismaelcolosi.com.br\/index.php\/2024\/09\/02\/ribeirao-preto-recebe-festa-do-morango-com-entrada-gratuita-e-musica-ao-vivo\/"},"modified":"2024-09-02T16:39:01","modified_gmt":"2024-09-02T19:39:01","slug":"ribeirao-preto-recebe-festa-do-morango-com-entrada-gratuita-e-musica-ao-vivo","status":"publish","type":"post","link":"https:\/\/ismaelcolosi.com.br\/index.php\/2024\/09\/02\/ribeirao-preto-recebe-festa-do-morango-com-entrada-gratuita-e-musica-ao-vivo\/","title":{"rendered":"Ribeir\u00e3o Preto recebe &#8216;Festa do Morango&#8217; com entrada gratuita e m\u00fasica ao vivo"},"content":{"rendered":"<p> <br \/>\n<\/p>\n<div>\n<p><strong>Ribeir\u00e3o Preto<\/strong> recebe a partir desta quinta-feira (5), a <strong>\u201c1\u00aa Festa do Morango\u201d<\/strong>, no estacionamento do Novo Shopping Center, na zona Leste do munic\u00edpio.<\/p>\n<p>Com <strong>entrada gratuita<\/strong>, <mark style=\"background-color:#fcb900\" class=\"has-inline-color\">o evento acontece at\u00e9 o domingo (8)<\/mark> e re\u00fane <strong>v\u00e1rias op\u00e7\u00f5es gastron\u00f4micas<\/strong>, al\u00e9m de diversas <strong>atra\u00e7\u00f5es musicais<\/strong>.<\/p>\n<p>As mulheres interessadas tamb\u00e9m podem participar do concurso <strong>\u201cRainha do Morango\u201d<\/strong>. As inscri\u00e7\u00f5es devem ser realizadas de <strong>forma on-line<\/strong> at\u00e9 o dia do evento \u2013 <a href=\"https:\/\/www.instagram.com\/p\/C_CF07ERB-k\/?utm_source=ig_web_copy_link&amp;igsh=MzRlODBiNWFlZA==\" target=\"_blank\" rel=\"noreferrer noopener\">clique aqui<\/a> e saiba como participar.<\/p>\n<p>Tamb\u00e9m haver\u00e1 um ponto de arrecada\u00e7\u00e3o de alimentos para que os interessados fa\u00e7am doa\u00e7\u00f5es para o <strong>Fundo Social de Solidariedade de Ribeir\u00e3o Preto<\/strong>.<\/p>\n<h3 class=\"wp-block-heading\"><strong>Confira a programa\u00e7\u00e3o musical do evento<\/strong><\/h3>\n<ul>\n<li>Quinta-feira (5) \u2013 \u00e0s 19h | Banda Main Station \u2013 Especial Coldplay e Kings of Leon<\/li>\n<\/ul>\n<ul>\n<li>Sexta-feira (6) \u2013 \u00e0s 20h | Vini \u2013 Especial Guns e ACDC<\/li>\n<\/ul>\n<ul>\n<li>S\u00e1bado (7) \u2013 \u00e0s 20h | Mamonas Diet Music \u2013 Cover Oficial Mamonas Assassinas<\/li>\n<\/ul>\n<ul>\n<li>Domingo (8) \u2013 \u00e0s 19h | Mr. Dam Oficial \u2013 Especial Queen<\/li>\n<\/ul>\n<h3 class=\"wp-block-heading\"><strong>Gastronomia<\/strong><\/h3>\n<p>De acordo com a organiza\u00e7\u00e3o, al\u00e9m das <strong>op\u00e7\u00f5es gastron\u00f4micas mais populares<\/strong>, como por exemplo, <strong>espeto<\/strong>, <strong>sorvete<\/strong>, <strong>bombom<\/strong>, <strong>milkshake<\/strong>, <strong>merengue <\/strong>e <strong>caipirinha de morango<\/strong>, o evento tamb\u00e9m ter\u00e1:<\/p>\n<ul>\n<li>Torresmo de rolo com geleia de morango;<\/li>\n<\/ul>\n<ul>\n<li>Nachos com geleia de morango e mais.<\/li>\n<\/ul>\n<p>A festa tamb\u00e9m vai oferecer <strong>outras op\u00e7\u00f5es gastron\u00f4micas<\/strong> como costela, burger na parrilla, bai\u00e3o de dois, feij\u00e3o tropeiro, espetinho, past\u00e9is, comida mexicana, batata frita, coxinha, arroz carreteiro, doces caseiros etc.<\/p>\n<h4 class=\"wp-block-heading\"><strong>Servi\u00e7o<\/strong><\/h4>\n<p><em>1\u00aa Festa do Morango em Ribeir\u00e3o Preto<\/em><\/p>\n<p>Quando: entre os dias 5 e 8 de setembro<\/p>\n<p>Hor\u00e1rio: na quinta e sexta-feira das 17h \u00e0s 22h; s\u00e1bado e domingo das 12h \u00e0s 22h.<\/p>\n<p>Onde: Estacionamento do Novo Shopping Center \u2013 avenida Pres. Kennedy, 1500 \u2013 Ribeir\u00e2nia<\/p>\n<hr class=\"wp-block-separator has-alpha-channel-opacity\"\/>\n<p>SAIBA MAIS<\/p>\n<p>Ribeir\u00e3o Preto recebe exposi\u00e7\u00e3o gratuita do artista pl\u00e1stico Macal\u00e9; Veja onde<\/p>\n<h4 class=\"wp-block-heading\"><strong>FIQUE ON<\/strong><\/h4>\n<p>Fique ligado em tudo que acontece em Ribeir\u00e3o Preto e regi\u00e3o. Siga os perfis do<strong>\u00a0acidade on<\/strong>\u00a0no\u00a0<a href=\"https:\/\/www.instagram.com\/acidadeonribeirao\" target=\"_blank\" rel=\"noreferrer noopener\">Instagram<\/a>\u00a0e no\u00a0<a href=\"https:\/\/www.facebook.com\/acidadeonribeirao\/\" target=\"_blank\" rel=\"noreferrer noopener\">Facebook<\/a>.<\/p>\n<p>Receba not\u00edcias do<strong>\u00a0acidade on\u00a0<\/strong>no WhatsApp.\u00a0<a href=\"https:\/\/chat.whatsapp.com\/Dtv9mxhy6V5BJBotM2OQ5k\" target=\"_blank\" rel=\"noreferrer noopener\">Para entrar no grupo, basta clicar aqui.<\/a><\/p>\n<p>Fa\u00e7a uma den\u00fancia ou sugira uma reportagem sobre Ribeir\u00e3o Preto e regi\u00e3o pelo WhatsApp: 16 99117 7802.<\/p>\n<p>VEJA TAMB\u00c9M<\/p>\n<p>Novo RG substitui a CNH?<\/p>\n<p><!-- CONTENT END 1 -->\n<\/div>\n<p><script async src=\"\/\/www.instagram.com\/embed.js\"><\/script><br \/>\n<br \/><br \/>\n<br \/><a href=\"https:\/\/www.acidadeon.com\/ribeiraopreto\/lazer-e-cultura\/ribeirao-preto-recebe-festa-do-morango-com-entrada-gratuita-e-musica-ao-vivo\/\">Source link <\/a><\/p>\n","protected":false},"excerpt":{"rendered":"<p>Ribeir\u00e3o Preto recebe a partir desta quinta-feira (5), a \u201c1\u00aa Festa do Morango\u201d, no estacionamento do Novo Shopping Center, na zona Leste do munic\u00edpio. Com&#8230;<\/p>\n","protected":false},"author":1,"featured_media":63518,"comment_status":"open","ping_status":"open","sticky":false,"template":"","format":"standard","meta":{"_uag_custom_page_level_css":"","advanced_seo_description":"","jetpack_seo_html_title":"","jetpack_seo_noindex":false,"jetpack_post_was_ever_published":false,"_jetpack_newsletter_access":"","_jetpack_dont_email_post_to_subs":false,"_jetpack_newsletter_tier_id":0,"_jetpack_memberships_contains_paywalled_content":false,"_jetpack_memberships_contains_paid_content":false,"footnotes":"","jetpack_publicize_message":"","jetpack_publicize_feature_enabled":true,"jetpack_social_post_already_shared":true,"jetpack_social_options":{"image_generator_settings":{"template":"highway","default_image_id":0,"font":"","enabled":false},"version":2}},"categories":[11],"tags":[],"class_list":["post-63517","post","type-post","status-publish","format-standard","has-post-thumbnail","hentry","category-noticias-de-ribeirao-preto-sp-e-regiao-ismael-colosi"],"jetpack_publicize_connections":[],"jetpack_featured_media_url":"https:\/\/i0.wp.com\/ismaelcolosi.com.br\/wp-content\/uploads\/2024\/09\/festa-do-morango-1_2024-09-02_18-53-11_jpeg_2024-09-02_18-53-11.webp.webp?fit=1600%2C900&ssl=1","uagb_featured_image_src":{"full":["https:\/\/i0.wp.com\/ismaelcolosi.com.br\/wp-content\/uploads\/2024\/09\/festa-do-morango-1_2024-09-02_18-53-11_jpeg_2024-09-02_18-53-11.webp.webp?fit=1600%2C900&ssl=1",1600,900,false],"thumbnail":["https:\/\/i0.wp.com\/ismaelcolosi.com.br\/wp-content\/uploads\/2024\/09\/festa-do-morango-1_2024-09-02_18-53-11_jpeg_2024-09-02_18-53-11.webp.webp?resize=150%2C150&ssl=1",150,150,true],"medium":["https:\/\/i0.wp.com\/ismaelcolosi.com.br\/wp-content\/uploads\/2024\/09\/festa-do-morango-1_2024-09-02_18-53-11_jpeg_2024-09-02_18-53-11.webp.webp?fit=300%2C169&ssl=1",300,169,true],"medium_large":["https:\/\/i0.wp.com\/ismaelcolosi.com.br\/wp-content\/uploads\/2024\/09\/festa-do-morango-1_2024-09-02_18-53-11_jpeg_2024-09-02_18-53-11.webp.webp?fit=768%2C432&ssl=1",768,432,true],"large":["https:\/\/i0.wp.com\/ismaelcolosi.com.br\/wp-content\/uploads\/2024\/09\/festa-do-morango-1_2024-09-02_18-53-11_jpeg_2024-09-02_18-53-11.webp.webp?fit=1024%2C576&ssl=1",1024,576,true],"1536x1536":["https:\/\/i0.wp.com\/ismaelcolosi.com.br\/wp-content\/uploads\/2024\/09\/festa-do-morango-1_2024-09-02_18-53-11_jpeg_2024-09-02_18-53-11.webp.webp?fit=1536%2C864&ssl=1",1536,864,true],"2048x2048":["https:\/\/i0.wp.com\/ismaelcolosi.com.br\/wp-content\/uploads\/2024\/09\/festa-do-morango-1_2024-09-02_18-53-11_jpeg_2024-09-02_18-53-11.webp.webp?fit=1600%2C900&ssl=1",1600,900,true],"really-simple-thumb":["https:\/\/i0.wp.com\/ismaelcolosi.com.br\/wp-content\/uploads\/2024\/09\/festa-do-morango-1_2024-09-02_18-53-11_jpeg_2024-09-02_18-53-11.webp.webp?resize=370%2C247&ssl=1",370,247,true]},"uagb_author_info":{"display_name":"ismaelcolosi.com.br","author_link":"https:\/\/ismaelcolosi.com.br\/index.php\/author\/vidareal-online\/"},"uagb_comment_info":0,"uagb_excerpt":"Ribeir\u00e3o Preto recebe a partir desta quinta-feira (5), a \u201c1\u00aa Festa do Morango\u201d, no estacionamento do Novo Shopping Center, na zona Leste do munic\u00edpio. Com...","jetpack-related-posts":[{"id":64233,"url":"https:\/\/ismaelcolosi.com.br\/index.php\/2024\/09\/06\/desfile-de-7-de-setembro-samba-cerveja-e-morango-veja-programacao-do-fim-de-semana-em-ribeirao\/","url_meta":{"origin":63517,"position":0},"title":"Desfile de 7 de Setembro, samba, cerveja e morango: Veja programa\u00e7\u00e3o do fim de semana em Ribeir\u00e3o","author":"ismaelcolosi.com.br","date":"6 de September de 2024","format":false,"excerpt":"A agenda cultural deste fim de semana est\u00e1 recheada de atividades para curtir com os amigos e fam\u00edlia, afinal, este s\u00e1bado \u00e9 feriado em todo territ\u00f3rio nacional. Os destaques da programa\u00e7\u00e3o s\u00e3o o desfile c\u00edvico de 7 de Setembro, Champions Beer, Festa do Morango, feira de vinil no Sesc Ribeir\u00e3o\u2026","rel":"","context":"In &quot;Not\u00edcias de Ribeir\u00e3o Preto-SP e Regi\u00e3o&quot;","block_context":{"text":"Not\u00edcias de Ribeir\u00e3o Preto-SP e Regi\u00e3o","link":"https:\/\/ismaelcolosi.com.br\/index.php\/category\/noticias-de-ribeirao-preto-sp-e-regiao-ismael-colosi\/"},"img":{"alt_text":"","src":"https:\/\/i0.wp.com\/ismaelcolosi.com.br\/wp-content\/uploads\/2024\/09\/agenda-fim-de-semana_2024-09-06_13-50-46_jpeg_2024-09-06_13-50-46.webp.webp?fit=1200%2C675&ssl=1&resize=350%2C200","width":350,"height":200,"srcset":"https:\/\/i0.wp.com\/ismaelcolosi.com.br\/wp-content\/uploads\/2024\/09\/agenda-fim-de-semana_2024-09-06_13-50-46_jpeg_2024-09-06_13-50-46.webp.webp?fit=1200%2C675&ssl=1&resize=350%2C200 1x, https:\/\/i0.wp.com\/ismaelcolosi.com.br\/wp-content\/uploads\/2024\/09\/agenda-fim-de-semana_2024-09-06_13-50-46_jpeg_2024-09-06_13-50-46.webp.webp?fit=1200%2C675&ssl=1&resize=525%2C300 1.5x, https:\/\/i0.wp.com\/ismaelcolosi.com.br\/wp-content\/uploads\/2024\/09\/agenda-fim-de-semana_2024-09-06_13-50-46_jpeg_2024-09-06_13-50-46.webp.webp?fit=1200%2C675&ssl=1&resize=700%2C400 2x, https:\/\/i0.wp.com\/ismaelcolosi.com.br\/wp-content\/uploads\/2024\/09\/agenda-fim-de-semana_2024-09-06_13-50-46_jpeg_2024-09-06_13-50-46.webp.webp?fit=1200%2C675&ssl=1&resize=1050%2C600 3x"},"classes":[]},{"id":6193,"url":"https:\/\/ismaelcolosi.com.br\/index.php\/2023\/11\/25\/ribeirao-preto-recebe-feira-vegana-com-entrada-gratuita\/","url_meta":{"origin":63517,"position":1},"title":"Ribeir\u00e3o Preto recebe feira vegana com entrada gratuita\u00a0","author":"ismaelcolosi.com.br","date":"25 de November de 2023","format":false,"excerpt":"Ribeir\u00e3o Preto recebe, neste s\u00e1bado (25), a 4\u00b0 edi\u00e7\u00e3o da Festa das Na\u00e7\u00f5es Veg, que re\u00fane comidas t\u00edpicas de v\u00e1rios pa\u00edses e atra\u00e7\u00f5es culturais, na zona Sul. A entrada e o estacionamento s\u00e3o gratuitos. \u00a0 O evento, na sede da AEAARP, acontece das 12h \u00e0s 20h e ter\u00e1 vers\u00f5es veganas\u2026","rel":"","context":"In &quot;Not\u00edcias de Ribeir\u00e3o Preto-SP e Regi\u00e3o&quot;","block_context":{"text":"Not\u00edcias de Ribeir\u00e3o Preto-SP e Regi\u00e3o","link":"https:\/\/ismaelcolosi.com.br\/index.php\/category\/noticias-de-ribeirao-preto-sp-e-regiao-ismael-colosi\/"},"img":{"alt_text":"","src":"https:\/\/i0.wp.com\/ismaelcolosi.com.br\/wp-content\/uploads\/2023\/11\/398996251_18234458797246288_252744082695163226_n.jpg?fit=1080%2C721&ssl=1&resize=350%2C200","width":350,"height":200,"srcset":"https:\/\/i0.wp.com\/ismaelcolosi.com.br\/wp-content\/uploads\/2023\/11\/398996251_18234458797246288_252744082695163226_n.jpg?fit=1080%2C721&ssl=1&resize=350%2C200 1x, https:\/\/i0.wp.com\/ismaelcolosi.com.br\/wp-content\/uploads\/2023\/11\/398996251_18234458797246288_252744082695163226_n.jpg?fit=1080%2C721&ssl=1&resize=525%2C300 1.5x, https:\/\/i0.wp.com\/ismaelcolosi.com.br\/wp-content\/uploads\/2023\/11\/398996251_18234458797246288_252744082695163226_n.jpg?fit=1080%2C721&ssl=1&resize=700%2C400 2x, https:\/\/i0.wp.com\/ismaelcolosi.com.br\/wp-content\/uploads\/2023\/11\/398996251_18234458797246288_252744082695163226_n.jpg?fit=1080%2C721&ssl=1&resize=1050%2C600 3x"},"classes":[]},{"id":71752,"url":"https:\/\/ismaelcolosi.com.br\/index.php\/2024\/10\/17\/ribeirao-preto-recebe-feira-de-intercambio-com-entrada-gratuita\/","url_meta":{"origin":63517,"position":2},"title":"Ribeir\u00e3o Preto recebe feira de interc\u00e2mbio com entrada gratuita","author":"ismaelcolosi.com.br","date":"17 de October de 2024","format":false,"excerpt":"A 1\u00aa Expo Interc\u00e2mbio Ribeir\u00e3o Preto chega a cidade no pr\u00f3ximo s\u00e1bado (19). O evento voltado para a educa\u00e7\u00e3o internacional acontecer\u00e1 no hotel Wyndham Garden, das 14h \u00e0s 18h e ter\u00e1 entrada gratuita. Na programa\u00e7\u00e3o, palestras e rodas de conversa com intercambistas que dividir\u00e3o com o p\u00fablico suas experi\u00eancias, rotina\u2026","rel":"","context":"In &quot;Not\u00edcias de Ribeir\u00e3o Preto-SP e Regi\u00e3o&quot;","block_context":{"text":"Not\u00edcias de Ribeir\u00e3o Preto-SP e Regi\u00e3o","link":"https:\/\/ismaelcolosi.com.br\/index.php\/category\/noticias-de-ribeirao-preto-sp-e-regiao-ismael-colosi\/"},"img":{"alt_text":"","src":"https:\/\/i0.wp.com\/ismaelcolosi.com.br\/wp-content\/uploads\/2024\/10\/Copia-de-Copia-de-Copia-de-TAMANHO-EXATO-PARA-FOTOS-NO-SISTEMA-NOVO-22_2024-10-17_20-37-07_png_2024-10-17_20-37-07.webp.webp?fit=1200%2C675&ssl=1&resize=350%2C200","width":350,"height":200,"srcset":"https:\/\/i0.wp.com\/ismaelcolosi.com.br\/wp-content\/uploads\/2024\/10\/Copia-de-Copia-de-Copia-de-TAMANHO-EXATO-PARA-FOTOS-NO-SISTEMA-NOVO-22_2024-10-17_20-37-07_png_2024-10-17_20-37-07.webp.webp?fit=1200%2C675&ssl=1&resize=350%2C200 1x, https:\/\/i0.wp.com\/ismaelcolosi.com.br\/wp-content\/uploads\/2024\/10\/Copia-de-Copia-de-Copia-de-TAMANHO-EXATO-PARA-FOTOS-NO-SISTEMA-NOVO-22_2024-10-17_20-37-07_png_2024-10-17_20-37-07.webp.webp?fit=1200%2C675&ssl=1&resize=525%2C300 1.5x, https:\/\/i0.wp.com\/ismaelcolosi.com.br\/wp-content\/uploads\/2024\/10\/Copia-de-Copia-de-Copia-de-TAMANHO-EXATO-PARA-FOTOS-NO-SISTEMA-NOVO-22_2024-10-17_20-37-07_png_2024-10-17_20-37-07.webp.webp?fit=1200%2C675&ssl=1&resize=700%2C400 2x, https:\/\/i0.wp.com\/ismaelcolosi.com.br\/wp-content\/uploads\/2024\/10\/Copia-de-Copia-de-Copia-de-TAMANHO-EXATO-PARA-FOTOS-NO-SISTEMA-NOVO-22_2024-10-17_20-37-07_png_2024-10-17_20-37-07.webp.webp?fit=1200%2C675&ssl=1&resize=1050%2C600 3x"},"classes":[]},{"id":60384,"url":"https:\/\/ismaelcolosi.com.br\/index.php\/2024\/08\/15\/ribeirao-recebe-festa-italiana-com-gastronomia-tipica-e-musica-ao-vivo-veja-quando\/","url_meta":{"origin":63517,"position":3},"title":"Ribeir\u00e3o recebe Festa Italiana com gastronomia t\u00edpica e m\u00fasica ao vivo; Veja quando","author":"ismaelcolosi.com.br","date":"15 de August de 2024","format":false,"excerpt":"Ribeir\u00e3o Preto recebe a partir desta sexta-feira (18), a primeira Festa Italiana realizada pela Par\u00f3quia Sant\u2019Anna e S\u00e3o Joaquim. A entrada no evento \u00e9 gratuita e acontece a partir das 19h, no estacionamento do shopping Iguatemi, na zona Sul do munic\u00edpio. De acordo com a organiza\u00e7\u00e3o, a festa contar\u00e1 com\u2026","rel":"","context":"In &quot;Not\u00edcias de Ribeir\u00e3o Preto-SP e Regi\u00e3o&quot;","block_context":{"text":"Not\u00edcias de Ribeir\u00e3o Preto-SP e Regi\u00e3o","link":"https:\/\/ismaelcolosi.com.br\/index.php\/category\/noticias-de-ribeirao-preto-sp-e-regiao-ismael-colosi\/"},"img":{"alt_text":"","src":"https:\/\/i0.wp.com\/ismaelcolosi.com.br\/wp-content\/uploads\/2024\/08\/pasta-3547078_1920.jpg?fit=1200%2C653&ssl=1&resize=350%2C200","width":350,"height":200,"srcset":"https:\/\/i0.wp.com\/ismaelcolosi.com.br\/wp-content\/uploads\/2024\/08\/pasta-3547078_1920.jpg?fit=1200%2C653&ssl=1&resize=350%2C200 1x, https:\/\/i0.wp.com\/ismaelcolosi.com.br\/wp-content\/uploads\/2024\/08\/pasta-3547078_1920.jpg?fit=1200%2C653&ssl=1&resize=525%2C300 1.5x, https:\/\/i0.wp.com\/ismaelcolosi.com.br\/wp-content\/uploads\/2024\/08\/pasta-3547078_1920.jpg?fit=1200%2C653&ssl=1&resize=700%2C400 2x, https:\/\/i0.wp.com\/ismaelcolosi.com.br\/wp-content\/uploads\/2024\/08\/pasta-3547078_1920.jpg?fit=1200%2C653&ssl=1&resize=1050%2C600 3x"},"classes":[]},{"id":64292,"url":"https:\/\/ismaelcolosi.com.br\/index.php\/2024\/09\/06\/champions-beer-ribeirao-preto-recebe-festival-de-cervejas-artesanais\/","url_meta":{"origin":63517,"position":4},"title":"Champions Beer: Ribeir\u00e3o Preto recebe festival de cervejas artesanais","author":"ismaelcolosi.com.br","date":"6 de September de 2024","format":false,"excerpt":"Acontece neste final de semana o festival de cervejas artesanais Champions Beer, no Shopping Iguatemi, em Ribeir\u00e3o Preto. A abertura do festival acontece nesta sexta-feira (6), a partir das 17h. No s\u00e1bado (7) e no domingo (8) a abertura ser\u00e1 \u00e0s 12h. O evento ser\u00e1 retomado entre os dias 13\u2026","rel":"","context":"In &quot;Not\u00edcias de Ribeir\u00e3o Preto-SP e Regi\u00e3o&quot;","block_context":{"text":"Not\u00edcias de Ribeir\u00e3o Preto-SP e Regi\u00e3o","link":"https:\/\/ismaelcolosi.com.br\/index.php\/category\/noticias-de-ribeirao-preto-sp-e-regiao-ismael-colosi\/"},"img":{"alt_text":"","src":"https:\/\/i0.wp.com\/ismaelcolosi.com.br\/wp-content\/uploads\/2024\/09\/champions-beer_2024-09-06_17-47-35_jpeg_2024-09-06_17-47-35.webp.webp?fit=1200%2C675&ssl=1&resize=350%2C200","width":350,"height":200,"srcset":"https:\/\/i0.wp.com\/ismaelcolosi.com.br\/wp-content\/uploads\/2024\/09\/champions-beer_2024-09-06_17-47-35_jpeg_2024-09-06_17-47-35.webp.webp?fit=1200%2C675&ssl=1&resize=350%2C200 1x, https:\/\/i0.wp.com\/ismaelcolosi.com.br\/wp-content\/uploads\/2024\/09\/champions-beer_2024-09-06_17-47-35_jpeg_2024-09-06_17-47-35.webp.webp?fit=1200%2C675&ssl=1&resize=525%2C300 1.5x, https:\/\/i0.wp.com\/ismaelcolosi.com.br\/wp-content\/uploads\/2024\/09\/champions-beer_2024-09-06_17-47-35_jpeg_2024-09-06_17-47-35.webp.webp?fit=1200%2C675&ssl=1&resize=700%2C400 2x, https:\/\/i0.wp.com\/ismaelcolosi.com.br\/wp-content\/uploads\/2024\/09\/champions-beer_2024-09-06_17-47-35_jpeg_2024-09-06_17-47-35.webp.webp?fit=1200%2C675&ssl=1&resize=1050%2C600 3x"},"classes":[]},{"id":54108,"url":"https:\/\/ismaelcolosi.com.br\/index.php\/2024\/06\/21\/ribeirao-recebe-festival-de-cerveja-artesanal-com-shows-de-rock-entrada-e-gratuita\/","url_meta":{"origin":63517,"position":5},"title":"Ribeir\u00e3o recebe festival de cerveja artesanal com shows de rock; entrada \u00e9 gratuita","author":"ismaelcolosi.com.br","date":"21 de June de 2024","format":false,"excerpt":"O Palco Orgulho RP, no estacionamento do Teatro Municipal, no Morro do S\u00e3o Bento, recebe neste s\u00e1bado (22), a partir das 14h, o \u201cRibeir\u00e3o Beer Festival\u201d, um festival de cerveja artesanal com shows de rock ao vivo e com entrada gratuita. O evento celebra os 168 anos de Ribeir\u00e3o Preto.\u2026","rel":"","context":"In &quot;Not\u00edcias de Ribeir\u00e3o Preto-SP e Regi\u00e3o&quot;","block_context":{"text":"Not\u00edcias de Ribeir\u00e3o Preto-SP e Regi\u00e3o","link":"https:\/\/ismaelcolosi.com.br\/index.php\/category\/noticias-de-ribeirao-preto-sp-e-regiao-ismael-colosi\/"},"img":{"alt_text":"","src":"https:\/\/i0.wp.com\/ismaelcolosi.com.br\/wp-content\/uploads\/2024\/06\/pexels-elevate-1269043_2024-06-21_14-40-13_jpg_2024-06-21_14-40-16-scaled.webp.webp?fit=1200%2C801&ssl=1&resize=350%2C200","width":350,"height":200,"srcset":"https:\/\/i0.wp.com\/ismaelcolosi.com.br\/wp-content\/uploads\/2024\/06\/pexels-elevate-1269043_2024-06-21_14-40-13_jpg_2024-06-21_14-40-16-scaled.webp.webp?fit=1200%2C801&ssl=1&resize=350%2C200 1x, https:\/\/i0.wp.com\/ismaelcolosi.com.br\/wp-content\/uploads\/2024\/06\/pexels-elevate-1269043_2024-06-21_14-40-13_jpg_2024-06-21_14-40-16-scaled.webp.webp?fit=1200%2C801&ssl=1&resize=525%2C300 1.5x, https:\/\/i0.wp.com\/ismaelcolosi.com.br\/wp-content\/uploads\/2024\/06\/pexels-elevate-1269043_2024-06-21_14-40-13_jpg_2024-06-21_14-40-16-scaled.webp.webp?fit=1200%2C801&ssl=1&resize=700%2C400 2x, https:\/\/i0.wp.com\/ismaelcolosi.com.br\/wp-content\/uploads\/2024\/06\/pexels-elevate-1269043_2024-06-21_14-40-13_jpg_2024-06-21_14-40-16-scaled.webp.webp?fit=1200%2C801&ssl=1&resize=1050%2C600 3x"},"classes":[]}],"jetpack_sharing_enabled":true,"jetpack_shortlink":"https:\/\/wp.me\/pfMlyK-gwt","_links":{"self":[{"href":"https:\/\/ismaelcolosi.com.br\/index.php\/wp-json\/wp\/v2\/posts\/63517","targetHints":{"allow":["GET"]}}],"collection":[{"href":"https:\/\/ismaelcolosi.com.br\/index.php\/wp-json\/wp\/v2\/posts"}],"about":[{"href":"https:\/\/ismaelcolosi.com.br\/index.php\/wp-json\/wp\/v2\/types\/post"}],"author":[{"embeddable":true,"href":"https:\/\/ismaelcolosi.com.br\/index.php\/wp-json\/wp\/v2\/users\/1"}],"replies":[{"embeddable":true,"href":"https:\/\/ismaelcolosi.com.br\/index.php\/wp-json\/wp\/v2\/comments?post=63517"}],"version-history":[{"count":0,"href":"https:\/\/ismaelcolosi.com.br\/index.php\/wp-json\/wp\/v2\/posts\/63517\/revisions"}],"wp:featuredmedia":[{"embeddable":true,"href":"https:\/\/ismaelcolosi.com.br\/index.php\/wp-json\/wp\/v2\/media\/63518"}],"wp:attachment":[{"href":"https:\/\/ismaelcolosi.com.br\/index.php\/wp-json\/wp\/v2\/media?parent=63517"}],"wp:term":[{"taxonomy":"category","embeddable":true,"href":"https:\/\/ismaelcolosi.com.br\/index.php\/wp-json\/wp\/v2\/categories?post=63517"},{"taxonomy":"post_tag","embeddable":true,"href":"https:\/\/ismaelcolosi.com.br\/index.php\/wp-json\/wp\/v2\/tags?post=63517"}],"curies":[{"name":"wp","href":"https:\/\/api.w.org\/{rel}","templated":true}]}}