{"id":63502,"date":"2024-09-02T15:49:03","date_gmt":"2024-09-02T18:49:03","guid":{"rendered":"https:\/\/ismaelcolosi.com.br\/index.php\/2024\/09\/02\/incendio-atinge-residencia-na-zona-norte-de-ribeirao-preto\/"},"modified":"2024-09-02T15:49:03","modified_gmt":"2024-09-02T18:49:03","slug":"incendio-atinge-residencia-na-zona-norte-de-ribeirao-preto","status":"publish","type":"post","link":"https:\/\/ismaelcolosi.com.br\/index.php\/2024\/09\/02\/incendio-atinge-residencia-na-zona-norte-de-ribeirao-preto\/","title":{"rendered":"Inc\u00eandio atinge resid\u00eancia na zona Norte de Ribeir\u00e3o Preto"},"content":{"rendered":"<p> <br \/>\n<\/p>\n<div data-td-block-uid=\"tdi_106\">\n<div class=\"tdb-block-inner td-fix-index\">\n<p>Na tarde desta segunda-feira (2), <strong><mark style=\"background-color:#fcb900\" class=\"has-inline-color\">um inc\u00eandio atingiu uma casa na avenida Dom Pedro<\/mark><\/strong>, na <strong>zona Norte<\/strong> de <strong>Ribeir\u00e3o Preto<\/strong>. <\/p>\n<p>De acordo com a <strong>Pol\u00edcia Militar<\/strong>, uma viatura estava passando pr\u00f3ximo ao local e viu a fuma\u00e7a. Os vizinhos <strong>informaram que tinha algu\u00e9m na resid\u00eancia<\/strong>, ent\u00e3o a PM precisou invadir para retirar o morador. <strong>Ele e um cachorro estavam no local<\/strong> e foram <strong><mark style=\"background-color:#fcb900\" class=\"has-inline-color\">resgatados<\/mark><\/strong>. <\/p>\n<p>O homem precisou ser socorrido e estava inconsciente porque inalou muita fuma\u00e7a, mas seu estado de sa\u00fade \u00e9 est\u00e1vel. <\/p>\n<p>O <strong>Corpo de Bombeiros foi acionado<\/strong> e apagou o fogo.<\/p>\n<p>SAIBA MAIS<br \/>Fazenda da regi\u00e3o de Ribeir\u00e3o vai a leil\u00e3o por R$ 175 milh\u00f5es<\/p>\n<h4 class=\"wp-block-heading\"><strong>FIQUE ON<\/strong><\/h4>\n<p>Fique ligado em tudo que acontece em Ribeir\u00e3o Preto e regi\u00e3o. Siga os perfis do<strong> acidade on<\/strong> no <a href=\"https:\/\/www.instagram.com\/acidadeonribeirao\" target=\"_blank\" rel=\"noreferrer noopener nofollow\">Instagram<\/a> e no <a href=\"https:\/\/www.facebook.com\/acidadeonribeirao\/\" target=\"_blank\" rel=\"noreferrer noopener nofollow\">Facebook<\/a>.<\/p>\n<p>Receba not\u00edcias do<strong> acidade on <\/strong>no WhatsApp. <a href=\"https:\/\/chat.whatsapp.com\/Dtv9mxhy6V5BJBotM2OQ5k\" target=\"_blank\" rel=\"noreferrer noopener nofollow\">Para entrar no grupo, basta clicar aqui.<\/a><\/p>\n<p>Fa\u00e7a uma den\u00fancia ou sugira uma reportagem sobre Ribeir\u00e3o Preto e regi\u00e3o pelo WhatsApp: 16 99117 7802.<\/p>\n<p>VEJA TAMB\u00c9M<br \/>Qual \u00e9 o hor\u00e1rio da bandeira vermelha na conta de luz?<\/p>\n<p><!-- CONTENT END 1 -->\n<\/div>\n<\/div>\n<p><script async src=\"\/\/www.instagram.com\/embed.js\"><\/script><br \/>\n<br \/><br \/>\n<br \/><a href=\"https:\/\/www.acidadeon.com\/ribeiraopreto\/cotidiano\/incendio-atinge-residencia-na-zona-norte-de-ribeirao-preto\/\">Source link <\/a><\/p>\n","protected":false},"excerpt":{"rendered":"<p>Na tarde desta segunda-feira (2), um inc\u00eandio atingiu uma casa na avenida Dom Pedro, na zona Norte de Ribeir\u00e3o Preto. De acordo com a Pol\u00edcia&#8230;<\/p>\n","protected":false},"author":1,"featured_media":63503,"comment_status":"open","ping_status":"open","sticky":false,"template":"","format":"standard","meta":{"_uag_custom_page_level_css":"","advanced_seo_description":"","jetpack_seo_html_title":"","jetpack_seo_noindex":false,"jetpack_post_was_ever_published":false,"_jetpack_newsletter_access":"","_jetpack_dont_email_post_to_subs":false,"_jetpack_newsletter_tier_id":0,"_jetpack_memberships_contains_paywalled_content":false,"_jetpack_memberships_contains_paid_content":false,"footnotes":"","jetpack_publicize_message":"","jetpack_publicize_feature_enabled":true,"jetpack_social_post_already_shared":true,"jetpack_social_options":{"image_generator_settings":{"template":"highway","default_image_id":0,"font":"","enabled":false},"version":2}},"categories":[11],"tags":[],"class_list":["post-63502","post","type-post","status-publish","format-standard","has-post-thumbnail","hentry","category-noticias-de-ribeirao-preto-sp-e-regiao-ismael-colosi"],"jetpack_publicize_connections":[],"jetpack_featured_media_url":"https:\/\/i0.wp.com\/ismaelcolosi.com.br\/wp-content\/uploads\/2024\/09\/Imagem-do-WhatsApp-de-2024-09-02-as-15.06.52_1e755bc6_2024-09-02_18-34-15_jpg_2024-09-02_18-34-15.webp.webp?fit=1164%2C899&ssl=1","uagb_featured_image_src":{"full":["https:\/\/i0.wp.com\/ismaelcolosi.com.br\/wp-content\/uploads\/2024\/09\/Imagem-do-WhatsApp-de-2024-09-02-as-15.06.52_1e755bc6_2024-09-02_18-34-15_jpg_2024-09-02_18-34-15.webp.webp?fit=1164%2C899&ssl=1",1164,899,false],"thumbnail":["https:\/\/i0.wp.com\/ismaelcolosi.com.br\/wp-content\/uploads\/2024\/09\/Imagem-do-WhatsApp-de-2024-09-02-as-15.06.52_1e755bc6_2024-09-02_18-34-15_jpg_2024-09-02_18-34-15.webp.webp?resize=150%2C150&ssl=1",150,150,true],"medium":["https:\/\/i0.wp.com\/ismaelcolosi.com.br\/wp-content\/uploads\/2024\/09\/Imagem-do-WhatsApp-de-2024-09-02-as-15.06.52_1e755bc6_2024-09-02_18-34-15_jpg_2024-09-02_18-34-15.webp.webp?fit=300%2C232&ssl=1",300,232,true],"medium_large":["https:\/\/i0.wp.com\/ismaelcolosi.com.br\/wp-content\/uploads\/2024\/09\/Imagem-do-WhatsApp-de-2024-09-02-as-15.06.52_1e755bc6_2024-09-02_18-34-15_jpg_2024-09-02_18-34-15.webp.webp?fit=768%2C593&ssl=1",768,593,true],"large":["https:\/\/i0.wp.com\/ismaelcolosi.com.br\/wp-content\/uploads\/2024\/09\/Imagem-do-WhatsApp-de-2024-09-02-as-15.06.52_1e755bc6_2024-09-02_18-34-15_jpg_2024-09-02_18-34-15.webp.webp?fit=1024%2C791&ssl=1",1024,791,true],"1536x1536":["https:\/\/i0.wp.com\/ismaelcolosi.com.br\/wp-content\/uploads\/2024\/09\/Imagem-do-WhatsApp-de-2024-09-02-as-15.06.52_1e755bc6_2024-09-02_18-34-15_jpg_2024-09-02_18-34-15.webp.webp?fit=1164%2C899&ssl=1",1164,899,true],"2048x2048":["https:\/\/i0.wp.com\/ismaelcolosi.com.br\/wp-content\/uploads\/2024\/09\/Imagem-do-WhatsApp-de-2024-09-02-as-15.06.52_1e755bc6_2024-09-02_18-34-15_jpg_2024-09-02_18-34-15.webp.webp?fit=1164%2C899&ssl=1",1164,899,true],"really-simple-thumb":["https:\/\/i0.wp.com\/ismaelcolosi.com.br\/wp-content\/uploads\/2024\/09\/Imagem-do-WhatsApp-de-2024-09-02-as-15.06.52_1e755bc6_2024-09-02_18-34-15_jpg_2024-09-02_18-34-15.webp.webp?resize=370%2C247&ssl=1",370,247,true]},"uagb_author_info":{"display_name":"ismaelcolosi.com.br","author_link":"https:\/\/ismaelcolosi.com.br\/index.php\/author\/vidareal-online\/"},"uagb_comment_info":0,"uagb_excerpt":"Na tarde desta segunda-feira (2), um inc\u00eandio atingiu uma casa na avenida Dom Pedro, na zona Norte de Ribeir\u00e3o Preto. De acordo com a Pol\u00edcia...","jetpack-related-posts":[{"id":51141,"url":"https:\/\/ismaelcolosi.com.br\/index.php\/2024\/05\/23\/incendio-atinge-residencia-e-idosa-e-socorrida-na-zona-norte-de-ribeirao-preto\/","url_meta":{"origin":63502,"position":0},"title":"Inc\u00eandio atinge resid\u00eancia e idosa \u00e9 socorrida na zona Norte de Ribeir\u00e3o Preto","author":"ismaelcolosi.com.br","date":"23 de May de 2024","format":false,"excerpt":"Uma mulher de 97 anos foi socorrida em um inc\u00eandio em resid\u00eancia no in\u00edcio da tarde desta quinta-feira (23), na zona Norte de Ribeir\u00e3o Preto. Segundo informa\u00e7\u00f5es, o fogo atingiu um dos c\u00f4modos da casa onde a v\u00edtima estaria com um neto, que fica aos fundos de uma loja de\u2026","rel":"","context":"In &quot;Not\u00edcias de Ribeir\u00e3o Preto-SP e Regi\u00e3o&quot;","block_context":{"text":"Not\u00edcias de Ribeir\u00e3o Preto-SP e Regi\u00e3o","link":"https:\/\/ismaelcolosi.com.br\/index.php\/category\/noticias-de-ribeirao-preto-sp-e-regiao-ismael-colosi\/"},"img":{"alt_text":"","src":"https:\/\/i0.wp.com\/ismaelcolosi.com.br\/wp-content\/uploads\/2024\/05\/WhatsApp-Image-2024-05-23-at-12.31.35_2024-05-23_15-59-27_jpeg_2024-05-23_15-59-27.webp.webp?fit=1200%2C900&ssl=1&resize=350%2C200","width":350,"height":200,"srcset":"https:\/\/i0.wp.com\/ismaelcolosi.com.br\/wp-content\/uploads\/2024\/05\/WhatsApp-Image-2024-05-23-at-12.31.35_2024-05-23_15-59-27_jpeg_2024-05-23_15-59-27.webp.webp?fit=1200%2C900&ssl=1&resize=350%2C200 1x, https:\/\/i0.wp.com\/ismaelcolosi.com.br\/wp-content\/uploads\/2024\/05\/WhatsApp-Image-2024-05-23-at-12.31.35_2024-05-23_15-59-27_jpeg_2024-05-23_15-59-27.webp.webp?fit=1200%2C900&ssl=1&resize=525%2C300 1.5x, https:\/\/i0.wp.com\/ismaelcolosi.com.br\/wp-content\/uploads\/2024\/05\/WhatsApp-Image-2024-05-23-at-12.31.35_2024-05-23_15-59-27_jpeg_2024-05-23_15-59-27.webp.webp?fit=1200%2C900&ssl=1&resize=700%2C400 2x, https:\/\/i0.wp.com\/ismaelcolosi.com.br\/wp-content\/uploads\/2024\/05\/WhatsApp-Image-2024-05-23-at-12.31.35_2024-05-23_15-59-27_jpeg_2024-05-23_15-59-27.webp.webp?fit=1200%2C900&ssl=1&resize=1050%2C600 3x"},"classes":[]},{"id":7289,"url":"https:\/\/ismaelcolosi.com.br\/index.php\/2023\/11\/27\/incendio-em-residencia-mobiliza-corpo-de-bombeiros-na-zona-norte-de-ribeirao\/","url_meta":{"origin":63502,"position":1},"title":"Inc\u00eandio em resid\u00eancia mobiliza Corpo de Bombeiros na zona Norte de Ribeir\u00e3o","author":"ismaelcolosi.com.br","date":"27 de November de 2023","format":false,"excerpt":"Um inc\u00eandio na avenida Jo\u00e3o Batista Duarte, no bairro Valentina Figueiredo, zona Norte de Ribeir\u00e3o Preto, deixou parte de uma resid\u00eancia destru\u00edda, na noite desta segunda-feira (27). De acordo com a apura\u00e7\u00e3o da EPTV, que esteve no local, o fogo atingiu o teto da resid\u00eancia e desabou. A casa estava\u2026","rel":"","context":"In &quot;Not\u00edcias de Ribeir\u00e3o Preto-SP e Regi\u00e3o&quot;","block_context":{"text":"Not\u00edcias de Ribeir\u00e3o Preto-SP e Regi\u00e3o","link":"https:\/\/ismaelcolosi.com.br\/index.php\/category\/noticias-de-ribeirao-preto-sp-e-regiao-ismael-colosi\/"},"img":{"alt_text":"","src":"https:\/\/i0.wp.com\/ismaelcolosi.com.br\/wp-content\/uploads\/2023\/11\/WhatsApp-Image-2023-11-27-at-21.09.34.jpeg?fit=1200%2C900&ssl=1&resize=350%2C200","width":350,"height":200,"srcset":"https:\/\/i0.wp.com\/ismaelcolosi.com.br\/wp-content\/uploads\/2023\/11\/WhatsApp-Image-2023-11-27-at-21.09.34.jpeg?fit=1200%2C900&ssl=1&resize=350%2C200 1x, https:\/\/i0.wp.com\/ismaelcolosi.com.br\/wp-content\/uploads\/2023\/11\/WhatsApp-Image-2023-11-27-at-21.09.34.jpeg?fit=1200%2C900&ssl=1&resize=525%2C300 1.5x, https:\/\/i0.wp.com\/ismaelcolosi.com.br\/wp-content\/uploads\/2023\/11\/WhatsApp-Image-2023-11-27-at-21.09.34.jpeg?fit=1200%2C900&ssl=1&resize=700%2C400 2x, https:\/\/i0.wp.com\/ismaelcolosi.com.br\/wp-content\/uploads\/2023\/11\/WhatsApp-Image-2023-11-27-at-21.09.34.jpeg?fit=1200%2C900&ssl=1&resize=1050%2C600 3x"},"classes":[]},{"id":50068,"url":"https:\/\/ismaelcolosi.com.br\/index.php\/2024\/05\/14\/cachorro-morre-apos-incendio-em-residencia-na-zona-oeste-de-ribeirao-preto\/","url_meta":{"origin":63502,"position":2},"title":"Cachorro morre ap\u00f3s inc\u00eandio em resid\u00eancia na zona Oeste de Ribeir\u00e3o Preto","author":"ismaelcolosi.com.br","date":"14 de May de 2024","format":false,"excerpt":"Um cachorro morreu ap\u00f3s um inc\u00eandio em uma resid\u00eancia na tarde desta ter\u00e7a-feira (14), no Jardim Paiva, em Ribeir\u00e3o Preto. Equipes do Corpo de Bombeiros foram acionadas para atender a ocorr\u00eancia na rua Almir Jos\u00e9 de Almeida, pr\u00f3ximo ao cruzamento com a avenida Rio Pardo. Ainda n\u00e3o se sabe qual\u2026","rel":"","context":"In &quot;Not\u00edcias de Ribeir\u00e3o Preto-SP e Regi\u00e3o&quot;","block_context":{"text":"Not\u00edcias de Ribeir\u00e3o Preto-SP e Regi\u00e3o","link":"https:\/\/ismaelcolosi.com.br\/index.php\/category\/noticias-de-ribeirao-preto-sp-e-regiao-ismael-colosi\/"},"img":{"alt_text":"","src":"https:\/\/i0.wp.com\/ismaelcolosi.com.br\/wp-content\/uploads\/2024\/05\/BOMBEIROS.jpg?fit=1200%2C674&ssl=1&resize=350%2C200","width":350,"height":200,"srcset":"https:\/\/i0.wp.com\/ismaelcolosi.com.br\/wp-content\/uploads\/2024\/05\/BOMBEIROS.jpg?fit=1200%2C674&ssl=1&resize=350%2C200 1x, https:\/\/i0.wp.com\/ismaelcolosi.com.br\/wp-content\/uploads\/2024\/05\/BOMBEIROS.jpg?fit=1200%2C674&ssl=1&resize=525%2C300 1.5x, https:\/\/i0.wp.com\/ismaelcolosi.com.br\/wp-content\/uploads\/2024\/05\/BOMBEIROS.jpg?fit=1200%2C674&ssl=1&resize=700%2C400 2x, https:\/\/i0.wp.com\/ismaelcolosi.com.br\/wp-content\/uploads\/2024\/05\/BOMBEIROS.jpg?fit=1200%2C674&ssl=1&resize=1050%2C600 3x"},"classes":[]},{"id":55360,"url":"https:\/\/ismaelcolosi.com.br\/index.php\/2024\/07\/02\/incendio-destroi-parte-casa-e-assusta-vizinhos-na-zona-oeste-de-ribeirao-preto\/","url_meta":{"origin":63502,"position":3},"title":"Inc\u00eandio destr\u00f3i parte casa e assusta vizinhos na zona Oeste de Ribeir\u00e3o Preto","author":"ismaelcolosi.com.br","date":"2 de July de 2024","format":false,"excerpt":"Um inc\u00eandio atingiu uma resid\u00eancia na manh\u00e3 desta ter\u00e7a-feira (2), no Alto do Ipiranga, zona Oeste de Ribeir\u00e3o Preto. O Corpo de Bombeiros fez o combate \u00e0s chamas na rua Rio Grande do Norte e n\u00e3o houve registro de feridos, apesar de o fogo ter causado muita fuma\u00e7a e deixado\u2026","rel":"","context":"In &quot;Not\u00edcias de Ribeir\u00e3o Preto-SP e Regi\u00e3o&quot;","block_context":{"text":"Not\u00edcias de Ribeir\u00e3o Preto-SP e Regi\u00e3o","link":"https:\/\/ismaelcolosi.com.br\/index.php\/category\/noticias-de-ribeirao-preto-sp-e-regiao-ismael-colosi\/"},"img":{"alt_text":"","src":"https:\/\/i0.wp.com\/ismaelcolosi.com.br\/wp-content\/uploads\/2024\/07\/WhatsApp-Image-2024-07-02-at-12.21.04_2024-07-02_15-30-05_jpeg_2024-07-02_15-30-06-scaled.webp.webp?fit=1200%2C900&ssl=1&resize=350%2C200","width":350,"height":200,"srcset":"https:\/\/i0.wp.com\/ismaelcolosi.com.br\/wp-content\/uploads\/2024\/07\/WhatsApp-Image-2024-07-02-at-12.21.04_2024-07-02_15-30-05_jpeg_2024-07-02_15-30-06-scaled.webp.webp?fit=1200%2C900&ssl=1&resize=350%2C200 1x, https:\/\/i0.wp.com\/ismaelcolosi.com.br\/wp-content\/uploads\/2024\/07\/WhatsApp-Image-2024-07-02-at-12.21.04_2024-07-02_15-30-05_jpeg_2024-07-02_15-30-06-scaled.webp.webp?fit=1200%2C900&ssl=1&resize=525%2C300 1.5x, https:\/\/i0.wp.com\/ismaelcolosi.com.br\/wp-content\/uploads\/2024\/07\/WhatsApp-Image-2024-07-02-at-12.21.04_2024-07-02_15-30-05_jpeg_2024-07-02_15-30-06-scaled.webp.webp?fit=1200%2C900&ssl=1&resize=700%2C400 2x, https:\/\/i0.wp.com\/ismaelcolosi.com.br\/wp-content\/uploads\/2024\/07\/WhatsApp-Image-2024-07-02-at-12.21.04_2024-07-02_15-30-05_jpeg_2024-07-02_15-30-06-scaled.webp.webp?fit=1200%2C900&ssl=1&resize=1050%2C600 3x"},"classes":[]},{"id":55368,"url":"https:\/\/ismaelcolosi.com.br\/index.php\/2024\/07\/02\/incendio-destroi-parte-de-casa-e-assusta-vizinhos-na-zona-oeste-de-ribeirao-preto\/","url_meta":{"origin":63502,"position":4},"title":"Inc\u00eandio destr\u00f3i parte de casa e assusta vizinhos na zona Oeste de Ribeir\u00e3o Preto","author":"ismaelcolosi.com.br","date":"2 de July de 2024","format":false,"excerpt":"Um inc\u00eandio atingiu uma resid\u00eancia na manh\u00e3 desta ter\u00e7a-feira (2), no Alto do Ipiranga, zona Oeste de Ribeir\u00e3o Preto. O Corpo de Bombeiros fez o combate \u00e0s chamas na rua Rio Grande do Norte e n\u00e3o houve registro de feridos, apesar de o fogo ter causado muita fuma\u00e7a e deixado\u2026","rel":"","context":"In &quot;Not\u00edcias de Ribeir\u00e3o Preto-SP e Regi\u00e3o&quot;","block_context":{"text":"Not\u00edcias de Ribeir\u00e3o Preto-SP e Regi\u00e3o","link":"https:\/\/ismaelcolosi.com.br\/index.php\/category\/noticias-de-ribeirao-preto-sp-e-regiao-ismael-colosi\/"},"img":{"alt_text":"","src":"https:\/\/i0.wp.com\/ismaelcolosi.com.br\/wp-content\/uploads\/2024\/07\/WhatsApp-Image-2024-07-02-at-12.21.04_2024-07-02_15-30-05_jpeg_2024-07-02_15-30-06-scaled.webp.webp?fit=1200%2C900&ssl=1&resize=350%2C200","width":350,"height":200,"srcset":"https:\/\/i0.wp.com\/ismaelcolosi.com.br\/wp-content\/uploads\/2024\/07\/WhatsApp-Image-2024-07-02-at-12.21.04_2024-07-02_15-30-05_jpeg_2024-07-02_15-30-06-scaled.webp.webp?fit=1200%2C900&ssl=1&resize=350%2C200 1x, https:\/\/i0.wp.com\/ismaelcolosi.com.br\/wp-content\/uploads\/2024\/07\/WhatsApp-Image-2024-07-02-at-12.21.04_2024-07-02_15-30-05_jpeg_2024-07-02_15-30-06-scaled.webp.webp?fit=1200%2C900&ssl=1&resize=525%2C300 1.5x, https:\/\/i0.wp.com\/ismaelcolosi.com.br\/wp-content\/uploads\/2024\/07\/WhatsApp-Image-2024-07-02-at-12.21.04_2024-07-02_15-30-05_jpeg_2024-07-02_15-30-06-scaled.webp.webp?fit=1200%2C900&ssl=1&resize=700%2C400 2x, https:\/\/i0.wp.com\/ismaelcolosi.com.br\/wp-content\/uploads\/2024\/07\/WhatsApp-Image-2024-07-02-at-12.21.04_2024-07-02_15-30-05_jpeg_2024-07-02_15-30-06-scaled.webp.webp?fit=1200%2C900&ssl=1&resize=1050%2C600 3x"},"classes":[]},{"id":63522,"url":"https:\/\/ismaelcolosi.com.br\/index.php\/2024\/09\/02\/fumaca-e-registrada-na-rodovia-anhanguera-veja-o-video\/","url_meta":{"origin":63502,"position":5},"title":"Fuma\u00e7a \u00e9 registrada na rodovia Anhanguera; veja o v\u00eddeo","author":"ismaelcolosi.com.br","date":"2 de September de 2024","format":false,"excerpt":"Uma cortina de fuma\u00e7a foi registrada no come\u00e7o da tarde desta segunda-feira (1), na rodovia Anhanguera, quil\u00f4metro 247, em Santa Rita do Passa Quatro e assustou quem transitava pelo local. Em nota, a concession\u00e1ria Arteris ViaPaulista informou que n\u00e3o houve interdi\u00e7\u00e3o na via e nem registro de acidentes. Caminh\u00e3o-pipa da\u2026","rel":"","context":"In &quot;Not\u00edcias de Ribeir\u00e3o Preto-SP e Regi\u00e3o&quot;","block_context":{"text":"Not\u00edcias de Ribeir\u00e3o Preto-SP e Regi\u00e3o","link":"https:\/\/ismaelcolosi.com.br\/index.php\/category\/noticias-de-ribeirao-preto-sp-e-regiao-ismael-colosi\/"},"img":{"alt_text":"","src":"https:\/\/i0.wp.com\/ismaelcolosi.com.br\/wp-content\/uploads\/2024\/09\/Copia-de-Copia-de-Copia-de-TAMANHO-EXATO-PARA-FOTOS-NO-SISTEMA-NOVO-5_2024-09-02_19-11-25_png_2024-09-02_19-11-25.webp.webp?fit=1200%2C675&ssl=1&resize=350%2C200","width":350,"height":200,"srcset":"https:\/\/i0.wp.com\/ismaelcolosi.com.br\/wp-content\/uploads\/2024\/09\/Copia-de-Copia-de-Copia-de-TAMANHO-EXATO-PARA-FOTOS-NO-SISTEMA-NOVO-5_2024-09-02_19-11-25_png_2024-09-02_19-11-25.webp.webp?fit=1200%2C675&ssl=1&resize=350%2C200 1x, https:\/\/i0.wp.com\/ismaelcolosi.com.br\/wp-content\/uploads\/2024\/09\/Copia-de-Copia-de-Copia-de-TAMANHO-EXATO-PARA-FOTOS-NO-SISTEMA-NOVO-5_2024-09-02_19-11-25_png_2024-09-02_19-11-25.webp.webp?fit=1200%2C675&ssl=1&resize=525%2C300 1.5x, https:\/\/i0.wp.com\/ismaelcolosi.com.br\/wp-content\/uploads\/2024\/09\/Copia-de-Copia-de-Copia-de-TAMANHO-EXATO-PARA-FOTOS-NO-SISTEMA-NOVO-5_2024-09-02_19-11-25_png_2024-09-02_19-11-25.webp.webp?fit=1200%2C675&ssl=1&resize=700%2C400 2x, https:\/\/i0.wp.com\/ismaelcolosi.com.br\/wp-content\/uploads\/2024\/09\/Copia-de-Copia-de-Copia-de-TAMANHO-EXATO-PARA-FOTOS-NO-SISTEMA-NOVO-5_2024-09-02_19-11-25_png_2024-09-02_19-11-25.webp.webp?fit=1200%2C675&ssl=1&resize=1050%2C600 3x"},"classes":[]}],"jetpack_sharing_enabled":true,"jetpack_shortlink":"https:\/\/wp.me\/pfMlyK-gwe","_links":{"self":[{"href":"https:\/\/ismaelcolosi.com.br\/index.php\/wp-json\/wp\/v2\/posts\/63502","targetHints":{"allow":["GET"]}}],"collection":[{"href":"https:\/\/ismaelcolosi.com.br\/index.php\/wp-json\/wp\/v2\/posts"}],"about":[{"href":"https:\/\/ismaelcolosi.com.br\/index.php\/wp-json\/wp\/v2\/types\/post"}],"author":[{"embeddable":true,"href":"https:\/\/ismaelcolosi.com.br\/index.php\/wp-json\/wp\/v2\/users\/1"}],"replies":[{"embeddable":true,"href":"https:\/\/ismaelcolosi.com.br\/index.php\/wp-json\/wp\/v2\/comments?post=63502"}],"version-history":[{"count":0,"href":"https:\/\/ismaelcolosi.com.br\/index.php\/wp-json\/wp\/v2\/posts\/63502\/revisions"}],"wp:featuredmedia":[{"embeddable":true,"href":"https:\/\/ismaelcolosi.com.br\/index.php\/wp-json\/wp\/v2\/media\/63503"}],"wp:attachment":[{"href":"https:\/\/ismaelcolosi.com.br\/index.php\/wp-json\/wp\/v2\/media?parent=63502"}],"wp:term":[{"taxonomy":"category","embeddable":true,"href":"https:\/\/ismaelcolosi.com.br\/index.php\/wp-json\/wp\/v2\/categories?post=63502"},{"taxonomy":"post_tag","embeddable":true,"href":"https:\/\/ismaelcolosi.com.br\/index.php\/wp-json\/wp\/v2\/tags?post=63502"}],"curies":[{"name":"wp","href":"https:\/\/api.w.org\/{rel}","templated":true}]}}