{"id":63484,"date":"2024-09-02T14:18:50","date_gmt":"2024-09-02T17:18:50","guid":{"rendered":"https:\/\/ismaelcolosi.com.br\/index.php\/2024\/09\/02\/pedagio-free-flow-comeca-a-operar-no-interior-de-sp-nesta-semana-saiba-como-funciona\/"},"modified":"2024-09-02T14:18:50","modified_gmt":"2024-09-02T17:18:50","slug":"pedagio-free-flow-comeca-a-operar-no-interior-de-sp-nesta-semana-saiba-como-funciona","status":"publish","type":"post","link":"https:\/\/ismaelcolosi.com.br\/index.php\/2024\/09\/02\/pedagio-free-flow-comeca-a-operar-no-interior-de-sp-nesta-semana-saiba-como-funciona\/","title":{"rendered":"Ped\u00e1gio free flow come\u00e7a a operar no interior de SP nesta semana; Saiba como funciona"},"content":{"rendered":"<p> <br \/>\n<\/p>\n<div>\n<p>Os p\u00f3rticos do ped\u00e1gi<strong>o free flow<\/strong> come\u00e7am a operar na<strong> SP-333 <\/strong>(rodovias <strong>Carlos Tonanni<\/strong>,<strong> Nem\u00e9sio Cadetti<\/strong>, <strong>Laurentino Mascari <\/strong>e <strong>Dr. M\u00e1rio Gentil<\/strong>), no <strong>interior de S\u00e3o Paulo<\/strong>, nesta semana.<\/p>\n<p><mark style=\"background-color:#fcb900\" class=\"has-inline-color has-black-color\">A pra\u00e7a de ped\u00e1gio de It\u00e1polis, no quil\u00f4metro 179, colocar\u00e1 em opera\u00e7\u00e3o a nova tecnologia de ped\u00e1gio eletr\u00f4nica na quarta-feira (4).<\/mark> Ainda no segundo semestre, a nova modalidade de cobran\u00e7a come\u00e7ar\u00e1 na pra\u00e7a de Jaboticabal.<\/p>\n<p>O sistema \u00e9 operado por p\u00f3rticos que possuem um sistema de c\u00e2meras, antenas e sensores, permitindo que os usu\u00e1rios sigam viagem sem precisar parar em cabines ou reduzir a velocidade.<\/p>\n<p>A implanta\u00e7\u00e3o do sistema faz parte do contrato firmado pela EcoNoroeste com o <strong>Governo do Estado de S\u00e3o Paulo<\/strong> e com a <strong>Artesp (Ag\u00eancia de Transporte do Estado de S\u00e3o Paulo)<\/strong>, que <mark style=\"background-color:#fcb900\" class=\"has-inline-color has-black-color\">prev\u00ea a substitui\u00e7\u00e3o de todas as pra\u00e7as de ped\u00e1gio por p\u00f3rticos de cobran\u00e7a<\/mark>, de forma gradual, at\u00e9 o s\u00e9timo ano da concess\u00e3o.<\/p>\n<h4 class=\"wp-block-heading\"><strong>Meios de pagamento free flow<\/strong><\/h4>\n<p>O free flow permite que os usu\u00e1rios sigam viagem sem precisar parar em cabines. Para os ve\u00edculos com TAG, o valor \u00e9 cobrado, automaticamente, pela operadora contratada e os motoristas ainda contam com descontos progressivos. J\u00e1 aqueles que n\u00e3o possuem, precisam efetuar o pagamento em at\u00e9 15 dias nos diversos canais disponibilizados pela concession\u00e1ria.<\/p>\n<h4 class=\"wp-block-heading\"><strong>Canais de pagamento para quem n\u00e3o tem TAG<\/strong><\/h4>\n<ul>\n<li>Aplicativo: Dispon\u00edvel na Apple Store, para usu\u00e1rios de iOS, e Google Play Store, para os de Android. O app, al\u00e9m de direcionar o motorista para o Ped\u00e1gio Pay, ter\u00e1 outros servi\u00e7os, como calculadora de desconto e mapa interativo.<\/li>\n<\/ul>\n<ul>\n<li>Presencialmente nos SAUS da SP-333: Atrav\u00e9s dos totens de autoatendimento. O pagamento pode ser realizado com cart\u00e3o de cr\u00e9dito, d\u00e9bito ou PIX.<\/li>\n<\/ul>\n<p>Lembrando que o n\u00e3o pagamento da tarifa \u00e9 considerado infra\u00e7\u00e3o grave pelo CTB (C\u00f3digo de Tr\u00e2nsito Brasileiro), com multa de evas\u00e3o no valor de R$ 195,23 e 5 pontos na CNH (Carteira Nacional de Habilita\u00e7\u00e3o).<\/p>\n<p>SAIBA MAIS<br \/>Fazenda da regi\u00e3o de Ribeir\u00e3o vai a leil\u00e3o por R$ 175 milh\u00f5es<\/p>\n<h4 class=\"wp-block-heading\"><strong>FIQUE ON<\/strong><\/h4>\n<p>Fique ligado em tudo que acontece em Ribeir\u00e3o Preto e regi\u00e3o. Siga os perfis do<strong> acidade on<\/strong> no <a href=\"https:\/\/www.instagram.com\/acidadeonribeirao\" target=\"_blank\" rel=\"noreferrer noopener nofollow\">Instagram<\/a> e no <a href=\"https:\/\/www.facebook.com\/acidadeonribeirao\/\" target=\"_blank\" rel=\"noreferrer noopener nofollow\">Facebook<\/a>.<\/p>\n<p>Receba not\u00edcias do<strong> acidade on <\/strong>no WhatsApp. <a href=\"https:\/\/chat.whatsapp.com\/Dtv9mxhy6V5BJBotM2OQ5k\" target=\"_blank\" rel=\"noreferrer noopener nofollow\">Para entrar no grupo, basta clicar aqui.<\/a><\/p>\n<p>Fa\u00e7a uma den\u00fancia ou sugira uma reportagem sobre Ribeir\u00e3o Preto e regi\u00e3o pelo WhatsApp: 16 99117 7802.<\/p>\n<p>VEJA TAMB\u00c9M<br \/>Qual \u00e9 o hor\u00e1rio da bandeira vermelha na conta de luz?<\/p>\n<p><!-- CONTENT END 1 -->\n<\/div>\n<p><script async src=\"\/\/www.instagram.com\/embed.js\"><\/script><br \/>\n<br \/><br \/>\n<br \/><a href=\"https:\/\/www.acidadeon.com\/ribeiraopreto\/economia\/pedagio-free-flow-comeca-a-operar-no-interior-de-sp-nesta-semana-saiba-como-funciona\/\">Source link <\/a><\/p>\n","protected":false},"excerpt":{"rendered":"<p>Os p\u00f3rticos do ped\u00e1gio free flow come\u00e7am a operar na SP-333 (rodovias Carlos Tonanni, Nem\u00e9sio Cadetti, Laurentino Mascari e Dr. M\u00e1rio Gentil), no interior de&#8230;<\/p>\n","protected":false},"author":1,"featured_media":63485,"comment_status":"open","ping_status":"open","sticky":false,"template":"","format":"standard","meta":{"_uag_custom_page_level_css":"","advanced_seo_description":"","jetpack_seo_html_title":"","jetpack_seo_noindex":false,"jetpack_post_was_ever_published":false,"_jetpack_newsletter_access":"","_jetpack_dont_email_post_to_subs":false,"_jetpack_newsletter_tier_id":0,"_jetpack_memberships_contains_paywalled_content":false,"_jetpack_memberships_contains_paid_content":false,"footnotes":"","jetpack_publicize_message":"","jetpack_publicize_feature_enabled":true,"jetpack_social_post_already_shared":true,"jetpack_social_options":{"image_generator_settings":{"template":"highway","default_image_id":0,"font":"","enabled":false},"version":2}},"categories":[11],"tags":[],"class_list":["post-63484","post","type-post","status-publish","format-standard","has-post-thumbnail","hentry","category-noticias-de-ribeirao-preto-sp-e-regiao-ismael-colosi"],"jetpack_publicize_connections":[],"jetpack_featured_media_url":"https:\/\/i0.wp.com\/ismaelcolosi.com.br\/wp-content\/uploads\/2024\/09\/pedagio-free-flow_2024-09-02_16-33-58_jpg_2024-09-02_16-33-58.webp.webp?fit=1079%2C682&ssl=1","uagb_featured_image_src":{"full":["https:\/\/i0.wp.com\/ismaelcolosi.com.br\/wp-content\/uploads\/2024\/09\/pedagio-free-flow_2024-09-02_16-33-58_jpg_2024-09-02_16-33-58.webp.webp?fit=1079%2C682&ssl=1",1079,682,false],"thumbnail":["https:\/\/i0.wp.com\/ismaelcolosi.com.br\/wp-content\/uploads\/2024\/09\/pedagio-free-flow_2024-09-02_16-33-58_jpg_2024-09-02_16-33-58.webp.webp?resize=150%2C150&ssl=1",150,150,true],"medium":["https:\/\/i0.wp.com\/ismaelcolosi.com.br\/wp-content\/uploads\/2024\/09\/pedagio-free-flow_2024-09-02_16-33-58_jpg_2024-09-02_16-33-58.webp.webp?fit=300%2C190&ssl=1",300,190,true],"medium_large":["https:\/\/i0.wp.com\/ismaelcolosi.com.br\/wp-content\/uploads\/2024\/09\/pedagio-free-flow_2024-09-02_16-33-58_jpg_2024-09-02_16-33-58.webp.webp?fit=768%2C485&ssl=1",768,485,true],"large":["https:\/\/i0.wp.com\/ismaelcolosi.com.br\/wp-content\/uploads\/2024\/09\/pedagio-free-flow_2024-09-02_16-33-58_jpg_2024-09-02_16-33-58.webp.webp?fit=1024%2C647&ssl=1",1024,647,true],"1536x1536":["https:\/\/i0.wp.com\/ismaelcolosi.com.br\/wp-content\/uploads\/2024\/09\/pedagio-free-flow_2024-09-02_16-33-58_jpg_2024-09-02_16-33-58.webp.webp?fit=1079%2C682&ssl=1",1079,682,true],"2048x2048":["https:\/\/i0.wp.com\/ismaelcolosi.com.br\/wp-content\/uploads\/2024\/09\/pedagio-free-flow_2024-09-02_16-33-58_jpg_2024-09-02_16-33-58.webp.webp?fit=1079%2C682&ssl=1",1079,682,true],"really-simple-thumb":["https:\/\/i0.wp.com\/ismaelcolosi.com.br\/wp-content\/uploads\/2024\/09\/pedagio-free-flow_2024-09-02_16-33-58_jpg_2024-09-02_16-33-58.webp.webp?resize=370%2C247&ssl=1",370,247,true]},"uagb_author_info":{"display_name":"ismaelcolosi.com.br","author_link":"https:\/\/ismaelcolosi.com.br\/index.php\/author\/vidareal-online\/"},"uagb_comment_info":0,"uagb_excerpt":"Os p\u00f3rticos do ped\u00e1gio free flow come\u00e7am a operar na SP-333 (rodovias Carlos Tonanni, Nem\u00e9sio Cadetti, Laurentino Mascari e Dr. M\u00e1rio Gentil), no interior de...","jetpack-related-posts":[{"id":63747,"url":"https:\/\/ismaelcolosi.com.br\/index.php\/2024\/09\/03\/como-funciona-o-pedagio-free-flow-sistema-comeca-a-operar-no-interior-de-sp\/","url_meta":{"origin":63484,"position":0},"title":"Como funciona o ped\u00e1gio free flow? Sistema come\u00e7a a operar no interior de SP","author":"ismaelcolosi.com.br","date":"3 de September de 2024","format":false,"excerpt":"O primeiro ped\u00e1gio free flow do estado de S\u00e3o Paulo come\u00e7a a funcionar nesta quarta-feira (4), na SP-333 (rodovias Carlos Tonanni, Nem\u00e9sio Cadetti, Laurentino Mascari e Dr. M\u00e1rio Gentil), em It\u00e1polis, no interior paulista. A nova tecnologia substitui o modelo tradicional de ped\u00e1gio e faz a cobran\u00e7a da tarifa por\u2026","rel":"","context":"In &quot;Not\u00edcias de Ribeir\u00e3o Preto-SP e Regi\u00e3o&quot;","block_context":{"text":"Not\u00edcias de Ribeir\u00e3o Preto-SP e Regi\u00e3o","link":"https:\/\/ismaelcolosi.com.br\/index.php\/category\/noticias-de-ribeirao-preto-sp-e-regiao-ismael-colosi\/"},"img":{"alt_text":"","src":"https:\/\/i0.wp.com\/ismaelcolosi.com.br\/wp-content\/uploads\/2024\/09\/2_ECONOROESTE_Portico-Free-Flow-Itapolis_SP_02_09_2024_2024-09-03_20-08-08_jpeg_2024-09-03_20-08-08.webp.webp?fit=1079%2C668&ssl=1&resize=350%2C200","width":350,"height":200,"srcset":"https:\/\/i0.wp.com\/ismaelcolosi.com.br\/wp-content\/uploads\/2024\/09\/2_ECONOROESTE_Portico-Free-Flow-Itapolis_SP_02_09_2024_2024-09-03_20-08-08_jpeg_2024-09-03_20-08-08.webp.webp?fit=1079%2C668&ssl=1&resize=350%2C200 1x, https:\/\/i0.wp.com\/ismaelcolosi.com.br\/wp-content\/uploads\/2024\/09\/2_ECONOROESTE_Portico-Free-Flow-Itapolis_SP_02_09_2024_2024-09-03_20-08-08_jpeg_2024-09-03_20-08-08.webp.webp?fit=1079%2C668&ssl=1&resize=525%2C300 1.5x, https:\/\/i0.wp.com\/ismaelcolosi.com.br\/wp-content\/uploads\/2024\/09\/2_ECONOROESTE_Portico-Free-Flow-Itapolis_SP_02_09_2024_2024-09-03_20-08-08_jpeg_2024-09-03_20-08-08.webp.webp?fit=1079%2C668&ssl=1&resize=700%2C400 2x, https:\/\/i0.wp.com\/ismaelcolosi.com.br\/wp-content\/uploads\/2024\/09\/2_ECONOROESTE_Portico-Free-Flow-Itapolis_SP_02_09_2024_2024-09-03_20-08-08_jpeg_2024-09-03_20-08-08.webp.webp?fit=1079%2C668&ssl=1&resize=1050%2C600 3x"},"classes":[]},{"id":50546,"url":"https:\/\/ismaelcolosi.com.br\/index.php\/2024\/05\/16\/entenda-como-funciona-o-pedagio-sem-cancela-em-rodovias-do-interior-de-sp\/","url_meta":{"origin":63484,"position":1},"title":"Entenda como funciona o ped\u00e1gio sem cancela em rodovias do interior de SP","author":"ismaelcolosi.com.br","date":"16 de May de 2024","format":false,"excerpt":"Motoristas de S\u00e3o Paulo devem se livrar da necessidade de parar em pra\u00e7as de ped\u00e1gio em breve. Isso porque algumas rodovias do interior do estado passar\u00e3o a receber o sistema Free Flow, que substituir\u00e1 os ped\u00e1gios de barreiras por p\u00f3rticos de cobran\u00e7a. De acordo com o governo de S\u00e3o Paulo,\u2026","rel":"","context":"In &quot;Not\u00edcias de Ribeir\u00e3o Preto-SP e Regi\u00e3o&quot;","block_context":{"text":"Not\u00edcias de Ribeir\u00e3o Preto-SP e Regi\u00e3o","link":"https:\/\/ismaelcolosi.com.br\/index.php\/category\/noticias-de-ribeirao-preto-sp-e-regiao-ismael-colosi\/"},"img":{"alt_text":"","src":"https:\/\/i0.wp.com\/ismaelcolosi.com.br\/wp-content\/uploads\/2024\/05\/FREE-FLOW.webp.webp?fit=1024%2C682&ssl=1&resize=350%2C200","width":350,"height":200,"srcset":"https:\/\/i0.wp.com\/ismaelcolosi.com.br\/wp-content\/uploads\/2024\/05\/FREE-FLOW.webp.webp?fit=1024%2C682&ssl=1&resize=350%2C200 1x, https:\/\/i0.wp.com\/ismaelcolosi.com.br\/wp-content\/uploads\/2024\/05\/FREE-FLOW.webp.webp?fit=1024%2C682&ssl=1&resize=525%2C300 1.5x, https:\/\/i0.wp.com\/ismaelcolosi.com.br\/wp-content\/uploads\/2024\/05\/FREE-FLOW.webp.webp?fit=1024%2C682&ssl=1&resize=700%2C400 2x"},"classes":[]},{"id":50241,"url":"https:\/\/ismaelcolosi.com.br\/index.php\/2024\/05\/15\/rodovia-na-regiao-de-ribeirao-e-a-primeira-no-interior-de-sp-a-implantar-pedagio-sem-cancela\/","url_meta":{"origin":63484,"position":2},"title":"Rodovia na regi\u00e3o de Ribeir\u00e3o \u00e9 a primeira no interior de SP a implantar ped\u00e1gio sem cancela","author":"ismaelcolosi.com.br","date":"15 de May de 2024","format":false,"excerpt":"A rodovia Carlos Tonani, Nem\u00e9sio Cadetti e Laurentino Mascari, no trecho entre It\u00e1polis e Jaboticabal, cidade a 57 quil\u00f4metros de Ribeir\u00e3o Preto, \u00e9 a primeira do Estado de S\u00e3o Paulo que ter\u00e1 o ped\u00e1gio sem cancela, segundo a EcoNoroeste, concession\u00e1ria que administra os trechos. Chamado \u201cFree Flow\u201d, o novo sistema\u2026","rel":"","context":"In &quot;Not\u00edcias de Ribeir\u00e3o Preto-SP e Regi\u00e3o&quot;","block_context":{"text":"Not\u00edcias de Ribeir\u00e3o Preto-SP e Regi\u00e3o","link":"https:\/\/ismaelcolosi.com.br\/index.php\/category\/noticias-de-ribeirao-preto-sp-e-regiao-ismael-colosi\/"},"img":{"alt_text":"","src":"https:\/\/i0.wp.com\/ismaelcolosi.com.br\/wp-content\/uploads\/2024\/05\/Copia-de-Copia-de-TAMANHO-EXATO-PARA-FOTOS-NO-SISTEMA-NOVO-5_2024-05-15_14-51-30_jpg_2024-05-15_14-51-30.webp.webp?fit=1200%2C675&ssl=1&resize=350%2C200","width":350,"height":200,"srcset":"https:\/\/i0.wp.com\/ismaelcolosi.com.br\/wp-content\/uploads\/2024\/05\/Copia-de-Copia-de-TAMANHO-EXATO-PARA-FOTOS-NO-SISTEMA-NOVO-5_2024-05-15_14-51-30_jpg_2024-05-15_14-51-30.webp.webp?fit=1200%2C675&ssl=1&resize=350%2C200 1x, https:\/\/i0.wp.com\/ismaelcolosi.com.br\/wp-content\/uploads\/2024\/05\/Copia-de-Copia-de-TAMANHO-EXATO-PARA-FOTOS-NO-SISTEMA-NOVO-5_2024-05-15_14-51-30_jpg_2024-05-15_14-51-30.webp.webp?fit=1200%2C675&ssl=1&resize=525%2C300 1.5x, https:\/\/i0.wp.com\/ismaelcolosi.com.br\/wp-content\/uploads\/2024\/05\/Copia-de-Copia-de-TAMANHO-EXATO-PARA-FOTOS-NO-SISTEMA-NOVO-5_2024-05-15_14-51-30_jpg_2024-05-15_14-51-30.webp.webp?fit=1200%2C675&ssl=1&resize=700%2C400 2x, https:\/\/i0.wp.com\/ismaelcolosi.com.br\/wp-content\/uploads\/2024\/05\/Copia-de-Copia-de-TAMANHO-EXATO-PARA-FOTOS-NO-SISTEMA-NOVO-5_2024-05-15_14-51-30_jpg_2024-05-15_14-51-30.webp.webp?fit=1200%2C675&ssl=1&resize=1050%2C600 3x"},"classes":[]},{"id":74575,"url":"https:\/\/ismaelcolosi.com.br\/index.php\/2024\/11\/01\/jaboticabal-inicia-operacao-do-segundo-portico-free-flow-de-sao-paulo-novo-sistema-de-pedagio-sem-parada-garante-maior-fluidez-e-praticidade\/","url_meta":{"origin":63484,"position":3},"title":"Jaboticabal Inicia Opera\u00e7\u00e3o do Segundo P\u00f3rtico Free Flow de S\u00e3o Paulo: Novo Sistema de Ped\u00e1gio sem Parada Garante Maior Fluidez e Praticidade","author":"ismaelcolosi.com.br","date":"1 de November de 2024","format":false,"excerpt":"Jaboticabal passou a operar, nesta semana, o segundo p\u00f3rtico de ped\u00e1gio Free Flow do estado de S\u00e3o Paulo, sistema que permite a passagem de ve\u00edculos sem a necessidade de parada. A tecnologia, que inaugura uma nova fase na cobran\u00e7a de ped\u00e1gios, tem como principal objetivo otimizar o tr\u00e2nsito e aumentar\u2026","rel":"","context":"In &quot;Not\u00edcias de Ribeir\u00e3o Preto-SP e Regi\u00e3o&quot;","block_context":{"text":"Not\u00edcias de Ribeir\u00e3o Preto-SP e Regi\u00e3o","link":"https:\/\/ismaelcolosi.com.br\/index.php\/category\/noticias-de-ribeirao-preto-sp-e-regiao-ismael-colosi\/"},"img":{"alt_text":"","src":"https:\/\/i0.wp.com\/ismaelcolosi.com.br\/wp-content\/uploads\/2024\/11\/pedagio-free-flow-jaboticabal-1536x864-1-768x432-1.webp.webp?fit=768%2C432&ssl=1&resize=350%2C200","width":350,"height":200,"srcset":"https:\/\/i0.wp.com\/ismaelcolosi.com.br\/wp-content\/uploads\/2024\/11\/pedagio-free-flow-jaboticabal-1536x864-1-768x432-1.webp.webp?fit=768%2C432&ssl=1&resize=350%2C200 1x, https:\/\/i0.wp.com\/ismaelcolosi.com.br\/wp-content\/uploads\/2024\/11\/pedagio-free-flow-jaboticabal-1536x864-1-768x432-1.webp.webp?fit=768%2C432&ssl=1&resize=525%2C300 1.5x, https:\/\/i0.wp.com\/ismaelcolosi.com.br\/wp-content\/uploads\/2024\/11\/pedagio-free-flow-jaboticabal-1536x864-1-768x432-1.webp.webp?fit=768%2C432&ssl=1&resize=700%2C400 2x"},"classes":[]},{"id":66447,"url":"https:\/\/ismaelcolosi.com.br\/index.php\/2024\/09\/17\/veja-quais-sao-os-meios-de-pagamento-do-pedagio-free-flow\/","url_meta":{"origin":63484,"position":4},"title":"Veja quais s\u00e3o os meios de pagamento do ped\u00e1gio free flow","author":"ismaelcolosi.com.br","date":"17 de September de 2024","format":false,"excerpt":"Um levantamento da EcoNoroeste registrou uma m\u00e9dia de 4 mil ve\u00edculos passando por dia pelo primeiro p\u00f3rtico do sistema de free flow do Estado de S\u00e3o Paulo, instalado na SP-333 (rodovias Carlos Tonanni, Nem\u00e9sio Cadetti, Laurentino Mascari e Dr. M\u00e1rio Gentil), em It\u00e1polis, no interior paulista. Deste n\u00famero, 82% dos\u2026","rel":"","context":"In &quot;Not\u00edcias de Ribeir\u00e3o Preto-SP e Regi\u00e3o&quot;","block_context":{"text":"Not\u00edcias de Ribeir\u00e3o Preto-SP e Regi\u00e3o","link":"https:\/\/ismaelcolosi.com.br\/index.php\/category\/noticias-de-ribeirao-preto-sp-e-regiao-ismael-colosi\/"},"img":{"alt_text":"","src":"https:\/\/i0.wp.com\/ismaelcolosi.com.br\/wp-content\/uploads\/2024\/09\/Free-Flow-1536x1022-1_2024-09-17_18-47-00_jpg_2024-09-17_18-47-00.webp.webp?fit=1200%2C798&ssl=1&resize=350%2C200","width":350,"height":200,"srcset":"https:\/\/i0.wp.com\/ismaelcolosi.com.br\/wp-content\/uploads\/2024\/09\/Free-Flow-1536x1022-1_2024-09-17_18-47-00_jpg_2024-09-17_18-47-00.webp.webp?fit=1200%2C798&ssl=1&resize=350%2C200 1x, https:\/\/i0.wp.com\/ismaelcolosi.com.br\/wp-content\/uploads\/2024\/09\/Free-Flow-1536x1022-1_2024-09-17_18-47-00_jpg_2024-09-17_18-47-00.webp.webp?fit=1200%2C798&ssl=1&resize=525%2C300 1.5x, https:\/\/i0.wp.com\/ismaelcolosi.com.br\/wp-content\/uploads\/2024\/09\/Free-Flow-1536x1022-1_2024-09-17_18-47-00_jpg_2024-09-17_18-47-00.webp.webp?fit=1200%2C798&ssl=1&resize=700%2C400 2x, https:\/\/i0.wp.com\/ismaelcolosi.com.br\/wp-content\/uploads\/2024\/09\/Free-Flow-1536x1022-1_2024-09-17_18-47-00_jpg_2024-09-17_18-47-00.webp.webp?fit=1200%2C798&ssl=1&resize=1050%2C600 3x"},"classes":[]},{"id":73712,"url":"https:\/\/ismaelcolosi.com.br\/index.php\/2024\/10\/28\/pedagio-eletronico-comeca-a-operar-nesta-semana-na-regiao-de-ribeirao-preto\/","url_meta":{"origin":63484,"position":5},"title":"Ped\u00e1gio eletr\u00f4nico come\u00e7a a operar nesta semana na regi\u00e3o de Ribeir\u00e3o Preto","author":"ismaelcolosi.com.br","date":"28 de October de 2024","format":false,"excerpt":"A primeira pra\u00e7a do ped\u00e1gio free flow, o ped\u00e1gio eletr\u00f4nico, come\u00e7a a operar nesta semana na regi\u00e3o de Ribeir\u00e3o Preto. O p\u00f3rtico ficar\u00e1 na altura do quil\u00f4metro 110 da rodovia Carlos Tonanni (SP-333), em Jaboticabal, e come\u00e7a a funcionar na pr\u00f3xima sexta-feira (1\u00ba de novembro). A nova tecnologia de ped\u00e1gio\u2026","rel":"","context":"In &quot;Not\u00edcias de Ribeir\u00e3o Preto-SP e Regi\u00e3o&quot;","block_context":{"text":"Not\u00edcias de Ribeir\u00e3o Preto-SP e Regi\u00e3o","link":"https:\/\/ismaelcolosi.com.br\/index.php\/category\/noticias-de-ribeirao-preto-sp-e-regiao-ismael-colosi\/"},"img":{"alt_text":"","src":"https:\/\/i0.wp.com\/ismaelcolosi.com.br\/wp-content\/uploads\/2024\/09\/pedagio-free-flow_2024-09-02_16-33-58_jpg_2024-09-02_16-33-58.webp.webp?fit=1079%2C682&ssl=1&resize=350%2C200","width":350,"height":200,"srcset":"https:\/\/i0.wp.com\/ismaelcolosi.com.br\/wp-content\/uploads\/2024\/09\/pedagio-free-flow_2024-09-02_16-33-58_jpg_2024-09-02_16-33-58.webp.webp?fit=1079%2C682&ssl=1&resize=350%2C200 1x, https:\/\/i0.wp.com\/ismaelcolosi.com.br\/wp-content\/uploads\/2024\/09\/pedagio-free-flow_2024-09-02_16-33-58_jpg_2024-09-02_16-33-58.webp.webp?fit=1079%2C682&ssl=1&resize=525%2C300 1.5x, https:\/\/i0.wp.com\/ismaelcolosi.com.br\/wp-content\/uploads\/2024\/09\/pedagio-free-flow_2024-09-02_16-33-58_jpg_2024-09-02_16-33-58.webp.webp?fit=1079%2C682&ssl=1&resize=700%2C400 2x, https:\/\/i0.wp.com\/ismaelcolosi.com.br\/wp-content\/uploads\/2024\/09\/pedagio-free-flow_2024-09-02_16-33-58_jpg_2024-09-02_16-33-58.webp.webp?fit=1079%2C682&ssl=1&resize=1050%2C600 3x"},"classes":[]}],"jetpack_sharing_enabled":true,"jetpack_shortlink":"https:\/\/wp.me\/pfMlyK-gvW","_links":{"self":[{"href":"https:\/\/ismaelcolosi.com.br\/index.php\/wp-json\/wp\/v2\/posts\/63484","targetHints":{"allow":["GET"]}}],"collection":[{"href":"https:\/\/ismaelcolosi.com.br\/index.php\/wp-json\/wp\/v2\/posts"}],"about":[{"href":"https:\/\/ismaelcolosi.com.br\/index.php\/wp-json\/wp\/v2\/types\/post"}],"author":[{"embeddable":true,"href":"https:\/\/ismaelcolosi.com.br\/index.php\/wp-json\/wp\/v2\/users\/1"}],"replies":[{"embeddable":true,"href":"https:\/\/ismaelcolosi.com.br\/index.php\/wp-json\/wp\/v2\/comments?post=63484"}],"version-history":[{"count":0,"href":"https:\/\/ismaelcolosi.com.br\/index.php\/wp-json\/wp\/v2\/posts\/63484\/revisions"}],"wp:featuredmedia":[{"embeddable":true,"href":"https:\/\/ismaelcolosi.com.br\/index.php\/wp-json\/wp\/v2\/media\/63485"}],"wp:attachment":[{"href":"https:\/\/ismaelcolosi.com.br\/index.php\/wp-json\/wp\/v2\/media?parent=63484"}],"wp:term":[{"taxonomy":"category","embeddable":true,"href":"https:\/\/ismaelcolosi.com.br\/index.php\/wp-json\/wp\/v2\/categories?post=63484"},{"taxonomy":"post_tag","embeddable":true,"href":"https:\/\/ismaelcolosi.com.br\/index.php\/wp-json\/wp\/v2\/tags?post=63484"}],"curies":[{"name":"wp","href":"https:\/\/api.w.org\/{rel}","templated":true}]}}