{"id":63479,"date":"2024-09-02T14:00:10","date_gmt":"2024-09-02T17:00:10","guid":{"rendered":"https:\/\/ismaelcolosi.com.br\/index.php\/2024\/09\/02\/bebe-de-3-meses-morre-com-suspeita-de-engasgo-em-ribeirao-preto\/"},"modified":"2024-09-02T14:00:10","modified_gmt":"2024-09-02T17:00:10","slug":"bebe-de-3-meses-morre-com-suspeita-de-engasgo-em-ribeirao-preto","status":"publish","type":"post","link":"https:\/\/ismaelcolosi.com.br\/index.php\/2024\/09\/02\/bebe-de-3-meses-morre-com-suspeita-de-engasgo-em-ribeirao-preto\/","title":{"rendered":"Beb\u00ea de 3 meses morre com suspeita de engasgo em Ribeir\u00e3o Preto"},"content":{"rendered":"<p> <br \/>\n<\/p>\n<div data-td-block-uid=\"tdi_106\">\n<div class=\"tdb-block-inner td-fix-index\">\n<p><strong>Uma beb\u00ea de 3 meses morreu na manh\u00e3 do \u00faltimo s\u00e1bado (31) com suspeita de engasgamento ap\u00f3s a amamenta\u00e7\u00e3o em casa, no Jardim Orestes Lopes de Camargo, zona Norte de Ribeir\u00e3o Preto.<\/strong><\/p>\n<p>Segundo o <strong>boletim de ocorr\u00eancia (BO)<\/strong>, a <strong>crian\u00e7a <\/strong>foi levada para a <strong>UPA Norte<\/strong> j\u00e1 sem a <strong>pulsa\u00e7\u00e3o<\/strong>, quando foi foi realizada <strong>massagem card\u00edaca <\/strong>durante 20 minutos, mas sem sucesso.<\/p>\n<p><mark style=\"background-color:#fcb900\" class=\"has-inline-color has-black-color\">Ainda consta no BO que a beb\u00ea foi amamentada \u00e0s 6h30 e que, sem realizar o arroto, teria adormecido com a m\u00e3e.<\/mark><\/p>\n<p>Ao perceber que a <strong>beb\u00ea <\/strong>n\u00e3o estava bem, a pr\u00f3pria <strong>m\u00e3e <\/strong>a levou at\u00e9 a <strong>unidade <\/strong>De <strong>sa\u00fade<\/strong>.<\/p>\n<p>A <strong>m\u00e9dica <\/strong>que atestou a morte constou o <strong>engasgo <\/strong>como <strong>suspeita<\/strong>, conforme o <strong>BO<\/strong>.<\/p>\n<p>O caso foi registrado na <strong>CPJ (Central de Pol\u00edcia Judici\u00e1ria) Permanente<\/strong> como <strong>morte suspeita e s\u00fabita sem causa determinante aparente<\/strong> para investiga\u00e7\u00e3o da Pol\u00edcia Civil.<\/p>\n<h4 class=\"wp-block-heading\"><strong>Orienta\u00e7\u00e3o<\/strong><\/h4>\n<p>O <strong>Corpo de Bombeiros<\/strong> publicou uma cartilha com <strong>dicas <\/strong>para envitar o <strong>engasgamento <\/strong>de <strong>beb\u00eas<\/strong>. Entre as <strong>orienta\u00e7\u00f5es <\/strong>\u00e0 <strong>m\u00e3e <\/strong>est\u00e3o: <\/p>\n<ul>\n<li><strong>Nunca amamentar a crian\u00e7a se estiver deitada<\/strong>, pois as chances tanto da m\u00e3e dormir, quanto do beb\u00ea sufocar s\u00e3o maiores<\/li>\n<\/ul>\n<ul>\n<li><strong>Aguardar 15 minutos antes de deitar o beb\u00ea na cama ou no ber\u00e7o<\/strong>, mesmo que ele j\u00e1 tenha arrotado<\/li>\n<\/ul>\n<p><a href=\"http:\/\/www.ccb.policiamilitar.sp.gov.br\/portalcb\/_educacao-publica\/midias-edpub\/folders\/pdf\/ENGASGAMENTO-DE-BEBE.pdf\" target=\"_blank\" rel=\"noreferrer noopener\">Clique aqui<\/a> e confira a cartilha completa, que tamb\u00e9m ensina a fazer a manobra para tentar reverter o quadro.<\/p>\n<p>SAIBA MAIS<\/p>\n<p>Homem morre em Ribeir\u00e3o ap\u00f3s se engasgar com peda\u00e7o de carne<\/p>\n<h4 class=\"wp-block-heading\"><strong>FIQUE ON<\/strong><\/h4>\n<p>Fique ligado em tudo que acontece em Ribeir\u00e3o Preto e regi\u00e3o. Siga os perfis do<strong>\u00a0acidade on<\/strong>\u00a0no\u00a0<a href=\"https:\/\/www.instagram.com\/acidadeonribeirao\" target=\"_blank\" rel=\"noreferrer noopener\">Instagram<\/a>\u00a0e no\u00a0<a href=\"https:\/\/www.facebook.com\/acidadeonribeirao\/\" target=\"_blank\" rel=\"noreferrer noopener\">Facebook<\/a>.<\/p>\n<p>Receba not\u00edcias do\u00a0<strong>acidade on\u00a0<\/strong>no WhatsApp.\u00a0<a href=\"https:\/\/chat.whatsapp.com\/Dtv9mxhy6V5BJBotM2OQ5k\" target=\"_blank\" rel=\"noreferrer noopener\">Para entrar no grupo, basta clicar aqui.<\/a><\/p>\n<p>Fa\u00e7a uma den\u00fancia ou sugira uma reportagem sobre Ribeir\u00e3o Preto e regi\u00e3o pelo WhatsApp: 16 99117 7802.<\/p>\n<p>VEJA TAMB\u00c9M<\/p>\n<p>Qual \u00e9 a fortuna de Magic Johnson?<\/p>\n<p><!-- CONTENT END 1 -->\n<\/div>\n<\/div>\n<p><script async src=\"\/\/www.instagram.com\/embed.js\"><\/script><br \/>\n<br \/><br \/>\n<br \/><a href=\"https:\/\/www.acidadeon.com\/ribeiraopreto\/cotidiano\/bebe-de-3-meses-morre-com-suspeita-de-engasgo-em-ribeirao-preto\/\">Source link <\/a><\/p>\n","protected":false},"excerpt":{"rendered":"<p>Uma beb\u00ea de 3 meses morreu na manh\u00e3 do \u00faltimo s\u00e1bado (31) com suspeita de engasgamento ap\u00f3s a amamenta\u00e7\u00e3o em casa, no Jardim Orestes Lopes&#8230;<\/p>\n","protected":false},"author":1,"featured_media":63480,"comment_status":"open","ping_status":"open","sticky":false,"template":"","format":"standard","meta":{"_uag_custom_page_level_css":"","advanced_seo_description":"","jetpack_seo_html_title":"","jetpack_seo_noindex":false,"jetpack_post_was_ever_published":false,"_jetpack_newsletter_access":"","_jetpack_dont_email_post_to_subs":false,"_jetpack_newsletter_tier_id":0,"_jetpack_memberships_contains_paywalled_content":false,"_jetpack_memberships_contains_paid_content":false,"footnotes":"","jetpack_publicize_message":"","jetpack_publicize_feature_enabled":true,"jetpack_social_post_already_shared":true,"jetpack_social_options":{"image_generator_settings":{"template":"highway","default_image_id":0,"font":"","enabled":false},"version":2}},"categories":[11],"tags":[],"class_list":["post-63479","post","type-post","status-publish","format-standard","has-post-thumbnail","hentry","category-noticias-de-ribeirao-preto-sp-e-regiao-ismael-colosi"],"jetpack_publicize_connections":[],"jetpack_featured_media_url":"https:\/\/i0.wp.com\/ismaelcolosi.com.br\/wp-content\/uploads\/2024\/09\/UPA-NORTE.jpg?fit=1623%2C1080&ssl=1","uagb_featured_image_src":{"full":["https:\/\/i0.wp.com\/ismaelcolosi.com.br\/wp-content\/uploads\/2024\/09\/UPA-NORTE.jpg?fit=1623%2C1080&ssl=1",1623,1080,false],"thumbnail":["https:\/\/i0.wp.com\/ismaelcolosi.com.br\/wp-content\/uploads\/2024\/09\/UPA-NORTE.jpg?resize=150%2C150&ssl=1",150,150,true],"medium":["https:\/\/i0.wp.com\/ismaelcolosi.com.br\/wp-content\/uploads\/2024\/09\/UPA-NORTE.jpg?fit=300%2C200&ssl=1",300,200,true],"medium_large":["https:\/\/i0.wp.com\/ismaelcolosi.com.br\/wp-content\/uploads\/2024\/09\/UPA-NORTE.jpg?fit=768%2C511&ssl=1",768,511,true],"large":["https:\/\/i0.wp.com\/ismaelcolosi.com.br\/wp-content\/uploads\/2024\/09\/UPA-NORTE.jpg?fit=1024%2C681&ssl=1",1024,681,true],"1536x1536":["https:\/\/i0.wp.com\/ismaelcolosi.com.br\/wp-content\/uploads\/2024\/09\/UPA-NORTE.jpg?fit=1536%2C1022&ssl=1",1536,1022,true],"2048x2048":["https:\/\/i0.wp.com\/ismaelcolosi.com.br\/wp-content\/uploads\/2024\/09\/UPA-NORTE.jpg?fit=1623%2C1080&ssl=1",1623,1080,true],"really-simple-thumb":["https:\/\/i0.wp.com\/ismaelcolosi.com.br\/wp-content\/uploads\/2024\/09\/UPA-NORTE.jpg?resize=370%2C247&ssl=1",370,247,true]},"uagb_author_info":{"display_name":"ismaelcolosi.com.br","author_link":"https:\/\/ismaelcolosi.com.br\/index.php\/author\/vidareal-online\/"},"uagb_comment_info":0,"uagb_excerpt":"Uma beb\u00ea de 3 meses morreu na manh\u00e3 do \u00faltimo s\u00e1bado (31) com suspeita de engasgamento ap\u00f3s a amamenta\u00e7\u00e3o em casa, no Jardim Orestes Lopes...","jetpack-related-posts":[{"id":57783,"url":"https:\/\/ismaelcolosi.com.br\/index.php\/2024\/07\/24\/bebe-morre-apos-cair-em-piscina-e-sofrer-acidente-de-carro-durante-socorro\/","url_meta":{"origin":63479,"position":0},"title":"Beb\u00ea morre ap\u00f3s cair em piscina e sofrer acidente de carro durante socorro","author":"ismaelcolosi.com.br","date":"24 de July de 2024","format":false,"excerpt":"Um beb\u00ea morreu na tarde desta ter\u00e7a-feira (23), depois de ser resgatado em uma piscina e sofrer um acidente de carro, enquanto estava sendo socorrido pela fam\u00edlia, em Patroc\u00ednio Paulista, cidade a aproximadamente 100 quil\u00f4metros de Ribeir\u00e3o Preto. Segundo o boletim de ocorr\u00eancia (BO), a av\u00f3 disse que a neta,\u2026","rel":"","context":"In &quot;Not\u00edcias de Ribeir\u00e3o Preto-SP e Regi\u00e3o&quot;","block_context":{"text":"Not\u00edcias de Ribeir\u00e3o Preto-SP e Regi\u00e3o","link":"https:\/\/ismaelcolosi.com.br\/index.php\/category\/noticias-de-ribeirao-preto-sp-e-regiao-ismael-colosi\/"},"img":{"alt_text":"","src":"https:\/\/i0.wp.com\/ismaelcolosi.com.br\/wp-content\/uploads\/2024\/07\/53408978572_b00e8879d4_k.jpg?fit=1200%2C800&ssl=1&resize=350%2C200","width":350,"height":200,"srcset":"https:\/\/i0.wp.com\/ismaelcolosi.com.br\/wp-content\/uploads\/2024\/07\/53408978572_b00e8879d4_k.jpg?fit=1200%2C800&ssl=1&resize=350%2C200 1x, https:\/\/i0.wp.com\/ismaelcolosi.com.br\/wp-content\/uploads\/2024\/07\/53408978572_b00e8879d4_k.jpg?fit=1200%2C800&ssl=1&resize=525%2C300 1.5x, https:\/\/i0.wp.com\/ismaelcolosi.com.br\/wp-content\/uploads\/2024\/07\/53408978572_b00e8879d4_k.jpg?fit=1200%2C800&ssl=1&resize=700%2C400 2x, https:\/\/i0.wp.com\/ismaelcolosi.com.br\/wp-content\/uploads\/2024\/07\/53408978572_b00e8879d4_k.jpg?fit=1200%2C800&ssl=1&resize=1050%2C600 3x"},"classes":[]},{"id":21840,"url":"https:\/\/ismaelcolosi.com.br\/index.php\/2023\/12\/28\/bebe-de-apenas-11-meses-e-encontrado-morto-no-berco-suspeita-da-morte-gera-temor-em-pais\/","url_meta":{"origin":63479,"position":1},"title":"Beb\u00ea de apenas 11 meses \u00e9 encontrado morto no ber\u00e7o; suspeita da morte gera temor em pais","author":"ismaelcolosi.com.br","date":"28 de December de 2023","format":false,"excerpt":"Um tr\u00e1gico incidente chocou os moradores de Senador Cortes, na regi\u00e3o da Zona da Mata mineira, ap\u00f3s um beb\u00ea de apenas 11 meses ter sido encontrado sem vida em seu ber\u00e7o.Segundo informa\u00e7\u00f5es da pol\u00edcia local, a suspeita \u00e9 de que a crian\u00e7a tenha sufocado enquanto dormia com um objeto de\u2026","rel":"","context":"In &quot;Blog&quot;","block_context":{"text":"Blog","link":"https:\/\/ismaelcolosi.com.br\/index.php\/category\/blog\/"},"img":{"alt_text":"","src":"https:\/\/i0.wp.com\/ismaelcolosi.com.br\/wp-content\/uploads\/2023\/12\/postimg-658dc7057dd7d7424.jpg?fit=1200%2C628&ssl=1&resize=350%2C200","width":350,"height":200,"srcset":"https:\/\/i0.wp.com\/ismaelcolosi.com.br\/wp-content\/uploads\/2023\/12\/postimg-658dc7057dd7d7424.jpg?fit=1200%2C628&ssl=1&resize=350%2C200 1x, https:\/\/i0.wp.com\/ismaelcolosi.com.br\/wp-content\/uploads\/2023\/12\/postimg-658dc7057dd7d7424.jpg?fit=1200%2C628&ssl=1&resize=525%2C300 1.5x, https:\/\/i0.wp.com\/ismaelcolosi.com.br\/wp-content\/uploads\/2023\/12\/postimg-658dc7057dd7d7424.jpg?fit=1200%2C628&ssl=1&resize=700%2C400 2x, https:\/\/i0.wp.com\/ismaelcolosi.com.br\/wp-content\/uploads\/2023\/12\/postimg-658dc7057dd7d7424.jpg?fit=1200%2C628&ssl=1&resize=1050%2C600 3x"},"classes":[]},{"id":52471,"url":"https:\/\/ismaelcolosi.com.br\/index.php\/2024\/06\/06\/bebe-de-5-meses-morre-na-regiao-de-ribeirao-preto-com-suspeita-de-dengue\/","url_meta":{"origin":63479,"position":2},"title":"Beb\u00ea de 5 meses morre na regi\u00e3o de Ribeir\u00e3o Preto com suspeita de dengue","author":"ismaelcolosi.com.br","date":"6 de June de 2024","format":false,"excerpt":"A Secretaria da Sa\u00fade de Monte Alto, na regi\u00e3o de Ribeir\u00e3o Preto, investiga a morte de um beb\u00ea de apenas 5 meses por suspeita de dengue. A v\u00edtima chegou a ficar internada na Santa Casa da cidade, mas acabou morrendo nesta quarta-feira (05). Em entrevista a EPTV, os familiares de\u2026","rel":"","context":"In &quot;Not\u00edcias de Ribeir\u00e3o Preto-SP e Regi\u00e3o&quot;","block_context":{"text":"Not\u00edcias de Ribeir\u00e3o Preto-SP e Regi\u00e3o","link":"https:\/\/ismaelcolosi.com.br\/index.php\/category\/noticias-de-ribeirao-preto-sp-e-regiao-ismael-colosi\/"},"img":{"alt_text":"","src":"https:\/\/i0.wp.com\/ismaelcolosi.com.br\/wp-content\/uploads\/2024\/06\/1717716794_acidadeon_logos_Prancheta-1-copia-12_edited.jpg?fit=1199%2C1200&ssl=1&resize=350%2C200","width":350,"height":200,"srcset":"https:\/\/i0.wp.com\/ismaelcolosi.com.br\/wp-content\/uploads\/2024\/06\/1717716794_acidadeon_logos_Prancheta-1-copia-12_edited.jpg?fit=1199%2C1200&ssl=1&resize=350%2C200 1x, https:\/\/i0.wp.com\/ismaelcolosi.com.br\/wp-content\/uploads\/2024\/06\/1717716794_acidadeon_logos_Prancheta-1-copia-12_edited.jpg?fit=1199%2C1200&ssl=1&resize=525%2C300 1.5x, https:\/\/i0.wp.com\/ismaelcolosi.com.br\/wp-content\/uploads\/2024\/06\/1717716794_acidadeon_logos_Prancheta-1-copia-12_edited.jpg?fit=1199%2C1200&ssl=1&resize=700%2C400 2x, https:\/\/i0.wp.com\/ismaelcolosi.com.br\/wp-content\/uploads\/2024\/06\/1717716794_acidadeon_logos_Prancheta-1-copia-12_edited.jpg?fit=1199%2C1200&ssl=1&resize=1050%2C600 3x"},"classes":[]},{"id":13316,"url":"https:\/\/ismaelcolosi.com.br\/index.php\/2023\/12\/09\/mae-e-suspeita-de-tirar-a-vida-de-seu-filho-de-3-meses-de-uma-forma-cruel-detalhes-expostos-e-geram-repudio\/","url_meta":{"origin":63479,"position":3},"title":"M\u00e3e \u00e9 suspeita de tirar a vida de seu filho de 3 meses de uma forma cruel, detalhes expostos e geram rep\u00fadio","author":"ismaelcolosi.com.br","date":"9 de December de 2023","format":false,"excerpt":"Um crime b\u00e1rbaro chocou a popula\u00e7\u00e3o de uma cidade deixando at\u00e9 mesmo os agentes de seguran\u00e7a sem palavras diante de tal monstruosidade.Na tarde desta sexta-feira (8), os socorristas do Corpo de Bombeiros foram chamados para responder a uma situa\u00e7\u00e3o envolvendo um beb\u00ea de cerca de 3 meses, que teria sido\u2026","rel":"","context":"In &quot;Blog&quot;","block_context":{"text":"Blog","link":"https:\/\/ismaelcolosi.com.br\/index.php\/category\/blog\/"},"img":{"alt_text":"","src":"https:\/\/i0.wp.com\/ismaelcolosi.com.br\/wp-content\/uploads\/2023\/12\/postimg-6574daaeb1ab37426.jpg?fit=1200%2C628&ssl=1&resize=350%2C200","width":350,"height":200,"srcset":"https:\/\/i0.wp.com\/ismaelcolosi.com.br\/wp-content\/uploads\/2023\/12\/postimg-6574daaeb1ab37426.jpg?fit=1200%2C628&ssl=1&resize=350%2C200 1x, https:\/\/i0.wp.com\/ismaelcolosi.com.br\/wp-content\/uploads\/2023\/12\/postimg-6574daaeb1ab37426.jpg?fit=1200%2C628&ssl=1&resize=525%2C300 1.5x, https:\/\/i0.wp.com\/ismaelcolosi.com.br\/wp-content\/uploads\/2023\/12\/postimg-6574daaeb1ab37426.jpg?fit=1200%2C628&ssl=1&resize=700%2C400 2x, https:\/\/i0.wp.com\/ismaelcolosi.com.br\/wp-content\/uploads\/2023\/12\/postimg-6574daaeb1ab37426.jpg?fit=1200%2C628&ssl=1&resize=1050%2C600 3x"},"classes":[]},{"id":14093,"url":"https:\/\/ismaelcolosi.com.br\/index.php\/2023\/12\/11\/utm_sourcerssutm_mediumrssutm_campaignhomicidio-culposo-policia-investiga-morte-de-bebe-de-1-ano-que-ocorreu-em-ribeirao-preto\/","url_meta":{"origin":63479,"position":4},"title":"Pol\u00edcia investiga morte de beb\u00ea de 1 ano que ocorreu em Ribeir\u00e3o Preto \u2013 X Tudo Ribeir\u00e3o","author":"ismaelcolosi.com.br","date":"11 de December de 2023","format":false,"excerpt":"A Pol\u00edcia Civil investiga a morte de uma bebezinha de 1 ano que ocorreu na madrugada da \u00faltima sexta-feira (8\/12), em uma comunidade situada na rua Palmiro Bim, no Parque dos Pinos, na zona Norte de Ribeir\u00e3o Preto.\u00a0 Segundo informa\u00e7\u00f5es do B.O (boletim de ocorr\u00eancia), o pai da crian\u00e7a contou\u2026","rel":"","context":"In &quot;Not\u00edcias de Ribeir\u00e3o Preto-SP e Regi\u00e3o&quot;","block_context":{"text":"Not\u00edcias de Ribeir\u00e3o Preto-SP e Regi\u00e3o","link":"https:\/\/ismaelcolosi.com.br\/index.php\/category\/noticias-de-ribeirao-preto-sp-e-regiao-ismael-colosi\/"},"img":{"alt_text":"","src":"https:\/\/i0.wp.com\/ismaelcolosi.com.br\/wp-content\/uploads\/2023\/12\/bebe-Pixabay.jpg?fit=960%2C640&ssl=1&resize=350%2C200","width":350,"height":200,"srcset":"https:\/\/i0.wp.com\/ismaelcolosi.com.br\/wp-content\/uploads\/2023\/12\/bebe-Pixabay.jpg?fit=960%2C640&ssl=1&resize=350%2C200 1x, https:\/\/i0.wp.com\/ismaelcolosi.com.br\/wp-content\/uploads\/2023\/12\/bebe-Pixabay.jpg?fit=960%2C640&ssl=1&resize=525%2C300 1.5x, https:\/\/i0.wp.com\/ismaelcolosi.com.br\/wp-content\/uploads\/2023\/12\/bebe-Pixabay.jpg?fit=960%2C640&ssl=1&resize=700%2C400 2x"},"classes":[]},{"id":54334,"url":"https:\/\/ismaelcolosi.com.br\/index.php\/2024\/06\/24\/homem-morre-apos-passar-mal-em-churrasco-na-regiao-de-ribeirao-preto\/","url_meta":{"origin":63479,"position":5},"title":"Homem morre ap\u00f3s passar mal em churrasco na regi\u00e3o de Ribeir\u00e3o Preto","author":"ismaelcolosi.com.br","date":"24 de June de 2024","format":false,"excerpt":"Um homem de 60 anos morreu no \u00faltimo s\u00e1bado (22), depois de passar mal durante um churrasco com familiares em uma resid\u00eancia no Jardim Santa Ana, em Luiz Ant\u00f4nio, cidade a aproximadamente 50 quil\u00f4metros de Ribeir\u00e3o Preto. Segundo o boletim de ocorr\u00eancia (BO), registrado por uma sobrinha da v\u00edtima, o\u2026","rel":"","context":"In &quot;Not\u00edcias de Ribeir\u00e3o Preto-SP e Regi\u00e3o&quot;","block_context":{"text":"Not\u00edcias de Ribeir\u00e3o Preto-SP e Regi\u00e3o","link":"https:\/\/ismaelcolosi.com.br\/index.php\/category\/noticias-de-ribeirao-preto-sp-e-regiao-ismael-colosi\/"},"img":{"alt_text":"","src":"https:\/\/i0.wp.com\/ismaelcolosi.com.br\/wp-content\/uploads\/2024\/06\/SAMU.jpg?fit=1200%2C1012&ssl=1&resize=350%2C200","width":350,"height":200,"srcset":"https:\/\/i0.wp.com\/ismaelcolosi.com.br\/wp-content\/uploads\/2024\/06\/SAMU.jpg?fit=1200%2C1012&ssl=1&resize=350%2C200 1x, https:\/\/i0.wp.com\/ismaelcolosi.com.br\/wp-content\/uploads\/2024\/06\/SAMU.jpg?fit=1200%2C1012&ssl=1&resize=525%2C300 1.5x, https:\/\/i0.wp.com\/ismaelcolosi.com.br\/wp-content\/uploads\/2024\/06\/SAMU.jpg?fit=1200%2C1012&ssl=1&resize=700%2C400 2x, https:\/\/i0.wp.com\/ismaelcolosi.com.br\/wp-content\/uploads\/2024\/06\/SAMU.jpg?fit=1200%2C1012&ssl=1&resize=1050%2C600 3x"},"classes":[]}],"jetpack_sharing_enabled":true,"jetpack_shortlink":"https:\/\/wp.me\/pfMlyK-gvR","_links":{"self":[{"href":"https:\/\/ismaelcolosi.com.br\/index.php\/wp-json\/wp\/v2\/posts\/63479","targetHints":{"allow":["GET"]}}],"collection":[{"href":"https:\/\/ismaelcolosi.com.br\/index.php\/wp-json\/wp\/v2\/posts"}],"about":[{"href":"https:\/\/ismaelcolosi.com.br\/index.php\/wp-json\/wp\/v2\/types\/post"}],"author":[{"embeddable":true,"href":"https:\/\/ismaelcolosi.com.br\/index.php\/wp-json\/wp\/v2\/users\/1"}],"replies":[{"embeddable":true,"href":"https:\/\/ismaelcolosi.com.br\/index.php\/wp-json\/wp\/v2\/comments?post=63479"}],"version-history":[{"count":0,"href":"https:\/\/ismaelcolosi.com.br\/index.php\/wp-json\/wp\/v2\/posts\/63479\/revisions"}],"wp:featuredmedia":[{"embeddable":true,"href":"https:\/\/ismaelcolosi.com.br\/index.php\/wp-json\/wp\/v2\/media\/63480"}],"wp:attachment":[{"href":"https:\/\/ismaelcolosi.com.br\/index.php\/wp-json\/wp\/v2\/media?parent=63479"}],"wp:term":[{"taxonomy":"category","embeddable":true,"href":"https:\/\/ismaelcolosi.com.br\/index.php\/wp-json\/wp\/v2\/categories?post=63479"},{"taxonomy":"post_tag","embeddable":true,"href":"https:\/\/ismaelcolosi.com.br\/index.php\/wp-json\/wp\/v2\/tags?post=63479"}],"curies":[{"name":"wp","href":"https:\/\/api.w.org\/{rel}","templated":true}]}}