{"id":63466,"date":"2024-09-02T13:20:09","date_gmt":"2024-09-02T16:20:09","guid":{"rendered":"https:\/\/ismaelcolosi.com.br\/index.php\/2024\/09\/02\/bebidas-importadas-anabolizantes-e-ipads-sao-apreendidos-em-ribeirao-preto\/"},"modified":"2024-09-02T13:20:09","modified_gmt":"2024-09-02T16:20:09","slug":"bebidas-importadas-anabolizantes-e-ipads-sao-apreendidos-em-ribeirao-preto","status":"publish","type":"post","link":"https:\/\/ismaelcolosi.com.br\/index.php\/2024\/09\/02\/bebidas-importadas-anabolizantes-e-ipads-sao-apreendidos-em-ribeirao-preto\/","title":{"rendered":"Bebidas importadas, anabolizantes e iPads s\u00e3o apreendidos em Ribeir\u00e3o Preto"},"content":{"rendered":"<p> <br \/>\n<\/p>\n<div data-td-block-uid=\"tdi_106\">\n<div class=\"tdb-block-inner td-fix-index\">\n<p>A <strong><a href=\"https:\/\/www.gov.br\/receitafederal\/pt-br\" target=\"_blank\" rel=\"noreferrer noopener nofollow\">Receita Federal <\/a><\/strong>apreendeu R$ 400 mil em mercadorias entre <mark style=\"background-color:#fcb900\" class=\"has-inline-color has-black-color\">bebidas importadas, anabolizantes e iPads<\/mark> em uma opera\u00e7\u00e3o no <strong>Centro de Tratamento de Cartas e Encomendas dos Correios de Ribeir\u00e3o Preto<\/strong>, na \u00faltima sexta-feira (30).<\/p>\n<p>De acordo com a Receita Federal, os anabolizantes apreendidos n\u00e3o tinham autoriza\u00e7\u00e3o da<strong><a href=\"https:\/\/www.gov.br\/anvisa\/pt-br\" target=\"_blank\" rel=\"noreferrer noopener nofollow\"> Anvisa (Ag\u00eancia Nacional de Vigil\u00e2ncia Sanit\u00e1ria)<\/a><\/strong>. J\u00e1 os vinhos argentinos estavam sem r\u00f3tulo em portugu\u00eas, identifica\u00e7\u00e3o do importador e falta de registro no <a href=\"https:\/\/www.gov.br\/agricultura\/pt-br\" target=\"_blank\" rel=\"noreferrer noopener nofollow\">Mapa (Minist\u00e9rio da Agricultura e Pecu\u00e1ria).<\/a><\/p>\n<p>O \u00f3rg\u00e3o informou que os donos das mercadorias poder\u00e3o receber os produtos de volta, caso seja comprovada a regulariza\u00e7\u00e3o da importa\u00e7\u00e3o. Caso n\u00e3o seja comprovado, ser\u00e1 aplicada a pena de perdimento e destinadas conforme previs\u00f5es legais, dentre elas o <strong><a href=\"https:\/\/www.gov.br\/receitafederal\/pt-br\/acesso-a-informacao\/acoes-e-programas\/cidadania-fiscal\/novos-destinos\" target=\"_blank\" rel=\"noreferrer noopener nofollow\">Programa Receita Cidad\u00e3: Uma Receita de Transforma\u00e7\u00e3o Social<\/a><\/strong>.<\/p>\n<h4 class=\"wp-block-heading\"><strong>Apreens\u00e3o de drogas<\/strong><\/h4>\n<p>Al\u00e9m destas mercadorias, foram apreendidos 635g de subst\u00e2ncias entorpecentes, como maconha e coca\u00edna, que foram encaminhadas \u00e0 <strong>Pol\u00edcia Civil <\/strong>para investiga\u00e7\u00e3o.<\/p>\n<p>SAIBA MAIS<br \/>Fazenda da regi\u00e3o de Ribeir\u00e3o vai a leil\u00e3o por R$ 175 milh\u00f5es<\/p>\n<h4 class=\"wp-block-heading\"><strong>FIQUE ON<\/strong><\/h4>\n<p>Fique ligado em tudo que acontece em Ribeir\u00e3o Preto e regi\u00e3o. Siga os perfis do <strong>acidade on<\/strong> no <a href=\"https:\/\/www.instagram.com\/acidadeonribeirao\" target=\"_blank\" rel=\"noreferrer noopener nofollow\">Instagram<\/a> e no <a href=\"https:\/\/www.facebook.com\/acidadeonribeirao\/\" target=\"_blank\" rel=\"noreferrer noopener nofollow\">Facebook<\/a>.<\/p>\n<p>Receba not\u00edcias do<strong> acidade on <\/strong>no WhatsApp. <a href=\"https:\/\/chat.whatsapp.com\/Dtv9mxhy6V5BJBotM2OQ5k\" target=\"_blank\" rel=\"noreferrer noopener nofollow\">Para entrar no grupo, basta clicar aqui.<\/a><\/p>\n<p>Fa\u00e7a uma den\u00fancia ou sugira uma reportagem sobre Ribeir\u00e3o Preto e regi\u00e3o pelo WhatsApp: 16 99117 7802.<\/p>\n<p>VEJA TAMB\u00c9M<br \/>Qual \u00e9 o hor\u00e1rio da bandeira vermelha na conta de luz?<\/p>\n<p><!-- CONTENT END 1 -->\n<\/div>\n<\/div>\n<p><script async src=\"\/\/www.instagram.com\/embed.js\"><\/script><br \/>\n<br \/><br \/>\n<br \/><a href=\"https:\/\/www.acidadeon.com\/ribeiraopreto\/economia\/bebidas-importadas-anabolizantes-e-ipads-sao-apreendidos-em-ribeirao-preto\/\">Source link <\/a><\/p>\n","protected":false},"excerpt":{"rendered":"<p>A Receita Federal apreendeu R$ 400 mil em mercadorias entre bebidas importadas, anabolizantes e iPads em uma opera\u00e7\u00e3o no Centro de Tratamento de Cartas e&#8230;<\/p>\n","protected":false},"author":1,"featured_media":63467,"comment_status":"open","ping_status":"open","sticky":false,"template":"","format":"standard","meta":{"_uag_custom_page_level_css":"","advanced_seo_description":"","jetpack_seo_html_title":"","jetpack_seo_noindex":false,"jetpack_post_was_ever_published":false,"_jetpack_newsletter_access":"","_jetpack_dont_email_post_to_subs":false,"_jetpack_newsletter_tier_id":0,"_jetpack_memberships_contains_paywalled_content":false,"_jetpack_memberships_contains_paid_content":false,"footnotes":"","jetpack_publicize_message":"","jetpack_publicize_feature_enabled":true,"jetpack_social_post_already_shared":true,"jetpack_social_options":{"image_generator_settings":{"template":"highway","default_image_id":0,"font":"","enabled":false},"version":2}},"categories":[11],"tags":[],"class_list":["post-63466","post","type-post","status-publish","format-standard","has-post-thumbnail","hentry","category-noticias-de-ribeirao-preto-sp-e-regiao-ismael-colosi"],"jetpack_publicize_connections":[],"jetpack_featured_media_url":"https:\/\/i0.wp.com\/ismaelcolosi.com.br\/wp-content\/uploads\/2024\/09\/receita-federal_2024-09-02_15-58-53_jpeg_2024-09-02_15-58-54.webp.webp?fit=1600%2C1200&ssl=1","uagb_featured_image_src":{"full":["https:\/\/i0.wp.com\/ismaelcolosi.com.br\/wp-content\/uploads\/2024\/09\/receita-federal_2024-09-02_15-58-53_jpeg_2024-09-02_15-58-54.webp.webp?fit=1600%2C1200&ssl=1",1600,1200,false],"thumbnail":["https:\/\/i0.wp.com\/ismaelcolosi.com.br\/wp-content\/uploads\/2024\/09\/receita-federal_2024-09-02_15-58-53_jpeg_2024-09-02_15-58-54.webp.webp?resize=150%2C150&ssl=1",150,150,true],"medium":["https:\/\/i0.wp.com\/ismaelcolosi.com.br\/wp-content\/uploads\/2024\/09\/receita-federal_2024-09-02_15-58-53_jpeg_2024-09-02_15-58-54.webp.webp?fit=300%2C225&ssl=1",300,225,true],"medium_large":["https:\/\/i0.wp.com\/ismaelcolosi.com.br\/wp-content\/uploads\/2024\/09\/receita-federal_2024-09-02_15-58-53_jpeg_2024-09-02_15-58-54.webp.webp?fit=768%2C576&ssl=1",768,576,true],"large":["https:\/\/i0.wp.com\/ismaelcolosi.com.br\/wp-content\/uploads\/2024\/09\/receita-federal_2024-09-02_15-58-53_jpeg_2024-09-02_15-58-54.webp.webp?fit=1024%2C768&ssl=1",1024,768,true],"1536x1536":["https:\/\/i0.wp.com\/ismaelcolosi.com.br\/wp-content\/uploads\/2024\/09\/receita-federal_2024-09-02_15-58-53_jpeg_2024-09-02_15-58-54.webp.webp?fit=1536%2C1152&ssl=1",1536,1152,true],"2048x2048":["https:\/\/i0.wp.com\/ismaelcolosi.com.br\/wp-content\/uploads\/2024\/09\/receita-federal_2024-09-02_15-58-53_jpeg_2024-09-02_15-58-54.webp.webp?fit=1600%2C1200&ssl=1",1600,1200,true],"really-simple-thumb":["https:\/\/i0.wp.com\/ismaelcolosi.com.br\/wp-content\/uploads\/2024\/09\/receita-federal_2024-09-02_15-58-53_jpeg_2024-09-02_15-58-54.webp.webp?resize=370%2C247&ssl=1",370,247,true]},"uagb_author_info":{"display_name":"ismaelcolosi.com.br","author_link":"https:\/\/ismaelcolosi.com.br\/index.php\/author\/vidareal-online\/"},"uagb_comment_info":0,"uagb_excerpt":"A Receita Federal apreendeu R$ 400 mil em mercadorias entre bebidas importadas, anabolizantes e iPads em uma opera\u00e7\u00e3o no Centro de Tratamento de Cartas e...","jetpack-related-posts":[{"id":63495,"url":"https:\/\/ismaelcolosi.com.br\/index.php\/2024\/09\/02\/bilhetes-da-nota-fiscal-paulista-estao-disponiveis-veja-quando-e-o-sorteio\/","url_meta":{"origin":63466,"position":0},"title":"Bilhetes da Nota Fiscal Paulista est\u00e3o dispon\u00edveis; Veja quando \u00e9 o sorteio","author":"ismaelcolosi.com.br","date":"2 de September de 2024","format":false,"excerpt":"Os bilhetes para o sorteio de setembro da Nota Fiscal Paulista j\u00e1 est\u00e3o dispon\u00edveis para consulta (clique aqui). Ao todo ser\u00e3o sorteados 655 pr\u00eamios em dinheiro que juntos somam R$ 6,7 milh\u00f5es. Dessa vez participam os consumidores que fizeram compras em maio deste ano e pediram CPF\/CNPJ na nota ou\u2026","rel":"","context":"In &quot;Not\u00edcias de Ribeir\u00e3o Preto-SP e Regi\u00e3o&quot;","block_context":{"text":"Not\u00edcias de Ribeir\u00e3o Preto-SP e Regi\u00e3o","link":"https:\/\/ismaelcolosi.com.br\/index.php\/category\/noticias-de-ribeirao-preto-sp-e-regiao-ismael-colosi\/"},"img":{"alt_text":"","src":"https:\/\/i0.wp.com\/ismaelcolosi.com.br\/wp-content\/uploads\/2024\/09\/Nota-Fiscal-AgEncia-Brasil.png?fit=633%2C333&ssl=1&resize=350%2C200","width":350,"height":200,"srcset":"https:\/\/i0.wp.com\/ismaelcolosi.com.br\/wp-content\/uploads\/2024\/09\/Nota-Fiscal-AgEncia-Brasil.png?fit=633%2C333&ssl=1&resize=350%2C200 1x, https:\/\/i0.wp.com\/ismaelcolosi.com.br\/wp-content\/uploads\/2024\/09\/Nota-Fiscal-AgEncia-Brasil.png?fit=633%2C333&ssl=1&resize=525%2C300 1.5x"},"classes":[]},{"id":845,"url":"https:\/\/ismaelcolosi.com.br\/index.php\/2023\/11\/09\/policiais-da-dise-deflagra-operacao-herculles-contra-quadrilha-que-produz-e-comercializa-anabolizantes-ilegais-x-tudo-ribeirao\/","url_meta":{"origin":63466,"position":1},"title":"Policiais da DISE deflagra Opera\u00e7\u00e3o H\u00e9rculles contra quadrilha que produz e comercializa anabolizantes ilegais \u2013 X Tudo Ribeir\u00e3o","author":"ismaelcolosi.com.br","date":"9 de November de 2023","format":false,"excerpt":"A Delegacia de Investiga\u00e7\u00f5es Sobre Entorpecentes da Divis\u00e3o Especial de Investiga\u00e7\u00f5es Criminais (DISE\/DEIC) de Ribeir\u00e3o Preto deflragrou na manh\u00e3 desta ter\u00e7a-feira (31), a Opera\u00e7\u00e3o H\u00e9rculles em tr\u00eas estados contra uma quadrilha que produz e comercializa ilegalmente anabolizantes. A a\u00e7\u00e3o est\u00e1 sendo realizada em tr\u00eas cidades do estado de S\u00e3o Paulo:\u2026","rel":"","context":"In &quot;Not\u00edcias de Ribeir\u00e3o Preto-SP e Regi\u00e3o&quot;","block_context":{"text":"Not\u00edcias de Ribeir\u00e3o Preto-SP e Regi\u00e3o","link":"https:\/\/ismaelcolosi.com.br\/index.php\/category\/noticias-de-ribeirao-preto-sp-e-regiao-ismael-colosi\/"},"img":{"alt_text":"","src":"https:\/\/i0.wp.com\/ismaelcolosi.com.br\/wp-content\/uploads\/2023\/11\/DISE-RP.jpg?fit=1200%2C675&ssl=1&resize=350%2C200","width":350,"height":200,"srcset":"https:\/\/i0.wp.com\/ismaelcolosi.com.br\/wp-content\/uploads\/2023\/11\/DISE-RP.jpg?fit=1200%2C675&ssl=1&resize=350%2C200 1x, https:\/\/i0.wp.com\/ismaelcolosi.com.br\/wp-content\/uploads\/2023\/11\/DISE-RP.jpg?fit=1200%2C675&ssl=1&resize=525%2C300 1.5x, https:\/\/i0.wp.com\/ismaelcolosi.com.br\/wp-content\/uploads\/2023\/11\/DISE-RP.jpg?fit=1200%2C675&ssl=1&resize=700%2C400 2x, https:\/\/i0.wp.com\/ismaelcolosi.com.br\/wp-content\/uploads\/2023\/11\/DISE-RP.jpg?fit=1200%2C675&ssl=1&resize=1050%2C600 3x"},"classes":[]},{"id":46603,"url":"https:\/\/ismaelcolosi.com.br\/index.php\/2024\/04\/12\/varas-de-pesca-avaliadas-em-r-250-mil-sao-apreendidas-em-ribeirao-preto\/","url_meta":{"origin":63466,"position":2},"title":"Varas de pesca avaliadas em R$ 250 mil s\u00e3o apreendidas em Ribeir\u00e3o Preto","author":"ismaelcolosi.com.br","date":"12 de April de 2024","format":false,"excerpt":"Durante opera\u00e7\u00e3o de rotina realizada pela Receita Federal de Ribeir\u00e3o Preto em transportadoras da cidade foram apreendidas varas de pesca e acess\u00f3rios importados avaliados em R$ 250 mil. Segundo informa\u00e7\u00f5es da Receita, os objetos apreendidos estavam com falsa declara\u00e7\u00e3o de conte\u00fado, constando cosm\u00e9ticos na descri\u00e7\u00e3o da nota fiscal ao inv\u00e9s\u2026","rel":"","context":"In &quot;Not\u00edcias de Ribeir\u00e3o Preto-SP e Regi\u00e3o&quot;","block_context":{"text":"Not\u00edcias de Ribeir\u00e3o Preto-SP e Regi\u00e3o","link":"https:\/\/ismaelcolosi.com.br\/index.php\/category\/noticias-de-ribeirao-preto-sp-e-regiao-ismael-colosi\/"},"img":{"alt_text":"","src":"https:\/\/i0.wp.com\/ismaelcolosi.com.br\/wp-content\/uploads\/2024\/04\/Copia-de-Copia-de-TAMANHO-EXATO-PARA-FOTOS-NO-SISTEMA-NOVO-25-1.webp.webp?fit=1200%2C675&ssl=1&resize=350%2C200","width":350,"height":200,"srcset":"https:\/\/i0.wp.com\/ismaelcolosi.com.br\/wp-content\/uploads\/2024\/04\/Copia-de-Copia-de-TAMANHO-EXATO-PARA-FOTOS-NO-SISTEMA-NOVO-25-1.webp.webp?fit=1200%2C675&ssl=1&resize=350%2C200 1x, https:\/\/i0.wp.com\/ismaelcolosi.com.br\/wp-content\/uploads\/2024\/04\/Copia-de-Copia-de-TAMANHO-EXATO-PARA-FOTOS-NO-SISTEMA-NOVO-25-1.webp.webp?fit=1200%2C675&ssl=1&resize=525%2C300 1.5x, https:\/\/i0.wp.com\/ismaelcolosi.com.br\/wp-content\/uploads\/2024\/04\/Copia-de-Copia-de-TAMANHO-EXATO-PARA-FOTOS-NO-SISTEMA-NOVO-25-1.webp.webp?fit=1200%2C675&ssl=1&resize=700%2C400 2x, https:\/\/i0.wp.com\/ismaelcolosi.com.br\/wp-content\/uploads\/2024\/04\/Copia-de-Copia-de-TAMANHO-EXATO-PARA-FOTOS-NO-SISTEMA-NOVO-25-1.webp.webp?fit=1200%2C675&ssl=1&resize=1050%2C600 3x"},"classes":[]},{"id":55800,"url":"https:\/\/ismaelcolosi.com.br\/index.php\/2024\/07\/05\/receita-federal-apreende-r-600-mil-em-vinhos-celulares-e-perfumes-em-ribeirao-preto\/","url_meta":{"origin":63466,"position":3},"title":"Receita Federal apreende R$ 600 mil em vinhos, celulares e perfumes em Ribeir\u00e3o Preto","author":"ismaelcolosi.com.br","date":"5 de July de 2024","format":false,"excerpt":"Uma opera\u00e7\u00e3o conjunta da Receita Federal e dos Correios apreendeu cerca de R$ 600 mil em celulares, vinhos, tablets, produtos de inform\u00e1tica, videogames e perfumes importados no centro de distribui\u00e7\u00e3o dos Correios de Ribeir\u00e3o Preto, na noite desta quinta-feira (4). Conforme o comunicado do \u00f3rg\u00e3o, os produtos \u201centraram de forma\u2026","rel":"","context":"In &quot;Not\u00edcias de Ribeir\u00e3o Preto-SP e Regi\u00e3o&quot;","block_context":{"text":"Not\u00edcias de Ribeir\u00e3o Preto-SP e Regi\u00e3o","link":"https:\/\/ismaelcolosi.com.br\/index.php\/category\/noticias-de-ribeirao-preto-sp-e-regiao-ismael-colosi\/"},"img":{"alt_text":"","src":"https:\/\/i0.wp.com\/ismaelcolosi.com.br\/wp-content\/uploads\/2024\/07\/Copia-de-Copia-de-TAMANHO-EXATO-PARA-FOTOS-NO-SISTEMA-NOVO-99_2024-07-05_17-57-11_png_2024-07-05_17-57-12.webp.webp?fit=1200%2C675&ssl=1&resize=350%2C200","width":350,"height":200,"srcset":"https:\/\/i0.wp.com\/ismaelcolosi.com.br\/wp-content\/uploads\/2024\/07\/Copia-de-Copia-de-TAMANHO-EXATO-PARA-FOTOS-NO-SISTEMA-NOVO-99_2024-07-05_17-57-11_png_2024-07-05_17-57-12.webp.webp?fit=1200%2C675&ssl=1&resize=350%2C200 1x, https:\/\/i0.wp.com\/ismaelcolosi.com.br\/wp-content\/uploads\/2024\/07\/Copia-de-Copia-de-TAMANHO-EXATO-PARA-FOTOS-NO-SISTEMA-NOVO-99_2024-07-05_17-57-11_png_2024-07-05_17-57-12.webp.webp?fit=1200%2C675&ssl=1&resize=525%2C300 1.5x, https:\/\/i0.wp.com\/ismaelcolosi.com.br\/wp-content\/uploads\/2024\/07\/Copia-de-Copia-de-TAMANHO-EXATO-PARA-FOTOS-NO-SISTEMA-NOVO-99_2024-07-05_17-57-11_png_2024-07-05_17-57-12.webp.webp?fit=1200%2C675&ssl=1&resize=700%2C400 2x, https:\/\/i0.wp.com\/ismaelcolosi.com.br\/wp-content\/uploads\/2024\/07\/Copia-de-Copia-de-TAMANHO-EXATO-PARA-FOTOS-NO-SISTEMA-NOVO-99_2024-07-05_17-57-11_png_2024-07-05_17-57-12.webp.webp?fit=1200%2C675&ssl=1&resize=1050%2C600 3x"},"classes":[]},{"id":66569,"url":"https:\/\/ismaelcolosi.com.br\/index.php\/2024\/09\/18\/mais-de-r-300-mil-foram-apreendidos-em-loja-de-celulares-em-ribeirao-preto\/","url_meta":{"origin":63466,"position":4},"title":"Mais de R$ 300 mil foram apreendidos em loja de celulares em Ribeir\u00e3o Preto","author":"ismaelcolosi.com.br","date":"18 de September de 2024","format":false,"excerpt":"A equipe de Vigil\u00e2ncia e Repress\u00e3o da Receita Federal realizou, na \u00faltima ter\u00e7a-feira (17), uma opera\u00e7\u00e3o de combate ao contrabando e descaminho em Ribeir\u00e3o Preto e apreendeu mais de R$ 300 mil em produtos em uma loja de celulares, tablets e computadores. De acordo com a Receita Federal, foram apreendidos\u2026","rel":"","context":"In &quot;Not\u00edcias de Ribeir\u00e3o Preto-SP e Regi\u00e3o&quot;","block_context":{"text":"Not\u00edcias de Ribeir\u00e3o Preto-SP e Regi\u00e3o","link":"https:\/\/ismaelcolosi.com.br\/index.php\/category\/noticias-de-ribeirao-preto-sp-e-regiao-ismael-colosi\/"},"img":{"alt_text":"","src":"https:\/\/i0.wp.com\/ismaelcolosi.com.br\/wp-content\/uploads\/2024\/09\/celular_2024-09-18_13-05-23_jpg_2024-09-18_13-05-23.webp.webp?fit=1200%2C900&ssl=1&resize=350%2C200","width":350,"height":200,"srcset":"https:\/\/i0.wp.com\/ismaelcolosi.com.br\/wp-content\/uploads\/2024\/09\/celular_2024-09-18_13-05-23_jpg_2024-09-18_13-05-23.webp.webp?fit=1200%2C900&ssl=1&resize=350%2C200 1x, https:\/\/i0.wp.com\/ismaelcolosi.com.br\/wp-content\/uploads\/2024\/09\/celular_2024-09-18_13-05-23_jpg_2024-09-18_13-05-23.webp.webp?fit=1200%2C900&ssl=1&resize=525%2C300 1.5x, https:\/\/i0.wp.com\/ismaelcolosi.com.br\/wp-content\/uploads\/2024\/09\/celular_2024-09-18_13-05-23_jpg_2024-09-18_13-05-23.webp.webp?fit=1200%2C900&ssl=1&resize=700%2C400 2x, https:\/\/i0.wp.com\/ismaelcolosi.com.br\/wp-content\/uploads\/2024\/09\/celular_2024-09-18_13-05-23_jpg_2024-09-18_13-05-23.webp.webp?fit=1200%2C900&ssl=1&resize=1050%2C600 3x"},"classes":[]},{"id":71476,"url":"https:\/\/ismaelcolosi.com.br\/index.php\/2024\/10\/16\/receita-federal-apreende-r-300-mil-em-smartphones-em-ribeirao-preto\/","url_meta":{"origin":63466,"position":5},"title":"Receita Federal apreende R$ 300 mil em smartphones em Ribeir\u00e3o Preto","author":"ismaelcolosi.com.br","date":"16 de October de 2024","format":false,"excerpt":"A Receita Federal informou que a equipe de Vigil\u00e2ncia e Repress\u00e3o Aduaneira de Ribeir\u00e3o Preto apreendeu uma carga avaliada em R$ 300 mil de smartphones que teria entrado de maneira irregular no Brasil. A a\u00e7\u00e3o aconteceu na \u00faltima segunda-feira (14) e divulgada nesta quarta-feira. De acordo com a Receita Federal,\u2026","rel":"","context":"In &quot;Not\u00edcias de Ribeir\u00e3o Preto-SP e Regi\u00e3o&quot;","block_context":{"text":"Not\u00edcias de Ribeir\u00e3o Preto-SP e Regi\u00e3o","link":"https:\/\/ismaelcolosi.com.br\/index.php\/category\/noticias-de-ribeirao-preto-sp-e-regiao-ismael-colosi\/"},"img":{"alt_text":"","src":"https:\/\/i0.wp.com\/ismaelcolosi.com.br\/wp-content\/uploads\/2024\/10\/receita-2_2024-10-16_17-44-35_jpeg_2024-10-16_17-44-35.webp.webp?fit=1200%2C900&ssl=1&resize=350%2C200","width":350,"height":200,"srcset":"https:\/\/i0.wp.com\/ismaelcolosi.com.br\/wp-content\/uploads\/2024\/10\/receita-2_2024-10-16_17-44-35_jpeg_2024-10-16_17-44-35.webp.webp?fit=1200%2C900&ssl=1&resize=350%2C200 1x, https:\/\/i0.wp.com\/ismaelcolosi.com.br\/wp-content\/uploads\/2024\/10\/receita-2_2024-10-16_17-44-35_jpeg_2024-10-16_17-44-35.webp.webp?fit=1200%2C900&ssl=1&resize=525%2C300 1.5x, https:\/\/i0.wp.com\/ismaelcolosi.com.br\/wp-content\/uploads\/2024\/10\/receita-2_2024-10-16_17-44-35_jpeg_2024-10-16_17-44-35.webp.webp?fit=1200%2C900&ssl=1&resize=700%2C400 2x, https:\/\/i0.wp.com\/ismaelcolosi.com.br\/wp-content\/uploads\/2024\/10\/receita-2_2024-10-16_17-44-35_jpeg_2024-10-16_17-44-35.webp.webp?fit=1200%2C900&ssl=1&resize=1050%2C600 3x"},"classes":[]}],"jetpack_sharing_enabled":true,"jetpack_shortlink":"https:\/\/wp.me\/pfMlyK-gvE","_links":{"self":[{"href":"https:\/\/ismaelcolosi.com.br\/index.php\/wp-json\/wp\/v2\/posts\/63466","targetHints":{"allow":["GET"]}}],"collection":[{"href":"https:\/\/ismaelcolosi.com.br\/index.php\/wp-json\/wp\/v2\/posts"}],"about":[{"href":"https:\/\/ismaelcolosi.com.br\/index.php\/wp-json\/wp\/v2\/types\/post"}],"author":[{"embeddable":true,"href":"https:\/\/ismaelcolosi.com.br\/index.php\/wp-json\/wp\/v2\/users\/1"}],"replies":[{"embeddable":true,"href":"https:\/\/ismaelcolosi.com.br\/index.php\/wp-json\/wp\/v2\/comments?post=63466"}],"version-history":[{"count":0,"href":"https:\/\/ismaelcolosi.com.br\/index.php\/wp-json\/wp\/v2\/posts\/63466\/revisions"}],"wp:featuredmedia":[{"embeddable":true,"href":"https:\/\/ismaelcolosi.com.br\/index.php\/wp-json\/wp\/v2\/media\/63467"}],"wp:attachment":[{"href":"https:\/\/ismaelcolosi.com.br\/index.php\/wp-json\/wp\/v2\/media?parent=63466"}],"wp:term":[{"taxonomy":"category","embeddable":true,"href":"https:\/\/ismaelcolosi.com.br\/index.php\/wp-json\/wp\/v2\/categories?post=63466"},{"taxonomy":"post_tag","embeddable":true,"href":"https:\/\/ismaelcolosi.com.br\/index.php\/wp-json\/wp\/v2\/tags?post=63466"}],"curies":[{"name":"wp","href":"https:\/\/api.w.org\/{rel}","templated":true}]}}