{"id":63444,"date":"2024-09-02T11:33:15","date_gmt":"2024-09-02T14:33:15","guid":{"rendered":"https:\/\/ismaelcolosi.com.br\/index.php\/2024\/09\/02\/fazenda-da-regiao-de-ribeirao-vai-a-leilao-por-r-175-milhoes\/"},"modified":"2024-09-02T11:33:15","modified_gmt":"2024-09-02T14:33:15","slug":"fazenda-da-regiao-de-ribeirao-vai-a-leilao-por-r-175-milhoes","status":"publish","type":"post","link":"https:\/\/ismaelcolosi.com.br\/index.php\/2024\/09\/02\/fazenda-da-regiao-de-ribeirao-vai-a-leilao-por-r-175-milhoes\/","title":{"rendered":"Fazenda da regi\u00e3o de Ribeir\u00e3o vai a leil\u00e3o por R$ 175 milh\u00f5es"},"content":{"rendered":"<p> <br \/>\n<\/p>\n<div data-td-block-uid=\"tdi_106\">\n<div class=\"tdb-block-inner td-fix-index\">\n<p>Com 1.092 hectares, a <strong>Fazenda S\u00e3o Miguel II <\/strong>que fica entre <strong>Sert\u00e3ozinho <\/strong>e <strong>Pontal<\/strong>, na regi\u00e3o de <strong>Ribeir\u00e3o Preto<\/strong>, ser\u00e1 leiloada. <strong><mark style=\"background-color:#fcb900\" class=\"has-inline-color\">O valor m\u00ednimo \u00e9 de R$ 175 milh\u00f5es. <\/mark><\/strong><\/p>\n<p>A propriedade pertence \u00e0 S\u00e3o Miguel Agropecu\u00e1ria e foi arrecadada ap\u00f3s fal\u00eancia da Companhia Albertina, que entrou em recupera\u00e7\u00e3o judicial em 2008 e encerrou suas atividades em 2012.<\/p>\n<p>O leil\u00e3o acontece entre os dias <strong>1\u00ba e 16 de outubro<\/strong>, \u00e0s 15h, por meio da <strong>plataforma Mega Leil\u00f5es<\/strong>.<\/p>\n<p>O conjunto de terras a ser leiloado em Pontal<strong> totaliza mais de 1.099 hectares.<\/strong><\/p>\n<p>SAIBA MAIS<\/p>\n<p>Esta\u00e7\u00f5es ecol\u00f3gicas s\u00e3o fechadas por risco de inc\u00eandio em Ribeir\u00e3o e regi\u00e3o<\/p>\n<h4 class=\"wp-block-heading\"><strong>FIQUE ON<\/strong><\/h4>\n<p>Fique ligado em tudo que acontece em Ribeir\u00e3o Preto e regi\u00e3o. Siga os perfis do<strong>\u00a0acidade on<\/strong>\u00a0no\u00a0<a href=\"https:\/\/www.instagram.com\/acidadeonribeirao\" target=\"_blank\" rel=\"noreferrer noopener\">Instagram<\/a>\u00a0e no\u00a0<a href=\"https:\/\/www.facebook.com\/acidadeonribeirao\/\" target=\"_blank\" rel=\"noreferrer noopener\">Facebook<\/a>.<\/p>\n<p>Receba not\u00edcias do\u00a0<strong>acidade on\u00a0<\/strong>no WhatsApp.\u00a0<a href=\"https:\/\/chat.whatsapp.com\/Dtv9mxhy6V5BJBotM2OQ5k\" target=\"_blank\" rel=\"noreferrer noopener\">Para entrar no grupo, basta clicar aqui.<\/a><\/p>\n<p>Fa\u00e7a uma den\u00fancia ou sugira uma reportagem sobre Ribeir\u00e3o Preto e regi\u00e3o pelo WhatsApp: 16 99117 7802.<\/p>\n<p>VEJA TAMB\u00c9M<\/p>\n<p>Qual \u00e9 a fortuna de Magic Johnson?<\/p>\n<p><!-- CONTENT END 1 -->\n<\/div>\n<\/div>\n<p><script async src=\"\/\/www.instagram.com\/embed.js\"><\/script><br \/>\n<br \/><br \/>\n<br \/><a href=\"https:\/\/www.acidadeon.com\/ribeiraopreto\/economia\/fazenda-da-regiao-de-ribeirao-vai-a-leilao-por-r-175-milhoes\/\">Source link <\/a><\/p>\n","protected":false},"excerpt":{"rendered":"<p>Com 1.092 hectares, a Fazenda S\u00e3o Miguel II que fica entre Sert\u00e3ozinho e Pontal, na regi\u00e3o de Ribeir\u00e3o Preto, ser\u00e1 leiloada. O valor m\u00ednimo \u00e9&#8230;<\/p>\n","protected":false},"author":1,"featured_media":63445,"comment_status":"open","ping_status":"open","sticky":false,"template":"","format":"standard","meta":{"_uag_custom_page_level_css":"","advanced_seo_description":"","jetpack_seo_html_title":"","jetpack_seo_noindex":false,"jetpack_post_was_ever_published":false,"_jetpack_newsletter_access":"","_jetpack_dont_email_post_to_subs":false,"_jetpack_newsletter_tier_id":0,"_jetpack_memberships_contains_paywalled_content":false,"_jetpack_memberships_contains_paid_content":false,"footnotes":"","jetpack_publicize_message":"","jetpack_publicize_feature_enabled":true,"jetpack_social_post_already_shared":true,"jetpack_social_options":{"image_generator_settings":{"template":"highway","default_image_id":0,"font":"","enabled":false},"version":2}},"categories":[11],"tags":[],"class_list":["post-63444","post","type-post","status-publish","format-standard","has-post-thumbnail","hentry","category-noticias-de-ribeirao-preto-sp-e-regiao-ismael-colosi"],"jetpack_publicize_connections":[],"jetpack_featured_media_url":"https:\/\/i0.wp.com\/ismaelcolosi.com.br\/wp-content\/uploads\/2024\/09\/leilai_2024-09-02_13-49-17_png_2024-09-02_13-49-17.webp.webp?fit=851%2C637&ssl=1","uagb_featured_image_src":{"full":["https:\/\/i0.wp.com\/ismaelcolosi.com.br\/wp-content\/uploads\/2024\/09\/leilai_2024-09-02_13-49-17_png_2024-09-02_13-49-17.webp.webp?fit=851%2C637&ssl=1",851,637,false],"thumbnail":["https:\/\/i0.wp.com\/ismaelcolosi.com.br\/wp-content\/uploads\/2024\/09\/leilai_2024-09-02_13-49-17_png_2024-09-02_13-49-17.webp.webp?resize=150%2C150&ssl=1",150,150,true],"medium":["https:\/\/i0.wp.com\/ismaelcolosi.com.br\/wp-content\/uploads\/2024\/09\/leilai_2024-09-02_13-49-17_png_2024-09-02_13-49-17.webp.webp?fit=300%2C225&ssl=1",300,225,true],"medium_large":["https:\/\/i0.wp.com\/ismaelcolosi.com.br\/wp-content\/uploads\/2024\/09\/leilai_2024-09-02_13-49-17_png_2024-09-02_13-49-17.webp.webp?fit=768%2C575&ssl=1",768,575,true],"large":["https:\/\/i0.wp.com\/ismaelcolosi.com.br\/wp-content\/uploads\/2024\/09\/leilai_2024-09-02_13-49-17_png_2024-09-02_13-49-17.webp.webp?fit=851%2C637&ssl=1",851,637,true],"1536x1536":["https:\/\/i0.wp.com\/ismaelcolosi.com.br\/wp-content\/uploads\/2024\/09\/leilai_2024-09-02_13-49-17_png_2024-09-02_13-49-17.webp.webp?fit=851%2C637&ssl=1",851,637,true],"2048x2048":["https:\/\/i0.wp.com\/ismaelcolosi.com.br\/wp-content\/uploads\/2024\/09\/leilai_2024-09-02_13-49-17_png_2024-09-02_13-49-17.webp.webp?fit=851%2C637&ssl=1",851,637,true],"really-simple-thumb":["https:\/\/i0.wp.com\/ismaelcolosi.com.br\/wp-content\/uploads\/2024\/09\/leilai_2024-09-02_13-49-17_png_2024-09-02_13-49-17.webp.webp?resize=370%2C247&ssl=1",370,247,true]},"uagb_author_info":{"display_name":"ismaelcolosi.com.br","author_link":"https:\/\/ismaelcolosi.com.br\/index.php\/author\/vidareal-online\/"},"uagb_comment_info":0,"uagb_excerpt":"Com 1.092 hectares, a Fazenda S\u00e3o Miguel II que fica entre Sert\u00e3ozinho e Pontal, na regi\u00e3o de Ribeir\u00e3o Preto, ser\u00e1 leiloada. O valor m\u00ednimo \u00e9...","jetpack-related-posts":[{"id":57894,"url":"https:\/\/ismaelcolosi.com.br\/index.php\/2024\/07\/25\/fazenda-sera-leiloada-pela-justica-federal-na-regiao-de-ribeirao-preto\/","url_meta":{"origin":63444,"position":0},"title":"Fazenda ser\u00e1 leiloada pela Justi\u00e7a Federal na regi\u00e3o de Ribeir\u00e3o Preto","author":"ismaelcolosi.com.br","date":"25 de July de 2024","format":false,"excerpt":"Uma fazenda em Bebedouro, na regi\u00e3o de Ribeir\u00e3o Preto, ser\u00e1 leiloada pela Justi\u00e7a Federal a partir do dia 5 de agosto \u2013 certame segue at\u00e9 o dia 12 do mesmo m\u00eas. De acordo com o edital, o im\u00f3vel est\u00e1 avaliado em R$ 7,3 milh\u00f5es, mas o lance inicial \u00e9 de\u2026","rel":"","context":"In &quot;Not\u00edcias de Ribeir\u00e3o Preto-SP e Regi\u00e3o&quot;","block_context":{"text":"Not\u00edcias de Ribeir\u00e3o Preto-SP e Regi\u00e3o","link":"https:\/\/ismaelcolosi.com.br\/index.php\/category\/noticias-de-ribeirao-preto-sp-e-regiao-ismael-colosi\/"},"img":{"alt_text":"","src":"https:\/\/i0.wp.com\/ismaelcolosi.com.br\/wp-content\/uploads\/2024\/07\/leilao-justica-federal_2024-07-25_14-44-16_jpg_2024-07-25_14-44-16.webp.webp?fit=1200%2C786&ssl=1&resize=350%2C200","width":350,"height":200,"srcset":"https:\/\/i0.wp.com\/ismaelcolosi.com.br\/wp-content\/uploads\/2024\/07\/leilao-justica-federal_2024-07-25_14-44-16_jpg_2024-07-25_14-44-16.webp.webp?fit=1200%2C786&ssl=1&resize=350%2C200 1x, https:\/\/i0.wp.com\/ismaelcolosi.com.br\/wp-content\/uploads\/2024\/07\/leilao-justica-federal_2024-07-25_14-44-16_jpg_2024-07-25_14-44-16.webp.webp?fit=1200%2C786&ssl=1&resize=525%2C300 1.5x, https:\/\/i0.wp.com\/ismaelcolosi.com.br\/wp-content\/uploads\/2024\/07\/leilao-justica-federal_2024-07-25_14-44-16_jpg_2024-07-25_14-44-16.webp.webp?fit=1200%2C786&ssl=1&resize=700%2C400 2x, https:\/\/i0.wp.com\/ismaelcolosi.com.br\/wp-content\/uploads\/2024\/07\/leilao-justica-federal_2024-07-25_14-44-16_jpg_2024-07-25_14-44-16.webp.webp?fit=1200%2C786&ssl=1&resize=1050%2C600 3x"},"classes":[]},{"id":63466,"url":"https:\/\/ismaelcolosi.com.br\/index.php\/2024\/09\/02\/bebidas-importadas-anabolizantes-e-ipads-sao-apreendidos-em-ribeirao-preto\/","url_meta":{"origin":63444,"position":1},"title":"Bebidas importadas, anabolizantes e iPads s\u00e3o apreendidos em Ribeir\u00e3o Preto","author":"ismaelcolosi.com.br","date":"2 de September de 2024","format":false,"excerpt":"A Receita Federal apreendeu R$ 400 mil em mercadorias entre bebidas importadas, anabolizantes e iPads em uma opera\u00e7\u00e3o no Centro de Tratamento de Cartas e Encomendas dos Correios de Ribeir\u00e3o Preto, na \u00faltima sexta-feira (30). De acordo com a Receita Federal, os anabolizantes apreendidos n\u00e3o tinham autoriza\u00e7\u00e3o da Anvisa (Ag\u00eancia\u2026","rel":"","context":"In &quot;Not\u00edcias de Ribeir\u00e3o Preto-SP e Regi\u00e3o&quot;","block_context":{"text":"Not\u00edcias de Ribeir\u00e3o Preto-SP e Regi\u00e3o","link":"https:\/\/ismaelcolosi.com.br\/index.php\/category\/noticias-de-ribeirao-preto-sp-e-regiao-ismael-colosi\/"},"img":{"alt_text":"","src":"https:\/\/i0.wp.com\/ismaelcolosi.com.br\/wp-content\/uploads\/2024\/09\/receita-federal_2024-09-02_15-58-53_jpeg_2024-09-02_15-58-54.webp.webp?fit=1200%2C900&ssl=1&resize=350%2C200","width":350,"height":200,"srcset":"https:\/\/i0.wp.com\/ismaelcolosi.com.br\/wp-content\/uploads\/2024\/09\/receita-federal_2024-09-02_15-58-53_jpeg_2024-09-02_15-58-54.webp.webp?fit=1200%2C900&ssl=1&resize=350%2C200 1x, https:\/\/i0.wp.com\/ismaelcolosi.com.br\/wp-content\/uploads\/2024\/09\/receita-federal_2024-09-02_15-58-53_jpeg_2024-09-02_15-58-54.webp.webp?fit=1200%2C900&ssl=1&resize=525%2C300 1.5x, https:\/\/i0.wp.com\/ismaelcolosi.com.br\/wp-content\/uploads\/2024\/09\/receita-federal_2024-09-02_15-58-53_jpeg_2024-09-02_15-58-54.webp.webp?fit=1200%2C900&ssl=1&resize=700%2C400 2x, https:\/\/i0.wp.com\/ismaelcolosi.com.br\/wp-content\/uploads\/2024\/09\/receita-federal_2024-09-02_15-58-53_jpeg_2024-09-02_15-58-54.webp.webp?fit=1200%2C900&ssl=1&resize=1050%2C600 3x"},"classes":[]},{"id":66024,"url":"https:\/\/ismaelcolosi.com.br\/index.php\/2024\/09\/15\/chacara-e-fazenda-na-regiao-de-ribeirao-preto-sao-leiloados\/","url_meta":{"origin":63444,"position":2},"title":"Ch\u00e1cara e fazenda na regi\u00e3o de Ribeir\u00e3o Preto s\u00e3o leiloados","author":"ismaelcolosi.com.br","date":"15 de September de 2024","format":false,"excerpt":"O leil\u00e3o realizado pelo\u00a0TRT (Tribunal Regional do Trabalho) da 15\u00aa Regi\u00e3o tem diversas op\u00e7\u00f5es para a regi\u00e3o de Ribeir\u00e3o Preto. Entre elas, uma fazenda em Monte Alto e uma ch\u00e1cara em Ribeir\u00e3o. A iniciativa faz parte da\u00a014\u00aa SNET (Semana Nacional de Execu\u00e7\u00e3o Trabalhista). Ao todo ser\u00e3o 14 leil\u00f5es. O de\u2026","rel":"","context":"In &quot;Not\u00edcias de Ribeir\u00e3o Preto-SP e Regi\u00e3o&quot;","block_context":{"text":"Not\u00edcias de Ribeir\u00e3o Preto-SP e Regi\u00e3o","link":"https:\/\/ismaelcolosi.com.br\/index.php\/category\/noticias-de-ribeirao-preto-sp-e-regiao-ismael-colosi\/"},"img":{"alt_text":"","src":"https:\/\/i0.wp.com\/ismaelcolosi.com.br\/wp-content\/uploads\/2024\/09\/hand-that-holds-hammer-piles-money-written-with-white-chalk-draw-concept_2024-09-12_19-28-52_jpg_2024-09-12_19-28-53-scaled.webp.webp?fit=1200%2C800&ssl=1&resize=350%2C200","width":350,"height":200,"srcset":"https:\/\/i0.wp.com\/ismaelcolosi.com.br\/wp-content\/uploads\/2024\/09\/hand-that-holds-hammer-piles-money-written-with-white-chalk-draw-concept_2024-09-12_19-28-52_jpg_2024-09-12_19-28-53-scaled.webp.webp?fit=1200%2C800&ssl=1&resize=350%2C200 1x, https:\/\/i0.wp.com\/ismaelcolosi.com.br\/wp-content\/uploads\/2024\/09\/hand-that-holds-hammer-piles-money-written-with-white-chalk-draw-concept_2024-09-12_19-28-52_jpg_2024-09-12_19-28-53-scaled.webp.webp?fit=1200%2C800&ssl=1&resize=525%2C300 1.5x, https:\/\/i0.wp.com\/ismaelcolosi.com.br\/wp-content\/uploads\/2024\/09\/hand-that-holds-hammer-piles-money-written-with-white-chalk-draw-concept_2024-09-12_19-28-52_jpg_2024-09-12_19-28-53-scaled.webp.webp?fit=1200%2C800&ssl=1&resize=700%2C400 2x, https:\/\/i0.wp.com\/ismaelcolosi.com.br\/wp-content\/uploads\/2024\/09\/hand-that-holds-hammer-piles-money-written-with-white-chalk-draw-concept_2024-09-12_19-28-52_jpg_2024-09-12_19-28-53-scaled.webp.webp?fit=1200%2C800&ssl=1&resize=1050%2C600 3x"},"classes":[]},{"id":63502,"url":"https:\/\/ismaelcolosi.com.br\/index.php\/2024\/09\/02\/incendio-atinge-residencia-na-zona-norte-de-ribeirao-preto\/","url_meta":{"origin":63444,"position":3},"title":"Inc\u00eandio atinge resid\u00eancia na zona Norte de Ribeir\u00e3o Preto","author":"ismaelcolosi.com.br","date":"2 de September de 2024","format":false,"excerpt":"Na tarde desta segunda-feira (2), um inc\u00eandio atingiu uma casa na avenida Dom Pedro, na zona Norte de Ribeir\u00e3o Preto. De acordo com a Pol\u00edcia Militar, uma viatura estava passando pr\u00f3ximo ao local e viu a fuma\u00e7a. Os vizinhos informaram que tinha algu\u00e9m na resid\u00eancia, ent\u00e3o a PM precisou invadir\u2026","rel":"","context":"In &quot;Not\u00edcias de Ribeir\u00e3o Preto-SP e Regi\u00e3o&quot;","block_context":{"text":"Not\u00edcias de Ribeir\u00e3o Preto-SP e Regi\u00e3o","link":"https:\/\/ismaelcolosi.com.br\/index.php\/category\/noticias-de-ribeirao-preto-sp-e-regiao-ismael-colosi\/"},"img":{"alt_text":"","src":"https:\/\/i0.wp.com\/ismaelcolosi.com.br\/wp-content\/uploads\/2024\/09\/Imagem-do-WhatsApp-de-2024-09-02-as-15.06.52_1e755bc6_2024-09-02_18-34-15_jpg_2024-09-02_18-34-15.webp.webp?fit=1164%2C899&ssl=1&resize=350%2C200","width":350,"height":200,"srcset":"https:\/\/i0.wp.com\/ismaelcolosi.com.br\/wp-content\/uploads\/2024\/09\/Imagem-do-WhatsApp-de-2024-09-02-as-15.06.52_1e755bc6_2024-09-02_18-34-15_jpg_2024-09-02_18-34-15.webp.webp?fit=1164%2C899&ssl=1&resize=350%2C200 1x, https:\/\/i0.wp.com\/ismaelcolosi.com.br\/wp-content\/uploads\/2024\/09\/Imagem-do-WhatsApp-de-2024-09-02-as-15.06.52_1e755bc6_2024-09-02_18-34-15_jpg_2024-09-02_18-34-15.webp.webp?fit=1164%2C899&ssl=1&resize=525%2C300 1.5x, https:\/\/i0.wp.com\/ismaelcolosi.com.br\/wp-content\/uploads\/2024\/09\/Imagem-do-WhatsApp-de-2024-09-02-as-15.06.52_1e755bc6_2024-09-02_18-34-15_jpg_2024-09-02_18-34-15.webp.webp?fit=1164%2C899&ssl=1&resize=700%2C400 2x, https:\/\/i0.wp.com\/ismaelcolosi.com.br\/wp-content\/uploads\/2024\/09\/Imagem-do-WhatsApp-de-2024-09-02-as-15.06.52_1e755bc6_2024-09-02_18-34-15_jpg_2024-09-02_18-34-15.webp.webp?fit=1164%2C899&ssl=1&resize=1050%2C600 3x"},"classes":[]},{"id":54754,"url":"https:\/\/ismaelcolosi.com.br\/index.php\/2024\/06\/27\/leilao-de-areas-publicas-em-ribeirao-preto-e-retomado-veja-como-participar\/","url_meta":{"origin":63444,"position":4},"title":"Leil\u00e3o de \u00e1reas p\u00fablicas em Ribeir\u00e3o Preto \u00e9 retomado; Veja como participar","author":"ismaelcolosi.com.br","date":"27 de June de 2024","format":false,"excerpt":"A Prefeitura de Ribeir\u00e3o Preto retomou o leil\u00e3o de \u00e1reas publicas. As propostas podem ser realizadas at\u00e9 o dia 4 de julho, quando acontece o preg\u00e3o do primeiro lote, a partir das 10h. Ao todo, s\u00e3o 40 terrenos dispon\u00edveis no leil\u00e3o, que est\u00e1 sendo realizado pela internet, no site da\u2026","rel":"","context":"In &quot;Not\u00edcias de Ribeir\u00e3o Preto-SP e Regi\u00e3o&quot;","block_context":{"text":"Not\u00edcias de Ribeir\u00e3o Preto-SP e Regi\u00e3o","link":"https:\/\/ismaelcolosi.com.br\/index.php\/category\/noticias-de-ribeirao-preto-sp-e-regiao-ismael-colosi\/"},"img":{"alt_text":"","src":"https:\/\/i0.wp.com\/ismaelcolosi.com.br\/wp-content\/uploads\/2024\/06\/ribeirao-preto.jpg?fit=1200%2C800&ssl=1&resize=350%2C200","width":350,"height":200,"srcset":"https:\/\/i0.wp.com\/ismaelcolosi.com.br\/wp-content\/uploads\/2024\/06\/ribeirao-preto.jpg?fit=1200%2C800&ssl=1&resize=350%2C200 1x, https:\/\/i0.wp.com\/ismaelcolosi.com.br\/wp-content\/uploads\/2024\/06\/ribeirao-preto.jpg?fit=1200%2C800&ssl=1&resize=525%2C300 1.5x, https:\/\/i0.wp.com\/ismaelcolosi.com.br\/wp-content\/uploads\/2024\/06\/ribeirao-preto.jpg?fit=1200%2C800&ssl=1&resize=700%2C400 2x, https:\/\/i0.wp.com\/ismaelcolosi.com.br\/wp-content\/uploads\/2024\/06\/ribeirao-preto.jpg?fit=1200%2C800&ssl=1&resize=1050%2C600 3x"},"classes":[]},{"id":71736,"url":"https:\/\/ismaelcolosi.com.br\/index.php\/2024\/10\/17\/veja-qual-cidade-da-regiao-de-ribeirao-preto-aparece-em-lista-das-mais-ricas-do-agro\/","url_meta":{"origin":63444,"position":5},"title":"Veja qual cidade da regi\u00e3o de Ribeir\u00e3o Preto aparece em lista das mais ricas do agro","author":"ismaelcolosi.com.br","date":"17 de October de 2024","format":false,"excerpt":"O Minist\u00e9rio da Agricultura e Pecu\u00e1ria divulgou nesta quinta-feira (17) a lista com os 100 munic\u00edpios mais ricos do Brasil no agroneg\u00f3cio. A an\u00e1lise se baseia nos dados da pesquisa anual do IBGE (Instituto Brasileiro de Geografia e Estat\u00edstica) sobre a Produ\u00e7\u00e3o Agr\u00edcola Municipal. A \u00fanica cidade da regi\u00e3o de\u2026","rel":"","context":"In &quot;Not\u00edcias de Ribeir\u00e3o Preto-SP e Regi\u00e3o&quot;","block_context":{"text":"Not\u00edcias de Ribeir\u00e3o Preto-SP e Regi\u00e3o","link":"https:\/\/ismaelcolosi.com.br\/index.php\/category\/noticias-de-ribeirao-preto-sp-e-regiao-ismael-colosi\/"},"img":{"alt_text":"","src":"https:\/\/i0.wp.com\/ismaelcolosi.com.br\/wp-content\/uploads\/2024\/09\/ibis-barretos_2024-09-28_16-26-03_jpg_2024-09-28_16-26-03.webp.webp?fit=960%2C637&ssl=1&resize=350%2C200","width":350,"height":200,"srcset":"https:\/\/i0.wp.com\/ismaelcolosi.com.br\/wp-content\/uploads\/2024\/09\/ibis-barretos_2024-09-28_16-26-03_jpg_2024-09-28_16-26-03.webp.webp?fit=960%2C637&ssl=1&resize=350%2C200 1x, https:\/\/i0.wp.com\/ismaelcolosi.com.br\/wp-content\/uploads\/2024\/09\/ibis-barretos_2024-09-28_16-26-03_jpg_2024-09-28_16-26-03.webp.webp?fit=960%2C637&ssl=1&resize=525%2C300 1.5x, https:\/\/i0.wp.com\/ismaelcolosi.com.br\/wp-content\/uploads\/2024\/09\/ibis-barretos_2024-09-28_16-26-03_jpg_2024-09-28_16-26-03.webp.webp?fit=960%2C637&ssl=1&resize=700%2C400 2x"},"classes":[]}],"jetpack_sharing_enabled":true,"jetpack_shortlink":"https:\/\/wp.me\/pfMlyK-gvi","_links":{"self":[{"href":"https:\/\/ismaelcolosi.com.br\/index.php\/wp-json\/wp\/v2\/posts\/63444","targetHints":{"allow":["GET"]}}],"collection":[{"href":"https:\/\/ismaelcolosi.com.br\/index.php\/wp-json\/wp\/v2\/posts"}],"about":[{"href":"https:\/\/ismaelcolosi.com.br\/index.php\/wp-json\/wp\/v2\/types\/post"}],"author":[{"embeddable":true,"href":"https:\/\/ismaelcolosi.com.br\/index.php\/wp-json\/wp\/v2\/users\/1"}],"replies":[{"embeddable":true,"href":"https:\/\/ismaelcolosi.com.br\/index.php\/wp-json\/wp\/v2\/comments?post=63444"}],"version-history":[{"count":0,"href":"https:\/\/ismaelcolosi.com.br\/index.php\/wp-json\/wp\/v2\/posts\/63444\/revisions"}],"wp:featuredmedia":[{"embeddable":true,"href":"https:\/\/ismaelcolosi.com.br\/index.php\/wp-json\/wp\/v2\/media\/63445"}],"wp:attachment":[{"href":"https:\/\/ismaelcolosi.com.br\/index.php\/wp-json\/wp\/v2\/media?parent=63444"}],"wp:term":[{"taxonomy":"category","embeddable":true,"href":"https:\/\/ismaelcolosi.com.br\/index.php\/wp-json\/wp\/v2\/categories?post=63444"},{"taxonomy":"post_tag","embeddable":true,"href":"https:\/\/ismaelcolosi.com.br\/index.php\/wp-json\/wp\/v2\/tags?post=63444"}],"curies":[{"name":"wp","href":"https:\/\/api.w.org\/{rel}","templated":true}]}}