{"id":63439,"date":"2024-09-02T11:11:18","date_gmt":"2024-09-02T14:11:18","guid":{"rendered":"https:\/\/ismaelcolosi.com.br\/index.php\/2024\/09\/02\/idoso-de-71-anos-morre-apos-ser-atropelado-por-moto-em-ribeirao\/"},"modified":"2024-09-02T11:11:18","modified_gmt":"2024-09-02T14:11:18","slug":"idoso-de-71-anos-morre-apos-ser-atropelado-por-moto-em-ribeirao","status":"publish","type":"post","link":"https:\/\/ismaelcolosi.com.br\/index.php\/2024\/09\/02\/idoso-de-71-anos-morre-apos-ser-atropelado-por-moto-em-ribeirao\/","title":{"rendered":"Idoso de 71 anos morre ap\u00f3s ser atropelado por moto em Ribeir\u00e3o"},"content":{"rendered":"<p> <br \/>\n<\/p>\n<div data-td-block-uid=\"tdi_106\">\n<div class=\"tdb-block-inner td-fix-index\">\n<p><strong>Um homem de 71 anos morreu no \u00fatimo s\u00e1bado (31), depois de ser atropelado por uma moto no Jardim Paulista, zona Leste de Ribeir\u00e3o Preto. <\/strong>O <strong>atropelamento <\/strong>ocorreu no \u00faltimo dia<strong> 9 de agosto<\/strong> e a <strong>v\u00edtima<\/strong> permaneceu <strong>internada <\/strong>no <strong>Hospital das Cl\u00ednica \u2013 Unidade de Emerg\u00eancia (HC-UE)<\/strong>.<\/p>\n<p>Segundo o <strong>boletim de ocorr\u00eancia (BO)<\/strong>, a <strong>v\u00edtima<\/strong>, identificada como <strong>Antonio Jos\u00e9 Trevezane<\/strong>, sofreu <strong>les\u00f5es <\/strong>na <strong>cabe\u00e7a<\/strong> ao ser atingida pela <strong>moto <\/strong>enquanto atravessar a <strong>rua Maria Jos\u00e9<\/strong>.<\/p>\n<p>Ainda conforme o registro, a <strong>motociclista <\/strong>disse \u00e0 <strong>PM (Pol\u00edcia Militar)<\/strong> que tentou <strong>frear<\/strong>, mas n\u00e3o houve tempo. N\u00e3o foi informado se o condutor da moto tamb\u00e9m sofreu ferimentos ou n\u00e3o.<\/p>\n<p>O <strong>BO <\/strong>foi registrado na <strong>CPJ (Central de Pol\u00edcia Judici\u00e1ria) Permanente<\/strong> como <strong>homic\u00eddio culposo (sem inten\u00e7\u00e3o) na dire\u00e7\u00e3o de ve\u00edculo automtor<\/strong>.<\/p>\n<p>SAIBA MAIS<\/p>\n<p>Homem morre em Ribeir\u00e3o ap\u00f3s se engasgar com peda\u00e7o de carne<\/p>\n<h4 class=\"wp-block-heading\"><strong>FIQUE ON<\/strong><\/h4>\n<p>Fique ligado em tudo que acontece em Ribeir\u00e3o Preto e regi\u00e3o. Siga os perfis do<strong>\u00a0acidade on<\/strong>\u00a0no\u00a0<a href=\"https:\/\/www.instagram.com\/acidadeonribeirao\" target=\"_blank\" rel=\"noreferrer noopener\">Instagram<\/a>\u00a0e no\u00a0<a href=\"https:\/\/www.facebook.com\/acidadeonribeirao\/\" target=\"_blank\" rel=\"noreferrer noopener\">Facebook<\/a>.<\/p>\n<p>Receba not\u00edcias do\u00a0<strong>acidade on\u00a0<\/strong>no WhatsApp.\u00a0<a href=\"https:\/\/chat.whatsapp.com\/Dtv9mxhy6V5BJBotM2OQ5k\" target=\"_blank\" rel=\"noreferrer noopener\">Para entrar no grupo, basta clicar aqui.<\/a><\/p>\n<p>Fa\u00e7a uma den\u00fancia ou sugira uma reportagem sobre Ribeir\u00e3o Preto e regi\u00e3o pelo WhatsApp: 16 99117 7802.<\/p>\n<p>VEJA TAMB\u00c9M<\/p>\n<p>Qual \u00e9 a fortuna de Magic Johnson?<\/p>\n<p><!-- CONTENT END 3 -->\n<\/div>\n<\/div>\n<p><script async src=\"\/\/www.instagram.com\/embed.js\"><\/script><br \/>\n<br \/><br \/>\n<br \/><a href=\"https:\/\/www.acidadeon.com\/ribeiraopreto\/cotidiano\/idoso-de-71-anos-morre-apos-ser-atropelado-por-moto-em-ribeirao\/\">Source link <\/a><\/p>\n","protected":false},"excerpt":{"rendered":"<p>Um homem de 71 anos morreu no \u00fatimo s\u00e1bado (31), depois de ser atropelado por uma moto no Jardim Paulista, zona Leste de Ribeir\u00e3o Preto&#8230;.<\/p>\n","protected":false},"author":1,"featured_media":63440,"comment_status":"open","ping_status":"open","sticky":false,"template":"","format":"standard","meta":{"_uag_custom_page_level_css":"","advanced_seo_description":"","jetpack_seo_html_title":"","jetpack_seo_noindex":false,"jetpack_post_was_ever_published":false,"_jetpack_newsletter_access":"","_jetpack_dont_email_post_to_subs":false,"_jetpack_newsletter_tier_id":0,"_jetpack_memberships_contains_paywalled_content":false,"_jetpack_memberships_contains_paid_content":false,"footnotes":"","jetpack_publicize_message":"","jetpack_publicize_feature_enabled":true,"jetpack_social_post_already_shared":true,"jetpack_social_options":{"image_generator_settings":{"template":"highway","default_image_id":0,"font":"","enabled":false},"version":2}},"categories":[11],"tags":[],"class_list":["post-63439","post","type-post","status-publish","format-standard","has-post-thumbnail","hentry","category-noticias-de-ribeirao-preto-sp-e-regiao-ismael-colosi"],"jetpack_publicize_connections":[],"jetpack_featured_media_url":"https:\/\/i0.wp.com\/ismaelcolosi.com.br\/wp-content\/uploads\/2024\/09\/sao_carlos_500x320_03082019163914.jpg?fit=500%2C322&ssl=1","uagb_featured_image_src":{"full":["https:\/\/i0.wp.com\/ismaelcolosi.com.br\/wp-content\/uploads\/2024\/09\/sao_carlos_500x320_03082019163914.jpg?fit=500%2C322&ssl=1",500,322,false],"thumbnail":["https:\/\/i0.wp.com\/ismaelcolosi.com.br\/wp-content\/uploads\/2024\/09\/sao_carlos_500x320_03082019163914.jpg?resize=150%2C150&ssl=1",150,150,true],"medium":["https:\/\/i0.wp.com\/ismaelcolosi.com.br\/wp-content\/uploads\/2024\/09\/sao_carlos_500x320_03082019163914.jpg?fit=300%2C193&ssl=1",300,193,true],"medium_large":["https:\/\/i0.wp.com\/ismaelcolosi.com.br\/wp-content\/uploads\/2024\/09\/sao_carlos_500x320_03082019163914.jpg?fit=500%2C322&ssl=1",500,322,true],"large":["https:\/\/i0.wp.com\/ismaelcolosi.com.br\/wp-content\/uploads\/2024\/09\/sao_carlos_500x320_03082019163914.jpg?fit=500%2C322&ssl=1",500,322,true],"1536x1536":["https:\/\/i0.wp.com\/ismaelcolosi.com.br\/wp-content\/uploads\/2024\/09\/sao_carlos_500x320_03082019163914.jpg?fit=500%2C322&ssl=1",500,322,true],"2048x2048":["https:\/\/i0.wp.com\/ismaelcolosi.com.br\/wp-content\/uploads\/2024\/09\/sao_carlos_500x320_03082019163914.jpg?fit=500%2C322&ssl=1",500,322,true],"really-simple-thumb":["https:\/\/i0.wp.com\/ismaelcolosi.com.br\/wp-content\/uploads\/2024\/09\/sao_carlos_500x320_03082019163914.jpg?resize=370%2C247&ssl=1",370,247,true]},"uagb_author_info":{"display_name":"ismaelcolosi.com.br","author_link":"https:\/\/ismaelcolosi.com.br\/index.php\/author\/vidareal-online\/"},"uagb_comment_info":0,"uagb_excerpt":"Um homem de 71 anos morreu no \u00fatimo s\u00e1bado (31), depois de ser atropelado por uma moto no Jardim Paulista, zona Leste de Ribeir\u00e3o Preto....","jetpack-related-posts":[{"id":49729,"url":"https:\/\/ismaelcolosi.com.br\/index.php\/2024\/05\/13\/motociclista-de-42-anos-morre-apos-bater-moto-e-ser-atropelado-na-rodovia-anhanguera\/","url_meta":{"origin":63439,"position":0},"title":"Motociclista de 42 anos morre ap\u00f3s bater moto e ser atropelado na rodovia Anhanguera","author":"ismaelcolosi.com.br","date":"13 de May de 2024","format":false,"excerpt":"Um motociclista de 42 anos morreu na no in\u00edcio da noite deste domingo (12), depois de bater a moto na traseira de um carro, cair e ser atropelado por outros ve\u00edculos na rodovia Anhanguera (SP-330), em Jardin\u00f3polis, na regi\u00e3o de Ribeir\u00e3o Preto. Segundo o boletim de ocorr\u00eancia (BO), a v\u00edtima,\u2026","rel":"","context":"In &quot;Not\u00edcias de Ribeir\u00e3o Preto-SP e Regi\u00e3o&quot;","block_context":{"text":"Not\u00edcias de Ribeir\u00e3o Preto-SP e Regi\u00e3o","link":"https:\/\/ismaelcolosi.com.br\/index.php\/category\/noticias-de-ribeirao-preto-sp-e-regiao-ismael-colosi\/"},"img":{"alt_text":"","src":"https:\/\/i0.wp.com\/ismaelcolosi.com.br\/wp-content\/uploads\/2024\/05\/20220809_065618844_policia_rodoviaria_1200x675_21062022083038.jpg?fit=1200%2C675&ssl=1&resize=350%2C200","width":350,"height":200,"srcset":"https:\/\/i0.wp.com\/ismaelcolosi.com.br\/wp-content\/uploads\/2024\/05\/20220809_065618844_policia_rodoviaria_1200x675_21062022083038.jpg?fit=1200%2C675&ssl=1&resize=350%2C200 1x, https:\/\/i0.wp.com\/ismaelcolosi.com.br\/wp-content\/uploads\/2024\/05\/20220809_065618844_policia_rodoviaria_1200x675_21062022083038.jpg?fit=1200%2C675&ssl=1&resize=525%2C300 1.5x, https:\/\/i0.wp.com\/ismaelcolosi.com.br\/wp-content\/uploads\/2024\/05\/20220809_065618844_policia_rodoviaria_1200x675_21062022083038.jpg?fit=1200%2C675&ssl=1&resize=700%2C400 2x, https:\/\/i0.wp.com\/ismaelcolosi.com.br\/wp-content\/uploads\/2024\/05\/20220809_065618844_policia_rodoviaria_1200x675_21062022083038.jpg?fit=1200%2C675&ssl=1&resize=1050%2C600 3x"},"classes":[]},{"id":56599,"url":"https:\/\/ismaelcolosi.com.br\/index.php\/2024\/07\/12\/homem-morre-apos-ser-atropelado-por-moto-em-ribeirao-preto\/","url_meta":{"origin":63439,"position":1},"title":"Homem morre ap\u00f3s ser atropelado por moto em Ribeir\u00e3o Preto","author":"ismaelcolosi.com.br","date":"12 de July de 2024","format":false,"excerpt":"Um homem, de 63 anos, morreu ap\u00f3s ser atropelado por uma moto no final da tarde desta sexta-feira (12), na avenida F\u00e1bio Barretos, no bairro Campos El\u00edseos, em Ribeir\u00e3o Preto. C\u00e2meras de seguran\u00e7a registraram o momento em que o homem estava atravessando na faixa de pedestres da avenida e foi\u2026","rel":"","context":"In &quot;Not\u00edcias de Ribeir\u00e3o Preto-SP e Regi\u00e3o&quot;","block_context":{"text":"Not\u00edcias de Ribeir\u00e3o Preto-SP e Regi\u00e3o","link":"https:\/\/ismaelcolosi.com.br\/index.php\/category\/noticias-de-ribeirao-preto-sp-e-regiao-ismael-colosi\/"},"img":{"alt_text":"","src":"https:\/\/i0.wp.com\/ismaelcolosi.com.br\/wp-content\/uploads\/2024\/07\/Copia-de-Copia-de-TAMANHO-EXATO-PARA-FOTOS-NO-SISTEMA-NOVO-2024-07-12T180659.153_2024-07-12_21-07-28_png_2024-07-12_21-07-28.webp.webp?fit=1200%2C675&ssl=1&resize=350%2C200","width":350,"height":200,"srcset":"https:\/\/i0.wp.com\/ismaelcolosi.com.br\/wp-content\/uploads\/2024\/07\/Copia-de-Copia-de-TAMANHO-EXATO-PARA-FOTOS-NO-SISTEMA-NOVO-2024-07-12T180659.153_2024-07-12_21-07-28_png_2024-07-12_21-07-28.webp.webp?fit=1200%2C675&ssl=1&resize=350%2C200 1x, https:\/\/i0.wp.com\/ismaelcolosi.com.br\/wp-content\/uploads\/2024\/07\/Copia-de-Copia-de-TAMANHO-EXATO-PARA-FOTOS-NO-SISTEMA-NOVO-2024-07-12T180659.153_2024-07-12_21-07-28_png_2024-07-12_21-07-28.webp.webp?fit=1200%2C675&ssl=1&resize=525%2C300 1.5x, https:\/\/i0.wp.com\/ismaelcolosi.com.br\/wp-content\/uploads\/2024\/07\/Copia-de-Copia-de-TAMANHO-EXATO-PARA-FOTOS-NO-SISTEMA-NOVO-2024-07-12T180659.153_2024-07-12_21-07-28_png_2024-07-12_21-07-28.webp.webp?fit=1200%2C675&ssl=1&resize=700%2C400 2x, https:\/\/i0.wp.com\/ismaelcolosi.com.br\/wp-content\/uploads\/2024\/07\/Copia-de-Copia-de-TAMANHO-EXATO-PARA-FOTOS-NO-SISTEMA-NOVO-2024-07-12T180659.153_2024-07-12_21-07-28_png_2024-07-12_21-07-28.webp.webp?fit=1200%2C675&ssl=1&resize=1050%2C600 3x"},"classes":[]},{"id":56627,"url":"https:\/\/ismaelcolosi.com.br\/index.php\/2024\/07\/13\/identificado-homem-morto-apos-atropelamento-em-avenida-de-ribeirao-preto\/","url_meta":{"origin":63439,"position":2},"title":"Identificado homem morto ap\u00f3s atropelamento em avenida de Ribeir\u00e3o Preto","author":"ismaelcolosi.com.br","date":"13 de July de 2024","format":false,"excerpt":"A Pol\u00edcia Civil identificou o homem morto ap\u00f3s ser atropelado por uma moto enquanto atravessava a avenida F\u00e1bio Barreto na faixa de pedestre, na tarde desta sexta-feira (12), em Ribeir\u00e3o Preto. Segundo o boletim de ocorr\u00eancia (BO), a v\u00edtima, Jos\u00e9 Roberto Pereira de Sousa, de 57 anos, foi arremessada ao\u2026","rel":"","context":"In &quot;Not\u00edcias de Ribeir\u00e3o Preto-SP e Regi\u00e3o&quot;","block_context":{"text":"Not\u00edcias de Ribeir\u00e3o Preto-SP e Regi\u00e3o","link":"https:\/\/ismaelcolosi.com.br\/index.php\/category\/noticias-de-ribeirao-preto-sp-e-regiao-ismael-colosi\/"},"img":{"alt_text":"","src":"https:\/\/i0.wp.com\/ismaelcolosi.com.br\/wp-content\/uploads\/2024\/07\/Copia-de-Copia-de-TAMANHO-EXATO-PARA-FOTOS-NO-SISTEMA-NOVO-2024-07-12T180659.153_2024-07-12_21-07-28_png_2024-07-12_21-07-28.webp.webp?fit=1200%2C675&ssl=1&resize=350%2C200","width":350,"height":200,"srcset":"https:\/\/i0.wp.com\/ismaelcolosi.com.br\/wp-content\/uploads\/2024\/07\/Copia-de-Copia-de-TAMANHO-EXATO-PARA-FOTOS-NO-SISTEMA-NOVO-2024-07-12T180659.153_2024-07-12_21-07-28_png_2024-07-12_21-07-28.webp.webp?fit=1200%2C675&ssl=1&resize=350%2C200 1x, https:\/\/i0.wp.com\/ismaelcolosi.com.br\/wp-content\/uploads\/2024\/07\/Copia-de-Copia-de-TAMANHO-EXATO-PARA-FOTOS-NO-SISTEMA-NOVO-2024-07-12T180659.153_2024-07-12_21-07-28_png_2024-07-12_21-07-28.webp.webp?fit=1200%2C675&ssl=1&resize=525%2C300 1.5x, https:\/\/i0.wp.com\/ismaelcolosi.com.br\/wp-content\/uploads\/2024\/07\/Copia-de-Copia-de-TAMANHO-EXATO-PARA-FOTOS-NO-SISTEMA-NOVO-2024-07-12T180659.153_2024-07-12_21-07-28_png_2024-07-12_21-07-28.webp.webp?fit=1200%2C675&ssl=1&resize=700%2C400 2x, https:\/\/i0.wp.com\/ismaelcolosi.com.br\/wp-content\/uploads\/2024\/07\/Copia-de-Copia-de-TAMANHO-EXATO-PARA-FOTOS-NO-SISTEMA-NOVO-2024-07-12T180659.153_2024-07-12_21-07-28_png_2024-07-12_21-07-28.webp.webp?fit=1200%2C675&ssl=1&resize=1050%2C600 3x"},"classes":[]},{"id":45633,"url":"https:\/\/ismaelcolosi.com.br\/index.php\/2024\/04\/05\/ciclista-morre-atropelado-e-motorista-foge-sem-prestar-socorro-em-rp\/","url_meta":{"origin":63439,"position":3},"title":"Ciclista morre atropelado e motorista foge sem prestar socorro em RP","author":"ismaelcolosi.com.br","date":"5 de April de 2024","format":false,"excerpt":"5 de abril de 2024 | 11:57 0 Um ciclista morreu na noite desta quinta-feira (4), depois ser atropelado na Estrada Joanilda Martins dos Santos, em Ribeir\u00e3o Preto. Segundo o\u00a0boletim de ocorr\u00eancia (BO), a\u00a0v\u00edtima, identificada como\u00a0Edvan Pereira Corr\u00eaa, de 46 anos, foi\u00a0atingida\u00a0por um\u00a0ve\u00edculo, cujo tipo \u00e9 desconhecido, sofreu\u00a0esmagamento\u00a0na\u00a0cabe\u00e7a\u00a0e chegou a\u2026","rel":"","context":"In &quot;Not\u00edcias de Ribeir\u00e3o Preto-SP e Regi\u00e3o&quot;","block_context":{"text":"Not\u00edcias de Ribeir\u00e3o Preto-SP e Regi\u00e3o","link":"https:\/\/ismaelcolosi.com.br\/index.php\/category\/noticias-de-ribeirao-preto-sp-e-regiao-ismael-colosi\/"},"img":{"alt_text":"","src":"https:\/\/i0.wp.com\/ismaelcolosi.com.br\/wp-content\/uploads\/2024\/04\/a556b282-c087-4259-bd5b-8d6db44af6c2.png?fit=768%2C354&ssl=1&resize=350%2C200","width":350,"height":200,"srcset":"https:\/\/i0.wp.com\/ismaelcolosi.com.br\/wp-content\/uploads\/2024\/04\/a556b282-c087-4259-bd5b-8d6db44af6c2.png?fit=768%2C354&ssl=1&resize=350%2C200 1x, https:\/\/i0.wp.com\/ismaelcolosi.com.br\/wp-content\/uploads\/2024\/04\/a556b282-c087-4259-bd5b-8d6db44af6c2.png?fit=768%2C354&ssl=1&resize=525%2C300 1.5x, https:\/\/i0.wp.com\/ismaelcolosi.com.br\/wp-content\/uploads\/2024\/04\/a556b282-c087-4259-bd5b-8d6db44af6c2.png?fit=768%2C354&ssl=1&resize=700%2C400 2x"},"classes":[]},{"id":37921,"url":"https:\/\/ismaelcolosi.com.br\/index.php\/2024\/02\/19\/jovem-morre-apos-bater-moto-de-luxo-emprestada-em-ribeirao-preto\/","url_meta":{"origin":63439,"position":4},"title":"Jovem morre ap\u00f3s bater moto de luxo emprestada em Ribeir\u00e3o Preto","author":"ismaelcolosi.com.br","date":"19 de February de 2024","format":false,"excerpt":"Um jovem de 20 anos morreu em um acidente com uma moto de luxo na manh\u00e3 deste domingo (18), na zona Oeste de Ribeir\u00e3o Preto. Segundo o boletim de ocorr\u00eancia (BO), a v\u00edtima teria pedido a motocicleta Kawasaki emprestada para um amigo e batido o ve\u00edculo contra um poste na\u2026","rel":"","context":"In &quot;Not\u00edcias de Ribeir\u00e3o Preto-SP e Regi\u00e3o&quot;","block_context":{"text":"Not\u00edcias de Ribeir\u00e3o Preto-SP e Regi\u00e3o","link":"https:\/\/ismaelcolosi.com.br\/index.php\/category\/noticias-de-ribeirao-preto-sp-e-regiao-ismael-colosi\/"},"img":{"alt_text":"","src":"https:\/\/i0.wp.com\/ismaelcolosi.com.br\/wp-content\/uploads\/2024\/02\/SAMU.jpg?fit=1200%2C1012&ssl=1&resize=350%2C200","width":350,"height":200,"srcset":"https:\/\/i0.wp.com\/ismaelcolosi.com.br\/wp-content\/uploads\/2024\/02\/SAMU.jpg?fit=1200%2C1012&ssl=1&resize=350%2C200 1x, https:\/\/i0.wp.com\/ismaelcolosi.com.br\/wp-content\/uploads\/2024\/02\/SAMU.jpg?fit=1200%2C1012&ssl=1&resize=525%2C300 1.5x, https:\/\/i0.wp.com\/ismaelcolosi.com.br\/wp-content\/uploads\/2024\/02\/SAMU.jpg?fit=1200%2C1012&ssl=1&resize=700%2C400 2x, https:\/\/i0.wp.com\/ismaelcolosi.com.br\/wp-content\/uploads\/2024\/02\/SAMU.jpg?fit=1200%2C1012&ssl=1&resize=1050%2C600 3x"},"classes":[]},{"id":62762,"url":"https:\/\/ismaelcolosi.com.br\/index.php\/2024\/08\/29\/motociclista-morre-apos-cair-de-moto-e-ser-atropelado-na-regiao-de-ribeirao\/","url_meta":{"origin":63439,"position":5},"title":"Motociclista morre ap\u00f3s cair de moto e ser atropelado na regi\u00e3o de Ribeir\u00e3o","author":"ismaelcolosi.com.br","date":"29 de August de 2024","format":false,"excerpt":"Um motociclista de 28 anos morreu na noite desta quarta-feira (28), depois de cair da moto e ser atropelado por ao menos tr\u00eas carros na rodovia Engenheiro Ronan Rocha (SP-345), em Franca. A v\u00edtima foi identificada como Ricardo Moreira Borba. Segundo a PMR (Pol\u00edcia Militar Rodovi\u00e1ria), o motociclista morreu ainda\u2026","rel":"","context":"In &quot;Not\u00edcias de Ribeir\u00e3o Preto-SP e Regi\u00e3o&quot;","block_context":{"text":"Not\u00edcias de Ribeir\u00e3o Preto-SP e Regi\u00e3o","link":"https:\/\/ismaelcolosi.com.br\/index.php\/category\/noticias-de-ribeirao-preto-sp-e-regiao-ismael-colosi\/"},"img":{"alt_text":"","src":"https:\/\/i0.wp.com\/ismaelcolosi.com.br\/wp-content\/uploads\/2024\/08\/WhatsApp-Image-2024-08-29-at-08.20.07_2024-08-29_11-42-04_jpeg_2024-08-29_11-42-05.webp.webp?fit=1200%2C675&ssl=1&resize=350%2C200","width":350,"height":200,"srcset":"https:\/\/i0.wp.com\/ismaelcolosi.com.br\/wp-content\/uploads\/2024\/08\/WhatsApp-Image-2024-08-29-at-08.20.07_2024-08-29_11-42-04_jpeg_2024-08-29_11-42-05.webp.webp?fit=1200%2C675&ssl=1&resize=350%2C200 1x, https:\/\/i0.wp.com\/ismaelcolosi.com.br\/wp-content\/uploads\/2024\/08\/WhatsApp-Image-2024-08-29-at-08.20.07_2024-08-29_11-42-04_jpeg_2024-08-29_11-42-05.webp.webp?fit=1200%2C675&ssl=1&resize=525%2C300 1.5x, https:\/\/i0.wp.com\/ismaelcolosi.com.br\/wp-content\/uploads\/2024\/08\/WhatsApp-Image-2024-08-29-at-08.20.07_2024-08-29_11-42-04_jpeg_2024-08-29_11-42-05.webp.webp?fit=1200%2C675&ssl=1&resize=700%2C400 2x, https:\/\/i0.wp.com\/ismaelcolosi.com.br\/wp-content\/uploads\/2024\/08\/WhatsApp-Image-2024-08-29-at-08.20.07_2024-08-29_11-42-04_jpeg_2024-08-29_11-42-05.webp.webp?fit=1200%2C675&ssl=1&resize=1050%2C600 3x"},"classes":[]}],"jetpack_sharing_enabled":true,"jetpack_shortlink":"https:\/\/wp.me\/pfMlyK-gvd","_links":{"self":[{"href":"https:\/\/ismaelcolosi.com.br\/index.php\/wp-json\/wp\/v2\/posts\/63439","targetHints":{"allow":["GET"]}}],"collection":[{"href":"https:\/\/ismaelcolosi.com.br\/index.php\/wp-json\/wp\/v2\/posts"}],"about":[{"href":"https:\/\/ismaelcolosi.com.br\/index.php\/wp-json\/wp\/v2\/types\/post"}],"author":[{"embeddable":true,"href":"https:\/\/ismaelcolosi.com.br\/index.php\/wp-json\/wp\/v2\/users\/1"}],"replies":[{"embeddable":true,"href":"https:\/\/ismaelcolosi.com.br\/index.php\/wp-json\/wp\/v2\/comments?post=63439"}],"version-history":[{"count":0,"href":"https:\/\/ismaelcolosi.com.br\/index.php\/wp-json\/wp\/v2\/posts\/63439\/revisions"}],"wp:featuredmedia":[{"embeddable":true,"href":"https:\/\/ismaelcolosi.com.br\/index.php\/wp-json\/wp\/v2\/media\/63440"}],"wp:attachment":[{"href":"https:\/\/ismaelcolosi.com.br\/index.php\/wp-json\/wp\/v2\/media?parent=63439"}],"wp:term":[{"taxonomy":"category","embeddable":true,"href":"https:\/\/ismaelcolosi.com.br\/index.php\/wp-json\/wp\/v2\/categories?post=63439"},{"taxonomy":"post_tag","embeddable":true,"href":"https:\/\/ismaelcolosi.com.br\/index.php\/wp-json\/wp\/v2\/tags?post=63439"}],"curies":[{"name":"wp","href":"https:\/\/api.w.org\/{rel}","templated":true}]}}