{"id":63429,"date":"2024-09-02T10:12:48","date_gmt":"2024-09-02T13:12:48","guid":{"rendered":"https:\/\/ismaelcolosi.com.br\/index.php\/2024\/09\/02\/homem-morre-em-ribeirao-apos-se-engasgar-com-pedaco-de-carne\/"},"modified":"2024-09-02T10:12:48","modified_gmt":"2024-09-02T13:12:48","slug":"homem-morre-em-ribeirao-apos-se-engasgar-com-pedaco-de-carne","status":"publish","type":"post","link":"https:\/\/ismaelcolosi.com.br\/index.php\/2024\/09\/02\/homem-morre-em-ribeirao-apos-se-engasgar-com-pedaco-de-carne\/","title":{"rendered":"Homem morre em Ribeir\u00e3o ap\u00f3s se engasgar com peda\u00e7o de carne"},"content":{"rendered":"<p> <br \/>\n<\/p>\n<div data-td-block-uid=\"tdi_106\">\n<div class=\"tdb-block-inner td-fix-index\">\n<p><strong>Um homem de 45 anos morreu na \u00faltima sexta-feira (30), em Ribeir\u00e3o Preto, ap\u00f3s se engasgar com um peda\u00e7o de carne.<\/strong><\/p>\n<p>Segundo o <strong>boletim de ocorr\u00eancia (BO)<\/strong>, <mark style=\"background-color:#fcb900\" class=\"has-inline-color has-black-color\">a v\u00edtima, indentificada como Jeferson Estevam Ferreira, sofreu o esgasgamento em casa durante o jantar, na noite da \u00faltima ter\u00e7a-feira (27).<\/mark> O <strong>Resgate <\/strong>do <strong>Corpo de Bombeiros<\/strong> foi chamado e encaminhou <strong> <\/strong>o <strong>homem <\/strong>ao <strong>Hospital das Cl\u00ednicas \u2013 Unidade de Emerg\u00eancia (HC-UE)<\/strong>.<\/p>\n<p>Ainda consta no <strong>BO <\/strong>que a <strong>v\u00edtima <\/strong>sofreu uma <strong>parada cardiorrespirat\u00f3ria<\/strong> e foi reanimada, mas teve <strong>morte encef\u00e1lica<\/strong>.<\/p>\n<p>O <strong>corpo <\/strong>da <strong>v\u00edtima <\/strong>seria <strong>sepultado <\/strong>em <strong>Santa Rosa de Viterbo<\/strong>, cidade a aproximadamente 70 quil\u00f4metros de <strong>Ribeir\u00e3o Preto<\/strong>.<\/p>\n<p>O <strong>BO <\/strong>foi registrado na <strong>CPJ (Central de Pol\u00edcia Judici\u00e1ria) Permanente<\/strong> como <strong>morte suspeita<\/strong>.<\/p>\n<p>SAIBA MAIS<\/p>\n<p>Esta\u00e7\u00f5es ecol\u00f3gicas s\u00e3o fechadas por risco de inc\u00eandio em Ribeir\u00e3o e regi\u00e3o<\/p>\n<h4 class=\"wp-block-heading\"><strong>FIQUE ON<\/strong><\/h4>\n<p>Fique ligado em tudo que acontece em Ribeir\u00e3o Preto e regi\u00e3o. Siga os perfis do<strong>\u00a0acidade on<\/strong>\u00a0no\u00a0<a href=\"https:\/\/www.instagram.com\/acidadeonribeirao\" target=\"_blank\" rel=\"noreferrer noopener\">Instagram<\/a>\u00a0e no\u00a0<a href=\"https:\/\/www.facebook.com\/acidadeonribeirao\/\" target=\"_blank\" rel=\"noreferrer noopener\">Facebook<\/a>.<\/p>\n<p>Receba not\u00edcias do\u00a0<strong>acidade on\u00a0<\/strong>no WhatsApp.\u00a0<a href=\"https:\/\/chat.whatsapp.com\/Dtv9mxhy6V5BJBotM2OQ5k\" target=\"_blank\" rel=\"noreferrer noopener\">Para entrar no grupo, basta clicar aqui.<\/a><\/p>\n<p>Fa\u00e7a uma den\u00fancia ou sugira uma reportagem sobre Ribeir\u00e3o Preto e regi\u00e3o pelo WhatsApp: 16 99117 7802.<\/p>\n<p>VEJA TAMB\u00c9M<\/p>\n<p>Qual \u00e9 a fortuna de Magic Johnson?<\/p>\n<p><!-- CONTENT END 1 -->\n<\/div>\n<\/div>\n<p><script async src=\"\/\/www.instagram.com\/embed.js\"><\/script><br \/>\n<br \/><br \/>\n<br \/><a href=\"https:\/\/www.acidadeon.com\/ribeiraopreto\/cotidiano\/homem-morre-em-ribeirao-apos-se-engasgar-com-pedaco-de-carne\/\">Source link <\/a><\/p>\n","protected":false},"excerpt":{"rendered":"<p>Um homem de 45 anos morreu na \u00faltima sexta-feira (30), em Ribeir\u00e3o Preto, ap\u00f3s se engasgar com um peda\u00e7o de carne. Segundo o boletim de&#8230;<\/p>\n","protected":false},"author":1,"featured_media":63430,"comment_status":"open","ping_status":"open","sticky":false,"template":"","format":"standard","meta":{"_uag_custom_page_level_css":"","advanced_seo_description":"","jetpack_seo_html_title":"","jetpack_seo_noindex":false,"jetpack_post_was_ever_published":false,"_jetpack_newsletter_access":"","_jetpack_dont_email_post_to_subs":false,"_jetpack_newsletter_tier_id":0,"_jetpack_memberships_contains_paywalled_content":false,"_jetpack_memberships_contains_paid_content":false,"footnotes":"","jetpack_publicize_message":"","jetpack_publicize_feature_enabled":true,"jetpack_social_post_already_shared":true,"jetpack_social_options":{"image_generator_settings":{"template":"highway","default_image_id":0,"font":"","enabled":false},"version":2}},"categories":[11],"tags":[],"class_list":["post-63429","post","type-post","status-publish","format-standard","has-post-thumbnail","hentry","category-noticias-de-ribeirao-preto-sp-e-regiao-ismael-colosi"],"jetpack_publicize_connections":[],"jetpack_featured_media_url":"https:\/\/i0.wp.com\/ismaelcolosi.com.br\/wp-content\/uploads\/2024\/09\/resgate_socorro_1024x576_02062020084132.jpg?fit=1024%2C575&ssl=1","uagb_featured_image_src":{"full":["https:\/\/i0.wp.com\/ismaelcolosi.com.br\/wp-content\/uploads\/2024\/09\/resgate_socorro_1024x576_02062020084132.jpg?fit=1024%2C575&ssl=1",1024,575,false],"thumbnail":["https:\/\/i0.wp.com\/ismaelcolosi.com.br\/wp-content\/uploads\/2024\/09\/resgate_socorro_1024x576_02062020084132.jpg?resize=150%2C150&ssl=1",150,150,true],"medium":["https:\/\/i0.wp.com\/ismaelcolosi.com.br\/wp-content\/uploads\/2024\/09\/resgate_socorro_1024x576_02062020084132.jpg?fit=300%2C168&ssl=1",300,168,true],"medium_large":["https:\/\/i0.wp.com\/ismaelcolosi.com.br\/wp-content\/uploads\/2024\/09\/resgate_socorro_1024x576_02062020084132.jpg?fit=768%2C431&ssl=1",768,431,true],"large":["https:\/\/i0.wp.com\/ismaelcolosi.com.br\/wp-content\/uploads\/2024\/09\/resgate_socorro_1024x576_02062020084132.jpg?fit=1024%2C575&ssl=1",1024,575,true],"1536x1536":["https:\/\/i0.wp.com\/ismaelcolosi.com.br\/wp-content\/uploads\/2024\/09\/resgate_socorro_1024x576_02062020084132.jpg?fit=1024%2C575&ssl=1",1024,575,true],"2048x2048":["https:\/\/i0.wp.com\/ismaelcolosi.com.br\/wp-content\/uploads\/2024\/09\/resgate_socorro_1024x576_02062020084132.jpg?fit=1024%2C575&ssl=1",1024,575,true],"really-simple-thumb":["https:\/\/i0.wp.com\/ismaelcolosi.com.br\/wp-content\/uploads\/2024\/09\/resgate_socorro_1024x576_02062020084132.jpg?resize=370%2C247&ssl=1",370,247,true]},"uagb_author_info":{"display_name":"ismaelcolosi.com.br","author_link":"https:\/\/ismaelcolosi.com.br\/index.php\/author\/vidareal-online\/"},"uagb_comment_info":0,"uagb_excerpt":"Um homem de 45 anos morreu na \u00faltima sexta-feira (30), em Ribeir\u00e3o Preto, ap\u00f3s se engasgar com um peda\u00e7o de carne. Segundo o boletim de...","jetpack-related-posts":[{"id":63439,"url":"https:\/\/ismaelcolosi.com.br\/index.php\/2024\/09\/02\/idoso-de-71-anos-morre-apos-ser-atropelado-por-moto-em-ribeirao\/","url_meta":{"origin":63429,"position":0},"title":"Idoso de 71 anos morre ap\u00f3s ser atropelado por moto em Ribeir\u00e3o","author":"ismaelcolosi.com.br","date":"2 de September de 2024","format":false,"excerpt":"Um homem de 71 anos morreu no \u00fatimo s\u00e1bado (31), depois de ser atropelado por uma moto no Jardim Paulista, zona Leste de Ribeir\u00e3o Preto. O atropelamento ocorreu no \u00faltimo dia 9 de agosto e a v\u00edtima permaneceu internada no Hospital das Cl\u00ednica \u2013 Unidade de Emerg\u00eancia (HC-UE). Segundo o\u2026","rel":"","context":"In &quot;Not\u00edcias de Ribeir\u00e3o Preto-SP e Regi\u00e3o&quot;","block_context":{"text":"Not\u00edcias de Ribeir\u00e3o Preto-SP e Regi\u00e3o","link":"https:\/\/ismaelcolosi.com.br\/index.php\/category\/noticias-de-ribeirao-preto-sp-e-regiao-ismael-colosi\/"},"img":{"alt_text":"","src":"https:\/\/i0.wp.com\/ismaelcolosi.com.br\/wp-content\/uploads\/2024\/09\/sao_carlos_500x320_03082019163914.jpg?fit=500%2C322&ssl=1&resize=350%2C200","width":350,"height":200},"classes":[]},{"id":71159,"url":"https:\/\/ismaelcolosi.com.br\/index.php\/2024\/10\/15\/idoso-morre-em-ribeirao-preto-apos-se-engasgar-com-comida\/","url_meta":{"origin":63429,"position":1},"title":"Idoso morre em Ribeir\u00e3o Preto ap\u00f3s se engasgar com comida","author":"ismaelcolosi.com.br","date":"15 de October de 2024","format":false,"excerpt":"Um homem de 60 anos morreu na manh\u00e3 desta segunda-feira (14), em Ribeir\u00e3o Preto, depois de se engasgar com alimento. Segundo o boletim de ocorr\u00eancia (BO), a v\u00edtima estava na resid\u00eancia onde morava, quando se engasgou e foi socorrida at\u00e9 a UPA Oeste. A declarante \u00e9 uma cuidadora. N\u00e3o foi\u2026","rel":"","context":"In &quot;Not\u00edcias de Ribeir\u00e3o Preto-SP e Regi\u00e3o&quot;","block_context":{"text":"Not\u00edcias de Ribeir\u00e3o Preto-SP e Regi\u00e3o","link":"https:\/\/ismaelcolosi.com.br\/index.php\/category\/noticias-de-ribeirao-preto-sp-e-regiao-ismael-colosi\/"},"img":{"alt_text":"","src":"https:\/\/i0.wp.com\/ismaelcolosi.com.br\/wp-content\/uploads\/2024\/10\/1728997523_cpj_policia_1200x675_30012022162443.jpg?fit=1200%2C675&ssl=1&resize=350%2C200","width":350,"height":200,"srcset":"https:\/\/i0.wp.com\/ismaelcolosi.com.br\/wp-content\/uploads\/2024\/10\/1728997523_cpj_policia_1200x675_30012022162443.jpg?fit=1200%2C675&ssl=1&resize=350%2C200 1x, https:\/\/i0.wp.com\/ismaelcolosi.com.br\/wp-content\/uploads\/2024\/10\/1728997523_cpj_policia_1200x675_30012022162443.jpg?fit=1200%2C675&ssl=1&resize=525%2C300 1.5x, https:\/\/i0.wp.com\/ismaelcolosi.com.br\/wp-content\/uploads\/2024\/10\/1728997523_cpj_policia_1200x675_30012022162443.jpg?fit=1200%2C675&ssl=1&resize=700%2C400 2x, https:\/\/i0.wp.com\/ismaelcolosi.com.br\/wp-content\/uploads\/2024\/10\/1728997523_cpj_policia_1200x675_30012022162443.jpg?fit=1200%2C675&ssl=1&resize=1050%2C600 3x"},"classes":[]},{"id":10076,"url":"https:\/\/ismaelcolosi.com.br\/index.php\/2023\/12\/03\/convidado-falece-sem-conseguir-respirar-ao-se-engasgar-com-pedaco-de-carne-do-buffet\/","url_meta":{"origin":63429,"position":2},"title":"convidado falece sem conseguir respirar ao se engasgar com peda\u00e7o de carne do buffet","author":"ismaelcolosi.com.br","date":"3 de December de 2023","format":false,"excerpt":"Na noite do \u00faltimo s\u00e1bado, dia 2 de dezembro, o pecuarista Ricardo Lago Zaher, de 30 anos de idade, faleceu em um tr\u00e1gico incidente durante uma festa de casamento na cidade de Campo Grande, capital do Mato Grosso do Sul, na regi\u00e3o Centro-oeste do Brasil.De acordo com as informa\u00e7\u00f5es, Ricardo\u2026","rel":"","context":"In &quot;Blog&quot;","block_context":{"text":"Blog","link":"https:\/\/ismaelcolosi.com.br\/index.php\/category\/blog\/"},"img":{"alt_text":"","src":"https:\/\/i0.wp.com\/ismaelcolosi.com.br\/wp-content\/uploads\/2023\/12\/postimg-656cdc707c6103687.jpg?fit=1200%2C628&ssl=1&resize=350%2C200","width":350,"height":200,"srcset":"https:\/\/i0.wp.com\/ismaelcolosi.com.br\/wp-content\/uploads\/2023\/12\/postimg-656cdc707c6103687.jpg?fit=1200%2C628&ssl=1&resize=350%2C200 1x, https:\/\/i0.wp.com\/ismaelcolosi.com.br\/wp-content\/uploads\/2023\/12\/postimg-656cdc707c6103687.jpg?fit=1200%2C628&ssl=1&resize=525%2C300 1.5x, https:\/\/i0.wp.com\/ismaelcolosi.com.br\/wp-content\/uploads\/2023\/12\/postimg-656cdc707c6103687.jpg?fit=1200%2C628&ssl=1&resize=700%2C400 2x, https:\/\/i0.wp.com\/ismaelcolosi.com.br\/wp-content\/uploads\/2023\/12\/postimg-656cdc707c6103687.jpg?fit=1200%2C628&ssl=1&resize=1050%2C600 3x"},"classes":[]},{"id":63479,"url":"https:\/\/ismaelcolosi.com.br\/index.php\/2024\/09\/02\/bebe-de-3-meses-morre-com-suspeita-de-engasgo-em-ribeirao-preto\/","url_meta":{"origin":63429,"position":3},"title":"Beb\u00ea de 3 meses morre com suspeita de engasgo em Ribeir\u00e3o Preto","author":"ismaelcolosi.com.br","date":"2 de September de 2024","format":false,"excerpt":"Uma beb\u00ea de 3 meses morreu na manh\u00e3 do \u00faltimo s\u00e1bado (31) com suspeita de engasgamento ap\u00f3s a amamenta\u00e7\u00e3o em casa, no Jardim Orestes Lopes de Camargo, zona Norte de Ribeir\u00e3o Preto. Segundo o boletim de ocorr\u00eancia (BO), a crian\u00e7a foi levada para a UPA Norte j\u00e1 sem a pulsa\u00e7\u00e3o,\u2026","rel":"","context":"In &quot;Not\u00edcias de Ribeir\u00e3o Preto-SP e Regi\u00e3o&quot;","block_context":{"text":"Not\u00edcias de Ribeir\u00e3o Preto-SP e Regi\u00e3o","link":"https:\/\/ismaelcolosi.com.br\/index.php\/category\/noticias-de-ribeirao-preto-sp-e-regiao-ismael-colosi\/"},"img":{"alt_text":"","src":"https:\/\/i0.wp.com\/ismaelcolosi.com.br\/wp-content\/uploads\/2024\/09\/UPA-NORTE.jpg?fit=1200%2C799&ssl=1&resize=350%2C200","width":350,"height":200,"srcset":"https:\/\/i0.wp.com\/ismaelcolosi.com.br\/wp-content\/uploads\/2024\/09\/UPA-NORTE.jpg?fit=1200%2C799&ssl=1&resize=350%2C200 1x, https:\/\/i0.wp.com\/ismaelcolosi.com.br\/wp-content\/uploads\/2024\/09\/UPA-NORTE.jpg?fit=1200%2C799&ssl=1&resize=525%2C300 1.5x, https:\/\/i0.wp.com\/ismaelcolosi.com.br\/wp-content\/uploads\/2024\/09\/UPA-NORTE.jpg?fit=1200%2C799&ssl=1&resize=700%2C400 2x, https:\/\/i0.wp.com\/ismaelcolosi.com.br\/wp-content\/uploads\/2024\/09\/UPA-NORTE.jpg?fit=1200%2C799&ssl=1&resize=1050%2C600 3x"},"classes":[]},{"id":34568,"url":"https:\/\/ismaelcolosi.com.br\/index.php\/2024\/02\/02\/funcionario-da-saerp-e-agredido-por-assaltantes-ao-retornar-do-trabalho-em-ribeirao\/","url_meta":{"origin":63429,"position":4},"title":"Funcion\u00e1rio da Saerp \u00e9 agredido por assaltantes ao retornar do trabalho em Ribeir\u00e3o","author":"ismaelcolosi.com.br","date":"2 de February de 2024","format":false,"excerpt":"Um servidor da Saerp (Secretaria de \u00c1gua e Esgoto de Ribeir\u00e3o Preto) foi agredido durante uma tentativa de assalto na noite da \u00faltima ter\u00e7a-feira (30), enquanto retornava do trabalho no bairro Valentina Figueiredo, zona Norte da cidade. A v\u00edtima, de 55 anos, relatou \u00e0 pol\u00edcia no boletim de ocorr\u00eancia (BO)\u2026","rel":"","context":"In &quot;Not\u00edcias de Ribeir\u00e3o Preto-SP e Regi\u00e3o&quot;","block_context":{"text":"Not\u00edcias de Ribeir\u00e3o Preto-SP e Regi\u00e3o","link":"https:\/\/ismaelcolosi.com.br\/index.php\/category\/noticias-de-ribeirao-preto-sp-e-regiao-ismael-colosi\/"},"img":{"alt_text":"","src":"https:\/\/ismaelcolosi.com.br\/wp-content\/uploads\/2023\/11\/whatsapp_image_2022-08-14_at_12_10_03.jpe","width":350,"height":200,"srcset":"https:\/\/ismaelcolosi.com.br\/wp-content\/uploads\/2023\/11\/whatsapp_image_2022-08-14_at_12_10_03.jpe 1x, https:\/\/ismaelcolosi.com.br\/wp-content\/uploads\/2023\/11\/whatsapp_image_2022-08-14_at_12_10_03.jpe 1.5x, https:\/\/ismaelcolosi.com.br\/wp-content\/uploads\/2023\/11\/whatsapp_image_2022-08-14_at_12_10_03.jpe 2x, https:\/\/ismaelcolosi.com.br\/wp-content\/uploads\/2023\/11\/whatsapp_image_2022-08-14_at_12_10_03.jpe 3x"},"classes":[]},{"id":72289,"url":"https:\/\/ismaelcolosi.com.br\/index.php\/2024\/10\/21\/homem-morre-em-ribeirao-apos-ser-retirado-desacordado-de-piscina\/","url_meta":{"origin":63429,"position":5},"title":"Homem morre em Ribeir\u00e3o ap\u00f3s ser retirado desacordado de piscina","author":"ismaelcolosi.com.br","date":"21 de October de 2024","format":false,"excerpt":"Um homem de 58 anos morreu na madrugada desta segunda-feira (21), em Ribeir\u00e3o Preto, depois de ser encontrado desacordado na piscina de casa. Segundo o boletim de ocorr\u00eancia (BO), a v\u00edtima chegou a ser retirada da \u00e1gua por um filho e foi socorrida pelo Samu at\u00e9 um hospital particular da\u2026","rel":"","context":"In &quot;Not\u00edcias de Ribeir\u00e3o Preto-SP e Regi\u00e3o&quot;","block_context":{"text":"Not\u00edcias de Ribeir\u00e3o Preto-SP e Regi\u00e3o","link":"https:\/\/ismaelcolosi.com.br\/index.php\/category\/noticias-de-ribeirao-preto-sp-e-regiao-ismael-colosi\/"},"img":{"alt_text":"","src":"https:\/\/i0.wp.com\/ismaelcolosi.com.br\/wp-content\/uploads\/2024\/08\/piscina_2024-08-17_17-17-12_jpg_2024-08-17_17-17-12.webp.webp?fit=1200%2C803&ssl=1&resize=350%2C200","width":350,"height":200,"srcset":"https:\/\/i0.wp.com\/ismaelcolosi.com.br\/wp-content\/uploads\/2024\/08\/piscina_2024-08-17_17-17-12_jpg_2024-08-17_17-17-12.webp.webp?fit=1200%2C803&ssl=1&resize=350%2C200 1x, https:\/\/i0.wp.com\/ismaelcolosi.com.br\/wp-content\/uploads\/2024\/08\/piscina_2024-08-17_17-17-12_jpg_2024-08-17_17-17-12.webp.webp?fit=1200%2C803&ssl=1&resize=525%2C300 1.5x, https:\/\/i0.wp.com\/ismaelcolosi.com.br\/wp-content\/uploads\/2024\/08\/piscina_2024-08-17_17-17-12_jpg_2024-08-17_17-17-12.webp.webp?fit=1200%2C803&ssl=1&resize=700%2C400 2x, https:\/\/i0.wp.com\/ismaelcolosi.com.br\/wp-content\/uploads\/2024\/08\/piscina_2024-08-17_17-17-12_jpg_2024-08-17_17-17-12.webp.webp?fit=1200%2C803&ssl=1&resize=1050%2C600 3x"},"classes":[]}],"jetpack_sharing_enabled":true,"jetpack_shortlink":"https:\/\/wp.me\/pfMlyK-gv3","_links":{"self":[{"href":"https:\/\/ismaelcolosi.com.br\/index.php\/wp-json\/wp\/v2\/posts\/63429","targetHints":{"allow":["GET"]}}],"collection":[{"href":"https:\/\/ismaelcolosi.com.br\/index.php\/wp-json\/wp\/v2\/posts"}],"about":[{"href":"https:\/\/ismaelcolosi.com.br\/index.php\/wp-json\/wp\/v2\/types\/post"}],"author":[{"embeddable":true,"href":"https:\/\/ismaelcolosi.com.br\/index.php\/wp-json\/wp\/v2\/users\/1"}],"replies":[{"embeddable":true,"href":"https:\/\/ismaelcolosi.com.br\/index.php\/wp-json\/wp\/v2\/comments?post=63429"}],"version-history":[{"count":0,"href":"https:\/\/ismaelcolosi.com.br\/index.php\/wp-json\/wp\/v2\/posts\/63429\/revisions"}],"wp:featuredmedia":[{"embeddable":true,"href":"https:\/\/ismaelcolosi.com.br\/index.php\/wp-json\/wp\/v2\/media\/63430"}],"wp:attachment":[{"href":"https:\/\/ismaelcolosi.com.br\/index.php\/wp-json\/wp\/v2\/media?parent=63429"}],"wp:term":[{"taxonomy":"category","embeddable":true,"href":"https:\/\/ismaelcolosi.com.br\/index.php\/wp-json\/wp\/v2\/categories?post=63429"},{"taxonomy":"post_tag","embeddable":true,"href":"https:\/\/ismaelcolosi.com.br\/index.php\/wp-json\/wp\/v2\/tags?post=63429"}],"curies":[{"name":"wp","href":"https:\/\/api.w.org\/{rel}","templated":true}]}}