{"id":63410,"date":"2024-09-02T08:26:53","date_gmt":"2024-09-02T11:26:53","guid":{"rendered":"https:\/\/ismaelcolosi.com.br\/index.php\/2024\/09\/02\/estacoes-ecologicas-sao-fechadas-por-risco-de-incendio-em-ribeirao-e-regiao\/"},"modified":"2024-09-02T08:26:53","modified_gmt":"2024-09-02T11:26:53","slug":"estacoes-ecologicas-sao-fechadas-por-risco-de-incendio-em-ribeirao-e-regiao","status":"publish","type":"post","link":"https:\/\/ismaelcolosi.com.br\/index.php\/2024\/09\/02\/estacoes-ecologicas-sao-fechadas-por-risco-de-incendio-em-ribeirao-e-regiao\/","title":{"rendered":"Esta\u00e7\u00f5es ecol\u00f3gicas s\u00e3o fechadas por risco de inc\u00eandio em Ribeir\u00e3o e regi\u00e3o"},"content":{"rendered":"<p> <br \/>\n<\/p>\n<div data-td-block-uid=\"tdi_106\">\n<div class=\"tdb-block-inner td-fix-index\">\n<p><strong>A Funda\u00e7\u00e3o Florestal anunciou o fechamento emergencial de 80 unidades de conserva\u00e7\u00e3o no estado de S\u00e3o Paulo.<\/strong> <mark style=\"background-color:#fcb900\" class=\"has-inline-color has-black-color\">A Esta\u00e7\u00e3o Ecol\u00f3gica Ribeir\u00e3o Preto, que fica na Mata de Santa Tereza, est\u00e1 na lista. \u00a0<\/mark><\/p>\n<p>A <strong>decis\u00e3o <\/strong>do <strong>\u00f3rg\u00e3o <\/strong>vinculado \u00e0 <strong>Secretaria de Meio Ambiente, Infraestrutura e Log\u00edstica (Semil) do Estado de S\u00e3o Paulo<\/strong> ocorre devido ao crescente <strong>risco de inc\u00eandios florestais<\/strong>, que coloca em perigo tanto os visitantes quanto as \u00e1reas de preserva\u00e7\u00e3o.<\/p>\n<h4 class=\"wp-block-heading\"><strong>Confira as unidades de conserva\u00e7\u00e3o fechadas em SP:<\/strong><\/h4>\n<p>\u00c1rea de Relevante Interesse Ecol\u00f3gico Leopoldo Magno Coutinho<br \/>Esta\u00e7\u00e3o Ecol\u00f3gica (EE) Angatuba<br \/>EE Assis<br \/>EE Avar\u00e9<br \/>EE Bananal<br \/>EE Barreiro Rico<br \/>EE Bauru<br \/>EE Caetetus<br \/>EE Ibicatu<br \/>EE Itaber\u00e1<br \/>EE Itapeti<br \/>EE Itapeva<br \/>EE Itirapina<br \/>EE Jata\u00ed<br \/>EE Mar\u00edlia<br \/>EE Mata do Jacar\u00e9 (S\u00e3o Carlos)<br \/>EE Mogi-Gua\u00e7u<br \/>EE Paranapanema<br \/>EE Paulo de Faria<br \/>EE Ribeir\u00e3o Preto<br \/>EE Santa B\u00e1rbara<br \/>EE Santa Maria<br \/>EE Valinhos<br \/>Esta\u00e7\u00e3o Experimental (EEX) Araraquara<br \/>EEX Bauru<br \/>EEX Bento Quirino<br \/>EEX Buri<br \/>EEX Casa Branca<br \/>EEX Itapetininga<br \/>EEX Itapeva<br \/>EEX Itarar\u00e9<br \/>EEX Itirapina<br \/>EEX Ja\u00fa<br \/>EEX Luiz Ant\u00f4nio<br \/>EEX Mogi Mirim<br \/>EEX Mogi-Gua\u00e7u<br \/>EEX Paragua\u00e7u Paulista<br \/>EEX Santa Rita do Passa Quatro<br \/>EEx S\u00e3o Jos\u00e9 do Rio Preto<br \/>EEX S\u00e3o Sim\u00e3o<br \/>EEX Tupi<br \/>Floresta Estadual (FE) Assis<br \/>FE Guarulhos<br \/>FE Noroeste Paulista<br \/>FE Pederneiras<br \/>FE Santa B\u00e1rbara<br \/>FE Serra D\u2019\u00c1gua<br \/>Floresta Estadual Edmundo Navarro de Andrade (Feena)<br \/>Floresta de Angatuba<br \/>Floresta de Avar\u00e9 I<br \/>Floresta de Avar\u00e9 II<br \/>Floresta de Batatais<br \/>Floresta de Bebedouro<br \/>Floresta de Botucatu<br \/>Floresta de Cajuru<br \/>Floresta de Manduri<br \/>Floresta de Paranapanema<br \/>Floresta de Piraju<br \/>Mona Mantiqueira<br \/>Mona Pedra do Ba\u00fa<br \/>Mona Pedra Grande<br \/>Parque Estadual (PE) Aguape\u00ed<br \/>PE \u00c1guas da Billings<br \/>PE \u00c1guas da Prata<br \/>PE ARA<br \/>PE Campos do Jord\u00e3o<br \/>PE Furnas do Bom Jesus<br \/>PE Itaberaba<br \/>PE Itapetinga<br \/>PE Jaragu\u00e1<br \/>PE Juquery<br \/>PE Mananciais Campos do Jord\u00e3o<br \/>PE Morro do Diabo<br \/>PE Porto Ferreira<br \/>PE Rio do Peixe<br \/>PE Serra do Mar \u2013 N\u00facleo Cunha<br \/>PE Serra do Mar \u2013 N\u00facleo Santa Virg\u00ednia<br \/>PE Vassununga<br \/>ReBio Mogi-Gua\u00e7u<br \/>Ref\u00fagio de Vida Silvestre (RVS) Aimor\u00e9s<\/p>\n<h4 class=\"wp-block-heading\"><strong>Quando vai reabrir?<\/strong><\/h4>\n<p><strong>O fechamento, que entrou em vigor imediatamete ap\u00f3s o an\u00fancio, neste domingo (1\u00ba), seguir\u00e1 at\u00e9 o dia 12 de setembro.<\/strong><\/p>\n<p>A <strong>Funda\u00e7\u00e3o Florestal<\/strong> disse, por\u00e9m, que a data pode ser revisada conforme as condi\u00e7\u00f5es clim\u00e1ticas e os riscos associados.\u00a0<\/p>\n<p>A <strong>Defesa Civil <\/strong>refor\u00e7ou a import\u00e2ncia de den\u00fancias de <strong>inc\u00eandios criminosos <\/strong>pelos <strong>telefones 181 e 190<\/strong>.<\/p>\n<p>SAIBA MAIS<\/p>\n<p>Veja o balan\u00e7o das pris\u00f5es por inc\u00eandios criminosos no estado de SP<\/p>\n<h4 class=\"wp-block-heading\"><strong>FIQUE ON<\/strong><\/h4>\n<p>Fique ligado em tudo que acontece em Ribeir\u00e3o Preto e regi\u00e3o. Siga os perfis do<strong>\u00a0acidade on<\/strong>\u00a0no\u00a0<a href=\"https:\/\/www.instagram.com\/acidadeonribeirao\" target=\"_blank\" rel=\"noreferrer noopener\">Instagram<\/a>\u00a0e no\u00a0<a href=\"https:\/\/www.facebook.com\/acidadeonribeirao\/\" target=\"_blank\" rel=\"noreferrer noopener\">Facebook<\/a>.<\/p>\n<p>Receba not\u00edcias do\u00a0<strong>acidade on\u00a0<\/strong>no WhatsApp.\u00a0<a href=\"https:\/\/chat.whatsapp.com\/Dtv9mxhy6V5BJBotM2OQ5k\" target=\"_blank\" rel=\"noreferrer noopener\">Para entrar no grupo, basta clicar aqui.<\/a><\/p>\n<p>Fa\u00e7a uma den\u00fancia ou sugira uma reportagem sobre Ribeir\u00e3o Preto e regi\u00e3o pelo WhatsApp: 16 99117 7802.<\/p>\n<p>VEJA TAMB\u00c9M<\/p>\n<p>Qual \u00e9 a fortuna de Magic Johnson?<\/p>\n<p><!-- CONTENT END 1 -->\n<\/div>\n<\/div>\n<p><script async src=\"\/\/www.instagram.com\/embed.js\"><\/script><br \/>\n<br \/><br \/>\n<br \/><a href=\"https:\/\/www.acidadeon.com\/ribeiraopreto\/cotidiano\/estacoes-ecologicas-sao-fechadas-por-risco-de-incendio-em-ribeirao-e-regiao\/\">Source link <\/a><\/p>\n","protected":false},"excerpt":{"rendered":"<p>A Funda\u00e7\u00e3o Florestal anunciou o fechamento emergencial de 80 unidades de conserva\u00e7\u00e3o no estado de S\u00e3o Paulo. A Esta\u00e7\u00e3o Ecol\u00f3gica Ribeir\u00e3o Preto, que fica na&#8230;<\/p>\n","protected":false},"author":1,"featured_media":63411,"comment_status":"open","ping_status":"open","sticky":false,"template":"","format":"standard","meta":{"_uag_custom_page_level_css":"","advanced_seo_description":"","jetpack_seo_html_title":"","jetpack_seo_noindex":false,"jetpack_post_was_ever_published":false,"_jetpack_newsletter_access":"","_jetpack_dont_email_post_to_subs":false,"_jetpack_newsletter_tier_id":0,"_jetpack_memberships_contains_paywalled_content":false,"_jetpack_memberships_contains_paid_content":false,"footnotes":"","jetpack_publicize_message":"","jetpack_publicize_feature_enabled":true,"jetpack_social_post_already_shared":true,"jetpack_social_options":{"image_generator_settings":{"template":"highway","default_image_id":0,"font":"","enabled":false},"version":2}},"categories":[11],"tags":[],"class_list":["post-63410","post","type-post","status-publish","format-standard","has-post-thumbnail","hentry","category-noticias-de-ribeirao-preto-sp-e-regiao-ismael-colosi"],"jetpack_publicize_connections":[],"jetpack_featured_media_url":"https:\/\/i0.wp.com\/ismaelcolosi.com.br\/wp-content\/uploads\/2024\/09\/mata_santa_1200x675_15062022165642.jpg?fit=1200%2C675&ssl=1","uagb_featured_image_src":{"full":["https:\/\/i0.wp.com\/ismaelcolosi.com.br\/wp-content\/uploads\/2024\/09\/mata_santa_1200x675_15062022165642.jpg?fit=1200%2C675&ssl=1",1200,675,false],"thumbnail":["https:\/\/i0.wp.com\/ismaelcolosi.com.br\/wp-content\/uploads\/2024\/09\/mata_santa_1200x675_15062022165642.jpg?resize=150%2C150&ssl=1",150,150,true],"medium":["https:\/\/i0.wp.com\/ismaelcolosi.com.br\/wp-content\/uploads\/2024\/09\/mata_santa_1200x675_15062022165642.jpg?fit=300%2C169&ssl=1",300,169,true],"medium_large":["https:\/\/i0.wp.com\/ismaelcolosi.com.br\/wp-content\/uploads\/2024\/09\/mata_santa_1200x675_15062022165642.jpg?fit=768%2C432&ssl=1",768,432,true],"large":["https:\/\/i0.wp.com\/ismaelcolosi.com.br\/wp-content\/uploads\/2024\/09\/mata_santa_1200x675_15062022165642.jpg?fit=1024%2C576&ssl=1",1024,576,true],"1536x1536":["https:\/\/i0.wp.com\/ismaelcolosi.com.br\/wp-content\/uploads\/2024\/09\/mata_santa_1200x675_15062022165642.jpg?fit=1200%2C675&ssl=1",1200,675,true],"2048x2048":["https:\/\/i0.wp.com\/ismaelcolosi.com.br\/wp-content\/uploads\/2024\/09\/mata_santa_1200x675_15062022165642.jpg?fit=1200%2C675&ssl=1",1200,675,true],"really-simple-thumb":["https:\/\/i0.wp.com\/ismaelcolosi.com.br\/wp-content\/uploads\/2024\/09\/mata_santa_1200x675_15062022165642.jpg?resize=370%2C247&ssl=1",370,247,true]},"uagb_author_info":{"display_name":"ismaelcolosi.com.br","author_link":"https:\/\/ismaelcolosi.com.br\/index.php\/author\/vidareal-online\/"},"uagb_comment_info":0,"uagb_excerpt":"A Funda\u00e7\u00e3o Florestal anunciou o fechamento emergencial de 80 unidades de conserva\u00e7\u00e3o no estado de S\u00e3o Paulo. A Esta\u00e7\u00e3o Ecol\u00f3gica Ribeir\u00e3o Preto, que fica na...","jetpack-related-posts":[{"id":68368,"url":"https:\/\/ismaelcolosi.com.br\/index.php\/2024\/09\/29\/governo-de-sp-mobiliza-contingente-para-combater-incendio-na-regiao-de-ribeirao\/","url_meta":{"origin":63410,"position":0},"title":"Governo de SP mobiliza contingente para combater inc\u00eandio na regi\u00e3o de Ribeir\u00e3o","author":"ismaelcolosi.com.br","date":"29 de September de 2024","format":false,"excerpt":"O Governo de S\u00e3o Paulo informou, neste domingo (29), que mobiliza um contingente duas vezes maior que o de 2020 e 2021 para combater um inc\u00eandio na Esta\u00e7\u00e3o Ecol\u00f3gica do Jata\u00ed, em Luiz Ant\u00f4nio, na regi\u00e3o de Ribeir\u00e3o Preto. Na manh\u00e3 deste s\u00e1bado (28), o fogo atingiu uma \u00e1rea da\u2026","rel":"","context":"In &quot;Not\u00edcias de Ribeir\u00e3o Preto-SP e Regi\u00e3o&quot;","block_context":{"text":"Not\u00edcias de Ribeir\u00e3o Preto-SP e Regi\u00e3o","link":"https:\/\/ismaelcolosi.com.br\/index.php\/category\/noticias-de-ribeirao-preto-sp-e-regiao-ismael-colosi\/"},"img":{"alt_text":"","src":"https:\/\/i0.wp.com\/ismaelcolosi.com.br\/wp-content\/uploads\/2024\/09\/WhatsApp-Image-2024-09-29-at-11.49.00_2024-09-29_15-59-32_jpeg_2024-09-29_15-59-33.webp.webp?fit=1200%2C800&ssl=1&resize=350%2C200","width":350,"height":200,"srcset":"https:\/\/i0.wp.com\/ismaelcolosi.com.br\/wp-content\/uploads\/2024\/09\/WhatsApp-Image-2024-09-29-at-11.49.00_2024-09-29_15-59-32_jpeg_2024-09-29_15-59-33.webp.webp?fit=1200%2C800&ssl=1&resize=350%2C200 1x, https:\/\/i0.wp.com\/ismaelcolosi.com.br\/wp-content\/uploads\/2024\/09\/WhatsApp-Image-2024-09-29-at-11.49.00_2024-09-29_15-59-32_jpeg_2024-09-29_15-59-33.webp.webp?fit=1200%2C800&ssl=1&resize=525%2C300 1.5x, https:\/\/i0.wp.com\/ismaelcolosi.com.br\/wp-content\/uploads\/2024\/09\/WhatsApp-Image-2024-09-29-at-11.49.00_2024-09-29_15-59-32_jpeg_2024-09-29_15-59-33.webp.webp?fit=1200%2C800&ssl=1&resize=700%2C400 2x, https:\/\/i0.wp.com\/ismaelcolosi.com.br\/wp-content\/uploads\/2024\/09\/WhatsApp-Image-2024-09-29-at-11.49.00_2024-09-29_15-59-32_jpeg_2024-09-29_15-59-33.webp.webp?fit=1200%2C800&ssl=1&resize=1050%2C600 3x"},"classes":[]},{"id":33271,"url":"https:\/\/ismaelcolosi.com.br\/index.php\/2024\/01\/28\/ameacados-lobos-guara-sao-monitorados-no-interior-de-sp\/","url_meta":{"origin":63410,"position":1},"title":"Amea\u00e7ados, lobos-guar\u00e1 s\u00e3o monitorados no interior de SP","author":"ismaelcolosi.com.br","date":"28 de January de 2024","format":false,"excerpt":"Com o uso de c\u00e2meras de monitoramento do MonitoraBioSP, a Funda\u00e7\u00e3o Florestal (FF), \u00f3rg\u00e3o ligado \u00e0 Secretaria de Meio Ambiente, Infraestrutura e Log\u00edstica (Semil), continua dando sequ\u00eancia ao controle dos casos de sarna sarc\u00f3ptica que acometeu lobos-guar\u00e1s (Chrysocyon brachyurus) \u2013 maior can\u00eddeo da Am\u00e9rica do Sul, com at\u00e9 um metro\u2026","rel":"","context":"In &quot;Not\u00edcias de Ribeir\u00e3o Preto-SP e Regi\u00e3o&quot;","block_context":{"text":"Not\u00edcias de Ribeir\u00e3o Preto-SP e Regi\u00e3o","link":"https:\/\/ismaelcolosi.com.br\/index.php\/category\/noticias-de-ribeirao-preto-sp-e-regiao-ismael-colosi\/"},"img":{"alt_text":"","src":"https:\/\/i0.wp.com\/ismaelcolosi.com.br\/wp-content\/uploads\/2024\/01\/1-lobo-guara.jpg?fit=600%2C400&ssl=1&resize=350%2C200","width":350,"height":200,"srcset":"https:\/\/i0.wp.com\/ismaelcolosi.com.br\/wp-content\/uploads\/2024\/01\/1-lobo-guara.jpg?fit=600%2C400&ssl=1&resize=350%2C200 1x, https:\/\/i0.wp.com\/ismaelcolosi.com.br\/wp-content\/uploads\/2024\/01\/1-lobo-guara.jpg?fit=600%2C400&ssl=1&resize=525%2C300 1.5x"},"classes":[]},{"id":43155,"url":"https:\/\/ismaelcolosi.com.br\/index.php\/2024\/03\/19\/supermercados-dia-fechara-dezoito-lojas-na-regiao-de-ribeirao-veja-cidades-com-liquidacao\/","url_meta":{"origin":63410,"position":2},"title":"Supermercados Dia fechar\u00e1 dezoito lojas na regi\u00e3o de Ribeir\u00e3o; Veja cidades com liquida\u00e7\u00e3o","author":"ismaelcolosi.com.br","date":"19 de March de 2024","format":false,"excerpt":"Dezoito lojas da rede de supermercados Dia ser\u00e3o fechadas na regi\u00e3o de Ribeir\u00e3o Preto. Ap\u00f3s o seu persistente resultado negativo no pa\u00eds, o grupo espanhol anunciou o encerramento de mais da metade de suas lojas em todo o Brasil. Ainda n\u00e3o se sabe o dia exato em que as lojas\u2026","rel":"","context":"In &quot;Not\u00edcias de Ribeir\u00e3o Preto-SP e Regi\u00e3o&quot;","block_context":{"text":"Not\u00edcias de Ribeir\u00e3o Preto-SP e Regi\u00e3o","link":"https:\/\/ismaelcolosi.com.br\/index.php\/category\/noticias-de-ribeirao-preto-sp-e-regiao-ismael-colosi\/"},"img":{"alt_text":"","src":"https:\/\/i0.wp.com\/ismaelcolosi.com.br\/wp-content\/uploads\/2024\/03\/Dia_Sertaozinho.png?fit=784%2C495&ssl=1&resize=350%2C200","width":350,"height":200,"srcset":"https:\/\/i0.wp.com\/ismaelcolosi.com.br\/wp-content\/uploads\/2024\/03\/Dia_Sertaozinho.png?fit=784%2C495&ssl=1&resize=350%2C200 1x, https:\/\/i0.wp.com\/ismaelcolosi.com.br\/wp-content\/uploads\/2024\/03\/Dia_Sertaozinho.png?fit=784%2C495&ssl=1&resize=525%2C300 1.5x, https:\/\/i0.wp.com\/ismaelcolosi.com.br\/wp-content\/uploads\/2024\/03\/Dia_Sertaozinho.png?fit=784%2C495&ssl=1&resize=700%2C400 2x"},"classes":[]},{"id":69639,"url":"https:\/\/ismaelcolosi.com.br\/index.php\/2024\/10\/07\/incendio-volta-a-atingir-reserva-ecologica-na-regiao-de-ribeirao-preto-video\/","url_meta":{"origin":63410,"position":3},"title":"Inc\u00eandio volta a atingir reserva ecol\u00f3gica na regi\u00e3o de Ribeir\u00e3o Preto; V\u00eddeo","author":"ismaelcolosi.com.br","date":"7 de October de 2024","format":false,"excerpt":"A Defesa Civil de S\u00e3o Paulo informou que a Esta\u00e7\u00e3o Ecol\u00f3gica Jata\u00ed voltou a ser atingida pelo fogo em Luiz Ant\u00f4nio, na regi\u00e3o de Ribeir\u00e3o Preto. Imagens mostram as chamas nas proximidades da cidade. Assista ao v\u00eddeo abaixo. Segundo informa\u00e7\u00f5es, parte da sede da Funda\u00e7\u00e3o Florestal teve de ser evacuada\u2026","rel":"","context":"In &quot;Not\u00edcias de Ribeir\u00e3o Preto-SP e Regi\u00e3o&quot;","block_context":{"text":"Not\u00edcias de Ribeir\u00e3o Preto-SP e Regi\u00e3o","link":"https:\/\/ismaelcolosi.com.br\/index.php\/category\/noticias-de-ribeirao-preto-sp-e-regiao-ismael-colosi\/"},"img":{"alt_text":"","src":"https:\/\/i0.wp.com\/ismaelcolosi.com.br\/wp-content\/uploads\/2024\/10\/INCENDIO_2024-10-07_13-08-44_jpg_2024-10-07_13-08-45.webp.webp?fit=1200%2C663&ssl=1&resize=350%2C200","width":350,"height":200,"srcset":"https:\/\/i0.wp.com\/ismaelcolosi.com.br\/wp-content\/uploads\/2024\/10\/INCENDIO_2024-10-07_13-08-44_jpg_2024-10-07_13-08-45.webp.webp?fit=1200%2C663&ssl=1&resize=350%2C200 1x, https:\/\/i0.wp.com\/ismaelcolosi.com.br\/wp-content\/uploads\/2024\/10\/INCENDIO_2024-10-07_13-08-44_jpg_2024-10-07_13-08-45.webp.webp?fit=1200%2C663&ssl=1&resize=525%2C300 1.5x, https:\/\/i0.wp.com\/ismaelcolosi.com.br\/wp-content\/uploads\/2024\/10\/INCENDIO_2024-10-07_13-08-44_jpg_2024-10-07_13-08-45.webp.webp?fit=1200%2C663&ssl=1&resize=700%2C400 2x, https:\/\/i0.wp.com\/ismaelcolosi.com.br\/wp-content\/uploads\/2024\/10\/INCENDIO_2024-10-07_13-08-44_jpg_2024-10-07_13-08-45.webp.webp?fit=1200%2C663&ssl=1&resize=1050%2C600 3x"},"classes":[]},{"id":43004,"url":"https:\/\/ismaelcolosi.com.br\/index.php\/2024\/03\/18\/frente-fria-vai-trazer-chuva-para-o-interior-de-sp-veja-as-regioes-afetadas\/","url_meta":{"origin":63410,"position":4},"title":"Frente fria vai trazer chuva para o interior de SP; Veja as regi\u00f5es afetadas","author":"ismaelcolosi.com.br","date":"18 de March de 2024","format":false,"excerpt":"O interior do Estado de S\u00e3o Paulo recebeu um novo alerta de perigo potencial para chuvas intensas, nesta segunda-feira (18). O alerta foi emitido poucos dias antes da primeira frente fria do outono, que tem previs\u00e3o de mudar o tempo e encerrar a onda de calor, no estado, com previs\u00e3o\u2026","rel":"","context":"In &quot;Not\u00edcias de Ribeir\u00e3o Preto-SP e Regi\u00e3o&quot;","block_context":{"text":"Not\u00edcias de Ribeir\u00e3o Preto-SP e Regi\u00e3o","link":"https:\/\/ismaelcolosi.com.br\/index.php\/category\/noticias-de-ribeirao-preto-sp-e-regiao-ismael-colosi\/"},"img":{"alt_text":"","src":"https:\/\/i0.wp.com\/ismaelcolosi.com.br\/wp-content\/uploads\/2024\/03\/1710791582_Capturar-3.jpg?fit=739%2C452&ssl=1&resize=350%2C200","width":350,"height":200,"srcset":"https:\/\/i0.wp.com\/ismaelcolosi.com.br\/wp-content\/uploads\/2024\/03\/1710791582_Capturar-3.jpg?fit=739%2C452&ssl=1&resize=350%2C200 1x, https:\/\/i0.wp.com\/ismaelcolosi.com.br\/wp-content\/uploads\/2024\/03\/1710791582_Capturar-3.jpg?fit=739%2C452&ssl=1&resize=525%2C300 1.5x, https:\/\/i0.wp.com\/ismaelcolosi.com.br\/wp-content\/uploads\/2024\/03\/1710791582_Capturar-3.jpg?fit=739%2C452&ssl=1&resize=700%2C400 2x"},"classes":[]},{"id":62120,"url":"https:\/\/ismaelcolosi.com.br\/index.php\/2024\/08\/25\/regiao-de-ribeirao-preto-tem-mais-de-200-familias-desabrigadas-por-conta-do-fogo\/","url_meta":{"origin":63410,"position":5},"title":"Regi\u00e3o de Ribeir\u00e3o Preto tem mais de 200 fam\u00edlias desabrigadas por conta do fogo","author":"ismaelcolosi.com.br","date":"25 de August de 2024","format":false,"excerpt":"O gabinete de crise criado pelo Governo de S\u00e3o Paulo para a\u00e7\u00f5es contra os inc\u00eandios informou que 270 fam\u00edlias de Prad\u00f3polis, na regi\u00e3o de Ribeir\u00e3o Preto, ficaram desabrigadas por conta do fogo. De acordo com o gabinete de crise, a Defesa Civil e o Fundo Social do Estado enviaram ajuda\u2026","rel":"","context":"In &quot;Not\u00edcias de Ribeir\u00e3o Preto-SP e Regi\u00e3o&quot;","block_context":{"text":"Not\u00edcias de Ribeir\u00e3o Preto-SP e Regi\u00e3o","link":"https:\/\/ismaelcolosi.com.br\/index.php\/category\/noticias-de-ribeirao-preto-sp-e-regiao-ismael-colosi\/"},"img":{"alt_text":"","src":"https:\/\/i0.wp.com\/ismaelcolosi.com.br\/wp-content\/uploads\/2024\/08\/incendio-leo-gomes_2024-08-23_20-31-31_jpg_2024-08-23_20-31-31.webp.webp?fit=861%2C586&ssl=1&resize=350%2C200","width":350,"height":200,"srcset":"https:\/\/i0.wp.com\/ismaelcolosi.com.br\/wp-content\/uploads\/2024\/08\/incendio-leo-gomes_2024-08-23_20-31-31_jpg_2024-08-23_20-31-31.webp.webp?fit=861%2C586&ssl=1&resize=350%2C200 1x, https:\/\/i0.wp.com\/ismaelcolosi.com.br\/wp-content\/uploads\/2024\/08\/incendio-leo-gomes_2024-08-23_20-31-31_jpg_2024-08-23_20-31-31.webp.webp?fit=861%2C586&ssl=1&resize=525%2C300 1.5x, https:\/\/i0.wp.com\/ismaelcolosi.com.br\/wp-content\/uploads\/2024\/08\/incendio-leo-gomes_2024-08-23_20-31-31_jpg_2024-08-23_20-31-31.webp.webp?fit=861%2C586&ssl=1&resize=700%2C400 2x"},"classes":[]}],"jetpack_sharing_enabled":true,"jetpack_shortlink":"https:\/\/wp.me\/pfMlyK-guK","_links":{"self":[{"href":"https:\/\/ismaelcolosi.com.br\/index.php\/wp-json\/wp\/v2\/posts\/63410","targetHints":{"allow":["GET"]}}],"collection":[{"href":"https:\/\/ismaelcolosi.com.br\/index.php\/wp-json\/wp\/v2\/posts"}],"about":[{"href":"https:\/\/ismaelcolosi.com.br\/index.php\/wp-json\/wp\/v2\/types\/post"}],"author":[{"embeddable":true,"href":"https:\/\/ismaelcolosi.com.br\/index.php\/wp-json\/wp\/v2\/users\/1"}],"replies":[{"embeddable":true,"href":"https:\/\/ismaelcolosi.com.br\/index.php\/wp-json\/wp\/v2\/comments?post=63410"}],"version-history":[{"count":0,"href":"https:\/\/ismaelcolosi.com.br\/index.php\/wp-json\/wp\/v2\/posts\/63410\/revisions"}],"wp:featuredmedia":[{"embeddable":true,"href":"https:\/\/ismaelcolosi.com.br\/index.php\/wp-json\/wp\/v2\/media\/63411"}],"wp:attachment":[{"href":"https:\/\/ismaelcolosi.com.br\/index.php\/wp-json\/wp\/v2\/media?parent=63410"}],"wp:term":[{"taxonomy":"category","embeddable":true,"href":"https:\/\/ismaelcolosi.com.br\/index.php\/wp-json\/wp\/v2\/categories?post=63410"},{"taxonomy":"post_tag","embeddable":true,"href":"https:\/\/ismaelcolosi.com.br\/index.php\/wp-json\/wp\/v2\/tags?post=63410"}],"curies":[{"name":"wp","href":"https:\/\/api.w.org\/{rel}","templated":true}]}}