{"id":63357,"date":"2024-09-01T20:00:00","date_gmt":"2024-09-01T23:00:00","guid":{"rendered":"https:\/\/ismaelcolosi.com.br\/index.php\/2024\/09\/01\/confira-a-agenda-dos-candidatos-a-prefeitura-de-ribeirao-preto-nesta-segunda-2\/"},"modified":"2024-09-01T20:00:00","modified_gmt":"2024-09-01T23:00:00","slug":"confira-a-agenda-dos-candidatos-a-prefeitura-de-ribeirao-preto-nesta-segunda-2","status":"publish","type":"post","link":"https:\/\/ismaelcolosi.com.br\/index.php\/2024\/09\/01\/confira-a-agenda-dos-candidatos-a-prefeitura-de-ribeirao-preto-nesta-segunda-2\/","title":{"rendered":"Confira a agenda dos candidatos \u00e0 Prefeitura de Ribeir\u00e3o Preto nesta segunda (2)"},"content":{"rendered":"<p> <br \/>\n<\/p>\n<div data-td-block-uid=\"tdi_106\">\n<div class=\"tdb-block-inner td-fix-index\">\n<p>Os\u00a0<strong>candidatos\u00a0<\/strong>\u00e0\u00a0<strong>Prefeitura de Ribeir\u00e3o Preto<\/strong>\u00a0divulgaram suas\u00a0<strong>agendas de campanha\u00a0<\/strong>para <strong>esta segunda-feira (2).<\/strong><\/p>\n<p>O per\u00edodo de\u00a0<strong>propaganda eleitoral<\/strong>\u00a0come\u00e7ou no dia 16 de agosto, portanto, candidatos podem apresentar \u00e0s eleitoras e aos eleitores suas\u00a0<strong>ideias\u00a0<\/strong>e\u00a0<strong>propostas<\/strong>.<\/p>\n<p><mark style=\"background-color:#fcb900\" class=\"has-inline-color has-black-color\">A\u00a0<strong>publicidade das candidaturas\u00a0<\/strong>pode ser feita na\u00a0<strong>internet<\/strong>, na\u00a0<strong>rua<\/strong>, na\u00a0<strong>imprensa escrita<\/strong>, em\u00a0<strong>casas<\/strong>,\u00a0<strong>ve\u00edculos\u00a0<\/strong>e\u00a0<strong>outros bens particulares<\/strong>.<\/mark><\/p>\n<p>Entre os dias 30 de agosto e 3 de outubro tamb\u00e9m ser\u00e1 veiculado o<strong>\u00a0hor\u00e1rio eleitoral gratuito<\/strong>, exibido nas emissoras de r\u00e1dio e de televis\u00e3o \u2013\u00a0clique aqui e veja o que pode e n\u00e3o pode durante o per\u00edodo de propaganda eleitoral.<\/p>\n<h4 class=\"wp-block-heading\"><strong>Veja a agenda dos candidatos \u00e0 Prefeitura de Ribeir\u00e3o Preto<\/strong>:<\/h4>\n<h4 class=\"wp-block-heading\"><strong>Ricardo Silva (PSD)<\/strong><\/h4>\n<ul>\n<li>Per\u00edodo da manh\u00e3: visitas \u00e0 Adevirp e \u00e0 Benefic\u00eancia Portuguesa<\/li>\n<\/ul>\n<ul>\n<li>Per\u00edodo da tarde: grava\u00e7\u00e3o de propaganda eleitoral e conte\u00fado para redes sociais<\/li>\n<\/ul>\n<ul>\n<li>Per\u00edodo da noite: sabatina eleitoral em uma emissora de televis\u00e3o<\/li>\n<\/ul>\n<h4 class=\"wp-block-heading\"><strong>Andr\u00e9 Trindade (Uni\u00e3o)<\/strong><\/h4>\n<ul>\n<li>Per\u00edodo da manh\u00e3: entrevista ao vivo ao G1 e CBN Ribeir\u00e3o Preto<\/li>\n<\/ul>\n<ul>\n<li>Per\u00edodo da tarde: conversa com funcion\u00e1rios de empresa do setor varejista na regi\u00e3o Sul da cidade<\/li>\n<\/ul>\n<ul>\n<li>Per\u00edodo da noite: reuni\u00e3o com apoiadores de campanha sobre sa\u00fade<\/li>\n<\/ul>\n<h4 class=\"wp-block-heading\"><strong>Douglas de Andrade (PCO)<\/strong><\/h4>\n<p>A reportagem procurou a equipe do candidato, contudo, at\u00e9 a publica\u00e7\u00e3o deste conte\u00fado, a agenda n\u00e3o havia sido divulgada<\/p>\n<h4 class=\"wp-block-heading\"><strong>Ismar Menezes (Agir)<\/strong><\/h4>\n<p>A reportagem procurou a equipe do candidato, contudo, at\u00e9 a publica\u00e7\u00e3o deste conte\u00fado, a agenda n\u00e3o havia sido divulgada<\/p>\n<h4 class=\"wp-block-heading\"><strong>Jorge Roque (PT)<\/strong><\/h4>\n<ul>\n<li>Per\u00edodo da manh\u00e3: caminhada de campanha com milit\u00e2ncia pelas ruas da Vila Tib\u00e9rio (concentra\u00e7\u00e3o \u00e0s 9h30 na rua Coronel Luiz da Cunha, 260)<\/li>\n<\/ul>\n<ul>\n<li>Per\u00edodo da tarde: visita \u00e0 ONG parceira da CEAGESP (Av. Dra. Nadir Aguiar, 1.115, Jardim Paiva); grava\u00e7\u00f5es para o programa de TV e m\u00eddias sociais<\/li>\n<\/ul>\n<ul>\n<li>Per\u00edodo da noite: participa, ao vivo, de entrevista nas redes sociais<\/li>\n<\/ul>\n<h4 class=\"wp-block-heading\"><strong>Marco Aur\u00e9lio (Novo)<\/strong><\/h4>\n<ul>\n<li>Per\u00edodo da manh\u00e3: visita empreendedores da zona Leste e discuss\u00e3o sobre meio ambiente<\/li>\n<\/ul>\n<ul>\n<li>Per\u00edodo da tarde: visita empreendedores e mobiliza\u00e7\u00e3o com panfletagem na \u00e1rea central<\/li>\n<\/ul>\n<ul>\n<li>Per\u00edodo da noite: grava\u00e7\u00e3o de conte\u00fado para redes sociais<\/li>\n<\/ul>\n<p>SAIBA MAIS<\/p>\n<p>Veja as propostas dos candidatos \u00e0 Prefeitura de Ribeir\u00e3o Preto<\/p>\n<h4 class=\"wp-block-heading\"><strong>FIQUE ON<\/strong><\/h4>\n<p>Fique ligado em tudo que acontece em Ribeir\u00e3o Preto e regi\u00e3o. Siga os perfis do<strong>\u00a0acidade on<\/strong>\u00a0no\u00a0<a href=\"https:\/\/www.instagram.com\/acidadeonribeirao\" target=\"_blank\" rel=\"noreferrer noopener\">Instagram<\/a>\u00a0e no\u00a0<a href=\"https:\/\/www.facebook.com\/acidadeonribeirao\/\" target=\"_blank\" rel=\"noreferrer noopener\">Facebook<\/a>.<\/p>\n<p>Receba not\u00edcias do\u00a0<strong>acidade on\u00a0<\/strong>no WhatsApp.\u00a0<a href=\"https:\/\/chat.whatsapp.com\/Dtv9mxhy6V5BJBotM2OQ5k\" target=\"_blank\" rel=\"noreferrer noopener\">Para entrar no grupo, basta clicar aqui.<\/a><\/p>\n<p>Fa\u00e7a uma den\u00fancia ou sugira uma reportagem sobre Ribeir\u00e3o Preto e regi\u00e3o pelo WhatsApp: 16 99117 7802.<\/p>\n<p>VEJA TAMB\u00c9M<\/p>\n<p>O que significa bandeira tarif\u00e1ria vermelha patamar 2?<\/p>\n<p><!-- CONTENT END 1 -->\n<\/div>\n<\/div>\n<p><script async src=\"\/\/www.instagram.com\/embed.js\"><\/script><br \/>\n<br \/><br \/>\n<br \/><a href=\"https:\/\/www.acidadeon.com\/ribeiraopreto\/politica\/confira-a-agenda-dos-candidatos-a-prefeitura-de-ribeirao-preto-nesta-segunda-2\/\">Source link <\/a><\/p>\n","protected":false},"excerpt":{"rendered":"<p>Os\u00a0candidatos\u00a0\u00e0\u00a0Prefeitura de Ribeir\u00e3o Preto\u00a0divulgaram suas\u00a0agendas de campanha\u00a0para esta segunda-feira (2). O per\u00edodo de\u00a0propaganda eleitoral\u00a0come\u00e7ou no dia 16 de agosto, portanto, candidatos podem apresentar \u00e0s eleitoras&#8230;<\/p>\n","protected":false},"author":1,"featured_media":63358,"comment_status":"open","ping_status":"open","sticky":false,"template":"","format":"standard","meta":{"_uag_custom_page_level_css":"","advanced_seo_description":"","jetpack_seo_html_title":"","jetpack_seo_noindex":false,"jetpack_post_was_ever_published":false,"_jetpack_newsletter_access":"","_jetpack_dont_email_post_to_subs":false,"_jetpack_newsletter_tier_id":0,"_jetpack_memberships_contains_paywalled_content":false,"_jetpack_memberships_contains_paid_content":false,"footnotes":"","jetpack_publicize_message":"","jetpack_publicize_feature_enabled":true,"jetpack_social_post_already_shared":true,"jetpack_social_options":{"image_generator_settings":{"template":"highway","default_image_id":0,"font":"","enabled":false},"version":2}},"categories":[11],"tags":[],"class_list":["post-63357","post","type-post","status-publish","format-standard","has-post-thumbnail","hentry","category-noticias-de-ribeirao-preto-sp-e-regiao-ismael-colosi"],"jetpack_publicize_connections":[],"jetpack_featured_media_url":"https:\/\/i0.wp.com\/ismaelcolosi.com.br\/wp-content\/uploads\/2024\/09\/aerea_ribeirao_1024x576_08012021184831.jpg?fit=1024%2C576&ssl=1","uagb_featured_image_src":{"full":["https:\/\/i0.wp.com\/ismaelcolosi.com.br\/wp-content\/uploads\/2024\/09\/aerea_ribeirao_1024x576_08012021184831.jpg?fit=1024%2C576&ssl=1",1024,576,false],"thumbnail":["https:\/\/i0.wp.com\/ismaelcolosi.com.br\/wp-content\/uploads\/2024\/09\/aerea_ribeirao_1024x576_08012021184831.jpg?resize=150%2C150&ssl=1",150,150,true],"medium":["https:\/\/i0.wp.com\/ismaelcolosi.com.br\/wp-content\/uploads\/2024\/09\/aerea_ribeirao_1024x576_08012021184831.jpg?fit=300%2C169&ssl=1",300,169,true],"medium_large":["https:\/\/i0.wp.com\/ismaelcolosi.com.br\/wp-content\/uploads\/2024\/09\/aerea_ribeirao_1024x576_08012021184831.jpg?fit=768%2C432&ssl=1",768,432,true],"large":["https:\/\/i0.wp.com\/ismaelcolosi.com.br\/wp-content\/uploads\/2024\/09\/aerea_ribeirao_1024x576_08012021184831.jpg?fit=1024%2C576&ssl=1",1024,576,true],"1536x1536":["https:\/\/i0.wp.com\/ismaelcolosi.com.br\/wp-content\/uploads\/2024\/09\/aerea_ribeirao_1024x576_08012021184831.jpg?fit=1024%2C576&ssl=1",1024,576,true],"2048x2048":["https:\/\/i0.wp.com\/ismaelcolosi.com.br\/wp-content\/uploads\/2024\/09\/aerea_ribeirao_1024x576_08012021184831.jpg?fit=1024%2C576&ssl=1",1024,576,true],"really-simple-thumb":["https:\/\/i0.wp.com\/ismaelcolosi.com.br\/wp-content\/uploads\/2024\/09\/aerea_ribeirao_1024x576_08012021184831.jpg?resize=370%2C247&ssl=1",370,247,true]},"uagb_author_info":{"display_name":"ismaelcolosi.com.br","author_link":"https:\/\/ismaelcolosi.com.br\/index.php\/author\/vidareal-online\/"},"uagb_comment_info":0,"uagb_excerpt":"Os\u00a0candidatos\u00a0\u00e0\u00a0Prefeitura de Ribeir\u00e3o Preto\u00a0divulgaram suas\u00a0agendas de campanha\u00a0para esta segunda-feira (2). O per\u00edodo de\u00a0propaganda eleitoral\u00a0come\u00e7ou no dia 16 de agosto, portanto, candidatos podem apresentar \u00e0s eleitoras...","jetpack-related-posts":[{"id":68309,"url":"https:\/\/ismaelcolosi.com.br\/index.php\/2024\/09\/28\/confira-a-agenda-dos-candidatos-a-prefeitura-de-ribeirao-preto-neste-domingo-29\/","url_meta":{"origin":63357,"position":0},"title":"Confira a agenda dos candidatos \u00e0 Prefeitura de Ribeir\u00e3o Preto neste domingo (29)","author":"ismaelcolosi.com.br","date":"28 de September de 2024","format":false,"excerpt":"Os candidatos \u00e0\u00a0Prefeitura de Ribeir\u00e3o Preto\u00a0divulgaram suas agendas de campanha para este domingo (29). O per\u00edodo de propaganda eleitoral come\u00e7ou no dia 16 de agosto, portanto, candidatos podem apresentar \u00e0s eleitoras e aos eleitores suas ideias e propostas. A publicidade das candidaturas pode ser feita na internet, na rua, na\u2026","rel":"","context":"In &quot;Not\u00edcias de Ribeir\u00e3o Preto-SP e Regi\u00e3o&quot;","block_context":{"text":"Not\u00edcias de Ribeir\u00e3o Preto-SP e Regi\u00e3o","link":"https:\/\/ismaelcolosi.com.br\/index.php\/category\/noticias-de-ribeirao-preto-sp-e-regiao-ismael-colosi\/"},"img":{"alt_text":"","src":"https:\/\/ismaelcolosi.com.br\/wp-content\/uploads\/2024\/08\/whatsapp_image_2022-08-18_at_13_28_55.jpe","width":350,"height":200,"srcset":"https:\/\/ismaelcolosi.com.br\/wp-content\/uploads\/2024\/08\/whatsapp_image_2022-08-18_at_13_28_55.jpe 1x, https:\/\/ismaelcolosi.com.br\/wp-content\/uploads\/2024\/08\/whatsapp_image_2022-08-18_at_13_28_55.jpe 1.5x, https:\/\/ismaelcolosi.com.br\/wp-content\/uploads\/2024\/08\/whatsapp_image_2022-08-18_at_13_28_55.jpe 2x, https:\/\/ismaelcolosi.com.br\/wp-content\/uploads\/2024\/08\/whatsapp_image_2022-08-18_at_13_28_55.jpe 3x"},"classes":[]},{"id":68404,"url":"https:\/\/ismaelcolosi.com.br\/index.php\/2024\/09\/29\/confira-a-agenda-dos-candidatos-a-prefeitura-de-ribeirao-preto-nesta-segunda-feira-30\/","url_meta":{"origin":63357,"position":1},"title":"Confira a agenda dos candidatos \u00e0 Prefeitura de Ribeir\u00e3o Preto nesta segunda-feira (30)","author":"ismaelcolosi.com.br","date":"29 de September de 2024","format":false,"excerpt":"Os candidatos \u00e0\u00a0Prefeitura de Ribeir\u00e3o Preto\u00a0divulgaram suas agendas de campanha para esta segunda-feira (30). O per\u00edodo de propaganda eleitoral come\u00e7ou no dia 16 de agosto, portanto, candidatos podem apresentar \u00e0s eleitoras e aos eleitores suas ideias e propostas. A publicidade das candidaturas pode ser feita na internet, na rua, na\u2026","rel":"","context":"In &quot;Not\u00edcias de Ribeir\u00e3o Preto-SP e Regi\u00e3o&quot;","block_context":{"text":"Not\u00edcias de Ribeir\u00e3o Preto-SP e Regi\u00e3o","link":"https:\/\/ismaelcolosi.com.br\/index.php\/category\/noticias-de-ribeirao-preto-sp-e-regiao-ismael-colosi\/"},"img":{"alt_text":"","src":"https:\/\/i0.wp.com\/ismaelcolosi.com.br\/wp-content\/uploads\/2024\/06\/WhatsApp-Image-2024-06-15-at-11.49.02_2024-06-18_19-49-44_jpeg_2024-06-18_19-49-46-scaled.webp.webp?fit=1200%2C675&ssl=1&resize=350%2C200","width":350,"height":200,"srcset":"https:\/\/i0.wp.com\/ismaelcolosi.com.br\/wp-content\/uploads\/2024\/06\/WhatsApp-Image-2024-06-15-at-11.49.02_2024-06-18_19-49-44_jpeg_2024-06-18_19-49-46-scaled.webp.webp?fit=1200%2C675&ssl=1&resize=350%2C200 1x, https:\/\/i0.wp.com\/ismaelcolosi.com.br\/wp-content\/uploads\/2024\/06\/WhatsApp-Image-2024-06-15-at-11.49.02_2024-06-18_19-49-44_jpeg_2024-06-18_19-49-46-scaled.webp.webp?fit=1200%2C675&ssl=1&resize=525%2C300 1.5x, https:\/\/i0.wp.com\/ismaelcolosi.com.br\/wp-content\/uploads\/2024\/06\/WhatsApp-Image-2024-06-15-at-11.49.02_2024-06-18_19-49-44_jpeg_2024-06-18_19-49-46-scaled.webp.webp?fit=1200%2C675&ssl=1&resize=700%2C400 2x, https:\/\/i0.wp.com\/ismaelcolosi.com.br\/wp-content\/uploads\/2024\/06\/WhatsApp-Image-2024-06-15-at-11.49.02_2024-06-18_19-49-44_jpeg_2024-06-18_19-49-46-scaled.webp.webp?fit=1200%2C675&ssl=1&resize=1050%2C600 3x"},"classes":[]},{"id":62159,"url":"https:\/\/ismaelcolosi.com.br\/index.php\/2024\/08\/26\/confira-a-agenda-dos-candidatos-a-prefeitura-de-ribeirao-preto-nesta-segunda-feira-26\/","url_meta":{"origin":63357,"position":2},"title":"Confira a agenda dos candidatos \u00e0 Prefeitura de Ribeir\u00e3o Preto nesta segunda-feira (26)","author":"ismaelcolosi.com.br","date":"26 de August de 2024","format":false,"excerpt":"Os candidatos \u00e0 Prefeitura de Ribeir\u00e3o Preto divulgaram suas agendas de campanha para esta segunda-feira (26).O per\u00edodo de propaganda eleitoral come\u00e7ou no dia 16 de agosto, portanto, candidatos podem apresentar \u00e0s eleitoras e aos eleitores suas ideias e propostas. A publicidade das candidaturas pode ser feita na internet, na rua,\u2026","rel":"","context":"In &quot;Not\u00edcias de Ribeir\u00e3o Preto-SP e Regi\u00e3o&quot;","block_context":{"text":"Not\u00edcias de Ribeir\u00e3o Preto-SP e Regi\u00e3o","link":"https:\/\/ismaelcolosi.com.br\/index.php\/category\/noticias-de-ribeirao-preto-sp-e-regiao-ismael-colosi\/"},"img":{"alt_text":"","src":"https:\/\/i0.wp.com\/ismaelcolosi.com.br\/wp-content\/uploads\/2024\/08\/WhatsApp-Image-2023-09-16-at-09.48.53.jpeg?fit=1200%2C675&ssl=1&resize=350%2C200","width":350,"height":200,"srcset":"https:\/\/i0.wp.com\/ismaelcolosi.com.br\/wp-content\/uploads\/2024\/08\/WhatsApp-Image-2023-09-16-at-09.48.53.jpeg?fit=1200%2C675&ssl=1&resize=350%2C200 1x, https:\/\/i0.wp.com\/ismaelcolosi.com.br\/wp-content\/uploads\/2024\/08\/WhatsApp-Image-2023-09-16-at-09.48.53.jpeg?fit=1200%2C675&ssl=1&resize=525%2C300 1.5x, https:\/\/i0.wp.com\/ismaelcolosi.com.br\/wp-content\/uploads\/2024\/08\/WhatsApp-Image-2023-09-16-at-09.48.53.jpeg?fit=1200%2C675&ssl=1&resize=700%2C400 2x, https:\/\/i0.wp.com\/ismaelcolosi.com.br\/wp-content\/uploads\/2024\/08\/WhatsApp-Image-2023-09-16-at-09.48.53.jpeg?fit=1200%2C675&ssl=1&resize=1050%2C600 3x"},"classes":[]},{"id":72217,"url":"https:\/\/ismaelcolosi.com.br\/index.php\/2024\/10\/20\/confira-a-agenda-dos-candidatos-a-prefeitura-de-ribeirao-preto-nesta-segunda-21\/","url_meta":{"origin":63357,"position":3},"title":"Confira a agenda dos candidatos \u00e0 Prefeitura de Ribeir\u00e3o Preto nesta segunda (21)","author":"ismaelcolosi.com.br","date":"20 de October de 2024","format":false,"excerpt":"Os candidatos \u00e0\u00a0Prefeitura de Ribeir\u00e3o Preto\u00a0divulgaram suas agendas de campanha\u00a0para esta segunda-feira (21). O per\u00edodo de propaganda eleitoral no segundo turno come\u00e7ou no dia 7 de outubro, portanto,\u00a0candidatos podem apresentar \u00e0s eleitoras e aos eleitores suas ideias e propostas. A publicidade das candidaturas pode ser feita na internet, na rua,\u2026","rel":"","context":"In &quot;Not\u00edcias de Ribeir\u00e3o Preto-SP e Regi\u00e3o&quot;","block_context":{"text":"Not\u00edcias de Ribeir\u00e3o Preto-SP e Regi\u00e3o","link":"https:\/\/ismaelcolosi.com.br\/index.php\/category\/noticias-de-ribeirao-preto-sp-e-regiao-ismael-colosi\/"},"img":{"alt_text":"","src":"https:\/\/i0.wp.com\/ismaelcolosi.com.br\/wp-content\/uploads\/2024\/10\/Copia-de-Copia-de-Copia-de-TAMANHO-EXATO-PARA-FOTOS-NO-SISTEMA-NOVO-95_2024-10-06_22-19-13_png_2024-10-06_22-19-13.webp.webp?fit=1200%2C675&ssl=1&resize=350%2C200","width":350,"height":200,"srcset":"https:\/\/i0.wp.com\/ismaelcolosi.com.br\/wp-content\/uploads\/2024\/10\/Copia-de-Copia-de-Copia-de-TAMANHO-EXATO-PARA-FOTOS-NO-SISTEMA-NOVO-95_2024-10-06_22-19-13_png_2024-10-06_22-19-13.webp.webp?fit=1200%2C675&ssl=1&resize=350%2C200 1x, https:\/\/i0.wp.com\/ismaelcolosi.com.br\/wp-content\/uploads\/2024\/10\/Copia-de-Copia-de-Copia-de-TAMANHO-EXATO-PARA-FOTOS-NO-SISTEMA-NOVO-95_2024-10-06_22-19-13_png_2024-10-06_22-19-13.webp.webp?fit=1200%2C675&ssl=1&resize=525%2C300 1.5x, https:\/\/i0.wp.com\/ismaelcolosi.com.br\/wp-content\/uploads\/2024\/10\/Copia-de-Copia-de-Copia-de-TAMANHO-EXATO-PARA-FOTOS-NO-SISTEMA-NOVO-95_2024-10-06_22-19-13_png_2024-10-06_22-19-13.webp.webp?fit=1200%2C675&ssl=1&resize=700%2C400 2x, https:\/\/i0.wp.com\/ismaelcolosi.com.br\/wp-content\/uploads\/2024\/10\/Copia-de-Copia-de-Copia-de-TAMANHO-EXATO-PARA-FOTOS-NO-SISTEMA-NOVO-95_2024-10-06_22-19-13_png_2024-10-06_22-19-13.webp.webp?fit=1200%2C675&ssl=1&resize=1050%2C600 3x"},"classes":[]},{"id":72280,"url":"https:\/\/ismaelcolosi.com.br\/index.php\/2024\/10\/21\/confira-a-agenda-dos-candidatos-a-prefeitura-de-ribeirao-preto-nesta-segunda-21-2\/","url_meta":{"origin":63357,"position":4},"title":"Confira a agenda dos candidatos \u00e0 Prefeitura de Ribeir\u00e3o Preto nesta segunda (21)","author":"ismaelcolosi.com.br","date":"21 de October de 2024","format":false,"excerpt":"Os candidatos \u00e0\u00a0Prefeitura de Ribeir\u00e3o Preto\u00a0divulgaram suas agendas de campanha\u00a0para esta segunda-feira (21). O per\u00edodo de propaganda eleitoral no segundo turno come\u00e7ou no dia 7 de outubro, portanto,\u00a0candidatos podem apresentar \u00e0s eleitoras e aos eleitores suas ideias e propostas. A publicidade das candidaturas pode ser feita na internet, na rua,\u2026","rel":"","context":"In &quot;Not\u00edcias de Ribeir\u00e3o Preto-SP e Regi\u00e3o&quot;","block_context":{"text":"Not\u00edcias de Ribeir\u00e3o Preto-SP e Regi\u00e3o","link":"https:\/\/ismaelcolosi.com.br\/index.php\/category\/noticias-de-ribeirao-preto-sp-e-regiao-ismael-colosi\/"},"img":{"alt_text":"","src":"https:\/\/i0.wp.com\/ismaelcolosi.com.br\/wp-content\/uploads\/2024\/10\/Copia-de-Copia-de-Copia-de-TAMANHO-EXATO-PARA-FOTOS-NO-SISTEMA-NOVO-95_2024-10-06_22-19-13_png_2024-10-06_22-19-13.webp.webp?fit=1200%2C675&ssl=1&resize=350%2C200","width":350,"height":200,"srcset":"https:\/\/i0.wp.com\/ismaelcolosi.com.br\/wp-content\/uploads\/2024\/10\/Copia-de-Copia-de-Copia-de-TAMANHO-EXATO-PARA-FOTOS-NO-SISTEMA-NOVO-95_2024-10-06_22-19-13_png_2024-10-06_22-19-13.webp.webp?fit=1200%2C675&ssl=1&resize=350%2C200 1x, https:\/\/i0.wp.com\/ismaelcolosi.com.br\/wp-content\/uploads\/2024\/10\/Copia-de-Copia-de-Copia-de-TAMANHO-EXATO-PARA-FOTOS-NO-SISTEMA-NOVO-95_2024-10-06_22-19-13_png_2024-10-06_22-19-13.webp.webp?fit=1200%2C675&ssl=1&resize=525%2C300 1.5x, https:\/\/i0.wp.com\/ismaelcolosi.com.br\/wp-content\/uploads\/2024\/10\/Copia-de-Copia-de-Copia-de-TAMANHO-EXATO-PARA-FOTOS-NO-SISTEMA-NOVO-95_2024-10-06_22-19-13_png_2024-10-06_22-19-13.webp.webp?fit=1200%2C675&ssl=1&resize=700%2C400 2x, https:\/\/i0.wp.com\/ismaelcolosi.com.br\/wp-content\/uploads\/2024\/10\/Copia-de-Copia-de-Copia-de-TAMANHO-EXATO-PARA-FOTOS-NO-SISTEMA-NOVO-95_2024-10-06_22-19-13_png_2024-10-06_22-19-13.webp.webp?fit=1200%2C675&ssl=1&resize=1050%2C600 3x"},"classes":[]},{"id":64628,"url":"https:\/\/ismaelcolosi.com.br\/index.php\/2024\/09\/08\/confira-a-agenda-dos-candidatos-a-prefeitura-de-ribeirao-preto-nesta-segunda-feira-9\/","url_meta":{"origin":63357,"position":5},"title":"Confira a agenda dos candidatos \u00e0 Prefeitura de Ribeir\u00e3o Preto nesta segunda-feira (9)","author":"ismaelcolosi.com.br","date":"8 de September de 2024","format":false,"excerpt":"Os candidatos \u00e0\u00a0Prefeitura de Ribeir\u00e3o Preto\u00a0divulgaram suas agendas de campanha para esta segunda-feira (9). O per\u00edodo de propaganda eleitoral come\u00e7ou no dia 16 de agosto, portanto, candidatos podem apresentar \u00e0s eleitoras e aos eleitores suas ideias e propostas. A publicidade das candidaturas pode ser feita na internet, na rua, na\u2026","rel":"","context":"In &quot;Not\u00edcias de Ribeir\u00e3o Preto-SP e Regi\u00e3o&quot;","block_context":{"text":"Not\u00edcias de Ribeir\u00e3o Preto-SP e Regi\u00e3o","link":"https:\/\/ismaelcolosi.com.br\/index.php\/category\/noticias-de-ribeirao-preto-sp-e-regiao-ismael-colosi\/"},"img":{"alt_text":"","src":"https:\/\/i0.wp.com\/ismaelcolosi.com.br\/wp-content\/uploads\/2024\/07\/PORTICO-FERNANDO-GONZAGA_2024-07-05_14-45-59_jpeg_2024-07-05_14-45-59.webp.webp?fit=1200%2C800&ssl=1&resize=350%2C200","width":350,"height":200,"srcset":"https:\/\/i0.wp.com\/ismaelcolosi.com.br\/wp-content\/uploads\/2024\/07\/PORTICO-FERNANDO-GONZAGA_2024-07-05_14-45-59_jpeg_2024-07-05_14-45-59.webp.webp?fit=1200%2C800&ssl=1&resize=350%2C200 1x, https:\/\/i0.wp.com\/ismaelcolosi.com.br\/wp-content\/uploads\/2024\/07\/PORTICO-FERNANDO-GONZAGA_2024-07-05_14-45-59_jpeg_2024-07-05_14-45-59.webp.webp?fit=1200%2C800&ssl=1&resize=525%2C300 1.5x, https:\/\/i0.wp.com\/ismaelcolosi.com.br\/wp-content\/uploads\/2024\/07\/PORTICO-FERNANDO-GONZAGA_2024-07-05_14-45-59_jpeg_2024-07-05_14-45-59.webp.webp?fit=1200%2C800&ssl=1&resize=700%2C400 2x, https:\/\/i0.wp.com\/ismaelcolosi.com.br\/wp-content\/uploads\/2024\/07\/PORTICO-FERNANDO-GONZAGA_2024-07-05_14-45-59_jpeg_2024-07-05_14-45-59.webp.webp?fit=1200%2C800&ssl=1&resize=1050%2C600 3x"},"classes":[]}],"jetpack_sharing_enabled":true,"jetpack_shortlink":"https:\/\/wp.me\/pfMlyK-gtT","_links":{"self":[{"href":"https:\/\/ismaelcolosi.com.br\/index.php\/wp-json\/wp\/v2\/posts\/63357","targetHints":{"allow":["GET"]}}],"collection":[{"href":"https:\/\/ismaelcolosi.com.br\/index.php\/wp-json\/wp\/v2\/posts"}],"about":[{"href":"https:\/\/ismaelcolosi.com.br\/index.php\/wp-json\/wp\/v2\/types\/post"}],"author":[{"embeddable":true,"href":"https:\/\/ismaelcolosi.com.br\/index.php\/wp-json\/wp\/v2\/users\/1"}],"replies":[{"embeddable":true,"href":"https:\/\/ismaelcolosi.com.br\/index.php\/wp-json\/wp\/v2\/comments?post=63357"}],"version-history":[{"count":0,"href":"https:\/\/ismaelcolosi.com.br\/index.php\/wp-json\/wp\/v2\/posts\/63357\/revisions"}],"wp:featuredmedia":[{"embeddable":true,"href":"https:\/\/ismaelcolosi.com.br\/index.php\/wp-json\/wp\/v2\/media\/63358"}],"wp:attachment":[{"href":"https:\/\/ismaelcolosi.com.br\/index.php\/wp-json\/wp\/v2\/media?parent=63357"}],"wp:term":[{"taxonomy":"category","embeddable":true,"href":"https:\/\/ismaelcolosi.com.br\/index.php\/wp-json\/wp\/v2\/categories?post=63357"},{"taxonomy":"post_tag","embeddable":true,"href":"https:\/\/ismaelcolosi.com.br\/index.php\/wp-json\/wp\/v2\/tags?post=63357"}],"curies":[{"name":"wp","href":"https:\/\/api.w.org\/{rel}","templated":true}]}}