{"id":63346,"date":"2024-09-01T17:22:57","date_gmt":"2024-09-01T20:22:57","guid":{"rendered":"https:\/\/ismaelcolosi.com.br\/index.php\/2024\/09\/01\/incendio-atinge-mata-ao-lado-da-anhanguera-na-regiao-de-ribeirao-preto\/"},"modified":"2024-09-01T17:22:57","modified_gmt":"2024-09-01T20:22:57","slug":"incendio-atinge-mata-ao-lado-da-anhanguera-na-regiao-de-ribeirao-preto","status":"publish","type":"post","link":"https:\/\/ismaelcolosi.com.br\/index.php\/2024\/09\/01\/incendio-atinge-mata-ao-lado-da-anhanguera-na-regiao-de-ribeirao-preto\/","title":{"rendered":"Inc\u00eandio atinge mata ao lado da Anhanguera na regi\u00e3o de Ribeir\u00e3o Preto"},"content":{"rendered":"<p> <br \/>\n<\/p>\n<div data-td-block-uid=\"tdi_106\">\n<div class=\"tdb-block-inner td-fix-index\">\n<p><strong>Um inc\u00eandio atinge uma \u00e1rea de mata na tarde deste domingo (1\u00ba), em um morro ao lado da rodovia Anhanguera (SP-330), na altura do km 270, pr\u00f3ximo ao trevo de acesso aos munic\u00edpios de Luiz Ant\u00f4nio e S\u00e3o Sim\u00e3o, na regi\u00e3o de Ribeir\u00e3o Preto.<\/strong><\/p>\n<p>Segundo as primeiras informa\u00e7\u00f5es de usu\u00e1rios da via, n\u00e3o h\u00e1 interdi\u00e7\u00e3o no tr\u00e2nsito.<\/p>\n<p>Ainda n\u00e3o h\u00e1 por\u00e9m, informa\u00e7\u00f5es, sobre o combate ao fogo.<\/p>\n<p>As causas dever\u00e3o ser apuradas.<\/p>\n<p>O <strong>acidade on<\/strong> est\u00e1 em contato com a <strong>concession\u00e1ria ViaPaulista<\/strong>, respons\u00e1vel pelo trecho. <\/p>\n<p>SAIBA MAIS<\/p>\n<p>Veja o balan\u00e7o das pris\u00f5es por inc\u00eandios criminosos no estado de SP<\/p>\n<h4 class=\"wp-block-heading\"><strong>FIQUE ON<\/strong><\/h4>\n<p>Fique ligado em tudo que acontece em Ribeir\u00e3o Preto e regi\u00e3o. Siga os perfis do<strong>\u00a0acidade on<\/strong>\u00a0no\u00a0<a href=\"https:\/\/www.instagram.com\/acidadeonribeirao\" target=\"_blank\" rel=\"noreferrer noopener\">Instagram<\/a>\u00a0e no\u00a0<a href=\"https:\/\/www.facebook.com\/acidadeonribeirao\/\" target=\"_blank\" rel=\"noreferrer noopener\">Facebook<\/a>.<\/p>\n<p>Receba not\u00edcias do\u00a0<strong>acidade on\u00a0<\/strong>no WhatsApp.\u00a0<a href=\"https:\/\/chat.whatsapp.com\/Dtv9mxhy6V5BJBotM2OQ5k\" target=\"_blank\" rel=\"noreferrer noopener\">Para entrar no grupo, basta clicar aqui.<\/a><\/p>\n<p>Fa\u00e7a uma den\u00fancia ou sugira uma reportagem sobre Ribeir\u00e3o Preto e regi\u00e3o pelo WhatsApp: 16 99117 7802.<\/p>\n<p>VEJA TAMB\u00c9M<\/p>\n<p>O que significa bandeira tarif\u00e1ria vermelha patamar 2?<\/p>\n<p><!-- CONTENT END 3 -->\n<\/div>\n<\/div>\n<p><script async src=\"\/\/www.instagram.com\/embed.js\"><\/script><br \/>\n<br \/><br \/>\n<br \/><a href=\"https:\/\/www.acidadeon.com\/ribeiraopreto\/cotidiano\/incendio-atinge-mata-ao-lado-da-anhanguera-na-regiao-de-ribeirao-preto\/\">Source link <\/a><\/p>\n","protected":false},"excerpt":{"rendered":"<p>Um inc\u00eandio atinge uma \u00e1rea de mata na tarde deste domingo (1\u00ba), em um morro ao lado da rodovia Anhanguera (SP-330), na altura do km&#8230;<\/p>\n","protected":false},"author":1,"featured_media":63347,"comment_status":"open","ping_status":"open","sticky":false,"template":"","format":"standard","meta":{"_uag_custom_page_level_css":"","advanced_seo_description":"","jetpack_seo_html_title":"","jetpack_seo_noindex":false,"jetpack_post_was_ever_published":false,"_jetpack_newsletter_access":"","_jetpack_dont_email_post_to_subs":false,"_jetpack_newsletter_tier_id":0,"_jetpack_memberships_contains_paywalled_content":false,"_jetpack_memberships_contains_paid_content":false,"footnotes":"","jetpack_publicize_message":"","jetpack_publicize_feature_enabled":true,"jetpack_social_post_already_shared":true,"jetpack_social_options":{"image_generator_settings":{"template":"highway","default_image_id":0,"font":"","enabled":false},"version":2}},"categories":[11],"tags":[],"class_list":["post-63346","post","type-post","status-publish","format-standard","has-post-thumbnail","hentry","category-noticias-de-ribeirao-preto-sp-e-regiao-ismael-colosi"],"jetpack_publicize_connections":[],"jetpack_featured_media_url":"https:\/\/i0.wp.com\/ismaelcolosi.com.br\/wp-content\/uploads\/2024\/09\/INCENDIO_2024-09-01_19-56-11_jpg_2024-09-01_19-56-12.webp.webp?fit=2000%2C1134&ssl=1","uagb_featured_image_src":{"full":["https:\/\/i0.wp.com\/ismaelcolosi.com.br\/wp-content\/uploads\/2024\/09\/INCENDIO_2024-09-01_19-56-11_jpg_2024-09-01_19-56-12.webp.webp?fit=2000%2C1134&ssl=1",2000,1134,false],"thumbnail":["https:\/\/i0.wp.com\/ismaelcolosi.com.br\/wp-content\/uploads\/2024\/09\/INCENDIO_2024-09-01_19-56-11_jpg_2024-09-01_19-56-12.webp.webp?resize=150%2C150&ssl=1",150,150,true],"medium":["https:\/\/i0.wp.com\/ismaelcolosi.com.br\/wp-content\/uploads\/2024\/09\/INCENDIO_2024-09-01_19-56-11_jpg_2024-09-01_19-56-12.webp.webp?fit=300%2C170&ssl=1",300,170,true],"medium_large":["https:\/\/i0.wp.com\/ismaelcolosi.com.br\/wp-content\/uploads\/2024\/09\/INCENDIO_2024-09-01_19-56-11_jpg_2024-09-01_19-56-12.webp.webp?fit=768%2C435&ssl=1",768,435,true],"large":["https:\/\/i0.wp.com\/ismaelcolosi.com.br\/wp-content\/uploads\/2024\/09\/INCENDIO_2024-09-01_19-56-11_jpg_2024-09-01_19-56-12.webp.webp?fit=1024%2C581&ssl=1",1024,581,true],"1536x1536":["https:\/\/i0.wp.com\/ismaelcolosi.com.br\/wp-content\/uploads\/2024\/09\/INCENDIO_2024-09-01_19-56-11_jpg_2024-09-01_19-56-12.webp.webp?fit=1536%2C871&ssl=1",1536,871,true],"2048x2048":["https:\/\/i0.wp.com\/ismaelcolosi.com.br\/wp-content\/uploads\/2024\/09\/INCENDIO_2024-09-01_19-56-11_jpg_2024-09-01_19-56-12.webp.webp?fit=2000%2C1134&ssl=1",2000,1134,true],"really-simple-thumb":["https:\/\/i0.wp.com\/ismaelcolosi.com.br\/wp-content\/uploads\/2024\/09\/INCENDIO_2024-09-01_19-56-11_jpg_2024-09-01_19-56-12.webp.webp?resize=370%2C247&ssl=1",370,247,true]},"uagb_author_info":{"display_name":"ismaelcolosi.com.br","author_link":"https:\/\/ismaelcolosi.com.br\/index.php\/author\/vidareal-online\/"},"uagb_comment_info":0,"uagb_excerpt":"Um inc\u00eandio atinge uma \u00e1rea de mata na tarde deste domingo (1\u00ba), em um morro ao lado da rodovia Anhanguera (SP-330), na altura do km...","jetpack-related-posts":[{"id":63350,"url":"https:\/\/ismaelcolosi.com.br\/index.php\/2024\/09\/01\/rodovia-da-regiao-de-ribeirao-e-interditada-por-causa-de-incendio-2\/","url_meta":{"origin":63346,"position":0},"title":"Rodovia da regi\u00e3o de Ribeir\u00e3o \u00e9 interditada por causa de inc\u00eandio","author":"ismaelcolosi.com.br","date":"1 de September de 2024","format":false,"excerpt":"Um inc\u00eandio interditou neste domingo (1\u00ba) os dois sentidos da rodovia Brigadeiro Faria Lima (SP-326), entre Bebedouro e Terra Roxa, na regi\u00e3o de Ribeir\u00e3o Preto. Segundo a Defesa Civil de S\u00e3o Paulo, o fogo foi controlado nesta tarde, mas as equipes seguem no local para monitoramento. N\u00e3o h\u00e1, por\u00e9m, informa\u00e7\u00f5es\u2026","rel":"","context":"In &quot;Not\u00edcias de Ribeir\u00e3o Preto-SP e Regi\u00e3o&quot;","block_context":{"text":"Not\u00edcias de Ribeir\u00e3o Preto-SP e Regi\u00e3o","link":"https:\/\/ismaelcolosi.com.br\/index.php\/category\/noticias-de-ribeirao-preto-sp-e-regiao-ismael-colosi\/"},"img":{"alt_text":"","src":"https:\/\/i0.wp.com\/ismaelcolosi.com.br\/wp-content\/uploads\/2024\/09\/WhatsApp-Image-2024-09-01-at-18.02.50_2024-09-01_21-06-02_jpeg_2024-09-01_21-06-02.webp.webp?fit=1200%2C857&ssl=1&resize=350%2C200","width":350,"height":200,"srcset":"https:\/\/i0.wp.com\/ismaelcolosi.com.br\/wp-content\/uploads\/2024\/09\/WhatsApp-Image-2024-09-01-at-18.02.50_2024-09-01_21-06-02_jpeg_2024-09-01_21-06-02.webp.webp?fit=1200%2C857&ssl=1&resize=350%2C200 1x, https:\/\/i0.wp.com\/ismaelcolosi.com.br\/wp-content\/uploads\/2024\/09\/WhatsApp-Image-2024-09-01-at-18.02.50_2024-09-01_21-06-02_jpeg_2024-09-01_21-06-02.webp.webp?fit=1200%2C857&ssl=1&resize=525%2C300 1.5x, https:\/\/i0.wp.com\/ismaelcolosi.com.br\/wp-content\/uploads\/2024\/09\/WhatsApp-Image-2024-09-01-at-18.02.50_2024-09-01_21-06-02_jpeg_2024-09-01_21-06-02.webp.webp?fit=1200%2C857&ssl=1&resize=700%2C400 2x, https:\/\/i0.wp.com\/ismaelcolosi.com.br\/wp-content\/uploads\/2024\/09\/WhatsApp-Image-2024-09-01-at-18.02.50_2024-09-01_21-06-02_jpeg_2024-09-01_21-06-02.webp.webp?fit=1200%2C857&ssl=1&resize=1050%2C600 3x"},"classes":[]},{"id":67087,"url":"https:\/\/ismaelcolosi.com.br\/index.php\/2024\/09\/20\/incendio-atinge-mata-proxima-a-condominio-em-ribeirao-preto\/","url_meta":{"origin":63346,"position":1},"title":"Inc\u00eandio atinge mata pr\u00f3xima a condom\u00ednio em Ribeir\u00e3o Preto","author":"ismaelcolosi.com.br","date":"20 de September de 2024","format":false,"excerpt":"Um inc\u00eandio atinge mata pr\u00f3xima ao condom\u00ednio Royal Park, no distrito de Bonfim Paulista, na tarde desta sexta-feira (20). Segundo informa\u00e7\u00f5es da Guarda Civil Municipal, o Corpo de Bombeiros e equipes da GCM est\u00e3o no local e trabalham para controlar as chamas. Importante lembrar que a regi\u00e3o est\u00e1 em alerta\u2026","rel":"","context":"In &quot;Not\u00edcias de Ribeir\u00e3o Preto-SP e Regi\u00e3o&quot;","block_context":{"text":"Not\u00edcias de Ribeir\u00e3o Preto-SP e Regi\u00e3o","link":"https:\/\/ismaelcolosi.com.br\/index.php\/category\/noticias-de-ribeirao-preto-sp-e-regiao-ismael-colosi\/"},"img":{"alt_text":"","src":"https:\/\/i0.wp.com\/ismaelcolosi.com.br\/wp-content\/uploads\/2024\/09\/Copia-de-Copia-de-Copia-de-TAMANHO-EXATO-PARA-FOTOS-NO-SISTEMA-NOVO-36_2024-09-20_19-32-56_png_2024-09-20_19-32-56.webp.webp?fit=1200%2C675&ssl=1&resize=350%2C200","width":350,"height":200,"srcset":"https:\/\/i0.wp.com\/ismaelcolosi.com.br\/wp-content\/uploads\/2024\/09\/Copia-de-Copia-de-Copia-de-TAMANHO-EXATO-PARA-FOTOS-NO-SISTEMA-NOVO-36_2024-09-20_19-32-56_png_2024-09-20_19-32-56.webp.webp?fit=1200%2C675&ssl=1&resize=350%2C200 1x, https:\/\/i0.wp.com\/ismaelcolosi.com.br\/wp-content\/uploads\/2024\/09\/Copia-de-Copia-de-Copia-de-TAMANHO-EXATO-PARA-FOTOS-NO-SISTEMA-NOVO-36_2024-09-20_19-32-56_png_2024-09-20_19-32-56.webp.webp?fit=1200%2C675&ssl=1&resize=525%2C300 1.5x, https:\/\/i0.wp.com\/ismaelcolosi.com.br\/wp-content\/uploads\/2024\/09\/Copia-de-Copia-de-Copia-de-TAMANHO-EXATO-PARA-FOTOS-NO-SISTEMA-NOVO-36_2024-09-20_19-32-56_png_2024-09-20_19-32-56.webp.webp?fit=1200%2C675&ssl=1&resize=700%2C400 2x, https:\/\/i0.wp.com\/ismaelcolosi.com.br\/wp-content\/uploads\/2024\/09\/Copia-de-Copia-de-Copia-de-TAMANHO-EXATO-PARA-FOTOS-NO-SISTEMA-NOVO-36_2024-09-20_19-32-56_png_2024-09-20_19-32-56.webp.webp?fit=1200%2C675&ssl=1&resize=1050%2C600 3x"},"classes":[]},{"id":67105,"url":"https:\/\/ismaelcolosi.com.br\/index.php\/2024\/09\/20\/incendio-atinge-mata-proxima-a-condominio-em-ribeirao-preto-video\/","url_meta":{"origin":63346,"position":2},"title":"Inc\u00eandio atinge mata pr\u00f3xima a condom\u00ednio em Ribeir\u00e3o Preto; V\u00eddeo","author":"ismaelcolosi.com.br","date":"20 de September de 2024","format":false,"excerpt":"Um inc\u00eandio atinge mata pr\u00f3xima ao condom\u00ednio Royal Park, no distrito de Bonfim Paulista, na tarde desta sexta-feira (20). Segundo informa\u00e7\u00f5es da Guarda Civil Municipal, o Corpo de Bombeiros e equipes da GCM est\u00e3o no local e trabalham para controlar as chamas. Por conta das chamas, a rodovia Jos\u00e9 Fregonezi\u2026","rel":"","context":"In &quot;Not\u00edcias de Ribeir\u00e3o Preto-SP e Regi\u00e3o&quot;","block_context":{"text":"Not\u00edcias de Ribeir\u00e3o Preto-SP e Regi\u00e3o","link":"https:\/\/ismaelcolosi.com.br\/index.php\/category\/noticias-de-ribeirao-preto-sp-e-regiao-ismael-colosi\/"},"img":{"alt_text":"","src":"https:\/\/i0.wp.com\/ismaelcolosi.com.br\/wp-content\/uploads\/2024\/09\/Copia-de-Copia-de-Copia-de-TAMANHO-EXATO-PARA-FOTOS-NO-SISTEMA-NOVO-36_2024-09-20_19-32-56_png_2024-09-20_19-32-56.webp.webp?fit=1200%2C675&ssl=1&resize=350%2C200","width":350,"height":200,"srcset":"https:\/\/i0.wp.com\/ismaelcolosi.com.br\/wp-content\/uploads\/2024\/09\/Copia-de-Copia-de-Copia-de-TAMANHO-EXATO-PARA-FOTOS-NO-SISTEMA-NOVO-36_2024-09-20_19-32-56_png_2024-09-20_19-32-56.webp.webp?fit=1200%2C675&ssl=1&resize=350%2C200 1x, https:\/\/i0.wp.com\/ismaelcolosi.com.br\/wp-content\/uploads\/2024\/09\/Copia-de-Copia-de-Copia-de-TAMANHO-EXATO-PARA-FOTOS-NO-SISTEMA-NOVO-36_2024-09-20_19-32-56_png_2024-09-20_19-32-56.webp.webp?fit=1200%2C675&ssl=1&resize=525%2C300 1.5x, https:\/\/i0.wp.com\/ismaelcolosi.com.br\/wp-content\/uploads\/2024\/09\/Copia-de-Copia-de-Copia-de-TAMANHO-EXATO-PARA-FOTOS-NO-SISTEMA-NOVO-36_2024-09-20_19-32-56_png_2024-09-20_19-32-56.webp.webp?fit=1200%2C675&ssl=1&resize=700%2C400 2x, https:\/\/i0.wp.com\/ismaelcolosi.com.br\/wp-content\/uploads\/2024\/09\/Copia-de-Copia-de-Copia-de-TAMANHO-EXATO-PARA-FOTOS-NO-SISTEMA-NOVO-36_2024-09-20_19-32-56_png_2024-09-20_19-32-56.webp.webp?fit=1200%2C675&ssl=1&resize=1050%2C600 3x"},"classes":[]},{"id":65661,"url":"https:\/\/ismaelcolosi.com.br\/index.php\/2024\/09\/13\/incendio-atinge-area-ao-lado-do-anel-viario-norte-de-ribeirao-video\/","url_meta":{"origin":63346,"position":3},"title":"Inc\u00eandio atinge \u00e1rea ao lado do Anel Vi\u00e1rio Norte de Ribeir\u00e3o; V\u00eddeo","author":"ismaelcolosi.com.br","date":"13 de September de 2024","format":false,"excerpt":"Um inc\u00eandio atinge uma \u00e1rea \u00e0s margens do Anel Vi\u00e1rio Norte (rodovia Alexandre Balbo, SP-328) na manh\u00e3 desta sexta (13), em Ribeir\u00e3o Preto. O fogo ocorre ao lado de uma estrada de terra, que liga ao Jardim Cristo Redentor, pr\u00f3ximo da antiga Usina Galo Bravo. Um caminh\u00e3o-pipa atua no combate\u2026","rel":"","context":"In &quot;Not\u00edcias de Ribeir\u00e3o Preto-SP e Regi\u00e3o&quot;","block_context":{"text":"Not\u00edcias de Ribeir\u00e3o Preto-SP e Regi\u00e3o","link":"https:\/\/ismaelcolosi.com.br\/index.php\/category\/noticias-de-ribeirao-preto-sp-e-regiao-ismael-colosi\/"},"img":{"alt_text":"","src":"https:\/\/i0.wp.com\/ismaelcolosi.com.br\/wp-content\/uploads\/2024\/09\/QUEIMADA_2024-09-13_12-03-54_jpg_2024-09-13_12-03-54.webp.webp?fit=1200%2C844&ssl=1&resize=350%2C200","width":350,"height":200,"srcset":"https:\/\/i0.wp.com\/ismaelcolosi.com.br\/wp-content\/uploads\/2024\/09\/QUEIMADA_2024-09-13_12-03-54_jpg_2024-09-13_12-03-54.webp.webp?fit=1200%2C844&ssl=1&resize=350%2C200 1x, https:\/\/i0.wp.com\/ismaelcolosi.com.br\/wp-content\/uploads\/2024\/09\/QUEIMADA_2024-09-13_12-03-54_jpg_2024-09-13_12-03-54.webp.webp?fit=1200%2C844&ssl=1&resize=525%2C300 1.5x, https:\/\/i0.wp.com\/ismaelcolosi.com.br\/wp-content\/uploads\/2024\/09\/QUEIMADA_2024-09-13_12-03-54_jpg_2024-09-13_12-03-54.webp.webp?fit=1200%2C844&ssl=1&resize=700%2C400 2x, https:\/\/i0.wp.com\/ismaelcolosi.com.br\/wp-content\/uploads\/2024\/09\/QUEIMADA_2024-09-13_12-03-54_jpg_2024-09-13_12-03-54.webp.webp?fit=1200%2C844&ssl=1&resize=1050%2C600 3x"},"classes":[]},{"id":69959,"url":"https:\/\/ismaelcolosi.com.br\/index.php\/2024\/10\/08\/incendio-atinge-mata-em-ribeirao-preto-veja-video\/","url_meta":{"origin":63346,"position":4},"title":"Inc\u00eandio atinge mata em Ribeir\u00e3o Preto; veja v\u00eddeo","author":"ismaelcolosi.com.br","date":"8 de October de 2024","format":false,"excerpt":"Um inc\u00eandio foi registrado, na tarde desta ter\u00e7a-feira (8), pr\u00f3ximo a Funda\u00e7\u00e3o Educand\u00e1rio, na zona Leste de Ribeir\u00e3o Preto. De acordo com a Guarda Civil Municipal (GCM), equipes da Defesa Civil e da Patrulha Rural est\u00e3o no local. O Corpo de Bombeiros tamb\u00e9m est\u00e1 na \u00e1rea auxiliando no combate as\u2026","rel":"","context":"In &quot;Not\u00edcias de Ribeir\u00e3o Preto-SP e Regi\u00e3o&quot;","block_context":{"text":"Not\u00edcias de Ribeir\u00e3o Preto-SP e Regi\u00e3o","link":"https:\/\/ismaelcolosi.com.br\/index.php\/category\/noticias-de-ribeirao-preto-sp-e-regiao-ismael-colosi\/"},"img":{"alt_text":"","src":"https:\/\/i0.wp.com\/ismaelcolosi.com.br\/wp-content\/uploads\/2024\/10\/Sem-titulo_2024-10-08_22-18-31_png_2024-10-08_22-18-31.webp.webp?fit=1200%2C634&ssl=1&resize=350%2C200","width":350,"height":200,"srcset":"https:\/\/i0.wp.com\/ismaelcolosi.com.br\/wp-content\/uploads\/2024\/10\/Sem-titulo_2024-10-08_22-18-31_png_2024-10-08_22-18-31.webp.webp?fit=1200%2C634&ssl=1&resize=350%2C200 1x, https:\/\/i0.wp.com\/ismaelcolosi.com.br\/wp-content\/uploads\/2024\/10\/Sem-titulo_2024-10-08_22-18-31_png_2024-10-08_22-18-31.webp.webp?fit=1200%2C634&ssl=1&resize=525%2C300 1.5x, https:\/\/i0.wp.com\/ismaelcolosi.com.br\/wp-content\/uploads\/2024\/10\/Sem-titulo_2024-10-08_22-18-31_png_2024-10-08_22-18-31.webp.webp?fit=1200%2C634&ssl=1&resize=700%2C400 2x, https:\/\/i0.wp.com\/ismaelcolosi.com.br\/wp-content\/uploads\/2024\/10\/Sem-titulo_2024-10-08_22-18-31_png_2024-10-08_22-18-31.webp.webp?fit=1200%2C634&ssl=1&resize=1050%2C600 3x"},"classes":[]},{"id":48620,"url":"https:\/\/ismaelcolosi.com.br\/index.php\/2024\/05\/04\/incendio-atinge-area-com-vegetacao-ao-lado-de-casas-na-regiao-de-ribeirao-veja-video\/","url_meta":{"origin":63346,"position":5},"title":"Inc\u00eandio atinge \u00e1rea com vegeta\u00e7\u00e3o ao lado de casas na regi\u00e3o de Ribeir\u00e3o; Veja v\u00eddeo","author":"ismaelcolosi.com.br","date":"4 de May de 2024","format":false,"excerpt":"Um inc\u00eandio atinge uma \u00e1rea com vegeta\u00e7\u00e3o pr\u00f3xima de casas neste s\u00e1bado (4), no bairro City Petr\u00f3polis, em Franca, cidade a aproximadamente 80 quil\u00f4metros de Ribeir\u00e3o Preto. Assista ao v\u00eddeo abaixo. O Corpo de Bombeiros informou que faz o combate ao fogo no in\u00edcio desta tarde e que n\u00e3o h\u00e1\u2026","rel":"","context":"In &quot;Not\u00edcias de Ribeir\u00e3o Preto-SP e Regi\u00e3o&quot;","block_context":{"text":"Not\u00edcias de Ribeir\u00e3o Preto-SP e Regi\u00e3o","link":"https:\/\/ismaelcolosi.com.br\/index.php\/category\/noticias-de-ribeirao-preto-sp-e-regiao-ismael-colosi\/"},"img":{"alt_text":"","src":"https:\/\/i0.wp.com\/ismaelcolosi.com.br\/wp-content\/uploads\/2024\/05\/WhatsApp-Image-2024-05-04-at-13.29.30_2024-05-04_16-31-00_jpeg_2024-05-04_16-31-00.webp.webp?fit=1200%2C675&ssl=1&resize=350%2C200","width":350,"height":200,"srcset":"https:\/\/i0.wp.com\/ismaelcolosi.com.br\/wp-content\/uploads\/2024\/05\/WhatsApp-Image-2024-05-04-at-13.29.30_2024-05-04_16-31-00_jpeg_2024-05-04_16-31-00.webp.webp?fit=1200%2C675&ssl=1&resize=350%2C200 1x, https:\/\/i0.wp.com\/ismaelcolosi.com.br\/wp-content\/uploads\/2024\/05\/WhatsApp-Image-2024-05-04-at-13.29.30_2024-05-04_16-31-00_jpeg_2024-05-04_16-31-00.webp.webp?fit=1200%2C675&ssl=1&resize=525%2C300 1.5x, https:\/\/i0.wp.com\/ismaelcolosi.com.br\/wp-content\/uploads\/2024\/05\/WhatsApp-Image-2024-05-04-at-13.29.30_2024-05-04_16-31-00_jpeg_2024-05-04_16-31-00.webp.webp?fit=1200%2C675&ssl=1&resize=700%2C400 2x, https:\/\/i0.wp.com\/ismaelcolosi.com.br\/wp-content\/uploads\/2024\/05\/WhatsApp-Image-2024-05-04-at-13.29.30_2024-05-04_16-31-00_jpeg_2024-05-04_16-31-00.webp.webp?fit=1200%2C675&ssl=1&resize=1050%2C600 3x"},"classes":[]}],"jetpack_sharing_enabled":true,"jetpack_shortlink":"https:\/\/wp.me\/pfMlyK-gtI","_links":{"self":[{"href":"https:\/\/ismaelcolosi.com.br\/index.php\/wp-json\/wp\/v2\/posts\/63346","targetHints":{"allow":["GET"]}}],"collection":[{"href":"https:\/\/ismaelcolosi.com.br\/index.php\/wp-json\/wp\/v2\/posts"}],"about":[{"href":"https:\/\/ismaelcolosi.com.br\/index.php\/wp-json\/wp\/v2\/types\/post"}],"author":[{"embeddable":true,"href":"https:\/\/ismaelcolosi.com.br\/index.php\/wp-json\/wp\/v2\/users\/1"}],"replies":[{"embeddable":true,"href":"https:\/\/ismaelcolosi.com.br\/index.php\/wp-json\/wp\/v2\/comments?post=63346"}],"version-history":[{"count":0,"href":"https:\/\/ismaelcolosi.com.br\/index.php\/wp-json\/wp\/v2\/posts\/63346\/revisions"}],"wp:featuredmedia":[{"embeddable":true,"href":"https:\/\/ismaelcolosi.com.br\/index.php\/wp-json\/wp\/v2\/media\/63347"}],"wp:attachment":[{"href":"https:\/\/ismaelcolosi.com.br\/index.php\/wp-json\/wp\/v2\/media?parent=63346"}],"wp:term":[{"taxonomy":"category","embeddable":true,"href":"https:\/\/ismaelcolosi.com.br\/index.php\/wp-json\/wp\/v2\/categories?post=63346"},{"taxonomy":"post_tag","embeddable":true,"href":"https:\/\/ismaelcolosi.com.br\/index.php\/wp-json\/wp\/v2\/tags?post=63346"}],"curies":[{"name":"wp","href":"https:\/\/api.w.org\/{rel}","templated":true}]}}