{"id":63336,"date":"2024-09-01T15:46:29","date_gmt":"2024-09-01T18:46:29","guid":{"rendered":"https:\/\/ismaelcolosi.com.br\/index.php\/2024\/09\/01\/veja-o-balanco-das-prisoes-por-incendios-criminosos-no-estado-de-sp\/"},"modified":"2024-09-01T15:46:29","modified_gmt":"2024-09-01T18:46:29","slug":"veja-o-balanco-das-prisoes-por-incendios-criminosos-no-estado-de-sp","status":"publish","type":"post","link":"https:\/\/ismaelcolosi.com.br\/index.php\/2024\/09\/01\/veja-o-balanco-das-prisoes-por-incendios-criminosos-no-estado-de-sp\/","title":{"rendered":"Veja o balan\u00e7o das pris\u00f5es por inc\u00eandios criminosos no estado de SP"},"content":{"rendered":"<p> <br \/>\n<\/p>\n<div data-td-block-uid=\"tdi_106\">\n<div class=\"tdb-block-inner td-fix-index\">\n<p><strong>A Secretaria de Seguran\u00e7a P\u00fablica de S\u00e3o Paulo (SSP-SP) informou neste domingo (1\u00ba) a quantidade de pris\u00f5es de suspeitos de participa\u00e7\u00e3o em inc\u00eandios criminosos em todo o estado paulista desde a semana passada.<\/strong><\/p>\n<p><mark style=\"background-color:#fcb900\" class=\"has-inline-color has-black-color\">Segundo a Pasta, foram efetuadas 11 pris\u00f5es, sendo a mais recentece ocorrida na tarde deste s\u00e1bado (31), em S\u00e3o Bernardo do Campo, na Grande S\u00e3o Paulo.<\/mark><\/p>\n<p>Ainda conforme a SSP, testemunhas presenciaram um<strong> homem de 38 anos<\/strong> ao <strong>atear fogo <\/strong>em uma  <strong>mata <\/strong>e acionaram os <strong>policiais militares rodovi\u00e1rios<\/strong>. Ele teria <strong>confessado <\/strong>o <strong>crime<\/strong>. Um <strong>isqueiro <\/strong>foi <strong>apreendido <\/strong>e as <strong>chamas <\/strong>foram <strong>controladas <\/strong>pelo <strong>Corpo de Bombeiros<\/strong>.<\/p>\n<h4 class=\"wp-block-heading\"><strong>Outras dez pessoas foram detidas por causarem inc\u00eandios em vegeta\u00e7\u00e3o:<\/strong><\/h4>\n<ul>\n<li>S\u00e3o Jos\u00e9 do Rio Preto \u2013 2<\/li>\n<\/ul>\n<p>Em <strong>Porto Ferreira<\/strong>, <strong>dois homens <\/strong>foi <strong>autuados <\/strong>pela <strong>Pol\u00edcia Ambiental<\/strong> por acender uma <strong>fogueira <\/strong>para <strong>limpeza <\/strong>da <strong>vegeta\u00e7\u00e3o<\/strong>. <\/p>\n<p>A <strong>SSP <\/strong>disse que <mark style=\"background-color:#fcb900\" class=\"has-inline-color has-black-color\">os 11 casos n\u00e3o possuem rela\u00e7\u00e3o entre eles <\/mark>e que todos est\u00e3o sob <strong>investiga\u00e7\u00e3o <\/strong>da <strong>Pol\u00edcia Civil<\/strong>.<\/p>\n<p>SAIBA MAIS<\/p>\n<p>Interior de SP tem alerta vermelho de \u2018grande perigo\u2019; Veja as cidades afetadas<\/p>\n<h4 class=\"wp-block-heading\"><strong>FIQUE ON<\/strong><\/h4>\n<p>Fique ligado em tudo que acontece em Ribeir\u00e3o Preto e regi\u00e3o. Siga os perfis do<strong>\u00a0acidade on<\/strong>\u00a0no\u00a0<a href=\"https:\/\/www.instagram.com\/acidadeonribeirao\" target=\"_blank\" rel=\"noreferrer noopener\">Instagram<\/a>\u00a0e no\u00a0<a href=\"https:\/\/www.facebook.com\/acidadeonribeirao\/\" target=\"_blank\" rel=\"noreferrer noopener\">Facebook<\/a>.<\/p>\n<p>Receba not\u00edcias do\u00a0<strong>acidade on\u00a0<\/strong>no WhatsApp.\u00a0<a href=\"https:\/\/chat.whatsapp.com\/Dtv9mxhy6V5BJBotM2OQ5k\" target=\"_blank\" rel=\"noreferrer noopener\">Para entrar no grupo, basta clicar aqui.<\/a><\/p>\n<p>Fa\u00e7a uma den\u00fancia ou sugira uma reportagem sobre Ribeir\u00e3o Preto e regi\u00e3o pelo WhatsApp: 16 99117 7802.<\/p>\n<p>VEJA TAMB\u00c9M<\/p>\n<p>O que significa bandeira tarif\u00e1ria vermelha patamar 2?<\/p>\n<p><!-- CONTENT END 3 -->\n<\/div>\n<\/div>\n<p><script async src=\"\/\/www.instagram.com\/embed.js\"><\/script><br \/>\n<br \/><br \/>\n<br \/><a href=\"https:\/\/www.acidadeon.com\/ribeiraopreto\/cotidiano\/veja-o-balanco-das-prisoes-por-incendios-criminosos-no-estado-de-sp\/\">Source link <\/a><\/p>\n","protected":false},"excerpt":{"rendered":"<p>A Secretaria de Seguran\u00e7a P\u00fablica de S\u00e3o Paulo (SSP-SP) informou neste domingo (1\u00ba) a quantidade de pris\u00f5es de suspeitos de participa\u00e7\u00e3o em inc\u00eandios criminosos em&#8230;<\/p>\n","protected":false},"author":1,"featured_media":62688,"comment_status":"open","ping_status":"open","sticky":false,"template":"","format":"standard","meta":{"_uag_custom_page_level_css":"","advanced_seo_description":"","jetpack_seo_html_title":"","jetpack_seo_noindex":false,"jetpack_post_was_ever_published":false,"_jetpack_newsletter_access":"","_jetpack_dont_email_post_to_subs":false,"_jetpack_newsletter_tier_id":0,"_jetpack_memberships_contains_paywalled_content":false,"_jetpack_memberships_contains_paid_content":false,"footnotes":"","jetpack_publicize_message":"","jetpack_publicize_feature_enabled":true,"jetpack_social_post_already_shared":true,"jetpack_social_options":{"image_generator_settings":{"template":"highway","default_image_id":0,"font":"","enabled":false},"version":2}},"categories":[11],"tags":[],"class_list":["post-63336","post","type-post","status-publish","format-standard","has-post-thumbnail","hentry","category-noticias-de-ribeirao-preto-sp-e-regiao-ismael-colosi"],"jetpack_publicize_connections":[],"jetpack_featured_media_url":"https:\/\/i0.wp.com\/ismaelcolosi.com.br\/wp-content\/uploads\/2024\/08\/Imagem-do-WhatsApp-de-2024-08-28-as-16.44.34_d30027ad_2024-08-28_20-02-06_jpg_2024-08-28_20-02-06.webp.webp?fit=1599%2C899&ssl=1","uagb_featured_image_src":{"full":["https:\/\/i0.wp.com\/ismaelcolosi.com.br\/wp-content\/uploads\/2024\/08\/Imagem-do-WhatsApp-de-2024-08-28-as-16.44.34_d30027ad_2024-08-28_20-02-06_jpg_2024-08-28_20-02-06.webp.webp?fit=1599%2C899&ssl=1",1599,899,false],"thumbnail":["https:\/\/i0.wp.com\/ismaelcolosi.com.br\/wp-content\/uploads\/2024\/08\/Imagem-do-WhatsApp-de-2024-08-28-as-16.44.34_d30027ad_2024-08-28_20-02-06_jpg_2024-08-28_20-02-06.webp.webp?resize=150%2C150&ssl=1",150,150,true],"medium":["https:\/\/i0.wp.com\/ismaelcolosi.com.br\/wp-content\/uploads\/2024\/08\/Imagem-do-WhatsApp-de-2024-08-28-as-16.44.34_d30027ad_2024-08-28_20-02-06_jpg_2024-08-28_20-02-06.webp.webp?fit=300%2C169&ssl=1",300,169,true],"medium_large":["https:\/\/i0.wp.com\/ismaelcolosi.com.br\/wp-content\/uploads\/2024\/08\/Imagem-do-WhatsApp-de-2024-08-28-as-16.44.34_d30027ad_2024-08-28_20-02-06_jpg_2024-08-28_20-02-06.webp.webp?fit=768%2C432&ssl=1",768,432,true],"large":["https:\/\/i0.wp.com\/ismaelcolosi.com.br\/wp-content\/uploads\/2024\/08\/Imagem-do-WhatsApp-de-2024-08-28-as-16.44.34_d30027ad_2024-08-28_20-02-06_jpg_2024-08-28_20-02-06.webp.webp?fit=1024%2C576&ssl=1",1024,576,true],"1536x1536":["https:\/\/i0.wp.com\/ismaelcolosi.com.br\/wp-content\/uploads\/2024\/08\/Imagem-do-WhatsApp-de-2024-08-28-as-16.44.34_d30027ad_2024-08-28_20-02-06_jpg_2024-08-28_20-02-06.webp.webp?fit=1536%2C864&ssl=1",1536,864,true],"2048x2048":["https:\/\/i0.wp.com\/ismaelcolosi.com.br\/wp-content\/uploads\/2024\/08\/Imagem-do-WhatsApp-de-2024-08-28-as-16.44.34_d30027ad_2024-08-28_20-02-06_jpg_2024-08-28_20-02-06.webp.webp?fit=1599%2C899&ssl=1",1599,899,true],"really-simple-thumb":["https:\/\/i0.wp.com\/ismaelcolosi.com.br\/wp-content\/uploads\/2024\/08\/Imagem-do-WhatsApp-de-2024-08-28-as-16.44.34_d30027ad_2024-08-28_20-02-06_jpg_2024-08-28_20-02-06.webp.webp?resize=370%2C247&ssl=1",370,247,true]},"uagb_author_info":{"display_name":"ismaelcolosi.com.br","author_link":"https:\/\/ismaelcolosi.com.br\/index.php\/author\/vidareal-online\/"},"uagb_comment_info":0,"uagb_excerpt":"A Secretaria de Seguran\u00e7a P\u00fablica de S\u00e3o Paulo (SSP-SP) informou neste domingo (1\u00ba) a quantidade de pris\u00f5es de suspeitos de participa\u00e7\u00e3o em inc\u00eandios criminosos em...","jetpack-related-posts":[{"id":62085,"url":"https:\/\/ismaelcolosi.com.br\/index.php\/2024\/08\/25\/tarcisio-confirma-prisoes-de-autores-de-incendios-no-interior-de-sp-video\/","url_meta":{"origin":63336,"position":0},"title":"Tarc\u00edsio confirma pris\u00f5es de autores de inc\u00eandios no interior de SP; V\u00eddeo","author":"ismaelcolosi.com.br","date":"25 de August de 2024","format":false,"excerpt":"O governador de S\u00e3o Paulo, Tarc\u00edsio de Freitas (REP), confirmou a pris\u00e3o de duas pessoas acusadas de provocarem inc\u00eandios criminosos. Na manh\u00e3 deste domingo (25), Tarc\u00edsio est\u00e1 em Ribeir\u00e3o Preto, uma das \u00e1reas mais atingidas pelos inc\u00eandios no interior de S\u00e3o Paulo. Em entrevista coletiva, realizada no aeroporto Leite Lopes,\u2026","rel":"","context":"In &quot;Not\u00edcias de Ribeir\u00e3o Preto-SP e Regi\u00e3o&quot;","block_context":{"text":"Not\u00edcias de Ribeir\u00e3o Preto-SP e Regi\u00e3o","link":"https:\/\/ismaelcolosi.com.br\/index.php\/category\/noticias-de-ribeirao-preto-sp-e-regiao-ismael-colosi\/"},"img":{"alt_text":"","src":"https:\/\/i0.wp.com\/ismaelcolosi.com.br\/wp-content\/uploads\/2024\/08\/tarcisio-ribeirao-preto_2024-08-25_15-54-19_jpg_2024-08-25_15-54-19.webp.webp?fit=1200%2C800&ssl=1&resize=350%2C200","width":350,"height":200,"srcset":"https:\/\/i0.wp.com\/ismaelcolosi.com.br\/wp-content\/uploads\/2024\/08\/tarcisio-ribeirao-preto_2024-08-25_15-54-19_jpg_2024-08-25_15-54-19.webp.webp?fit=1200%2C800&ssl=1&resize=350%2C200 1x, https:\/\/i0.wp.com\/ismaelcolosi.com.br\/wp-content\/uploads\/2024\/08\/tarcisio-ribeirao-preto_2024-08-25_15-54-19_jpg_2024-08-25_15-54-19.webp.webp?fit=1200%2C800&ssl=1&resize=525%2C300 1.5x, https:\/\/i0.wp.com\/ismaelcolosi.com.br\/wp-content\/uploads\/2024\/08\/tarcisio-ribeirao-preto_2024-08-25_15-54-19_jpg_2024-08-25_15-54-19.webp.webp?fit=1200%2C800&ssl=1&resize=700%2C400 2x, https:\/\/i0.wp.com\/ismaelcolosi.com.br\/wp-content\/uploads\/2024\/08\/tarcisio-ribeirao-preto_2024-08-25_15-54-19_jpg_2024-08-25_15-54-19.webp.webp?fit=1200%2C800&ssl=1&resize=1050%2C600 3x"},"classes":[]},{"id":62234,"url":"https:\/\/ismaelcolosi.com.br\/index.php\/2024\/08\/26\/governo-confirma-terceira-prisao-por-incendios-criminosos-na-regiao-de-ribeirao\/","url_meta":{"origin":63336,"position":1},"title":"Governo confirma terceira pris\u00e3o por inc\u00eandios criminosos na regi\u00e3o de Ribeir\u00e3o","author":"ismaelcolosi.com.br","date":"26 de August de 2024","format":false,"excerpt":"O governador Tarc\u00edsio de Freitas declarou, na manh\u00e3 desta segunda-feira (26), que tr\u00eas pessoas foram presas em flagrante suspeitas de inc\u00eandio criminoso, no interior do Estado \u2013 uma das pris\u00f5es aconteceu na regi\u00e3o de Ribeir\u00e3o Preto. As pris\u00f5es foram efetuadas em S\u00e3o Jos\u00e9 do Rio Preto, Batatais e Porto Ferreira.\u2026","rel":"","context":"In &quot;Not\u00edcias de Ribeir\u00e3o Preto-SP e Regi\u00e3o&quot;","block_context":{"text":"Not\u00edcias de Ribeir\u00e3o Preto-SP e Regi\u00e3o","link":"https:\/\/ismaelcolosi.com.br\/index.php\/category\/noticias-de-ribeirao-preto-sp-e-regiao-ismael-colosi\/"},"img":{"alt_text":"","src":"https:\/\/i0.wp.com\/ismaelcolosi.com.br\/wp-content\/uploads\/2024\/08\/Copia-de-Copia-de-Copia-de-TAMANHO-EXATO-PARA-FOTOS-NO-SISTEMA-NOVO_2024-08-26_15-51-20_png_2024-08-26_15-51-20.webp.webp?fit=1200%2C675&ssl=1&resize=350%2C200","width":350,"height":200,"srcset":"https:\/\/i0.wp.com\/ismaelcolosi.com.br\/wp-content\/uploads\/2024\/08\/Copia-de-Copia-de-Copia-de-TAMANHO-EXATO-PARA-FOTOS-NO-SISTEMA-NOVO_2024-08-26_15-51-20_png_2024-08-26_15-51-20.webp.webp?fit=1200%2C675&ssl=1&resize=350%2C200 1x, https:\/\/i0.wp.com\/ismaelcolosi.com.br\/wp-content\/uploads\/2024\/08\/Copia-de-Copia-de-Copia-de-TAMANHO-EXATO-PARA-FOTOS-NO-SISTEMA-NOVO_2024-08-26_15-51-20_png_2024-08-26_15-51-20.webp.webp?fit=1200%2C675&ssl=1&resize=525%2C300 1.5x, https:\/\/i0.wp.com\/ismaelcolosi.com.br\/wp-content\/uploads\/2024\/08\/Copia-de-Copia-de-Copia-de-TAMANHO-EXATO-PARA-FOTOS-NO-SISTEMA-NOVO_2024-08-26_15-51-20_png_2024-08-26_15-51-20.webp.webp?fit=1200%2C675&ssl=1&resize=700%2C400 2x, https:\/\/i0.wp.com\/ismaelcolosi.com.br\/wp-content\/uploads\/2024\/08\/Copia-de-Copia-de-Copia-de-TAMANHO-EXATO-PARA-FOTOS-NO-SISTEMA-NOVO_2024-08-26_15-51-20_png_2024-08-26_15-51-20.webp.webp?fit=1200%2C675&ssl=1&resize=1050%2C600 3x"},"classes":[]},{"id":63861,"url":"https:\/\/ismaelcolosi.com.br\/index.php\/2024\/09\/04\/homem-e-preso-por-incendio-criminoso-em-mata-na-regiao-de-ribeirao-preto\/","url_meta":{"origin":63336,"position":2},"title":"Homem \u00e9 preso por inc\u00eandio criminoso em mata na regi\u00e3o de Ribeir\u00e3o Preto","author":"ismaelcolosi.com.br","date":"4 de September de 2024","format":false,"excerpt":"Um homem de 50 anos foi preso nesta ter\u00e7a-feira (3) suspeito de atear fogo em uma mata de Batatais, cidade a aproximadamente 40 quil\u00f4metros de Ribeir\u00e3o Preto. A Secretaria da Seguran\u00e7a P\u00fablica de S\u00e3o Paulo (SSP-SP) havia informado no domingo (1\u00ba) que, at\u00e9 ent\u00e3o, tinha registrado 11 pris\u00f5es de suspeitos\u2026","rel":"","context":"In &quot;Not\u00edcias de Ribeir\u00e3o Preto-SP e Regi\u00e3o&quot;","block_context":{"text":"Not\u00edcias de Ribeir\u00e3o Preto-SP e Regi\u00e3o","link":"https:\/\/ismaelcolosi.com.br\/index.php\/category\/noticias-de-ribeirao-preto-sp-e-regiao-ismael-colosi\/"},"img":{"alt_text":"","src":"https:\/\/i0.wp.com\/ismaelcolosi.com.br\/wp-content\/uploads\/2024\/09\/WhatsApp-Image-2024-09-04-at-10.35.30_2024-09-04_13-39-17_jpeg_2024-09-04_13-39-17.webp.webp?fit=1200%2C952&ssl=1&resize=350%2C200","width":350,"height":200,"srcset":"https:\/\/i0.wp.com\/ismaelcolosi.com.br\/wp-content\/uploads\/2024\/09\/WhatsApp-Image-2024-09-04-at-10.35.30_2024-09-04_13-39-17_jpeg_2024-09-04_13-39-17.webp.webp?fit=1200%2C952&ssl=1&resize=350%2C200 1x, https:\/\/i0.wp.com\/ismaelcolosi.com.br\/wp-content\/uploads\/2024\/09\/WhatsApp-Image-2024-09-04-at-10.35.30_2024-09-04_13-39-17_jpeg_2024-09-04_13-39-17.webp.webp?fit=1200%2C952&ssl=1&resize=525%2C300 1.5x, https:\/\/i0.wp.com\/ismaelcolosi.com.br\/wp-content\/uploads\/2024\/09\/WhatsApp-Image-2024-09-04-at-10.35.30_2024-09-04_13-39-17_jpeg_2024-09-04_13-39-17.webp.webp?fit=1200%2C952&ssl=1&resize=700%2C400 2x, https:\/\/i0.wp.com\/ismaelcolosi.com.br\/wp-content\/uploads\/2024\/09\/WhatsApp-Image-2024-09-04-at-10.35.30_2024-09-04_13-39-17_jpeg_2024-09-04_13-39-17.webp.webp?fit=1200%2C952&ssl=1&resize=1050%2C600 3x"},"classes":[]},{"id":64252,"url":"https:\/\/ismaelcolosi.com.br\/index.php\/2024\/09\/06\/estado-de-sp-tem-nove-cidades-com-focos-de-incendio-nesta-sexta-veja-lista\/","url_meta":{"origin":63336,"position":3},"title":"Estado de SP tem\u00a0nove cidades com focos\u00a0 de inc\u00eandio nesta sexta; Veja lista","author":"ismaelcolosi.com.br","date":"6 de September de 2024","format":false,"excerpt":"A Defesa Civil de S\u00e3o Paulo divulgou que nove cidades paulistas est\u00e3o com focos de inc\u00eandio nesta sexta-feira (6). Entre os munic\u00edpio, um pertecence \u00e0 regi\u00e3o de Ribeir\u00e3o Preto e dois est\u00e3o pr\u00f3ximos de Franca. Em todo o estado de S\u00e3o Paulo foram efetudas 13 pris\u00f5es de suspeitos de inc\u00eandios\u2026","rel":"","context":"In &quot;Not\u00edcias de Ribeir\u00e3o Preto-SP e Regi\u00e3o&quot;","block_context":{"text":"Not\u00edcias de Ribeir\u00e3o Preto-SP e Regi\u00e3o","link":"https:\/\/ismaelcolosi.com.br\/index.php\/category\/noticias-de-ribeirao-preto-sp-e-regiao-ismael-colosi\/"},"img":{"alt_text":"","src":"https:\/\/i0.wp.com\/ismaelcolosi.com.br\/wp-content\/uploads\/2024\/07\/Copia-de-Copia-de-TAMANHO-EXATO-PARA-FOTOS-NO-SISTEMA-NOVO-6_2024-07-12_00-24-49_jpg_2024-07-12_00-24-49.webp.webp?fit=1200%2C675&ssl=1&resize=350%2C200","width":350,"height":200,"srcset":"https:\/\/i0.wp.com\/ismaelcolosi.com.br\/wp-content\/uploads\/2024\/07\/Copia-de-Copia-de-TAMANHO-EXATO-PARA-FOTOS-NO-SISTEMA-NOVO-6_2024-07-12_00-24-49_jpg_2024-07-12_00-24-49.webp.webp?fit=1200%2C675&ssl=1&resize=350%2C200 1x, https:\/\/i0.wp.com\/ismaelcolosi.com.br\/wp-content\/uploads\/2024\/07\/Copia-de-Copia-de-TAMANHO-EXATO-PARA-FOTOS-NO-SISTEMA-NOVO-6_2024-07-12_00-24-49_jpg_2024-07-12_00-24-49.webp.webp?fit=1200%2C675&ssl=1&resize=525%2C300 1.5x, https:\/\/i0.wp.com\/ismaelcolosi.com.br\/wp-content\/uploads\/2024\/07\/Copia-de-Copia-de-TAMANHO-EXATO-PARA-FOTOS-NO-SISTEMA-NOVO-6_2024-07-12_00-24-49_jpg_2024-07-12_00-24-49.webp.webp?fit=1200%2C675&ssl=1&resize=700%2C400 2x, https:\/\/i0.wp.com\/ismaelcolosi.com.br\/wp-content\/uploads\/2024\/07\/Copia-de-Copia-de-TAMANHO-EXATO-PARA-FOTOS-NO-SISTEMA-NOVO-6_2024-07-12_00-24-49_jpg_2024-07-12_00-24-49.webp.webp?fit=1200%2C675&ssl=1&resize=1050%2C600 3x"},"classes":[]},{"id":62608,"url":"https:\/\/ismaelcolosi.com.br\/index.php\/2024\/08\/28\/moradores-denunciam-dupla-em-moto-por-incendio-na-zona-sul-de-ribeirao-preto\/","url_meta":{"origin":63336,"position":4},"title":"Moradores denunciam dupla em moto por inc\u00eandio na zona Sul de Ribeir\u00e3o Preto","author":"ismaelcolosi.com.br","date":"28 de August de 2024","format":false,"excerpt":"Uma \u00e1rea de mato perto de condom\u00ednios e ch\u00e1caras foi atingida por um inc\u00eandio na noite desta ter\u00e7a-feira (27), no Jardim Nova Alian\u00e7a Sul, zona Sul de Ribeir\u00e3o Preto. Moradores relataram \u00e0 PM (Pol\u00edcia Militar) terem visto duas pessoas em uma moto circulando local e que as chamas se inciaram\u2026","rel":"","context":"In &quot;Not\u00edcias de Ribeir\u00e3o Preto-SP e Regi\u00e3o&quot;","block_context":{"text":"Not\u00edcias de Ribeir\u00e3o Preto-SP e Regi\u00e3o","link":"https:\/\/ismaelcolosi.com.br\/index.php\/category\/noticias-de-ribeirao-preto-sp-e-regiao-ismael-colosi\/"},"img":{"alt_text":"","src":"https:\/\/i0.wp.com\/ismaelcolosi.com.br\/wp-content\/uploads\/2024\/08\/policia_qru_1024x576_05012021161940.jpg?fit=1024%2C576&ssl=1&resize=350%2C200","width":350,"height":200,"srcset":"https:\/\/i0.wp.com\/ismaelcolosi.com.br\/wp-content\/uploads\/2024\/08\/policia_qru_1024x576_05012021161940.jpg?fit=1024%2C576&ssl=1&resize=350%2C200 1x, https:\/\/i0.wp.com\/ismaelcolosi.com.br\/wp-content\/uploads\/2024\/08\/policia_qru_1024x576_05012021161940.jpg?fit=1024%2C576&ssl=1&resize=525%2C300 1.5x, https:\/\/i0.wp.com\/ismaelcolosi.com.br\/wp-content\/uploads\/2024\/08\/policia_qru_1024x576_05012021161940.jpg?fit=1024%2C576&ssl=1&resize=700%2C400 2x"},"classes":[]},{"id":79452,"url":"https:\/\/ismaelcolosi.com.br\/index.php\/2024\/12\/16\/megaoperacao-contra-roubo-a-carros-fortes-em-sp-prisoes-suspeito-morto-e-apreensao-milionaria\/","url_meta":{"origin":63336,"position":5},"title":"Megaopera\u00e7\u00e3o contra roubo a carros-fortes em SP: pris\u00f5es, suspeito morto e apreens\u00e3o milion\u00e1ria","author":"ismaelcolosi.com.br","date":"16 de December de 2024","format":false,"excerpt":"Uma opera\u00e7\u00e3o de grande escala foi realizada nesta segunda-feira (16) para desarticular uma quadrilha suspeita de cometer roubos a carros-fortes em v\u00e1rias regi\u00f5es do estado de S\u00e3o Paulo. Coordenada pela Pol\u00edcia Civil, a a\u00e7\u00e3o contou com o apoio de diversas for\u00e7as policiais e resultou em um balan\u00e7o significativo: 10 pessoas\u2026","rel":"","context":"In &quot;Not\u00edcias de Ribeir\u00e3o Preto-SP e Regi\u00e3o&quot;","block_context":{"text":"Not\u00edcias de Ribeir\u00e3o Preto-SP e Regi\u00e3o","link":"https:\/\/ismaelcolosi.com.br\/index.php\/category\/noticias-de-ribeirao-preto-sp-e-regiao-ismael-colosi\/"},"img":{"alt_text":"","src":"https:\/\/i0.wp.com\/ismaelcolosi.com.br\/wp-content\/uploads\/2024\/12\/Captura-de-tela-2024-12-16-150335-e1734372598135.png?fit=1200%2C672&ssl=1&resize=350%2C200","width":350,"height":200,"srcset":"https:\/\/i0.wp.com\/ismaelcolosi.com.br\/wp-content\/uploads\/2024\/12\/Captura-de-tela-2024-12-16-150335-e1734372598135.png?fit=1200%2C672&ssl=1&resize=350%2C200 1x, https:\/\/i0.wp.com\/ismaelcolosi.com.br\/wp-content\/uploads\/2024\/12\/Captura-de-tela-2024-12-16-150335-e1734372598135.png?fit=1200%2C672&ssl=1&resize=525%2C300 1.5x, https:\/\/i0.wp.com\/ismaelcolosi.com.br\/wp-content\/uploads\/2024\/12\/Captura-de-tela-2024-12-16-150335-e1734372598135.png?fit=1200%2C672&ssl=1&resize=700%2C400 2x, https:\/\/i0.wp.com\/ismaelcolosi.com.br\/wp-content\/uploads\/2024\/12\/Captura-de-tela-2024-12-16-150335-e1734372598135.png?fit=1200%2C672&ssl=1&resize=1050%2C600 3x"},"classes":[]}],"jetpack_sharing_enabled":true,"jetpack_shortlink":"https:\/\/wp.me\/pfMlyK-gty","_links":{"self":[{"href":"https:\/\/ismaelcolosi.com.br\/index.php\/wp-json\/wp\/v2\/posts\/63336","targetHints":{"allow":["GET"]}}],"collection":[{"href":"https:\/\/ismaelcolosi.com.br\/index.php\/wp-json\/wp\/v2\/posts"}],"about":[{"href":"https:\/\/ismaelcolosi.com.br\/index.php\/wp-json\/wp\/v2\/types\/post"}],"author":[{"embeddable":true,"href":"https:\/\/ismaelcolosi.com.br\/index.php\/wp-json\/wp\/v2\/users\/1"}],"replies":[{"embeddable":true,"href":"https:\/\/ismaelcolosi.com.br\/index.php\/wp-json\/wp\/v2\/comments?post=63336"}],"version-history":[{"count":0,"href":"https:\/\/ismaelcolosi.com.br\/index.php\/wp-json\/wp\/v2\/posts\/63336\/revisions"}],"wp:featuredmedia":[{"embeddable":true,"href":"https:\/\/ismaelcolosi.com.br\/index.php\/wp-json\/wp\/v2\/media\/62688"}],"wp:attachment":[{"href":"https:\/\/ismaelcolosi.com.br\/index.php\/wp-json\/wp\/v2\/media?parent=63336"}],"wp:term":[{"taxonomy":"category","embeddable":true,"href":"https:\/\/ismaelcolosi.com.br\/index.php\/wp-json\/wp\/v2\/categories?post=63336"},{"taxonomy":"post_tag","embeddable":true,"href":"https:\/\/ismaelcolosi.com.br\/index.php\/wp-json\/wp\/v2\/tags?post=63336"}],"curies":[{"name":"wp","href":"https:\/\/api.w.org\/{rel}","templated":true}]}}