{"id":63325,"date":"2024-09-01T14:13:06","date_gmt":"2024-09-01T17:13:06","guid":{"rendered":"https:\/\/ismaelcolosi.com.br\/index.php\/2024\/09\/01\/conta-de-luz-esta-mais-cara-a-partir-deste-domingo-entenda-a-cobranca\/"},"modified":"2024-09-01T14:13:06","modified_gmt":"2024-09-01T17:13:06","slug":"conta-de-luz-esta-mais-cara-a-partir-deste-domingo-entenda-a-cobranca","status":"publish","type":"post","link":"https:\/\/ismaelcolosi.com.br\/index.php\/2024\/09\/01\/conta-de-luz-esta-mais-cara-a-partir-deste-domingo-entenda-a-cobranca\/","title":{"rendered":"Conta de luz est\u00e1 mais cara a partir deste domingo; Entenda a cobran\u00e7a"},"content":{"rendered":"<p> <br \/>\n<\/p>\n<div data-td-block-uid=\"tdi_106\">\n<div class=\"tdb-block-inner td-fix-index\">\n<p><strong>A conta de luz est\u00e1 mais cara com a bandeira tarif\u00e1ria de energia el\u00e9trica vermelha patamar 2 no m\u00eas de setembro.<\/strong><\/p>\n<p><mark style=\"background-color:#fcb900\" class=\"has-inline-color has-black-color\">Segundo a <a href=\"https:\/\/www.gov.br\/aneel\/pt-br\" target=\"_blank\" rel=\"noreferrer noopener\">Ag\u00eancia Nacional de Energia El\u00e9trica (Aneel)<\/a>, o acr\u00e9scimo ser\u00e1 de R$ 7,877 a cada 100 quilowatts-hora (kWh) consumidos.<\/mark><\/p>\n<p>A <strong>Aneel <\/strong>diz que a <strong>previs\u00e3o <\/strong>de <strong>escassez <\/strong>de <strong>chuvas <\/strong>e o <strong>clima seco <\/strong>com <strong>temperaturas altas <\/strong>motivaram o <strong>acionamento <\/strong>de <strong>usinas t\u00e9rmicas<\/strong>, aumentando os <strong>custos <\/strong>da <strong>opera\u00e7\u00e3o <\/strong>do sistema el\u00e9trico.<\/p>\n<p>A \u00faltima vez em que a <strong>bandeira vermelha patamar 2<\/strong> foi acionada ocorreu em <strong>agosto <\/strong>de <strong>2021<\/strong>.<\/p>\n<p>As cores verde, amarela ou vermelha (nos patamares 1 e 2) indicam se a energia custar\u00e1 mais ou menos em fun\u00e7\u00e3o das condi\u00e7\u00f5es de gera\u00e7\u00e3o, sendo a bandeira vermelha a que tem um custo maior, e a verde, sem custo extra. (Com Ag\u00eancia Brasil)<\/p>\n<blockquote class=\"wp-block-quote\">\n<p>\u201cCom o acionamento da bandeira\u202fvermelha patamar 2, a vigil\u00e2ncia quanto ao uso respons\u00e1vel da energia el\u00e9trica \u00e9 fundamental. A orienta\u00e7\u00e3o \u00e9 para utilizar a energia de forma consciente e evitar desperd\u00edcios que prejudicam o meio ambiente e afetam a sustentabilidade do setor el\u00e9trico como um todo. A economia de energia \u00e9 essencial para a preserva\u00e7\u00e3o dos recursos naturais\u201d<\/p>\n<p><cite><strong>Aneel<\/strong><\/cite><\/p><\/blockquote>\n<p>SAIBA MAIS<\/p>\n<p>Interior de SP tem alerta vermelho de \u2018grande perigo\u2019; Veja as cidades afetadas<\/p>\n<h4 class=\"wp-block-heading\"><strong>FIQUE ON<\/strong><\/h4>\n<p>Fique ligado em tudo que acontece em Ribeir\u00e3o Preto e regi\u00e3o. Siga os perfis do<strong>\u00a0acidade on<\/strong>\u00a0no\u00a0<a href=\"https:\/\/www.instagram.com\/acidadeonribeirao\" target=\"_blank\" rel=\"noreferrer noopener\">Instagram<\/a>\u00a0e no\u00a0<a href=\"https:\/\/www.facebook.com\/acidadeonribeirao\/\" target=\"_blank\" rel=\"noreferrer noopener\">Facebook<\/a>.<\/p>\n<p>Receba not\u00edcias do\u00a0<strong>acidade on\u00a0<\/strong>no WhatsApp.\u00a0<a href=\"https:\/\/chat.whatsapp.com\/Dtv9mxhy6V5BJBotM2OQ5k\" target=\"_blank\" rel=\"noreferrer noopener\">Para entrar no grupo, basta clicar aqui.<\/a><\/p>\n<p>Fa\u00e7a uma den\u00fancia ou sugira uma reportagem sobre Ribeir\u00e3o Preto e regi\u00e3o pelo WhatsApp: 16 99117 7802.<\/p>\n<p>VEJA TAMB\u00c9M<\/p>\n<p>O que significa bandeira tarif\u00e1ria vermelha patamar 2?<\/p>\n<p><!-- CONTENT END 1 -->\n<\/div>\n<\/div>\n<p><script async src=\"\/\/www.instagram.com\/embed.js\"><\/script><br \/>\n<br \/><br \/>\n<br \/><a href=\"https:\/\/www.acidadeon.com\/ribeiraopreto\/economia\/conta-de-luz-esta-mais-cara-a-partir-deste-domingo-entenda-a-cobranca\/\">Source link <\/a><\/p>\n","protected":false},"excerpt":{"rendered":"<p>A conta de luz est\u00e1 mais cara com a bandeira tarif\u00e1ria de energia el\u00e9trica vermelha patamar 2 no m\u00eas de setembro. Segundo a Ag\u00eancia Nacional&#8230;<\/p>\n","protected":false},"author":1,"featured_media":63326,"comment_status":"open","ping_status":"open","sticky":false,"template":"","format":"standard","meta":{"_uag_custom_page_level_css":"","advanced_seo_description":"","jetpack_seo_html_title":"","jetpack_seo_noindex":false,"jetpack_post_was_ever_published":false,"_jetpack_newsletter_access":"","_jetpack_dont_email_post_to_subs":false,"_jetpack_newsletter_tier_id":0,"_jetpack_memberships_contains_paywalled_content":false,"_jetpack_memberships_contains_paid_content":false,"footnotes":"","jetpack_publicize_message":"","jetpack_publicize_feature_enabled":true,"jetpack_social_post_already_shared":true,"jetpack_social_options":{"image_generator_settings":{"template":"highway","default_image_id":0,"font":"","enabled":false},"version":2}},"categories":[11],"tags":[],"class_list":["post-63325","post","type-post","status-publish","format-standard","has-post-thumbnail","hentry","category-noticias-de-ribeirao-preto-sp-e-regiao-ismael-colosi"],"jetpack_publicize_connections":[],"jetpack_featured_media_url":"https:\/\/i0.wp.com\/ismaelcolosi.com.br\/wp-content\/uploads\/2024\/09\/cresce_a_500x320_21022019152056.jpg?fit=500%2C322&ssl=1","uagb_featured_image_src":{"full":["https:\/\/i0.wp.com\/ismaelcolosi.com.br\/wp-content\/uploads\/2024\/09\/cresce_a_500x320_21022019152056.jpg?fit=500%2C322&ssl=1",500,322,false],"thumbnail":["https:\/\/i0.wp.com\/ismaelcolosi.com.br\/wp-content\/uploads\/2024\/09\/cresce_a_500x320_21022019152056.jpg?resize=150%2C150&ssl=1",150,150,true],"medium":["https:\/\/i0.wp.com\/ismaelcolosi.com.br\/wp-content\/uploads\/2024\/09\/cresce_a_500x320_21022019152056.jpg?fit=300%2C193&ssl=1",300,193,true],"medium_large":["https:\/\/i0.wp.com\/ismaelcolosi.com.br\/wp-content\/uploads\/2024\/09\/cresce_a_500x320_21022019152056.jpg?fit=500%2C322&ssl=1",500,322,true],"large":["https:\/\/i0.wp.com\/ismaelcolosi.com.br\/wp-content\/uploads\/2024\/09\/cresce_a_500x320_21022019152056.jpg?fit=500%2C322&ssl=1",500,322,true],"1536x1536":["https:\/\/i0.wp.com\/ismaelcolosi.com.br\/wp-content\/uploads\/2024\/09\/cresce_a_500x320_21022019152056.jpg?fit=500%2C322&ssl=1",500,322,true],"2048x2048":["https:\/\/i0.wp.com\/ismaelcolosi.com.br\/wp-content\/uploads\/2024\/09\/cresce_a_500x320_21022019152056.jpg?fit=500%2C322&ssl=1",500,322,true],"really-simple-thumb":["https:\/\/i0.wp.com\/ismaelcolosi.com.br\/wp-content\/uploads\/2024\/09\/cresce_a_500x320_21022019152056.jpg?resize=370%2C247&ssl=1",370,247,true]},"uagb_author_info":{"display_name":"ismaelcolosi.com.br","author_link":"https:\/\/ismaelcolosi.com.br\/index.php\/author\/vidareal-online\/"},"uagb_comment_info":0,"uagb_excerpt":"A conta de luz est\u00e1 mais cara com a bandeira tarif\u00e1ria de energia el\u00e9trica vermelha patamar 2 no m\u00eas de setembro. Segundo a Ag\u00eancia Nacional...","jetpack-related-posts":[{"id":63177,"url":"https:\/\/ismaelcolosi.com.br\/index.php\/2024\/08\/31\/conta-de-luz-mais-cara-bandeira-vermelha-e-acionada-apos-tres-anos\/","url_meta":{"origin":63325,"position":0},"title":"Conta de luz mais cara? Bandeira vermelha \u00e9 acionada ap\u00f3s tr\u00eas anos","author":"ismaelcolosi.com.br","date":"31 de August de 2024","format":false,"excerpt":"A Ag\u00eancia Nacional de Energia El\u00e9trica (Aneel) anunciou na noite desta sexta-feira (30), a bandeira tarif\u00e1ria vermelha patamar 2 para o m\u00eas de setembro. Essa \u00e9 a primeira vez que isso acontece em tr\u00eas anos. O \u00f3rg\u00e3o citou como justificativa a expectativa de aflu\u00eancia nos reservat\u00f3rios das hidrel\u00e9tricas do Pa\u00eds,\u2026","rel":"","context":"In &quot;Not\u00edcias de Ribeir\u00e3o Preto-SP e Regi\u00e3o&quot;","block_context":{"text":"Not\u00edcias de Ribeir\u00e3o Preto-SP e Regi\u00e3o","link":"https:\/\/ismaelcolosi.com.br\/index.php\/category\/noticias-de-ribeirao-preto-sp-e-regiao-ismael-colosi\/"},"img":{"alt_text":"","src":"https:\/\/i0.wp.com\/ismaelcolosi.com.br\/wp-content\/uploads\/2024\/08\/falta_de_1024x576_29052021093524.jpg?fit=1024%2C576&ssl=1&resize=350%2C200","width":350,"height":200,"srcset":"https:\/\/i0.wp.com\/ismaelcolosi.com.br\/wp-content\/uploads\/2024\/08\/falta_de_1024x576_29052021093524.jpg?fit=1024%2C576&ssl=1&resize=350%2C200 1x, https:\/\/i0.wp.com\/ismaelcolosi.com.br\/wp-content\/uploads\/2024\/08\/falta_de_1024x576_29052021093524.jpg?fit=1024%2C576&ssl=1&resize=525%2C300 1.5x, https:\/\/i0.wp.com\/ismaelcolosi.com.br\/wp-content\/uploads\/2024\/08\/falta_de_1024x576_29052021093524.jpg?fit=1024%2C576&ssl=1&resize=700%2C400 2x"},"classes":[]},{"id":63982,"url":"https:\/\/ismaelcolosi.com.br\/index.php\/2024\/09\/04\/aneel-reduz-patamar-de-bandeira-vermelha-e-reajuste-pode-ser-menor\/","url_meta":{"origin":63325,"position":1},"title":"Aneel reduz patamar de bandeira vermelha e reajuste pode ser menor","author":"ismaelcolosi.com.br","date":"4 de September de 2024","format":false,"excerpt":"A Ag\u00eancia Nacional de Energia El\u00e9trica (ANEEL) divulgou nota nesta quarta-feira (4) para informar o ajuste da bandeira vermelha para o patamar 1. Na semana passada a ag\u00eancia anunciou a\u00a0bandeira tarif\u00e1ria de energia el\u00e9trica vermelha patamar 2, contudo, os dados foram corrigidos ap\u00f3s ajustes do Programa Mensal de Opera\u00e7\u00e3o pelo\u2026","rel":"","context":"In &quot;Not\u00edcias de Ribeir\u00e3o Preto-SP e Regi\u00e3o&quot;","block_context":{"text":"Not\u00edcias de Ribeir\u00e3o Preto-SP e Regi\u00e3o","link":"https:\/\/ismaelcolosi.com.br\/index.php\/category\/noticias-de-ribeirao-preto-sp-e-regiao-ismael-colosi\/"},"img":{"alt_text":"","src":"https:\/\/i0.wp.com\/ismaelcolosi.com.br\/wp-content\/uploads\/2024\/09\/pexels-pok-rie-189524.jpg?fit=1200%2C900&ssl=1&resize=350%2C200","width":350,"height":200,"srcset":"https:\/\/i0.wp.com\/ismaelcolosi.com.br\/wp-content\/uploads\/2024\/09\/pexels-pok-rie-189524.jpg?fit=1200%2C900&ssl=1&resize=350%2C200 1x, https:\/\/i0.wp.com\/ismaelcolosi.com.br\/wp-content\/uploads\/2024\/09\/pexels-pok-rie-189524.jpg?fit=1200%2C900&ssl=1&resize=525%2C300 1.5x, https:\/\/i0.wp.com\/ismaelcolosi.com.br\/wp-content\/uploads\/2024\/09\/pexels-pok-rie-189524.jpg?fit=1200%2C900&ssl=1&resize=700%2C400 2x, https:\/\/i0.wp.com\/ismaelcolosi.com.br\/wp-content\/uploads\/2024\/09\/pexels-pok-rie-189524.jpg?fit=1200%2C900&ssl=1&resize=1050%2C600 3x"},"classes":[]},{"id":55090,"url":"https:\/\/ismaelcolosi.com.br\/index.php\/2024\/06\/30\/conta-de-luz-mais-cara-aneel-define-bandeira-amarela-em-julho-saiba-os-motivos\/","url_meta":{"origin":63325,"position":2},"title":"Conta de luz mais cara: Aneel define bandeira amarela em julho; Saiba os motivos","author":"ismaelcolosi.com.br","date":"30 de June de 2024","format":false,"excerpt":"A Ag\u00eancia Nacional de Energia El\u00e9trica (Aneel) informou que a conta de luz ter\u00e1 acr\u00e9scimo de R$ 1,88 a cada 100 kW\/h consumidos no m\u00eas de julho. A cobran\u00e7a adicional vai ocorrer por causa do acionamento da bandeira tarif\u00e1ria amarela. Segundo a ag\u00eancia, a previs\u00e3o de chuva abaixo de m\u00e9dia\u2026","rel":"","context":"In &quot;Not\u00edcias de Ribeir\u00e3o Preto-SP e Regi\u00e3o&quot;","block_context":{"text":"Not\u00edcias de Ribeir\u00e3o Preto-SP e Regi\u00e3o","link":"https:\/\/ismaelcolosi.com.br\/index.php\/category\/noticias-de-ribeirao-preto-sp-e-regiao-ismael-colosi\/"},"img":{"alt_text":"","src":"https:\/\/i0.wp.com\/ismaelcolosi.com.br\/wp-content\/uploads\/2024\/06\/pexels-pok-rie-189524.jpg?fit=1200%2C900&ssl=1&resize=350%2C200","width":350,"height":200,"srcset":"https:\/\/i0.wp.com\/ismaelcolosi.com.br\/wp-content\/uploads\/2024\/06\/pexels-pok-rie-189524.jpg?fit=1200%2C900&ssl=1&resize=350%2C200 1x, https:\/\/i0.wp.com\/ismaelcolosi.com.br\/wp-content\/uploads\/2024\/06\/pexels-pok-rie-189524.jpg?fit=1200%2C900&ssl=1&resize=525%2C300 1.5x, https:\/\/i0.wp.com\/ismaelcolosi.com.br\/wp-content\/uploads\/2024\/06\/pexels-pok-rie-189524.jpg?fit=1200%2C900&ssl=1&resize=700%2C400 2x, https:\/\/i0.wp.com\/ismaelcolosi.com.br\/wp-content\/uploads\/2024\/06\/pexels-pok-rie-189524.jpg?fit=1200%2C900&ssl=1&resize=1050%2C600 3x"},"classes":[]},{"id":6233,"url":"https:\/\/ismaelcolosi.com.br\/index.php\/2023\/11\/25\/energia-nao-tera-valor-adicional-4\/","url_meta":{"origin":63325,"position":3},"title":"Energia el\u00e9trica n\u00e3o ter\u00e1 valor adicional\u00a0","author":"ismaelcolosi.com.br","date":"25 de November de 2023","format":false,"excerpt":"25 de novembro de 2023 | 10:0024 de novembro de 2023 | 20:28 0A Ag\u00eancia Nacional de Energia El\u00e9trica (Aneel) anunciou que manter\u00e1 a bandeira verde acionada em dezembro para todos os brasileiros. Com a decis\u00e3o, a conta de luz continuar\u00e1 sem cobran\u00e7a adicional no pr\u00f3ximo m\u00eas. Est\u00e1 em vigor\u2026","rel":"","context":"In &quot;Not\u00edcias de Ribeir\u00e3o Preto-SP e Regi\u00e3o&quot;","block_context":{"text":"Not\u00edcias de Ribeir\u00e3o Preto-SP e Regi\u00e3o","link":"https:\/\/ismaelcolosi.com.br\/index.php\/category\/noticias-de-ribeirao-preto-sp-e-regiao-ismael-colosi\/"},"img":{"alt_text":"","src":"https:\/\/i0.wp.com\/ismaelcolosi.com.br\/wp-content\/uploads\/2023\/11\/conta-luz.jpg?fit=1140%2C760&ssl=1&resize=350%2C200","width":350,"height":200,"srcset":"https:\/\/i0.wp.com\/ismaelcolosi.com.br\/wp-content\/uploads\/2023\/11\/conta-luz.jpg?fit=1140%2C760&ssl=1&resize=350%2C200 1x, https:\/\/i0.wp.com\/ismaelcolosi.com.br\/wp-content\/uploads\/2023\/11\/conta-luz.jpg?fit=1140%2C760&ssl=1&resize=525%2C300 1.5x, https:\/\/i0.wp.com\/ismaelcolosi.com.br\/wp-content\/uploads\/2023\/11\/conta-luz.jpg?fit=1140%2C760&ssl=1&resize=700%2C400 2x, https:\/\/i0.wp.com\/ismaelcolosi.com.br\/wp-content\/uploads\/2023\/11\/conta-luz.jpg?fit=1140%2C760&ssl=1&resize=1050%2C600 3x"},"classes":[]},{"id":44776,"url":"https:\/\/ismaelcolosi.com.br\/index.php\/2024\/03\/30\/energia-nao-tera-valor-adicional-5\/","url_meta":{"origin":63325,"position":4},"title":"Energia n\u00e3o ter\u00e1 valor adicional\u00a0","author":"ismaelcolosi.com.br","date":"30 de March de 2024","format":false,"excerpt":"30 de mar\u00e7o de 2024 | 16:3030 de mar\u00e7o de 2024 | 13:34 0 A Ag\u00eancia Nacional de Energia El\u00e9trica (Aneel) anunciou que manter\u00e1 a bandeira verde acionada em abril para todos os brasileiros. Com a decis\u00e3o, a conta de luz continuar\u00e1 sem cobran\u00e7a adicional pelo 24\u00ba m\u00eas seguido, desde\u2026","rel":"","context":"In &quot;Not\u00edcias de Ribeir\u00e3o Preto-SP e Regi\u00e3o&quot;","block_context":{"text":"Not\u00edcias de Ribeir\u00e3o Preto-SP e Regi\u00e3o","link":"https:\/\/ismaelcolosi.com.br\/index.php\/category\/noticias-de-ribeirao-preto-sp-e-regiao-ismael-colosi\/"},"img":{"alt_text":"","src":"https:\/\/i0.wp.com\/ismaelcolosi.com.br\/wp-content\/uploads\/2024\/03\/0eaa1c68-c4bb-411f-b4d7-2e8b5987813f.jpg?fit=600%2C352&ssl=1&resize=350%2C200","width":350,"height":200,"srcset":"https:\/\/i0.wp.com\/ismaelcolosi.com.br\/wp-content\/uploads\/2024\/03\/0eaa1c68-c4bb-411f-b4d7-2e8b5987813f.jpg?fit=600%2C352&ssl=1&resize=350%2C200 1x, https:\/\/i0.wp.com\/ismaelcolosi.com.br\/wp-content\/uploads\/2024\/03\/0eaa1c68-c4bb-411f-b4d7-2e8b5987813f.jpg?fit=600%2C352&ssl=1&resize=525%2C300 1.5x"},"classes":[]},{"id":73408,"url":"https:\/\/ismaelcolosi.com.br\/index.php\/2024\/10\/26\/ribeirao-pretano-pagara-mais-barato-na-conta-de-luz-a-partir-de-novembro\/","url_meta":{"origin":63325,"position":5},"title":"Ribeir\u00e3o-pretano pagar\u00e1 mais barato na conta de luz a partir de novembro","author":"ismaelcolosi.com.br","date":"26 de October de 2024","format":false,"excerpt":"A Ag\u00eancia Nacional de Energia El\u00e9trica (Aneel) anunciou, nesta sexta-feira (25), que a bandeira tarif\u00e1ria da conta de luz mudar\u00e1 para amarela em novembro, ap\u00f3s dois meses no patamar vermelho. O valor extra cobrado para cada 100 kwh consumidos passa de R$ 7,877 para R$ 1,885. Uma mudan\u00e7a positiva para\u2026","rel":"","context":"In &quot;Not\u00edcias de Ribeir\u00e3o Preto-SP e Regi\u00e3o&quot;","block_context":{"text":"Not\u00edcias de Ribeir\u00e3o Preto-SP e Regi\u00e3o","link":"https:\/\/ismaelcolosi.com.br\/index.php\/category\/noticias-de-ribeirao-preto-sp-e-regiao-ismael-colosi\/"},"img":{"alt_text":"","src":"https:\/\/i0.wp.com\/ismaelcolosi.com.br\/wp-content\/uploads\/2024\/10\/Copia-de-Copia-de-Copia-de-TAMANHO-EXATO-PARA-FOTOS-NO-SISTEMA-NOVO-48_2024-10-26_13-01-22_png_2024-10-26_13-01-22.webp.webp?fit=1200%2C675&ssl=1&resize=350%2C200","width":350,"height":200,"srcset":"https:\/\/i0.wp.com\/ismaelcolosi.com.br\/wp-content\/uploads\/2024\/10\/Copia-de-Copia-de-Copia-de-TAMANHO-EXATO-PARA-FOTOS-NO-SISTEMA-NOVO-48_2024-10-26_13-01-22_png_2024-10-26_13-01-22.webp.webp?fit=1200%2C675&ssl=1&resize=350%2C200 1x, https:\/\/i0.wp.com\/ismaelcolosi.com.br\/wp-content\/uploads\/2024\/10\/Copia-de-Copia-de-Copia-de-TAMANHO-EXATO-PARA-FOTOS-NO-SISTEMA-NOVO-48_2024-10-26_13-01-22_png_2024-10-26_13-01-22.webp.webp?fit=1200%2C675&ssl=1&resize=525%2C300 1.5x, https:\/\/i0.wp.com\/ismaelcolosi.com.br\/wp-content\/uploads\/2024\/10\/Copia-de-Copia-de-Copia-de-TAMANHO-EXATO-PARA-FOTOS-NO-SISTEMA-NOVO-48_2024-10-26_13-01-22_png_2024-10-26_13-01-22.webp.webp?fit=1200%2C675&ssl=1&resize=700%2C400 2x, https:\/\/i0.wp.com\/ismaelcolosi.com.br\/wp-content\/uploads\/2024\/10\/Copia-de-Copia-de-Copia-de-TAMANHO-EXATO-PARA-FOTOS-NO-SISTEMA-NOVO-48_2024-10-26_13-01-22_png_2024-10-26_13-01-22.webp.webp?fit=1200%2C675&ssl=1&resize=1050%2C600 3x"},"classes":[]}],"jetpack_sharing_enabled":true,"jetpack_shortlink":"https:\/\/wp.me\/pfMlyK-gtn","_links":{"self":[{"href":"https:\/\/ismaelcolosi.com.br\/index.php\/wp-json\/wp\/v2\/posts\/63325","targetHints":{"allow":["GET"]}}],"collection":[{"href":"https:\/\/ismaelcolosi.com.br\/index.php\/wp-json\/wp\/v2\/posts"}],"about":[{"href":"https:\/\/ismaelcolosi.com.br\/index.php\/wp-json\/wp\/v2\/types\/post"}],"author":[{"embeddable":true,"href":"https:\/\/ismaelcolosi.com.br\/index.php\/wp-json\/wp\/v2\/users\/1"}],"replies":[{"embeddable":true,"href":"https:\/\/ismaelcolosi.com.br\/index.php\/wp-json\/wp\/v2\/comments?post=63325"}],"version-history":[{"count":0,"href":"https:\/\/ismaelcolosi.com.br\/index.php\/wp-json\/wp\/v2\/posts\/63325\/revisions"}],"wp:featuredmedia":[{"embeddable":true,"href":"https:\/\/ismaelcolosi.com.br\/index.php\/wp-json\/wp\/v2\/media\/63326"}],"wp:attachment":[{"href":"https:\/\/ismaelcolosi.com.br\/index.php\/wp-json\/wp\/v2\/media?parent=63325"}],"wp:term":[{"taxonomy":"category","embeddable":true,"href":"https:\/\/ismaelcolosi.com.br\/index.php\/wp-json\/wp\/v2\/categories?post=63325"},{"taxonomy":"post_tag","embeddable":true,"href":"https:\/\/ismaelcolosi.com.br\/index.php\/wp-json\/wp\/v2\/tags?post=63325"}],"curies":[{"name":"wp","href":"https:\/\/api.w.org\/{rel}","templated":true}]}}