{"id":63314,"date":"2024-09-01T12:07:04","date_gmt":"2024-09-01T15:07:04","guid":{"rendered":"https:\/\/ismaelcolosi.com.br\/index.php\/2024\/09\/01\/interior-de-sp-tem-alerta-vermelho-de-grande-perigo-veja-as-cidades-afetadas\/"},"modified":"2024-09-01T12:07:04","modified_gmt":"2024-09-01T15:07:04","slug":"interior-de-sp-tem-alerta-vermelho-de-grande-perigo-veja-as-cidades-afetadas","status":"publish","type":"post","link":"https:\/\/ismaelcolosi.com.br\/index.php\/2024\/09\/01\/interior-de-sp-tem-alerta-vermelho-de-grande-perigo-veja-as-cidades-afetadas\/","title":{"rendered":"Interior de SP tem alerta vermelho de &#8216;grande perigo&#8217;; Veja as cidades afetadas"},"content":{"rendered":"<p> <br \/>\n<\/p>\n<div>\n<p><strong>O <a href=\"https:\/\/portal.inmet.gov.br\/\" target=\"_blank\" rel=\"noreferrer noopener\">Inmet (Instituto Nacional de Meteorologia)<\/a> emitiu um alerta de \u201cgrande perigo\u201d para a baixa umidade do ar em parte do interior de S\u00e3o Paulo.<\/strong><\/p>\n<p><mark style=\"background-color:#fcb900\" class=\"has-inline-color has-black-color\">O aviso tem validade entre 13h e 19h deste domingo (1\u00ba), e inclui Ribeir\u00e3o Preto e cidades da regi\u00e3o.<\/mark><\/p>\n<p>O <strong>alerta <\/strong>\u00e9 na <strong>cor vermelha <\/strong>\u2013 a mais elevada na escala at\u00e9 tr\u00eas n\u00edveis \u2013 e indica <mark style=\"background-color:#fcb900\" class=\"has-inline-color has-black-color\">umidade relativa do ar abaixo de 12%.<\/mark> <strong><a href=\"https:\/\/alertas2.inmet.gov.br\/48313\" target=\"_blank\" rel=\"noreferrer noopener\">Clique aqui<\/a> e confira os munic\u00edpios atingidos.<\/strong><\/p>\n<p>Ainda conforme o <strong>Inmet<\/strong>, com o ar seco h\u00e1 <mark style=\"background-color:#fcb900\" class=\"has-inline-color has-black-color\">risco elevado de inc\u00eandios florestais e \u00e0 sa\u00fade, principalmente para as doen\u00e7as respirat\u00f3rias.<\/mark><\/p>\n<h4 class=\"wp-block-heading\"><strong>Veja dicas para minimizar os efeitos da baixa umidade:<\/strong><\/h4>\n<p>\u2022 Beba bastante l\u00edquido<\/p>\n<p>\u2022 Evite atividades f\u00edsicas durante o tempo seco<\/p>\n<p>\u2022 Evite exposi\u00e7\u00e3o ao sol nas horas mais quentes do dia<\/p>\n<p>\u2022 Use hidratante para pele e umidifique o ambiente<\/p>\n<p>\u2022 Evite bebidas diur\u00e9ticas, como caf\u00e9 e \u00e1lcool<\/p>\n<h4 class=\"wp-block-heading\"><strong>Onda de calor<\/strong><\/h4>\n<p><strong>O m\u00eas de setembro tem previs\u00e3o de tempo seco, praticamente sem chuvas, e com temperaturas acima da m\u00e9dia no interior de S\u00e3o Paulo.<\/strong><\/p>\n<p>Segundo a <a href=\"https:\/\/www.climatempo.com.br\/\" target=\"_blank\" rel=\"noreferrer noopener\">Climatempo<\/a>, <mark style=\"background-color:#fcb900\" class=\"has-inline-color has-black-color\">uma nova onda de calor est\u00e1 prevista para ter in\u00edcio a partir desta segunda-feira (2) em grande parte do pa\u00eds, inclusive no estado de S\u00e3o Paulo.<\/mark><\/p>\n<p>Esta condi\u00e7\u00e3o pode durar ao menos at\u00e9 o dia <strong>12 de setembro<\/strong>, mas os <strong>modelos meteorol\u00f3gicos <\/strong>indicam que o <strong>per\u00edodo <\/strong>pode ser <strong>maior <\/strong>e se estender at\u00e9 meados da <strong>segunda quinzena do m\u00eas<\/strong>.<\/p>\n<p><strong>Ribeir\u00e3o Preto<\/strong> tem previs\u00e3o de <strong>sol <\/strong>sem probabilidade de <strong>chuva <\/strong>neste <strong>domingo<\/strong>. <mark style=\"background-color:#fcb900\" class=\"has-inline-color has-black-color\">A m\u00e1xima pode atingir 34\u00b0C no per\u00edodo da tarde, de acordo com a Climatempo.<\/mark><\/p>\n<p>SAIBA MAIS<\/p>\n<p>Fuma\u00e7a de queimadas volta a encobrir Ribeir\u00e3o Preto; Veja v\u00eddeo<\/p>\n<h4 class=\"wp-block-heading\"><strong>FIQUE ON<\/strong><\/h4>\n<p>Fique ligado em tudo que acontece em Ribeir\u00e3o Preto e regi\u00e3o. Siga os perfis do<strong>\u00a0acidade on<\/strong>\u00a0no\u00a0<a href=\"https:\/\/www.instagram.com\/acidadeonribeirao\" target=\"_blank\" rel=\"noreferrer noopener\">Instagram<\/a>\u00a0e no\u00a0<a href=\"https:\/\/www.facebook.com\/acidadeonribeirao\/\" target=\"_blank\" rel=\"noreferrer noopener\">Facebook<\/a>.<\/p>\n<p>Receba not\u00edcias do\u00a0<strong>acidade on\u00a0<\/strong>no WhatsApp.\u00a0<a href=\"https:\/\/chat.whatsapp.com\/Dtv9mxhy6V5BJBotM2OQ5k\" target=\"_blank\" rel=\"noreferrer noopener\">Para entrar no grupo, basta clicar aqui.<\/a><\/p>\n<p>Fa\u00e7a uma den\u00fancia ou sugira uma reportagem sobre Ribeir\u00e3o Preto e regi\u00e3o pelo WhatsApp: 16 99117 7802.<\/p>\n<p>VEJA TAMB\u00c9M<\/p>\n<p>O que significa bandeira tarif\u00e1ria vermelha patamar 2?<\/p>\n<p><!-- CONTENT END 1 -->\n<\/div>\n<p><script async src=\"\/\/www.instagram.com\/embed.js\"><\/script><br \/>\n<br \/><br \/>\n<br \/><a href=\"https:\/\/www.acidadeon.com\/ribeiraopreto\/cotidiano\/interior-de-sp-tem-alerta-vermelho-de-grande-perigo-veja-as-cidades-afetadas\/\">Source link <\/a><\/p>\n","protected":false},"excerpt":{"rendered":"<p>O Inmet (Instituto Nacional de Meteorologia) emitiu um alerta de \u201cgrande perigo\u201d para a baixa umidade do ar em parte do interior de S\u00e3o Paulo&#8230;.<\/p>\n","protected":false},"author":1,"featured_media":63315,"comment_status":"open","ping_status":"open","sticky":false,"template":"","format":"standard","meta":{"_uag_custom_page_level_css":"","advanced_seo_description":"","jetpack_seo_html_title":"","jetpack_seo_noindex":false,"jetpack_post_was_ever_published":false,"_jetpack_newsletter_access":"","_jetpack_dont_email_post_to_subs":false,"_jetpack_newsletter_tier_id":0,"_jetpack_memberships_contains_paywalled_content":false,"_jetpack_memberships_contains_paid_content":false,"footnotes":"","jetpack_publicize_message":"","jetpack_publicize_feature_enabled":true,"jetpack_social_post_already_shared":true,"jetpack_social_options":{"image_generator_settings":{"template":"highway","default_image_id":0,"font":"","enabled":false},"version":2}},"categories":[11],"tags":[],"class_list":["post-63314","post","type-post","status-publish","format-standard","has-post-thumbnail","hentry","category-noticias-de-ribeirao-preto-sp-e-regiao-ismael-colosi"],"jetpack_publicize_connections":[],"jetpack_featured_media_url":"https:\/\/i0.wp.com\/ismaelcolosi.com.br\/wp-content\/uploads\/2024\/09\/ALERTA-VERMELHO-2_2024-09-01_14-41-24_jpg_2024-09-01_14-41-25.webp.webp?fit=2000%2C1227&ssl=1","uagb_featured_image_src":{"full":["https:\/\/i0.wp.com\/ismaelcolosi.com.br\/wp-content\/uploads\/2024\/09\/ALERTA-VERMELHO-2_2024-09-01_14-41-24_jpg_2024-09-01_14-41-25.webp.webp?fit=2000%2C1227&ssl=1",2000,1227,false],"thumbnail":["https:\/\/i0.wp.com\/ismaelcolosi.com.br\/wp-content\/uploads\/2024\/09\/ALERTA-VERMELHO-2_2024-09-01_14-41-24_jpg_2024-09-01_14-41-25.webp.webp?resize=150%2C150&ssl=1",150,150,true],"medium":["https:\/\/i0.wp.com\/ismaelcolosi.com.br\/wp-content\/uploads\/2024\/09\/ALERTA-VERMELHO-2_2024-09-01_14-41-24_jpg_2024-09-01_14-41-25.webp.webp?fit=300%2C184&ssl=1",300,184,true],"medium_large":["https:\/\/i0.wp.com\/ismaelcolosi.com.br\/wp-content\/uploads\/2024\/09\/ALERTA-VERMELHO-2_2024-09-01_14-41-24_jpg_2024-09-01_14-41-25.webp.webp?fit=768%2C471&ssl=1",768,471,true],"large":["https:\/\/i0.wp.com\/ismaelcolosi.com.br\/wp-content\/uploads\/2024\/09\/ALERTA-VERMELHO-2_2024-09-01_14-41-24_jpg_2024-09-01_14-41-25.webp.webp?fit=1024%2C628&ssl=1",1024,628,true],"1536x1536":["https:\/\/i0.wp.com\/ismaelcolosi.com.br\/wp-content\/uploads\/2024\/09\/ALERTA-VERMELHO-2_2024-09-01_14-41-24_jpg_2024-09-01_14-41-25.webp.webp?fit=1536%2C942&ssl=1",1536,942,true],"2048x2048":["https:\/\/i0.wp.com\/ismaelcolosi.com.br\/wp-content\/uploads\/2024\/09\/ALERTA-VERMELHO-2_2024-09-01_14-41-24_jpg_2024-09-01_14-41-25.webp.webp?fit=2000%2C1227&ssl=1",2000,1227,true],"really-simple-thumb":["https:\/\/i0.wp.com\/ismaelcolosi.com.br\/wp-content\/uploads\/2024\/09\/ALERTA-VERMELHO-2_2024-09-01_14-41-24_jpg_2024-09-01_14-41-25.webp.webp?resize=370%2C247&ssl=1",370,247,true]},"uagb_author_info":{"display_name":"ismaelcolosi.com.br","author_link":"https:\/\/ismaelcolosi.com.br\/index.php\/author\/vidareal-online\/"},"uagb_comment_info":0,"uagb_excerpt":"O Inmet (Instituto Nacional de Meteorologia) emitiu um alerta de \u201cgrande perigo\u201d para a baixa umidade do ar em parte do interior de S\u00e3o Paulo....","jetpack-related-posts":[{"id":57477,"url":"https:\/\/ismaelcolosi.com.br\/index.php\/2024\/07\/22\/inmet-emite-alerta-laranja-de-perigo-para-o-interior-de-sp-veja-cidades-afetadas\/","url_meta":{"origin":63314,"position":0},"title":"Inmet emite alerta laranja de perigo para o interior de SP; Veja cidades afetadas","author":"ismaelcolosi.com.br","date":"22 de July de 2024","format":false,"excerpt":"O Inmet (Instituto Nacional de Meteorologia) emitiu dois alertas para baixa umidade do ar em parte do interior de S\u00e3o Paulo. Todos os avisos incluem Ribeir\u00e3o Preto e cidades da regi\u00e3o. O primeiro, das 11h \u00e0s 19h, \u00e9 na cor amarela \u2013 a primeira em uma escala at\u00e9 tr\u00eas n\u00edveis\u2026","rel":"","context":"In &quot;Not\u00edcias de Ribeir\u00e3o Preto-SP e Regi\u00e3o&quot;","block_context":{"text":"Not\u00edcias de Ribeir\u00e3o Preto-SP e Regi\u00e3o","link":"https:\/\/ismaelcolosi.com.br\/index.php\/category\/noticias-de-ribeirao-preto-sp-e-regiao-ismael-colosi\/"},"img":{"alt_text":"","src":"https:\/\/i0.wp.com\/ismaelcolosi.com.br\/wp-content\/uploads\/2024\/07\/por_do_1024x576_21042020072407.jpg?fit=1024%2C576&ssl=1&resize=350%2C200","width":350,"height":200,"srcset":"https:\/\/i0.wp.com\/ismaelcolosi.com.br\/wp-content\/uploads\/2024\/07\/por_do_1024x576_21042020072407.jpg?fit=1024%2C576&ssl=1&resize=350%2C200 1x, https:\/\/i0.wp.com\/ismaelcolosi.com.br\/wp-content\/uploads\/2024\/07\/por_do_1024x576_21042020072407.jpg?fit=1024%2C576&ssl=1&resize=525%2C300 1.5x, https:\/\/i0.wp.com\/ismaelcolosi.com.br\/wp-content\/uploads\/2024\/07\/por_do_1024x576_21042020072407.jpg?fit=1024%2C576&ssl=1&resize=700%2C400 2x"},"classes":[]},{"id":53346,"url":"https:\/\/ismaelcolosi.com.br\/index.php\/2024\/06\/16\/novo-alerta-do-inmet-coloca-interior-de-sp-em-estado-de-perigo-devido-a-baixa-umidade-do-ar\/","url_meta":{"origin":63314,"position":1},"title":"Novo alerta do Inmet coloca interior de SP em estado de perigo devido a baixa umidade do ar","author":"ismaelcolosi.com.br","date":"16 de June de 2024","format":false,"excerpt":"Um novo alerta do Inmet (Instituto Nacional de Meteorologia) emitido neste domingo (16) coloca cidades do interior de S\u00e3o Paulo, entre elas, Ribeir\u00e3o Preto (veja abaixo) em aten\u00e7\u00e3o devido ao perigo potencial causado pela baixa umidade do ar. O alerta \u00e9 v\u00e1lido a partir do meio-dia at\u00e9 \u00e0s 19h deste\u2026","rel":"","context":"In &quot;Not\u00edcias de Ribeir\u00e3o Preto-SP e Regi\u00e3o&quot;","block_context":{"text":"Not\u00edcias de Ribeir\u00e3o Preto-SP e Regi\u00e3o","link":"https:\/\/ismaelcolosi.com.br\/index.php\/category\/noticias-de-ribeirao-preto-sp-e-regiao-ismael-colosi\/"},"img":{"alt_text":"","src":"https:\/\/i0.wp.com\/ismaelcolosi.com.br\/wp-content\/uploads\/2024\/06\/Copia-de-Copia-de-TAMANHO-EXATO-PARA-FOTOS-NO-SISTEMA-NOVO_2024-06-16_13-49-57_png_2024-06-16_13-49-57.webp.webp?fit=1200%2C675&ssl=1&resize=350%2C200","width":350,"height":200,"srcset":"https:\/\/i0.wp.com\/ismaelcolosi.com.br\/wp-content\/uploads\/2024\/06\/Copia-de-Copia-de-TAMANHO-EXATO-PARA-FOTOS-NO-SISTEMA-NOVO_2024-06-16_13-49-57_png_2024-06-16_13-49-57.webp.webp?fit=1200%2C675&ssl=1&resize=350%2C200 1x, https:\/\/i0.wp.com\/ismaelcolosi.com.br\/wp-content\/uploads\/2024\/06\/Copia-de-Copia-de-TAMANHO-EXATO-PARA-FOTOS-NO-SISTEMA-NOVO_2024-06-16_13-49-57_png_2024-06-16_13-49-57.webp.webp?fit=1200%2C675&ssl=1&resize=525%2C300 1.5x, https:\/\/i0.wp.com\/ismaelcolosi.com.br\/wp-content\/uploads\/2024\/06\/Copia-de-Copia-de-TAMANHO-EXATO-PARA-FOTOS-NO-SISTEMA-NOVO_2024-06-16_13-49-57_png_2024-06-16_13-49-57.webp.webp?fit=1200%2C675&ssl=1&resize=700%2C400 2x, https:\/\/i0.wp.com\/ismaelcolosi.com.br\/wp-content\/uploads\/2024\/06\/Copia-de-Copia-de-TAMANHO-EXATO-PARA-FOTOS-NO-SISTEMA-NOVO_2024-06-16_13-49-57_png_2024-06-16_13-49-57.webp.webp?fit=1200%2C675&ssl=1&resize=1050%2C600 3x"},"classes":[]},{"id":57415,"url":"https:\/\/ismaelcolosi.com.br\/index.php\/2024\/07\/21\/inmet-aumenta-grau-de-perigo-no-interior-de-sp-veja-cidades-afetadas\/","url_meta":{"origin":63314,"position":2},"title":"Inmet aumenta grau de perigo no interior de SP; Veja cidades afetadas","author":"ismaelcolosi.com.br","date":"21 de July de 2024","format":false,"excerpt":"O Inmet (Instituto Nacional de Meteorologia) elevou o alerta para a baixa umidade do ar em parte do interior de S\u00e3o Paulo neste domingo (21). O aviso, que passa a ser de perigo e n\u00e3o perigo potencial, tem validade entre 12h e 17h e inclui parte da regi\u00e3o de Ribeir\u00e3o\u2026","rel":"","context":"In &quot;Not\u00edcias de Ribeir\u00e3o Preto-SP e Regi\u00e3o&quot;","block_context":{"text":"Not\u00edcias de Ribeir\u00e3o Preto-SP e Regi\u00e3o","link":"https:\/\/ismaelcolosi.com.br\/index.php\/category\/noticias-de-ribeirao-preto-sp-e-regiao-ismael-colosi\/"},"img":{"alt_text":"","src":"https:\/\/i0.wp.com\/ismaelcolosi.com.br\/wp-content\/uploads\/2024\/07\/ribeirao_preto_1024x576_16102020221204.jpg?fit=1024%2C576&ssl=1&resize=350%2C200","width":350,"height":200,"srcset":"https:\/\/i0.wp.com\/ismaelcolosi.com.br\/wp-content\/uploads\/2024\/07\/ribeirao_preto_1024x576_16102020221204.jpg?fit=1024%2C576&ssl=1&resize=350%2C200 1x, https:\/\/i0.wp.com\/ismaelcolosi.com.br\/wp-content\/uploads\/2024\/07\/ribeirao_preto_1024x576_16102020221204.jpg?fit=1024%2C576&ssl=1&resize=525%2C300 1.5x, https:\/\/i0.wp.com\/ismaelcolosi.com.br\/wp-content\/uploads\/2024\/07\/ribeirao_preto_1024x576_16102020221204.jpg?fit=1024%2C576&ssl=1&resize=700%2C400 2x"},"classes":[]},{"id":58569,"url":"https:\/\/ismaelcolosi.com.br\/index.php\/2024\/07\/31\/interior-de-sp-tem-alerta-do-inmet-de-perigo-potencial-veja-as-cidades\/","url_meta":{"origin":63314,"position":3},"title":"Interior de SP tem alerta do Inmet de perigo potencial; Veja as cidades","author":"ismaelcolosi.com.br","date":"31 de July de 2024","format":false,"excerpt":"O Inmet (Instituto Nacional de Meteorologia) emitiu um novo alerta que coloca Ribeir\u00e3o Preto e outras cidades do interior de S\u00e3o Paulo em estado de alerta de perigo potencial, por conta da baixa umidade do ar. O aviso \u00e9 v\u00e1lido das 11h \u00e0s 19h desta quinta-feira (1) e os \u00edndices\u2026","rel":"","context":"In &quot;Not\u00edcias de Ribeir\u00e3o Preto-SP e Regi\u00e3o&quot;","block_context":{"text":"Not\u00edcias de Ribeir\u00e3o Preto-SP e Regi\u00e3o","link":"https:\/\/ismaelcolosi.com.br\/index.php\/category\/noticias-de-ribeirao-preto-sp-e-regiao-ismael-colosi\/"},"img":{"alt_text":"","src":"https:\/\/i0.wp.com\/ismaelcolosi.com.br\/wp-content\/uploads\/2024\/07\/Copia-de-Copia-de-TAMANHO-EXATO-PARA-FOTOS-NO-SISTEMA-NOVO-1_2024-08-01_00-38-03_png_2024-08-01_00-38-03.webp.webp?fit=1200%2C675&ssl=1&resize=350%2C200","width":350,"height":200,"srcset":"https:\/\/i0.wp.com\/ismaelcolosi.com.br\/wp-content\/uploads\/2024\/07\/Copia-de-Copia-de-TAMANHO-EXATO-PARA-FOTOS-NO-SISTEMA-NOVO-1_2024-08-01_00-38-03_png_2024-08-01_00-38-03.webp.webp?fit=1200%2C675&ssl=1&resize=350%2C200 1x, https:\/\/i0.wp.com\/ismaelcolosi.com.br\/wp-content\/uploads\/2024\/07\/Copia-de-Copia-de-TAMANHO-EXATO-PARA-FOTOS-NO-SISTEMA-NOVO-1_2024-08-01_00-38-03_png_2024-08-01_00-38-03.webp.webp?fit=1200%2C675&ssl=1&resize=525%2C300 1.5x, https:\/\/i0.wp.com\/ismaelcolosi.com.br\/wp-content\/uploads\/2024\/07\/Copia-de-Copia-de-TAMANHO-EXATO-PARA-FOTOS-NO-SISTEMA-NOVO-1_2024-08-01_00-38-03_png_2024-08-01_00-38-03.webp.webp?fit=1200%2C675&ssl=1&resize=700%2C400 2x, https:\/\/i0.wp.com\/ismaelcolosi.com.br\/wp-content\/uploads\/2024\/07\/Copia-de-Copia-de-TAMANHO-EXATO-PARA-FOTOS-NO-SISTEMA-NOVO-1_2024-08-01_00-38-03_png_2024-08-01_00-38-03.webp.webp?fit=1200%2C675&ssl=1&resize=1050%2C600 3x"},"classes":[]},{"id":58719,"url":"https:\/\/ismaelcolosi.com.br\/index.php\/2024\/08\/02\/inmet-faz-novo-alerta-de-perigo-potencial-ao-interior-de-sp-veja-cidades-afetadas\/","url_meta":{"origin":63314,"position":4},"title":"Inmet faz novo alerta de perigo potencial ao interior de SP; Veja cidades afetadas","author":"ismaelcolosi.com.br","date":"2 de August de 2024","format":false,"excerpt":"O Inmet (Instituto Nacional de Meteorologia) emitiu um novo alerta de perigo potencial para a baixa umidade do ar em parte do interior de S\u00e3o Paulo. O aviso tem validade entre 11h e 19h desta sexta-feira (2), e inclui Ribeir\u00e3o Preto e cidades da regi\u00e3o. O alerta \u00e9 na cor\u2026","rel":"","context":"In &quot;Not\u00edcias de Ribeir\u00e3o Preto-SP e Regi\u00e3o&quot;","block_context":{"text":"Not\u00edcias de Ribeir\u00e3o Preto-SP e Regi\u00e3o","link":"https:\/\/ismaelcolosi.com.br\/index.php\/category\/noticias-de-ribeirao-preto-sp-e-regiao-ismael-colosi\/"},"img":{"alt_text":"","src":"https:\/\/i0.wp.com\/ismaelcolosi.com.br\/wp-content\/uploads\/2024\/08\/ceu_ceu_1024x576_30072021170614.jpg?fit=1024%2C576&ssl=1&resize=350%2C200","width":350,"height":200,"srcset":"https:\/\/i0.wp.com\/ismaelcolosi.com.br\/wp-content\/uploads\/2024\/08\/ceu_ceu_1024x576_30072021170614.jpg?fit=1024%2C576&ssl=1&resize=350%2C200 1x, https:\/\/i0.wp.com\/ismaelcolosi.com.br\/wp-content\/uploads\/2024\/08\/ceu_ceu_1024x576_30072021170614.jpg?fit=1024%2C576&ssl=1&resize=525%2C300 1.5x, https:\/\/i0.wp.com\/ismaelcolosi.com.br\/wp-content\/uploads\/2024\/08\/ceu_ceu_1024x576_30072021170614.jpg?fit=1024%2C576&ssl=1&resize=700%2C400 2x"},"classes":[]},{"id":58084,"url":"https:\/\/ismaelcolosi.com.br\/index.php\/2024\/07\/26\/prorrogado-alerta-laranja-de-perigo-do-inmet-para-cidades-do-interior-de-sp-veja-quais\/","url_meta":{"origin":63314,"position":5},"title":"Prorrogado alerta laranja de perigo do Inmet para cidades do interior de SP; Veja quais","author":"ismaelcolosi.com.br","date":"26 de July de 2024","format":false,"excerpt":"Foi prorrogado, por mais uma vez, o alerta de perigo do Inmet (Instituto Nacional de Meteorologia) por conta da baixa umidade do ar para cidades do interior de S\u00e3o Paulo, entre elas, Ribeir\u00e3o Preto. O aviso \u00e9 v\u00e1lido das 12h \u00e0s 17h deste s\u00e1bado (27). Desta vez, a prorroga\u00e7\u00e3o \u00e9\u2026","rel":"","context":"In &quot;Not\u00edcias de Ribeir\u00e3o Preto-SP e Regi\u00e3o&quot;","block_context":{"text":"Not\u00edcias de Ribeir\u00e3o Preto-SP e Regi\u00e3o","link":"https:\/\/ismaelcolosi.com.br\/index.php\/category\/noticias-de-ribeirao-preto-sp-e-regiao-ismael-colosi\/"},"img":{"alt_text":"","src":"https:\/\/i0.wp.com\/ismaelcolosi.com.br\/wp-content\/uploads\/2024\/07\/Copia-de-Copia-de-TAMANHO-EXATO-PARA-FOTOS-NO-SISTEMA-NOVO-42_2024-07-26_23-44-19_jpg_2024-07-26_23-44-20.webp.webp?fit=1200%2C675&ssl=1&resize=350%2C200","width":350,"height":200,"srcset":"https:\/\/i0.wp.com\/ismaelcolosi.com.br\/wp-content\/uploads\/2024\/07\/Copia-de-Copia-de-TAMANHO-EXATO-PARA-FOTOS-NO-SISTEMA-NOVO-42_2024-07-26_23-44-19_jpg_2024-07-26_23-44-20.webp.webp?fit=1200%2C675&ssl=1&resize=350%2C200 1x, https:\/\/i0.wp.com\/ismaelcolosi.com.br\/wp-content\/uploads\/2024\/07\/Copia-de-Copia-de-TAMANHO-EXATO-PARA-FOTOS-NO-SISTEMA-NOVO-42_2024-07-26_23-44-19_jpg_2024-07-26_23-44-20.webp.webp?fit=1200%2C675&ssl=1&resize=525%2C300 1.5x, https:\/\/i0.wp.com\/ismaelcolosi.com.br\/wp-content\/uploads\/2024\/07\/Copia-de-Copia-de-TAMANHO-EXATO-PARA-FOTOS-NO-SISTEMA-NOVO-42_2024-07-26_23-44-19_jpg_2024-07-26_23-44-20.webp.webp?fit=1200%2C675&ssl=1&resize=700%2C400 2x, https:\/\/i0.wp.com\/ismaelcolosi.com.br\/wp-content\/uploads\/2024\/07\/Copia-de-Copia-de-TAMANHO-EXATO-PARA-FOTOS-NO-SISTEMA-NOVO-42_2024-07-26_23-44-19_jpg_2024-07-26_23-44-20.webp.webp?fit=1200%2C675&ssl=1&resize=1050%2C600 3x"},"classes":[]}],"jetpack_sharing_enabled":true,"jetpack_shortlink":"https:\/\/wp.me\/pfMlyK-gtc","_links":{"self":[{"href":"https:\/\/ismaelcolosi.com.br\/index.php\/wp-json\/wp\/v2\/posts\/63314","targetHints":{"allow":["GET"]}}],"collection":[{"href":"https:\/\/ismaelcolosi.com.br\/index.php\/wp-json\/wp\/v2\/posts"}],"about":[{"href":"https:\/\/ismaelcolosi.com.br\/index.php\/wp-json\/wp\/v2\/types\/post"}],"author":[{"embeddable":true,"href":"https:\/\/ismaelcolosi.com.br\/index.php\/wp-json\/wp\/v2\/users\/1"}],"replies":[{"embeddable":true,"href":"https:\/\/ismaelcolosi.com.br\/index.php\/wp-json\/wp\/v2\/comments?post=63314"}],"version-history":[{"count":0,"href":"https:\/\/ismaelcolosi.com.br\/index.php\/wp-json\/wp\/v2\/posts\/63314\/revisions"}],"wp:featuredmedia":[{"embeddable":true,"href":"https:\/\/ismaelcolosi.com.br\/index.php\/wp-json\/wp\/v2\/media\/63315"}],"wp:attachment":[{"href":"https:\/\/ismaelcolosi.com.br\/index.php\/wp-json\/wp\/v2\/media?parent=63314"}],"wp:term":[{"taxonomy":"category","embeddable":true,"href":"https:\/\/ismaelcolosi.com.br\/index.php\/wp-json\/wp\/v2\/categories?post=63314"},{"taxonomy":"post_tag","embeddable":true,"href":"https:\/\/ismaelcolosi.com.br\/index.php\/wp-json\/wp\/v2\/tags?post=63314"}],"curies":[{"name":"wp","href":"https:\/\/api.w.org\/{rel}","templated":true}]}}