{"id":63102,"date":"2024-08-30T20:19:53","date_gmt":"2024-08-30T23:19:53","guid":{"rendered":"https:\/\/ismaelcolosi.com.br\/index.php\/2024\/08\/30\/forte-frente-fria-tem-data-para-chegar-ao-pais-veja-previsao-para-setembro\/"},"modified":"2024-08-30T20:19:53","modified_gmt":"2024-08-30T23:19:53","slug":"forte-frente-fria-tem-data-para-chegar-ao-pais-veja-previsao-para-setembro","status":"publish","type":"post","link":"https:\/\/ismaelcolosi.com.br\/index.php\/2024\/08\/30\/forte-frente-fria-tem-data-para-chegar-ao-pais-veja-previsao-para-setembro\/","title":{"rendered":"Forte frente fria tem data para chegar ao pa\u00eds; Veja previs\u00e3o para setembro"},"content":{"rendered":"<p> <br \/>\n<\/p>\n<div>\n<p>Apesar de uma nova <strong>massa de ar quente e seco<\/strong> se estabelecer sobre o Brasil no decorrer da pr\u00f3xima semana, a primeira <strong>forte frente fria de setembro<\/strong> j\u00e1 tem data para chegar ao pa\u00eds, de acordo com os meteorologistas.<\/p>\n<p>De acordo com a <strong><a href=\"https:\/\/www.climatempo.com.br\/\" target=\"_blank\" rel=\"noreferrer noopener\">Climatempo<\/a><\/strong>, a expectativa \u00e9 de que um novo padr\u00e3o de <strong>onda de calor <\/strong>se forme a partir da segunda-feira (02), entretanto, a <strong>passagem desse sistema mais frio<\/strong> deve aliviar as <strong>altas temperaturas<\/strong>.<\/p>\n<h2 class=\"wp-block-heading\"><strong>Quando ser\u00e1 a primeira frente fria de setembro?<\/strong><\/h2>\n<p>Apesar de a not\u00edcia alegrar muitas pessoas, a previs\u00e3o do servi\u00e7o de meteorologia diz que essa <strong>frente fria<\/strong> <mark style=\"background-color:#fcb900\" class=\"has-inline-color\">deve avan\u00e7ar apenas <strong>a partir do dia 19 de setembro<\/strong>, come\u00e7ando a movimentar um pouco a atmosfera e trazendo um<strong> ar mais frio<\/strong><\/mark>, reduzindo o calor em alguns estados.<\/p>\n<p>Contudo, at\u00e9 l\u00e1, <strong>a maior parte do Brasil deve enfrentar dias de calor extremo<\/strong> com \u00edndices muito baixos de umidade do ar, similares aos de <strong>regi\u00f5es des\u00e9rticas<\/strong>.<\/p>\n<figure class=\"wp-block-pullquote\">\n<blockquote>\n<p>A umidade do ar ainda pode atingir valores em emerg\u00eancia \u2013 abaixo dos 12% em muitas cidades do sul de Mato Grosso, interior de S\u00e3o Paulo, Tri\u00e2ngulo de Minas, centro-norte, nordeste de Mato Grosso do Sul e sul de Goi\u00e1s<\/p>\n<p><cite>Climatempo<\/cite><\/p><\/blockquote>\n<\/figure>\n<p>Vale ressaltar que, esse novo cen\u00e1rio de <strong>onda de calor<\/strong> agrava ainda mais a situa\u00e7\u00e3o de <strong>queimadas <\/strong>sobre o Brasil Central. Nesta semana, a <strong>Defesa Civil<\/strong> publicou um alerta para o <strong>risco elevado de inc\u00eandios <\/strong>em quase todo o <strong>estado de S\u00e3o Paulo <\/strong>nos pr\u00f3ximos dias.<\/p>\n<h3 class=\"wp-block-heading\"><strong>Nova onda de calor no interior de SP<\/strong><\/h3>\n<p>Nesta sexta-feira (30), o <strong>Instituto Nacional de Meteorologia (<a href=\"https:\/\/portal.inmet.gov.br\/\" target=\"_blank\" rel=\"noreferrer noopener\">Inmet<\/a>)<\/strong> emitiu um alerta de <strong>perigo potencial<\/strong> para <strong>onda de calor<\/strong> em todo o <strong>interior de S\u00e3o Paulo<\/strong>. Segundo o \u00f3rg\u00e3o, esse cen\u00e1rio oferece leve risco \u00e0 sa\u00fade, j\u00e1 que a <strong>temperatura <\/strong>deve ficar <strong>5\u00baC acima da m\u00e9dia<\/strong> por um per\u00edodo de 02 a 03 dias.<\/p>\n<p>Apesar de todo o <strong>interior de S\u00e3o Paulo<\/strong> aparecer no alerta classificado com a <strong>cor amarela<\/strong>, o <strong>Inmet <\/strong><mark style=\"background-color:#fcb900\" class=\"has-inline-color\">destacou <strong>algumas regi\u00f5es que ser\u00e3o afetadas<\/strong> pelas altas temperaturas nessa primeira quinzena de setembro<\/mark>. Confira:<\/p>\n<p>O alerta de <strong>perigo potencial<\/strong> para <strong>onda de calor<\/strong> do <strong>Inmet <\/strong>come\u00e7a na ter\u00e7a-feira (3) e \u00e9 v\u00e1lido at\u00e9 a quinta-feira (5), por\u00e9m, devido \u00e0s <strong>condi\u00e7\u00f5es meteorol\u00f3gicas<\/strong>, o comunicado poder\u00e1 ser prorrogado.<\/p>\n<p>\u201cEsta pode ser a <strong>onda de calor<\/strong> mais forte que as duas primeiras que tivemos no come\u00e7o do ano de 2024 (em mar\u00e7o\/abril e maio), em termo de dura\u00e7\u00e3o e de temperaturas\u201d, disse a <strong>Climatempo<\/strong>.<\/p>\n<h4 class=\"wp-block-heading\"><strong>Previs\u00e3o do tempo para o final de semana em Ribeir\u00e3o Preto<\/strong><\/h4>\n<p><mark style=\"background-color:#fcb900\" class=\"has-inline-color\">As <strong>temperaturas<\/strong> no munic\u00edpio de <strong>Ribeir\u00e3o Preto<\/strong> come\u00e7am a subir neste final de semana<\/mark>. No s\u00e1bado (31), a previs\u00e3o indica que o munic\u00edpio deve registrar <strong>temperatura m\u00e1xima de 34\u00baC<\/strong>. A m\u00ednima, no entanto, deve ser de 16\u00baC.<\/p>\n<p>Por\u00e9m, no domingo (1\u00ba), os<strong> term\u00f4metros devem atingir os 35\u00baC<\/strong>. As temperaturas m\u00e1ximas devem continuar subindo durante a semana e podem chegar aos <strong>38\u00baC<\/strong>.<\/p>\n<hr class=\"wp-block-separator has-alpha-channel-opacity\"\/>\n<p>SAIBA MAIS<\/p>\n<p>Inc\u00eandio destr\u00f3i parte de mata na zona Leste de Ribeir\u00e3o; Veja imagens a\u00e9reas <mark style=\"background-color:#ffffff\" class=\"has-inline-color has-white-color\">entretanto,<\/mark><\/p>\n<h4 class=\"wp-block-heading\"><strong>FIQUE ON<\/strong><\/h4>\n<p>Fique ligado em tudo que acontece em Ribeir\u00e3o Preto e regi\u00e3o. Siga os perfis do<strong>\u00a0acidade on<\/strong>\u00a0no\u00a0<a href=\"https:\/\/www.instagram.com\/acidadeonribeirao\" target=\"_blank\" rel=\"noreferrer noopener\">Instagram<\/a>\u00a0e no\u00a0<a href=\"https:\/\/www.facebook.com\/acidadeonribeirao\/\" target=\"_blank\" rel=\"noreferrer noopener\">Facebook<\/a>. <mark style=\"background-color:#ffffff\" class=\"has-inline-color has-white-color\">entretanto,<\/mark><\/p>\n<p>Receba not\u00edcias do\u00a0<strong>acidade on\u00a0<\/strong>no WhatsApp.\u00a0<a href=\"https:\/\/chat.whatsapp.com\/Dtv9mxhy6V5BJBotM2OQ5k\" target=\"_blank\" rel=\"noreferrer noopener\">Para entrar no grupo, basta clicar aqui.<\/a><\/p>\n<p>Fa\u00e7a uma den\u00fancia ou sugira uma reportagem sobre Ribeir\u00e3o Preto e regi\u00e3o pelo WhatsApp: 16 99117 7802.<\/p>\n<p>VEJA TAMB\u00c9M<\/p>\n<p>Como uma rede social \u00e9 bloqueada no Brasil? <mark style=\"background-color:#ffffff\" class=\"has-inline-color has-white-color\">entretanto, <\/mark><\/p>\n<p><!-- CONTENT END 1 -->\n<\/div>\n<p><script async src=\"\/\/www.instagram.com\/embed.js\"><\/script><br \/>\n<br \/><br \/>\n<br \/><a href=\"https:\/\/www.acidadeon.com\/ribeiraopreto\/cotidiano\/forte-frente-fria-tem-data-para-chegar-ao-pais-veja-previsao-para-setembro\/\">Source link <\/a><\/p>\n","protected":false},"excerpt":{"rendered":"<p>Apesar de uma nova massa de ar quente e seco se estabelecer sobre o Brasil no decorrer da pr\u00f3xima semana, a primeira forte frente fria&#8230;<\/p>\n","protected":false},"author":1,"featured_media":63103,"comment_status":"open","ping_status":"open","sticky":false,"template":"","format":"standard","meta":{"_uag_custom_page_level_css":"","advanced_seo_description":"","jetpack_seo_html_title":"","jetpack_seo_noindex":false,"jetpack_post_was_ever_published":false,"_jetpack_newsletter_access":"","_jetpack_dont_email_post_to_subs":false,"_jetpack_newsletter_tier_id":0,"_jetpack_memberships_contains_paywalled_content":false,"_jetpack_memberships_contains_paid_content":false,"footnotes":"","jetpack_publicize_message":"","jetpack_publicize_feature_enabled":true,"jetpack_social_post_already_shared":true,"jetpack_social_options":{"image_generator_settings":{"template":"highway","default_image_id":0,"font":"","enabled":false},"version":2}},"categories":[11],"tags":[],"class_list":["post-63102","post","type-post","status-publish","format-standard","has-post-thumbnail","hentry","category-noticias-de-ribeirao-preto-sp-e-regiao-ismael-colosi"],"jetpack_publicize_connections":[],"jetpack_featured_media_url":"https:\/\/i0.wp.com\/ismaelcolosi.com.br\/wp-content\/uploads\/2024\/08\/1725059994_frio_luva_1200x675_16042022092951.jpg?fit=1200%2C675&ssl=1","uagb_featured_image_src":{"full":["https:\/\/i0.wp.com\/ismaelcolosi.com.br\/wp-content\/uploads\/2024\/08\/1725059994_frio_luva_1200x675_16042022092951.jpg?fit=1200%2C675&ssl=1",1200,675,false],"thumbnail":["https:\/\/i0.wp.com\/ismaelcolosi.com.br\/wp-content\/uploads\/2024\/08\/1725059994_frio_luva_1200x675_16042022092951.jpg?resize=150%2C150&ssl=1",150,150,true],"medium":["https:\/\/i0.wp.com\/ismaelcolosi.com.br\/wp-content\/uploads\/2024\/08\/1725059994_frio_luva_1200x675_16042022092951.jpg?fit=300%2C169&ssl=1",300,169,true],"medium_large":["https:\/\/i0.wp.com\/ismaelcolosi.com.br\/wp-content\/uploads\/2024\/08\/1725059994_frio_luva_1200x675_16042022092951.jpg?fit=768%2C432&ssl=1",768,432,true],"large":["https:\/\/i0.wp.com\/ismaelcolosi.com.br\/wp-content\/uploads\/2024\/08\/1725059994_frio_luva_1200x675_16042022092951.jpg?fit=1024%2C576&ssl=1",1024,576,true],"1536x1536":["https:\/\/i0.wp.com\/ismaelcolosi.com.br\/wp-content\/uploads\/2024\/08\/1725059994_frio_luva_1200x675_16042022092951.jpg?fit=1200%2C675&ssl=1",1200,675,true],"2048x2048":["https:\/\/i0.wp.com\/ismaelcolosi.com.br\/wp-content\/uploads\/2024\/08\/1725059994_frio_luva_1200x675_16042022092951.jpg?fit=1200%2C675&ssl=1",1200,675,true],"really-simple-thumb":["https:\/\/i0.wp.com\/ismaelcolosi.com.br\/wp-content\/uploads\/2024\/08\/1725059994_frio_luva_1200x675_16042022092951.jpg?resize=370%2C247&ssl=1",370,247,true]},"uagb_author_info":{"display_name":"ismaelcolosi.com.br","author_link":"https:\/\/ismaelcolosi.com.br\/index.php\/author\/vidareal-online\/"},"uagb_comment_info":0,"uagb_excerpt":"Apesar de uma nova massa de ar quente e seco se estabelecer sobre o Brasil no decorrer da pr\u00f3xima semana, a primeira forte frente fria...","jetpack-related-posts":[{"id":63563,"url":"https:\/\/ismaelcolosi.com.br\/index.php\/2024\/09\/02\/interior-de-sp-tem-dois-novos-alertas-de-perigo-potencial-veja-regioes-afetadas\/","url_meta":{"origin":63102,"position":0},"title":"Interior de SP tem dois novos alertas de perigo potencial; Veja regi\u00f5es afetadas","author":"ismaelcolosi.com.br","date":"2 de September de 2024","format":false,"excerpt":"O Instituto Nacional de Meteorologia (Inmet) emitiu dois novos alertas de perigo potencial para o interior de S\u00e3o Paulo, nesta segunda-feira (2). Um \u00e9 para onda de calor e o outro para baixa umidade do ar. De acordo com a Climatempo, o tempo seco e com temperaturas acima da m\u00e9dia\u2026","rel":"","context":"In &quot;Not\u00edcias de Ribeir\u00e3o Preto-SP e Regi\u00e3o&quot;","block_context":{"text":"Not\u00edcias de Ribeir\u00e3o Preto-SP e Regi\u00e3o","link":"https:\/\/ismaelcolosi.com.br\/index.php\/category\/noticias-de-ribeirao-preto-sp-e-regiao-ismael-colosi\/"},"img":{"alt_text":"","src":"https:\/\/i0.wp.com\/ismaelcolosi.com.br\/wp-content\/uploads\/2024\/09\/mulher-mais-velha-lutando-com-alta-temperatura-scaled.jpg?fit=1200%2C800&ssl=1&resize=350%2C200","width":350,"height":200,"srcset":"https:\/\/i0.wp.com\/ismaelcolosi.com.br\/wp-content\/uploads\/2024\/09\/mulher-mais-velha-lutando-com-alta-temperatura-scaled.jpg?fit=1200%2C800&ssl=1&resize=350%2C200 1x, https:\/\/i0.wp.com\/ismaelcolosi.com.br\/wp-content\/uploads\/2024\/09\/mulher-mais-velha-lutando-com-alta-temperatura-scaled.jpg?fit=1200%2C800&ssl=1&resize=525%2C300 1.5x, https:\/\/i0.wp.com\/ismaelcolosi.com.br\/wp-content\/uploads\/2024\/09\/mulher-mais-velha-lutando-com-alta-temperatura-scaled.jpg?fit=1200%2C800&ssl=1&resize=700%2C400 2x, https:\/\/i0.wp.com\/ismaelcolosi.com.br\/wp-content\/uploads\/2024\/09\/mulher-mais-velha-lutando-com-alta-temperatura-scaled.jpg?fit=1200%2C800&ssl=1&resize=1050%2C600 3x"},"classes":[]},{"id":68576,"url":"https:\/\/ismaelcolosi.com.br\/index.php\/2024\/09\/30\/como-fica-o-tempo-em-outubro-chuva-deve-chegar-ao-estado-de-sp\/","url_meta":{"origin":63102,"position":1},"title":"Como fica o tempo em outubro? Chuva deve chegar ao estado de SP","author":"ismaelcolosi.com.br","date":"30 de September de 2024","format":false,"excerpt":"Marcado por temperaturas elevadas e pouca ocorr\u00eancia de chuva no estado de S\u00e3o Paulo, o m\u00eas se setembro se encerra nesta segunda-feira (30) e traz diversos questionamentos sobre como ser\u00e1 o tempo em outubro. Conforme previs\u00e3o dos meteorologistas, o novo per\u00edodo continua indicando um cen\u00e1rio de temperaturas acima da m\u00e9dia,\u2026","rel":"","context":"In &quot;Not\u00edcias de Ribeir\u00e3o Preto-SP e Regi\u00e3o&quot;","block_context":{"text":"Not\u00edcias de Ribeir\u00e3o Preto-SP e Regi\u00e3o","link":"https:\/\/ismaelcolosi.com.br\/index.php\/category\/noticias-de-ribeirao-preto-sp-e-regiao-ismael-colosi\/"},"img":{"alt_text":"","src":"https:\/\/i0.wp.com\/ismaelcolosi.com.br\/wp-content\/uploads\/2024\/09\/Copia-de-Copia-de-Copia-de-TAMANHO-EXATO-PARA-FOTOS-NO-SISTEMA-NOVO-51_2024-09-16_20-04-40_png_2024-09-16_20-04-40.webp.webp?fit=1200%2C675&ssl=1&resize=350%2C200","width":350,"height":200,"srcset":"https:\/\/i0.wp.com\/ismaelcolosi.com.br\/wp-content\/uploads\/2024\/09\/Copia-de-Copia-de-Copia-de-TAMANHO-EXATO-PARA-FOTOS-NO-SISTEMA-NOVO-51_2024-09-16_20-04-40_png_2024-09-16_20-04-40.webp.webp?fit=1200%2C675&ssl=1&resize=350%2C200 1x, https:\/\/i0.wp.com\/ismaelcolosi.com.br\/wp-content\/uploads\/2024\/09\/Copia-de-Copia-de-Copia-de-TAMANHO-EXATO-PARA-FOTOS-NO-SISTEMA-NOVO-51_2024-09-16_20-04-40_png_2024-09-16_20-04-40.webp.webp?fit=1200%2C675&ssl=1&resize=525%2C300 1.5x, https:\/\/i0.wp.com\/ismaelcolosi.com.br\/wp-content\/uploads\/2024\/09\/Copia-de-Copia-de-Copia-de-TAMANHO-EXATO-PARA-FOTOS-NO-SISTEMA-NOVO-51_2024-09-16_20-04-40_png_2024-09-16_20-04-40.webp.webp?fit=1200%2C675&ssl=1&resize=700%2C400 2x, https:\/\/i0.wp.com\/ismaelcolosi.com.br\/wp-content\/uploads\/2024\/09\/Copia-de-Copia-de-Copia-de-TAMANHO-EXATO-PARA-FOTOS-NO-SISTEMA-NOVO-51_2024-09-16_20-04-40_png_2024-09-16_20-04-40.webp.webp?fit=1200%2C675&ssl=1&resize=1050%2C600 3x"},"classes":[]},{"id":62717,"url":"https:\/\/ismaelcolosi.com.br\/index.php\/2024\/08\/28\/vai-ter-frente-fria-em-setembro-veja-previsao-para-o-interior-de-sp\/","url_meta":{"origin":63102,"position":2},"title":"Vai ter frente fria em setembro? Veja previs\u00e3o para o interior de SP","author":"ismaelcolosi.com.br","date":"28 de August de 2024","format":false,"excerpt":"Agosto foi um m\u00eas marcado pelos extremos clim\u00e1ticos no interior de S\u00e3o Paulo e, com a chegada de setembro, neste domingo (1\u00ba), muito se especula sobre a previs\u00e3o do tempo para o novo per\u00edodo. De acordo com os meteorologistas, com o retorno do tempo seco na maior parte do pa\u00eds,\u2026","rel":"","context":"In &quot;Not\u00edcias de Ribeir\u00e3o Preto-SP e Regi\u00e3o&quot;","block_context":{"text":"Not\u00edcias de Ribeir\u00e3o Preto-SP e Regi\u00e3o","link":"https:\/\/ismaelcolosi.com.br\/index.php\/category\/noticias-de-ribeirao-preto-sp-e-regiao-ismael-colosi\/"},"img":{"alt_text":"","src":"https:\/\/i0.wp.com\/ismaelcolosi.com.br\/wp-content\/uploads\/2024\/08\/marcelo-fontes-1.jpg?fit=1200%2C790&ssl=1&resize=350%2C200","width":350,"height":200,"srcset":"https:\/\/i0.wp.com\/ismaelcolosi.com.br\/wp-content\/uploads\/2024\/08\/marcelo-fontes-1.jpg?fit=1200%2C790&ssl=1&resize=350%2C200 1x, https:\/\/i0.wp.com\/ismaelcolosi.com.br\/wp-content\/uploads\/2024\/08\/marcelo-fontes-1.jpg?fit=1200%2C790&ssl=1&resize=525%2C300 1.5x, https:\/\/i0.wp.com\/ismaelcolosi.com.br\/wp-content\/uploads\/2024\/08\/marcelo-fontes-1.jpg?fit=1200%2C790&ssl=1&resize=700%2C400 2x, https:\/\/i0.wp.com\/ismaelcolosi.com.br\/wp-content\/uploads\/2024\/08\/marcelo-fontes-1.jpg?fit=1200%2C790&ssl=1&resize=1050%2C600 3x"},"classes":[]},{"id":58423,"url":"https:\/\/ismaelcolosi.com.br\/index.php\/2024\/07\/30\/nova-frente-fria-deve-chegar-ao-estado-de-sp-na-primeira-quinzena-de-agosto\/","url_meta":{"origin":63102,"position":3},"title":"Nova frente fria deve chegar ao estado de SP na primeira quinzena de agosto","author":"ismaelcolosi.com.br","date":"30 de July de 2024","format":false,"excerpt":"Uma nova frente fria deve chegar ao estado de S\u00e3o Paulo na primeira quinzena de agosto, de acordo com a Climatempo. Contudo, os meteorologistas apontam que o oitavo m\u00eas do ano tamb\u00e9m ter\u00e1 tempo seco, mantendo as caracter\u00edsticas dos \u00faltimos meses. A Climatempo informa que a previs\u00e3o indica que a\u2026","rel":"","context":"In &quot;Not\u00edcias de Ribeir\u00e3o Preto-SP e Regi\u00e3o&quot;","block_context":{"text":"Not\u00edcias de Ribeir\u00e3o Preto-SP e Regi\u00e3o","link":"https:\/\/ismaelcolosi.com.br\/index.php\/category\/noticias-de-ribeirao-preto-sp-e-regiao-ismael-colosi\/"},"img":{"alt_text":"","src":"https:\/\/i0.wp.com\/ismaelcolosi.com.br\/wp-content\/uploads\/2024\/07\/WhatsApp-Image-2024-02-16-at-11.24.48.jpeg?fit=1200%2C540&ssl=1&resize=350%2C200","width":350,"height":200,"srcset":"https:\/\/i0.wp.com\/ismaelcolosi.com.br\/wp-content\/uploads\/2024\/07\/WhatsApp-Image-2024-02-16-at-11.24.48.jpeg?fit=1200%2C540&ssl=1&resize=350%2C200 1x, https:\/\/i0.wp.com\/ismaelcolosi.com.br\/wp-content\/uploads\/2024\/07\/WhatsApp-Image-2024-02-16-at-11.24.48.jpeg?fit=1200%2C540&ssl=1&resize=525%2C300 1.5x, https:\/\/i0.wp.com\/ismaelcolosi.com.br\/wp-content\/uploads\/2024\/07\/WhatsApp-Image-2024-02-16-at-11.24.48.jpeg?fit=1200%2C540&ssl=1&resize=700%2C400 2x, https:\/\/i0.wp.com\/ismaelcolosi.com.br\/wp-content\/uploads\/2024\/07\/WhatsApp-Image-2024-02-16-at-11.24.48.jpeg?fit=1200%2C540&ssl=1&resize=1050%2C600 3x"},"classes":[]},{"id":68450,"url":"https:\/\/ismaelcolosi.com.br\/index.php\/2024\/09\/30\/primeira-frente-fria-de-outubro-ja-tem-data-para-chegar-ao-interior-de-sp\/","url_meta":{"origin":63102,"position":4},"title":"Primeira frente fria de outubro j\u00e1 tem data para chegar ao interior de SP","author":"ismaelcolosi.com.br","date":"30 de September de 2024","format":false,"excerpt":"A primeira frente fria de outubro j\u00e1 tem data para chegar ao interior de S\u00e3o Paulo. Segundo o Meteored, a frente fria chega na madrugada da pr\u00f3xima quinta-feira (3) na costa de S\u00e3o Paulo, provocando chuva fraca nas regi\u00f5es Sul e Leste do estado. \u201cA semana termina, sem mudan\u00e7as significativas.\u2026","rel":"","context":"In &quot;Not\u00edcias de Ribeir\u00e3o Preto-SP e Regi\u00e3o&quot;","block_context":{"text":"Not\u00edcias de Ribeir\u00e3o Preto-SP e Regi\u00e3o","link":"https:\/\/ismaelcolosi.com.br\/index.php\/category\/noticias-de-ribeirao-preto-sp-e-regiao-ismael-colosi\/"},"img":{"alt_text":"","src":"https:\/\/i0.wp.com\/ismaelcolosi.com.br\/wp-content\/uploads\/2024\/09\/1727699544_chuva.jpeg?fit=1200%2C903&ssl=1&resize=350%2C200","width":350,"height":200,"srcset":"https:\/\/i0.wp.com\/ismaelcolosi.com.br\/wp-content\/uploads\/2024\/09\/1727699544_chuva.jpeg?fit=1200%2C903&ssl=1&resize=350%2C200 1x, https:\/\/i0.wp.com\/ismaelcolosi.com.br\/wp-content\/uploads\/2024\/09\/1727699544_chuva.jpeg?fit=1200%2C903&ssl=1&resize=525%2C300 1.5x, https:\/\/i0.wp.com\/ismaelcolosi.com.br\/wp-content\/uploads\/2024\/09\/1727699544_chuva.jpeg?fit=1200%2C903&ssl=1&resize=700%2C400 2x, https:\/\/i0.wp.com\/ismaelcolosi.com.br\/wp-content\/uploads\/2024\/09\/1727699544_chuva.jpeg?fit=1200%2C903&ssl=1&resize=1050%2C600 3x"},"classes":[]},{"id":46128,"url":"https:\/\/ismaelcolosi.com.br\/index.php\/2024\/04\/09\/entenda-a-frente-fria-que-deve-atingir-o-estado-de-sp\/","url_meta":{"origin":63102,"position":5},"title":"Entenda a frente fria que deve atingir o estado de SP","author":"ismaelcolosi.com.br","date":"9 de April de 2024","format":false,"excerpt":"Uma nova frente fria deve atingir o estado de S\u00e3o Paulo, a partir desta quinta-feira (11), trazendo mais umidade e maiores condi\u00e7\u00f5es de chuva no final desta semana, de acordo com a Climatempo. A previs\u00e3o indica que esse sistema come\u00e7a a avan\u00e7ar da Argentina, nesta ter\u00e7a-feira (09), e \u00e0 noite\u2026","rel":"","context":"In &quot;Not\u00edcias de Ribeir\u00e3o Preto-SP e Regi\u00e3o&quot;","block_context":{"text":"Not\u00edcias de Ribeir\u00e3o Preto-SP e Regi\u00e3o","link":"https:\/\/ismaelcolosi.com.br\/index.php\/category\/noticias-de-ribeirao-preto-sp-e-regiao-ismael-colosi\/"},"img":{"alt_text":"","src":"https:\/\/i0.wp.com\/ismaelcolosi.com.br\/wp-content\/uploads\/2024\/04\/AnyConv.com__WhatsApp-Image-2024-04-05-at-15.03.28.webp.webp?fit=1200%2C553&ssl=1&resize=350%2C200","width":350,"height":200,"srcset":"https:\/\/i0.wp.com\/ismaelcolosi.com.br\/wp-content\/uploads\/2024\/04\/AnyConv.com__WhatsApp-Image-2024-04-05-at-15.03.28.webp.webp?fit=1200%2C553&ssl=1&resize=350%2C200 1x, https:\/\/i0.wp.com\/ismaelcolosi.com.br\/wp-content\/uploads\/2024\/04\/AnyConv.com__WhatsApp-Image-2024-04-05-at-15.03.28.webp.webp?fit=1200%2C553&ssl=1&resize=525%2C300 1.5x, https:\/\/i0.wp.com\/ismaelcolosi.com.br\/wp-content\/uploads\/2024\/04\/AnyConv.com__WhatsApp-Image-2024-04-05-at-15.03.28.webp.webp?fit=1200%2C553&ssl=1&resize=700%2C400 2x, https:\/\/i0.wp.com\/ismaelcolosi.com.br\/wp-content\/uploads\/2024\/04\/AnyConv.com__WhatsApp-Image-2024-04-05-at-15.03.28.webp.webp?fit=1200%2C553&ssl=1&resize=1050%2C600 3x"},"classes":[]}],"jetpack_sharing_enabled":true,"jetpack_shortlink":"https:\/\/wp.me\/pfMlyK-gpM","_links":{"self":[{"href":"https:\/\/ismaelcolosi.com.br\/index.php\/wp-json\/wp\/v2\/posts\/63102","targetHints":{"allow":["GET"]}}],"collection":[{"href":"https:\/\/ismaelcolosi.com.br\/index.php\/wp-json\/wp\/v2\/posts"}],"about":[{"href":"https:\/\/ismaelcolosi.com.br\/index.php\/wp-json\/wp\/v2\/types\/post"}],"author":[{"embeddable":true,"href":"https:\/\/ismaelcolosi.com.br\/index.php\/wp-json\/wp\/v2\/users\/1"}],"replies":[{"embeddable":true,"href":"https:\/\/ismaelcolosi.com.br\/index.php\/wp-json\/wp\/v2\/comments?post=63102"}],"version-history":[{"count":0,"href":"https:\/\/ismaelcolosi.com.br\/index.php\/wp-json\/wp\/v2\/posts\/63102\/revisions"}],"wp:featuredmedia":[{"embeddable":true,"href":"https:\/\/ismaelcolosi.com.br\/index.php\/wp-json\/wp\/v2\/media\/63103"}],"wp:attachment":[{"href":"https:\/\/ismaelcolosi.com.br\/index.php\/wp-json\/wp\/v2\/media?parent=63102"}],"wp:term":[{"taxonomy":"category","embeddable":true,"href":"https:\/\/ismaelcolosi.com.br\/index.php\/wp-json\/wp\/v2\/categories?post=63102"},{"taxonomy":"post_tag","embeddable":true,"href":"https:\/\/ismaelcolosi.com.br\/index.php\/wp-json\/wp\/v2\/tags?post=63102"}],"curies":[{"name":"wp","href":"https:\/\/api.w.org\/{rel}","templated":true}]}}