{"id":63051,"date":"2024-08-30T14:20:32","date_gmt":"2024-08-30T17:20:32","guid":{"rendered":"https:\/\/ismaelcolosi.com.br\/index.php\/2024\/08\/30\/ministerio-publico-de-sp-abre-concurso-publico-com-salarios-de-r-30-mil\/"},"modified":"2024-08-30T14:20:32","modified_gmt":"2024-08-30T17:20:32","slug":"ministerio-publico-de-sp-abre-concurso-publico-com-salarios-de-r-30-mil","status":"publish","type":"post","link":"https:\/\/ismaelcolosi.com.br\/index.php\/2024\/08\/30\/ministerio-publico-de-sp-abre-concurso-publico-com-salarios-de-r-30-mil\/","title":{"rendered":"Minist\u00e9rio P\u00fablico de SP abre concurso p\u00fablico com sal\u00e1rios de R$ 30 mil"},"content":{"rendered":"<p> <br \/>\n<\/p>\n<p>O <strong><a href=\"https:\/\/www.mpsp.mp.br\/\" target=\"_blank\" rel=\"noreferrer noopener nofollow\">MP-SP (Minist\u00e9rio P\u00fablico de S\u00e3o Paulo) <\/a><\/strong>publicou edital de concurso p\u00fablico com sal\u00e1rios de R$ 30 mil. Ao todo, <mark style=\"background-color:#fcb900\" class=\"has-inline-color has-black-color\">s\u00e3o 75 vagas para o cargo de promotor de Justi\u00e7a substituto<\/mark>.<\/p>\n<p>As inscri\u00e7\u00f5es devem ser realizadas no per\u00edodo entre 9h de 2 de setembro e 19h do dia 1\u00ba de outubro de 2024 no<a href=\"https:\/\/www.mpsp.mp.br\/\" target=\"_blank\" rel=\"noreferrer noopener nofollow\"> site do <strong>MP-SP<\/strong> (clique aqui)<\/a>. A taxa de inscri\u00e7\u00e3o custa R$ 323,50.<\/p>\n<h4 class=\"wp-block-heading\"><strong>Requisitos<\/strong><\/h4>\n<ul>\n<li>ser brasileiro;<\/li>\n<\/ul>\n<ul>\n<li>ter conclu\u00eddo o curso de bacharelado em Direito, em escola oficial ou reconhecida;<\/li>\n<\/ul>\n<ul>\n<li>haver exercido por tr\u00eas anos, no m\u00ednimo, atividade jur\u00eddica;<\/li>\n<\/ul>\n<ul>\n<li>estar quite com o servi\u00e7o militar;<\/li>\n<\/ul>\n<ul>\n<li>estar no gozo dos direitos pol\u00edticos;<\/li>\n<\/ul>\n<ul>\n<li> gozar de boa sa\u00fade f\u00edsica e mental;<\/li>\n<\/ul>\n<ul>\n<li>ter boa conduta social e n\u00e3o registrar antecedentes criminais incompat\u00edveis com o exerc\u00edcio da fun\u00e7\u00e3o.<\/li>\n<\/ul>\n<p>O edital foi publicado na edi\u00e7\u00e3o desta sexta-feira (30) do <a href=\"https:\/\/www.doe.sp.gov.br\/executivo\/ministerio-publico\/aviso-n-581-2024-pgj-concurso-de-29-08-2024-20240829114113198550277\" target=\"_blank\" rel=\"noreferrer noopener nofollow\"><strong>Di\u00e1rio Oficial do Estado de S\u00e3o Paulo<\/strong> e pode ser conferido clicando aqui.<\/a><\/p>\n<p>SAIBA MAIS<br \/>Ganhadora de R$ 1 milh\u00e3o no sorteio da Nota Fiscal Paulista vai fazer viagem dos sonhos<\/p>\n<h4 class=\"wp-block-heading\"><strong>FIQUE ON<\/strong><\/h4>\n<p>Fique ligado em tudo que acontece em Ribeir\u00e3o Preto e regi\u00e3o. Siga os perfis do<strong> acidade on <\/strong>no <a href=\"https:\/\/www.instagram.com\/acidadeonribeirao\" target=\"_blank\" rel=\"noreferrer noopener nofollow\">Instagram<\/a> e no <a href=\"https:\/\/www.facebook.com\/acidadeonribeirao\/\" target=\"_blank\" rel=\"noreferrer noopener nofollow\">Facebook<\/a>.<\/p>\n<p>Receba not\u00edcias do <strong>acidade on<\/strong> no WhatsApp. <a href=\"https:\/\/chat.whatsapp.com\/Dtv9mxhy6V5BJBotM2OQ5k\" target=\"_blank\" rel=\"noreferrer noopener nofollow\">Para entrar no grupo, basta clicar aqui.<\/a><\/p>\n<p>Fa\u00e7a uma den\u00fancia ou sugira uma reportagem sobre Ribeir\u00e3o Preto e regi\u00e3o pelo WhatsApp: 16 99117 7802.<\/p>\n<p>VEJA TAMB\u00c9M<br \/>Nova onda de calor vai ser mais forte do ano?<\/p>\n<p>O post Minist\u00e9rio P\u00fablico de SP abre concurso p\u00fablico com sal\u00e1rios de R$ 30 mil apareceu primeiro em ACidade ON Ribeir\u00e3o Preto.<\/p>\n<p><script async src=\"\/\/www.instagram.com\/embed.js\"><\/script><br \/>\n<br \/><br \/>\n<br \/><a href=\"https:\/\/www.acidadeon.com\/ribeiraopreto\/economia\/ministerio-publico-de-sp-abre-concurso-publico-com-salarios-de-r-30-mil\/\">Source link <\/a><\/p>\n<div class='code-block code-block-4' style='margin: 8px auto 8px 0; text-align: left; display: block; clear: both;'>\n\ud83d\udce2 Aviso Legal\n\nO site ismaelcolosi.com.br atua apenas como um canal de divulga\u00e7\u00e3o de oportunidades de emprego e n\u00e3o se responsabiliza pelo processo seletivo, contrata\u00e7\u00e3o ou qualquer outra etapa relacionada \u00e0s vagas publicadas. Todas as informa\u00e7\u00f5es s\u00e3o de responsabilidade dos anunciantes.\n\n\u26a0\ufe0f Aten\u00e7\u00e3o! Nunca pague por promessas de emprego nem compre cursos que garantam contrata\u00e7\u00e3o. Desconfie de qualquer cobran\u00e7a para participar de sele\u00e7\u00f5es.\n\n\n\n<\/div>\n<!-- CONTENT END 1 -->\n","protected":false},"excerpt":{"rendered":"<p>O MP-SP (Minist\u00e9rio P\u00fablico de S\u00e3o Paulo) publicou edital de concurso p\u00fablico com sal\u00e1rios de R$ 30 mil. Ao todo, s\u00e3o 75 vagas para o&#8230;<\/p>\n","protected":false},"author":1,"featured_media":59877,"comment_status":"open","ping_status":"open","sticky":false,"template":"","format":"standard","meta":{"_uag_custom_page_level_css":"","advanced_seo_description":"","jetpack_seo_html_title":"","jetpack_seo_noindex":false,"jetpack_post_was_ever_published":false,"_jetpack_newsletter_access":"","_jetpack_dont_email_post_to_subs":false,"_jetpack_newsletter_tier_id":0,"_jetpack_memberships_contains_paywalled_content":false,"_jetpack_memberships_contains_paid_content":false,"footnotes":"","jetpack_publicize_message":"","jetpack_publicize_feature_enabled":true,"jetpack_social_post_already_shared":true,"jetpack_social_options":{"image_generator_settings":{"template":"highway","default_image_id":0,"font":"","enabled":false},"version":2}},"categories":[11],"tags":[],"class_list":["post-63051","post","type-post","status-publish","format-standard","has-post-thumbnail","hentry","category-noticias-de-ribeirao-preto-sp-e-regiao-ismael-colosi"],"jetpack_publicize_connections":[],"jetpack_featured_media_url":"https:\/\/i0.wp.com\/ismaelcolosi.com.br\/wp-content\/uploads\/2024\/08\/concurso-publico-ribeirao-preto_2024-08-13_10-44-40_jpg_2024-08-13_10-44-40.webp.webp?fit=1200%2C800&ssl=1","uagb_featured_image_src":{"full":["https:\/\/i0.wp.com\/ismaelcolosi.com.br\/wp-content\/uploads\/2024\/08\/concurso-publico-ribeirao-preto_2024-08-13_10-44-40_jpg_2024-08-13_10-44-40.webp.webp?fit=1200%2C800&ssl=1",1200,800,false],"thumbnail":["https:\/\/i0.wp.com\/ismaelcolosi.com.br\/wp-content\/uploads\/2024\/08\/concurso-publico-ribeirao-preto_2024-08-13_10-44-40_jpg_2024-08-13_10-44-40.webp.webp?resize=150%2C150&ssl=1",150,150,true],"medium":["https:\/\/i0.wp.com\/ismaelcolosi.com.br\/wp-content\/uploads\/2024\/08\/concurso-publico-ribeirao-preto_2024-08-13_10-44-40_jpg_2024-08-13_10-44-40.webp.webp?fit=300%2C200&ssl=1",300,200,true],"medium_large":["https:\/\/i0.wp.com\/ismaelcolosi.com.br\/wp-content\/uploads\/2024\/08\/concurso-publico-ribeirao-preto_2024-08-13_10-44-40_jpg_2024-08-13_10-44-40.webp.webp?fit=768%2C512&ssl=1",768,512,true],"large":["https:\/\/i0.wp.com\/ismaelcolosi.com.br\/wp-content\/uploads\/2024\/08\/concurso-publico-ribeirao-preto_2024-08-13_10-44-40_jpg_2024-08-13_10-44-40.webp.webp?fit=1024%2C683&ssl=1",1024,683,true],"1536x1536":["https:\/\/i0.wp.com\/ismaelcolosi.com.br\/wp-content\/uploads\/2024\/08\/concurso-publico-ribeirao-preto_2024-08-13_10-44-40_jpg_2024-08-13_10-44-40.webp.webp?fit=1200%2C800&ssl=1",1200,800,true],"2048x2048":["https:\/\/i0.wp.com\/ismaelcolosi.com.br\/wp-content\/uploads\/2024\/08\/concurso-publico-ribeirao-preto_2024-08-13_10-44-40_jpg_2024-08-13_10-44-40.webp.webp?fit=1200%2C800&ssl=1",1200,800,true],"really-simple-thumb":["https:\/\/i0.wp.com\/ismaelcolosi.com.br\/wp-content\/uploads\/2024\/08\/concurso-publico-ribeirao-preto_2024-08-13_10-44-40_jpg_2024-08-13_10-44-40.webp.webp?resize=370%2C247&ssl=1",370,247,true]},"uagb_author_info":{"display_name":"ismaelcolosi.com.br","author_link":"https:\/\/ismaelcolosi.com.br\/index.php\/author\/vidareal-online\/"},"uagb_comment_info":0,"uagb_excerpt":"O MP-SP (Minist\u00e9rio P\u00fablico de S\u00e3o Paulo) publicou edital de concurso p\u00fablico com sal\u00e1rios de R$ 30 mil. Ao todo, s\u00e3o 75 vagas para o...","jetpack-related-posts":[{"id":67984,"url":"https:\/\/ismaelcolosi.com.br\/index.php\/2024\/09\/26\/concurso-publico-com-salarios-de-r-30-mil-tem-inscricoes-prorrogadas\/","url_meta":{"origin":63051,"position":0},"title":"Concurso p\u00fablico com sal\u00e1rios de R$ 30 mil tem inscri\u00e7\u00f5es prorrogadas","author":"ismaelcolosi.com.br","date":"26 de September de 2024","format":false,"excerpt":"O concurso p\u00fablico do MP-SP (Minist\u00e9rio P\u00fablico de S\u00e3o Paulo) para o cargo de promotor de Justi\u00e7a substituto, com sal\u00e1rios de R$ 30 mil, teve as inscri\u00e7\u00f5es prorrogadas. Ao todo, s\u00e3o 75 vagas dispon\u00edveis. As inscri\u00e7\u00f5es devem ser realizadas at\u00e9 o dia 24 de outubro, no site do MP-SP (clique\u2026","rel":"","context":"In &quot;Not\u00edcias de Ribeir\u00e3o Preto-SP e Regi\u00e3o&quot;","block_context":{"text":"Not\u00edcias de Ribeir\u00e3o Preto-SP e Regi\u00e3o","link":"https:\/\/ismaelcolosi.com.br\/index.php\/category\/noticias-de-ribeirao-preto-sp-e-regiao-ismael-colosi\/"},"img":{"alt_text":"","src":"https:\/\/i0.wp.com\/ismaelcolosi.com.br\/wp-content\/uploads\/2024\/08\/concurso-publico-ribeirao-preto_2024-08-13_10-44-40_jpg_2024-08-13_10-44-40.webp.webp?fit=1200%2C800&ssl=1&resize=350%2C200","width":350,"height":200,"srcset":"https:\/\/i0.wp.com\/ismaelcolosi.com.br\/wp-content\/uploads\/2024\/08\/concurso-publico-ribeirao-preto_2024-08-13_10-44-40_jpg_2024-08-13_10-44-40.webp.webp?fit=1200%2C800&ssl=1&resize=350%2C200 1x, https:\/\/i0.wp.com\/ismaelcolosi.com.br\/wp-content\/uploads\/2024\/08\/concurso-publico-ribeirao-preto_2024-08-13_10-44-40_jpg_2024-08-13_10-44-40.webp.webp?fit=1200%2C800&ssl=1&resize=525%2C300 1.5x, https:\/\/i0.wp.com\/ismaelcolosi.com.br\/wp-content\/uploads\/2024\/08\/concurso-publico-ribeirao-preto_2024-08-13_10-44-40_jpg_2024-08-13_10-44-40.webp.webp?fit=1200%2C800&ssl=1&resize=700%2C400 2x, https:\/\/i0.wp.com\/ismaelcolosi.com.br\/wp-content\/uploads\/2024\/08\/concurso-publico-ribeirao-preto_2024-08-13_10-44-40_jpg_2024-08-13_10-44-40.webp.webp?fit=1200%2C800&ssl=1&resize=1050%2C600 3x"},"classes":[]},{"id":32391,"url":"https:\/\/ismaelcolosi.com.br\/index.php\/2024\/01\/25\/ministerio-do-planejamento-abre-concurso-publico-com-salarios-de-r-20-mil\/","url_meta":{"origin":63051,"position":1},"title":"Minist\u00e9rio do Planejamento abre concurso p\u00fablico com sal\u00e1rios de R$ 20 mil","author":"ismaelcolosi.com.br","date":"25 de January de 2024","format":false,"excerpt":"O Minist\u00e9rio do Planejamento e Or\u00e7amento (MPO) publicou, nesta quarta-feira (24), no Di\u00e1rio Oficial da Uni\u00e3o (DOU), o edital para concurso p\u00fablico com 100 vagas e remunera\u00e7\u00e3o inicial de R$ 20.924,80 podendo chegar a R$ 29.832,94 ao final da carreira. As vagas s\u00e3o para o cargo de Analista de Planejamento\u2026","rel":"","context":"In &quot;Not\u00edcias de Ribeir\u00e3o Preto-SP e Regi\u00e3o&quot;","block_context":{"text":"Not\u00edcias de Ribeir\u00e3o Preto-SP e Regi\u00e3o","link":"https:\/\/ismaelcolosi.com.br\/index.php\/category\/noticias-de-ribeirao-preto-sp-e-regiao-ismael-colosi\/"},"img":{"alt_text":"","src":"https:\/\/i0.wp.com\/ismaelcolosi.com.br\/wp-content\/uploads\/2024\/01\/concurso-publico-11.jpg?fit=1200%2C801&ssl=1&resize=350%2C200","width":350,"height":200,"srcset":"https:\/\/i0.wp.com\/ismaelcolosi.com.br\/wp-content\/uploads\/2024\/01\/concurso-publico-11.jpg?fit=1200%2C801&ssl=1&resize=350%2C200 1x, https:\/\/i0.wp.com\/ismaelcolosi.com.br\/wp-content\/uploads\/2024\/01\/concurso-publico-11.jpg?fit=1200%2C801&ssl=1&resize=525%2C300 1.5x, https:\/\/i0.wp.com\/ismaelcolosi.com.br\/wp-content\/uploads\/2024\/01\/concurso-publico-11.jpg?fit=1200%2C801&ssl=1&resize=700%2C400 2x, https:\/\/i0.wp.com\/ismaelcolosi.com.br\/wp-content\/uploads\/2024\/01\/concurso-publico-11.jpg?fit=1200%2C801&ssl=1&resize=1050%2C600 3x"},"classes":[]},{"id":66151,"url":"https:\/\/ismaelcolosi.com.br\/index.php\/2024\/09\/16\/camara-no-interior-de-sp-abre-concurso-publico-com-salarios-de-r-7-mil\/","url_meta":{"origin":63051,"position":2},"title":"C\u00e2mara no interior de SP abre concurso p\u00fablico com sal\u00e1rios de R$ 7 mil","author":"ismaelcolosi.com.br","date":"16 de September de 2024","format":false,"excerpt":"A C\u00e2mara Municipal de S\u00e3o Sim\u00e3o, no interior de S\u00e3o Paulo, abriu concurso p\u00fablico com quatro vagas de n\u00edvel m\u00e9dio e superior, al\u00e9m de oportunidades para cadastro de reserva. Os sal\u00e1rios para as fun\u00e7\u00f5es variam entre R$ 3 mil e R$ 7 mil. As inscri\u00e7\u00f5es devem ser realizadas pela internet\u2026","rel":"","context":"In &quot;Not\u00edcias de Ribeir\u00e3o Preto-SP e Regi\u00e3o&quot;","block_context":{"text":"Not\u00edcias de Ribeir\u00e3o Preto-SP e Regi\u00e3o","link":"https:\/\/ismaelcolosi.com.br\/index.php\/category\/noticias-de-ribeirao-preto-sp-e-regiao-ismael-colosi\/"},"img":{"alt_text":"","src":"https:\/\/i0.wp.com\/ismaelcolosi.com.br\/wp-content\/uploads\/2024\/08\/concurso-publico-ribeirao-preto_2024-08-13_10-44-40_jpg_2024-08-13_10-44-40.webp.webp?fit=1200%2C800&ssl=1&resize=350%2C200","width":350,"height":200,"srcset":"https:\/\/i0.wp.com\/ismaelcolosi.com.br\/wp-content\/uploads\/2024\/08\/concurso-publico-ribeirao-preto_2024-08-13_10-44-40_jpg_2024-08-13_10-44-40.webp.webp?fit=1200%2C800&ssl=1&resize=350%2C200 1x, https:\/\/i0.wp.com\/ismaelcolosi.com.br\/wp-content\/uploads\/2024\/08\/concurso-publico-ribeirao-preto_2024-08-13_10-44-40_jpg_2024-08-13_10-44-40.webp.webp?fit=1200%2C800&ssl=1&resize=525%2C300 1.5x, https:\/\/i0.wp.com\/ismaelcolosi.com.br\/wp-content\/uploads\/2024\/08\/concurso-publico-ribeirao-preto_2024-08-13_10-44-40_jpg_2024-08-13_10-44-40.webp.webp?fit=1200%2C800&ssl=1&resize=700%2C400 2x, https:\/\/i0.wp.com\/ismaelcolosi.com.br\/wp-content\/uploads\/2024\/08\/concurso-publico-ribeirao-preto_2024-08-13_10-44-40_jpg_2024-08-13_10-44-40.webp.webp?fit=1200%2C800&ssl=1&resize=1050%2C600 3x"},"classes":[]},{"id":73679,"url":"https:\/\/ismaelcolosi.com.br\/index.php\/2024\/10\/28\/camara-no-interior-de-sp-abre-concurso-publico-com-salarios-de-r-4-mil-3\/","url_meta":{"origin":63051,"position":3},"title":"C\u00e2mara no interior de SP abre concurso p\u00fablico com sal\u00e1rios de R$ 4 mil","author":"ismaelcolosi.com.br","date":"28 de October de 2024","format":false,"excerpt":"A C\u00e2mara Municipal de Barretos, no interior de S\u00e3o Paulo, publicou edital de concurso p\u00fablico com quatro vagas de n\u00edvel m\u00e9dio e t\u00e9cnico e sal\u00e1rios de R$ 4.869,26. Al\u00e9m dos sal\u00e1rios, os aprovados no concurso p\u00fablico ter\u00e3o direito ao vale-alimenta\u00e7\u00e3o de R$ 1.171,48. As inscri\u00e7\u00f5es devem ser realizadas pela internet\u2026","rel":"","context":"In &quot;Not\u00edcias de Ribeir\u00e3o Preto-SP e Regi\u00e3o&quot;","block_context":{"text":"Not\u00edcias de Ribeir\u00e3o Preto-SP e Regi\u00e3o","link":"https:\/\/ismaelcolosi.com.br\/index.php\/category\/noticias-de-ribeirao-preto-sp-e-regiao-ismael-colosi\/"},"img":{"alt_text":"","src":"https:\/\/i0.wp.com\/ismaelcolosi.com.br\/wp-content\/uploads\/2024\/10\/concurso-publico-6_2024-08-26_18-49-03_jpg_2024-08-26_18-49-03.webp.webp?fit=1200%2C800&ssl=1&resize=350%2C200","width":350,"height":200,"srcset":"https:\/\/i0.wp.com\/ismaelcolosi.com.br\/wp-content\/uploads\/2024\/10\/concurso-publico-6_2024-08-26_18-49-03_jpg_2024-08-26_18-49-03.webp.webp?fit=1200%2C800&ssl=1&resize=350%2C200 1x, https:\/\/i0.wp.com\/ismaelcolosi.com.br\/wp-content\/uploads\/2024\/10\/concurso-publico-6_2024-08-26_18-49-03_jpg_2024-08-26_18-49-03.webp.webp?fit=1200%2C800&ssl=1&resize=525%2C300 1.5x, https:\/\/i0.wp.com\/ismaelcolosi.com.br\/wp-content\/uploads\/2024\/10\/concurso-publico-6_2024-08-26_18-49-03_jpg_2024-08-26_18-49-03.webp.webp?fit=1200%2C800&ssl=1&resize=700%2C400 2x, https:\/\/i0.wp.com\/ismaelcolosi.com.br\/wp-content\/uploads\/2024\/10\/concurso-publico-6_2024-08-26_18-49-03_jpg_2024-08-26_18-49-03.webp.webp?fit=1200%2C800&ssl=1&resize=1050%2C600 3x"},"classes":[]},{"id":59655,"url":"https:\/\/ismaelcolosi.com.br\/index.php\/2024\/08\/10\/camara-no-interior-de-sp-abre-concurso-publico-com-salarios-de-r-4-mil-2\/","url_meta":{"origin":63051,"position":4},"title":"C\u00e2mara no interior de SP abre concurso p\u00fablico com sal\u00e1rios de R$ 4 mil","author":"ismaelcolosi.com.br","date":"10 de August de 2024","format":false,"excerpt":"A C\u00e2mara Municipal de Restinga, no interior de S\u00e3o Paulo, abriu concurso p\u00fablico com quatro vagas e sal\u00e1rios que variam entre R$ 2 mil e R$ 4,2 mil. As vagas s\u00e3o de n\u00edvel m\u00e9dio e superior. As inscri\u00e7\u00f5es devem ser realizadas pela internet (clique aqui) no per\u00edodo entre 12 de\u2026","rel":"","context":"In &quot;Not\u00edcias de Ribeir\u00e3o Preto-SP e Regi\u00e3o&quot;","block_context":{"text":"Not\u00edcias de Ribeir\u00e3o Preto-SP e Regi\u00e3o","link":"https:\/\/ismaelcolosi.com.br\/index.php\/category\/noticias-de-ribeirao-preto-sp-e-regiao-ismael-colosi\/"},"img":{"alt_text":"","src":"https:\/\/i0.wp.com\/ismaelcolosi.com.br\/wp-content\/uploads\/2024\/08\/1723312756_prova-concurso-publico-3.jpg?fit=1200%2C800&ssl=1&resize=350%2C200","width":350,"height":200,"srcset":"https:\/\/i0.wp.com\/ismaelcolosi.com.br\/wp-content\/uploads\/2024\/08\/1723312756_prova-concurso-publico-3.jpg?fit=1200%2C800&ssl=1&resize=350%2C200 1x, https:\/\/i0.wp.com\/ismaelcolosi.com.br\/wp-content\/uploads\/2024\/08\/1723312756_prova-concurso-publico-3.jpg?fit=1200%2C800&ssl=1&resize=525%2C300 1.5x, https:\/\/i0.wp.com\/ismaelcolosi.com.br\/wp-content\/uploads\/2024\/08\/1723312756_prova-concurso-publico-3.jpg?fit=1200%2C800&ssl=1&resize=700%2C400 2x, https:\/\/i0.wp.com\/ismaelcolosi.com.br\/wp-content\/uploads\/2024\/08\/1723312756_prova-concurso-publico-3.jpg?fit=1200%2C800&ssl=1&resize=1050%2C600 3x"},"classes":[]},{"id":56795,"url":"https:\/\/ismaelcolosi.com.br\/index.php\/2024\/07\/15\/quer-ser-diplomata-comecam-inscricoes-para-concurso-publico-com-salarios-de-r-20-mil\/","url_meta":{"origin":63051,"position":5},"title":"Quer ser diplomata? Come\u00e7am inscri\u00e7\u00f5es para concurso p\u00fablico com sal\u00e1rios de R$ 20 mil","author":"ismaelcolosi.com.br","date":"15 de July de 2024","format":false,"excerpt":"Come\u00e7ou nesta segunda-feira (15) o prazo das inscri\u00e7\u00f5es para o concurso p\u00fablico de admiss\u00e3o \u00e0 carreira de diplomata do Itamaraty (Minist\u00e9rio das Rela\u00e7\u00f5es Exteriores). Ao todo, s\u00e3o 50 vagas para o cargo e os sal\u00e1rios de R$ 20.926,98. As inscri\u00e7\u00f5es devem ser realizadas pelo site da Cebraspe (clique aqui) at\u00e9\u2026","rel":"","context":"In &quot;Not\u00edcias de Ribeir\u00e3o Preto-SP e Regi\u00e3o&quot;","block_context":{"text":"Not\u00edcias de Ribeir\u00e3o Preto-SP e Regi\u00e3o","link":"https:\/\/ismaelcolosi.com.br\/index.php\/category\/noticias-de-ribeirao-preto-sp-e-regiao-ismael-colosi\/"},"img":{"alt_text":"","src":"https:\/\/i0.wp.com\/ismaelcolosi.com.br\/wp-content\/uploads\/2024\/07\/concurso_9_vagas_inscricoes.jpg?fit=1200%2C800&ssl=1&resize=350%2C200","width":350,"height":200,"srcset":"https:\/\/i0.wp.com\/ismaelcolosi.com.br\/wp-content\/uploads\/2024\/07\/concurso_9_vagas_inscricoes.jpg?fit=1200%2C800&ssl=1&resize=350%2C200 1x, https:\/\/i0.wp.com\/ismaelcolosi.com.br\/wp-content\/uploads\/2024\/07\/concurso_9_vagas_inscricoes.jpg?fit=1200%2C800&ssl=1&resize=525%2C300 1.5x, https:\/\/i0.wp.com\/ismaelcolosi.com.br\/wp-content\/uploads\/2024\/07\/concurso_9_vagas_inscricoes.jpg?fit=1200%2C800&ssl=1&resize=700%2C400 2x, https:\/\/i0.wp.com\/ismaelcolosi.com.br\/wp-content\/uploads\/2024\/07\/concurso_9_vagas_inscricoes.jpg?fit=1200%2C800&ssl=1&resize=1050%2C600 3x"},"classes":[]}],"jetpack_sharing_enabled":true,"jetpack_shortlink":"https:\/\/wp.me\/pfMlyK-goX","_links":{"self":[{"href":"https:\/\/ismaelcolosi.com.br\/index.php\/wp-json\/wp\/v2\/posts\/63051","targetHints":{"allow":["GET"]}}],"collection":[{"href":"https:\/\/ismaelcolosi.com.br\/index.php\/wp-json\/wp\/v2\/posts"}],"about":[{"href":"https:\/\/ismaelcolosi.com.br\/index.php\/wp-json\/wp\/v2\/types\/post"}],"author":[{"embeddable":true,"href":"https:\/\/ismaelcolosi.com.br\/index.php\/wp-json\/wp\/v2\/users\/1"}],"replies":[{"embeddable":true,"href":"https:\/\/ismaelcolosi.com.br\/index.php\/wp-json\/wp\/v2\/comments?post=63051"}],"version-history":[{"count":0,"href":"https:\/\/ismaelcolosi.com.br\/index.php\/wp-json\/wp\/v2\/posts\/63051\/revisions"}],"wp:featuredmedia":[{"embeddable":true,"href":"https:\/\/ismaelcolosi.com.br\/index.php\/wp-json\/wp\/v2\/media\/59877"}],"wp:attachment":[{"href":"https:\/\/ismaelcolosi.com.br\/index.php\/wp-json\/wp\/v2\/media?parent=63051"}],"wp:term":[{"taxonomy":"category","embeddable":true,"href":"https:\/\/ismaelcolosi.com.br\/index.php\/wp-json\/wp\/v2\/categories?post=63051"},{"taxonomy":"post_tag","embeddable":true,"href":"https:\/\/ismaelcolosi.com.br\/index.php\/wp-json\/wp\/v2\/tags?post=63051"}],"curies":[{"name":"wp","href":"https:\/\/api.w.org\/{rel}","templated":true}]}}