{"id":61320,"date":"2024-08-21T10:25:45","date_gmt":"2024-08-21T13:25:45","guid":{"rendered":"https:\/\/ismaelcolosi.com.br\/index.php\/2024\/08\/21\/ribeirao-preto-tem-oficina-gastronomica-com-vencedora-de-reality-veja-como-participar\/"},"modified":"2024-08-21T10:25:45","modified_gmt":"2024-08-21T13:25:45","slug":"ribeirao-preto-tem-oficina-gastronomica-com-vencedora-de-reality-veja-como-participar","status":"publish","type":"post","link":"https:\/\/ismaelcolosi.com.br\/index.php\/2024\/08\/21\/ribeirao-preto-tem-oficina-gastronomica-com-vencedora-de-reality-veja-como-participar\/","title":{"rendered":"Ribeir\u00e3o Preto tem oficina gastron\u00f4mica com vencedora de reality; Veja como participar"},"content":{"rendered":"<p> <br \/>\n<\/p>\n<div>\n<p>Neste <strong>s\u00e1bado (24)<\/strong>, come\u00e7a a <strong>Mostra Liter\u00e1ria: Escrita, Cinema e Gastronomia<\/strong>, da <strong>Biblioteca Sinh\u00e1 Junqueira<\/strong>, em <strong>Ribeir\u00e3o Preto<\/strong>. A primeira atividade \u00e9 oficina gastron\u00f4mica com a <strong>chef Elisa Fernandes<\/strong>, vencedora do <strong>Masterchef Brasil<\/strong>.<\/p>\n<p>Ser\u00e3o disponibilizadas<strong> 15 vagas<\/strong> para a oficina, que acontece \u00e0s <strong>15h<\/strong>, no <strong>Hotel Mont Blanc Premium<\/strong>. As inscri\u00e7\u00f5es podem ser feitas <strong>gratuitamente<\/strong> pelo link (<a href=\"https:\/\/docs.google.com\/forms\/d\/e\/1FAIpQLScJMpEKfTiAykheB_8ISFf_PCoXFoROozo7noW-SaY43q_1Lg\/viewform\" target=\"_blank\" rel=\"noreferrer noopener\">clique aqui<\/a>).<\/p>\n<p>\u00c0s <strong>18h<\/strong>, a programa\u00e7\u00e3o continua com a pesquisadora<strong> Paula Feliciano<\/strong> e a psicanalista <strong>Thais Andrade<\/strong>, para uma roda de conversa no audit\u00f3rio da <strong>Biblioteca Sinh\u00e1 Junqueira<\/strong>, para um bate-papo sobre \u201c<strong>Literatura e Gastronomia: cultura, afeto, trajet\u00f3ria e possibilidades<\/strong>\u201d. A atividade \u00e9 <strong>gratuita<\/strong>, mediante a retirada de ingressos com <strong>uma hora de anteced\u00eancia<\/strong>.<\/p>\n<h4 class=\"wp-block-heading\"><strong>Cinema<\/strong><\/h4>\n<p>O evento inclui uma <strong>sess\u00e3o gratuita<\/strong> do filme \u201c<strong>Quanto Basta \u2013 Tempero do Chef<\/strong>\u201c, \u00e0s <strong>14h<\/strong>, no dia <strong>30<\/strong> <strong>de agosto<\/strong>, na <strong>Biblioteca Sinh\u00e1 Junqueira<\/strong>. A fic\u00e7\u00e3o \u00e9 sobre <strong>Arturo<\/strong> (Vinicio Marchioni), um famoso chef de cozinha que ap\u00f3s uma briga acaba sendo preso. A pena alternativa para ele \u00e9 dar aulas de culin\u00e1ria em um centro para jovens autistas, onde a psic\u00f3loga <strong>Anna<\/strong> (Valeria Solarino) trabalha. <strong>Guido<\/strong> (Luigi Fedele) tem <strong>TEA<\/strong> (Transtorno do Espectro Autista) e uma grande paix\u00e3o por cozinhar. A improv\u00e1vel amizade entre os dois ajudar\u00e1 <strong>Arturo<\/strong> a mudar de vida.\u00a0<\/p>\n<h4 class=\"wp-block-heading\"><strong>A Mostra Lit\u00e9raria<\/strong><\/h4>\n<p>A <strong>Mostra<\/strong> deve seguir at\u00e9 <strong>novembro<\/strong>, o evento promove outras nove atividades, entre bate-papos, oficina de escrita criativa e de gastronomia, al\u00e9m de sess\u00f5es de cinema.<\/p>\n<h4 class=\"wp-block-heading\"><strong>Servi\u00e7o<\/strong><\/h4>\n<p><strong>Oficina Gastron\u00f4mica com a chef Elisa Fernandes <\/strong><\/p>\n<p><strong>Quando: <\/strong>24 de agosto, s\u00e1bado<br \/><strong>Hor\u00e1rio:<\/strong> \u00c0s 15h<br \/><strong>Local:<\/strong> Restaurante do Hotel Mont Blanc Premium<br \/><strong>Entrada gratuita<\/strong>, com 15 vagas mediante a inscri\u00e7\u00e3o on-line (<a href=\"https:\/\/docs.google.com\/forms\/d\/e\/1FAIpQLScJMpEKfTiAykheB_8ISFf_PCoXFoROozo7noW-SaY43q_1Lg\/viewform\" target=\"_blank\" rel=\"noreferrer noopener\">clique aqui<\/a>)<\/p>\n<p><em>Roda de conversa Literatura e Gastronomia: cultura, afeto, trajet\u00f3ria e possibilidades<\/em><\/p>\n<p><strong>Quando: <\/strong>24 de agosto, s\u00e1bado<br \/><strong>Hor\u00e1rio:<\/strong> \u00c0s 18h<br \/><strong>Local:<\/strong> Audit\u00f3rio da Biblioteca Sinh\u00e1 Junqueira<br \/><strong>Entrada gratuita<\/strong>, com retirada de ingressos 1h antes do evento<\/p>\n<p>SAIBA MAIS<br \/>\u00d4nibus do transporte p\u00fablico \u00e9 apedrejado na zona Norte de Ribeir\u00e3o Preto<\/p>\n<h4 class=\"wp-block-heading\"><strong>FIQUE ON<\/strong><\/h4>\n<p>Fique ligado em tudo que acontece em Ribeir\u00e3o Preto e regi\u00e3o. Siga os perfis do <strong>acidade on <\/strong>no <a href=\"https:\/\/www.instagram.com\/acidadeonribeirao\" target=\"_blank\" rel=\"noreferrer noopener\">Instagram<\/a> e no <a href=\"https:\/\/www.facebook.com\/acidadeonribeirao\" target=\"_blank\" rel=\"noreferrer noopener\">Facebook<\/a>.<\/p>\n<p>Receba not\u00edcias do acidade on no WhatsApp. Para entrar no grupo, basta <a href=\"https:\/\/chat.whatsapp.com\/Dtv9mxhy6V5BJBotM2OQ5k\" target=\"_blank\" rel=\"noreferrer noopener\">clicar aqui<\/a>.<\/p>\n<p>Fa\u00e7a uma den\u00fancia ou sugira uma reportagem sobre Ribeir\u00e3o Preto e regi\u00e3o pelo WhatsApp: 16 99117 7802.<\/p>\n<p>VEJA TAMB\u00c9M<br \/>Quem vai estar no Lollapalooza 2025?<\/p>\n<p><!-- CONTENT END 1 -->\n<\/div>\n<p><script async src=\"\/\/www.instagram.com\/embed.js\"><\/script><br \/>\n<br \/><br \/>\n<br \/><a href=\"https:\/\/www.acidadeon.com\/ribeiraopreto\/lazer-e-cultura\/ribeirao-preto-tem-oficina-gastronomica-com-vencedora-de-reality-veja-como-participar\/\">Source link <\/a><\/p>\n","protected":false},"excerpt":{"rendered":"<p>Neste s\u00e1bado (24), come\u00e7a a Mostra Liter\u00e1ria: Escrita, Cinema e Gastronomia, da Biblioteca Sinh\u00e1 Junqueira, em Ribeir\u00e3o Preto. A primeira atividade \u00e9 oficina gastron\u00f4mica com&#8230;<\/p>\n","protected":false},"author":1,"featured_media":61321,"comment_status":"open","ping_status":"open","sticky":false,"template":"","format":"standard","meta":{"_uag_custom_page_level_css":"","jetpack_post_was_ever_published":false,"_jetpack_newsletter_access":"","_jetpack_dont_email_post_to_subs":false,"_jetpack_newsletter_tier_id":0,"_jetpack_memberships_contains_paywalled_content":false,"_jetpack_memberships_contains_paid_content":false,"footnotes":"","jetpack_publicize_message":"","jetpack_publicize_feature_enabled":true,"jetpack_social_post_already_shared":true,"jetpack_social_options":{"image_generator_settings":{"template":"highway","default_image_id":0,"font":"","enabled":false},"version":2}},"categories":[11],"tags":[],"class_list":["post-61320","post","type-post","status-publish","format-standard","has-post-thumbnail","hentry","category-noticias-de-ribeirao-preto-sp-e-regiao-ismael-colosi"],"aioseo_notices":[],"jetpack_publicize_connections":[],"jetpack_featured_media_url":"https:\/\/i0.wp.com\/ismaelcolosi.com.br\/wp-content\/uploads\/2024\/08\/Copia-de-Copia-de-Copia-de-TAMANHO-EXATO-PARA-FOTOS-NO-SISTEMA-NOVO_2024-08-21_12-45-11_jpg_2024-08-21_12-45-11.webp.webp?fit=1200%2C675&ssl=1","uagb_featured_image_src":{"full":["https:\/\/i0.wp.com\/ismaelcolosi.com.br\/wp-content\/uploads\/2024\/08\/Copia-de-Copia-de-Copia-de-TAMANHO-EXATO-PARA-FOTOS-NO-SISTEMA-NOVO_2024-08-21_12-45-11_jpg_2024-08-21_12-45-11.webp.webp?fit=1200%2C675&ssl=1",1200,675,false],"thumbnail":["https:\/\/i0.wp.com\/ismaelcolosi.com.br\/wp-content\/uploads\/2024\/08\/Copia-de-Copia-de-Copia-de-TAMANHO-EXATO-PARA-FOTOS-NO-SISTEMA-NOVO_2024-08-21_12-45-11_jpg_2024-08-21_12-45-11.webp.webp?resize=150%2C150&ssl=1",150,150,true],"medium":["https:\/\/i0.wp.com\/ismaelcolosi.com.br\/wp-content\/uploads\/2024\/08\/Copia-de-Copia-de-Copia-de-TAMANHO-EXATO-PARA-FOTOS-NO-SISTEMA-NOVO_2024-08-21_12-45-11_jpg_2024-08-21_12-45-11.webp.webp?fit=300%2C169&ssl=1",300,169,true],"medium_large":["https:\/\/i0.wp.com\/ismaelcolosi.com.br\/wp-content\/uploads\/2024\/08\/Copia-de-Copia-de-Copia-de-TAMANHO-EXATO-PARA-FOTOS-NO-SISTEMA-NOVO_2024-08-21_12-45-11_jpg_2024-08-21_12-45-11.webp.webp?fit=768%2C432&ssl=1",768,432,true],"large":["https:\/\/i0.wp.com\/ismaelcolosi.com.br\/wp-content\/uploads\/2024\/08\/Copia-de-Copia-de-Copia-de-TAMANHO-EXATO-PARA-FOTOS-NO-SISTEMA-NOVO_2024-08-21_12-45-11_jpg_2024-08-21_12-45-11.webp.webp?fit=1024%2C576&ssl=1",1024,576,true],"1536x1536":["https:\/\/i0.wp.com\/ismaelcolosi.com.br\/wp-content\/uploads\/2024\/08\/Copia-de-Copia-de-Copia-de-TAMANHO-EXATO-PARA-FOTOS-NO-SISTEMA-NOVO_2024-08-21_12-45-11_jpg_2024-08-21_12-45-11.webp.webp?fit=1200%2C675&ssl=1",1200,675,true],"2048x2048":["https:\/\/i0.wp.com\/ismaelcolosi.com.br\/wp-content\/uploads\/2024\/08\/Copia-de-Copia-de-Copia-de-TAMANHO-EXATO-PARA-FOTOS-NO-SISTEMA-NOVO_2024-08-21_12-45-11_jpg_2024-08-21_12-45-11.webp.webp?fit=1200%2C675&ssl=1",1200,675,true],"really-simple-thumb":["https:\/\/i0.wp.com\/ismaelcolosi.com.br\/wp-content\/uploads\/2024\/08\/Copia-de-Copia-de-Copia-de-TAMANHO-EXATO-PARA-FOTOS-NO-SISTEMA-NOVO_2024-08-21_12-45-11_jpg_2024-08-21_12-45-11.webp.webp?resize=370%2C247&ssl=1",370,247,true]},"uagb_author_info":{"display_name":"ismaelcolosi.com.br","author_link":"https:\/\/ismaelcolosi.com.br\/index.php\/author\/vidareal-online\/"},"uagb_comment_info":0,"uagb_excerpt":"Neste s\u00e1bado (24), come\u00e7a a Mostra Liter\u00e1ria: Escrita, Cinema e Gastronomia, da Biblioteca Sinh\u00e1 Junqueira, em Ribeir\u00e3o Preto. A primeira atividade \u00e9 oficina gastron\u00f4mica com...","jetpack-related-posts":[{"id":41354,"url":"https:\/\/ismaelcolosi.com.br\/index.php\/2024\/03\/07\/oficina-de-contacao-de-historias-tem-vagas-abertas-em-ribeirao-preto\/","url_meta":{"origin":61320,"position":0},"title":"Oficina de conta\u00e7\u00e3o de hist\u00f3rias tem vagas abertas em Ribeir\u00e3o Preto","author":"ismaelcolosi.com.br","date":"7 de March de 2024","format":false,"excerpt":"O projeto Ang\u00e1 realiza neste s\u00e1bado (9) a oficina de conta\u00e7\u00e3o de hist\u00f3rias \u201cMeu corpo e minha voz nas hist\u00f3rias que quero contar\u201d com a atriz M\u00edriam Fontana. A 2\u00aa edi\u00e7\u00e3o do projeto est\u00e1 com 20 vagas abertas e gratuitas. Os interessados em participar da oficina deve se inscrever pessoalmente\u2026","rel":"","context":"In &quot;Not\u00edcias de Ribeir\u00e3o Preto-SP e Regi\u00e3o&quot;","block_context":{"text":"Not\u00edcias de Ribeir\u00e3o Preto-SP e Regi\u00e3o","link":"https:\/\/ismaelcolosi.com.br\/index.php\/category\/noticias-de-ribeirao-preto-sp-e-regiao-ismael-colosi\/"},"img":{"alt_text":"","src":"https:\/\/i0.wp.com\/ismaelcolosi.com.br\/wp-content\/uploads\/2024\/03\/Copia-de-Copia-de-TAMANHO-EXATO-PARA-FOTOS-NO-SISTEMA-NOVO-37.jpg?fit=1200%2C675&ssl=1&resize=350%2C200","width":350,"height":200,"srcset":"https:\/\/i0.wp.com\/ismaelcolosi.com.br\/wp-content\/uploads\/2024\/03\/Copia-de-Copia-de-TAMANHO-EXATO-PARA-FOTOS-NO-SISTEMA-NOVO-37.jpg?fit=1200%2C675&ssl=1&resize=350%2C200 1x, https:\/\/i0.wp.com\/ismaelcolosi.com.br\/wp-content\/uploads\/2024\/03\/Copia-de-Copia-de-TAMANHO-EXATO-PARA-FOTOS-NO-SISTEMA-NOVO-37.jpg?fit=1200%2C675&ssl=1&resize=525%2C300 1.5x, https:\/\/i0.wp.com\/ismaelcolosi.com.br\/wp-content\/uploads\/2024\/03\/Copia-de-Copia-de-TAMANHO-EXATO-PARA-FOTOS-NO-SISTEMA-NOVO-37.jpg?fit=1200%2C675&ssl=1&resize=700%2C400 2x, https:\/\/i0.wp.com\/ismaelcolosi.com.br\/wp-content\/uploads\/2024\/03\/Copia-de-Copia-de-TAMANHO-EXATO-PARA-FOTOS-NO-SISTEMA-NOVO-37.jpg?fit=1200%2C675&ssl=1&resize=1050%2C600 3x"},"classes":[]},{"id":61817,"url":"https:\/\/ismaelcolosi.com.br\/index.php\/2024\/08\/23\/sepultura-exposicao-de-carros-e-peter-pan-veja-programacao-do-fim-de-semana-em-ribeirao\/","url_meta":{"origin":61320,"position":1},"title":"Sepultura, exposi\u00e7\u00e3o de carros e Peter Pan: Veja programa\u00e7\u00e3o do fim de semana em Ribeir\u00e3o","author":"ismaelcolosi.com.br","date":"23 de August de 2024","format":false,"excerpt":"A programa\u00e7\u00e3o do fim de semana em Ribeir\u00e3o Preto est\u00e1 a todo vapor! Entre os destaques est\u00e3o shows, musicais e pe\u00e7as de teatro. Confira a agenda cultural abaixo: Sepultura A banda\u00a0Sepultura se apresenta no Alcans Hall, na rodovia Anhanguera (SP-330), em Ribeir\u00e3o Preto, neste s\u00e1bado (24), com sua turn\u00ea de\u2026","rel":"","context":"In &quot;Not\u00edcias de Ribeir\u00e3o Preto-SP e Regi\u00e3o&quot;","block_context":{"text":"Not\u00edcias de Ribeir\u00e3o Preto-SP e Regi\u00e3o","link":"https:\/\/ismaelcolosi.com.br\/index.php\/category\/noticias-de-ribeirao-preto-sp-e-regiao-ismael-colosi\/"},"img":{"alt_text":"","src":"https:\/\/i0.wp.com\/ismaelcolosi.com.br\/wp-content\/uploads\/2024\/08\/Copia-de-Copia-de-Copia-de-TAMANHO-EXATO-PARA-FOTOS-NO-SISTEMA-NOVO-4_2024-08-23_13-58-50_jpg_2024-08-23_13-58-50.webp.webp?fit=1200%2C675&ssl=1&resize=350%2C200","width":350,"height":200,"srcset":"https:\/\/i0.wp.com\/ismaelcolosi.com.br\/wp-content\/uploads\/2024\/08\/Copia-de-Copia-de-Copia-de-TAMANHO-EXATO-PARA-FOTOS-NO-SISTEMA-NOVO-4_2024-08-23_13-58-50_jpg_2024-08-23_13-58-50.webp.webp?fit=1200%2C675&ssl=1&resize=350%2C200 1x, https:\/\/i0.wp.com\/ismaelcolosi.com.br\/wp-content\/uploads\/2024\/08\/Copia-de-Copia-de-Copia-de-TAMANHO-EXATO-PARA-FOTOS-NO-SISTEMA-NOVO-4_2024-08-23_13-58-50_jpg_2024-08-23_13-58-50.webp.webp?fit=1200%2C675&ssl=1&resize=525%2C300 1.5x, https:\/\/i0.wp.com\/ismaelcolosi.com.br\/wp-content\/uploads\/2024\/08\/Copia-de-Copia-de-Copia-de-TAMANHO-EXATO-PARA-FOTOS-NO-SISTEMA-NOVO-4_2024-08-23_13-58-50_jpg_2024-08-23_13-58-50.webp.webp?fit=1200%2C675&ssl=1&resize=700%2C400 2x, https:\/\/i0.wp.com\/ismaelcolosi.com.br\/wp-content\/uploads\/2024\/08\/Copia-de-Copia-de-Copia-de-TAMANHO-EXATO-PARA-FOTOS-NO-SISTEMA-NOVO-4_2024-08-23_13-58-50_jpg_2024-08-23_13-58-50.webp.webp?fit=1200%2C675&ssl=1&resize=1050%2C600 3x"},"classes":[]},{"id":73089,"url":"https:\/\/ismaelcolosi.com.br\/index.php\/2024\/10\/24\/biblioteca-de-ribeirao-preto-recebe-daniela-arbex-no-fim-de-semana\/","url_meta":{"origin":61320,"position":2},"title":"Biblioteca de Ribeir\u00e3o Preto recebe Daniela Arbex no fim de semana","author":"ismaelcolosi.com.br","date":"24 de October de 2024","format":false,"excerpt":"A Mostra Liter\u00e1ria: escrita, cinema e gastronomia, da Biblioteca Sinh\u00e1 Junqueira, em Ribeir\u00e3o Preto, recebe neste s\u00e1bado (26), \u00e0s 16h, a jornalista Daniela Arbex, para um bate-papo sobre seus livros e document\u00e1rios. A entrada \u00e9 gratuita. Daniela \u00e9 autora do livro que inspirou o document\u00e1rio Holocausto Brasileiro, que tamb\u00e9m ser\u00e1\u2026","rel":"","context":"In &quot;Not\u00edcias de Ribeir\u00e3o Preto-SP e Regi\u00e3o&quot;","block_context":{"text":"Not\u00edcias de Ribeir\u00e3o Preto-SP e Regi\u00e3o","link":"https:\/\/ismaelcolosi.com.br\/index.php\/category\/noticias-de-ribeirao-preto-sp-e-regiao-ismael-colosi\/"},"img":{"alt_text":"","src":"https:\/\/i0.wp.com\/ismaelcolosi.com.br\/wp-content\/uploads\/2024\/10\/Daniela-Arbex_2024-10-22_16-30-24.webp.webp?fit=1200%2C675&ssl=1&resize=350%2C200","width":350,"height":200,"srcset":"https:\/\/i0.wp.com\/ismaelcolosi.com.br\/wp-content\/uploads\/2024\/10\/Daniela-Arbex_2024-10-22_16-30-24.webp.webp?fit=1200%2C675&ssl=1&resize=350%2C200 1x, https:\/\/i0.wp.com\/ismaelcolosi.com.br\/wp-content\/uploads\/2024\/10\/Daniela-Arbex_2024-10-22_16-30-24.webp.webp?fit=1200%2C675&ssl=1&resize=525%2C300 1.5x, https:\/\/i0.wp.com\/ismaelcolosi.com.br\/wp-content\/uploads\/2024\/10\/Daniela-Arbex_2024-10-22_16-30-24.webp.webp?fit=1200%2C675&ssl=1&resize=700%2C400 2x, https:\/\/i0.wp.com\/ismaelcolosi.com.br\/wp-content\/uploads\/2024\/10\/Daniela-Arbex_2024-10-22_16-30-24.webp.webp?fit=1200%2C675&ssl=1&resize=1050%2C600 3x"},"classes":[]},{"id":45619,"url":"https:\/\/ismaelcolosi.com.br\/index.php\/2024\/04\/05\/projeto-anga-promove-a-oficina-historias-animadas\/","url_meta":{"origin":61320,"position":3},"title":"Projeto Ang\u00e1 promove a Oficina \u201cHist\u00f3rias Animadas\u201d","author":"ismaelcolosi.com.br","date":"5 de April de 2024","format":false,"excerpt":"5 de abril de 2024 | 11:005 de abril de 2024 | 8:08 0 Trabalhar a conta\u00e7\u00e3o de hist\u00f3ria usando como recurso o teatro de anima\u00e7\u00e3o. Essa \u00e9 a proposta da \u201cOficina\u00a0 Hist\u00f3rias Animadas\u201d, promovida pela 2\u00aa edi\u00e7\u00e3o do projeto Ang\u00e1 neste pr\u00f3ximo\u00a0 s\u00e1bado (6\/4), das 9h \u00e0s 13h, na\u2026","rel":"","context":"In &quot;Not\u00edcias de Ribeir\u00e3o Preto-SP e Regi\u00e3o&quot;","block_context":{"text":"Not\u00edcias de Ribeir\u00e3o Preto-SP e Regi\u00e3o","link":"https:\/\/ismaelcolosi.com.br\/index.php\/category\/noticias-de-ribeirao-preto-sp-e-regiao-ismael-colosi\/"},"img":{"alt_text":"","src":"https:\/\/i0.wp.com\/ismaelcolosi.com.br\/wp-content\/uploads\/2024\/04\/Oficina-1_credito-Sheila-Brandao.jpg?fit=333%2C500&ssl=1&resize=350%2C200","width":350,"height":200},"classes":[]},{"id":45648,"url":"https:\/\/ismaelcolosi.com.br\/index.php\/2024\/04\/05\/projeto-anga-promove-a-oficina-historias-animadas-2\/","url_meta":{"origin":61320,"position":4},"title":"Projeto Ang\u00e1 promove a Oficina \u201cHist\u00f3rias Animadas\u201d","author":"ismaelcolosi.com.br","date":"5 de April de 2024","format":false,"excerpt":"Trabalhar a conta\u00e7\u00e3o de hist\u00f3ria usando como recurso o teatro de anima\u00e7\u00e3o. Essa \u00e9 a proposta da \u201cOficina\u00a0 Hist\u00f3rias Animadas\u201d, promovida pela 2\u00aa edi\u00e7\u00e3o do projeto Ang\u00e1 neste pr\u00f3ximo\u00a0 s\u00e1bado (6\/4), das 9h \u00e0s 13h, na Biblioteca Sinh\u00e1 Junqueira, que fica na Rua Duque de Caxias, 547, centro, em Ribeir\u00e3o\u2026","rel":"","context":"In &quot;Not\u00edcias de Ribeir\u00e3o Preto-SP e Regi\u00e3o&quot;","block_context":{"text":"Not\u00edcias de Ribeir\u00e3o Preto-SP e Regi\u00e3o","link":"https:\/\/ismaelcolosi.com.br\/index.php\/category\/noticias-de-ribeirao-preto-sp-e-regiao-ismael-colosi\/"},"img":{"alt_text":"","src":"https:\/\/i0.wp.com\/ismaelcolosi.com.br\/wp-content\/uploads\/2024\/04\/1712335718_Oficina-1_credito-Sheila-Brandao.jpg?fit=333%2C500&ssl=1&resize=350%2C200","width":350,"height":200},"classes":[]},{"id":55823,"url":"https:\/\/ismaelcolosi.com.br\/index.php\/2024\/07\/05\/artista-lanca-livro-infantil-com-exemplares-gratuitos-em-ribeirao-preto\/","url_meta":{"origin":61320,"position":5},"title":"Artista lan\u00e7a livro infantil com exemplares gratuitos em Ribeir\u00e3o Preto","author":"ismaelcolosi.com.br","date":"5 de July de 2024","format":false,"excerpt":"A artista Marina Dias lan\u00e7a neste s\u00e1bado\u00a0 (6) o livro \u201cCores em Festa\u201d, no Ateli\u00ea Marina Dias, em Ribeir\u00e3o Preto, das 9h \u00e0s 13h. Quem passar pelo local receber\u00e1 um exemplar gratuito, al\u00e9m de ver a exposi\u00e7\u00e3o com as ilustra\u00e7\u00f5es originais e imagens que inspiraram a ilustradora a compor o\u2026","rel":"","context":"In &quot;Not\u00edcias de Ribeir\u00e3o Preto-SP e Regi\u00e3o&quot;","block_context":{"text":"Not\u00edcias de Ribeir\u00e3o Preto-SP e Regi\u00e3o","link":"https:\/\/ismaelcolosi.com.br\/index.php\/category\/noticias-de-ribeirao-preto-sp-e-regiao-ismael-colosi\/"},"img":{"alt_text":"","src":"https:\/\/i0.wp.com\/ismaelcolosi.com.br\/wp-content\/uploads\/2024\/07\/marina-dias_2024-07-05_20-07-39_jpeg_2024-07-05_20-07-40.webp.webp?fit=1200%2C800&ssl=1&resize=350%2C200","width":350,"height":200,"srcset":"https:\/\/i0.wp.com\/ismaelcolosi.com.br\/wp-content\/uploads\/2024\/07\/marina-dias_2024-07-05_20-07-39_jpeg_2024-07-05_20-07-40.webp.webp?fit=1200%2C800&ssl=1&resize=350%2C200 1x, https:\/\/i0.wp.com\/ismaelcolosi.com.br\/wp-content\/uploads\/2024\/07\/marina-dias_2024-07-05_20-07-39_jpeg_2024-07-05_20-07-40.webp.webp?fit=1200%2C800&ssl=1&resize=525%2C300 1.5x, https:\/\/i0.wp.com\/ismaelcolosi.com.br\/wp-content\/uploads\/2024\/07\/marina-dias_2024-07-05_20-07-39_jpeg_2024-07-05_20-07-40.webp.webp?fit=1200%2C800&ssl=1&resize=700%2C400 2x, https:\/\/i0.wp.com\/ismaelcolosi.com.br\/wp-content\/uploads\/2024\/07\/marina-dias_2024-07-05_20-07-39_jpeg_2024-07-05_20-07-40.webp.webp?fit=1200%2C800&ssl=1&resize=1050%2C600 3x"},"classes":[]}],"jetpack_sharing_enabled":true,"jetpack_shortlink":"https:\/\/wp.me\/pfMlyK-fX2","_links":{"self":[{"href":"https:\/\/ismaelcolosi.com.br\/index.php\/wp-json\/wp\/v2\/posts\/61320","targetHints":{"allow":["GET"]}}],"collection":[{"href":"https:\/\/ismaelcolosi.com.br\/index.php\/wp-json\/wp\/v2\/posts"}],"about":[{"href":"https:\/\/ismaelcolosi.com.br\/index.php\/wp-json\/wp\/v2\/types\/post"}],"author":[{"embeddable":true,"href":"https:\/\/ismaelcolosi.com.br\/index.php\/wp-json\/wp\/v2\/users\/1"}],"replies":[{"embeddable":true,"href":"https:\/\/ismaelcolosi.com.br\/index.php\/wp-json\/wp\/v2\/comments?post=61320"}],"version-history":[{"count":0,"href":"https:\/\/ismaelcolosi.com.br\/index.php\/wp-json\/wp\/v2\/posts\/61320\/revisions"}],"wp:featuredmedia":[{"embeddable":true,"href":"https:\/\/ismaelcolosi.com.br\/index.php\/wp-json\/wp\/v2\/media\/61321"}],"wp:attachment":[{"href":"https:\/\/ismaelcolosi.com.br\/index.php\/wp-json\/wp\/v2\/media?parent=61320"}],"wp:term":[{"taxonomy":"category","embeddable":true,"href":"https:\/\/ismaelcolosi.com.br\/index.php\/wp-json\/wp\/v2\/categories?post=61320"},{"taxonomy":"post_tag","embeddable":true,"href":"https:\/\/ismaelcolosi.com.br\/index.php\/wp-json\/wp\/v2\/tags?post=61320"}],"curies":[{"name":"wp","href":"https:\/\/api.w.org\/{rel}","templated":true}]}}