{"id":61230,"date":"2024-08-20T20:06:03","date_gmt":"2024-08-20T23:06:03","guid":{"rendered":"https:\/\/ismaelcolosi.com.br\/index.php\/2024\/08\/20\/confira-a-agenda-dos-candidatos-a-prefeitura-de-ribeirao-preto-nesta-quarta-feira-21\/"},"modified":"2024-08-20T20:06:03","modified_gmt":"2024-08-20T23:06:03","slug":"confira-a-agenda-dos-candidatos-a-prefeitura-de-ribeirao-preto-nesta-quarta-feira-21","status":"publish","type":"post","link":"https:\/\/ismaelcolosi.com.br\/index.php\/2024\/08\/20\/confira-a-agenda-dos-candidatos-a-prefeitura-de-ribeirao-preto-nesta-quarta-feira-21\/","title":{"rendered":"Confira a agenda dos candidatos \u00e0 Prefeitura de Ribeir\u00e3o Preto nesta quarta-feira (21)"},"content":{"rendered":"<p> <br \/>\n<\/p>\n<div data-td-block-uid=\"tdi_106\">\n<div class=\"tdb-block-inner td-fix-index\">\n<p>Os<strong> candidatos<\/strong> \u00e0 <strong>Prefeitura de Ribeir\u00e3o Preto<\/strong> divulgaram suas <strong>agendas de campanha<\/strong> para a <strong>quarta-feira (21).<\/strong><\/p>\n<p>O per\u00edodo de<strong> propaganda eleitoral<\/strong> para as elei\u00e7\u00f5es municipais de 2024 come\u00e7ou na \u00faltima sexta-feira (16), portanto, os candidatos poder\u00e3o apresentar \u00e0s eleitoras e aos eleitores suas <strong>ideias <\/strong>e <strong>propostas<\/strong>.<\/p>\n<p><mark style=\"background-color:#fcb900\" class=\"has-inline-color\">A <strong>publicidade das candidaturas<\/strong> pode ser feita na <strong>internet<\/strong>, na <strong>rua<\/strong>, na <strong>imprensa escrita<\/strong>, em <strong>casas<\/strong>, <strong>ve\u00edculos <\/strong>e <strong>outros bens particulares<\/strong>.<\/mark><\/p>\n<p>Entre os dias 30 de agosto e 3 de outubro tamb\u00e9m ser\u00e1 veiculado o <strong>hor\u00e1rio eleitoral gratuito<\/strong>, exibido nas emissoras de r\u00e1dio e de televis\u00e3o \u2013 clique aqui e veja <strong>o que pode e n\u00e3o pode durante o per\u00edodo de propaganda eleitoral.<\/strong><\/p>\n<h3 class=\"wp-block-heading\"><strong>Confira a agenda dos candidatos por ordem alfab\u00e9tica:<\/strong><\/h3>\n<h4 class=\"wp-block-heading\"><strong>Andr\u00e9 Trindade (Uni\u00e3o Brasil)<\/strong><\/h4>\n<ul>\n<li>Per\u00edodo da<strong> <\/strong>manh\u00e3: Visita em empresa da regi\u00e3o Sul de Ribeir\u00e3o Preto;<\/li>\n<\/ul>\n<ul>\n<li>Per\u00edodo da tarde: Encontro com integrantes do Sindicato do Com\u00e9rcio Varejista (Sincovarp) e da C\u00e2mara de Dirigentes Lojistas (CDL RP);<\/li>\n<\/ul>\n<ul>\n<li>Per\u00edodo da noite: Reuni\u00e3o com equipe de campanha e apoiadores.<\/li>\n<\/ul>\n<h4 class=\"wp-block-heading\"><strong>Ismar Menezes (Agir)<\/strong><\/h4>\n<ul>\n<li>Candidato n\u00e3o tem agenda de campanha nesta quarta-feira.<\/li>\n<\/ul>\n<h4 class=\"wp-block-heading\"><strong>Jorge Roque (PT)<\/strong><\/h4>\n<ul>\n<li>Per\u00edodo da manh\u00e3: Reuni\u00e3o do Grupo de Trabalho da Habita\u00e7\u00e3o, do Programa de Governo Participativo, na sede do PT;<\/li>\n<\/ul>\n<ul>\n<li>Per\u00edodo da tarde: Visita a empresas com candidatos a\u00a0vereadores da Frente Popular;<\/li>\n<\/ul>\n<ul>\n<li>Per\u00edodo da noite: Visita a apoiadores.<\/li>\n<\/ul>\n<h4 class=\"wp-block-heading\"><strong>Marco Aur\u00e9lio (NOVO)<\/strong><\/h4>\n<ul>\n<li>Per\u00edodo da manh\u00e3: Encontro com mobiliza\u00e7\u00e3o, apresenta\u00e7\u00e3o e reuni\u00f5es de discuss\u00f5es tem\u00e1ticas no comit\u00ea de campanha;<\/li>\n<li>Per\u00edodo da tarde: Visita a empreendedores e entrevista na regi\u00e3o central da cidade; Caf\u00e9 com ideias em grupo Direita Ribeir\u00e3o;<\/li>\n<li>Per\u00edodo da noite: Grava\u00e7\u00e3o de roteiros e conte\u00fado para redes sociais.<\/li>\n<\/ul>\n<h4 class=\"wp-block-heading\"><strong>Ricardo Silva (PSD)<\/strong><\/h4>\n<ul>\n<li>Per\u00edodo da manh\u00e3: Reuni\u00e3o setorial com especialistas sobre situa\u00e7\u00e3o da educa\u00e7\u00e3o infantil e aumento da oferta das vagas em creches de Ribeir\u00e3o Preto;<\/li>\n<\/ul>\n<ul>\n<li>Per\u00edodo da tarde: Reuni\u00e3o setorial sobre Meio Ambiente e falta de arboriza\u00e7\u00e3o na cidade;<\/li>\n<\/ul>\n<ul>\n<li>Per\u00edodo da noite: Grava\u00e7\u00e3o de conte\u00fado para rede social e TV.<\/li>\n<\/ul>\n<hr class=\"wp-block-separator has-alpha-channel-opacity\"\/>\n<p>SAIBA MAIS<\/p>\n<p>Veja lista de bens declarados pelos candidatos \u00e0 Prefeitura de Ribeir\u00e3o Preto<\/p>\n<h4 class=\"wp-block-heading\"><strong>FIQUE ON<\/strong><\/h4>\n<p>Fique ligado em tudo que acontece em Ribeir\u00e3o Preto e regi\u00e3o. Siga os perfis do\u00a0<strong>acidade on<\/strong>\u00a0no<a href=\"https:\/\/www.instagram.com\/acidadeonribeirao\" target=\"_blank\" rel=\"noreferrer noopener\">\u00a0Instagram<\/a>\u00a0e no\u00a0<a href=\"https:\/\/www.facebook.com\/acidadeonribeirao\/\" target=\"_blank\" rel=\"noreferrer noopener\">Facebook<\/a>.<\/p>\n<p>Receba not\u00edcias do<strong>\u00a0acidade on\u00a0<\/strong>no WhatsApp.\u00a0<a href=\"https:\/\/chat.whatsapp.com\/Dtv9mxhy6V5BJBotM2OQ5k\" target=\"_blank\" rel=\"noreferrer noopener\">Para entrar no grupo, basta clicar aqui.<\/a><\/p>\n<p>Fa\u00e7a uma den\u00fancia ou sugira uma reportagem sobre Ribeir\u00e3o Preto e regi\u00e3o pelo WhatsApp: 16 99117 7802.<\/p>\n<p>VEJA TAMB\u00c9M<\/p>\n<p>Quem \u00e9 a pessoa mais velha do mundo?<\/p>\n<p><!-- CONTENT END 1 -->\n<\/div>\n<\/div>\n<p><script async src=\"\/\/www.instagram.com\/embed.js\"><\/script><br \/>\n<br \/><br \/>\n<br \/><a href=\"https:\/\/www.acidadeon.com\/ribeiraopreto\/politica\/eleicoes\/confira-a-agenda-dos-candidatos-a-prefeitura-de-ribeirao-preto-nesta-quarta-feira-21\/\">Source link <\/a><\/p>\n","protected":false},"excerpt":{"rendered":"<p>Os candidatos \u00e0 Prefeitura de Ribeir\u00e3o Preto divulgaram suas agendas de campanha para a quarta-feira (21). O per\u00edodo de propaganda eleitoral para as elei\u00e7\u00f5es municipais&#8230;<\/p>\n","protected":false},"author":1,"featured_media":61231,"comment_status":"open","ping_status":"open","sticky":false,"template":"","format":"standard","meta":{"_uag_custom_page_level_css":"","advanced_seo_description":"","jetpack_seo_html_title":"","jetpack_seo_noindex":false,"jetpack_post_was_ever_published":false,"_jetpack_newsletter_access":"","_jetpack_dont_email_post_to_subs":false,"_jetpack_newsletter_tier_id":0,"_jetpack_memberships_contains_paywalled_content":false,"_jetpack_memberships_contains_paid_content":false,"footnotes":"","jetpack_publicize_message":"","jetpack_publicize_feature_enabled":true,"jetpack_social_post_already_shared":true,"jetpack_social_options":{"image_generator_settings":{"template":"highway","default_image_id":0,"font":"","enabled":false},"version":2}},"categories":[11],"tags":[],"class_list":["post-61230","post","type-post","status-publish","format-standard","has-post-thumbnail","hentry","category-noticias-de-ribeirao-preto-sp-e-regiao-ismael-colosi"],"jetpack_publicize_connections":[],"jetpack_featured_media_url":"https:\/\/i0.wp.com\/ismaelcolosi.com.br\/wp-content\/uploads\/2024\/08\/inauguracao_centro_administrativo_prefeitura_-_foto_guilherme_sircili_14.jpg?fit=1623%2C1080&ssl=1","uagb_featured_image_src":{"full":["https:\/\/i0.wp.com\/ismaelcolosi.com.br\/wp-content\/uploads\/2024\/08\/inauguracao_centro_administrativo_prefeitura_-_foto_guilherme_sircili_14.jpg?fit=1623%2C1080&ssl=1",1623,1080,false],"thumbnail":["https:\/\/i0.wp.com\/ismaelcolosi.com.br\/wp-content\/uploads\/2024\/08\/inauguracao_centro_administrativo_prefeitura_-_foto_guilherme_sircili_14.jpg?resize=150%2C150&ssl=1",150,150,true],"medium":["https:\/\/i0.wp.com\/ismaelcolosi.com.br\/wp-content\/uploads\/2024\/08\/inauguracao_centro_administrativo_prefeitura_-_foto_guilherme_sircili_14.jpg?fit=300%2C200&ssl=1",300,200,true],"medium_large":["https:\/\/i0.wp.com\/ismaelcolosi.com.br\/wp-content\/uploads\/2024\/08\/inauguracao_centro_administrativo_prefeitura_-_foto_guilherme_sircili_14.jpg?fit=768%2C511&ssl=1",768,511,true],"large":["https:\/\/i0.wp.com\/ismaelcolosi.com.br\/wp-content\/uploads\/2024\/08\/inauguracao_centro_administrativo_prefeitura_-_foto_guilherme_sircili_14.jpg?fit=1024%2C681&ssl=1",1024,681,true],"1536x1536":["https:\/\/i0.wp.com\/ismaelcolosi.com.br\/wp-content\/uploads\/2024\/08\/inauguracao_centro_administrativo_prefeitura_-_foto_guilherme_sircili_14.jpg?fit=1536%2C1022&ssl=1",1536,1022,true],"2048x2048":["https:\/\/i0.wp.com\/ismaelcolosi.com.br\/wp-content\/uploads\/2024\/08\/inauguracao_centro_administrativo_prefeitura_-_foto_guilherme_sircili_14.jpg?fit=1623%2C1080&ssl=1",1623,1080,true],"really-simple-thumb":["https:\/\/i0.wp.com\/ismaelcolosi.com.br\/wp-content\/uploads\/2024\/08\/inauguracao_centro_administrativo_prefeitura_-_foto_guilherme_sircili_14.jpg?resize=370%2C247&ssl=1",370,247,true]},"uagb_author_info":{"display_name":"ismaelcolosi.com.br","author_link":"https:\/\/ismaelcolosi.com.br\/index.php\/author\/vidareal-online\/"},"uagb_comment_info":0,"uagb_excerpt":"Os candidatos \u00e0 Prefeitura de Ribeir\u00e3o Preto divulgaram suas agendas de campanha para a quarta-feira (21). O per\u00edodo de propaganda eleitoral para as elei\u00e7\u00f5es municipais...","jetpack-related-posts":[{"id":69970,"url":"https:\/\/ismaelcolosi.com.br\/index.php\/2024\/10\/08\/confira-a-agenda-dos-candidatos-a-prefeitura-de-ribeirao-preto-nesta-quarta-feira-9\/","url_meta":{"origin":61230,"position":0},"title":"Confira a agenda dos candidatos \u00e0 Prefeitura de Ribeir\u00e3o Preto nesta quarta-feira (9)","author":"ismaelcolosi.com.br","date":"8 de October de 2024","format":false,"excerpt":"Os candidatos \u00e0\u00a0Prefeitura de Ribeir\u00e3o Preto\u00a0divulgaram suas agendas de campanha para\u00a0esta quarta-feira (9). O per\u00edodo de propaganda eleitoral, para o segundo turno, come\u00e7ou no dia 7 de outubro, portanto, candidatos podem apresentar \u00e0s eleitoras e aos eleitores suas ideias e propostas. A publicidade das candidaturas pode ser feita na internet,\u2026","rel":"","context":"In &quot;Not\u00edcias de Ribeir\u00e3o Preto-SP e Regi\u00e3o&quot;","block_context":{"text":"Not\u00edcias de Ribeir\u00e3o Preto-SP e Regi\u00e3o","link":"https:\/\/ismaelcolosi.com.br\/index.php\/category\/noticias-de-ribeirao-preto-sp-e-regiao-ismael-colosi\/"},"img":{"alt_text":"","src":"https:\/\/i0.wp.com\/ismaelcolosi.com.br\/wp-content\/uploads\/2024\/10\/Copia-de-Copia-de-Copia-de-TAMANHO-EXATO-PARA-FOTOS-NO-SISTEMA-NOVO-95_2024-10-06_22-19-13_png_2024-10-06_22-19-13.webp.webp?fit=1200%2C675&ssl=1&resize=350%2C200","width":350,"height":200,"srcset":"https:\/\/i0.wp.com\/ismaelcolosi.com.br\/wp-content\/uploads\/2024\/10\/Copia-de-Copia-de-Copia-de-TAMANHO-EXATO-PARA-FOTOS-NO-SISTEMA-NOVO-95_2024-10-06_22-19-13_png_2024-10-06_22-19-13.webp.webp?fit=1200%2C675&ssl=1&resize=350%2C200 1x, https:\/\/i0.wp.com\/ismaelcolosi.com.br\/wp-content\/uploads\/2024\/10\/Copia-de-Copia-de-Copia-de-TAMANHO-EXATO-PARA-FOTOS-NO-SISTEMA-NOVO-95_2024-10-06_22-19-13_png_2024-10-06_22-19-13.webp.webp?fit=1200%2C675&ssl=1&resize=525%2C300 1.5x, https:\/\/i0.wp.com\/ismaelcolosi.com.br\/wp-content\/uploads\/2024\/10\/Copia-de-Copia-de-Copia-de-TAMANHO-EXATO-PARA-FOTOS-NO-SISTEMA-NOVO-95_2024-10-06_22-19-13_png_2024-10-06_22-19-13.webp.webp?fit=1200%2C675&ssl=1&resize=700%2C400 2x, https:\/\/i0.wp.com\/ismaelcolosi.com.br\/wp-content\/uploads\/2024\/10\/Copia-de-Copia-de-Copia-de-TAMANHO-EXATO-PARA-FOTOS-NO-SISTEMA-NOVO-95_2024-10-06_22-19-13_png_2024-10-06_22-19-13.webp.webp?fit=1200%2C675&ssl=1&resize=1050%2C600 3x"},"classes":[]},{"id":71331,"url":"https:\/\/ismaelcolosi.com.br\/index.php\/2024\/10\/15\/confira-a-agenda-dos-candidatos-a-prefeitura-de-ribeirao-preto-nesta-quarta-feira-16\/","url_meta":{"origin":61230,"position":1},"title":"Confira a agenda dos candidatos \u00e0 Prefeitura de Ribeir\u00e3o Preto nesta quarta-feira (16)","author":"ismaelcolosi.com.br","date":"15 de October de 2024","format":false,"excerpt":"Os candidatos \u00e0\u00a0Prefeitura de Ribeir\u00e3o Preto\u00a0divulgaram suas agendas de campanha para esta quarta-feira (16). O per\u00edodo de propaganda eleitoral, para o segundo turno, come\u00e7ou no dia 7 de outubro, portanto,\u00a0candidatos podem apresentar \u00e0s eleitoras e aos eleitores suas ideias e propostas. A publicidade das candidaturas pode ser feita na internet,\u2026","rel":"","context":"In &quot;Not\u00edcias de Ribeir\u00e3o Preto-SP e Regi\u00e3o&quot;","block_context":{"text":"Not\u00edcias de Ribeir\u00e3o Preto-SP e Regi\u00e3o","link":"https:\/\/ismaelcolosi.com.br\/index.php\/category\/noticias-de-ribeirao-preto-sp-e-regiao-ismael-colosi\/"},"img":{"alt_text":"","src":"https:\/\/i0.wp.com\/ismaelcolosi.com.br\/wp-content\/uploads\/2024\/10\/Copia-de-Copia-de-Copia-de-TAMANHO-EXATO-PARA-FOTOS-NO-SISTEMA-NOVO-95_2024-10-06_22-19-13_png_2024-10-06_22-19-13.webp.webp?fit=1200%2C675&ssl=1&resize=350%2C200","width":350,"height":200,"srcset":"https:\/\/i0.wp.com\/ismaelcolosi.com.br\/wp-content\/uploads\/2024\/10\/Copia-de-Copia-de-Copia-de-TAMANHO-EXATO-PARA-FOTOS-NO-SISTEMA-NOVO-95_2024-10-06_22-19-13_png_2024-10-06_22-19-13.webp.webp?fit=1200%2C675&ssl=1&resize=350%2C200 1x, https:\/\/i0.wp.com\/ismaelcolosi.com.br\/wp-content\/uploads\/2024\/10\/Copia-de-Copia-de-Copia-de-TAMANHO-EXATO-PARA-FOTOS-NO-SISTEMA-NOVO-95_2024-10-06_22-19-13_png_2024-10-06_22-19-13.webp.webp?fit=1200%2C675&ssl=1&resize=525%2C300 1.5x, https:\/\/i0.wp.com\/ismaelcolosi.com.br\/wp-content\/uploads\/2024\/10\/Copia-de-Copia-de-Copia-de-TAMANHO-EXATO-PARA-FOTOS-NO-SISTEMA-NOVO-95_2024-10-06_22-19-13_png_2024-10-06_22-19-13.webp.webp?fit=1200%2C675&ssl=1&resize=700%2C400 2x, https:\/\/i0.wp.com\/ismaelcolosi.com.br\/wp-content\/uploads\/2024\/10\/Copia-de-Copia-de-Copia-de-TAMANHO-EXATO-PARA-FOTOS-NO-SISTEMA-NOVO-95_2024-10-06_22-19-13_png_2024-10-06_22-19-13.webp.webp?fit=1200%2C675&ssl=1&resize=1050%2C600 3x"},"classes":[]},{"id":63783,"url":"https:\/\/ismaelcolosi.com.br\/index.php\/2024\/09\/03\/confira-a-agenda-dos-candidatos-a-prefeitura-de-ribeirao-preto-nesta-quarta-feira-4\/","url_meta":{"origin":61230,"position":2},"title":"Confira a agenda dos candidatos \u00e0 Prefeitura de Ribeir\u00e3o Preto nesta quarta-feira (4)","author":"ismaelcolosi.com.br","date":"3 de September de 2024","format":false,"excerpt":"Os\u00a0candidatos\u00a0\u00e0\u00a0Prefeitura de Ribeir\u00e3o Preto\u00a0divulgaram suas\u00a0agendas de campanha\u00a0para\u00a0esta quarta-feira (4). O per\u00edodo de\u00a0propaganda eleitoral\u00a0come\u00e7ou no dia 16 de agosto, portanto, candidatos podem apresentar \u00e0s eleitoras e aos eleitores suas\u00a0ideias\u00a0e\u00a0propostas. A\u00a0publicidade das candidaturas\u00a0pode ser feita na\u00a0internet, na\u00a0rua, na\u00a0imprensa escrita, em\u00a0casas,\u00a0ve\u00edculos\u00a0e\u00a0outros bens particulares. Entre os dias 30 de agosto e 3 de outubro\u2026","rel":"","context":"In &quot;Not\u00edcias de Ribeir\u00e3o Preto-SP e Regi\u00e3o&quot;","block_context":{"text":"Not\u00edcias de Ribeir\u00e3o Preto-SP e Regi\u00e3o","link":"https:\/\/ismaelcolosi.com.br\/index.php\/category\/noticias-de-ribeirao-preto-sp-e-regiao-ismael-colosi\/"},"img":{"alt_text":"","src":"https:\/\/i0.wp.com\/ismaelcolosi.com.br\/wp-content\/uploads\/2024\/09\/VocsabiaqueaPraaSetedeSetembrojfoiumcemitrio_Tamanho_2_image.jpg?fit=1200%2C900&ssl=1&resize=350%2C200","width":350,"height":200,"srcset":"https:\/\/i0.wp.com\/ismaelcolosi.com.br\/wp-content\/uploads\/2024\/09\/VocsabiaqueaPraaSetedeSetembrojfoiumcemitrio_Tamanho_2_image.jpg?fit=1200%2C900&ssl=1&resize=350%2C200 1x, https:\/\/i0.wp.com\/ismaelcolosi.com.br\/wp-content\/uploads\/2024\/09\/VocsabiaqueaPraaSetedeSetembrojfoiumcemitrio_Tamanho_2_image.jpg?fit=1200%2C900&ssl=1&resize=525%2C300 1.5x, https:\/\/i0.wp.com\/ismaelcolosi.com.br\/wp-content\/uploads\/2024\/09\/VocsabiaqueaPraaSetedeSetembrojfoiumcemitrio_Tamanho_2_image.jpg?fit=1200%2C900&ssl=1&resize=700%2C400 2x, https:\/\/i0.wp.com\/ismaelcolosi.com.br\/wp-content\/uploads\/2024\/09\/VocsabiaqueaPraaSetedeSetembrojfoiumcemitrio_Tamanho_2_image.jpg?fit=1200%2C900&ssl=1&resize=1050%2C600 3x"},"classes":[]},{"id":62513,"url":"https:\/\/ismaelcolosi.com.br\/index.php\/2024\/08\/27\/confira-a-agenda-dos-candidatos-a-prefeitura-de-ribeirao-preto-nesta-quarta-feira-28\/","url_meta":{"origin":61230,"position":3},"title":"Confira a agenda dos candidatos \u00e0 Prefeitura de Ribeir\u00e3o Preto nesta quarta-feira (28)","author":"ismaelcolosi.com.br","date":"27 de August de 2024","format":false,"excerpt":"Os\u00a0candidatos\u00a0\u00e0\u00a0Prefeitura de Ribeir\u00e3o Preto\u00a0divulgaram suas\u00a0agendas de campanha\u00a0para a\u00a0quarta-feira (28). O per\u00edodo de\u00a0propaganda eleitoral\u00a0come\u00e7ou no dia 16 de agosto, portanto, candidatos podem apresentar \u00e0s eleitoras e aos eleitores suas\u00a0ideias\u00a0e\u00a0propostas. A\u00a0publicidade das candidaturas\u00a0pode ser feita na\u00a0internet, na\u00a0rua, na\u00a0imprensa escrita, em\u00a0casas,\u00a0ve\u00edculos\u00a0e\u00a0outros bens particulares. Entre os dias 30 de agosto e 3 de outubro\u2026","rel":"","context":"In &quot;Not\u00edcias de Ribeir\u00e3o Preto-SP e Regi\u00e3o&quot;","block_context":{"text":"Not\u00edcias de Ribeir\u00e3o Preto-SP e Regi\u00e3o","link":"https:\/\/ismaelcolosi.com.br\/index.php\/category\/noticias-de-ribeirao-preto-sp-e-regiao-ismael-colosi\/"},"img":{"alt_text":"","src":"https:\/\/i0.wp.com\/ismaelcolosi.com.br\/wp-content\/uploads\/2024\/08\/eu_ano_1200x675_19102021131728.jpg?fit=1200%2C675&ssl=1&resize=350%2C200","width":350,"height":200,"srcset":"https:\/\/i0.wp.com\/ismaelcolosi.com.br\/wp-content\/uploads\/2024\/08\/eu_ano_1200x675_19102021131728.jpg?fit=1200%2C675&ssl=1&resize=350%2C200 1x, https:\/\/i0.wp.com\/ismaelcolosi.com.br\/wp-content\/uploads\/2024\/08\/eu_ano_1200x675_19102021131728.jpg?fit=1200%2C675&ssl=1&resize=525%2C300 1.5x, https:\/\/i0.wp.com\/ismaelcolosi.com.br\/wp-content\/uploads\/2024\/08\/eu_ano_1200x675_19102021131728.jpg?fit=1200%2C675&ssl=1&resize=700%2C400 2x, https:\/\/i0.wp.com\/ismaelcolosi.com.br\/wp-content\/uploads\/2024\/08\/eu_ano_1200x675_19102021131728.jpg?fit=1200%2C675&ssl=1&resize=1050%2C600 3x"},"classes":[]},{"id":65117,"url":"https:\/\/ismaelcolosi.com.br\/index.php\/2024\/09\/10\/confira-a-agenda-dos-candidatos-a-prefeitura-de-ribeirao-preto-nesta-quarta-feira-11\/","url_meta":{"origin":61230,"position":4},"title":"Confira a agenda dos candidatos \u00e0 Prefeitura de Ribeir\u00e3o Preto nesta quarta-feira (11)","author":"ismaelcolosi.com.br","date":"10 de September de 2024","format":false,"excerpt":"Os candidatos \u00e0\u00a0Prefeitura de Ribeir\u00e3o Preto\u00a0divulgaram suas agendas de campanha para esta quarta-feira (11). O per\u00edodo de propaganda eleitoral come\u00e7ou no dia 16 de agosto, portanto, candidatos podem apresentar \u00e0s eleitoras e aos eleitores suas ideias e propostas. A publicidade das candidaturas pode ser feita na internet, na rua, na\u2026","rel":"","context":"In &quot;Not\u00edcias de Ribeir\u00e3o Preto-SP e Regi\u00e3o&quot;","block_context":{"text":"Not\u00edcias de Ribeir\u00e3o Preto-SP e Regi\u00e3o","link":"https:\/\/ismaelcolosi.com.br\/index.php\/category\/noticias-de-ribeirao-preto-sp-e-regiao-ismael-colosi\/"},"img":{"alt_text":"","src":"https:\/\/i0.wp.com\/ismaelcolosi.com.br\/wp-content\/uploads\/2024\/09\/transito-ribeirao-preto.jpg?fit=1200%2C900&ssl=1&resize=350%2C200","width":350,"height":200,"srcset":"https:\/\/i0.wp.com\/ismaelcolosi.com.br\/wp-content\/uploads\/2024\/09\/transito-ribeirao-preto.jpg?fit=1200%2C900&ssl=1&resize=350%2C200 1x, https:\/\/i0.wp.com\/ismaelcolosi.com.br\/wp-content\/uploads\/2024\/09\/transito-ribeirao-preto.jpg?fit=1200%2C900&ssl=1&resize=525%2C300 1.5x, https:\/\/i0.wp.com\/ismaelcolosi.com.br\/wp-content\/uploads\/2024\/09\/transito-ribeirao-preto.jpg?fit=1200%2C900&ssl=1&resize=700%2C400 2x, https:\/\/i0.wp.com\/ismaelcolosi.com.br\/wp-content\/uploads\/2024\/09\/transito-ribeirao-preto.jpg?fit=1200%2C900&ssl=1&resize=1050%2C600 3x"},"classes":[]},{"id":66506,"url":"https:\/\/ismaelcolosi.com.br\/index.php\/2024\/09\/17\/confira-a-agenda-dos-candidatos-a-prefeitura-de-ribeirao-preto-nesta-quarta-feira-18\/","url_meta":{"origin":61230,"position":5},"title":"Confira a agenda dos candidatos \u00e0 Prefeitura de Ribeir\u00e3o Preto nesta quarta-feira (18)","author":"ismaelcolosi.com.br","date":"17 de September de 2024","format":false,"excerpt":"Os candidatos \u00e0\u00a0Prefeitura de Ribeir\u00e3o Preto\u00a0divulgaram suas agendas de campanha para esta quarta-feira (18). O per\u00edodo de propaganda eleitoral come\u00e7ou no dia 16 de agosto, portanto, candidatos podem apresentar \u00e0s eleitoras e aos eleitores suas ideias e propostas. A publicidade das candidaturas pode ser feita na internet, na rua, na\u2026","rel":"","context":"In &quot;Not\u00edcias de Ribeir\u00e3o Preto-SP e Regi\u00e3o&quot;","block_context":{"text":"Not\u00edcias de Ribeir\u00e3o Preto-SP e Regi\u00e3o","link":"https:\/\/ismaelcolosi.com.br\/index.php\/category\/noticias-de-ribeirao-preto-sp-e-regiao-ismael-colosi\/"},"img":{"alt_text":"","src":"https:\/\/i0.wp.com\/ismaelcolosi.com.br\/wp-content\/uploads\/2024\/09\/PrefeiturarestauramonumentosdaPraaXVemRibeiroPreto_Tamanho_2_image.jpg?fit=1200%2C900&ssl=1&resize=350%2C200","width":350,"height":200,"srcset":"https:\/\/i0.wp.com\/ismaelcolosi.com.br\/wp-content\/uploads\/2024\/09\/PrefeiturarestauramonumentosdaPraaXVemRibeiroPreto_Tamanho_2_image.jpg?fit=1200%2C900&ssl=1&resize=350%2C200 1x, https:\/\/i0.wp.com\/ismaelcolosi.com.br\/wp-content\/uploads\/2024\/09\/PrefeiturarestauramonumentosdaPraaXVemRibeiroPreto_Tamanho_2_image.jpg?fit=1200%2C900&ssl=1&resize=525%2C300 1.5x, https:\/\/i0.wp.com\/ismaelcolosi.com.br\/wp-content\/uploads\/2024\/09\/PrefeiturarestauramonumentosdaPraaXVemRibeiroPreto_Tamanho_2_image.jpg?fit=1200%2C900&ssl=1&resize=700%2C400 2x, https:\/\/i0.wp.com\/ismaelcolosi.com.br\/wp-content\/uploads\/2024\/09\/PrefeiturarestauramonumentosdaPraaXVemRibeiroPreto_Tamanho_2_image.jpg?fit=1200%2C900&ssl=1&resize=1050%2C600 3x"},"classes":[]}],"jetpack_sharing_enabled":true,"jetpack_shortlink":"https:\/\/wp.me\/pfMlyK-fVA","_links":{"self":[{"href":"https:\/\/ismaelcolosi.com.br\/index.php\/wp-json\/wp\/v2\/posts\/61230","targetHints":{"allow":["GET"]}}],"collection":[{"href":"https:\/\/ismaelcolosi.com.br\/index.php\/wp-json\/wp\/v2\/posts"}],"about":[{"href":"https:\/\/ismaelcolosi.com.br\/index.php\/wp-json\/wp\/v2\/types\/post"}],"author":[{"embeddable":true,"href":"https:\/\/ismaelcolosi.com.br\/index.php\/wp-json\/wp\/v2\/users\/1"}],"replies":[{"embeddable":true,"href":"https:\/\/ismaelcolosi.com.br\/index.php\/wp-json\/wp\/v2\/comments?post=61230"}],"version-history":[{"count":0,"href":"https:\/\/ismaelcolosi.com.br\/index.php\/wp-json\/wp\/v2\/posts\/61230\/revisions"}],"wp:featuredmedia":[{"embeddable":true,"href":"https:\/\/ismaelcolosi.com.br\/index.php\/wp-json\/wp\/v2\/media\/61231"}],"wp:attachment":[{"href":"https:\/\/ismaelcolosi.com.br\/index.php\/wp-json\/wp\/v2\/media?parent=61230"}],"wp:term":[{"taxonomy":"category","embeddable":true,"href":"https:\/\/ismaelcolosi.com.br\/index.php\/wp-json\/wp\/v2\/categories?post=61230"},{"taxonomy":"post_tag","embeddable":true,"href":"https:\/\/ismaelcolosi.com.br\/index.php\/wp-json\/wp\/v2\/tags?post=61230"}],"curies":[{"name":"wp","href":"https:\/\/api.w.org\/{rel}","templated":true}]}}