{"id":61188,"date":"2024-08-20T16:22:27","date_gmt":"2024-08-20T19:22:27","guid":{"rendered":"https:\/\/ismaelcolosi.com.br\/index.php\/2024\/08\/20\/o-que-se-sabe-sobre-relato-de-ovni-no-brasil-feito-por-pilotos-de-aviao\/"},"modified":"2024-08-20T16:22:27","modified_gmt":"2024-08-20T19:22:27","slug":"o-que-se-sabe-sobre-relato-de-ovni-no-brasil-feito-por-pilotos-de-aviao","status":"publish","type":"post","link":"https:\/\/ismaelcolosi.com.br\/index.php\/2024\/08\/20\/o-que-se-sabe-sobre-relato-de-ovni-no-brasil-feito-por-pilotos-de-aviao\/","title":{"rendered":"O que se sabe sobre relato de \u00d3vni no Brasil feito por pilotos de avi\u00e3o"},"content":{"rendered":"<p> <br \/>\n<\/p>\n<div>\n<p>Um documento divulgado pelo <strong>Arquivo Nacional <\/strong>mostra que tr\u00eas pilotos de avi\u00e3o relataram ter visto um<strong> \u00d3vni (Objeto Voador N\u00e3o Identificado)<\/strong> em 24 de janeiro de 2014 no Brasil. <mark style=\"background-color:#fcb900\" class=\"has-inline-color has-black-color\">A sigla \u00e9 usada para se referir a qualquer objeto no c\u00e9u do qual n\u00e3o se sabe a \u201corigem natural\u201d, podendo ser um drone, uma estrela, um sat\u00e9lite ou um bal\u00e3o meteorol\u00f3gico, por exemplo.<\/mark><\/p>\n<p>Segundo relat\u00f3rio da FAB, o primeiro piloto a relatar sobre o \u00f3vni avistou o objeto \u00e0s 12h10, quando estava descendo em um aeroporto no Cear\u00e1. O relato dele mostra que foi necess\u00e1rio uma \u201cmanobra evasiva\u201d para evitar a colis\u00e3o.<\/p>\n<p>Depois disso, demorou cinco minutos para um segundo profissional ver o objeto na mesma regi\u00e3o. Os dois descrevem que o objeto \u201cestava voando muito r\u00e1pido e em movimentos zigue-zague\u201d.<\/p>\n<p>Quarenta minutos depois, um terceiro piloto avistou e relatou a velocidade alta do \u00f3vni. Al\u00e9m disso, ele reportou que o objeto passou a 91 metros da aeronave, sendo poss\u00edvel constatar a cor branca do \u00f3vni por meio de contato visual.<\/p>\n<p>\u201cO mesmo reportou que fez manobra evasiva para evitar colis\u00e3o e que o objeto estava bastante veloz, passando aproximadamente 300 p\u00e9s [91 metros] da aeronave. O piloto informou ainda que teve contato visual com o OVNI e que possu\u00eda cor branca\u201d, diz o relat\u00f3rio.<\/p>\n<p><mark style=\"background-color:#fcb900\" class=\"has-inline-color has-black-color\">O documento estava classificado como \u201creservado\u201d desde a data do seu registro.<\/mark> Em um campo destinado a classificar a velocidade do objeto, h\u00e1 a informa\u00e7\u00e3o \u201csuper s\u00f4nica (muito veloz)\u201d.<\/p>\n<p>O registro n\u00e3o detalha provid\u00eancias posteriores eventualmente adotadas para apurar o relato. Procurada pelo Estad\u00e3o, a FAB n\u00e3o se posicionou sobre o caso (com informa\u00e7\u00f5es Luccas Lucena\/Estad\u00e3o Conte\u00fado).<\/p>\n<p>SAIBA MAIS<br \/>Ribeir\u00e3o Preto recebe mais uma visita cultural no cemit\u00e9rio da Saudade; Veja como participar<\/p>\n<h4 class=\"wp-block-heading\"><strong>FIQUE ON<\/strong><\/h4>\n<p>Fique ligado em tudo que acontece em Ribeir\u00e3o Preto e regi\u00e3o. Siga os perfis do<strong> acidade on <\/strong>no<a href=\"https:\/\/www.instagram.com\/acidadeonribeirao\" target=\"_blank\" rel=\"noreferrer noopener nofollow\"> Instagram <\/a>e no <a href=\"https:\/\/www.facebook.com\/acidadeonribeirao\/\" target=\"_blank\" rel=\"noreferrer noopener nofollow\">Facebook<\/a>.<\/p>\n<p>Receba not\u00edcias do <strong>acidade on<\/strong> no WhatsApp. <a href=\"https:\/\/chat.whatsapp.com\/Dtv9mxhy6V5BJBotM2OQ5k\" target=\"_blank\" rel=\"noreferrer noopener nofollow\">Para entrar no grupo, basta clicar aqui.<\/a><\/p>\n<p>Fa\u00e7a uma den\u00fancia ou sugira uma reportagem sobre Ribeir\u00e3o Preto e regi\u00e3o pelo WhatsApp: 16 99117 7802.<\/p>\n<p>VEJA TAMB\u00c9M<br \/>Batata rosti com carne-seca; aprenda a fazer<\/p>\n<p><!-- CONTENT END 1 -->\n<\/div>\n<p><script async src=\"\/\/www.instagram.com\/embed.js\"><\/script><br \/>\n<br \/><br \/>\n<br \/><a href=\"https:\/\/www.acidadeon.com\/ribeiraopreto\/cotidiano\/o-que-se-sabe-sobre-relato-de-ovni-no-brasil-feito-por-pilotos-de-aviao\/\">Source link <\/a><\/p>\n","protected":false},"excerpt":{"rendered":"<p>Um documento divulgado pelo Arquivo Nacional mostra que tr\u00eas pilotos de avi\u00e3o relataram ter visto um \u00d3vni (Objeto Voador N\u00e3o Identificado) em 24 de janeiro&#8230;<\/p>\n","protected":false},"author":1,"featured_media":61189,"comment_status":"open","ping_status":"open","sticky":false,"template":"","format":"standard","meta":{"_uag_custom_page_level_css":"","advanced_seo_description":"","jetpack_seo_html_title":"","jetpack_seo_noindex":false,"jetpack_post_was_ever_published":false,"_jetpack_newsletter_access":"","_jetpack_dont_email_post_to_subs":false,"_jetpack_newsletter_tier_id":0,"_jetpack_memberships_contains_paywalled_content":false,"_jetpack_memberships_contains_paid_content":false,"footnotes":"","jetpack_publicize_message":"","jetpack_publicize_feature_enabled":true,"jetpack_social_post_already_shared":true,"jetpack_social_options":{"image_generator_settings":{"template":"highway","default_image_id":0,"font":"","enabled":false},"version":2}},"categories":[11],"tags":[],"class_list":["post-61188","post","type-post","status-publish","format-standard","has-post-thumbnail","hentry","category-noticias-de-ribeirao-preto-sp-e-regiao-ismael-colosi"],"jetpack_publicize_connections":[],"jetpack_featured_media_url":"https:\/\/i0.wp.com\/ismaelcolosi.com.br\/wp-content\/uploads\/2024\/08\/ovni_2024-08-20_17-52-48_jpg_2024-08-20_17-52-48.webp.webp?fit=1209%2C750&ssl=1","uagb_featured_image_src":{"full":["https:\/\/i0.wp.com\/ismaelcolosi.com.br\/wp-content\/uploads\/2024\/08\/ovni_2024-08-20_17-52-48_jpg_2024-08-20_17-52-48.webp.webp?fit=1209%2C750&ssl=1",1209,750,false],"thumbnail":["https:\/\/i0.wp.com\/ismaelcolosi.com.br\/wp-content\/uploads\/2024\/08\/ovni_2024-08-20_17-52-48_jpg_2024-08-20_17-52-48.webp.webp?resize=150%2C150&ssl=1",150,150,true],"medium":["https:\/\/i0.wp.com\/ismaelcolosi.com.br\/wp-content\/uploads\/2024\/08\/ovni_2024-08-20_17-52-48_jpg_2024-08-20_17-52-48.webp.webp?fit=300%2C186&ssl=1",300,186,true],"medium_large":["https:\/\/i0.wp.com\/ismaelcolosi.com.br\/wp-content\/uploads\/2024\/08\/ovni_2024-08-20_17-52-48_jpg_2024-08-20_17-52-48.webp.webp?fit=768%2C476&ssl=1",768,476,true],"large":["https:\/\/i0.wp.com\/ismaelcolosi.com.br\/wp-content\/uploads\/2024\/08\/ovni_2024-08-20_17-52-48_jpg_2024-08-20_17-52-48.webp.webp?fit=1024%2C635&ssl=1",1024,635,true],"1536x1536":["https:\/\/i0.wp.com\/ismaelcolosi.com.br\/wp-content\/uploads\/2024\/08\/ovni_2024-08-20_17-52-48_jpg_2024-08-20_17-52-48.webp.webp?fit=1209%2C750&ssl=1",1209,750,true],"2048x2048":["https:\/\/i0.wp.com\/ismaelcolosi.com.br\/wp-content\/uploads\/2024\/08\/ovni_2024-08-20_17-52-48_jpg_2024-08-20_17-52-48.webp.webp?fit=1209%2C750&ssl=1",1209,750,true],"really-simple-thumb":["https:\/\/i0.wp.com\/ismaelcolosi.com.br\/wp-content\/uploads\/2024\/08\/ovni_2024-08-20_17-52-48_jpg_2024-08-20_17-52-48.webp.webp?resize=370%2C247&ssl=1",370,247,true]},"uagb_author_info":{"display_name":"ismaelcolosi.com.br","author_link":"https:\/\/ismaelcolosi.com.br\/index.php\/author\/vidareal-online\/"},"uagb_comment_info":0,"uagb_excerpt":"Um documento divulgado pelo Arquivo Nacional mostra que tr\u00eas pilotos de avi\u00e3o relataram ter visto um \u00d3vni (Objeto Voador N\u00e3o Identificado) em 24 de janeiro...","jetpack-related-posts":[{"id":61796,"url":"https:\/\/ismaelcolosi.com.br\/index.php\/2024\/08\/23\/comerciante-morre-apos-sofrer-acidente-com-moto-e-permanecer-internado-em-ribeirao\/","url_meta":{"origin":61188,"position":0},"title":"Comerciante morre ap\u00f3s sofrer acidente com moto e permanecer internado em Ribeir\u00e3o","author":"ismaelcolosi.com.br","date":"23 de August de 2024","format":false,"excerpt":"Um comerciante de 46 anos morreu nesta quinta-feira (22), depois de sofrer um acidente com moto na \u00faltima ter\u00e7a-feira (20) e permanecer internado em um hospital particular de Ribeir\u00e3o Preto. Segundo o boletim de ocorr\u00eancia (BO), a v\u00edtima, identificada como Rodrigo Chiari, estava em uma moto Honda CG 150, que\u2026","rel":"","context":"In &quot;Not\u00edcias de Ribeir\u00e3o Preto-SP e Regi\u00e3o&quot;","block_context":{"text":"Not\u00edcias de Ribeir\u00e3o Preto-SP e Regi\u00e3o","link":"https:\/\/ismaelcolosi.com.br\/index.php\/category\/noticias-de-ribeirao-preto-sp-e-regiao-ismael-colosi\/"},"img":{"alt_text":"","src":"https:\/\/i0.wp.com\/ismaelcolosi.com.br\/wp-content\/uploads\/2024\/08\/cpj_policia_1024x576_21012021082231.jpg?fit=1024%2C576&ssl=1&resize=350%2C200","width":350,"height":200,"srcset":"https:\/\/i0.wp.com\/ismaelcolosi.com.br\/wp-content\/uploads\/2024\/08\/cpj_policia_1024x576_21012021082231.jpg?fit=1024%2C576&ssl=1&resize=350%2C200 1x, https:\/\/i0.wp.com\/ismaelcolosi.com.br\/wp-content\/uploads\/2024\/08\/cpj_policia_1024x576_21012021082231.jpg?fit=1024%2C576&ssl=1&resize=525%2C300 1.5x, https:\/\/i0.wp.com\/ismaelcolosi.com.br\/wp-content\/uploads\/2024\/08\/cpj_policia_1024x576_21012021082231.jpg?fit=1024%2C576&ssl=1&resize=700%2C400 2x"},"classes":[]},{"id":4665,"url":"https:\/\/ismaelcolosi.com.br\/index.php\/2023\/11\/22\/quem-e-a-mulher-que-perdeu-a-vida-apos-ter-carro-atingido-por-objeto-lancado-de-cima-de-viaduto-no-rj\/","url_meta":{"origin":61188,"position":1},"title":"Quem \u00e9 a mulher que perdeu a vida ap\u00f3s ter carro atingido por objeto lan\u00e7ado de cima de viaduto no RJ","author":"ismaelcolosi.com.br","date":"22 de November de 2023","format":false,"excerpt":"Uma mulher de 41 anos, que perdeu a vida ap\u00f3s ser atingida por um objeto que provavelmente foi arremessado \u2013 sobre seu carro debaixo do viaduto Oscar Brito, na Avenida Brasil, em Campo Grande, estava prestes a se casar em janeiro.A an\u00e1lise pericial confirmou que os danos no ve\u00edculo apresentavam\u2026","rel":"","context":"In &quot;Blog&quot;","block_context":{"text":"Blog","link":"https:\/\/ismaelcolosi.com.br\/index.php\/category\/blog\/"},"img":{"alt_text":"","src":"https:\/\/i0.wp.com\/ismaelcolosi.com.br\/wp-content\/uploads\/2023\/11\/postimg-655d89af81bcb5151.jpg?fit=1200%2C628&ssl=1&resize=350%2C200","width":350,"height":200,"srcset":"https:\/\/i0.wp.com\/ismaelcolosi.com.br\/wp-content\/uploads\/2023\/11\/postimg-655d89af81bcb5151.jpg?fit=1200%2C628&ssl=1&resize=350%2C200 1x, https:\/\/i0.wp.com\/ismaelcolosi.com.br\/wp-content\/uploads\/2023\/11\/postimg-655d89af81bcb5151.jpg?fit=1200%2C628&ssl=1&resize=525%2C300 1.5x, https:\/\/i0.wp.com\/ismaelcolosi.com.br\/wp-content\/uploads\/2023\/11\/postimg-655d89af81bcb5151.jpg?fit=1200%2C628&ssl=1&resize=700%2C400 2x, https:\/\/i0.wp.com\/ismaelcolosi.com.br\/wp-content\/uploads\/2023\/11\/postimg-655d89af81bcb5151.jpg?fit=1200%2C628&ssl=1&resize=1050%2C600 3x"},"classes":[]},{"id":34897,"url":"https:\/\/ismaelcolosi.com.br\/index.php\/2024\/02\/04\/atestado-aponta-causa-da-m0rte-da-jovem-que-esteve-com-jogador-e-detalhes-sao-revelados-objeto-introduver-mais\/","url_meta":{"origin":61188,"position":2},"title":"Atestado aponta causa da M0RTE da jovem que esteve com jogador e detalhes s\u00e3o REVELADOS: &#8220;Objeto introdu\u2026Ver mais","author":"ismaelcolosi.com.br","date":"4 de February de 2024","format":false,"excerpt":"Uma jovem chamada L\u00edvia Gabriele da Silva Matos de apenas 19 anos de idade sofreu uma fatalidade nesta \u00faltima ter\u00e7a (30) e o caso est\u00e1 levantando discuss\u00f5es nas redes sociais. A garota que estava em um encontro com o jogador de futebol Dimas C\u00e2ndido de Oliveira Filho acabou vindo a\u2026","rel":"","context":"In &quot;Variedades&quot;","block_context":{"text":"Variedades","link":"https:\/\/ismaelcolosi.com.br\/index.php\/category\/variedades\/"},"img":{"alt_text":"","src":"https:\/\/i0.wp.com\/ismaelcolosi.com.br\/wp-content\/uploads\/2024\/02\/Captura-de-tela-2024-02-03-130924.webp.webp?fit=633%2C349&ssl=1&resize=350%2C200","width":350,"height":200,"srcset":"https:\/\/i0.wp.com\/ismaelcolosi.com.br\/wp-content\/uploads\/2024\/02\/Captura-de-tela-2024-02-03-130924.webp.webp?fit=633%2C349&ssl=1&resize=350%2C200 1x, https:\/\/i0.wp.com\/ismaelcolosi.com.br\/wp-content\/uploads\/2024\/02\/Captura-de-tela-2024-02-03-130924.webp.webp?fit=633%2C349&ssl=1&resize=525%2C300 1.5x"},"classes":[]},{"id":44433,"url":"https:\/\/ismaelcolosi.com.br\/index.php\/2024\/03\/27\/caes-entendem-significado-de-objetos-como-humanos\/","url_meta":{"origin":61188,"position":3},"title":"C\u00e3es entendem significado de objetos como humanos\u00a0","author":"ismaelcolosi.com.br","date":"27 de March de 2024","format":false,"excerpt":"27 de mar\u00e7o de 2024 | 17:0027 de mar\u00e7o de 2024 | 12:54 0 Ramana Rech (AE)\u00a0\u00a0Uma pesquisa conduzida por cientistas de uma universidade da Hungria indicou que cachorros conseguem entender o significado de alguns objetos, desde que eles se importem com aquilo, em uma resposta similar ao de seres\u2026","rel":"","context":"In &quot;Not\u00edcias de Ribeir\u00e3o Preto-SP e Regi\u00e3o&quot;","block_context":{"text":"Not\u00edcias de Ribeir\u00e3o Preto-SP e Regi\u00e3o","link":"https:\/\/ismaelcolosi.com.br\/index.php\/category\/noticias-de-ribeirao-preto-sp-e-regiao-ismael-colosi\/"},"img":{"alt_text":"","src":"https:\/\/i0.wp.com\/ismaelcolosi.com.br\/wp-content\/uploads\/2024\/03\/Cachorro-Guilherme-Sircili.jpg?fit=750%2C500&ssl=1&resize=350%2C200","width":350,"height":200,"srcset":"https:\/\/i0.wp.com\/ismaelcolosi.com.br\/wp-content\/uploads\/2024\/03\/Cachorro-Guilherme-Sircili.jpg?fit=750%2C500&ssl=1&resize=350%2C200 1x, https:\/\/i0.wp.com\/ismaelcolosi.com.br\/wp-content\/uploads\/2024\/03\/Cachorro-Guilherme-Sircili.jpg?fit=750%2C500&ssl=1&resize=525%2C300 1.5x, https:\/\/i0.wp.com\/ismaelcolosi.com.br\/wp-content\/uploads\/2024\/03\/Cachorro-Guilherme-Sircili.jpg?fit=750%2C500&ssl=1&resize=700%2C400 2x"},"classes":[]},{"id":64426,"url":"https:\/\/ismaelcolosi.com.br\/index.php\/2024\/09\/07\/entenda-o-relatorio-preliminar-do-cenipa-sobre-o-acidente-da-voepass\/","url_meta":{"origin":61188,"position":4},"title":"Entenda o relat\u00f3rio preliminar do Cenipa sobre o acidente da Voepass","author":"ismaelcolosi.com.br","date":"7 de September de 2024","format":false,"excerpt":"O Cenipa (Centro de Investiga\u00e7\u00e3o e Preven\u00e7\u00e3o de Acidentes Aeron\u00e1uticos) apresentou nesta sexta-feira (6) o relat\u00f3rio preliminar do acidente do avi\u00e3o Voepass, que caiu em Vinhedo, no interior de S\u00e3o Paulo, no dia 9 de agosto. A trag\u00e9dia provocou a morte das 62 pessoas que estavam a bordo. A aeronave,\u2026","rel":"","context":"In &quot;Not\u00edcias de Ribeir\u00e3o Preto-SP e Regi\u00e3o&quot;","block_context":{"text":"Not\u00edcias de Ribeir\u00e3o Preto-SP e Regi\u00e3o","link":"https:\/\/ismaelcolosi.com.br\/index.php\/category\/noticias-de-ribeirao-preto-sp-e-regiao-ismael-colosi\/"},"img":{"alt_text":"","src":"https:\/\/i0.wp.com\/ismaelcolosi.com.br\/wp-content\/uploads\/2024\/09\/paulo-froes_2024-09-06_21-21-53_jpeg_2024-09-06_21-21-53.webp.webp?fit=1200%2C900&ssl=1&resize=350%2C200","width":350,"height":200,"srcset":"https:\/\/i0.wp.com\/ismaelcolosi.com.br\/wp-content\/uploads\/2024\/09\/paulo-froes_2024-09-06_21-21-53_jpeg_2024-09-06_21-21-53.webp.webp?fit=1200%2C900&ssl=1&resize=350%2C200 1x, https:\/\/i0.wp.com\/ismaelcolosi.com.br\/wp-content\/uploads\/2024\/09\/paulo-froes_2024-09-06_21-21-53_jpeg_2024-09-06_21-21-53.webp.webp?fit=1200%2C900&ssl=1&resize=525%2C300 1.5x, https:\/\/i0.wp.com\/ismaelcolosi.com.br\/wp-content\/uploads\/2024\/09\/paulo-froes_2024-09-06_21-21-53_jpeg_2024-09-06_21-21-53.webp.webp?fit=1200%2C900&ssl=1&resize=700%2C400 2x, https:\/\/i0.wp.com\/ismaelcolosi.com.br\/wp-content\/uploads\/2024\/09\/paulo-froes_2024-09-06_21-21-53_jpeg_2024-09-06_21-21-53.webp.webp?fit=1200%2C900&ssl=1&resize=1050%2C600 3x"},"classes":[]},{"id":59759,"url":"https:\/\/ismaelcolosi.com.br\/index.php\/2024\/08\/12\/o-que-se-sabe-sobre-a-situacao-do-aviao-que-caiu-no-interior-de-sp\/","url_meta":{"origin":61188,"position":5},"title":"O que se sabe sobre a situa\u00e7\u00e3o do avi\u00e3o que caiu no interior de SP","author":"ismaelcolosi.com.br","date":"12 de August de 2024","format":false,"excerpt":"O avi\u00e3o ATR-72-500, da Voepass, que caiu em Vinhedo, no interior de S\u00e3o Paulo, na \u00faltima sexta-feira (9), havia passado por manuten\u00e7\u00e3o ap\u00f3s \u201cdano estrutural\u201d, cinco meses antes do acidente. Ao todo, 62 pessoas morreram na trag\u00e9dia, entre passageiros e tripulantes da aeronave. Segundo reportagem do Fant\u00e1stico, da TV Globo\/EPTV,\u2026","rel":"","context":"In &quot;Not\u00edcias de Ribeir\u00e3o Preto-SP e Regi\u00e3o&quot;","block_context":{"text":"Not\u00edcias de Ribeir\u00e3o Preto-SP e Regi\u00e3o","link":"https:\/\/ismaelcolosi.com.br\/index.php\/category\/noticias-de-ribeirao-preto-sp-e-regiao-ismael-colosi\/"},"img":{"alt_text":"","src":"https:\/\/i0.wp.com\/ismaelcolosi.com.br\/wp-content\/uploads\/2024\/08\/aviao-atr-72-500_2024-08-12_15-17-56_jpg_2024-08-12_15-17-57.webp.webp?fit=1200%2C668&ssl=1&resize=350%2C200","width":350,"height":200,"srcset":"https:\/\/i0.wp.com\/ismaelcolosi.com.br\/wp-content\/uploads\/2024\/08\/aviao-atr-72-500_2024-08-12_15-17-56_jpg_2024-08-12_15-17-57.webp.webp?fit=1200%2C668&ssl=1&resize=350%2C200 1x, https:\/\/i0.wp.com\/ismaelcolosi.com.br\/wp-content\/uploads\/2024\/08\/aviao-atr-72-500_2024-08-12_15-17-56_jpg_2024-08-12_15-17-57.webp.webp?fit=1200%2C668&ssl=1&resize=525%2C300 1.5x, https:\/\/i0.wp.com\/ismaelcolosi.com.br\/wp-content\/uploads\/2024\/08\/aviao-atr-72-500_2024-08-12_15-17-56_jpg_2024-08-12_15-17-57.webp.webp?fit=1200%2C668&ssl=1&resize=700%2C400 2x, https:\/\/i0.wp.com\/ismaelcolosi.com.br\/wp-content\/uploads\/2024\/08\/aviao-atr-72-500_2024-08-12_15-17-56_jpg_2024-08-12_15-17-57.webp.webp?fit=1200%2C668&ssl=1&resize=1050%2C600 3x"},"classes":[]}],"jetpack_sharing_enabled":true,"jetpack_shortlink":"https:\/\/wp.me\/pfMlyK-fUU","_links":{"self":[{"href":"https:\/\/ismaelcolosi.com.br\/index.php\/wp-json\/wp\/v2\/posts\/61188","targetHints":{"allow":["GET"]}}],"collection":[{"href":"https:\/\/ismaelcolosi.com.br\/index.php\/wp-json\/wp\/v2\/posts"}],"about":[{"href":"https:\/\/ismaelcolosi.com.br\/index.php\/wp-json\/wp\/v2\/types\/post"}],"author":[{"embeddable":true,"href":"https:\/\/ismaelcolosi.com.br\/index.php\/wp-json\/wp\/v2\/users\/1"}],"replies":[{"embeddable":true,"href":"https:\/\/ismaelcolosi.com.br\/index.php\/wp-json\/wp\/v2\/comments?post=61188"}],"version-history":[{"count":0,"href":"https:\/\/ismaelcolosi.com.br\/index.php\/wp-json\/wp\/v2\/posts\/61188\/revisions"}],"wp:featuredmedia":[{"embeddable":true,"href":"https:\/\/ismaelcolosi.com.br\/index.php\/wp-json\/wp\/v2\/media\/61189"}],"wp:attachment":[{"href":"https:\/\/ismaelcolosi.com.br\/index.php\/wp-json\/wp\/v2\/media?parent=61188"}],"wp:term":[{"taxonomy":"category","embeddable":true,"href":"https:\/\/ismaelcolosi.com.br\/index.php\/wp-json\/wp\/v2\/categories?post=61188"},{"taxonomy":"post_tag","embeddable":true,"href":"https:\/\/ismaelcolosi.com.br\/index.php\/wp-json\/wp\/v2\/tags?post=61188"}],"curies":[{"name":"wp","href":"https:\/\/api.w.org\/{rel}","templated":true}]}}