{"id":61182,"date":"2024-08-20T15:59:03","date_gmt":"2024-08-20T18:59:03","guid":{"rendered":"https:\/\/ismaelcolosi.com.br\/index.php\/2024\/08\/20\/ribeirao-preto-registra-a-pior-qualidade-do-ar-do-interior-de-sp-segundo-a-cetesb\/"},"modified":"2024-08-20T15:59:03","modified_gmt":"2024-08-20T18:59:03","slug":"ribeirao-preto-registra-a-pior-qualidade-do-ar-do-interior-de-sp-segundo-a-cetesb","status":"publish","type":"post","link":"https:\/\/ismaelcolosi.com.br\/index.php\/2024\/08\/20\/ribeirao-preto-registra-a-pior-qualidade-do-ar-do-interior-de-sp-segundo-a-cetesb\/","title":{"rendered":"Ribeir\u00e3o Preto registra a pior qualidade do ar do interior de SP, segundo a Cetesb"},"content":{"rendered":"<p> <br \/>\n<\/p>\n<p>Nesta ter\u00e7a-feira (20), a <strong><a href=\"https:\/\/cetesb.sp.gov.br\/\" target=\"_blank\" rel=\"noreferrer noopener nofollow\">Cetesb (Companhia Ambiental do Estado de S\u00e3o Paulo) <\/a><\/strong>divulgou o boletim que indica que a <strong>qualidade do ar em Ribeir\u00e3o Preto<\/strong> \u00e9 a pior do <strong>interior de S\u00e3o Paulo<\/strong>.<\/p>\n<p>O \u00edndice de qualidade mede a quantidade de diferentes poluentes no ambiente, como <strong>gases t\u00f3xicos<\/strong>, <strong>g\u00e1s carb\u00f4nico<\/strong> e <strong>part\u00edculas respir\u00e1veis nocivas \u00e0 sa\u00fade<\/strong>, e a avalia\u00e7\u00e3o de Ribeir\u00e3o Preto passou de &#8220;ruim&#8221; para <strong>&#8220;muito ruim&#8221;<\/strong>.<\/p>\n<p>O boletim de qualidade do ar \u00e9 emitido diariamente, onde \u00e9 apresentado um resumo das condi\u00e7\u00f5es da polui\u00e7\u00e3o atmosf\u00e9rica das 24 horas anteriores e uma previs\u00e3o meteorol\u00f3gica das condi\u00e7\u00f5es de dispers\u00e3o dos poluentes para as 24 horas seguintes. <\/p>\n<h4 class=\"wp-block-heading\"><strong>VEJA O V\u00cdDEO<\/strong><\/h4>\n<blockquote class=\"instagram-media\" data-instgrm-permalink=\"https:\/\/www.instagram.com\/reel\/C-5uuEOu7e3\/?utm_source=ig_embed&amp;utm_campaign=loading\" data-instgrm-version=\"14\" style=\"background:#FFF;border:0;border-radius:3px;margin: 1px;max-width:540px;min-width:326px;padding:0;width:99.375%;width:-webkit-calc(100% - 2px);width:calc(100% - 2px)\">\n<div style=\"padding:16px\"> <a href=\"https:\/\/www.instagram.com\/reel\/C-5uuEOu7e3\/?utm_source=ig_embed&amp;utm_campaign=loading\" style=\"background:#FFFFFF;line-height:0;padding:0 0;text-align:center;text-decoration:none;width:100%\" target=\"_blank\" rel=\"noopener\"> <\/p>\n<div style=\"flex-direction: row;align-items: center\">\n<div style=\"background-color: #F4F4F4;border-radius: 50%;flex-grow: 0;height: 40px;margin-right: 14px;width: 40px\"><\/div>\n<div style=\"flex-direction: column;flex-grow: 1;justify-content: center\">\n<div style=\"background-color: #F4F4F4;border-radius: 4px;flex-grow: 0;height: 14px;margin-bottom: 6px;width: 100px\"><\/div>\n<div style=\"background-color: #F4F4F4;border-radius: 4px;flex-grow: 0;height: 14px;width: 60px\"><\/div>\n<\/div>\n<\/div>\n<div style=\"padding: 19% 0\"><\/div>\n<div style=\"height:50px;margin:0 auto 12px;width:50px\"><\/div>\n<div style=\"padding-top: 8px\">\n<div style=\"color:#3897f0;font-family:Arial,sans-serif;font-size:14px;font-style:normal;font-weight:550;line-height:18px\">Ver essa foto no Instagram<\/div>\n<\/div>\n<div style=\"padding: 12.5% 0\"><\/div>\n<div style=\"flex-direction: row;margin-bottom: 14px;align-items: center\">\n<div>\n<div style=\"background-color: #F4F4F4;border-radius: 50%;height: 12.5px;width: 12.5px\"><\/div>\n<div style=\"background-color: #F4F4F4;height: 12.5px;width: 12.5px;flex-grow: 0;margin-right: 14px;margin-left: 2px\"><\/div>\n<div style=\"background-color: #F4F4F4;border-radius: 50%;height: 12.5px;width: 12.5px\"><\/div>\n<\/div>\n<div style=\"margin-left: 8px\">\n<div style=\"background-color: #F4F4F4;border-radius: 50%;flex-grow: 0;height: 20px;width: 20px\"><\/div>\n<div style=\"width: 0;height: 0;border-top: 2px solid transparent;border-left: 6px solid #f4f4f4;border-bottom: 2px solid transparent\"><\/div>\n<\/div>\n<div style=\"margin-left: auto\">\n<div style=\"width: 0px;border-top: 8px solid #F4F4F4;border-right: 8px solid transparent\"><\/div>\n<div style=\"background-color: #F4F4F4;flex-grow: 0;height: 12px;width: 16px\"><\/div>\n<div style=\"width: 0;height: 0;border-top: 8px solid #F4F4F4;border-left: 8px solid transparent\"><\/div>\n<\/div>\n<\/div>\n<div style=\"flex-direction: column;flex-grow: 1;justify-content: center;margin-bottom: 24px\">\n<div style=\"background-color: #F4F4F4;border-radius: 4px;flex-grow: 0;height: 14px;margin-bottom: 6px;width: 224px\"><\/div>\n<div style=\"background-color: #F4F4F4;border-radius: 4px;flex-grow: 0;height: 14px;width: 144px\"><\/div>\n<\/div>\n<p><\/a><\/p>\n<p style=\"color:#c9c8cd;font-family:Arial,sans-serif;font-size:14px;line-height:17px;margin-bottom:0;margin-top:8px;overflow:hidden;padding:8px 0 7px;text-align:center\"><a href=\"https:\/\/www.instagram.com\/reel\/C-5uuEOu7e3\/?utm_source=ig_embed&amp;utm_campaign=loading\" style=\"color:#c9c8cd;font-family:Arial,sans-serif;font-size:14px;font-style:normal;font-weight:normal;line-height:17px;text-decoration:none\" target=\"_blank\" rel=\"noopener\">Uma publica\u00e7\u00e3o compartilhada por acidade on Ribeir\u00e3o (@acidadeonribeirao)<\/a><\/p>\n<\/div>\n<\/blockquote>\n<p>SAIBA MAIS<br \/>Ladr\u00f5es invadem condom\u00ednio e furtam bicicleta na zona Sul de Ribeir\u00e3o Preto<\/p>\n<h4 class=\"wp-block-heading\"><strong>FIQUE ON<\/strong><\/h4>\n<p>Fique ligado em tudo que acontece em <strong>Ribeir\u00e3o Preto e regi\u00e3o<\/strong>. Siga os perfis do<strong> acidade on <\/strong>no <a href=\"https:\/\/www.instagram.com\/acidadeonribeirao\/\" target=\"_blank\" rel=\"noreferrer noopener nofollow\">Instagram<\/a> e no <a href=\"https:\/\/www.facebook.com\/acidadeonribeirao\" target=\"_blank\" rel=\"noreferrer noopener nofollow\">Facebook<\/a>.<\/p>\n<p>Receba not\u00edcias do <strong>acidade on <\/strong>no WhatsApp. Para entrar no grupo, basta <a href=\"https:\/\/chat.whatsapp.com\/Bnv2w66ZT4VDyZW3oiZ69n\" target=\"_blank\" rel=\"noreferrer noopener nofollow\">clicar aqui<\/a>.<\/p>\n<p>Fa\u00e7a uma den\u00fancia ou sugira uma reportagem sobre Ribeir\u00e3o Preto e regi\u00e3o pelo WhatsApp: 16 99117 7802.<\/p>\n<p>VEJA TAMB\u00c9M<br \/>Quem \u00e9 o influenciador que quase morreu lavando banheiro com cloro?<\/p>\n<p>O post Ribeir\u00e3o Preto registra a pior qualidade do ar do interior de SP, segundo a Cetesb apareceu primeiro em ACidade ON Ribeir\u00e3o Preto.<\/p>\n<p><script async src=\"\/\/www.instagram.com\/embed.js\"><\/script><br \/>\n<br \/><br \/>\n<br \/><a href=\"https:\/\/www.acidadeon.com\/ribeiraopreto\/cotidiano\/ribeirao-preto-registra-pior-qualidade-do-ar-do-interior-de-sp-segundo-cetesb\/\">Source link <\/a><\/p>\n<div class='code-block code-block-4' style='margin: 8px auto 8px 0; text-align: left; display: block; clear: both;'>\n\ud83d\udce2 Aviso Legal\n\nO site ismaelcolosi.com.br atua apenas como um canal de divulga\u00e7\u00e3o de oportunidades de emprego e n\u00e3o se responsabiliza pelo processo seletivo, contrata\u00e7\u00e3o ou qualquer outra etapa relacionada \u00e0s vagas publicadas. Todas as informa\u00e7\u00f5es s\u00e3o de responsabilidade dos anunciantes.\n\n\u26a0\ufe0f Aten\u00e7\u00e3o! Nunca pague por promessas de emprego nem compre cursos que garantam contrata\u00e7\u00e3o. Desconfie de qualquer cobran\u00e7a para participar de sele\u00e7\u00f5es.\n\n\n\n<\/div>\n<!-- CONTENT END 1 -->\n","protected":false},"excerpt":{"rendered":"<p>Nesta ter\u00e7a-feira (20), a Cetesb (Companhia Ambiental do Estado de S\u00e3o Paulo) divulgou o boletim que indica que a qualidade do ar em Ribeir\u00e3o Preto&#8230;<\/p>\n","protected":false},"author":1,"featured_media":61183,"comment_status":"open","ping_status":"open","sticky":false,"template":"","format":"standard","meta":{"_uag_custom_page_level_css":"","advanced_seo_description":"","jetpack_seo_html_title":"","jetpack_seo_noindex":false,"jetpack_post_was_ever_published":false,"_jetpack_newsletter_access":"","_jetpack_dont_email_post_to_subs":false,"_jetpack_newsletter_tier_id":0,"_jetpack_memberships_contains_paywalled_content":false,"_jetpack_memberships_contains_paid_content":false,"footnotes":"","jetpack_publicize_message":"","jetpack_publicize_feature_enabled":true,"jetpack_social_post_already_shared":true,"jetpack_social_options":{"image_generator_settings":{"template":"highway","default_image_id":0,"font":"","enabled":false},"version":2}},"categories":[11],"tags":[],"class_list":["post-61182","post","type-post","status-publish","format-standard","has-post-thumbnail","hentry","category-noticias-de-ribeirao-preto-sp-e-regiao-ismael-colosi"],"jetpack_publicize_connections":[],"jetpack_featured_media_url":"https:\/\/i0.wp.com\/ismaelcolosi.com.br\/wp-content\/uploads\/2024\/08\/qualidade-do-ar_2024-08-20_18-14-12_jpg_2024-08-20_18-14-13.webp.webp?fit=1268%2C709&ssl=1","uagb_featured_image_src":{"full":["https:\/\/i0.wp.com\/ismaelcolosi.com.br\/wp-content\/uploads\/2024\/08\/qualidade-do-ar_2024-08-20_18-14-12_jpg_2024-08-20_18-14-13.webp.webp?fit=1268%2C709&ssl=1",1268,709,false],"thumbnail":["https:\/\/i0.wp.com\/ismaelcolosi.com.br\/wp-content\/uploads\/2024\/08\/qualidade-do-ar_2024-08-20_18-14-12_jpg_2024-08-20_18-14-13.webp.webp?resize=150%2C150&ssl=1",150,150,true],"medium":["https:\/\/i0.wp.com\/ismaelcolosi.com.br\/wp-content\/uploads\/2024\/08\/qualidade-do-ar_2024-08-20_18-14-12_jpg_2024-08-20_18-14-13.webp.webp?fit=300%2C168&ssl=1",300,168,true],"medium_large":["https:\/\/i0.wp.com\/ismaelcolosi.com.br\/wp-content\/uploads\/2024\/08\/qualidade-do-ar_2024-08-20_18-14-12_jpg_2024-08-20_18-14-13.webp.webp?fit=768%2C429&ssl=1",768,429,true],"large":["https:\/\/i0.wp.com\/ismaelcolosi.com.br\/wp-content\/uploads\/2024\/08\/qualidade-do-ar_2024-08-20_18-14-12_jpg_2024-08-20_18-14-13.webp.webp?fit=1024%2C573&ssl=1",1024,573,true],"1536x1536":["https:\/\/i0.wp.com\/ismaelcolosi.com.br\/wp-content\/uploads\/2024\/08\/qualidade-do-ar_2024-08-20_18-14-12_jpg_2024-08-20_18-14-13.webp.webp?fit=1268%2C709&ssl=1",1268,709,true],"2048x2048":["https:\/\/i0.wp.com\/ismaelcolosi.com.br\/wp-content\/uploads\/2024\/08\/qualidade-do-ar_2024-08-20_18-14-12_jpg_2024-08-20_18-14-13.webp.webp?fit=1268%2C709&ssl=1",1268,709,true],"really-simple-thumb":["https:\/\/i0.wp.com\/ismaelcolosi.com.br\/wp-content\/uploads\/2024\/08\/qualidade-do-ar_2024-08-20_18-14-12_jpg_2024-08-20_18-14-13.webp.webp?resize=370%2C247&ssl=1",370,247,true]},"uagb_author_info":{"display_name":"ismaelcolosi.com.br","author_link":"https:\/\/ismaelcolosi.com.br\/index.php\/author\/vidareal-online\/"},"uagb_comment_info":0,"uagb_excerpt":"Nesta ter\u00e7a-feira (20), a Cetesb (Companhia Ambiental do Estado de S\u00e3o Paulo) divulgou o boletim que indica que a qualidade do ar em Ribeir\u00e3o Preto...","jetpack-related-posts":[{"id":61170,"url":"https:\/\/ismaelcolosi.com.br\/index.php\/2024\/08\/20\/ribeirao-preto-registra-a-pior-qualidade-do-ar-do-interior-de-sp-segundo-cetesb\/","url_meta":{"origin":61182,"position":0},"title":"Ribeir\u00e3o Preto registra a pior qualidade do ar do interior de SP, segundo Cetesb","author":"ismaelcolosi.com.br","date":"20 de August de 2024","format":false,"excerpt":"Nesta ter\u00e7a-feira (20), a Cetesb (Companhia Ambiental do Estado de S\u00e3o Paulo) divulgou o boletim que indica que a qualidade do ar em Ribeir\u00e3o Preto \u00e9 a pior do interior de S\u00e3o Paulo. O \u00edndice de qualidade mede a quantidade de diferentes poluentes no ambiente, como gases t\u00f3xicos, g\u00e1s carb\u00f4nico\u2026","rel":"","context":"In &quot;Not\u00edcias de Ribeir\u00e3o Preto-SP e Regi\u00e3o&quot;","block_context":{"text":"Not\u00edcias de Ribeir\u00e3o Preto-SP e Regi\u00e3o","link":"https:\/\/ismaelcolosi.com.br\/index.php\/category\/noticias-de-ribeirao-preto-sp-e-regiao-ismael-colosi\/"},"img":{"alt_text":"","src":"https:\/\/i0.wp.com\/ismaelcolosi.com.br\/wp-content\/uploads\/2024\/08\/aerea-ribeirao-preto.jpg?fit=1200%2C800&ssl=1&resize=350%2C200","width":350,"height":200,"srcset":"https:\/\/i0.wp.com\/ismaelcolosi.com.br\/wp-content\/uploads\/2024\/08\/aerea-ribeirao-preto.jpg?fit=1200%2C800&ssl=1&resize=350%2C200 1x, https:\/\/i0.wp.com\/ismaelcolosi.com.br\/wp-content\/uploads\/2024\/08\/aerea-ribeirao-preto.jpg?fit=1200%2C800&ssl=1&resize=525%2C300 1.5x, https:\/\/i0.wp.com\/ismaelcolosi.com.br\/wp-content\/uploads\/2024\/08\/aerea-ribeirao-preto.jpg?fit=1200%2C800&ssl=1&resize=700%2C400 2x, https:\/\/i0.wp.com\/ismaelcolosi.com.br\/wp-content\/uploads\/2024\/08\/aerea-ribeirao-preto.jpg?fit=1200%2C800&ssl=1&resize=1050%2C600 3x"},"classes":[]},{"id":57755,"url":"https:\/\/ismaelcolosi.com.br\/index.php\/2024\/07\/24\/ribeirao-preto-registra-pior-indice-de-qualidade-do-ar-do-interior-de-sp\/","url_meta":{"origin":61182,"position":1},"title":"Ribeir\u00e3o Preto registra pior \u00edndice de qualidade do ar do interior de SP","author":"ismaelcolosi.com.br","date":"24 de July de 2024","format":false,"excerpt":"Ribeir\u00e3o Preto registrou o pior \u00edndice de qualidade do ar entre as cidades do interior de S\u00e3o Pauo, segundo a Cestesb (Companhia Ambiental do Estado de S\u00e3o Paulo), em boletim desta ter\u00e7a-feira (23). Guarulhos, na Grande S\u00e3o Paulo, tamb\u00e9m apresentou \u00edndice ruim e Cubat\u00e3o, na Baixada Santista, anotou \u00edndice muito\u2026","rel":"","context":"In &quot;Not\u00edcias de Ribeir\u00e3o Preto-SP e Regi\u00e3o&quot;","block_context":{"text":"Not\u00edcias de Ribeir\u00e3o Preto-SP e Regi\u00e3o","link":"https:\/\/ismaelcolosi.com.br\/index.php\/category\/noticias-de-ribeirao-preto-sp-e-regiao-ismael-colosi\/"},"img":{"alt_text":"","src":"https:\/\/i0.wp.com\/ismaelcolosi.com.br\/wp-content\/uploads\/2024\/07\/CENTRO-RIBEIRAO-PRETO-DRONE-Foto-Guilherme-Sircili-3_2024-07-08_18-03-23_jpg_2024-07-08_18-03-25-scaled.webp.webp?fit=1200%2C900&ssl=1&resize=350%2C200","width":350,"height":200,"srcset":"https:\/\/i0.wp.com\/ismaelcolosi.com.br\/wp-content\/uploads\/2024\/07\/CENTRO-RIBEIRAO-PRETO-DRONE-Foto-Guilherme-Sircili-3_2024-07-08_18-03-23_jpg_2024-07-08_18-03-25-scaled.webp.webp?fit=1200%2C900&ssl=1&resize=350%2C200 1x, https:\/\/i0.wp.com\/ismaelcolosi.com.br\/wp-content\/uploads\/2024\/07\/CENTRO-RIBEIRAO-PRETO-DRONE-Foto-Guilherme-Sircili-3_2024-07-08_18-03-23_jpg_2024-07-08_18-03-25-scaled.webp.webp?fit=1200%2C900&ssl=1&resize=525%2C300 1.5x, https:\/\/i0.wp.com\/ismaelcolosi.com.br\/wp-content\/uploads\/2024\/07\/CENTRO-RIBEIRAO-PRETO-DRONE-Foto-Guilherme-Sircili-3_2024-07-08_18-03-23_jpg_2024-07-08_18-03-25-scaled.webp.webp?fit=1200%2C900&ssl=1&resize=700%2C400 2x, https:\/\/i0.wp.com\/ismaelcolosi.com.br\/wp-content\/uploads\/2024\/07\/CENTRO-RIBEIRAO-PRETO-DRONE-Foto-Guilherme-Sircili-3_2024-07-08_18-03-23_jpg_2024-07-08_18-03-25-scaled.webp.webp?fit=1200%2C900&ssl=1&resize=1050%2C600 3x"},"classes":[]},{"id":61426,"url":"https:\/\/ismaelcolosi.com.br\/index.php\/2024\/08\/21\/ribeirao-preto-registra-qualidade-do-ar-ruim-saiba-como-se-cuidar\/","url_meta":{"origin":61182,"position":2},"title":"Ribeir\u00e3o Preto registra qualidade do ar ruim; Saiba como se cuidar","author":"ismaelcolosi.com.br","date":"21 de August de 2024","format":false,"excerpt":"A qualidade do ar em\u00a0Ribeir\u00e3o Preto\u00a0atingiu n\u00edvel \u2018muito ruim\u2019 de avalia\u00e7\u00e3o da Cetesb (Companhia Ambiental do Estado de S\u00e3o Paulo) esta semana. Nesta quarta-feira (21), o boletim di\u00e1rio da Companhia classificou a qualidade do ar em Ribeir\u00e3o Preto como \u201cruim\u201c por conter gases t\u00f3xicos,\u00a0g\u00e1s carb\u00f4nico\u00a0e\u00a0part\u00edculas respir\u00e1veis nocivas \u00e0 sa\u00fade. O\u2026","rel":"","context":"In &quot;Not\u00edcias de Ribeir\u00e3o Preto-SP e Regi\u00e3o&quot;","block_context":{"text":"Not\u00edcias de Ribeir\u00e3o Preto-SP e Regi\u00e3o","link":"https:\/\/ismaelcolosi.com.br\/index.php\/category\/noticias-de-ribeirao-preto-sp-e-regiao-ismael-colosi\/"},"img":{"alt_text":"","src":"https:\/\/i0.wp.com\/ismaelcolosi.com.br\/wp-content\/uploads\/2024\/08\/qualidade-do-ar_2024-08-20_18-14-12_jpg_2024-08-20_18-14-13.webp.webp?fit=1200%2C671&ssl=1&resize=350%2C200","width":350,"height":200,"srcset":"https:\/\/i0.wp.com\/ismaelcolosi.com.br\/wp-content\/uploads\/2024\/08\/qualidade-do-ar_2024-08-20_18-14-12_jpg_2024-08-20_18-14-13.webp.webp?fit=1200%2C671&ssl=1&resize=350%2C200 1x, https:\/\/i0.wp.com\/ismaelcolosi.com.br\/wp-content\/uploads\/2024\/08\/qualidade-do-ar_2024-08-20_18-14-12_jpg_2024-08-20_18-14-13.webp.webp?fit=1200%2C671&ssl=1&resize=525%2C300 1.5x, https:\/\/i0.wp.com\/ismaelcolosi.com.br\/wp-content\/uploads\/2024\/08\/qualidade-do-ar_2024-08-20_18-14-12_jpg_2024-08-20_18-14-13.webp.webp?fit=1200%2C671&ssl=1&resize=700%2C400 2x, https:\/\/i0.wp.com\/ismaelcolosi.com.br\/wp-content\/uploads\/2024\/08\/qualidade-do-ar_2024-08-20_18-14-12_jpg_2024-08-20_18-14-13.webp.webp?fit=1200%2C671&ssl=1&resize=1050%2C600 3x"},"classes":[]},{"id":57762,"url":"https:\/\/ismaelcolosi.com.br\/index.php\/2024\/07\/24\/ribeirao-preto-aparece-em-lista-de-cidades-em-situacao-de-seca-extrema\/","url_meta":{"origin":61182,"position":3},"title":"Ribeir\u00e3o Preto aparece em lista de cidades em situa\u00e7\u00e3o de seca extrema","author":"ismaelcolosi.com.br","date":"24 de July de 2024","format":false,"excerpt":"Ribeir\u00e3o Preto aparece em uma lista com mais de mil cidades em todo o Brasil em situa\u00e7\u00e3o de seca extrema ou severa. Os dados s\u00e3o do Cemaden (Centro Nacional de Monitoramento e Alertas de Desastres Naturais), do Governo Federal. De acordo com o g1, 1.024 munic\u00edpios est\u00e3o sob classifica\u00e7\u00e3o de\u2026","rel":"","context":"In &quot;Not\u00edcias de Ribeir\u00e3o Preto-SP e Regi\u00e3o&quot;","block_context":{"text":"Not\u00edcias de Ribeir\u00e3o Preto-SP e Regi\u00e3o","link":"https:\/\/ismaelcolosi.com.br\/index.php\/category\/noticias-de-ribeirao-preto-sp-e-regiao-ismael-colosi\/"},"img":{"alt_text":"","src":"https:\/\/i0.wp.com\/ismaelcolosi.com.br\/wp-content\/uploads\/2024\/07\/Copia-de-Copia-de-TAMANHO-EXATO-PARA-FOTOS-NO-SISTEMA-NOVO-5_2024-07-18_23-18-12_png_2024-07-18_23-18-12.webp.webp?fit=1200%2C675&ssl=1&resize=350%2C200","width":350,"height":200,"srcset":"https:\/\/i0.wp.com\/ismaelcolosi.com.br\/wp-content\/uploads\/2024\/07\/Copia-de-Copia-de-TAMANHO-EXATO-PARA-FOTOS-NO-SISTEMA-NOVO-5_2024-07-18_23-18-12_png_2024-07-18_23-18-12.webp.webp?fit=1200%2C675&ssl=1&resize=350%2C200 1x, https:\/\/i0.wp.com\/ismaelcolosi.com.br\/wp-content\/uploads\/2024\/07\/Copia-de-Copia-de-TAMANHO-EXATO-PARA-FOTOS-NO-SISTEMA-NOVO-5_2024-07-18_23-18-12_png_2024-07-18_23-18-12.webp.webp?fit=1200%2C675&ssl=1&resize=525%2C300 1.5x, https:\/\/i0.wp.com\/ismaelcolosi.com.br\/wp-content\/uploads\/2024\/07\/Copia-de-Copia-de-TAMANHO-EXATO-PARA-FOTOS-NO-SISTEMA-NOVO-5_2024-07-18_23-18-12_png_2024-07-18_23-18-12.webp.webp?fit=1200%2C675&ssl=1&resize=700%2C400 2x, https:\/\/i0.wp.com\/ismaelcolosi.com.br\/wp-content\/uploads\/2024\/07\/Copia-de-Copia-de-TAMANHO-EXATO-PARA-FOTOS-NO-SISTEMA-NOVO-5_2024-07-18_23-18-12_png_2024-07-18_23-18-12.webp.webp?fit=1200%2C675&ssl=1&resize=1050%2C600 3x"},"classes":[]},{"id":60818,"url":"https:\/\/ismaelcolosi.com.br\/index.php\/2024\/08\/18\/qualidade-do-ar-e-ruim-em-cidades-do-interior-de-sp-veja-quais-regioes-estao-em-alerta\/","url_meta":{"origin":61182,"position":4},"title":"Qualidade do ar \u00e9 ruim em cidades do interior de SP; Veja quais regi\u00f5es est\u00e3o em alerta","author":"ismaelcolosi.com.br","date":"18 de August de 2024","format":false,"excerpt":"Uma grande massa de ar seco e quente inibe a forma\u00e7\u00e3o de nuvens carregadas e bloqueia o avan\u00e7o de frentes frias para a regi\u00e3o Sudeste do Brasil, de acordo com os meteorologistas. Por conta desse cen\u00e1rio, um alerta de onda de calor foi emitido pelo Instituto Nacional de Meteorologia (Inmet)\u2026","rel":"","context":"In &quot;Not\u00edcias de Ribeir\u00e3o Preto-SP e Regi\u00e3o&quot;","block_context":{"text":"Not\u00edcias de Ribeir\u00e3o Preto-SP e Regi\u00e3o","link":"https:\/\/ismaelcolosi.com.br\/index.php\/category\/noticias-de-ribeirao-preto-sp-e-regiao-ismael-colosi\/"},"img":{"alt_text":"","src":"https:\/\/i0.wp.com\/ismaelcolosi.com.br\/wp-content\/uploads\/2024\/07\/WhatsApp-Image-2024-07-03-at-07.08.43_2024-07-03_10-10-21_jpeg_2024-07-03_10-10-21.webp.webp?fit=1200%2C1001&ssl=1&resize=350%2C200","width":350,"height":200,"srcset":"https:\/\/i0.wp.com\/ismaelcolosi.com.br\/wp-content\/uploads\/2024\/07\/WhatsApp-Image-2024-07-03-at-07.08.43_2024-07-03_10-10-21_jpeg_2024-07-03_10-10-21.webp.webp?fit=1200%2C1001&ssl=1&resize=350%2C200 1x, https:\/\/i0.wp.com\/ismaelcolosi.com.br\/wp-content\/uploads\/2024\/07\/WhatsApp-Image-2024-07-03-at-07.08.43_2024-07-03_10-10-21_jpeg_2024-07-03_10-10-21.webp.webp?fit=1200%2C1001&ssl=1&resize=525%2C300 1.5x, https:\/\/i0.wp.com\/ismaelcolosi.com.br\/wp-content\/uploads\/2024\/07\/WhatsApp-Image-2024-07-03-at-07.08.43_2024-07-03_10-10-21_jpeg_2024-07-03_10-10-21.webp.webp?fit=1200%2C1001&ssl=1&resize=700%2C400 2x, https:\/\/i0.wp.com\/ismaelcolosi.com.br\/wp-content\/uploads\/2024\/07\/WhatsApp-Image-2024-07-03-at-07.08.43_2024-07-03_10-10-21_jpeg_2024-07-03_10-10-21.webp.webp?fit=1200%2C1001&ssl=1&resize=1050%2C600 3x"},"classes":[]},{"id":36174,"url":"https:\/\/ismaelcolosi.com.br\/index.php\/2024\/02\/08\/vai-passar-o-carnaval-no-litoral-de-sp-veja-as-praias-improprias-para-banho\/","url_meta":{"origin":61182,"position":5},"title":"Vai passar o Carnaval no litoral de SP? Veja as praias impr\u00f3prias para banho","author":"ismaelcolosi.com.br","date":"8 de February de 2024","format":false,"excerpt":"A Cetesb (Companhia Ambiental do Estado de S\u00e3o Paulo) informou nesta quinta-feira (8) que 45 praias do litoral de S\u00e3o Paulo est\u00e3o impr\u00f3prias para o banho. Se voc\u00ea vai aproveitar o mar neste Carnaval, vale a pena ficar de olho. Entre os principais destinos afetados est\u00e3o Ubatuba (seis praias); Ilhabela\u2026","rel":"","context":"In &quot;Not\u00edcias de Ribeir\u00e3o Preto-SP e Regi\u00e3o&quot;","block_context":{"text":"Not\u00edcias de Ribeir\u00e3o Preto-SP e Regi\u00e3o","link":"https:\/\/ismaelcolosi.com.br\/index.php\/category\/noticias-de-ribeirao-preto-sp-e-regiao-ismael-colosi\/"},"img":{"alt_text":"","src":"https:\/\/i0.wp.com\/ismaelcolosi.com.br\/wp-content\/uploads\/2024\/02\/1707421825_WhatsApp-Image-2024-01-09-at-15.48.02.jpeg?fit=1200%2C675&ssl=1&resize=350%2C200","width":350,"height":200,"srcset":"https:\/\/i0.wp.com\/ismaelcolosi.com.br\/wp-content\/uploads\/2024\/02\/1707421825_WhatsApp-Image-2024-01-09-at-15.48.02.jpeg?fit=1200%2C675&ssl=1&resize=350%2C200 1x, https:\/\/i0.wp.com\/ismaelcolosi.com.br\/wp-content\/uploads\/2024\/02\/1707421825_WhatsApp-Image-2024-01-09-at-15.48.02.jpeg?fit=1200%2C675&ssl=1&resize=525%2C300 1.5x, https:\/\/i0.wp.com\/ismaelcolosi.com.br\/wp-content\/uploads\/2024\/02\/1707421825_WhatsApp-Image-2024-01-09-at-15.48.02.jpeg?fit=1200%2C675&ssl=1&resize=700%2C400 2x, https:\/\/i0.wp.com\/ismaelcolosi.com.br\/wp-content\/uploads\/2024\/02\/1707421825_WhatsApp-Image-2024-01-09-at-15.48.02.jpeg?fit=1200%2C675&ssl=1&resize=1050%2C600 3x"},"classes":[]}],"jetpack_sharing_enabled":true,"jetpack_shortlink":"https:\/\/wp.me\/pfMlyK-fUO","_links":{"self":[{"href":"https:\/\/ismaelcolosi.com.br\/index.php\/wp-json\/wp\/v2\/posts\/61182","targetHints":{"allow":["GET"]}}],"collection":[{"href":"https:\/\/ismaelcolosi.com.br\/index.php\/wp-json\/wp\/v2\/posts"}],"about":[{"href":"https:\/\/ismaelcolosi.com.br\/index.php\/wp-json\/wp\/v2\/types\/post"}],"author":[{"embeddable":true,"href":"https:\/\/ismaelcolosi.com.br\/index.php\/wp-json\/wp\/v2\/users\/1"}],"replies":[{"embeddable":true,"href":"https:\/\/ismaelcolosi.com.br\/index.php\/wp-json\/wp\/v2\/comments?post=61182"}],"version-history":[{"count":0,"href":"https:\/\/ismaelcolosi.com.br\/index.php\/wp-json\/wp\/v2\/posts\/61182\/revisions"}],"wp:featuredmedia":[{"embeddable":true,"href":"https:\/\/ismaelcolosi.com.br\/index.php\/wp-json\/wp\/v2\/media\/61183"}],"wp:attachment":[{"href":"https:\/\/ismaelcolosi.com.br\/index.php\/wp-json\/wp\/v2\/media?parent=61182"}],"wp:term":[{"taxonomy":"category","embeddable":true,"href":"https:\/\/ismaelcolosi.com.br\/index.php\/wp-json\/wp\/v2\/categories?post=61182"},{"taxonomy":"post_tag","embeddable":true,"href":"https:\/\/ismaelcolosi.com.br\/index.php\/wp-json\/wp\/v2\/tags?post=61182"}],"curies":[{"name":"wp","href":"https:\/\/api.w.org\/{rel}","templated":true}]}}