{"id":61175,"date":"2024-08-20T15:39:01","date_gmt":"2024-08-20T18:39:01","guid":{"rendered":"https:\/\/ismaelcolosi.com.br\/index.php\/2024\/08\/20\/ribeirao-preto-recebe-competicao-gratuita-da-nasa-veja-como-participar\/"},"modified":"2024-08-20T15:39:01","modified_gmt":"2024-08-20T18:39:01","slug":"ribeirao-preto-recebe-competicao-gratuita-da-nasa-veja-como-participar","status":"publish","type":"post","link":"https:\/\/ismaelcolosi.com.br\/index.php\/2024\/08\/20\/ribeirao-preto-recebe-competicao-gratuita-da-nasa-veja-como-participar\/","title":{"rendered":"Ribeir\u00e3o Preto recebe competi\u00e7\u00e3o gratuita da Nasa; Veja como participar"},"content":{"rendered":"<p> <br \/>\n<\/p>\n<div>\n<p><strong>Ribeir\u00e3o Preto<\/strong> vai receber entre os <strong>dias 4 e 6 de outubro<\/strong>, mais uma edi\u00e7\u00e3o do <em><strong>Nasa Space Apps Challenge<\/strong><\/em>, um evento da <strong>ag\u00eancia espacial dos Estados Unidos da Am\u00e9rica<\/strong>. O evento vai acontecer no Multiplan Hall, no Ribeir\u00e3o Shopping, na zona Sul do munic\u00edpio.<\/p>\n<p>A competi\u00e7\u00e3o internacional \u00e9 realizada de <strong>forma simult\u00e2nea em mais de 185 cidades ao redor do mundo<\/strong> e os participantes t\u00eam acesso ao <mark style=\"background-color:#fcb900\" class=\"has-inline-color\"><strong>banco de dados da Nasa<\/strong> <strong>para criar solu\u00e7\u00f5es e resolver problemas reais, em apenas 48 horas, a partir de um tema pr\u00e9-estabelecido.<\/strong><\/mark><\/p>\n<h3 class=\"wp-block-heading\"><strong>Como participar do evento da Nasa?<\/strong><\/h3>\n<p>Considerado <strong>o maior <em>hackathon <\/em>da gal\u00e1xia<\/strong>, o tema desta edi\u00e7\u00e3o \u00e9 \u201c<strong>Tudo o que o Sol Toca<\/strong>\u201d. <mark style=\"background-color:#fcb900\" class=\"has-inline-color\">As inscri\u00e7\u00f5es s\u00e3o <strong>gratuitas <\/strong>e <strong>limitadas<\/strong>, e devem ser realizadas de <strong>forma on-line (<a href=\"https:\/\/www.spaceappschallenge.org\/nasa-space-apps-2024\/2024-local-events\/ribeirao-preto\/\" target=\"_blank\" rel=\"noreferrer noopener\">clique aqui<\/a>)<\/strong>.<\/mark><\/p>\n<figure class=\"wp-block-pullquote\">\n<blockquote>\n<p>O evento re\u00fane pessoas de diferentes idades e habilidades, nas mais distintas \u00e1reas do conhecimento como artes, neg\u00f3cios, pol\u00edtica, engenharias, ci\u00eancias, meio ambiente, direito, entre outros. \u00c9 uma maratona de inova\u00e7\u00e3o, criatividade e tecnologia, evidenciando a inclus\u00e3o e a diversidade<\/p>\n<p><cite>Andr\u00e9 Patroc\u00ednio, l\u00edder regional de comunica\u00e7\u00e3o do Nasa Space Apps Challenge em Ribeir\u00e3o Preto<\/cite><\/p><\/blockquote>\n<\/figure>\n<p>O <em><strong>Space Apps<\/strong> <strong>Challenge<\/strong><\/em> tamb\u00e9m ter\u00e1 uma programa\u00e7\u00e3o de palestras e workshops, arena de realidade virtual, pra\u00e7a de networking e outras <strong>ativa\u00e7\u00f5es abertas ao p\u00fablico visitante<\/strong>.<\/p>\n<h3 class=\"wp-block-heading\"><strong>Premia\u00e7\u00e3o<\/strong><\/h3>\n<p>Os <strong>tr\u00eas melhores projetos do <\/strong><em><strong>hackathon<\/strong> <\/em>ser\u00e3o indicados para a competi\u00e7\u00e3o global, que vai premiar os \u201cTop 10\u201d \u2013 escolhido pela pr\u00f3pria <strong>Nasa<\/strong>.<\/p>\n<p>Al\u00e9m disso, as equipes selecionadas ser\u00e3o convidadas para uma imers\u00e3o exclusiva na sede da ag\u00eancia, em <strong>Washington<\/strong>, nos <strong>EUA<\/strong>. Na \u00faltima edi\u00e7\u00e3o, em 2023, o <em><strong>Nasa Space Apps Internacional<\/strong><\/em> contou com a participa\u00e7\u00e3o de 58 mil pessoas ao redor do planeta.<strong><mark style=\"background-color:#fcb900\" class=\"has-inline-color\"> Dos dez projetos selecionados, tr\u00eas foram do Brasil.<\/mark><\/strong><\/p>\n<p>\u201cTer um evento da Nasa na cidade e sediar um <em>hackathon<\/em> dessa magnitude pela quinta vez \u00e9 um orgulho e fortalece o ecossistema de tecnologia e inova\u00e7\u00e3o em Ribeir\u00e3o Preto, que tem se consolidado cada vez mais\u201d, diz Clayton Guimar\u00e3es, um dos organizadores do <strong><em>Nasa Space Apps Challenge <\/em>Ribeir\u00e3o Preto<\/strong>.<\/p>\n<h4 class=\"wp-block-heading\"><strong>Servi\u00e7o<\/strong><\/h4>\n<p><em>Nasa Space Apps Ribeir\u00e3o Preto 2024<\/em><\/p>\n<p>Data: 4, 5 e 6 de outubro<\/p>\n<p>Onde: Centro de eventos Multiplan Hall \u2013 avenida Cel. Fernando Ferreira Leite, 1540<\/p>\n<p>Inscri\u00e7\u00f5es: pelo site (limitadas a 300 vagas) \u2013 <a href=\"https:\/\/www.spaceappschallenge.org\/nasa-space-apps-2024\/2024-local-events\/ribeirao-preto\/\" target=\"_blank\" rel=\"noreferrer noopener\">clique aqui<\/a><\/p>\n<p><strong>Hor\u00e1rios<\/strong>:<\/p>\n<ul>\n<li>04\/10 \u2013 a partir das 18h<\/li>\n<\/ul>\n<ul>\n<li>05\/10 \u2013 a partir das 08h<\/li>\n<\/ul>\n<ul>\n<li>06\/10 \u2013 a partir das 15h<\/li>\n<\/ul>\n<hr class=\"wp-block-separator has-alpha-channel-opacity\"\/>\n<p>SAIBA MAIS<\/p>\n<p>Veja 10 atividades culturais em Ribeir\u00e3o Preto para curtir com as crian\u00e7as na reta final de agosto<\/p>\n<h4 class=\"wp-block-heading\"><strong>FIQUE ON<\/strong><\/h4>\n<p>Fique ligado em tudo que acontece em Ribeir\u00e3o Preto e regi\u00e3o. Siga os perfis do\u00a0<strong>acidade on\u00a0<\/strong>no\u00a0<a href=\"https:\/\/www.instagram.com\/acidadeonribeirao\" target=\"_blank\" rel=\"noreferrer noopener\">Instagram<\/a>\u00a0e no\u00a0<a href=\"https:\/\/www.facebook.com\/acidadeonribeirao\" target=\"_blank\" rel=\"noreferrer noopener\">Facebook<\/a>.<\/p>\n<p>Receba not\u00edcias do acidade on no WhatsApp. Para entrar no grupo, basta\u00a0<a href=\"https:\/\/chat.whatsapp.com\/Dtv9mxhy6V5BJBotM2OQ5k\" target=\"_blank\" rel=\"noreferrer noopener\">clicar aqui<\/a>.<\/p>\n<p>Fa\u00e7a uma den\u00fancia ou sugira uma reportagem sobre Ribeir\u00e3o Preto e regi\u00e3o pelo WhatsApp: 16 99117 7802.<\/p>\n<p>VEJA TAMB\u00c9M<\/p>\n<p>O que faz um investigador da PC MG?<\/p>\n<p><!-- CONTENT END 1 -->\n<\/div>\n<p><script async src=\"\/\/www.instagram.com\/embed.js\"><\/script><br \/>\n<br \/><br \/>\n<br \/><a href=\"https:\/\/www.acidadeon.com\/ribeiraopreto\/lazer-e-cultura\/ribeirao-preto-recebe-competicao-gratuita-da-nasa-veja-como-participar\/\">Source link <\/a><\/p>\n","protected":false},"excerpt":{"rendered":"<p>Ribeir\u00e3o Preto vai receber entre os dias 4 e 6 de outubro, mais uma edi\u00e7\u00e3o do Nasa Space Apps Challenge, um evento da ag\u00eancia espacial&#8230;<\/p>\n","protected":false},"author":1,"featured_media":61176,"comment_status":"open","ping_status":"open","sticky":false,"template":"","format":"standard","meta":{"_uag_custom_page_level_css":"","advanced_seo_description":"","jetpack_seo_html_title":"","jetpack_seo_noindex":false,"jetpack_post_was_ever_published":false,"_jetpack_newsletter_access":"","_jetpack_dont_email_post_to_subs":false,"_jetpack_newsletter_tier_id":0,"_jetpack_memberships_contains_paywalled_content":false,"_jetpack_memberships_contains_paid_content":false,"footnotes":"","jetpack_publicize_message":"","jetpack_publicize_feature_enabled":true,"jetpack_social_post_already_shared":true,"jetpack_social_options":{"image_generator_settings":{"template":"highway","default_image_id":0,"font":"","enabled":false},"version":2}},"categories":[11],"tags":[],"class_list":["post-61175","post","type-post","status-publish","format-standard","has-post-thumbnail","hentry","category-noticias-de-ribeirao-preto-sp-e-regiao-ismael-colosi"],"jetpack_publicize_connections":[],"jetpack_featured_media_url":"https:\/\/i0.wp.com\/ismaelcolosi.com.br\/wp-content\/uploads\/2024\/08\/Ribeirao-Preto-e-sede-da-competicao-pelo-5o-ano-Divulgacao_2024-08-20_17-45-29_jpg_2024-08-20_17-45-29.webp.webp?fit=800%2C533&ssl=1","uagb_featured_image_src":{"full":["https:\/\/i0.wp.com\/ismaelcolosi.com.br\/wp-content\/uploads\/2024\/08\/Ribeirao-Preto-e-sede-da-competicao-pelo-5o-ano-Divulgacao_2024-08-20_17-45-29_jpg_2024-08-20_17-45-29.webp.webp?fit=800%2C533&ssl=1",800,533,false],"thumbnail":["https:\/\/i0.wp.com\/ismaelcolosi.com.br\/wp-content\/uploads\/2024\/08\/Ribeirao-Preto-e-sede-da-competicao-pelo-5o-ano-Divulgacao_2024-08-20_17-45-29_jpg_2024-08-20_17-45-29.webp.webp?resize=150%2C150&ssl=1",150,150,true],"medium":["https:\/\/i0.wp.com\/ismaelcolosi.com.br\/wp-content\/uploads\/2024\/08\/Ribeirao-Preto-e-sede-da-competicao-pelo-5o-ano-Divulgacao_2024-08-20_17-45-29_jpg_2024-08-20_17-45-29.webp.webp?fit=300%2C200&ssl=1",300,200,true],"medium_large":["https:\/\/i0.wp.com\/ismaelcolosi.com.br\/wp-content\/uploads\/2024\/08\/Ribeirao-Preto-e-sede-da-competicao-pelo-5o-ano-Divulgacao_2024-08-20_17-45-29_jpg_2024-08-20_17-45-29.webp.webp?fit=768%2C512&ssl=1",768,512,true],"large":["https:\/\/i0.wp.com\/ismaelcolosi.com.br\/wp-content\/uploads\/2024\/08\/Ribeirao-Preto-e-sede-da-competicao-pelo-5o-ano-Divulgacao_2024-08-20_17-45-29_jpg_2024-08-20_17-45-29.webp.webp?fit=800%2C533&ssl=1",800,533,true],"1536x1536":["https:\/\/i0.wp.com\/ismaelcolosi.com.br\/wp-content\/uploads\/2024\/08\/Ribeirao-Preto-e-sede-da-competicao-pelo-5o-ano-Divulgacao_2024-08-20_17-45-29_jpg_2024-08-20_17-45-29.webp.webp?fit=800%2C533&ssl=1",800,533,true],"2048x2048":["https:\/\/i0.wp.com\/ismaelcolosi.com.br\/wp-content\/uploads\/2024\/08\/Ribeirao-Preto-e-sede-da-competicao-pelo-5o-ano-Divulgacao_2024-08-20_17-45-29_jpg_2024-08-20_17-45-29.webp.webp?fit=800%2C533&ssl=1",800,533,true],"really-simple-thumb":["https:\/\/i0.wp.com\/ismaelcolosi.com.br\/wp-content\/uploads\/2024\/08\/Ribeirao-Preto-e-sede-da-competicao-pelo-5o-ano-Divulgacao_2024-08-20_17-45-29_jpg_2024-08-20_17-45-29.webp.webp?resize=370%2C247&ssl=1",370,247,true]},"uagb_author_info":{"display_name":"ismaelcolosi.com.br","author_link":"https:\/\/ismaelcolosi.com.br\/index.php\/author\/vidareal-online\/"},"uagb_comment_info":0,"uagb_excerpt":"Ribeir\u00e3o Preto vai receber entre os dias 4 e 6 de outubro, mais uma edi\u00e7\u00e3o do Nasa Space Apps Challenge, um evento da ag\u00eancia espacial...","jetpack-related-posts":[{"id":68499,"url":"https:\/\/ismaelcolosi.com.br\/index.php\/2024\/09\/30\/ribeirao-preto-recebe-evento-da-nasa-veja-como-participar\/","url_meta":{"origin":61175,"position":0},"title":"Ribeir\u00e3o Preto recebe evento da Nasa; Veja como participar","author":"ismaelcolosi.com.br","date":"30 de September de 2024","format":false,"excerpt":"Ribeir\u00e3o Preto receber\u00e1 o Nasa Space Apps Challenge nos dias 4, 5 e 6 de outubro, no Multiplan Hall, do Ribeir\u00e3o Shopping. As inscri\u00e7\u00f5es est\u00e3o abertas \u2013 veja como se inscrever abaixo. O Nasa Space Apps Challenge \u00e9 uma competi\u00e7\u00e3o internacional realizada em v\u00e1rias cidades do mundo, simultaneamente. Os participantes\u2026","rel":"","context":"In &quot;Not\u00edcias de Ribeir\u00e3o Preto-SP e Regi\u00e3o&quot;","block_context":{"text":"Not\u00edcias de Ribeir\u00e3o Preto-SP e Regi\u00e3o","link":"https:\/\/ismaelcolosi.com.br\/index.php\/category\/noticias-de-ribeirao-preto-sp-e-regiao-ismael-colosi\/"},"img":{"alt_text":"","src":"https:\/\/i0.wp.com\/ismaelcolosi.com.br\/wp-content\/uploads\/2024\/09\/Ribeirao-Preto-e-sede-da-competicao-pelo-5o-ano-Divulgacao-1_2024-09-30_12-20-09_jpg_2024-09-30_12-20-10.webp.webp?fit=800%2C533&ssl=1&resize=350%2C200","width":350,"height":200,"srcset":"https:\/\/i0.wp.com\/ismaelcolosi.com.br\/wp-content\/uploads\/2024\/09\/Ribeirao-Preto-e-sede-da-competicao-pelo-5o-ano-Divulgacao-1_2024-09-30_12-20-09_jpg_2024-09-30_12-20-10.webp.webp?fit=800%2C533&ssl=1&resize=350%2C200 1x, https:\/\/i0.wp.com\/ismaelcolosi.com.br\/wp-content\/uploads\/2024\/09\/Ribeirao-Preto-e-sede-da-competicao-pelo-5o-ano-Divulgacao-1_2024-09-30_12-20-09_jpg_2024-09-30_12-20-10.webp.webp?fit=800%2C533&ssl=1&resize=525%2C300 1.5x, https:\/\/i0.wp.com\/ismaelcolosi.com.br\/wp-content\/uploads\/2024\/09\/Ribeirao-Preto-e-sede-da-competicao-pelo-5o-ano-Divulgacao-1_2024-09-30_12-20-09_jpg_2024-09-30_12-20-10.webp.webp?fit=800%2C533&ssl=1&resize=700%2C400 2x"},"classes":[]},{"id":61216,"url":"https:\/\/ismaelcolosi.com.br\/index.php\/2024\/08\/20\/sepultura-se-apresenta-neste-final-de-semana-em-ribeirao-preto\/","url_meta":{"origin":61175,"position":1},"title":"Sepultura se apresenta neste final de semana em Ribeir\u00e3o Preto","author":"ismaelcolosi.com.br","date":"20 de August de 2024","format":false,"excerpt":"A banda Sepultura desembarca em Ribeir\u00e3o Preto neste s\u00e1bado (24), para apresenta\u00e7\u00e3o da sua turn\u00ea de despedida Celebrating Life Through Death. O espet\u00e1culo vai acontecer a partir das 19h, no Alcans Halls (antigo Centro de Eventos Quinta Linda), localizado na rodovia Anhanguera (SP-330). Os ingressos ainda est\u00e3o dispon\u00edveis e podem\u2026","rel":"","context":"In &quot;Not\u00edcias de Ribeir\u00e3o Preto-SP e Regi\u00e3o&quot;","block_context":{"text":"Not\u00edcias de Ribeir\u00e3o Preto-SP e Regi\u00e3o","link":"https:\/\/ismaelcolosi.com.br\/index.php\/category\/noticias-de-ribeirao-preto-sp-e-regiao-ismael-colosi\/"},"img":{"alt_text":"","src":"https:\/\/i0.wp.com\/ismaelcolosi.com.br\/wp-content\/uploads\/2024\/08\/Copia-de-Copia-de-Copia-de-TAMANHO-EXATO-PARA-FOTOS-NO-SISTEMA-NOVO-15_2024-08-20_20-56-43_png_2024-08-20_20-56-43.webp.webp?fit=1200%2C675&ssl=1&resize=350%2C200","width":350,"height":200,"srcset":"https:\/\/i0.wp.com\/ismaelcolosi.com.br\/wp-content\/uploads\/2024\/08\/Copia-de-Copia-de-Copia-de-TAMANHO-EXATO-PARA-FOTOS-NO-SISTEMA-NOVO-15_2024-08-20_20-56-43_png_2024-08-20_20-56-43.webp.webp?fit=1200%2C675&ssl=1&resize=350%2C200 1x, https:\/\/i0.wp.com\/ismaelcolosi.com.br\/wp-content\/uploads\/2024\/08\/Copia-de-Copia-de-Copia-de-TAMANHO-EXATO-PARA-FOTOS-NO-SISTEMA-NOVO-15_2024-08-20_20-56-43_png_2024-08-20_20-56-43.webp.webp?fit=1200%2C675&ssl=1&resize=525%2C300 1.5x, https:\/\/i0.wp.com\/ismaelcolosi.com.br\/wp-content\/uploads\/2024\/08\/Copia-de-Copia-de-Copia-de-TAMANHO-EXATO-PARA-FOTOS-NO-SISTEMA-NOVO-15_2024-08-20_20-56-43_png_2024-08-20_20-56-43.webp.webp?fit=1200%2C675&ssl=1&resize=700%2C400 2x, https:\/\/i0.wp.com\/ismaelcolosi.com.br\/wp-content\/uploads\/2024\/08\/Copia-de-Copia-de-Copia-de-TAMANHO-EXATO-PARA-FOTOS-NO-SISTEMA-NOVO-15_2024-08-20_20-56-43_png_2024-08-20_20-56-43.webp.webp?fit=1200%2C675&ssl=1&resize=1050%2C600 3x"},"classes":[]},{"id":48790,"url":"https:\/\/ismaelcolosi.com.br\/index.php\/2024\/05\/06\/ribeirao-preto-tem-representante-em-corrida-maluca-que-acontece-em-sp\/","url_meta":{"origin":61175,"position":2},"title":"Ribeir\u00e3o Preto tem representante em corrida maluca que acontece em SP","author":"ismaelcolosi.com.br","date":"6 de May de 2024","format":false,"excerpt":"Uma equipe de Ribeir\u00e3o Preto est\u00e1 entre os 40 projetos selecionados para participar da primeira edi\u00e7\u00e3o geek do \u201cRed Bull Ladeira Abaixo\u201d, que acontece em 16 de junho em S\u00e3o Paulo. Com o nome \u201cMad Max: Estrada da F\u00faria\u201d, a equipe ribeir\u00e3o-pretana participou da \u00faltima edi\u00e7\u00e3o do evento e leva\u2026","rel":"","context":"In &quot;Not\u00edcias de Ribeir\u00e3o Preto-SP e Regi\u00e3o&quot;","block_context":{"text":"Not\u00edcias de Ribeir\u00e3o Preto-SP e Regi\u00e3o","link":"https:\/\/ismaelcolosi.com.br\/index.php\/category\/noticias-de-ribeirao-preto-sp-e-regiao-ismael-colosi\/"},"img":{"alt_text":"","src":"https:\/\/i0.wp.com\/ismaelcolosi.com.br\/wp-content\/uploads\/2024\/05\/WhatsApp-Image-2024-05-06-at-16.55.04_2024-05-06_19-58-17_jpeg_2024-05-06_19-58-18.webp.webp?fit=1200%2C800&ssl=1&resize=350%2C200","width":350,"height":200,"srcset":"https:\/\/i0.wp.com\/ismaelcolosi.com.br\/wp-content\/uploads\/2024\/05\/WhatsApp-Image-2024-05-06-at-16.55.04_2024-05-06_19-58-17_jpeg_2024-05-06_19-58-18.webp.webp?fit=1200%2C800&ssl=1&resize=350%2C200 1x, https:\/\/i0.wp.com\/ismaelcolosi.com.br\/wp-content\/uploads\/2024\/05\/WhatsApp-Image-2024-05-06-at-16.55.04_2024-05-06_19-58-17_jpeg_2024-05-06_19-58-18.webp.webp?fit=1200%2C800&ssl=1&resize=525%2C300 1.5x, https:\/\/i0.wp.com\/ismaelcolosi.com.br\/wp-content\/uploads\/2024\/05\/WhatsApp-Image-2024-05-06-at-16.55.04_2024-05-06_19-58-17_jpeg_2024-05-06_19-58-18.webp.webp?fit=1200%2C800&ssl=1&resize=700%2C400 2x, https:\/\/i0.wp.com\/ismaelcolosi.com.br\/wp-content\/uploads\/2024\/05\/WhatsApp-Image-2024-05-06-at-16.55.04_2024-05-06_19-58-17_jpeg_2024-05-06_19-58-18.webp.webp?fit=1200%2C800&ssl=1&resize=1050%2C600 3x"},"classes":[]},{"id":51921,"url":"https:\/\/ismaelcolosi.com.br\/index.php\/2024\/06\/01\/encontro-com-mais-de-mil-carros-antigos-acontece-em-ribeirao-preto-veja-quando\/","url_meta":{"origin":61175,"position":3},"title":"Encontro com mais de mil carros antigos acontece em Ribeir\u00e3o Preto; Veja quando\u00a0","author":"ismaelcolosi.com.br","date":"1 de June de 2024","format":false,"excerpt":"A 12\u00aa edi\u00e7\u00e3o do \u201cCalifornia Volks Brothers\u201d, evento que vai reunir cerca de mil autom\u00f3veis cl\u00e1ssicos, especialmente o Fusca, acontece no dia 14 de julho, em Ribeir\u00e3o Preto. O encontro vai ser realizado no campus do Centro Universit\u00e1rio Moura Lacerda, das 8h \u00e0s 17h, e vai receber diversas pessoas de\u2026","rel":"","context":"In &quot;Not\u00edcias de Ribeir\u00e3o Preto-SP e Regi\u00e3o&quot;","block_context":{"text":"Not\u00edcias de Ribeir\u00e3o Preto-SP e Regi\u00e3o","link":"https:\/\/ismaelcolosi.com.br\/index.php\/category\/noticias-de-ribeirao-preto-sp-e-regiao-ismael-colosi\/"},"img":{"alt_text":"","src":"https:\/\/i0.wp.com\/ismaelcolosi.com.br\/wp-content\/uploads\/2024\/06\/IMG-8261_2024-06-01_20-40-39_jpg_2024-06-01_20-40-40-scaled.webp.webp?fit=1200%2C580&ssl=1&resize=350%2C200","width":350,"height":200,"srcset":"https:\/\/i0.wp.com\/ismaelcolosi.com.br\/wp-content\/uploads\/2024\/06\/IMG-8261_2024-06-01_20-40-39_jpg_2024-06-01_20-40-40-scaled.webp.webp?fit=1200%2C580&ssl=1&resize=350%2C200 1x, https:\/\/i0.wp.com\/ismaelcolosi.com.br\/wp-content\/uploads\/2024\/06\/IMG-8261_2024-06-01_20-40-39_jpg_2024-06-01_20-40-40-scaled.webp.webp?fit=1200%2C580&ssl=1&resize=525%2C300 1.5x, https:\/\/i0.wp.com\/ismaelcolosi.com.br\/wp-content\/uploads\/2024\/06\/IMG-8261_2024-06-01_20-40-39_jpg_2024-06-01_20-40-40-scaled.webp.webp?fit=1200%2C580&ssl=1&resize=700%2C400 2x, https:\/\/i0.wp.com\/ismaelcolosi.com.br\/wp-content\/uploads\/2024\/06\/IMG-8261_2024-06-01_20-40-39_jpg_2024-06-01_20-40-40-scaled.webp.webp?fit=1200%2C580&ssl=1&resize=1050%2C600 3x"},"classes":[]},{"id":46408,"url":"https:\/\/ismaelcolosi.com.br\/index.php\/2024\/04\/11\/ribeirao-preto-tem-feira-com-cerveja-artesanal-food-trucks-e-musica-ao-vivo-no-final-de-semana\/","url_meta":{"origin":61175,"position":4},"title":"Ribeir\u00e3o Preto tem feira com cerveja artesanal, food trucks e m\u00fasica ao vivo no final de semana","author":"ismaelcolosi.com.br","date":"11 de April de 2024","format":false,"excerpt":"Ribeir\u00e3o Preto recebe mais uma edi\u00e7\u00e3o da Feira do Coletivo, neste domingo (14), na pra\u00e7a 7 de Setembro, no Centro da cidade. O evento \u00e9 gratuito e aberto ao p\u00fablico. A feira vai acontecer das 15h \u00e0s 21h e conta com cervejas e chopes artesanais, food trucks, expositores, oficinas, feira\u2026","rel":"","context":"In &quot;Not\u00edcias de Ribeir\u00e3o Preto-SP e Regi\u00e3o&quot;","block_context":{"text":"Not\u00edcias de Ribeir\u00e3o Preto-SP e Regi\u00e3o","link":"https:\/\/ismaelcolosi.com.br\/index.php\/category\/noticias-de-ribeirao-preto-sp-e-regiao-ismael-colosi\/"},"img":{"alt_text":"","src":"https:\/\/i0.wp.com\/ismaelcolosi.com.br\/wp-content\/uploads\/2024\/04\/AnyConv.com__WhatsApp-Image-2024-04-09-at-18.23.00-e1712858091814.webp.webp?fit=1050%2C700&ssl=1&resize=350%2C200","width":350,"height":200,"srcset":"https:\/\/i0.wp.com\/ismaelcolosi.com.br\/wp-content\/uploads\/2024\/04\/AnyConv.com__WhatsApp-Image-2024-04-09-at-18.23.00-e1712858091814.webp.webp?fit=1050%2C700&ssl=1&resize=350%2C200 1x, https:\/\/i0.wp.com\/ismaelcolosi.com.br\/wp-content\/uploads\/2024\/04\/AnyConv.com__WhatsApp-Image-2024-04-09-at-18.23.00-e1712858091814.webp.webp?fit=1050%2C700&ssl=1&resize=525%2C300 1.5x, https:\/\/i0.wp.com\/ismaelcolosi.com.br\/wp-content\/uploads\/2024\/04\/AnyConv.com__WhatsApp-Image-2024-04-09-at-18.23.00-e1712858091814.webp.webp?fit=1050%2C700&ssl=1&resize=700%2C400 2x, https:\/\/i0.wp.com\/ismaelcolosi.com.br\/wp-content\/uploads\/2024\/04\/AnyConv.com__WhatsApp-Image-2024-04-09-at-18.23.00-e1712858091814.webp.webp?fit=1050%2C700&ssl=1&resize=1050%2C600 3x"},"classes":[]},{"id":46579,"url":"https:\/\/ismaelcolosi.com.br\/index.php\/2024\/04\/12\/ribeirao-preto-recebe-encontro-com-mais-de-mil-carros-antigos-veja-quando\/","url_meta":{"origin":61175,"position":5},"title":"Ribeir\u00e3o Preto recebe encontro com mais de mil carros antigos; Veja quando","author":"ismaelcolosi.com.br","date":"12 de April de 2024","format":false,"excerpt":"Ribeir\u00e3o Preto recebe a 12\u00aa edi\u00e7\u00e3o do \u201cCalifornia Volks Brothers\u201d, evento que vai reunir cerca de mil autom\u00f3veis cl\u00e1ssicos, especialmente o Fusca. O encontro acontece no dia 14 de julho, no campus do Centro Universit\u00e1rio Moura Lacerda, das 8h \u00e0s 17h, e vai receber diversas pessoas de todo o Brasil.\u2026","rel":"","context":"In &quot;Not\u00edcias de Ribeir\u00e3o Preto-SP e Regi\u00e3o&quot;","block_context":{"text":"Not\u00edcias de Ribeir\u00e3o Preto-SP e Regi\u00e3o","link":"https:\/\/ismaelcolosi.com.br\/index.php\/category\/noticias-de-ribeirao-preto-sp-e-regiao-ismael-colosi\/"},"img":{"alt_text":"","src":"https:\/\/i0.wp.com\/ismaelcolosi.com.br\/wp-content\/uploads\/2024\/04\/AnyConv.com__IMG-8265-scaled.webp.webp?fit=1200%2C623&ssl=1&resize=350%2C200","width":350,"height":200,"srcset":"https:\/\/i0.wp.com\/ismaelcolosi.com.br\/wp-content\/uploads\/2024\/04\/AnyConv.com__IMG-8265-scaled.webp.webp?fit=1200%2C623&ssl=1&resize=350%2C200 1x, https:\/\/i0.wp.com\/ismaelcolosi.com.br\/wp-content\/uploads\/2024\/04\/AnyConv.com__IMG-8265-scaled.webp.webp?fit=1200%2C623&ssl=1&resize=525%2C300 1.5x, https:\/\/i0.wp.com\/ismaelcolosi.com.br\/wp-content\/uploads\/2024\/04\/AnyConv.com__IMG-8265-scaled.webp.webp?fit=1200%2C623&ssl=1&resize=700%2C400 2x, https:\/\/i0.wp.com\/ismaelcolosi.com.br\/wp-content\/uploads\/2024\/04\/AnyConv.com__IMG-8265-scaled.webp.webp?fit=1200%2C623&ssl=1&resize=1050%2C600 3x"},"classes":[]}],"jetpack_sharing_enabled":true,"jetpack_shortlink":"https:\/\/wp.me\/pfMlyK-fUH","_links":{"self":[{"href":"https:\/\/ismaelcolosi.com.br\/index.php\/wp-json\/wp\/v2\/posts\/61175","targetHints":{"allow":["GET"]}}],"collection":[{"href":"https:\/\/ismaelcolosi.com.br\/index.php\/wp-json\/wp\/v2\/posts"}],"about":[{"href":"https:\/\/ismaelcolosi.com.br\/index.php\/wp-json\/wp\/v2\/types\/post"}],"author":[{"embeddable":true,"href":"https:\/\/ismaelcolosi.com.br\/index.php\/wp-json\/wp\/v2\/users\/1"}],"replies":[{"embeddable":true,"href":"https:\/\/ismaelcolosi.com.br\/index.php\/wp-json\/wp\/v2\/comments?post=61175"}],"version-history":[{"count":0,"href":"https:\/\/ismaelcolosi.com.br\/index.php\/wp-json\/wp\/v2\/posts\/61175\/revisions"}],"wp:featuredmedia":[{"embeddable":true,"href":"https:\/\/ismaelcolosi.com.br\/index.php\/wp-json\/wp\/v2\/media\/61176"}],"wp:attachment":[{"href":"https:\/\/ismaelcolosi.com.br\/index.php\/wp-json\/wp\/v2\/media?parent=61175"}],"wp:term":[{"taxonomy":"category","embeddable":true,"href":"https:\/\/ismaelcolosi.com.br\/index.php\/wp-json\/wp\/v2\/categories?post=61175"},{"taxonomy":"post_tag","embeddable":true,"href":"https:\/\/ismaelcolosi.com.br\/index.php\/wp-json\/wp\/v2\/tags?post=61175"}],"curies":[{"name":"wp","href":"https:\/\/api.w.org\/{rel}","templated":true}]}}