{"id":61160,"date":"2024-08-20T14:19:51","date_gmt":"2024-08-20T17:19:51","guid":{"rendered":"https:\/\/ismaelcolosi.com.br\/index.php\/2024\/08\/20\/ultimos-dias-para-inscricoes-em-concurso-com-salarios-de-ate-r-8-mil-no-interior-de-sp\/"},"modified":"2024-08-20T14:19:51","modified_gmt":"2024-08-20T17:19:51","slug":"ultimos-dias-para-inscricoes-em-concurso-com-salarios-de-ate-r-8-mil-no-interior-de-sp","status":"publish","type":"post","link":"https:\/\/ismaelcolosi.com.br\/index.php\/2024\/08\/20\/ultimos-dias-para-inscricoes-em-concurso-com-salarios-de-ate-r-8-mil-no-interior-de-sp\/","title":{"rendered":"\u00daltimos dias para inscri\u00e7\u00f5es em concurso com sal\u00e1rios de at\u00e9 R$ 8 mil no interior de SP"},"content":{"rendered":"<p> <br \/>\n<\/p>\n<div data-td-block-uid=\"tdi_106\">\n<div class=\"tdb-block-inner td-fix-index\">\n<p>O prazo para as inscri\u00e7\u00f5es no <strong>concurso p\u00fablico com 50 vagas<\/strong> da <strong>Prefeitura de Igarapava<\/strong>, no <strong>interior de S\u00e3o Paulo<\/strong>, se encerra nesta <strong>quinta-feira (22)<\/strong>.<\/p>\n<p>As oportunidades s\u00e3o de n\u00edvel <strong>fundamental<\/strong>, <strong>m\u00e9dio<\/strong>, <strong>t\u00e9cnico <\/strong>e <strong>superior<\/strong>. <strong><mark style=\"background-color:#fcb900\" class=\"has-inline-color\">Os sal\u00e1rios variam entre R$ 1,9 mil e R$ 8,7 mil.<\/mark><\/strong><\/p>\n<h3 class=\"wp-block-heading\"><strong>Como se inscrever?<\/strong><\/h3>\n<p>Os interessados devem se inscrever de<strong> forma on-line<\/strong> no <strong>site do Instituto Indec (<a href=\"https:\/\/www.institutoindec.org.br\/concursos\/publicacoes\/PREFEITURA+MUNICIPAL+DE+IGARAPAVA\/119\" target=\"_blank\" rel=\"noreferrer noopener\">clique aqui<\/a>)<\/strong>, at\u00e9 \u00e0s 23h59min de quinta-feira. <strong>A taxa de inscri\u00e7\u00e3o varia entre R$ 36 e R$ 70<\/strong>.<\/p>\n<p>A aplica\u00e7\u00e3o das provas objetivas est\u00e1 prevista para acontecer no dia <strong>22 de setembro de 2024<\/strong>. O edital completo pode ser conferido <a href=\"https:\/\/www.institutoindec.org.br\/concursos\/publicacoes\/PREFEITURA+MUNICIPAL+DE+IGARAPAVA\/119\" target=\"_blank\" rel=\"noreferrer noopener\">clicando aqui<\/a>.<\/p>\n<h3 class=\"wp-block-heading\"><strong>Confira as vagas dispon\u00edveis<\/strong><\/h3>\n<h4 class=\"wp-block-heading\"><strong>N\u00edvel fundamental<\/strong><\/h4>\n<ul>\n<li>Ajudante de servi\u00e7os diversos<\/li>\n<\/ul>\n<h4 class=\"wp-block-heading\"><strong>N\u00edvel m\u00e9dio e t\u00e9cnico<\/strong><\/h4>\n<ul>\n<li>Auxiliar de cirurgi\u00e3o dentista<\/li>\n<\/ul>\n<ul>\n<li>Auxiliar de consult\u00f3rio dent\u00e1rio<\/li>\n<\/ul>\n<ul>\n<li>Auxiliar de cuidados di\u00e1rios<\/li>\n<\/ul>\n<ul>\n<li>Auxiliar de educador cuidador<\/li>\n<\/ul>\n<h4 class=\"wp-block-heading\"><strong>N\u00edvel superior<\/strong><\/h4>\n<ul>\n<li>Cirurgi\u00e3o dentista esp. Cirurgia traumatologia bucomaxilofacial<\/li>\n<\/ul>\n<ul>\n<li>Coordenador do servi\u00e7o de acolhimento institucional<\/li>\n<\/ul>\n<ul>\n<li>Diretor de ensino t\u00e9cnico<\/li>\n<\/ul>\n<ul>\n<li>M\u00e9dico ultrassonografista<\/li>\n<\/ul>\n<ul>\n<li>Professor De Educa\u00e7\u00e3o B\u00e1sica I(Peb I) Substituto<\/li>\n<\/ul>\n<ul>\n<li>Professor De Educa\u00e7\u00e3o B\u00e1sica II (Peb II) \u2013 Artes<\/li>\n<\/ul>\n<ul>\n<li>Professor De Educa\u00e7\u00e3o B\u00e1sica II (Peb II) \u2013 Geografia<\/li>\n<\/ul>\n<ul>\n<li>Professor De Educa\u00e7\u00e3o B\u00e1sica II (Peb II) Substituto \u2013 Hist\u00f3ria<\/li>\n<\/ul>\n<ul>\n<li>Professor De Educa\u00e7\u00e3o B\u00e1sica II (Peb II) Substituto \u2013 L\u00edngua<\/li>\n<\/ul>\n<ul>\n<li>Professor De Educa\u00e7\u00e3o B\u00e1sica II (Peb II) Substituto \u2013 Matem\u00e1tica<\/li>\n<\/ul>\n<ul>\n<li>Professor De Educa\u00e7\u00e3o B\u00e1sica II Especial<\/li>\n<\/ul>\n<ul>\n<li>Professor De Educa\u00e7\u00e3o B\u00e1sica Inclusiva \u2013 Braille<\/li>\n<\/ul>\n<ul>\n<li>Professor De Educa\u00e7\u00e3o B\u00e1sica Inclusiva \u2013 Libras<\/li>\n<\/ul>\n<hr class=\"wp-block-separator has-alpha-channel-opacity\"\/>\n<p>SAIBA MAIS<\/p>\n<p>Ribeir\u00e3o Preto entra no radar de nova rede de hospitais em neg\u00f3cio bilion\u00e1rio<\/p>\n<h4 class=\"wp-block-heading\"><strong>FIQUE ON<\/strong><\/h4>\n<p>Fique ligado em tudo que acontece em Ribeir\u00e3o Preto e regi\u00e3o. Siga os perfis do\u00a0<strong>acidade on\u00a0<\/strong>no<a href=\"https:\/\/www.instagram.com\/acidadeonribeirao\" target=\"_blank\" rel=\"noreferrer noopener\">\u00a0Instagram<\/a>\u00a0e no\u00a0<a href=\"https:\/\/www.facebook.com\/acidadeonribeirao\/\" target=\"_blank\" rel=\"noreferrer noopener\">Facebook<\/a>.<\/p>\n<p>Receba not\u00edcias do<strong>\u00a0acidade on\u00a0<\/strong>no WhatsApp.\u00a0<a href=\"https:\/\/chat.whatsapp.com\/Dtv9mxhy6V5BJBotM2OQ5k\" target=\"_blank\" rel=\"noreferrer noopener\">Para entrar no grupo, basta clicar aqui.<\/a><\/p>\n<p>Fa\u00e7a uma den\u00fancia ou sugira uma reportagem sobre Ribeir\u00e3o Preto e regi\u00e3o pelo WhatsApp: 16 99117 7802.<\/p>\n<p>VEJA TAMB\u00c9M<\/p>\n<p>Quem \u00e9 o influenciador que quase morreu lavando banheiro com cloro?<\/p>\n<p><!-- CONTENT END 1 -->\n<\/div>\n<\/div>\n<p><script async src=\"\/\/www.instagram.com\/embed.js\"><\/script><br \/>\n<br \/><br \/>\n<br \/><a href=\"https:\/\/www.acidadeon.com\/ribeiraopreto\/economia\/ultimos-dias-para-inscricoes-em-concurso-com-salarios-de-ate-r-8-mil-no-interior-de-sp\/\">Source link <\/a><\/p>\n","protected":false},"excerpt":{"rendered":"<p>O prazo para as inscri\u00e7\u00f5es no concurso p\u00fablico com 50 vagas da Prefeitura de Igarapava, no interior de S\u00e3o Paulo, se encerra nesta quinta-feira (22)&#8230;.<\/p>\n","protected":false},"author":1,"featured_media":53137,"comment_status":"open","ping_status":"open","sticky":false,"template":"","format":"standard","meta":{"_uag_custom_page_level_css":"","advanced_seo_description":"","jetpack_seo_html_title":"","jetpack_seo_noindex":false,"jetpack_post_was_ever_published":false,"_jetpack_newsletter_access":"","_jetpack_dont_email_post_to_subs":false,"_jetpack_newsletter_tier_id":0,"_jetpack_memberships_contains_paywalled_content":false,"_jetpack_memberships_contains_paid_content":false,"footnotes":"","jetpack_publicize_message":"","jetpack_publicize_feature_enabled":true,"jetpack_social_post_already_shared":true,"jetpack_social_options":{"image_generator_settings":{"template":"highway","default_image_id":0,"font":"","enabled":false},"version":2}},"categories":[11],"tags":[],"class_list":["post-61160","post","type-post","status-publish","format-standard","has-post-thumbnail","hentry","category-noticias-de-ribeirao-preto-sp-e-regiao-ismael-colosi"],"jetpack_publicize_connections":[],"jetpack_featured_media_url":"https:\/\/i0.wp.com\/ismaelcolosi.com.br\/wp-content\/uploads\/2024\/06\/Copia-de-Copia-de-TAMANHO-EXATO-PARA-FOTOS-NO-SISTEMA-NOVO-2_2024-06-13_21-46-25_jpg_2024-06-13_21-46-26.webp.webp?fit=1200%2C675&ssl=1","uagb_featured_image_src":{"full":["https:\/\/i0.wp.com\/ismaelcolosi.com.br\/wp-content\/uploads\/2024\/06\/Copia-de-Copia-de-TAMANHO-EXATO-PARA-FOTOS-NO-SISTEMA-NOVO-2_2024-06-13_21-46-25_jpg_2024-06-13_21-46-26.webp.webp?fit=1200%2C675&ssl=1",1200,675,false],"thumbnail":["https:\/\/i0.wp.com\/ismaelcolosi.com.br\/wp-content\/uploads\/2024\/06\/Copia-de-Copia-de-TAMANHO-EXATO-PARA-FOTOS-NO-SISTEMA-NOVO-2_2024-06-13_21-46-25_jpg_2024-06-13_21-46-26.webp.webp?resize=150%2C150&ssl=1",150,150,true],"medium":["https:\/\/i0.wp.com\/ismaelcolosi.com.br\/wp-content\/uploads\/2024\/06\/Copia-de-Copia-de-TAMANHO-EXATO-PARA-FOTOS-NO-SISTEMA-NOVO-2_2024-06-13_21-46-25_jpg_2024-06-13_21-46-26.webp.webp?fit=300%2C169&ssl=1",300,169,true],"medium_large":["https:\/\/i0.wp.com\/ismaelcolosi.com.br\/wp-content\/uploads\/2024\/06\/Copia-de-Copia-de-TAMANHO-EXATO-PARA-FOTOS-NO-SISTEMA-NOVO-2_2024-06-13_21-46-25_jpg_2024-06-13_21-46-26.webp.webp?fit=768%2C432&ssl=1",768,432,true],"large":["https:\/\/i0.wp.com\/ismaelcolosi.com.br\/wp-content\/uploads\/2024\/06\/Copia-de-Copia-de-TAMANHO-EXATO-PARA-FOTOS-NO-SISTEMA-NOVO-2_2024-06-13_21-46-25_jpg_2024-06-13_21-46-26.webp.webp?fit=1024%2C576&ssl=1",1024,576,true],"1536x1536":["https:\/\/i0.wp.com\/ismaelcolosi.com.br\/wp-content\/uploads\/2024\/06\/Copia-de-Copia-de-TAMANHO-EXATO-PARA-FOTOS-NO-SISTEMA-NOVO-2_2024-06-13_21-46-25_jpg_2024-06-13_21-46-26.webp.webp?fit=1200%2C675&ssl=1",1200,675,true],"2048x2048":["https:\/\/i0.wp.com\/ismaelcolosi.com.br\/wp-content\/uploads\/2024\/06\/Copia-de-Copia-de-TAMANHO-EXATO-PARA-FOTOS-NO-SISTEMA-NOVO-2_2024-06-13_21-46-25_jpg_2024-06-13_21-46-26.webp.webp?fit=1200%2C675&ssl=1",1200,675,true],"really-simple-thumb":["https:\/\/i0.wp.com\/ismaelcolosi.com.br\/wp-content\/uploads\/2024\/06\/Copia-de-Copia-de-TAMANHO-EXATO-PARA-FOTOS-NO-SISTEMA-NOVO-2_2024-06-13_21-46-25_jpg_2024-06-13_21-46-26.webp.webp?resize=370%2C247&ssl=1",370,247,true]},"uagb_author_info":{"display_name":"ismaelcolosi.com.br","author_link":"https:\/\/ismaelcolosi.com.br\/index.php\/author\/vidareal-online\/"},"uagb_comment_info":0,"uagb_excerpt":"O prazo para as inscri\u00e7\u00f5es no concurso p\u00fablico com 50 vagas da Prefeitura de Igarapava, no interior de S\u00e3o Paulo, se encerra nesta quinta-feira (22)....","jetpack-related-posts":[{"id":70828,"url":"https:\/\/ismaelcolosi.com.br\/index.php\/2024\/10\/13\/veja-cinco-concursos-publicos-com-mais-de-110-vagas-no-interior-de-sp\/","url_meta":{"origin":61160,"position":0},"title":"Veja cinco concursos p\u00fablicos com mais de 110 vagas no interior de SP","author":"ismaelcolosi.com.br","date":"13 de October de 2024","format":false,"excerpt":"Os interessados em concorrer a uma vaga em concurso p\u00fablico contam com mais de 110 oportunidades em cinco editais dispon\u00edveis no interior de S\u00e3o Paulo. As oportunidades s\u00e3o para cargos de n\u00edvel m\u00e9dio, t\u00e9cnico e superior. Os sal\u00e1rios variam entre R$ 2,1 mil e R$ 12,6 mil. Confira a lista\u2026","rel":"","context":"In &quot;Not\u00edcias de Ribeir\u00e3o Preto-SP e Regi\u00e3o&quot;","block_context":{"text":"Not\u00edcias de Ribeir\u00e3o Preto-SP e Regi\u00e3o","link":"https:\/\/ismaelcolosi.com.br\/index.php\/category\/noticias-de-ribeirao-preto-sp-e-regiao-ismael-colosi\/"},"img":{"alt_text":"","src":"https:\/\/i0.wp.com\/ismaelcolosi.com.br\/wp-content\/uploads\/2024\/07\/Copia-de-Copia-de-TAMANHO-EXATO-PARA-FOTOS-NO-SISTEMA-NOVO-22_2024-07-24_20-00-55_jpg_2024-07-24_20-00-55.webp.webp?fit=1200%2C675&ssl=1&resize=350%2C200","width":350,"height":200,"srcset":"https:\/\/i0.wp.com\/ismaelcolosi.com.br\/wp-content\/uploads\/2024\/07\/Copia-de-Copia-de-TAMANHO-EXATO-PARA-FOTOS-NO-SISTEMA-NOVO-22_2024-07-24_20-00-55_jpg_2024-07-24_20-00-55.webp.webp?fit=1200%2C675&ssl=1&resize=350%2C200 1x, https:\/\/i0.wp.com\/ismaelcolosi.com.br\/wp-content\/uploads\/2024\/07\/Copia-de-Copia-de-TAMANHO-EXATO-PARA-FOTOS-NO-SISTEMA-NOVO-22_2024-07-24_20-00-55_jpg_2024-07-24_20-00-55.webp.webp?fit=1200%2C675&ssl=1&resize=525%2C300 1.5x, https:\/\/i0.wp.com\/ismaelcolosi.com.br\/wp-content\/uploads\/2024\/07\/Copia-de-Copia-de-TAMANHO-EXATO-PARA-FOTOS-NO-SISTEMA-NOVO-22_2024-07-24_20-00-55_jpg_2024-07-24_20-00-55.webp.webp?fit=1200%2C675&ssl=1&resize=700%2C400 2x, https:\/\/i0.wp.com\/ismaelcolosi.com.br\/wp-content\/uploads\/2024\/07\/Copia-de-Copia-de-TAMANHO-EXATO-PARA-FOTOS-NO-SISTEMA-NOVO-22_2024-07-24_20-00-55_jpg_2024-07-24_20-00-55.webp.webp?fit=1200%2C675&ssl=1&resize=1050%2C600 3x"},"classes":[]},{"id":59191,"url":"https:\/\/ismaelcolosi.com.br\/index.php\/2024\/08\/06\/ultimos-dias-para-inscricao-em-concurso-publico-de-prefeitura-do-interior-de-sp\/","url_meta":{"origin":61160,"position":1},"title":"\u00daltimos dias para inscri\u00e7\u00e3o em concurso p\u00fablico de Prefeitura do interior de SP","author":"ismaelcolosi.com.br","date":"6 de August de 2024","format":false,"excerpt":"O prazo para as inscri\u00e7\u00f5es no concurso p\u00fablico para cadastro de reserva da Prefeitura de Brodowski, no interior de S\u00e3o Paulo, se encerra nesta quinta-feira (8). As vagas dispon\u00edveis s\u00e3o de n\u00edvel fundamental, m\u00e9dio e superior e os sal\u00e1rios variam entre R$ 1,5 mil e R$ 3,3 mil. Para a\u2026","rel":"","context":"In &quot;Not\u00edcias de Ribeir\u00e3o Preto-SP e Regi\u00e3o&quot;","block_context":{"text":"Not\u00edcias de Ribeir\u00e3o Preto-SP e Regi\u00e3o","link":"https:\/\/ismaelcolosi.com.br\/index.php\/category\/noticias-de-ribeirao-preto-sp-e-regiao-ismael-colosi\/"},"img":{"alt_text":"","src":"https:\/\/i0.wp.com\/ismaelcolosi.com.br\/wp-content\/uploads\/2024\/04\/AnyConv.com__concurso-publico-4.webp.webp?fit=1200%2C800&ssl=1&resize=350%2C200","width":350,"height":200,"srcset":"https:\/\/i0.wp.com\/ismaelcolosi.com.br\/wp-content\/uploads\/2024\/04\/AnyConv.com__concurso-publico-4.webp.webp?fit=1200%2C800&ssl=1&resize=350%2C200 1x, https:\/\/i0.wp.com\/ismaelcolosi.com.br\/wp-content\/uploads\/2024\/04\/AnyConv.com__concurso-publico-4.webp.webp?fit=1200%2C800&ssl=1&resize=525%2C300 1.5x, https:\/\/i0.wp.com\/ismaelcolosi.com.br\/wp-content\/uploads\/2024\/04\/AnyConv.com__concurso-publico-4.webp.webp?fit=1200%2C800&ssl=1&resize=700%2C400 2x, https:\/\/i0.wp.com\/ismaelcolosi.com.br\/wp-content\/uploads\/2024\/04\/AnyConv.com__concurso-publico-4.webp.webp?fit=1200%2C800&ssl=1&resize=1050%2C600 3x"},"classes":[]},{"id":71641,"url":"https:\/\/ismaelcolosi.com.br\/index.php\/2024\/10\/17\/unesp-abre-concurso-publico-com-salarios-de-ate-r-8-mil-no-interior-de-sp\/","url_meta":{"origin":61160,"position":2},"title":"Unesp abre concurso p\u00fablico com sal\u00e1rios de at\u00e9 R$ 8 mil no interior de SP","author":"ismaelcolosi.com.br","date":"17 de October de 2024","format":false,"excerpt":"A Unesp (Universidade Estadual Paulista) publicou edital de concurso p\u00fablico para o cargo de professor substituto para o campus de Franca, no interior de S\u00e3o Paulo. Os sal\u00e1rios para o cargo variam entre R$ 4,8 mil e R$ 8,1 mil, conforme a titula\u00e7\u00e3o do profissional aprovado. A vaga \u00e9 para\u2026","rel":"","context":"In &quot;Not\u00edcias de Ribeir\u00e3o Preto-SP e Regi\u00e3o&quot;","block_context":{"text":"Not\u00edcias de Ribeir\u00e3o Preto-SP e Regi\u00e3o","link":"https:\/\/ismaelcolosi.com.br\/index.php\/category\/noticias-de-ribeirao-preto-sp-e-regiao-ismael-colosi\/"},"img":{"alt_text":"","src":"https:\/\/i0.wp.com\/ismaelcolosi.com.br\/wp-content\/uploads\/2024\/10\/concurso-publico.jpg?fit=1200%2C800&ssl=1&resize=350%2C200","width":350,"height":200,"srcset":"https:\/\/i0.wp.com\/ismaelcolosi.com.br\/wp-content\/uploads\/2024\/10\/concurso-publico.jpg?fit=1200%2C800&ssl=1&resize=350%2C200 1x, https:\/\/i0.wp.com\/ismaelcolosi.com.br\/wp-content\/uploads\/2024\/10\/concurso-publico.jpg?fit=1200%2C800&ssl=1&resize=525%2C300 1.5x, https:\/\/i0.wp.com\/ismaelcolosi.com.br\/wp-content\/uploads\/2024\/10\/concurso-publico.jpg?fit=1200%2C800&ssl=1&resize=700%2C400 2x, https:\/\/i0.wp.com\/ismaelcolosi.com.br\/wp-content\/uploads\/2024\/10\/concurso-publico.jpg?fit=1200%2C800&ssl=1&resize=1050%2C600 3x"},"classes":[]},{"id":59326,"url":"https:\/\/ismaelcolosi.com.br\/index.php\/2024\/08\/07\/correios-abrem-inscricoes-para-concurso-com-vagas-no-interior-de-sp-e-salarios-de-r-6-mil\/","url_meta":{"origin":61160,"position":3},"title":"Correios abrem inscri\u00e7\u00f5es para concurso com vagas no interior de SP e sal\u00e1rios de R$ 6 mil","author":"ismaelcolosi.com.br","date":"7 de August de 2024","format":false,"excerpt":"As inscri\u00e7\u00f5es para o novo concurso p\u00fablico dos Correios come\u00e7aram nesta quarta-feira (7). S\u00e3o 33 vagas dispon\u00edveis, al\u00e9m de forma\u00e7\u00e3o de cadastro reserva. As oportunidades s\u00e3o para cargos da \u00e1rea de medicina e seguran\u00e7a do trabalho. Os sal\u00e1rios iniciais variam entre R$ 3,6 mil e R$ 6,8 mil. Al\u00e9m da\u2026","rel":"","context":"In &quot;Not\u00edcias de Ribeir\u00e3o Preto-SP e Regi\u00e3o&quot;","block_context":{"text":"Not\u00edcias de Ribeir\u00e3o Preto-SP e Regi\u00e3o","link":"https:\/\/ismaelcolosi.com.br\/index.php\/category\/noticias-de-ribeirao-preto-sp-e-regiao-ismael-colosi\/"},"img":{"alt_text":"","src":"https:\/\/i0.wp.com\/ismaelcolosi.com.br\/wp-content\/uploads\/2024\/08\/Copia-de-Copia-de-TAMANHO-EXATO-PARA-FOTOS-NO-SISTEMA-NOVO-33_2024-05-03_18-21-50_jpg_2024-05-03_18-21-50.webp.webp?fit=1200%2C675&ssl=1&resize=350%2C200","width":350,"height":200,"srcset":"https:\/\/i0.wp.com\/ismaelcolosi.com.br\/wp-content\/uploads\/2024\/08\/Copia-de-Copia-de-TAMANHO-EXATO-PARA-FOTOS-NO-SISTEMA-NOVO-33_2024-05-03_18-21-50_jpg_2024-05-03_18-21-50.webp.webp?fit=1200%2C675&ssl=1&resize=350%2C200 1x, https:\/\/i0.wp.com\/ismaelcolosi.com.br\/wp-content\/uploads\/2024\/08\/Copia-de-Copia-de-TAMANHO-EXATO-PARA-FOTOS-NO-SISTEMA-NOVO-33_2024-05-03_18-21-50_jpg_2024-05-03_18-21-50.webp.webp?fit=1200%2C675&ssl=1&resize=525%2C300 1.5x, https:\/\/i0.wp.com\/ismaelcolosi.com.br\/wp-content\/uploads\/2024\/08\/Copia-de-Copia-de-TAMANHO-EXATO-PARA-FOTOS-NO-SISTEMA-NOVO-33_2024-05-03_18-21-50_jpg_2024-05-03_18-21-50.webp.webp?fit=1200%2C675&ssl=1&resize=700%2C400 2x, https:\/\/i0.wp.com\/ismaelcolosi.com.br\/wp-content\/uploads\/2024\/08\/Copia-de-Copia-de-TAMANHO-EXATO-PARA-FOTOS-NO-SISTEMA-NOVO-33_2024-05-03_18-21-50_jpg_2024-05-03_18-21-50.webp.webp?fit=1200%2C675&ssl=1&resize=1050%2C600 3x"},"classes":[]},{"id":70949,"url":"https:\/\/ismaelcolosi.com.br\/index.php\/2024\/10\/14\/prefeitura-no-interior-de-sp-abre-concurso-com-salarios-de-ate-r-12-mil\/","url_meta":{"origin":61160,"position":4},"title":"Prefeitura no interior de SP abre concurso com sal\u00e1rios de at\u00e9 R$ 12 mil","author":"ismaelcolosi.com.br","date":"14 de October de 2024","format":false,"excerpt":"Est\u00e3o abertas as inscri\u00e7\u00f5es para o concurso p\u00fablico da Prefeitura de Sert\u00e3ozinho, cidade na regi\u00e3o de Ribeir\u00e3o Preto \u2013 veja as vagas abaixo. Ao todo, s\u00e3o 42 vagas de n\u00edvel fundamental, m\u00e9dio e superior, al\u00e9m do cadastro de reserva. Os sal\u00e1rios variam entre R$ 2,1 mil a R$ 12,6 mil.\u2026","rel":"","context":"In &quot;Not\u00edcias de Ribeir\u00e3o Preto-SP e Regi\u00e3o&quot;","block_context":{"text":"Not\u00edcias de Ribeir\u00e3o Preto-SP e Regi\u00e3o","link":"https:\/\/ismaelcolosi.com.br\/index.php\/category\/noticias-de-ribeirao-preto-sp-e-regiao-ismael-colosi\/"},"img":{"alt_text":"","src":"https:\/\/i0.wp.com\/ismaelcolosi.com.br\/wp-content\/uploads\/2024\/10\/concurso-publico-11.jpg?fit=1200%2C801&ssl=1&resize=350%2C200","width":350,"height":200,"srcset":"https:\/\/i0.wp.com\/ismaelcolosi.com.br\/wp-content\/uploads\/2024\/10\/concurso-publico-11.jpg?fit=1200%2C801&ssl=1&resize=350%2C200 1x, https:\/\/i0.wp.com\/ismaelcolosi.com.br\/wp-content\/uploads\/2024\/10\/concurso-publico-11.jpg?fit=1200%2C801&ssl=1&resize=525%2C300 1.5x, https:\/\/i0.wp.com\/ismaelcolosi.com.br\/wp-content\/uploads\/2024\/10\/concurso-publico-11.jpg?fit=1200%2C801&ssl=1&resize=700%2C400 2x, https:\/\/i0.wp.com\/ismaelcolosi.com.br\/wp-content\/uploads\/2024\/10\/concurso-publico-11.jpg?fit=1200%2C801&ssl=1&resize=1050%2C600 3x"},"classes":[]},{"id":45782,"url":"https:\/\/ismaelcolosi.com.br\/index.php\/2024\/04\/07\/veja-quatro-concursos-publicos-com-as-inscricoes-abertas-no-interior-de-sp\/","url_meta":{"origin":61160,"position":5},"title":"Veja quatro concursos p\u00fablicos com as inscri\u00e7\u00f5es abertas no interior de SP","author":"ismaelcolosi.com.br","date":"7 de April de 2024","format":false,"excerpt":"Para quem est\u00e1 em busca de uma oportunidade de emprego no servi\u00e7o p\u00fablico, o acidade on Ribeir\u00e3o separou quatro concursos p\u00fablicos com as inscri\u00e7\u00f5es abertas no interior de S\u00e3o Paulo. S\u00e3o mais de 400 vagas e sal\u00e1rios de at\u00e9 R$ 8 mil. Prefeitura de Ribeir\u00e3o Preto A Prefeitura de Ribeir\u00e3o\u2026","rel":"","context":"In &quot;Not\u00edcias de Ribeir\u00e3o Preto-SP e Regi\u00e3o&quot;","block_context":{"text":"Not\u00edcias de Ribeir\u00e3o Preto-SP e Regi\u00e3o","link":"https:\/\/ismaelcolosi.com.br\/index.php\/category\/noticias-de-ribeirao-preto-sp-e-regiao-ismael-colosi\/"},"img":{"alt_text":"","src":"https:\/\/i0.wp.com\/ismaelcolosi.com.br\/wp-content\/uploads\/2024\/04\/prova-concurso-publico-2.jpg?fit=1200%2C801&ssl=1&resize=350%2C200","width":350,"height":200,"srcset":"https:\/\/i0.wp.com\/ismaelcolosi.com.br\/wp-content\/uploads\/2024\/04\/prova-concurso-publico-2.jpg?fit=1200%2C801&ssl=1&resize=350%2C200 1x, https:\/\/i0.wp.com\/ismaelcolosi.com.br\/wp-content\/uploads\/2024\/04\/prova-concurso-publico-2.jpg?fit=1200%2C801&ssl=1&resize=525%2C300 1.5x, https:\/\/i0.wp.com\/ismaelcolosi.com.br\/wp-content\/uploads\/2024\/04\/prova-concurso-publico-2.jpg?fit=1200%2C801&ssl=1&resize=700%2C400 2x, https:\/\/i0.wp.com\/ismaelcolosi.com.br\/wp-content\/uploads\/2024\/04\/prova-concurso-publico-2.jpg?fit=1200%2C801&ssl=1&resize=1050%2C600 3x"},"classes":[]}],"jetpack_sharing_enabled":true,"jetpack_shortlink":"https:\/\/wp.me\/pfMlyK-fUs","_links":{"self":[{"href":"https:\/\/ismaelcolosi.com.br\/index.php\/wp-json\/wp\/v2\/posts\/61160","targetHints":{"allow":["GET"]}}],"collection":[{"href":"https:\/\/ismaelcolosi.com.br\/index.php\/wp-json\/wp\/v2\/posts"}],"about":[{"href":"https:\/\/ismaelcolosi.com.br\/index.php\/wp-json\/wp\/v2\/types\/post"}],"author":[{"embeddable":true,"href":"https:\/\/ismaelcolosi.com.br\/index.php\/wp-json\/wp\/v2\/users\/1"}],"replies":[{"embeddable":true,"href":"https:\/\/ismaelcolosi.com.br\/index.php\/wp-json\/wp\/v2\/comments?post=61160"}],"version-history":[{"count":0,"href":"https:\/\/ismaelcolosi.com.br\/index.php\/wp-json\/wp\/v2\/posts\/61160\/revisions"}],"wp:featuredmedia":[{"embeddable":true,"href":"https:\/\/ismaelcolosi.com.br\/index.php\/wp-json\/wp\/v2\/media\/53137"}],"wp:attachment":[{"href":"https:\/\/ismaelcolosi.com.br\/index.php\/wp-json\/wp\/v2\/media?parent=61160"}],"wp:term":[{"taxonomy":"category","embeddable":true,"href":"https:\/\/ismaelcolosi.com.br\/index.php\/wp-json\/wp\/v2\/categories?post=61160"},{"taxonomy":"post_tag","embeddable":true,"href":"https:\/\/ismaelcolosi.com.br\/index.php\/wp-json\/wp\/v2\/tags?post=61160"}],"curies":[{"name":"wp","href":"https:\/\/api.w.org\/{rel}","templated":true}]}}