{"id":61145,"date":"2024-08-20T13:09:59","date_gmt":"2024-08-20T16:09:59","guid":{"rendered":"https:\/\/ismaelcolosi.com.br\/index.php\/2024\/08\/20\/ladroes-invadem-condominio-e-furtam-bicicleta-na-zona-sul-de-ribeirao-preto\/"},"modified":"2024-08-20T13:09:59","modified_gmt":"2024-08-20T16:09:59","slug":"ladroes-invadem-condominio-e-furtam-bicicleta-na-zona-sul-de-ribeirao-preto","status":"publish","type":"post","link":"https:\/\/ismaelcolosi.com.br\/index.php\/2024\/08\/20\/ladroes-invadem-condominio-e-furtam-bicicleta-na-zona-sul-de-ribeirao-preto\/","title":{"rendered":"Ladr\u00f5es invadem condom\u00ednio e furtam bicicleta na zona Sul de Ribeir\u00e3o Preto"},"content":{"rendered":"<p> <br \/>\n<\/p>\n<div data-td-block-uid=\"tdi_106\">\n<div class=\"tdb-block-inner td-fix-index\">\n<p>Dois homens invadiram a garagem de um pr\u00e9dio, na zona sul de<strong> Ribeir\u00e3o Preto<\/strong>, e levaram uma bicicleta. <mark style=\"background-color:#fcb900\" class=\"has-inline-color has-black-color\">A a\u00e7\u00e3o aconteceu na rua Miguel del R\u00e9, no <strong>Jardim Ana Maria<\/strong>, pr\u00f3ximo a avenida Caramuru.<\/mark><\/p>\n<p>Imagens de c\u00e2mera de seguran\u00e7a registraram o momento que os dois suspeitos for\u00e7am o port\u00e3o eletr\u00f4nico at\u00e9 conseguir abri-lo. <\/p>\n<p>Em seguida, eles saem levando a bicicleta de um morador. Toda a a\u00e7\u00e3o durou menos de um minuto. <\/p>\n<p><strong>SAIBA MAIS<\/strong><br \/>Veja 10 atividades culturais em Ribeir\u00e3o Preto para curtir com as crian\u00e7as na reta final de agosto<\/p>\n<h4 class=\"wp-block-heading\"><strong>FIQUE ON<\/strong><\/h4>\n<p>Fique ligado em tudo que acontece em <strong>Ribeir\u00e3o Preto e regi\u00e3o<\/strong>. Siga os perfis do<strong> acidade on <\/strong>no <a href=\"https:\/\/www.instagram.com\/acidadeonribeirao\/\" target=\"_blank\" rel=\"noreferrer noopener nofollow\">Instagram<\/a> e no <a href=\"https:\/\/www.facebook.com\/acidadeonribeirao\" target=\"_blank\" rel=\"noreferrer noopener nofollow\">Facebook<\/a>.<\/p>\n<p>Receba not\u00edcias do <strong>acidade on <\/strong>no WhatsApp. Para entrar no grupo, basta <a href=\"https:\/\/chat.whatsapp.com\/Bnv2w66ZT4VDyZW3oiZ69n\" target=\"_blank\" rel=\"noreferrer noopener nofollow\">clicar aqui<\/a>.<\/p>\n<p>Fa\u00e7a uma den\u00fancia ou sugira uma reportagem sobre Ribeir\u00e3o Preto e regi\u00e3o pelo WhatsApp: 16 99117 7802.<\/p>\n<p>VEJA TAMB\u00c9M<br \/><a href=\"https:\/\/acidadeon.com\/tudoep\/tudo-noticias\/como-funciona-a-pontuacao-do-cnu\/\" target=\"_blank\" rel=\"noreferrer noopener nofollow\">Como funciona a pontua\u00e7\u00e3o do CNU?<\/a><\/p>\n<p><!-- CONTENT END 1 -->\n<\/div>\n<\/div>\n<p><script async src=\"\/\/www.instagram.com\/embed.js\"><\/script><br \/>\n<br \/><br \/>\n<br \/><a href=\"https:\/\/www.acidadeon.com\/ribeiraopreto\/cotidiano\/ladroes-invadem-condominio-e-furtam-bicicleta-na-zona-sul-de-ribeirao-preto\/\">Source link <\/a><\/p>\n","protected":false},"excerpt":{"rendered":"<p>Dois homens invadiram a garagem de um pr\u00e9dio, na zona sul de Ribeir\u00e3o Preto, e levaram uma bicicleta. A a\u00e7\u00e3o aconteceu na rua Miguel del&#8230;<\/p>\n","protected":false},"author":1,"featured_media":61146,"comment_status":"open","ping_status":"open","sticky":false,"template":"","format":"standard","meta":{"_uag_custom_page_level_css":"","advanced_seo_description":"","jetpack_seo_html_title":"","jetpack_seo_noindex":false,"jetpack_post_was_ever_published":false,"_jetpack_newsletter_access":"","_jetpack_dont_email_post_to_subs":false,"_jetpack_newsletter_tier_id":0,"_jetpack_memberships_contains_paywalled_content":false,"_jetpack_memberships_contains_paid_content":false,"footnotes":"","jetpack_publicize_message":"","jetpack_publicize_feature_enabled":true,"jetpack_social_post_already_shared":true,"jetpack_social_options":{"image_generator_settings":{"template":"highway","default_image_id":0,"font":"","enabled":false},"version":2}},"categories":[11],"tags":[],"class_list":["post-61145","post","type-post","status-publish","format-standard","has-post-thumbnail","hentry","category-noticias-de-ribeirao-preto-sp-e-regiao-ismael-colosi"],"jetpack_publicize_connections":[],"jetpack_featured_media_url":"https:\/\/i0.wp.com\/ismaelcolosi.com.br\/wp-content\/uploads\/2024\/08\/ladrao-predio_2024-08-20_15-30-15_jpg_2024-08-20_15-30-15.webp.webp?fit=1600%2C900&ssl=1","uagb_featured_image_src":{"full":["https:\/\/i0.wp.com\/ismaelcolosi.com.br\/wp-content\/uploads\/2024\/08\/ladrao-predio_2024-08-20_15-30-15_jpg_2024-08-20_15-30-15.webp.webp?fit=1600%2C900&ssl=1",1600,900,false],"thumbnail":["https:\/\/i0.wp.com\/ismaelcolosi.com.br\/wp-content\/uploads\/2024\/08\/ladrao-predio_2024-08-20_15-30-15_jpg_2024-08-20_15-30-15.webp.webp?resize=150%2C150&ssl=1",150,150,true],"medium":["https:\/\/i0.wp.com\/ismaelcolosi.com.br\/wp-content\/uploads\/2024\/08\/ladrao-predio_2024-08-20_15-30-15_jpg_2024-08-20_15-30-15.webp.webp?fit=300%2C169&ssl=1",300,169,true],"medium_large":["https:\/\/i0.wp.com\/ismaelcolosi.com.br\/wp-content\/uploads\/2024\/08\/ladrao-predio_2024-08-20_15-30-15_jpg_2024-08-20_15-30-15.webp.webp?fit=768%2C432&ssl=1",768,432,true],"large":["https:\/\/i0.wp.com\/ismaelcolosi.com.br\/wp-content\/uploads\/2024\/08\/ladrao-predio_2024-08-20_15-30-15_jpg_2024-08-20_15-30-15.webp.webp?fit=1024%2C576&ssl=1",1024,576,true],"1536x1536":["https:\/\/i0.wp.com\/ismaelcolosi.com.br\/wp-content\/uploads\/2024\/08\/ladrao-predio_2024-08-20_15-30-15_jpg_2024-08-20_15-30-15.webp.webp?fit=1536%2C864&ssl=1",1536,864,true],"2048x2048":["https:\/\/i0.wp.com\/ismaelcolosi.com.br\/wp-content\/uploads\/2024\/08\/ladrao-predio_2024-08-20_15-30-15_jpg_2024-08-20_15-30-15.webp.webp?fit=1600%2C900&ssl=1",1600,900,true],"really-simple-thumb":["https:\/\/i0.wp.com\/ismaelcolosi.com.br\/wp-content\/uploads\/2024\/08\/ladrao-predio_2024-08-20_15-30-15_jpg_2024-08-20_15-30-15.webp.webp?resize=370%2C247&ssl=1",370,247,true]},"uagb_author_info":{"display_name":"ismaelcolosi.com.br","author_link":"https:\/\/ismaelcolosi.com.br\/index.php\/author\/vidareal-online\/"},"uagb_comment_info":0,"uagb_excerpt":"Dois homens invadiram a garagem de um pr\u00e9dio, na zona sul de Ribeir\u00e3o Preto, e levaram uma bicicleta. A a\u00e7\u00e3o aconteceu na rua Miguel del...","jetpack-related-posts":[{"id":46844,"url":"https:\/\/ismaelcolosi.com.br\/index.php\/2024\/04\/15\/ladrao-rouba-aparelhos-de-medir-glicose-e-pressao-de-mulher-em-ponto-de-onibus-de-ribeirao\/","url_meta":{"origin":61145,"position":0},"title":"Ladr\u00e3o rouba aparelhos de medir glicose e press\u00e3o de mulher em ponto de \u00f4nibus de Ribeir\u00e3o","author":"ismaelcolosi.com.br","date":"15 de April de 2024","format":false,"excerpt":"Uma mulher foi assaltada na madrugada do \u00faltimo s\u00e1bado (13), enquanto esperava o \u00f4nibus do transporte coletivo em um ponto na Vila Virg\u00ednia, zona Oeste de Ribeir\u00e3o Preto. Segundo o boletim de ocorr\u00eancia (BO), a bolsa da v\u00edtima foi roubada na a\u00e7\u00e3o, onde no interior havia dois aparelhos: um de\u2026","rel":"","context":"In &quot;Not\u00edcias de Ribeir\u00e3o Preto-SP e Regi\u00e3o&quot;","block_context":{"text":"Not\u00edcias de Ribeir\u00e3o Preto-SP e Regi\u00e3o","link":"https:\/\/ismaelcolosi.com.br\/index.php\/category\/noticias-de-ribeirao-preto-sp-e-regiao-ismael-colosi\/"},"img":{"alt_text":"","src":"https:\/\/i0.wp.com\/ismaelcolosi.com.br\/wp-content\/uploads\/2024\/04\/1713196663_20220620_114539075_policia_qru_1024x576_25052021184749_jpg_715985292.jpg?fit=1200%2C606&ssl=1&resize=350%2C200","width":350,"height":200,"srcset":"https:\/\/i0.wp.com\/ismaelcolosi.com.br\/wp-content\/uploads\/2024\/04\/1713196663_20220620_114539075_policia_qru_1024x576_25052021184749_jpg_715985292.jpg?fit=1200%2C606&ssl=1&resize=350%2C200 1x, https:\/\/i0.wp.com\/ismaelcolosi.com.br\/wp-content\/uploads\/2024\/04\/1713196663_20220620_114539075_policia_qru_1024x576_25052021184749_jpg_715985292.jpg?fit=1200%2C606&ssl=1&resize=525%2C300 1.5x, https:\/\/i0.wp.com\/ismaelcolosi.com.br\/wp-content\/uploads\/2024\/04\/1713196663_20220620_114539075_policia_qru_1024x576_25052021184749_jpg_715985292.jpg?fit=1200%2C606&ssl=1&resize=700%2C400 2x, https:\/\/i0.wp.com\/ismaelcolosi.com.br\/wp-content\/uploads\/2024\/04\/1713196663_20220620_114539075_policia_qru_1024x576_25052021184749_jpg_715985292.jpg?fit=1200%2C606&ssl=1&resize=1050%2C600 3x"},"classes":[]},{"id":63635,"url":"https:\/\/ismaelcolosi.com.br\/index.php\/2024\/09\/03\/homem-invade-predio-na-zona-oeste-de-ribeirao-e-furta-bicicleta\/","url_meta":{"origin":61145,"position":1},"title":"Homem invade pr\u00e9dio na zona Oeste de Ribeir\u00e3o e furta bicicleta","author":"ismaelcolosi.com.br","date":"3 de September de 2024","format":false,"excerpt":"Na \u00faltima sexta-feira (30), um homem invadiu um condom\u00ednio localizado na Vila Guiomar, zona Norte de Ribeir\u00e3o Preto e furtou a bicicleta de uma crian\u00e7a. De acordo com a m\u00e3e, Joyce Oliveira, a pequena desceu para brincar e n\u00e3o encontrou a bicicleta que ganhou de presente de anivers\u00e1rio. Ent\u00e3o, Joyce\u2026","rel":"","context":"In &quot;Not\u00edcias de Ribeir\u00e3o Preto-SP e Regi\u00e3o&quot;","block_context":{"text":"Not\u00edcias de Ribeir\u00e3o Preto-SP e Regi\u00e3o","link":"https:\/\/ismaelcolosi.com.br\/index.php\/category\/noticias-de-ribeirao-preto-sp-e-regiao-ismael-colosi\/"},"img":{"alt_text":"","src":"https:\/\/i0.wp.com\/ismaelcolosi.com.br\/wp-content\/uploads\/2024\/09\/roubo-bike_2024-09-03_13-03-54_jpg_2024-09-03_13-03-54.webp.webp?fit=852%2C479&ssl=1&resize=350%2C200","width":350,"height":200,"srcset":"https:\/\/i0.wp.com\/ismaelcolosi.com.br\/wp-content\/uploads\/2024\/09\/roubo-bike_2024-09-03_13-03-54_jpg_2024-09-03_13-03-54.webp.webp?fit=852%2C479&ssl=1&resize=350%2C200 1x, https:\/\/i0.wp.com\/ismaelcolosi.com.br\/wp-content\/uploads\/2024\/09\/roubo-bike_2024-09-03_13-03-54_jpg_2024-09-03_13-03-54.webp.webp?fit=852%2C479&ssl=1&resize=525%2C300 1.5x, https:\/\/i0.wp.com\/ismaelcolosi.com.br\/wp-content\/uploads\/2024\/09\/roubo-bike_2024-09-03_13-03-54_jpg_2024-09-03_13-03-54.webp.webp?fit=852%2C479&ssl=1&resize=700%2C400 2x"},"classes":[]},{"id":61306,"url":"https:\/\/ismaelcolosi.com.br\/index.php\/2024\/08\/21\/onibus-do-transporte-publico-e-apedrejado-na-zona-norte-de-ribeirao-preto\/","url_meta":{"origin":61145,"position":2},"title":"\u00d4nibus do transporte p\u00fablico \u00e9 apedrejado na zona Norte de Ribeir\u00e3o Preto","author":"ismaelcolosi.com.br","date":"21 de August de 2024","format":false,"excerpt":"Um \u00f4nibus do transporte p\u00fablico foi alvo de pedradas na noite desta ter\u00e7a-feira (20), no bairro Geraldo Correia de Carvalho, zona norte de Ribeir\u00e3o Preto. Segundo o boletim de ocorr\u00eancia (BO), o motorista disse que passava pela rua Padre Bento Dias Pacheco, quando ocorreu o ataque. Ele tamb\u00e9m relatou que\u2026","rel":"","context":"In &quot;Not\u00edcias de Ribeir\u00e3o Preto-SP e Regi\u00e3o&quot;","block_context":{"text":"Not\u00edcias de Ribeir\u00e3o Preto-SP e Regi\u00e3o","link":"https:\/\/ismaelcolosi.com.br\/index.php\/category\/noticias-de-ribeirao-preto-sp-e-regiao-ismael-colosi\/"},"img":{"alt_text":"","src":"https:\/\/i0.wp.com\/ismaelcolosi.com.br\/wp-content\/uploads\/2024\/05\/Copia-de-Copia-de-TAMANHO-EXATO-PARA-FOTOS-NO-SISTEMA-NOVO-35_2024-05-23_16-30-22_jpg_2024-05-23_16-30-22.webp.webp?fit=1200%2C675&ssl=1&resize=350%2C200","width":350,"height":200,"srcset":"https:\/\/i0.wp.com\/ismaelcolosi.com.br\/wp-content\/uploads\/2024\/05\/Copia-de-Copia-de-TAMANHO-EXATO-PARA-FOTOS-NO-SISTEMA-NOVO-35_2024-05-23_16-30-22_jpg_2024-05-23_16-30-22.webp.webp?fit=1200%2C675&ssl=1&resize=350%2C200 1x, https:\/\/i0.wp.com\/ismaelcolosi.com.br\/wp-content\/uploads\/2024\/05\/Copia-de-Copia-de-TAMANHO-EXATO-PARA-FOTOS-NO-SISTEMA-NOVO-35_2024-05-23_16-30-22_jpg_2024-05-23_16-30-22.webp.webp?fit=1200%2C675&ssl=1&resize=525%2C300 1.5x, https:\/\/i0.wp.com\/ismaelcolosi.com.br\/wp-content\/uploads\/2024\/05\/Copia-de-Copia-de-TAMANHO-EXATO-PARA-FOTOS-NO-SISTEMA-NOVO-35_2024-05-23_16-30-22_jpg_2024-05-23_16-30-22.webp.webp?fit=1200%2C675&ssl=1&resize=700%2C400 2x, https:\/\/i0.wp.com\/ismaelcolosi.com.br\/wp-content\/uploads\/2024\/05\/Copia-de-Copia-de-TAMANHO-EXATO-PARA-FOTOS-NO-SISTEMA-NOVO-35_2024-05-23_16-30-22_jpg_2024-05-23_16-30-22.webp.webp?fit=1200%2C675&ssl=1&resize=1050%2C600 3x"},"classes":[]},{"id":60340,"url":"https:\/\/ismaelcolosi.com.br\/index.php\/2024\/08\/15\/idoso-e-roubado-enquanto-caminhava-em-praca-da-zona-oeste-de-ribeirao-preto\/","url_meta":{"origin":61145,"position":3},"title":"Idoso \u00e9 roubado enquanto caminhava em pra\u00e7a da zona Oeste de Ribeir\u00e3o Preto","author":"ismaelcolosi.com.br","date":"15 de August de 2024","format":false,"excerpt":"Um idoso de 73 anos foi assaltado enquanto caminhava com outros dois homens na pra\u00e7a Anacleto Bianchi, no bairro Sumarezinho, zona Oeste de Ribeir\u00e3o Preto. C\u00e2meras de seguran\u00e7a registraram o momento em que as v\u00edtimas foram abordadas por um criminoso armado, na tarde desta quarta-feira (14) \u2013 veja o v\u00eddeo\u2026","rel":"","context":"In &quot;Not\u00edcias de Ribeir\u00e3o Preto-SP e Regi\u00e3o&quot;","block_context":{"text":"Not\u00edcias de Ribeir\u00e3o Preto-SP e Regi\u00e3o","link":"https:\/\/ismaelcolosi.com.br\/index.php\/category\/noticias-de-ribeirao-preto-sp-e-regiao-ismael-colosi\/"},"img":{"alt_text":"","src":"https:\/\/i0.wp.com\/ismaelcolosi.com.br\/wp-content\/uploads\/2024\/08\/Copia-de-Copia-de-Copia-de-TAMANHO-EXATO-PARA-FOTOS-NO-SISTEMA-NOVO-5_2024-08-15_16-16-07_png_2024-08-15_16-16-08.webp.webp?fit=1200%2C675&ssl=1&resize=350%2C200","width":350,"height":200,"srcset":"https:\/\/i0.wp.com\/ismaelcolosi.com.br\/wp-content\/uploads\/2024\/08\/Copia-de-Copia-de-Copia-de-TAMANHO-EXATO-PARA-FOTOS-NO-SISTEMA-NOVO-5_2024-08-15_16-16-07_png_2024-08-15_16-16-08.webp.webp?fit=1200%2C675&ssl=1&resize=350%2C200 1x, https:\/\/i0.wp.com\/ismaelcolosi.com.br\/wp-content\/uploads\/2024\/08\/Copia-de-Copia-de-Copia-de-TAMANHO-EXATO-PARA-FOTOS-NO-SISTEMA-NOVO-5_2024-08-15_16-16-07_png_2024-08-15_16-16-08.webp.webp?fit=1200%2C675&ssl=1&resize=525%2C300 1.5x, https:\/\/i0.wp.com\/ismaelcolosi.com.br\/wp-content\/uploads\/2024\/08\/Copia-de-Copia-de-Copia-de-TAMANHO-EXATO-PARA-FOTOS-NO-SISTEMA-NOVO-5_2024-08-15_16-16-07_png_2024-08-15_16-16-08.webp.webp?fit=1200%2C675&ssl=1&resize=700%2C400 2x, https:\/\/i0.wp.com\/ismaelcolosi.com.br\/wp-content\/uploads\/2024\/08\/Copia-de-Copia-de-Copia-de-TAMANHO-EXATO-PARA-FOTOS-NO-SISTEMA-NOVO-5_2024-08-15_16-16-07_png_2024-08-15_16-16-08.webp.webp?fit=1200%2C675&ssl=1&resize=1050%2C600 3x"},"classes":[]},{"id":58309,"url":"https:\/\/ismaelcolosi.com.br\/index.php\/2024\/07\/30\/acidente-entre-carro-moto-e-bicicleta-deixa-4-vitimas-em-avenida-de-ribeirao-preto\/","url_meta":{"origin":61145,"position":4},"title":"Acidente entre carro, moto e bicicleta deixa 4 v\u00edtimas em avenida de Ribeir\u00e3o Preto","author":"ismaelcolosi.com.br","date":"30 de July de 2024","format":false,"excerpt":"Um acidente entre carro, moto e bicicleta deixou quatro pessoas feridas na manh\u00e3 desta ter\u00e7a-feira (30), na avenida Jo\u00e3o Goulart, no bairro Geraldo Correia de Carvalho, zona Norte de Ribeir\u00e3o Preto. Segundo as\u00a0primeiras informa\u00e7\u00f5es, as v\u00edtimas sofreram ferimentos considerados leves. Ainda conforme o apurado, todos os ve\u00edculos seguiam na mesma\u2026","rel":"","context":"In &quot;Not\u00edcias de Ribeir\u00e3o Preto-SP e Regi\u00e3o&quot;","block_context":{"text":"Not\u00edcias de Ribeir\u00e3o Preto-SP e Regi\u00e3o","link":"https:\/\/ismaelcolosi.com.br\/index.php\/category\/noticias-de-ribeirao-preto-sp-e-regiao-ismael-colosi\/"},"img":{"alt_text":"","src":"https:\/\/i0.wp.com\/ismaelcolosi.com.br\/wp-content\/uploads\/2024\/07\/ACIDENTE_2024-07-30_12-07-21_jpg_2024-07-30_12-07-21.webp.webp?fit=1200%2C788&ssl=1&resize=350%2C200","width":350,"height":200,"srcset":"https:\/\/i0.wp.com\/ismaelcolosi.com.br\/wp-content\/uploads\/2024\/07\/ACIDENTE_2024-07-30_12-07-21_jpg_2024-07-30_12-07-21.webp.webp?fit=1200%2C788&ssl=1&resize=350%2C200 1x, https:\/\/i0.wp.com\/ismaelcolosi.com.br\/wp-content\/uploads\/2024\/07\/ACIDENTE_2024-07-30_12-07-21_jpg_2024-07-30_12-07-21.webp.webp?fit=1200%2C788&ssl=1&resize=525%2C300 1.5x, https:\/\/i0.wp.com\/ismaelcolosi.com.br\/wp-content\/uploads\/2024\/07\/ACIDENTE_2024-07-30_12-07-21_jpg_2024-07-30_12-07-21.webp.webp?fit=1200%2C788&ssl=1&resize=700%2C400 2x, https:\/\/i0.wp.com\/ismaelcolosi.com.br\/wp-content\/uploads\/2024\/07\/ACIDENTE_2024-07-30_12-07-21_jpg_2024-07-30_12-07-21.webp.webp?fit=1200%2C788&ssl=1&resize=1050%2C600 3x"},"classes":[]},{"id":56338,"url":"https:\/\/ismaelcolosi.com.br\/index.php\/2024\/07\/11\/corretor-de-imoveis-sofre-sequestro-relampago-na-zona-sul-de-ribeirao-preto\/","url_meta":{"origin":61145,"position":5},"title":"Corretor de im\u00f3veis sofre sequestro rel\u00e2mpago na zona Sul de Ribeir\u00e3o Preto","author":"ismaelcolosi.com.br","date":"11 de July de 2024","format":false,"excerpt":"Um corretor de im\u00f3veis de 39 anos teve o carro roubado e foi levado como ref\u00e9m no pr\u00f3prio ve\u00edculo pelos criminosos na noite desta quarta-feira (10), no Jardim Iraj\u00e1, zona Sul de Ribeir\u00e3o Preto. A v\u00edtima relatou \u00e0 pol\u00edcia no boletim de ocorr\u00eancia (BO) que foi abordada por dois assaltantes,\u2026","rel":"","context":"In &quot;Not\u00edcias de Ribeir\u00e3o Preto-SP e Regi\u00e3o&quot;","block_context":{"text":"Not\u00edcias de Ribeir\u00e3o Preto-SP e Regi\u00e3o","link":"https:\/\/ismaelcolosi.com.br\/index.php\/category\/noticias-de-ribeirao-preto-sp-e-regiao-ismael-colosi\/"},"img":{"alt_text":"","src":"https:\/\/i0.wp.com\/ismaelcolosi.com.br\/wp-content\/uploads\/2024\/07\/pm_qru_1024x576_25052021184558.jpg?fit=1024%2C576&ssl=1&resize=350%2C200","width":350,"height":200,"srcset":"https:\/\/i0.wp.com\/ismaelcolosi.com.br\/wp-content\/uploads\/2024\/07\/pm_qru_1024x576_25052021184558.jpg?fit=1024%2C576&ssl=1&resize=350%2C200 1x, https:\/\/i0.wp.com\/ismaelcolosi.com.br\/wp-content\/uploads\/2024\/07\/pm_qru_1024x576_25052021184558.jpg?fit=1024%2C576&ssl=1&resize=525%2C300 1.5x, https:\/\/i0.wp.com\/ismaelcolosi.com.br\/wp-content\/uploads\/2024\/07\/pm_qru_1024x576_25052021184558.jpg?fit=1024%2C576&ssl=1&resize=700%2C400 2x"},"classes":[]}],"jetpack_sharing_enabled":true,"jetpack_shortlink":"https:\/\/wp.me\/pfMlyK-fUd","_links":{"self":[{"href":"https:\/\/ismaelcolosi.com.br\/index.php\/wp-json\/wp\/v2\/posts\/61145","targetHints":{"allow":["GET"]}}],"collection":[{"href":"https:\/\/ismaelcolosi.com.br\/index.php\/wp-json\/wp\/v2\/posts"}],"about":[{"href":"https:\/\/ismaelcolosi.com.br\/index.php\/wp-json\/wp\/v2\/types\/post"}],"author":[{"embeddable":true,"href":"https:\/\/ismaelcolosi.com.br\/index.php\/wp-json\/wp\/v2\/users\/1"}],"replies":[{"embeddable":true,"href":"https:\/\/ismaelcolosi.com.br\/index.php\/wp-json\/wp\/v2\/comments?post=61145"}],"version-history":[{"count":0,"href":"https:\/\/ismaelcolosi.com.br\/index.php\/wp-json\/wp\/v2\/posts\/61145\/revisions"}],"wp:featuredmedia":[{"embeddable":true,"href":"https:\/\/ismaelcolosi.com.br\/index.php\/wp-json\/wp\/v2\/media\/61146"}],"wp:attachment":[{"href":"https:\/\/ismaelcolosi.com.br\/index.php\/wp-json\/wp\/v2\/media?parent=61145"}],"wp:term":[{"taxonomy":"category","embeddable":true,"href":"https:\/\/ismaelcolosi.com.br\/index.php\/wp-json\/wp\/v2\/categories?post=61145"},{"taxonomy":"post_tag","embeddable":true,"href":"https:\/\/ismaelcolosi.com.br\/index.php\/wp-json\/wp\/v2\/tags?post=61145"}],"curies":[{"name":"wp","href":"https:\/\/api.w.org\/{rel}","templated":true}]}}