{"id":61131,"date":"2024-08-20T11:59:55","date_gmt":"2024-08-20T14:59:55","guid":{"rendered":"https:\/\/ismaelcolosi.com.br\/index.php\/2024\/08\/20\/ribeirao-preto-entra-no-radar-de-nova-rede-de-hospitais-em-negocio-bilionario\/"},"modified":"2024-08-20T11:59:55","modified_gmt":"2024-08-20T14:59:55","slug":"ribeirao-preto-entra-no-radar-de-nova-rede-de-hospitais-em-negocio-bilionario","status":"publish","type":"post","link":"https:\/\/ismaelcolosi.com.br\/index.php\/2024\/08\/20\/ribeirao-preto-entra-no-radar-de-nova-rede-de-hospitais-em-negocio-bilionario\/","title":{"rendered":"Ribeir\u00e3o Preto entra no radar de nova rede de hospitais em neg\u00f3cio bilion\u00e1rio"},"content":{"rendered":"<p> <br \/>\n<\/p>\n<div data-td-block-uid=\"tdi_106\">\n<div class=\"tdb-block-inner td-fix-index\">\n<p>A<strong> Rede D\u2019Or S\u00e3o Luiz<\/strong> e o <strong>Grupo Bradesco Seguros<\/strong> conclu\u00edram o fechamento da parceria para cria\u00e7\u00e3o de uma nova de hospitais chamada de <strong>Atl\u00e2ntica D\u2019Or<\/strong>, que <mark style=\"background-color:#fcb900\" class=\"has-inline-color has-black-color\">prev\u00ea investimentos de R$ 1,1 bilh\u00e3o<\/mark>.<\/p>\n<p>Segundo comunicado emitido pelas empresas em maio,<mark style=\"background-color:#fcb900\" class=\"has-inline-color has-black-color\"> Ribeir\u00e3o Preto est\u00e1 no radar para receber um hospital da nova rede.<\/mark> A conclus\u00e3o do neg\u00f3cio aconteceu na \u00faltima sexta-feira (16) e foi <a href=\"https:\/\/api.mziq.com\/mzfilemanager\/v2\/d\/5ecded6f-d02b-4439-bd60-b78400f01f1e\/ab0d7ff3-9cb4-ce1a-8717-7d05060add55?origin=1\" target=\"_blank\" rel=\"noreferrer noopener nofollow\">comunicada ao mercado pela Rede D\u2019Or.<\/a><\/p>\n<p>De acordo com fato relevante ao mercado, o novo hospital de Ribeir\u00e3o Preto \u201cest\u00e1 sob an\u00e1lise\u201d, j\u00e1 que os ativos j\u00e1 foram oferecidos \u00e0 Atl\u00e2ntida Hospitais no \u00e2mbito da parceria. Outro hospital em an\u00e1lise \u00e9 o de Taubat\u00e9, tamb\u00e9m no interior de S\u00e3o Paulo.<\/p>\n<p>A nova rede j\u00e1 confirmou a constru\u00e7\u00e3o de hospitais em Maca\u00e9-RJ, em Guarulhos e duas unidades em S\u00e3o Paulo.<\/p>\n<p>No comunicado, a Rede D\u2019Or informa que os hospitais em constru\u00e7\u00e3o contar\u00e3o com 620 leitos. As novas unidades foram projetadas para permitir expans\u00f5es no futuro.<\/p>\n<p>SAIBA MAIS<br \/>Saerp alerta para falta d\u2019\u00e1gua na zona Sul de Ribeir\u00e3o Preto; Veja os bairros afetados<\/p>\n<h4 class=\"wp-block-heading\"><strong>FIQUE ON<\/strong><\/h4>\n<p>Fique ligado em tudo que acontece em Ribeir\u00e3o Preto e regi\u00e3o. Siga os perfis do <strong>acidade on <\/strong>no<a href=\"https:\/\/www.instagram.com\/acidadeonribeirao\" target=\"_blank\" rel=\"noreferrer noopener nofollow\"> Instagram<\/a> e no <a href=\"https:\/\/www.facebook.com\/acidadeonribeirao\/\" target=\"_blank\" rel=\"noreferrer noopener nofollow\">Facebook<\/a>.<\/p>\n<p>Receba not\u00edcias do<strong> acidade on <\/strong>no WhatsApp. <a href=\"https:\/\/chat.whatsapp.com\/Dtv9mxhy6V5BJBotM2OQ5k\" target=\"_blank\" rel=\"noreferrer noopener nofollow\">Para entrar no grupo, basta clicar aqui.<\/a><\/p>\n<p>Fa\u00e7a uma den\u00fancia ou sugira uma reportagem sobre Ribeir\u00e3o Preto e regi\u00e3o pelo WhatsApp: 16 99117 7802.<\/p>\n<p>VEJA TAMB\u00c9M<br \/>Como funciona a pontua\u00e7\u00e3o do CNU?<\/p>\n<p><!-- CONTENT END 1 -->\n<\/div>\n<\/div>\n<p><script async src=\"\/\/www.instagram.com\/embed.js\"><\/script><br \/>\n<br \/><br \/>\n<br \/><a href=\"https:\/\/www.acidadeon.com\/ribeiraopreto\/economia\/ribeirao-preto-entra-no-radar-de-nova-rede-de-hospitais-em-negocio-bilionario\/\">Source link <\/a><\/p>\n","protected":false},"excerpt":{"rendered":"<p>A Rede D\u2019Or S\u00e3o Luiz e o Grupo Bradesco Seguros conclu\u00edram o fechamento da parceria para cria\u00e7\u00e3o de uma nova de hospitais chamada de Atl\u00e2ntica&#8230;<\/p>\n","protected":false},"author":1,"featured_media":61132,"comment_status":"open","ping_status":"open","sticky":false,"template":"","format":"standard","meta":{"_uag_custom_page_level_css":"","advanced_seo_description":"","jetpack_seo_html_title":"","jetpack_seo_noindex":false,"jetpack_post_was_ever_published":false,"_jetpack_newsletter_access":"","_jetpack_dont_email_post_to_subs":false,"_jetpack_newsletter_tier_id":0,"_jetpack_memberships_contains_paywalled_content":false,"_jetpack_memberships_contains_paid_content":false,"footnotes":"","jetpack_publicize_message":"","jetpack_publicize_feature_enabled":true,"jetpack_social_post_already_shared":true,"jetpack_social_options":{"image_generator_settings":{"template":"highway","default_image_id":0,"font":"","enabled":false},"version":2}},"categories":[11],"tags":[],"class_list":["post-61131","post","type-post","status-publish","format-standard","has-post-thumbnail","hentry","category-noticias-de-ribeirao-preto-sp-e-regiao-ismael-colosi"],"jetpack_publicize_connections":[],"jetpack_featured_media_url":"https:\/\/i0.wp.com\/ismaelcolosi.com.br\/wp-content\/uploads\/2024\/08\/hospital_2024-08-20_14-06-39_jpg_2024-08-20_14-06-39.webp.webp?fit=1200%2C800&ssl=1","uagb_featured_image_src":{"full":["https:\/\/i0.wp.com\/ismaelcolosi.com.br\/wp-content\/uploads\/2024\/08\/hospital_2024-08-20_14-06-39_jpg_2024-08-20_14-06-39.webp.webp?fit=1200%2C800&ssl=1",1200,800,false],"thumbnail":["https:\/\/i0.wp.com\/ismaelcolosi.com.br\/wp-content\/uploads\/2024\/08\/hospital_2024-08-20_14-06-39_jpg_2024-08-20_14-06-39.webp.webp?resize=150%2C150&ssl=1",150,150,true],"medium":["https:\/\/i0.wp.com\/ismaelcolosi.com.br\/wp-content\/uploads\/2024\/08\/hospital_2024-08-20_14-06-39_jpg_2024-08-20_14-06-39.webp.webp?fit=300%2C200&ssl=1",300,200,true],"medium_large":["https:\/\/i0.wp.com\/ismaelcolosi.com.br\/wp-content\/uploads\/2024\/08\/hospital_2024-08-20_14-06-39_jpg_2024-08-20_14-06-39.webp.webp?fit=768%2C512&ssl=1",768,512,true],"large":["https:\/\/i0.wp.com\/ismaelcolosi.com.br\/wp-content\/uploads\/2024\/08\/hospital_2024-08-20_14-06-39_jpg_2024-08-20_14-06-39.webp.webp?fit=1024%2C683&ssl=1",1024,683,true],"1536x1536":["https:\/\/i0.wp.com\/ismaelcolosi.com.br\/wp-content\/uploads\/2024\/08\/hospital_2024-08-20_14-06-39_jpg_2024-08-20_14-06-39.webp.webp?fit=1200%2C800&ssl=1",1200,800,true],"2048x2048":["https:\/\/i0.wp.com\/ismaelcolosi.com.br\/wp-content\/uploads\/2024\/08\/hospital_2024-08-20_14-06-39_jpg_2024-08-20_14-06-39.webp.webp?fit=1200%2C800&ssl=1",1200,800,true],"really-simple-thumb":["https:\/\/i0.wp.com\/ismaelcolosi.com.br\/wp-content\/uploads\/2024\/08\/hospital_2024-08-20_14-06-39_jpg_2024-08-20_14-06-39.webp.webp?resize=370%2C247&ssl=1",370,247,true]},"uagb_author_info":{"display_name":"ismaelcolosi.com.br","author_link":"https:\/\/ismaelcolosi.com.br\/index.php\/author\/vidareal-online\/"},"uagb_comment_info":0,"uagb_excerpt":"A Rede D\u2019Or S\u00e3o Luiz e o Grupo Bradesco Seguros conclu\u00edram o fechamento da parceria para cria\u00e7\u00e3o de uma nova de hospitais chamada de Atl\u00e2ntica...","jetpack-related-posts":[{"id":69756,"url":"https:\/\/ismaelcolosi.com.br\/index.php\/2024\/10\/07\/rede-de-supermercados-anuncia-chegada-a-ribeirao-preto\/","url_meta":{"origin":61131,"position":0},"title":"Rede de supermercados anuncia chegada a Ribeir\u00e3o Preto","author":"ismaelcolosi.com.br","date":"7 de October de 2024","format":false,"excerpt":"A Rede de Supermercados Pague Menos, com sede em Santa B\u00e1rbara d\u2019Oeste, anunciou nesta segunda-feira (7) que vai abrir uma loja em Ribeir\u00e3o Preto. A rede conta com 36 lojas f\u00edsicas em 20 cidades do interior de S\u00e3o Paulo, principalmente nas regi\u00f5es de Piracicaba e Campinas. A rede informou que\u2026","rel":"","context":"In &quot;Not\u00edcias de Ribeir\u00e3o Preto-SP e Regi\u00e3o&quot;","block_context":{"text":"Not\u00edcias de Ribeir\u00e3o Preto-SP e Regi\u00e3o","link":"https:\/\/ismaelcolosi.com.br\/index.php\/category\/noticias-de-ribeirao-preto-sp-e-regiao-ismael-colosi\/"},"img":{"alt_text":"","src":"https:\/\/i0.wp.com\/ismaelcolosi.com.br\/wp-content\/uploads\/2024\/10\/shopping-1165437_1280-1.jpg?fit=1200%2C690&ssl=1&resize=350%2C200","width":350,"height":200,"srcset":"https:\/\/i0.wp.com\/ismaelcolosi.com.br\/wp-content\/uploads\/2024\/10\/shopping-1165437_1280-1.jpg?fit=1200%2C690&ssl=1&resize=350%2C200 1x, https:\/\/i0.wp.com\/ismaelcolosi.com.br\/wp-content\/uploads\/2024\/10\/shopping-1165437_1280-1.jpg?fit=1200%2C690&ssl=1&resize=525%2C300 1.5x, https:\/\/i0.wp.com\/ismaelcolosi.com.br\/wp-content\/uploads\/2024\/10\/shopping-1165437_1280-1.jpg?fit=1200%2C690&ssl=1&resize=700%2C400 2x, https:\/\/i0.wp.com\/ismaelcolosi.com.br\/wp-content\/uploads\/2024\/10\/shopping-1165437_1280-1.jpg?fit=1200%2C690&ssl=1&resize=1050%2C600 3x"},"classes":[]},{"id":69895,"url":"https:\/\/ismaelcolosi.com.br\/index.php\/2024\/10\/08\/entenda-negocio-milionario-envolvendo-redes-de-supermercados-em-ribeirao-preto\/","url_meta":{"origin":61131,"position":1},"title":"Entenda neg\u00f3cio milion\u00e1rio envolvendo redes de supermercados em Ribeir\u00e3o Preto","author":"ismaelcolosi.com.br","date":"8 de October de 2024","format":false,"excerpt":"A negocia\u00e7\u00e3o envolvendo o Grupo Solar, dono do supermercado Alma Julia, em Ribeir\u00e3o Preto, e a Rede de Supermercados Pague Menos, envolve uma opera\u00e7\u00e3o de investimento, chamada de DIP Financing, que conta com aporte de R$ 22 milh\u00f5es, aprovado pela Justi\u00e7a, realizado na \u00faltima segunda-feira (7). De acordo com a\u2026","rel":"","context":"In &quot;Not\u00edcias de Ribeir\u00e3o Preto-SP e Regi\u00e3o&quot;","block_context":{"text":"Not\u00edcias de Ribeir\u00e3o Preto-SP e Regi\u00e3o","link":"https:\/\/ismaelcolosi.com.br\/index.php\/category\/noticias-de-ribeirao-preto-sp-e-regiao-ismael-colosi\/"},"img":{"alt_text":"","src":"https:\/\/i0.wp.com\/ismaelcolosi.com.br\/wp-content\/uploads\/2024\/07\/alma-julia-ribeirao-preto_2024-07-31_15-00-40_jpg_2024-07-31_15-00-40.webp.webp?fit=1078%2C677&ssl=1&resize=350%2C200","width":350,"height":200,"srcset":"https:\/\/i0.wp.com\/ismaelcolosi.com.br\/wp-content\/uploads\/2024\/07\/alma-julia-ribeirao-preto_2024-07-31_15-00-40_jpg_2024-07-31_15-00-40.webp.webp?fit=1078%2C677&ssl=1&resize=350%2C200 1x, https:\/\/i0.wp.com\/ismaelcolosi.com.br\/wp-content\/uploads\/2024\/07\/alma-julia-ribeirao-preto_2024-07-31_15-00-40_jpg_2024-07-31_15-00-40.webp.webp?fit=1078%2C677&ssl=1&resize=525%2C300 1.5x, https:\/\/i0.wp.com\/ismaelcolosi.com.br\/wp-content\/uploads\/2024\/07\/alma-julia-ribeirao-preto_2024-07-31_15-00-40_jpg_2024-07-31_15-00-40.webp.webp?fit=1078%2C677&ssl=1&resize=700%2C400 2x, https:\/\/i0.wp.com\/ismaelcolosi.com.br\/wp-content\/uploads\/2024\/07\/alma-julia-ribeirao-preto_2024-07-31_15-00-40_jpg_2024-07-31_15-00-40.webp.webp?fit=1078%2C677&ssl=1&resize=1050%2C600 3x"},"classes":[]},{"id":72412,"url":"https:\/\/ismaelcolosi.com.br\/index.php\/2024\/10\/21\/rede-de-supermercados-anuncia-contratacoes-em-ribeirao-preto\/","url_meta":{"origin":61131,"position":2},"title":"Rede de supermercados anuncia contrata\u00e7\u00f5es em Ribeir\u00e3o Preto","author":"ismaelcolosi.com.br","date":"21 de October de 2024","format":false,"excerpt":"A rede de supermercados Pague Menos informou que est\u00e1 realizando um processo seletivo para contrata\u00e7\u00e3o de colaboradores para sua nova loja em Ribeir\u00e3o Preto. De acordo com a empresa, s\u00e3o cerca de 100 contrata\u00e7\u00f5es para diversos setores da loja \u2013 veja como participar abaixo. O an\u00fancio da primeira unidade da\u2026","rel":"","context":"In &quot;Not\u00edcias de Ribeir\u00e3o Preto-SP e Regi\u00e3o&quot;","block_context":{"text":"Not\u00edcias de Ribeir\u00e3o Preto-SP e Regi\u00e3o","link":"https:\/\/ismaelcolosi.com.br\/index.php\/category\/noticias-de-ribeirao-preto-sp-e-regiao-ismael-colosi\/"},"img":{"alt_text":"","src":"https:\/\/i0.wp.com\/ismaelcolosi.com.br\/wp-content\/uploads\/2024\/10\/supermercado.jpg?fit=1200%2C800&ssl=1&resize=350%2C200","width":350,"height":200,"srcset":"https:\/\/i0.wp.com\/ismaelcolosi.com.br\/wp-content\/uploads\/2024\/10\/supermercado.jpg?fit=1200%2C800&ssl=1&resize=350%2C200 1x, https:\/\/i0.wp.com\/ismaelcolosi.com.br\/wp-content\/uploads\/2024\/10\/supermercado.jpg?fit=1200%2C800&ssl=1&resize=525%2C300 1.5x, https:\/\/i0.wp.com\/ismaelcolosi.com.br\/wp-content\/uploads\/2024\/10\/supermercado.jpg?fit=1200%2C800&ssl=1&resize=700%2C400 2x, https:\/\/i0.wp.com\/ismaelcolosi.com.br\/wp-content\/uploads\/2024\/10\/supermercado.jpg?fit=1200%2C800&ssl=1&resize=1050%2C600 3x"},"classes":[]},{"id":42984,"url":"https:\/\/ismaelcolosi.com.br\/index.php\/2024\/03\/18\/dia-anuncia-encerramento-de-nove-unidades-em-ribeirao-preto-veja-quais\/","url_meta":{"origin":61131,"position":3},"title":"Dia anuncia encerramento de nove unidades em Ribeir\u00e3o Preto; Veja quais","author":"ismaelcolosi.com.br","date":"18 de March de 2024","format":false,"excerpt":"A rede de supermercados Dia encerrar\u00e1 as atividades de nove lojas em Ribeir\u00e3o Preto. A informa\u00e7\u00e3o foi confirmada ao portal acidade on, nesta segunda-feira (18), pela assessoria de imprensa do grupo. Devido ao encerramento das lojas, a rede est\u00e1 realizando uma grande liquida\u00e7\u00e3o de seus produtos. Recentemente o grupo espanhol\u2026","rel":"","context":"In &quot;Not\u00edcias de Ribeir\u00e3o Preto-SP e Regi\u00e3o&quot;","block_context":{"text":"Not\u00edcias de Ribeir\u00e3o Preto-SP e Regi\u00e3o","link":"https:\/\/ismaelcolosi.com.br\/index.php\/category\/noticias-de-ribeirao-preto-sp-e-regiao-ismael-colosi\/"},"img":{"alt_text":"","src":"https:\/\/i0.wp.com\/ismaelcolosi.com.br\/wp-content\/uploads\/2024\/03\/1710785458_Dia-Ribeirao-Preto.png?fit=826%2C447&ssl=1&resize=350%2C200","width":350,"height":200,"srcset":"https:\/\/i0.wp.com\/ismaelcolosi.com.br\/wp-content\/uploads\/2024\/03\/1710785458_Dia-Ribeirao-Preto.png?fit=826%2C447&ssl=1&resize=350%2C200 1x, https:\/\/i0.wp.com\/ismaelcolosi.com.br\/wp-content\/uploads\/2024\/03\/1710785458_Dia-Ribeirao-Preto.png?fit=826%2C447&ssl=1&resize=525%2C300 1.5x, https:\/\/i0.wp.com\/ismaelcolosi.com.br\/wp-content\/uploads\/2024\/03\/1710785458_Dia-Ribeirao-Preto.png?fit=826%2C447&ssl=1&resize=700%2C400 2x"},"classes":[]},{"id":64778,"url":"https:\/\/ismaelcolosi.com.br\/index.php\/2024\/09\/09\/entenda-autorizacao-para-compra-de-rede-com-loja-em-ribeirao-preto-por-concorrente\/","url_meta":{"origin":61131,"position":4},"title":"Entenda autoriza\u00e7\u00e3o para compra de rede com loja em Ribeir\u00e3o Preto por concorrente","author":"ismaelcolosi.com.br","date":"9 de September de 2024","format":false,"excerpt":"O Cade (Conselho Administrativo de Defesa Econ\u00f4mica) aprovou no fim de agosto a compra da Tok&Stock pela Mobly \u2013 as duas empresas contam com lojas no setor de decora\u00e7\u00e3o e m\u00f3veis em Ribeir\u00e3o Preto. A compra foi anunciada h\u00e1 um m\u00eas e prev\u00ea que a rede atinja o faturamento anual\u2026","rel":"","context":"In &quot;Not\u00edcias de Ribeir\u00e3o Preto-SP e Regi\u00e3o&quot;","block_context":{"text":"Not\u00edcias de Ribeir\u00e3o Preto-SP e Regi\u00e3o","link":"https:\/\/ismaelcolosi.com.br\/index.php\/category\/noticias-de-ribeirao-preto-sp-e-regiao-ismael-colosi\/"},"img":{"alt_text":"","src":"https:\/\/i0.wp.com\/ismaelcolosi.com.br\/wp-content\/uploads\/2024\/09\/loja-moveis_2024-09-09_13-56-50_jpg_2024-09-09_13-56-50.webp.webp?fit=1200%2C800&ssl=1&resize=350%2C200","width":350,"height":200,"srcset":"https:\/\/i0.wp.com\/ismaelcolosi.com.br\/wp-content\/uploads\/2024\/09\/loja-moveis_2024-09-09_13-56-50_jpg_2024-09-09_13-56-50.webp.webp?fit=1200%2C800&ssl=1&resize=350%2C200 1x, https:\/\/i0.wp.com\/ismaelcolosi.com.br\/wp-content\/uploads\/2024\/09\/loja-moveis_2024-09-09_13-56-50_jpg_2024-09-09_13-56-50.webp.webp?fit=1200%2C800&ssl=1&resize=525%2C300 1.5x, https:\/\/i0.wp.com\/ismaelcolosi.com.br\/wp-content\/uploads\/2024\/09\/loja-moveis_2024-09-09_13-56-50_jpg_2024-09-09_13-56-50.webp.webp?fit=1200%2C800&ssl=1&resize=700%2C400 2x, https:\/\/i0.wp.com\/ismaelcolosi.com.br\/wp-content\/uploads\/2024\/09\/loja-moveis_2024-09-09_13-56-50_jpg_2024-09-09_13-56-50.webp.webp?fit=1200%2C800&ssl=1&resize=1050%2C600 3x"},"classes":[]},{"id":21456,"url":"https:\/\/ismaelcolosi.com.br\/index.php\/2023\/12\/27\/rp-tera-telefone-exclusivo-para-atendimento-aos-usuarios-do-transporte-coletivo-urbano\/","url_meta":{"origin":61131,"position":5},"title":"RP ter\u00e1 telefone exclusivo para atendimento aos usu\u00e1rios do transporte coletivo urbano","author":"ismaelcolosi.com.br","date":"27 de December de 2023","format":false,"excerpt":"27 de dezembro de 2023 | 17:40 0Os usu\u00e1rios do transporte coletivo urbano de Ribeir\u00e3o Preto j\u00e1 contam com um novo telefone para os atendimentos sobre este servi\u00e7o p\u00fablico na cidade, por meio do n\u00famero: 0800 16 16 001.\u00a0 A partir de 2024, este n\u00famero passar\u00e1 a ser o canal\u2026","rel":"","context":"In &quot;Not\u00edcias de Ribeir\u00e3o Preto-SP e Regi\u00e3o&quot;","block_context":{"text":"Not\u00edcias de Ribeir\u00e3o Preto-SP e Regi\u00e3o","link":"https:\/\/ismaelcolosi.com.br\/index.php\/category\/noticias-de-ribeirao-preto-sp-e-regiao-ismael-colosi\/"},"img":{"alt_text":"","src":"https:\/\/i0.wp.com\/ismaelcolosi.com.br\/wp-content\/uploads\/2023\/12\/1onibus_rpmobilidade-scaled.jpg?fit=1000%2C563&ssl=1&resize=350%2C200","width":350,"height":200,"srcset":"https:\/\/i0.wp.com\/ismaelcolosi.com.br\/wp-content\/uploads\/2023\/12\/1onibus_rpmobilidade-scaled.jpg?fit=1000%2C563&ssl=1&resize=350%2C200 1x, https:\/\/i0.wp.com\/ismaelcolosi.com.br\/wp-content\/uploads\/2023\/12\/1onibus_rpmobilidade-scaled.jpg?fit=1000%2C563&ssl=1&resize=525%2C300 1.5x, https:\/\/i0.wp.com\/ismaelcolosi.com.br\/wp-content\/uploads\/2023\/12\/1onibus_rpmobilidade-scaled.jpg?fit=1000%2C563&ssl=1&resize=700%2C400 2x"},"classes":[]}],"jetpack_sharing_enabled":true,"jetpack_shortlink":"https:\/\/wp.me\/pfMlyK-fTZ","_links":{"self":[{"href":"https:\/\/ismaelcolosi.com.br\/index.php\/wp-json\/wp\/v2\/posts\/61131","targetHints":{"allow":["GET"]}}],"collection":[{"href":"https:\/\/ismaelcolosi.com.br\/index.php\/wp-json\/wp\/v2\/posts"}],"about":[{"href":"https:\/\/ismaelcolosi.com.br\/index.php\/wp-json\/wp\/v2\/types\/post"}],"author":[{"embeddable":true,"href":"https:\/\/ismaelcolosi.com.br\/index.php\/wp-json\/wp\/v2\/users\/1"}],"replies":[{"embeddable":true,"href":"https:\/\/ismaelcolosi.com.br\/index.php\/wp-json\/wp\/v2\/comments?post=61131"}],"version-history":[{"count":0,"href":"https:\/\/ismaelcolosi.com.br\/index.php\/wp-json\/wp\/v2\/posts\/61131\/revisions"}],"wp:featuredmedia":[{"embeddable":true,"href":"https:\/\/ismaelcolosi.com.br\/index.php\/wp-json\/wp\/v2\/media\/61132"}],"wp:attachment":[{"href":"https:\/\/ismaelcolosi.com.br\/index.php\/wp-json\/wp\/v2\/media?parent=61131"}],"wp:term":[{"taxonomy":"category","embeddable":true,"href":"https:\/\/ismaelcolosi.com.br\/index.php\/wp-json\/wp\/v2\/categories?post=61131"},{"taxonomy":"post_tag","embeddable":true,"href":"https:\/\/ismaelcolosi.com.br\/index.php\/wp-json\/wp\/v2\/tags?post=61131"}],"curies":[{"name":"wp","href":"https:\/\/api.w.org\/{rel}","templated":true}]}}