{"id":61109,"date":"2024-08-20T10:36:04","date_gmt":"2024-08-20T13:36:04","guid":{"rendered":"https:\/\/ismaelcolosi.com.br\/index.php\/2024\/08\/20\/veja-10-atividades-culturais-em-ribeirao-preto-para-curtir-com-as-criancas-na-reta-final-de-agosto\/"},"modified":"2024-08-20T10:36:04","modified_gmt":"2024-08-20T13:36:04","slug":"veja-10-atividades-culturais-em-ribeirao-preto-para-curtir-com-as-criancas-na-reta-final-de-agosto","status":"publish","type":"post","link":"https:\/\/ismaelcolosi.com.br\/index.php\/2024\/08\/20\/veja-10-atividades-culturais-em-ribeirao-preto-para-curtir-com-as-criancas-na-reta-final-de-agosto\/","title":{"rendered":"Veja 10 atividades culturais em Ribeir\u00e3o Preto para curtir com as crian\u00e7as na reta final de agosto"},"content":{"rendered":"<p> <br \/>\n<\/p>\n<div>\n<p>Mesmo na reta final de <strong>agosto<\/strong>, <strong>Ribeir\u00e3o Preto<\/strong> segue com atividades culturais para aproveitar com a crian\u00e7ada. A programa\u00e7\u00e3o conta com atividades <strong>gratuitas<\/strong> e <strong>pagas<\/strong>, entre apresenta\u00e7\u00f5es de musicais, pe\u00e7as de teatros, espet\u00e1culo com bonecos e mais.<\/p>\n<p>Mundo Bita, Peter Pan e Chap\u00e9uzinho Vermelho marcam presen\u00e7a ainda este m\u00eas na cidade. Veja a lista que o <strong>acidade on<\/strong> preparou abaixo e <strong>programa-se <\/strong>para curtir muito com os pequenos.<\/p>\n<h4 class=\"wp-block-heading\"><strong>Circo M\u00e1gico do Chaves<\/strong><\/h4>\n<p>O <strong>Circo M\u00e1gico do Chaves<\/strong> estreou no dia <strong>16 de agosto<\/strong> em <strong>Ribeir\u00e3o Preto<\/strong>. A programa\u00e7\u00e3o conta com um espet\u00e1culo com todos os personagens da vila, shows de m\u00e1gica, malabarismos, acrobacias, canto e dan\u00e7a. Al\u00e9m disso, o espa\u00e7o conta com lanchonete tem\u00e1tica, espa\u00e7o para fotos e reprodu\u00e7\u00e3o de diversos ambientes do seriado.<\/p>\n<p>As atividades do <strong>Circo<\/strong> acontecem no<strong> estacionamento do Ribeir\u00e3o Shopping<\/strong>, sendo nas <strong>quintas e sextas-feiras <\/strong>\u00e0s <strong>19h30<\/strong>, aos s\u00e1bados \u00e0s <strong>16h30<\/strong> e <strong>19h30<\/strong>, e, aos <strong>domingos,<\/strong> \u00e0s <strong>15h<\/strong> e \u00e0s <strong>18h<\/strong>. Os pre\u00e7os variam entre <strong>R$ 25<\/strong> a <strong>R$ 120<\/strong>. <mark style=\"background-color:#fcb900\" class=\"has-inline-color has-black-color\">Crian\u00e7as de at\u00e9 dois anos n\u00e3o pagam desde que permanecem no colo.<\/mark><\/p>\n<h4 class=\"wp-block-heading\"><strong>Peter Pan \u2013 O Musical<\/strong><\/h4>\n<p>O cl\u00e1ssico, \u201c<strong>Peter Pan \u2013 O Musical<\/strong>\u201d acontece neste <strong>s\u00e1bado (24)<\/strong>, \u00e0s <strong>16h<\/strong> e ser\u00e1 apresentado pelo <strong>Grupo Teatral Gorki<\/strong>, no <strong>Teatro Municipal de Ribeir\u00e3o Preto<\/strong>, e conta com <strong>entrada gratuita<\/strong>. No enredo, um menino chamado <strong>Peter Pan<\/strong> entra em uma casa a procura de sua sombra, que havia desgrudado de seu corpo.<\/p>\n<p>Peter conhece <strong>Wendy<\/strong> e seu irm\u00e3ozinho<strong> Jo\u00e3ozinho<\/strong>, juntos, eles vivem brincadeiras e hist\u00f3rias com meninos perdidos, fadas, piratas e o terr\u00edvel <strong>Capit\u00e3o Gancho<\/strong>.<\/p>\n<h4 class=\"wp-block-heading\"><strong>Sim\u00e3o e os Protetores da Floresta<\/strong><\/h4>\n<p>O espet\u00e1culo com bonecos acompanha <strong>Sim\u00e3o<\/strong>, que junto com as crian\u00e7as v\u00e3o contar com a ajuda dos <strong>Protetores da Floresta<\/strong> para proteger a m\u00e3e natureza de pessoas que querem poluir as \u00e1guas e destruir os animais. O evento acontece no <strong>s\u00e1bado (24)<\/strong>, \u00e0s <strong>16h<\/strong>, na <strong>\u00e1rea de conviv\u00eancia do Sesc Ribeir\u00e3o Preto<\/strong> e tem <strong>entrada gratuita<\/strong>.<\/p>\n<h4 class=\"wp-block-heading\"><strong>Os Saltimbancos<\/strong><\/h4>\n<p>O musical foi inspirado em \u201c<strong>Os M\u00fasicos de Bremen<\/strong>\u201d, dos irm\u00e3os <strong>Grimm<\/strong>. Uma gata, uma galinha, um jumento e um cachorro est\u00e3o revoltados com o tratamento recebido pelos seus patr\u00f5es. Por isso, eles tomam uma decis\u00e3o muito importante: fugir e lutar por seus direitos como animais. Eles viajam e formam um grupo musical, at\u00e9 encontrar uma casa e expulsar os donos do local e ficar por l\u00e1.<\/p>\n<p>A apresenta\u00e7\u00e3o acontece no <strong>Hard Rock Caf\u00e9<\/strong>, no <strong>domingo (25)<\/strong>, a partir das <strong>12h<\/strong>. Os <strong>ingressos<\/strong> devem ser adquiridos <strong>on-line<\/strong> (<a href=\"https:\/\/www.sympla.com.br\/evento\/os-saltimbancos\/2578657\" target=\"_blank\" rel=\"noreferrer noopener\">clique aqui<\/a>) e o<strong> individual<\/strong> custa <strong>R$ 30<\/strong> e o combo com <strong>quatro ingressos<\/strong> custa <strong>R$ 100<\/strong>.<\/p>\n<h4 class=\"wp-block-heading\"><strong>Mundo Bita<\/strong><\/h4>\n<p>O <strong>Mundo Bita<\/strong> \u00e9 um planeta que fica na <strong>Gal\u00e1xia da Alegria<\/strong>, ao lado do <strong>planeta M\u00fasica<\/strong>, do <strong>planeta Circo<\/strong> e de outros astros divertidos. A principal miss\u00e3o do <strong>Bita<\/strong> \u00e9 fazer com que todos tenham experi\u00eancias de aprendizado de forma leve e atrativa.<\/p>\n<p>A apresenta\u00e7\u00e3o acontece no<strong> Theatro Pedro II<\/strong>, neste <strong>domingo (25)<\/strong>, \u00e0s <strong>15h<\/strong>. Os ingressos podem ser adquiridos atrav\u00e9s do site (<a href=\"https:\/\/www.megabilheteria.com\/evento?id=20240807153544\" target=\"_blank\" rel=\"noreferrer noopener\">clique aqui<\/a>) ou ent\u00e3o na <strong>bilheteria oficial<\/strong>. Os valores variam entre <strong>R$ 40<\/strong> e <strong>R$80<\/strong>.<\/p>\n<h4 class=\"wp-block-heading\"><strong>Pararatimbum \u2013 Um Reino Pela M\u00fasica<\/strong><\/h4>\n<p>Nesta apresenta\u00e7\u00e3o, uma princesinha <strong>assume o reino<\/strong> de seu pai e <strong>pro\u00edbe todo som<\/strong>. Arrependida diante das consequ\u00eancias, ela busca ajuda em <strong>PararaTimBum<\/strong>, o vilarejo colorido onde vivem as notas musicais. Propondo desafios, com instrumentos musicais tradicionais e inventados, elas v\u00e3o transformar a princesa por meio da m\u00fasica e da alegria dos ritmos brasileiros.<\/p>\n<p>O espet\u00e1culo ser\u00e1 apresentado por \u201c<strong>Os Geraldos e D\u00b4Color Produ\u00e7\u00f5es Culturais<\/strong>\u201d, no <strong>Teatro Municipal<\/strong>, neste <strong>domingo (25)<\/strong>, \u00e0s <strong>18h<\/strong>. A <mark style=\"background-color:#fcb900\" class=\"has-inline-color has-black-color\">entrada \u00e9 gratuita.<\/mark><\/p>\n<h4 class=\"wp-block-heading\"><strong>Chapeuzinho Vermelho, Outro Conto<\/strong><\/h4>\n<p>O <strong>grupo teatral Por\u00e3o<\/strong> recria o conto cl\u00e1ssico, nesta vers\u00e3o \u00fanica,<strong> Chapeuzinho<\/strong>, o<strong> lobo <\/strong>e outros personagens ic\u00f4nicos t\u00eam segredos divertidos para revelar. A apresenta\u00e7\u00e3o acontece no <strong>Teatro Municipal<\/strong>, na <strong>quarta-feira (28)<\/strong>. A <strong>entrada \u00e9 gratuita<\/strong>.<\/p>\n<h4 class=\"wp-block-heading\"><strong>Itan e Tal<\/strong><\/h4>\n<p>O <strong>Grupo Baquet\u00e1<\/strong> ir\u00e1 apresentar na <strong>sexta-feira (30)<\/strong>, no <strong>Teatro Municipal<\/strong>, \u00e0s <strong>19h30<\/strong>, o espet\u00e1culo \u201c<strong>Itan e Tal<\/strong>\u201d. O enredo acompanha <strong>Nati<\/strong>, uma menina pretinha que inventa um jogo chamado \u201c<strong>Mundo Invertido das Palavras<\/strong>\u201d e descobre que seu nome ao contr\u00e1rio \u00e9 <strong>Itan<\/strong>.<\/p>\n<p>Uma jornada profunda se inicia quando ela decide ir em busca do significado desta palavra, encontrando a sua hist\u00f3ria <strong>afro-ind\u00edgena<\/strong>, atrav\u00e9s de uma viagem ao passado e ao futuro. A <strong>entrada \u00e9 gratuita<\/strong>.<\/p>\n<h4 class=\"wp-block-heading\"><strong>Folia na Floresta<\/strong><\/h4>\n<p>O espet\u00e1culo apresenta <strong>personagens encantados<\/strong>, a riqueza da <strong>fauna<\/strong>, dos <strong>bichos brasileiros<\/strong> e<strong> ritmos tradicionais<\/strong>, como o frevo, o caboclinho, o carimbo, o congado e o maracatu. Esse espet\u00e1culo foi criado para comemoras os <strong>15 anos de vida<\/strong> do <strong>N\u00facleo P\u00e9 de Zamba<\/strong>. A apresenta\u00e7\u00e3o acontece na <strong>\u00e1rea de conviv\u00eancia<\/strong> do <strong>Sesc<\/strong>, \u00e0s <strong>16h<\/strong>, do dia <strong>31 de agosto<\/strong>. A<strong> entrada \u00e9 gratuita<\/strong>.<\/p>\n<h4 class=\"wp-block-heading\"><strong>Turma do Problems e o Mist\u00e9rio da M\u00e1scara do Stick<\/strong><\/h4>\n<p>A turma que cria conte\u00fado no<strong><em> Youtube<\/em><\/strong> far\u00e1 sua primeira apresenta\u00e7\u00e3o ao vivo com os membros do canal. O p\u00fablico poder\u00e1 vivenciar uma <em>gameplay<\/em> na vida real, onde a turma ser\u00e1 transportada para dentro do <em><strong>videogame<\/strong><\/em> e dar\u00e3o vida aos seus famosos <em>avatares<\/em>.<\/p>\n<p>A apresenta\u00e7\u00e3o acontece no <strong>s\u00e1bado (31)<\/strong>, na <strong>Sala Principal<\/strong> do <strong>Theatro Pedro II<\/strong>, \u00e0s <strong>17h<\/strong>. Os<strong> ingressos<\/strong> podem ser adquiridos <strong>on-line<\/strong> (<a href=\"https:\/\/www.theatropedro2.com.br\/espetaculo.php?id=1378%22-turma-do-problems-e-o-misterio-da-mascara-do-stick-quot\" target=\"_blank\" rel=\"noreferrer noopener\">clique aqui<\/a>) ou na bilheteria do site oficial. Os valores variam entre <strong>R$ 75<\/strong> a <strong>R$ 200<\/strong>.<\/p>\n<p>SAIBA MAIS<br \/>Saerp alerta para falta d\u2019\u00e1gua na zona Sul de Ribeir\u00e3o Preto; Veja os bairros afetados<\/p>\n<h4 class=\"wp-block-heading\"><strong>FIQUE ON<\/strong><\/h4>\n<p>Fique ligado em tudo que acontece em Ribeir\u00e3o Preto e regi\u00e3o. Siga os perfis do <strong>acidade on <\/strong>no <a href=\"https:\/\/www.instagram.com\/acidadeonribeirao\" target=\"_blank\" rel=\"noreferrer noopener\">Instagram<\/a> e no <a href=\"https:\/\/www.facebook.com\/acidadeonribeirao\" target=\"_blank\" rel=\"noreferrer noopener\">Facebook<\/a>.<\/p>\n<p>Receba not\u00edcias do acidade on no WhatsApp. Para entrar no grupo, basta <a href=\"https:\/\/chat.whatsapp.com\/Dtv9mxhy6V5BJBotM2OQ5k\" target=\"_blank\" rel=\"noreferrer noopener\">clicar aqui<\/a>.<\/p>\n<p>Fa\u00e7a uma den\u00fancia ou sugira uma reportagem sobre Ribeir\u00e3o Preto e regi\u00e3o pelo WhatsApp: 16 99117 7802.<\/p>\n<p>VEJA TAMB\u00c9M<br \/>Quem \u00e9 Bruna Louise?<\/p>\n<p><!-- CONTENT END 1 -->\n<\/div>\n<p><script async src=\"\/\/www.instagram.com\/embed.js\"><\/script><br \/>\n<br \/><br \/>\n<br \/><a href=\"https:\/\/www.acidadeon.com\/ribeiraopreto\/lazer-e-cultura\/veja-10-atividades-culturais-ribeirao-preto-para-curtir-com-as-criancas-no-mes-de-agosto\/\">Source link <\/a><\/p>\n","protected":false},"excerpt":{"rendered":"<p>Mesmo na reta final de agosto, Ribeir\u00e3o Preto segue com atividades culturais para aproveitar com a crian\u00e7ada. A programa\u00e7\u00e3o conta com atividades gratuitas e pagas,&#8230;<\/p>\n","protected":false},"author":1,"featured_media":61110,"comment_status":"open","ping_status":"open","sticky":false,"template":"","format":"standard","meta":{"_uag_custom_page_level_css":"","advanced_seo_description":"","jetpack_seo_html_title":"","jetpack_seo_noindex":false,"jetpack_post_was_ever_published":false,"_jetpack_newsletter_access":"","_jetpack_dont_email_post_to_subs":false,"_jetpack_newsletter_tier_id":0,"_jetpack_memberships_contains_paywalled_content":false,"_jetpack_memberships_contains_paid_content":false,"footnotes":"","jetpack_publicize_message":"","jetpack_publicize_feature_enabled":true,"jetpack_social_post_already_shared":true,"jetpack_social_options":{"image_generator_settings":{"template":"highway","default_image_id":0,"font":"","enabled":false},"version":2}},"categories":[11],"tags":[],"class_list":["post-61109","post","type-post","status-publish","format-standard","has-post-thumbnail","hentry","category-noticias-de-ribeirao-preto-sp-e-regiao-ismael-colosi"],"jetpack_publicize_connections":[],"jetpack_featured_media_url":"https:\/\/i0.wp.com\/ismaelcolosi.com.br\/wp-content\/uploads\/2024\/08\/Copia-de-Copia-de-Copia-de-TAMANHO-EXATO-PARA-FOTOS-NO-SISTEMA-NOVO-11_2024-08-20_13-11-01_jpg_2024-08-20_13-11-01.webp.webp?fit=1200%2C675&ssl=1","uagb_featured_image_src":{"full":["https:\/\/i0.wp.com\/ismaelcolosi.com.br\/wp-content\/uploads\/2024\/08\/Copia-de-Copia-de-Copia-de-TAMANHO-EXATO-PARA-FOTOS-NO-SISTEMA-NOVO-11_2024-08-20_13-11-01_jpg_2024-08-20_13-11-01.webp.webp?fit=1200%2C675&ssl=1",1200,675,false],"thumbnail":["https:\/\/i0.wp.com\/ismaelcolosi.com.br\/wp-content\/uploads\/2024\/08\/Copia-de-Copia-de-Copia-de-TAMANHO-EXATO-PARA-FOTOS-NO-SISTEMA-NOVO-11_2024-08-20_13-11-01_jpg_2024-08-20_13-11-01.webp.webp?resize=150%2C150&ssl=1",150,150,true],"medium":["https:\/\/i0.wp.com\/ismaelcolosi.com.br\/wp-content\/uploads\/2024\/08\/Copia-de-Copia-de-Copia-de-TAMANHO-EXATO-PARA-FOTOS-NO-SISTEMA-NOVO-11_2024-08-20_13-11-01_jpg_2024-08-20_13-11-01.webp.webp?fit=300%2C169&ssl=1",300,169,true],"medium_large":["https:\/\/i0.wp.com\/ismaelcolosi.com.br\/wp-content\/uploads\/2024\/08\/Copia-de-Copia-de-Copia-de-TAMANHO-EXATO-PARA-FOTOS-NO-SISTEMA-NOVO-11_2024-08-20_13-11-01_jpg_2024-08-20_13-11-01.webp.webp?fit=768%2C432&ssl=1",768,432,true],"large":["https:\/\/i0.wp.com\/ismaelcolosi.com.br\/wp-content\/uploads\/2024\/08\/Copia-de-Copia-de-Copia-de-TAMANHO-EXATO-PARA-FOTOS-NO-SISTEMA-NOVO-11_2024-08-20_13-11-01_jpg_2024-08-20_13-11-01.webp.webp?fit=1024%2C576&ssl=1",1024,576,true],"1536x1536":["https:\/\/i0.wp.com\/ismaelcolosi.com.br\/wp-content\/uploads\/2024\/08\/Copia-de-Copia-de-Copia-de-TAMANHO-EXATO-PARA-FOTOS-NO-SISTEMA-NOVO-11_2024-08-20_13-11-01_jpg_2024-08-20_13-11-01.webp.webp?fit=1200%2C675&ssl=1",1200,675,true],"2048x2048":["https:\/\/i0.wp.com\/ismaelcolosi.com.br\/wp-content\/uploads\/2024\/08\/Copia-de-Copia-de-Copia-de-TAMANHO-EXATO-PARA-FOTOS-NO-SISTEMA-NOVO-11_2024-08-20_13-11-01_jpg_2024-08-20_13-11-01.webp.webp?fit=1200%2C675&ssl=1",1200,675,true],"really-simple-thumb":["https:\/\/i0.wp.com\/ismaelcolosi.com.br\/wp-content\/uploads\/2024\/08\/Copia-de-Copia-de-Copia-de-TAMANHO-EXATO-PARA-FOTOS-NO-SISTEMA-NOVO-11_2024-08-20_13-11-01_jpg_2024-08-20_13-11-01.webp.webp?resize=370%2C247&ssl=1",370,247,true]},"uagb_author_info":{"display_name":"ismaelcolosi.com.br","author_link":"https:\/\/ismaelcolosi.com.br\/index.php\/author\/vidareal-online\/"},"uagb_comment_info":0,"uagb_excerpt":"Mesmo na reta final de agosto, Ribeir\u00e3o Preto segue com atividades culturais para aproveitar com a crian\u00e7ada. A programa\u00e7\u00e3o conta com atividades gratuitas e pagas,...","jetpack-related-posts":[{"id":59634,"url":"https:\/\/ismaelcolosi.com.br\/index.php\/2024\/08\/10\/circo-magico-do-chaves-chega-a-ribeirao-preto\/","url_meta":{"origin":61109,"position":0},"title":"Circo M\u00e1gico do Chaves chega a Ribeir\u00e3o Preto","author":"ismaelcolosi.com.br","date":"10 de August de 2024","format":false,"excerpt":"O Circo M\u00e1gico do Chaves chega a Ribeir\u00e3o Preto para uma nova temporada, no pr\u00f3ximo dia 16 de agosto. A estrutura ser\u00e1 montada no estacionamento do Ribeir\u00e3o Shopping, na zona Sul. A estrutura conta com espa\u00e7os para fotos, lanchonete tem\u00e1tica e a reprodu\u00e7\u00e3o de diversos ambientes do seriado. Em sua\u2026","rel":"","context":"In &quot;Not\u00edcias de Ribeir\u00e3o Preto-SP e Regi\u00e3o&quot;","block_context":{"text":"Not\u00edcias de Ribeir\u00e3o Preto-SP e Regi\u00e3o","link":"https:\/\/ismaelcolosi.com.br\/index.php\/category\/noticias-de-ribeirao-preto-sp-e-regiao-ismael-colosi\/"},"img":{"alt_text":"","src":"https:\/\/i0.wp.com\/ismaelcolosi.com.br\/wp-content\/uploads\/2024\/08\/WhatsApp-Image-2024-08-08-at-18.28.56-1-_2024-08-10_13-51-52_jpg_2024-08-10_13-51-52.webp.webp?fit=1200%2C750&ssl=1&resize=350%2C200","width":350,"height":200,"srcset":"https:\/\/i0.wp.com\/ismaelcolosi.com.br\/wp-content\/uploads\/2024\/08\/WhatsApp-Image-2024-08-08-at-18.28.56-1-_2024-08-10_13-51-52_jpg_2024-08-10_13-51-52.webp.webp?fit=1200%2C750&ssl=1&resize=350%2C200 1x, https:\/\/i0.wp.com\/ismaelcolosi.com.br\/wp-content\/uploads\/2024\/08\/WhatsApp-Image-2024-08-08-at-18.28.56-1-_2024-08-10_13-51-52_jpg_2024-08-10_13-51-52.webp.webp?fit=1200%2C750&ssl=1&resize=525%2C300 1.5x, https:\/\/i0.wp.com\/ismaelcolosi.com.br\/wp-content\/uploads\/2024\/08\/WhatsApp-Image-2024-08-08-at-18.28.56-1-_2024-08-10_13-51-52_jpg_2024-08-10_13-51-52.webp.webp?fit=1200%2C750&ssl=1&resize=700%2C400 2x, https:\/\/i0.wp.com\/ismaelcolosi.com.br\/wp-content\/uploads\/2024\/08\/WhatsApp-Image-2024-08-08-at-18.28.56-1-_2024-08-10_13-51-52_jpg_2024-08-10_13-51-52.webp.webp?fit=1200%2C750&ssl=1&resize=1050%2C600 3x"},"classes":[]},{"id":66778,"url":"https:\/\/ismaelcolosi.com.br\/index.php\/2024\/09\/19\/veja-ate-quando-o-circo-magico-do-chaves-fica-em-ribeirao-preto\/","url_meta":{"origin":61109,"position":1},"title":"Veja at\u00e9 quando o Circo M\u00e1gico do Chaves fica em Ribeir\u00e3o Preto","author":"ismaelcolosi.com.br","date":"19 de September de 2024","format":false,"excerpt":"A temporada do Circo M\u00e1gico do Chaves em Ribeir\u00e3o Preto est\u00e1 nos \u00faltimos dias. O espet\u00e1culo estreou em 16 de agosto, no estacionamento do Ribeir\u00e3o Shopping, na zona Sul da cidade, traz a magia e a nostalgia do seriado que marcou gera\u00e7\u00f5es. As apresenta\u00e7\u00f5es contam com personagens da vila, malabarismos,\u2026","rel":"","context":"In &quot;Not\u00edcias de Ribeir\u00e3o Preto-SP e Regi\u00e3o&quot;","block_context":{"text":"Not\u00edcias de Ribeir\u00e3o Preto-SP e Regi\u00e3o","link":"https:\/\/ismaelcolosi.com.br\/index.php\/category\/noticias-de-ribeirao-preto-sp-e-regiao-ismael-colosi\/"},"img":{"alt_text":"","src":"https:\/\/i0.wp.com\/ismaelcolosi.com.br\/wp-content\/uploads\/2024\/08\/WhatsApp-Image-2024-08-08-at-18.28.56-1-_2024-08-10_13-51-52_jpg_2024-08-10_13-51-52.webp.webp?fit=1200%2C750&ssl=1&resize=350%2C200","width":350,"height":200,"srcset":"https:\/\/i0.wp.com\/ismaelcolosi.com.br\/wp-content\/uploads\/2024\/08\/WhatsApp-Image-2024-08-08-at-18.28.56-1-_2024-08-10_13-51-52_jpg_2024-08-10_13-51-52.webp.webp?fit=1200%2C750&ssl=1&resize=350%2C200 1x, https:\/\/i0.wp.com\/ismaelcolosi.com.br\/wp-content\/uploads\/2024\/08\/WhatsApp-Image-2024-08-08-at-18.28.56-1-_2024-08-10_13-51-52_jpg_2024-08-10_13-51-52.webp.webp?fit=1200%2C750&ssl=1&resize=525%2C300 1.5x, https:\/\/i0.wp.com\/ismaelcolosi.com.br\/wp-content\/uploads\/2024\/08\/WhatsApp-Image-2024-08-08-at-18.28.56-1-_2024-08-10_13-51-52_jpg_2024-08-10_13-51-52.webp.webp?fit=1200%2C750&ssl=1&resize=700%2C400 2x, https:\/\/i0.wp.com\/ismaelcolosi.com.br\/wp-content\/uploads\/2024\/08\/WhatsApp-Image-2024-08-08-at-18.28.56-1-_2024-08-10_13-51-52_jpg_2024-08-10_13-51-52.webp.webp?fit=1200%2C750&ssl=1&resize=1050%2C600 3x"},"classes":[]},{"id":67618,"url":"https:\/\/ismaelcolosi.com.br\/index.php\/2024\/09\/24\/ribeirao-preto-recebe-atividades-gratuitas-de-palhacaria-veja-a-programacao\/","url_meta":{"origin":61109,"position":2},"title":"Ribeir\u00e3o Preto recebe atividades gratuitas de \u2018palha\u00e7aria\u2019; Veja a programa\u00e7\u00e3o","author":"ismaelcolosi.com.br","date":"24 de September de 2024","format":false,"excerpt":"A 12\u00aa edi\u00e7\u00e3o do Encontro: Palha\u00e7aria em todo lugar come\u00e7ou nesta semana e segue at\u00e9 domingo (29), proporcionando ao p\u00fablico uma imers\u00e3o na linguagem dos palha\u00e7os. Nesta ter\u00e7a-feira (24), aconteceu a oficina intensiva com Palha\u00e7os Sem Fronteiras (S\u00e3o Paulo) pela manh\u00e3, e a noite fica por conta do espet\u00e1culo Am\u00e9rico,\u2026","rel":"","context":"In &quot;Not\u00edcias de Ribeir\u00e3o Preto-SP e Regi\u00e3o&quot;","block_context":{"text":"Not\u00edcias de Ribeir\u00e3o Preto-SP e Regi\u00e3o","link":"https:\/\/ismaelcolosi.com.br\/index.php\/category\/noticias-de-ribeirao-preto-sp-e-regiao-ismael-colosi\/"},"img":{"alt_text":"","src":"https:\/\/i0.wp.com\/ismaelcolosi.com.br\/wp-content\/uploads\/2024\/09\/Espetaculo-Gran-Cirque-Brado-foto-Nina-Pires_2024-09-24_16-20-50_jpg_2024-09-24_16-20-50-scaled.webp.webp?fit=1200%2C800&ssl=1&resize=350%2C200","width":350,"height":200,"srcset":"https:\/\/i0.wp.com\/ismaelcolosi.com.br\/wp-content\/uploads\/2024\/09\/Espetaculo-Gran-Cirque-Brado-foto-Nina-Pires_2024-09-24_16-20-50_jpg_2024-09-24_16-20-50-scaled.webp.webp?fit=1200%2C800&ssl=1&resize=350%2C200 1x, https:\/\/i0.wp.com\/ismaelcolosi.com.br\/wp-content\/uploads\/2024\/09\/Espetaculo-Gran-Cirque-Brado-foto-Nina-Pires_2024-09-24_16-20-50_jpg_2024-09-24_16-20-50-scaled.webp.webp?fit=1200%2C800&ssl=1&resize=525%2C300 1.5x, https:\/\/i0.wp.com\/ismaelcolosi.com.br\/wp-content\/uploads\/2024\/09\/Espetaculo-Gran-Cirque-Brado-foto-Nina-Pires_2024-09-24_16-20-50_jpg_2024-09-24_16-20-50-scaled.webp.webp?fit=1200%2C800&ssl=1&resize=700%2C400 2x, https:\/\/i0.wp.com\/ismaelcolosi.com.br\/wp-content\/uploads\/2024\/09\/Espetaculo-Gran-Cirque-Brado-foto-Nina-Pires_2024-09-24_16-20-50_jpg_2024-09-24_16-20-50-scaled.webp.webp?fit=1200%2C800&ssl=1&resize=1050%2C600 3x"},"classes":[]},{"id":60491,"url":"https:\/\/ismaelcolosi.com.br\/index.php\/2024\/08\/16\/festa-do-peao-teatro-e-zeca-pagodinho-veja-as-opcoes-para-o-fim-de-semana-em-ribeirao-e-regiao\/","url_meta":{"origin":61109,"position":3},"title":"Festa do Pe\u00e3o, teatro e Zeca Pagodinho: Veja as op\u00e7\u00f5es para o fim de semana em Ribeir\u00e3o e regi\u00e3o","author":"ismaelcolosi.com.br","date":"16 de August de 2024","format":false,"excerpt":"A programa\u00e7\u00e3o deste fim de semana em Ribeir\u00e3o Preto e regi\u00e3o conta com diversas atividades culturais com entrada paga e gratuita para quem n\u00e3o quer ficar parado. Entre as op\u00e7\u00f5es, est\u00e3o pe\u00e7as de teatro com Samuel de Assis, Festa do Pe\u00e3o de Barretos e show do Zeca Pagodinho. Confira: E\u2026","rel":"","context":"In &quot;Not\u00edcias de Ribeir\u00e3o Preto-SP e Regi\u00e3o&quot;","block_context":{"text":"Not\u00edcias de Ribeir\u00e3o Preto-SP e Regi\u00e3o","link":"https:\/\/ismaelcolosi.com.br\/index.php\/category\/noticias-de-ribeirao-preto-sp-e-regiao-ismael-colosi\/"},"img":{"alt_text":"","src":"https:\/\/i0.wp.com\/ismaelcolosi.com.br\/wp-content\/uploads\/2024\/08\/Copia-de-Copia-de-Copia-de-TAMANHO-EXATO-PARA-FOTOS-NO-SISTEMA-NOVO-3_2024-08-16_11-59-49_jpg_2024-08-16_11-59-49.webp.webp?fit=1200%2C675&ssl=1&resize=350%2C200","width":350,"height":200,"srcset":"https:\/\/i0.wp.com\/ismaelcolosi.com.br\/wp-content\/uploads\/2024\/08\/Copia-de-Copia-de-Copia-de-TAMANHO-EXATO-PARA-FOTOS-NO-SISTEMA-NOVO-3_2024-08-16_11-59-49_jpg_2024-08-16_11-59-49.webp.webp?fit=1200%2C675&ssl=1&resize=350%2C200 1x, https:\/\/i0.wp.com\/ismaelcolosi.com.br\/wp-content\/uploads\/2024\/08\/Copia-de-Copia-de-Copia-de-TAMANHO-EXATO-PARA-FOTOS-NO-SISTEMA-NOVO-3_2024-08-16_11-59-49_jpg_2024-08-16_11-59-49.webp.webp?fit=1200%2C675&ssl=1&resize=525%2C300 1.5x, https:\/\/i0.wp.com\/ismaelcolosi.com.br\/wp-content\/uploads\/2024\/08\/Copia-de-Copia-de-Copia-de-TAMANHO-EXATO-PARA-FOTOS-NO-SISTEMA-NOVO-3_2024-08-16_11-59-49_jpg_2024-08-16_11-59-49.webp.webp?fit=1200%2C675&ssl=1&resize=700%2C400 2x, https:\/\/i0.wp.com\/ismaelcolosi.com.br\/wp-content\/uploads\/2024\/08\/Copia-de-Copia-de-Copia-de-TAMANHO-EXATO-PARA-FOTOS-NO-SISTEMA-NOVO-3_2024-08-16_11-59-49_jpg_2024-08-16_11-59-49.webp.webp?fit=1200%2C675&ssl=1&resize=1050%2C600 3x"},"classes":[]},{"id":61608,"url":"https:\/\/ismaelcolosi.com.br\/index.php\/2024\/08\/22\/parques-de-ribeirao-preto-recebem-espetaculo-de-circo-gratuito-veja-onde\/","url_meta":{"origin":61109,"position":4},"title":"Parques de Ribeir\u00e3o Preto recebem espet\u00e1culo de circo gratuito; Veja onde","author":"ismaelcolosi.com.br","date":"22 de August de 2024","format":false,"excerpt":"Quatro parques de Ribeir\u00e3o Preto v\u00e3o receber a Cia. De Lucca Circus, com o projeto \u201cCirco no Parque\u201d, que oferecer\u00e1 uma programa\u00e7\u00e3o de apresenta\u00e7\u00f5es de espet\u00e1culos de circo, com acessibilidade e entrada gratuita. Ser\u00e3o apresentados dois espet\u00e1culos, sendo eles, \u201cDe Lucca Circus Show\u201d, que envolve monociclo girafa, escada acrob\u00e1tica, malabarismo,\u2026","rel":"","context":"In &quot;Not\u00edcias de Ribeir\u00e3o Preto-SP e Regi\u00e3o&quot;","block_context":{"text":"Not\u00edcias de Ribeir\u00e3o Preto-SP e Regi\u00e3o","link":"https:\/\/ismaelcolosi.com.br\/index.php\/category\/noticias-de-ribeirao-preto-sp-e-regiao-ismael-colosi\/"},"img":{"alt_text":"","src":"https:\/\/i0.wp.com\/ismaelcolosi.com.br\/wp-content\/uploads\/2024\/08\/Copia-de-Copia-de-Copia-de-TAMANHO-EXATO-PARA-FOTOS-NO-SISTEMA-NOVO-2_2024-08-22_14-51-24_jpg_2024-08-22_14-51-25.webp.webp?fit=1200%2C675&ssl=1&resize=350%2C200","width":350,"height":200,"srcset":"https:\/\/i0.wp.com\/ismaelcolosi.com.br\/wp-content\/uploads\/2024\/08\/Copia-de-Copia-de-Copia-de-TAMANHO-EXATO-PARA-FOTOS-NO-SISTEMA-NOVO-2_2024-08-22_14-51-24_jpg_2024-08-22_14-51-25.webp.webp?fit=1200%2C675&ssl=1&resize=350%2C200 1x, https:\/\/i0.wp.com\/ismaelcolosi.com.br\/wp-content\/uploads\/2024\/08\/Copia-de-Copia-de-Copia-de-TAMANHO-EXATO-PARA-FOTOS-NO-SISTEMA-NOVO-2_2024-08-22_14-51-24_jpg_2024-08-22_14-51-25.webp.webp?fit=1200%2C675&ssl=1&resize=525%2C300 1.5x, https:\/\/i0.wp.com\/ismaelcolosi.com.br\/wp-content\/uploads\/2024\/08\/Copia-de-Copia-de-Copia-de-TAMANHO-EXATO-PARA-FOTOS-NO-SISTEMA-NOVO-2_2024-08-22_14-51-24_jpg_2024-08-22_14-51-25.webp.webp?fit=1200%2C675&ssl=1&resize=700%2C400 2x, https:\/\/i0.wp.com\/ismaelcolosi.com.br\/wp-content\/uploads\/2024\/08\/Copia-de-Copia-de-Copia-de-TAMANHO-EXATO-PARA-FOTOS-NO-SISTEMA-NOVO-2_2024-08-22_14-51-24_jpg_2024-08-22_14-51-25.webp.webp?fit=1200%2C675&ssl=1&resize=1050%2C600 3x"},"classes":[]},{"id":40168,"url":"https:\/\/ismaelcolosi.com.br\/index.php\/2024\/03\/01\/veja-os-eventos-para-curtir-no-primeiro-final-de-semana-de-marco-em-ribeirao\/","url_meta":{"origin":61109,"position":5},"title":"Veja os eventos para curtir no primeiro final de semana de mar\u00e7o em Ribeir\u00e3o","author":"ismaelcolosi.com.br","date":"1 de March de 2024","format":false,"excerpt":"O primeiro final de semana de mar\u00e7o oferece uma programa\u00e7\u00e3o diversificada para aproveitar com a fam\u00edlia ou amigos em Ribeir\u00e3o Preto. Entre as op\u00e7\u00f5es, h\u00e1 pe\u00e7as de teatros, circo, shows, concerto e outros eventos. Confira: Circo do Patati e Patat\u00e1 Este \u00e9 o \u00faltimo final de semana de apresenta\u00e7\u00f5es do\u2026","rel":"","context":"In &quot;Not\u00edcias de Ribeir\u00e3o Preto-SP e Regi\u00e3o&quot;","block_context":{"text":"Not\u00edcias de Ribeir\u00e3o Preto-SP e Regi\u00e3o","link":"https:\/\/ismaelcolosi.com.br\/index.php\/category\/noticias-de-ribeirao-preto-sp-e-regiao-ismael-colosi\/"},"img":{"alt_text":"","src":"https:\/\/i0.wp.com\/ismaelcolosi.com.br\/wp-content\/uploads\/2024\/03\/AnyConv.com__RACHEL-REIS-copy.webp.webp?fit=1200%2C600&ssl=1&resize=350%2C200","width":350,"height":200,"srcset":"https:\/\/i0.wp.com\/ismaelcolosi.com.br\/wp-content\/uploads\/2024\/03\/AnyConv.com__RACHEL-REIS-copy.webp.webp?fit=1200%2C600&ssl=1&resize=350%2C200 1x, https:\/\/i0.wp.com\/ismaelcolosi.com.br\/wp-content\/uploads\/2024\/03\/AnyConv.com__RACHEL-REIS-copy.webp.webp?fit=1200%2C600&ssl=1&resize=525%2C300 1.5x, https:\/\/i0.wp.com\/ismaelcolosi.com.br\/wp-content\/uploads\/2024\/03\/AnyConv.com__RACHEL-REIS-copy.webp.webp?fit=1200%2C600&ssl=1&resize=700%2C400 2x, https:\/\/i0.wp.com\/ismaelcolosi.com.br\/wp-content\/uploads\/2024\/03\/AnyConv.com__RACHEL-REIS-copy.webp.webp?fit=1200%2C600&ssl=1&resize=1050%2C600 3x"},"classes":[]}],"jetpack_sharing_enabled":true,"jetpack_shortlink":"https:\/\/wp.me\/pfMlyK-fTD","_links":{"self":[{"href":"https:\/\/ismaelcolosi.com.br\/index.php\/wp-json\/wp\/v2\/posts\/61109","targetHints":{"allow":["GET"]}}],"collection":[{"href":"https:\/\/ismaelcolosi.com.br\/index.php\/wp-json\/wp\/v2\/posts"}],"about":[{"href":"https:\/\/ismaelcolosi.com.br\/index.php\/wp-json\/wp\/v2\/types\/post"}],"author":[{"embeddable":true,"href":"https:\/\/ismaelcolosi.com.br\/index.php\/wp-json\/wp\/v2\/users\/1"}],"replies":[{"embeddable":true,"href":"https:\/\/ismaelcolosi.com.br\/index.php\/wp-json\/wp\/v2\/comments?post=61109"}],"version-history":[{"count":0,"href":"https:\/\/ismaelcolosi.com.br\/index.php\/wp-json\/wp\/v2\/posts\/61109\/revisions"}],"wp:featuredmedia":[{"embeddable":true,"href":"https:\/\/ismaelcolosi.com.br\/index.php\/wp-json\/wp\/v2\/media\/61110"}],"wp:attachment":[{"href":"https:\/\/ismaelcolosi.com.br\/index.php\/wp-json\/wp\/v2\/media?parent=61109"}],"wp:term":[{"taxonomy":"category","embeddable":true,"href":"https:\/\/ismaelcolosi.com.br\/index.php\/wp-json\/wp\/v2\/categories?post=61109"},{"taxonomy":"post_tag","embeddable":true,"href":"https:\/\/ismaelcolosi.com.br\/index.php\/wp-json\/wp\/v2\/tags?post=61109"}],"curies":[{"name":"wp","href":"https:\/\/api.w.org\/{rel}","templated":true}]}}