{"id":61098,"date":"2024-08-20T09:45:04","date_gmt":"2024-08-20T12:45:04","guid":{"rendered":"https:\/\/ismaelcolosi.com.br\/index.php\/2024\/08\/20\/enem-dos-concursos-confira-os-gabaritos-oficiais-das-provas-do-cpnu\/"},"modified":"2024-08-20T09:45:04","modified_gmt":"2024-08-20T12:45:04","slug":"enem-dos-concursos-confira-os-gabaritos-oficiais-das-provas-do-cpnu","status":"publish","type":"post","link":"https:\/\/ismaelcolosi.com.br\/index.php\/2024\/08\/20\/enem-dos-concursos-confira-os-gabaritos-oficiais-das-provas-do-cpnu\/","title":{"rendered":"\u2018Enem dos Concursos\u2019: confira os gabaritos oficiais das provas\u00a0do\u00a0CPNU"},"content":{"rendered":"<p> <br \/>\n<\/p>\n<div id=\"\">\n<div class=\"content-infos\">\n<div class=\"texts\">\n<p class=\"author tooltip-comp\"> Da reda\u00e7\u00e3o<span class=\"icon-i\">i<\/span><span class=\"tooltiptext\"> <span class=\"author\"><span>Da reda\u00e7\u00e3o<\/span> <\/span><span class=\"desc\"\/> <\/span><\/p>\n<p>20\/08\/2024 &#8211; 9:33<\/p>\n<\/div>\n<div id=\"share-modal\" class=\"share-modal\"> <button class=\"box-close btn-share\"> <img decoding=\"async\" src=\"https:\/\/istoedinheiro.com.br\/wp-content\/themes\/dinheiro-wp-theme\/assets\/img\/svg\/closeIcon.svg?x46096\" alt=\"Close icon\" class=\"close-btn lazy\"\/> <\/button><\/div>\n<\/p><\/div>\n<p>Nesta ter\u00e7a-feira, 20, foi divulgado o gabarito oficial do <strong>CPNU (Concurso P\u00fablico Nacional Unificado)<\/strong>, tamb\u00e9m conhecido como \u201cEnem\u00a0dos\u00a0concursos\u201d.\u00a0Para acess\u00e1-lo, os candidatos devem entrar no site do Minist\u00e9rio da Gest\u00e3o e da Inova\u00e7\u00e3o em Servi\u00e7os P\u00fablicos (<a href=\"https:\/\/www.gov.br\/gestao\/pt-br\/concursonacional\/gabaritos\" target=\"_blank\" rel=\"noopener\"><strong>neste link<\/strong><\/a>).<\/p>\n<h3>Recursos \u00e0s quest\u00f5es<\/h3>\n<p dir=\"ltr\">Com a divulga\u00e7\u00e3o dos gabaritos, os candidatos t\u00eam entre esta ter\u00e7a, 20, e quarta-feira, 21, para a interposi\u00e7\u00e3o de eventuais recursos quanto \u00e0s quest\u00f5es formuladas ou aos gabaritos divulgados. Eles devem ser enviados em campo espec\u00edfico <strong><a href=\"https:\/\/cpnu.cesgranrio.org.br\/login\" target=\"_blank\" rel=\"noopener\">na \u00e1rea do candidato<\/a><\/strong> \u2013 n\u00e3o ser\u00e3o aceitos recursos via postal, via correio eletr\u00f4nico, via fax ou fora do prazo.<\/p>\n<h3 dir=\"ltr\">Vagas<\/h3>\n<p>Aproximadamente um milh\u00e3o de pessoas participaram do concurso no domingo, 18. Os candidatos concorrem a 6.640 vagas para 21 \u00f3rg\u00e3os da administra\u00e7\u00e3o p\u00fablica federal.<\/p>\n<p>O certame ter\u00e1 tamb\u00e9m um cadastro de reserva, em que mais de 13 mil candidatos classificados ficar\u00e3o na lista de espera, com a possibilidade de novas convoca\u00e7\u00f5es, inclusive para vagas tempor\u00e1rias que surgirem. Os sal\u00e1rios b\u00e1sicos iniciais dos aprovados variam de R$ 4.407,90 a R$ 22,9 mil, conforme o cargo.<\/p>\n<h3>Cronograma<\/h3>\n<p>As notas finais das provas objetivas e a nota preliminar da discursiva ser\u00e3o divulgadas dia 8 de outubro, com dois dias para pedidos de revis\u00e3o das notas da discursiva (08 e 09\/10). Tamb\u00e9m no dia 8 de outubro, ser\u00e1 feita a convoca\u00e7\u00e3o para o envio de t\u00edtulos, pela internet (via upload).<\/p>\n<p>O governo federal divulgar\u00e1 os resultados finais no dia 21 de novembro, enquanto a convoca\u00e7\u00e3o ocorrer\u00e1 em janeiro de 2025.<\/p>\n<p><strong>Confira abaixo o cronograma completo:<\/strong><\/p>\n<table dir=\"ltr\" border=\"1\" cellspacing=\"0\" cellpadding=\"0\" data-sheets-root=\"1\" data-sheets-baot=\"1\">\n<colgroup>\n<col width=\"269\"\/>\n<col width=\"631\"\/><\/colgroup>\n<tbody>\n<tr>\n<td>20 de agosto de 2024<\/td>\n<td>Divulga\u00e7\u00e3o preliminar dos gabaritos das provas objetivas.<\/td>\n<\/tr>\n<tr>\n<td>20 e 21 de agosto de 2024<\/td>\n<td>\n<div>\n<p>Prazo para interposi\u00e7\u00e3o de eventuais recursos quanto \u00e0s quest\u00f5es formuladas e\/ou aos gabaritos divulgados.<\/p>\n<\/div>\n<\/td>\n<\/tr>\n<tr>\n<td>10 de setembro de 2024<\/td>\n<td>Disponibiliza\u00e7\u00e3o da imagem do cart\u00e3o-resposta.<\/td>\n<\/tr>\n<tr>\n<td>8 de outubro de 2024<\/td>\n<td>\n<div>\n<p>Divulga\u00e7\u00e3o das notas finais das provas objetivas e da nota preliminar da discursiva<\/p>\n<\/div>\n<\/td>\n<\/tr>\n<tr>\n<td>8 e 9 de outubro de 2024<\/td>\n<td>Interposi\u00e7\u00e3o de eventuais pedidos de revis\u00e3o das notas da discursiva<\/td>\n<\/tr>\n<tr>\n<td>8 de outubro de 2024<\/td>\n<td>Convoca\u00e7\u00e3o para o envio de t\u00edtulos (via upload)<\/td>\n<\/tr>\n<tr>\n<td>9 e 10 de outubro de 2024<\/td>\n<td>Envio dos t\u00edtulos<\/td>\n<\/tr>\n<tr>\n<td>17 de outubro de 2024<\/td>\n<td>\n<div>\n<p>Divulga\u00e7\u00e3o do resultado dos pedidos de revis\u00e3o das notas da prova discursiva<\/p>\n<\/div>\n<\/td>\n<\/tr>\n<tr>\n<td>17 de outubro de 2024<\/td>\n<td>\n<div>\n<p>Convoca\u00e7\u00e3o para o procedimento de verifica\u00e7\u00e3o da condi\u00e7\u00e3o declarada para concorrer \u00e0s vagas reservadas aos candidatos negros, da condi\u00e7\u00e3o declarada para concorrer \u00e0s vagas reservadas aos candidatos ind\u00edgenas (exclusivamente para os cargos da Funai)<\/p>\n<\/div>\n<\/td>\n<\/tr>\n<tr>\n<td>17 a 25 de outubro de 2024<\/td>\n<td>\n<div>\n<p>Prazo para per\u00edcia m\u00e9dica (avalia\u00e7\u00e3o biopsicossocial) dos candidatos que se declararem com defici\u00eancia, para verificar se efetivamente se trata de pessoas com defici\u00eancia<\/p>\n<\/div>\n<\/td>\n<\/tr>\n<tr>\n<td>2 e 3 de novembro de 2024<\/td>\n<td>\n<div>\n<p>Procedimento de verifica\u00e7\u00e3o da condi\u00e7\u00e3o declarada para concorrer \u00e0s vagas reservadas aos candidatos negros.<\/p>\n<\/div>\n<\/td>\n<\/tr>\n<tr>\n<td>2 e 3 de novembro de 2024<\/td>\n<td>\n<div>\n<p>Procedimento de confirma\u00e7\u00e3o da condi\u00e7\u00e3o declarada para concorrer \u00e0s vagas reservadas aos candidatos ind\u00edgenas<\/p>\n<\/div>\n<\/td>\n<\/tr>\n<tr>\n<td>4 de novembro de 2024<\/td>\n<td>Resultado preliminar da avalia\u00e7\u00e3o de t\u00edtulos.<\/td>\n<\/tr>\n<tr>\n<td>4 e 5 de novembro de 2024<\/td>\n<td>\n<div>\n<p>Prazo para interposi\u00e7\u00e3o de eventuais recursos quanto ao resultado preliminar da avalia\u00e7\u00e3o de t\u00edtulos.<\/p>\n<\/div>\n<\/td>\n<\/tr>\n<tr>\n<td>13 de novembro de 2024<\/td>\n<td>\n<div>\n<p>Divulga\u00e7\u00e3o dos resultados preliminares da avalia\u00e7\u00e3o da veracidade da autodeclara\u00e7\u00e3o prestada por candidatos concorrentes \u00e0s vagas reservadas para negros e ind\u00edgenas e da avalia\u00e7\u00e3o biopsicossocial dos candidatos que se declararem com defici\u00eancia<\/p>\n<\/div>\n<\/td>\n<\/tr>\n<tr>\n<td>13 e 14 de novembro de 2024<\/td>\n<td>\n<div>\n<p>Prazo para interposi\u00e7\u00e3o de eventuais recursos quanto aos resultados preliminares da avalia\u00e7\u00e3o da veracidade da autodeclara\u00e7\u00e3o prestada por candidatos concorrentes \u00e0s vagas reservadas para negros e ind\u00edgenas e da avalia\u00e7\u00e3o biopsicossocial dos candidatos que se declararem com defici\u00eancia<\/p>\n<\/div>\n<\/td>\n<\/tr>\n<tr>\n<td>19 de novembro de 2024<\/td>\n<td>Divulga\u00e7\u00e3o do resultado dos pedidos de revis\u00e3o das notas dos t\u00edtulos<\/td>\n<\/tr>\n<tr>\n<td>21 de novembro de 2024<\/td>\n<td>Previs\u00e3o de divulga\u00e7\u00e3o dos resultados finais<\/td>\n<\/tr>\n<tr>\n<td\/>\n<td\/><\/tr>\n<\/tbody>\n<\/table>\n<div id=\"share-modal\" class=\"share-modal\"> <button class=\"box-close btn-share\"> <img decoding=\"async\" src=\"https:\/\/istoedinheiro.com.br\/wp-content\/themes\/dinheiro-wp-theme\/assets\/img\/svg\/closeIcon.svg?x46096\" alt=\"Close icon\" class=\"close-btn lazy\"\/> <\/button><\/div>\n<\/p><\/div>\n<p><script>!function(f,b,e,v,n,t,s){if(f.fbq)return;n=f.fbq=function(){n.callMethod?n.callMethod.apply(n,arguments):n.queue.push(arguments)};if(!f._fbq)f._fbq=n;n.push=n;n.loaded=!0;n.version='2.0';n.queue=[];t=b.createElement(e);t.async=!0;t.src=v;s=b.getElementsByTagName(e)[0];s.parentNode.insertBefore(t,s)}(window,document,'script','<\/script><br \/>\n<br \/><br \/>\n<br \/><a href=\"https:\/\/istoedinheiro.com.br\/enem-dos-concursos-confira-os-gabaritos-das-provas-do-cpnu\/\">Source link <\/a><\/p>\n<div class='code-block code-block-4' style='margin: 8px auto 8px 0; text-align: left; display: block; clear: both;'>\n\ud83d\udce2 Aviso Legal\n\nO site ismaelcolosi.com.br atua apenas como um canal de divulga\u00e7\u00e3o de oportunidades de emprego e n\u00e3o se responsabiliza pelo processo seletivo, contrata\u00e7\u00e3o ou qualquer outra etapa relacionada \u00e0s vagas publicadas. Todas as informa\u00e7\u00f5es s\u00e3o de responsabilidade dos anunciantes.\n\n\u26a0\ufe0f Aten\u00e7\u00e3o! Nunca pague por promessas de emprego nem compre cursos que garantam contrata\u00e7\u00e3o. Desconfie de qualquer cobran\u00e7a para participar de sele\u00e7\u00f5es.\n\n\n\n<\/div>\n<!-- CONTENT END 1 -->\n","protected":false},"excerpt":{"rendered":"<p>Da reda\u00e7\u00e3oi Da reda\u00e7\u00e3o 20\/08\/2024 &#8211; 9:33 Nesta ter\u00e7a-feira, 20, foi divulgado o gabarito oficial do CPNU (Concurso P\u00fablico Nacional Unificado), tamb\u00e9m conhecido como \u201cEnem\u00a0dos\u00a0concursos\u201d.\u00a0Para&#8230;<\/p>\n","protected":false},"author":1,"featured_media":61099,"comment_status":"open","ping_status":"open","sticky":false,"template":"","format":"standard","meta":{"_uag_custom_page_level_css":"","advanced_seo_description":"","jetpack_seo_html_title":"","jetpack_seo_noindex":false,"jetpack_post_was_ever_published":false,"_jetpack_newsletter_access":"","_jetpack_dont_email_post_to_subs":false,"_jetpack_newsletter_tier_id":0,"_jetpack_memberships_contains_paywalled_content":false,"_jetpack_memberships_contains_paid_content":false,"footnotes":"","jetpack_publicize_message":"","jetpack_publicize_feature_enabled":true,"jetpack_social_post_already_shared":true,"jetpack_social_options":{"image_generator_settings":{"template":"highway","default_image_id":0,"font":"","enabled":false},"version":2}},"categories":[3598],"tags":[],"class_list":["post-61098","post","type-post","status-publish","format-standard","has-post-thumbnail","hentry","category-empregos-classificados-vagas-trabalho"],"jetpack_publicize_connections":[],"jetpack_featured_media_url":"https:\/\/i0.wp.com\/ismaelcolosi.com.br\/wp-content\/uploads\/2024\/08\/1724157904_prova-1.jpg?fit=1340%2C839&ssl=1","uagb_featured_image_src":{"full":["https:\/\/i0.wp.com\/ismaelcolosi.com.br\/wp-content\/uploads\/2024\/08\/1724157904_prova-1.jpg?fit=1340%2C839&ssl=1",1340,839,false],"thumbnail":["https:\/\/i0.wp.com\/ismaelcolosi.com.br\/wp-content\/uploads\/2024\/08\/1724157904_prova-1.jpg?resize=150%2C150&ssl=1",150,150,true],"medium":["https:\/\/i0.wp.com\/ismaelcolosi.com.br\/wp-content\/uploads\/2024\/08\/1724157904_prova-1.jpg?fit=300%2C188&ssl=1",300,188,true],"medium_large":["https:\/\/i0.wp.com\/ismaelcolosi.com.br\/wp-content\/uploads\/2024\/08\/1724157904_prova-1.jpg?fit=768%2C481&ssl=1",768,481,true],"large":["https:\/\/i0.wp.com\/ismaelcolosi.com.br\/wp-content\/uploads\/2024\/08\/1724157904_prova-1.jpg?fit=1024%2C641&ssl=1",1024,641,true],"1536x1536":["https:\/\/i0.wp.com\/ismaelcolosi.com.br\/wp-content\/uploads\/2024\/08\/1724157904_prova-1.jpg?fit=1340%2C839&ssl=1",1340,839,true],"2048x2048":["https:\/\/i0.wp.com\/ismaelcolosi.com.br\/wp-content\/uploads\/2024\/08\/1724157904_prova-1.jpg?fit=1340%2C839&ssl=1",1340,839,true],"really-simple-thumb":["https:\/\/i0.wp.com\/ismaelcolosi.com.br\/wp-content\/uploads\/2024\/08\/1724157904_prova-1.jpg?resize=370%2C247&ssl=1",370,247,true]},"uagb_author_info":{"display_name":"ismaelcolosi.com.br","author_link":"https:\/\/ismaelcolosi.com.br\/index.php\/author\/vidareal-online\/"},"uagb_comment_info":0,"uagb_excerpt":"Da reda\u00e7\u00e3oi Da reda\u00e7\u00e3o 20\/08\/2024 &#8211; 9:33 Nesta ter\u00e7a-feira, 20, foi divulgado o gabarito oficial do CPNU (Concurso P\u00fablico Nacional Unificado), tamb\u00e9m conhecido como \u201cEnem\u00a0dos\u00a0concursos\u201d.\u00a0Para...","jetpack-related-posts":[{"id":69941,"url":"https:\/\/ismaelcolosi.com.br\/index.php\/2024\/10\/08\/enem-dos-concursos-justica-suspende-liminar-e-candidatos-do-bloco-4-podem-conferir-gabaritos-e-resultados\/","url_meta":{"origin":61098,"position":0},"title":"\u2018Enem dos Concursos\u2019: justi\u00e7a suspende liminar e candidatos do Bloco 4 podem conferir gabaritos e resultados","author":"ismaelcolosi.com.br","date":"8 de October de 2024","format":false,"excerpt":"Da reda\u00e7\u00e3oi Da reda\u00e7\u00e3o 08\/10\/2024 - 18:35 O Minist\u00e9rio da Gest\u00e3o e da Inova\u00e7\u00e3o anunciou no in\u00edcio da noite desta ter\u00e7a-feira, 8, que os candidatos que concorrem \u00e0s 971 vagas do Bloco 4 \u2013 Trabalho e Sa\u00fade do Servidor \u2013 do Concurso P\u00fablico Nacional Unificado (CPNU), apelidado de \u201cEnem dos\u2026","rel":"","context":"In &quot;Empregos - Classificados&quot;","block_context":{"text":"Empregos - Classificados","link":"https:\/\/ismaelcolosi.com.br\/index.php\/category\/empregos-classificados-vagas-trabalho\/"},"img":{"alt_text":"","src":"https:\/\/i0.wp.com\/ismaelcolosi.com.br\/wp-content\/uploads\/2024\/10\/prova.jpg?fit=1200%2C704&ssl=1&resize=350%2C200","width":350,"height":200,"srcset":"https:\/\/i0.wp.com\/ismaelcolosi.com.br\/wp-content\/uploads\/2024\/10\/prova.jpg?fit=1200%2C704&ssl=1&resize=350%2C200 1x, https:\/\/i0.wp.com\/ismaelcolosi.com.br\/wp-content\/uploads\/2024\/10\/prova.jpg?fit=1200%2C704&ssl=1&resize=525%2C300 1.5x, https:\/\/i0.wp.com\/ismaelcolosi.com.br\/wp-content\/uploads\/2024\/10\/prova.jpg?fit=1200%2C704&ssl=1&resize=700%2C400 2x, https:\/\/i0.wp.com\/ismaelcolosi.com.br\/wp-content\/uploads\/2024\/10\/prova.jpg?fit=1200%2C704&ssl=1&resize=1050%2C600 3x"},"classes":[]},{"id":61346,"url":"https:\/\/ismaelcolosi.com.br\/index.php\/2024\/08\/21\/enem-dos-concursos-ibge-tem-cargo-mais-concorrido-no-processo-seletivo\/","url_meta":{"origin":61098,"position":1},"title":"\u2018Enem dos concursos\u2019: IBGE tem cargo mais concorrido no processo seletivo","author":"ismaelcolosi.com.br","date":"21 de August de 2024","format":false,"excerpt":"O cargo mais concorrido do CPNU (Concurso P\u00fablico Nacional Unificado), ou o chamado \u201cEnem dos Concursos\u201d, foi o de engenheiro civil para analista do IBGE (Instituto Brasileiro de Geografia e Estat\u00edstica), com 28.534 inscritos para uma vaga. A informa\u00e7\u00e3o foi divulgada pelo Minist\u00e9rio da Gest\u00e3o e Inova\u00e7\u00e3o. Por meio do\u2026","rel":"","context":"In &quot;Empregos - Classificados&quot;","block_context":{"text":"Empregos - Classificados","link":"https:\/\/ismaelcolosi.com.br\/index.php\/category\/empregos-classificados-vagas-trabalho\/"},"img":{"alt_text":"","src":"https:\/\/i0.wp.com\/ismaelcolosi.com.br\/wp-content\/uploads\/2024\/08\/cpnu.jpg?fit=1015%2C699&ssl=1&resize=350%2C200","width":350,"height":200,"srcset":"https:\/\/i0.wp.com\/ismaelcolosi.com.br\/wp-content\/uploads\/2024\/08\/cpnu.jpg?fit=1015%2C699&ssl=1&resize=350%2C200 1x, https:\/\/i0.wp.com\/ismaelcolosi.com.br\/wp-content\/uploads\/2024\/08\/cpnu.jpg?fit=1015%2C699&ssl=1&resize=525%2C300 1.5x, https:\/\/i0.wp.com\/ismaelcolosi.com.br\/wp-content\/uploads\/2024\/08\/cpnu.jpg?fit=1015%2C699&ssl=1&resize=700%2C400 2x"},"classes":[]},{"id":69684,"url":"https:\/\/ismaelcolosi.com.br\/index.php\/2024\/10\/07\/enem-dos-concursos-notas-do-cpnu-saem-nesta-terca-saiba-como-conferir\/","url_meta":{"origin":61098,"position":2},"title":"Enem dos Concursos: notas do CPNU saem nesta ter\u00e7a; saiba como conferir","author":"ismaelcolosi.com.br","date":"7 de October de 2024","format":false,"excerpt":"Da reda\u00e7\u00e3oi Da reda\u00e7\u00e3o 07\/10\/2024 - 13:04 O Concurso P\u00fablico Nacional Unificado (CPNU), apelidado de \u201cEnem dos Concursos\u201d, divulgou nesta segunda-feira,\u00a0 7, as notas finais das provas objetivas e preliminares das provas discursivas. Para conferir seu resultado, basta fazer login na \u00e1rea do candidato no site oficial do certame, neste\u2026","rel":"","context":"In &quot;Empregos - Classificados&quot;","block_context":{"text":"Empregos - Classificados","link":"https:\/\/ismaelcolosi.com.br\/index.php\/category\/empregos-classificados-vagas-trabalho\/"},"img":{"alt_text":"","src":"https:\/\/i0.wp.com\/ismaelcolosi.com.br\/wp-content\/uploads\/2024\/10\/prova-1.jpg?fit=1200%2C751&ssl=1&resize=350%2C200","width":350,"height":200,"srcset":"https:\/\/i0.wp.com\/ismaelcolosi.com.br\/wp-content\/uploads\/2024\/10\/prova-1.jpg?fit=1200%2C751&ssl=1&resize=350%2C200 1x, https:\/\/i0.wp.com\/ismaelcolosi.com.br\/wp-content\/uploads\/2024\/10\/prova-1.jpg?fit=1200%2C751&ssl=1&resize=525%2C300 1.5x, https:\/\/i0.wp.com\/ismaelcolosi.com.br\/wp-content\/uploads\/2024\/10\/prova-1.jpg?fit=1200%2C751&ssl=1&resize=700%2C400 2x, https:\/\/i0.wp.com\/ismaelcolosi.com.br\/wp-content\/uploads\/2024\/10\/prova-1.jpg?fit=1200%2C751&ssl=1&resize=1050%2C600 3x"},"classes":[]},{"id":85579,"url":"https:\/\/ismaelcolosi.com.br\/index.php\/2025\/05\/22\/enem-dos-concursos-governo-divulga-terceira-e-ultima-lista-de-convocacao-para-cursos-de-formacao-2\/","url_meta":{"origin":61098,"position":3},"title":"\u2018Enem dos Concursos\u2019: Governo divulga terceira e ultima lista de convoca\u00e7\u00e3o para cursos de forma\u00e7\u00e3o","author":"ismaelcolosi.com.br","date":"22 de May de 2025","format":false,"excerpt":"O Minist\u00e9rio da Gest\u00e3o e da Inova\u00e7\u00e3o em Servi\u00e7os P\u00fablicos (MGI) divulgou, nesta ter\u00e7a-feira, 18, a terceira e \u00faltima convoca\u00e7\u00e3o para os cursos de forma\u00e7\u00e3o do Concurso P\u00fablico Nacional Unificado (CPNU), conhecido como \u201cEnem dos Concursos\u201d. +Governo publica regras para curso de forma\u00e7\u00e3o de aprovados no CPNU O processo que\u2026","rel":"","context":"In &quot;Empregos - Classificados&quot;","block_context":{"text":"Empregos - Classificados","link":"https:\/\/ismaelcolosi.com.br\/index.php\/category\/empregos-classificados-vagas-trabalho\/"},"img":{"alt_text":"","src":"","width":0,"height":0},"classes":[]},{"id":83096,"url":"https:\/\/ismaelcolosi.com.br\/index.php\/2025\/02\/18\/enem-dos-concursos-governo-divulga-terceira-e-ultima-lista-de-convocacao-para-cursos-de-formacao\/","url_meta":{"origin":61098,"position":4},"title":"\u2018Enem dos Concursos\u2019: Governo divulga terceira e ultima lista de convoca\u00e7\u00e3o para cursos de forma\u00e7\u00e3o","author":"ismaelcolosi.com.br","date":"18 de February de 2025","format":false,"excerpt":"Da reda\u00e7\u00e3oi Da reda\u00e7\u00e3o 18\/02\/2025 - 12:19 O Minist\u00e9rio da Gest\u00e3o e da Inova\u00e7\u00e3o em Servi\u00e7os P\u00fablicos (MGI) divulgou, nesta ter\u00e7a-feira, 18, a terceira e \u00faltima convoca\u00e7\u00e3o para os cursos de forma\u00e7\u00e3o do Concurso P\u00fablico Nacional Unificado (CPNU).+Governo publica regras para curso de forma\u00e7\u00e3o de aprovados no CPNUO processo que\u2026","rel":"","context":"In &quot;Empregos - Classificados&quot;","block_context":{"text":"Empregos - Classificados","link":"https:\/\/ismaelcolosi.com.br\/index.php\/category\/empregos-classificados-vagas-trabalho\/"},"img":{"alt_text":"","src":"https:\/\/i0.wp.com\/ismaelcolosi.com.br\/wp-content\/uploads\/2025\/02\/prova.png?fit=700%2C439&ssl=1&resize=350%2C200","width":350,"height":200,"srcset":"https:\/\/i0.wp.com\/ismaelcolosi.com.br\/wp-content\/uploads\/2025\/02\/prova.png?fit=700%2C439&ssl=1&resize=350%2C200 1x, https:\/\/i0.wp.com\/ismaelcolosi.com.br\/wp-content\/uploads\/2025\/02\/prova.png?fit=700%2C439&ssl=1&resize=525%2C300 1.5x, https:\/\/i0.wp.com\/ismaelcolosi.com.br\/wp-content\/uploads\/2025\/02\/prova.png?fit=700%2C439&ssl=1&resize=700%2C400 2x"},"classes":[]},{"id":85573,"url":"https:\/\/ismaelcolosi.com.br\/index.php\/2025\/05\/22\/enem-dos-concursos-governo-divulga-lista-atualizada-de-convocacao-do-cnu-2\/","url_meta":{"origin":61098,"position":5},"title":"\u2018Enem dos concursos\u2019: Governo divulga lista atualizada de convoca\u00e7\u00e3o do CNU","author":"ismaelcolosi.com.br","date":"22 de May de 2025","format":false,"excerpt":"O Minist\u00e9rio da Gest\u00e3o e Inova\u00e7\u00e3o (MGI) informou nesta ter\u00e7a-feira, 4, a atualiza\u00e7\u00e3o das listas finais de convoca\u00e7\u00e3o do Concurso P\u00fablico Nacional Unificado (CPNU) ap\u00f3s identificar inconsist\u00eancias nos resultados divulgados no dia 28 de fevereiro. De acordo com a pasta, o problema ocorreu porque o sistema considerou desist\u00eancias para os\u2026","rel":"","context":"In &quot;Empregos - Classificados&quot;","block_context":{"text":"Empregos - Classificados","link":"https:\/\/ismaelcolosi.com.br\/index.php\/category\/empregos-classificados-vagas-trabalho\/"},"img":{"alt_text":"","src":"","width":0,"height":0},"classes":[]}],"jetpack_sharing_enabled":true,"jetpack_shortlink":"https:\/\/wp.me\/pfMlyK-fTs","_links":{"self":[{"href":"https:\/\/ismaelcolosi.com.br\/index.php\/wp-json\/wp\/v2\/posts\/61098","targetHints":{"allow":["GET"]}}],"collection":[{"href":"https:\/\/ismaelcolosi.com.br\/index.php\/wp-json\/wp\/v2\/posts"}],"about":[{"href":"https:\/\/ismaelcolosi.com.br\/index.php\/wp-json\/wp\/v2\/types\/post"}],"author":[{"embeddable":true,"href":"https:\/\/ismaelcolosi.com.br\/index.php\/wp-json\/wp\/v2\/users\/1"}],"replies":[{"embeddable":true,"href":"https:\/\/ismaelcolosi.com.br\/index.php\/wp-json\/wp\/v2\/comments?post=61098"}],"version-history":[{"count":0,"href":"https:\/\/ismaelcolosi.com.br\/index.php\/wp-json\/wp\/v2\/posts\/61098\/revisions"}],"wp:featuredmedia":[{"embeddable":true,"href":"https:\/\/ismaelcolosi.com.br\/index.php\/wp-json\/wp\/v2\/media\/61099"}],"wp:attachment":[{"href":"https:\/\/ismaelcolosi.com.br\/index.php\/wp-json\/wp\/v2\/media?parent=61098"}],"wp:term":[{"taxonomy":"category","embeddable":true,"href":"https:\/\/ismaelcolosi.com.br\/index.php\/wp-json\/wp\/v2\/categories?post=61098"},{"taxonomy":"post_tag","embeddable":true,"href":"https:\/\/ismaelcolosi.com.br\/index.php\/wp-json\/wp\/v2\/tags?post=61098"}],"curies":[{"name":"wp","href":"https:\/\/api.w.org\/{rel}","templated":true}]}}