{"id":61088,"date":"2024-08-20T09:03:35","date_gmt":"2024-08-20T12:03:35","guid":{"rendered":"https:\/\/ismaelcolosi.com.br\/index.php\/2024\/08\/20\/motorista-morre-em-incendio-apos-acidente-na-regiao-de-ribeirao-preto\/"},"modified":"2024-08-20T09:03:35","modified_gmt":"2024-08-20T12:03:35","slug":"motorista-morre-em-incendio-apos-acidente-na-regiao-de-ribeirao-preto","status":"publish","type":"post","link":"https:\/\/ismaelcolosi.com.br\/index.php\/2024\/08\/20\/motorista-morre-em-incendio-apos-acidente-na-regiao-de-ribeirao-preto\/","title":{"rendered":"Motorista morre em inc\u00eandio ap\u00f3s acidente na regi\u00e3o de Ribeir\u00e3o Preto"},"content":{"rendered":"<p> <br \/>\n<\/p>\n<div data-td-block-uid=\"tdi_106\">\n<div class=\"tdb-block-inner td-fix-index\">\n<p>O motorista de um caminh\u00e3o morreu ap\u00f3s um acidente envolvendo o reboque de outro ve\u00edculo na<strong> rodovia F\u00e1bio Talarico<\/strong>, em <strong>Ipu\u00e3<\/strong>, na regi\u00e3o de <strong>Ribeir\u00e3o Preto<\/strong>. O acidente aconteceu por volta das 3h desta ter\u00e7a-feira (20), na altura do quil\u00f4metro 102, no trevo.<\/p>\n<p>De acordo com apura\u00e7\u00e3o da<strong> EPTV<\/strong>, o caminh\u00e3o seguia entre Ipu\u00e3 e Gua\u00edra. <mark style=\"background-color:#fcb900\" class=\"has-inline-color has-black-color\">O reboque desse caminh\u00e3o se soltou, atravessou a rodovia e bateu contra outro caminh\u00e3o, que vinha no sentido contr\u00e1rio.<\/mark><\/p>\n<p>O ve\u00edculo pegou fogo e o motorista n\u00e3o resistiu ao inc\u00eandio (com informa\u00e7\u00f5es EPTV).<\/p>\n<p>SAIBA MAIS<br \/>T\u00fanel Jos\u00e9 Bonif\u00e1cio ser\u00e1 interditado em Ribeir\u00e3o Preto; Veja o motivo<\/p>\n<h4 class=\"wp-block-heading\"><strong>FIQUE ON<\/strong><\/h4>\n<p>Fique ligado em tudo que acontece em Ribeir\u00e3o Preto e regi\u00e3o. Siga os perfis do<strong> acidade on<\/strong> no<a href=\"https:\/\/www.instagram.com\/acidadeonribeirao\" target=\"_blank\" rel=\"noreferrer noopener nofollow\"> Instagram <\/a>e no <a href=\"https:\/\/www.facebook.com\/acidadeonribeirao\/\" target=\"_blank\" rel=\"noreferrer noopener\">Facebook<\/a>.<\/p>\n<p>Receba not\u00edcias do <strong>acidade on<\/strong> no WhatsApp.<a href=\"https:\/\/chat.whatsapp.com\/Dtv9mxhy6V5BJBotM2OQ5k\" target=\"_blank\" rel=\"noreferrer noopener nofollow\"> Para entrar no grupo, basta clicar aqui.<\/a><\/p>\n<p>Fa\u00e7a uma den\u00fancia ou sugira uma reportagem sobre Ribeir\u00e3o Preto e regi\u00e3o pelo WhatsApp: 16 99117 7802.<\/p>\n<p>VEJA TAMB\u00c9M<br \/>Onda de calor em SP vai at\u00e9 quando?<\/p>\n<p><!-- CONTENT END 1 -->\n<\/div>\n<\/div>\n<p><script async src=\"\/\/www.instagram.com\/embed.js\"><\/script><br \/>\n<br \/><br \/>\n<br \/><a href=\"https:\/\/www.acidadeon.com\/ribeiraopreto\/cotidiano\/motorista-morre-em-incendio-apos-acidente-na-regiao-de-ribeirao-preto\/\">Source link <\/a><\/p>\n","protected":false},"excerpt":{"rendered":"<p>O motorista de um caminh\u00e3o morreu ap\u00f3s um acidente envolvendo o reboque de outro ve\u00edculo na rodovia F\u00e1bio Talarico, em Ipu\u00e3, na regi\u00e3o de Ribeir\u00e3o&#8230;<\/p>\n","protected":false},"author":1,"featured_media":61089,"comment_status":"open","ping_status":"open","sticky":false,"template":"","format":"standard","meta":{"_uag_custom_page_level_css":"","advanced_seo_description":"","jetpack_seo_html_title":"","jetpack_seo_noindex":false,"jetpack_post_was_ever_published":false,"_jetpack_newsletter_access":"","_jetpack_dont_email_post_to_subs":false,"_jetpack_newsletter_tier_id":0,"_jetpack_memberships_contains_paywalled_content":false,"_jetpack_memberships_contains_paid_content":false,"footnotes":"","jetpack_publicize_message":"","jetpack_publicize_feature_enabled":true,"jetpack_social_post_already_shared":true,"jetpack_social_options":{"image_generator_settings":{"template":"highway","default_image_id":0,"font":"","enabled":false},"version":2}},"categories":[11],"tags":[],"class_list":["post-61088","post","type-post","status-publish","format-standard","has-post-thumbnail","hentry","category-noticias-de-ribeirao-preto-sp-e-regiao-ismael-colosi"],"jetpack_publicize_connections":[],"jetpack_featured_media_url":"https:\/\/i0.wp.com\/ismaelcolosi.com.br\/wp-content\/uploads\/2024\/08\/transito_2024-08-20_11-44-03_jpeg_2024-08-20_11-44-03.webp.webp?fit=1920%2C1079&ssl=1","uagb_featured_image_src":{"full":["https:\/\/i0.wp.com\/ismaelcolosi.com.br\/wp-content\/uploads\/2024\/08\/transito_2024-08-20_11-44-03_jpeg_2024-08-20_11-44-03.webp.webp?fit=1920%2C1079&ssl=1",1920,1079,false],"thumbnail":["https:\/\/i0.wp.com\/ismaelcolosi.com.br\/wp-content\/uploads\/2024\/08\/transito_2024-08-20_11-44-03_jpeg_2024-08-20_11-44-03.webp.webp?resize=150%2C150&ssl=1",150,150,true],"medium":["https:\/\/i0.wp.com\/ismaelcolosi.com.br\/wp-content\/uploads\/2024\/08\/transito_2024-08-20_11-44-03_jpeg_2024-08-20_11-44-03.webp.webp?fit=300%2C169&ssl=1",300,169,true],"medium_large":["https:\/\/i0.wp.com\/ismaelcolosi.com.br\/wp-content\/uploads\/2024\/08\/transito_2024-08-20_11-44-03_jpeg_2024-08-20_11-44-03.webp.webp?fit=768%2C432&ssl=1",768,432,true],"large":["https:\/\/i0.wp.com\/ismaelcolosi.com.br\/wp-content\/uploads\/2024\/08\/transito_2024-08-20_11-44-03_jpeg_2024-08-20_11-44-03.webp.webp?fit=1024%2C575&ssl=1",1024,575,true],"1536x1536":["https:\/\/i0.wp.com\/ismaelcolosi.com.br\/wp-content\/uploads\/2024\/08\/transito_2024-08-20_11-44-03_jpeg_2024-08-20_11-44-03.webp.webp?fit=1536%2C863&ssl=1",1536,863,true],"2048x2048":["https:\/\/i0.wp.com\/ismaelcolosi.com.br\/wp-content\/uploads\/2024\/08\/transito_2024-08-20_11-44-03_jpeg_2024-08-20_11-44-03.webp.webp?fit=1920%2C1079&ssl=1",1920,1079,true],"really-simple-thumb":["https:\/\/i0.wp.com\/ismaelcolosi.com.br\/wp-content\/uploads\/2024\/08\/transito_2024-08-20_11-44-03_jpeg_2024-08-20_11-44-03.webp.webp?resize=370%2C247&ssl=1",370,247,true]},"uagb_author_info":{"display_name":"ismaelcolosi.com.br","author_link":"https:\/\/ismaelcolosi.com.br\/index.php\/author\/vidareal-online\/"},"uagb_comment_info":0,"uagb_excerpt":"O motorista de um caminh\u00e3o morreu ap\u00f3s um acidente envolvendo o reboque de outro ve\u00edculo na rodovia F\u00e1bio Talarico, em Ipu\u00e3, na regi\u00e3o de Ribeir\u00e3o...","jetpack-related-posts":[{"id":67199,"url":"https:\/\/ismaelcolosi.com.br\/index.php\/2024\/09\/21\/identificado-homem-que-morreu-carbonizado-em-rodovia-da-regiao-de-ribeirao\/","url_meta":{"origin":61088,"position":0},"title":"Identificado homem que morreu carbonizado em rodovia da regi\u00e3o de Ribeir\u00e3o","author":"ismaelcolosi.com.br","date":"21 de September de 2024","format":false,"excerpt":"Foi identificado como Jeronimo Mendon\u00e7a o homem que morreu carbonizado no engavetamento que envolveu tr\u00eas carros e um caminh\u00e3o na rodovia Armando de Sales Oliveira (SP-322), em Pitangueiras, regi\u00e3o de Ribeir\u00e3o Preto, na sexta-feira (20). Conforme apura\u00e7\u00e3o da EPTV, a esposa da v\u00edtima, Marluce Mendonca, segue internada em estado grave\u2026","rel":"","context":"In &quot;Not\u00edcias de Ribeir\u00e3o Preto-SP e Regi\u00e3o&quot;","block_context":{"text":"Not\u00edcias de Ribeir\u00e3o Preto-SP e Regi\u00e3o","link":"https:\/\/ismaelcolosi.com.br\/index.php\/category\/noticias-de-ribeirao-preto-sp-e-regiao-ismael-colosi\/"},"img":{"alt_text":"","src":"https:\/\/i0.wp.com\/ismaelcolosi.com.br\/wp-content\/uploads\/2024\/09\/Copia-de-Copia-de-Copia-de-TAMANHO-EXATO-PARA-FOTOS-NO-SISTEMA-NOVO-33_2024-09-20_15-45-06_png_2024-09-20_15-45-07.webp.webp?fit=1200%2C675&ssl=1&resize=350%2C200","width":350,"height":200,"srcset":"https:\/\/i0.wp.com\/ismaelcolosi.com.br\/wp-content\/uploads\/2024\/09\/Copia-de-Copia-de-Copia-de-TAMANHO-EXATO-PARA-FOTOS-NO-SISTEMA-NOVO-33_2024-09-20_15-45-06_png_2024-09-20_15-45-07.webp.webp?fit=1200%2C675&ssl=1&resize=350%2C200 1x, https:\/\/i0.wp.com\/ismaelcolosi.com.br\/wp-content\/uploads\/2024\/09\/Copia-de-Copia-de-Copia-de-TAMANHO-EXATO-PARA-FOTOS-NO-SISTEMA-NOVO-33_2024-09-20_15-45-06_png_2024-09-20_15-45-07.webp.webp?fit=1200%2C675&ssl=1&resize=525%2C300 1.5x, https:\/\/i0.wp.com\/ismaelcolosi.com.br\/wp-content\/uploads\/2024\/09\/Copia-de-Copia-de-Copia-de-TAMANHO-EXATO-PARA-FOTOS-NO-SISTEMA-NOVO-33_2024-09-20_15-45-06_png_2024-09-20_15-45-07.webp.webp?fit=1200%2C675&ssl=1&resize=700%2C400 2x, https:\/\/i0.wp.com\/ismaelcolosi.com.br\/wp-content\/uploads\/2024\/09\/Copia-de-Copia-de-Copia-de-TAMANHO-EXATO-PARA-FOTOS-NO-SISTEMA-NOVO-33_2024-09-20_15-45-06_png_2024-09-20_15-45-07.webp.webp?fit=1200%2C675&ssl=1&resize=1050%2C600 3x"},"classes":[]},{"id":3705,"url":"https:\/\/ismaelcolosi.com.br\/index.php\/2023\/11\/19\/acidente-entre-caminhoes-e-carro-deixa-uma-vitima-fatal-na-regiao-de-ribeirao-preto\/","url_meta":{"origin":61088,"position":1},"title":"Acidente entre caminh\u00f5es e carro deixa uma v\u00edtima fatal na regi\u00e3o de Ribeir\u00e3o Preto","author":"ismaelcolosi.com.br","date":"19 de November de 2023","format":false,"excerpt":"Um homem de 41 anos morreu, na tarde deste domingo (19), ap\u00f3s um acidente entre dois caminh\u00f5es e um ve\u00edculo, na estrada vicinal Argeo Marchi\u00f3, no distrito de Cruz das Posses, em Sert\u00e3ozinho. De acordo com a apura\u00e7\u00e3o de uma equipe da EPTV, que esteve no local do ocorrido e\u2026","rel":"","context":"In &quot;Not\u00edcias de Ribeir\u00e3o Preto-SP e Regi\u00e3o&quot;","block_context":{"text":"Not\u00edcias de Ribeir\u00e3o Preto-SP e Regi\u00e3o","link":"https:\/\/ismaelcolosi.com.br\/index.php\/category\/noticias-de-ribeirao-preto-sp-e-regiao-ismael-colosi\/"},"img":{"alt_text":"","src":"https:\/\/i0.wp.com\/ismaelcolosi.com.br\/wp-content\/uploads\/2023\/11\/WhatsApp-Image-2023-11-19-at-19.20.07.jpeg?fit=1200%2C675&ssl=1&resize=350%2C200","width":350,"height":200,"srcset":"https:\/\/i0.wp.com\/ismaelcolosi.com.br\/wp-content\/uploads\/2023\/11\/WhatsApp-Image-2023-11-19-at-19.20.07.jpeg?fit=1200%2C675&ssl=1&resize=350%2C200 1x, https:\/\/i0.wp.com\/ismaelcolosi.com.br\/wp-content\/uploads\/2023\/11\/WhatsApp-Image-2023-11-19-at-19.20.07.jpeg?fit=1200%2C675&ssl=1&resize=525%2C300 1.5x, https:\/\/i0.wp.com\/ismaelcolosi.com.br\/wp-content\/uploads\/2023\/11\/WhatsApp-Image-2023-11-19-at-19.20.07.jpeg?fit=1200%2C675&ssl=1&resize=700%2C400 2x, https:\/\/i0.wp.com\/ismaelcolosi.com.br\/wp-content\/uploads\/2023\/11\/WhatsApp-Image-2023-11-19-at-19.20.07.jpeg?fit=1200%2C675&ssl=1&resize=1050%2C600 3x"},"classes":[]},{"id":46872,"url":"https:\/\/ismaelcolosi.com.br\/index.php\/2024\/04\/15\/caminhao-desgovernado-atropela-e-mata-homem-que-trabalhava-em-rodovia-na-regiao-de-ribeirao\/","url_meta":{"origin":61088,"position":2},"title":"Caminh\u00e3o desgovernado atropela e mata homem que trabalhava em rodovia na regi\u00e3o de Ribeir\u00e3o","author":"ismaelcolosi.com.br","date":"15 de April de 2024","format":false,"excerpt":"Um homem que prestava servi\u00e7os de manuten\u00e7\u00e3o na rodovia C\u00e2ndido Portinari (SP-334) morreu ao ser atropelado por um caminh\u00e3o nesta segunda-feira (15), na serra de Rifaina, na regi\u00e3o de Ribeir\u00e3o Preto. A via foi parcialmente interditada. Segundo informa\u00e7\u00f5es da Prefeitura de Rifaina, o motorista perdeu o controle da dire\u00e7\u00e3o do\u2026","rel":"","context":"In &quot;Not\u00edcias de Ribeir\u00e3o Preto-SP e Regi\u00e3o&quot;","block_context":{"text":"Not\u00edcias de Ribeir\u00e3o Preto-SP e Regi\u00e3o","link":"https:\/\/ismaelcolosi.com.br\/index.php\/category\/noticias-de-ribeirao-preto-sp-e-regiao-ismael-colosi\/"},"img":{"alt_text":"","src":"https:\/\/i0.wp.com\/ismaelcolosi.com.br\/wp-content\/uploads\/2024\/04\/WhatsApp-Image-2024-04-15-at-14.06.57.webp.webp?fit=1200%2C900&ssl=1&resize=350%2C200","width":350,"height":200,"srcset":"https:\/\/i0.wp.com\/ismaelcolosi.com.br\/wp-content\/uploads\/2024\/04\/WhatsApp-Image-2024-04-15-at-14.06.57.webp.webp?fit=1200%2C900&ssl=1&resize=350%2C200 1x, https:\/\/i0.wp.com\/ismaelcolosi.com.br\/wp-content\/uploads\/2024\/04\/WhatsApp-Image-2024-04-15-at-14.06.57.webp.webp?fit=1200%2C900&ssl=1&resize=525%2C300 1.5x, https:\/\/i0.wp.com\/ismaelcolosi.com.br\/wp-content\/uploads\/2024\/04\/WhatsApp-Image-2024-04-15-at-14.06.57.webp.webp?fit=1200%2C900&ssl=1&resize=700%2C400 2x, https:\/\/i0.wp.com\/ismaelcolosi.com.br\/wp-content\/uploads\/2024\/04\/WhatsApp-Image-2024-04-15-at-14.06.57.webp.webp?fit=1200%2C900&ssl=1&resize=1050%2C600 3x"},"classes":[]},{"id":67054,"url":"https:\/\/ismaelcolosi.com.br\/index.php\/2024\/09\/20\/o-que-se-sabe-sobre-acidente-com-morte-em-rodovia-da-regiao-de-ribeirao\/","url_meta":{"origin":61088,"position":3},"title":"O que se sabe sobre acidente com morte em rodovia da regi\u00e3o de Ribeir\u00e3o","author":"ismaelcolosi.com.br","date":"20 de September de 2024","format":false,"excerpt":"Nesta sexta-feira (20), um acidente na rodovia Armando de Sales Oliveira, em Pitangueiras, na regi\u00e3o de Ribeir\u00e3o Preto, causou uma morte e deixou feridos, um deles em estado grave, segundo as informa\u00e7\u00f5es do Corpo de Bombeiros. De acordo com um dos motoristas envolvidos no acidente, um caminh\u00e3o que estaria em\u2026","rel":"","context":"In &quot;Not\u00edcias de Ribeir\u00e3o Preto-SP e Regi\u00e3o&quot;","block_context":{"text":"Not\u00edcias de Ribeir\u00e3o Preto-SP e Regi\u00e3o","link":"https:\/\/ismaelcolosi.com.br\/index.php\/category\/noticias-de-ribeirao-preto-sp-e-regiao-ismael-colosi\/"},"img":{"alt_text":"","src":"https:\/\/i0.wp.com\/ismaelcolosi.com.br\/wp-content\/uploads\/2024\/09\/Copia-de-Copia-de-Copia-de-TAMANHO-EXATO-PARA-FOTOS-NO-SISTEMA-NOVO-34_2024-09-20_17-46-19_png_2024-09-20_17-46-19.webp.webp?fit=1200%2C675&ssl=1&resize=350%2C200","width":350,"height":200,"srcset":"https:\/\/i0.wp.com\/ismaelcolosi.com.br\/wp-content\/uploads\/2024\/09\/Copia-de-Copia-de-Copia-de-TAMANHO-EXATO-PARA-FOTOS-NO-SISTEMA-NOVO-34_2024-09-20_17-46-19_png_2024-09-20_17-46-19.webp.webp?fit=1200%2C675&ssl=1&resize=350%2C200 1x, https:\/\/i0.wp.com\/ismaelcolosi.com.br\/wp-content\/uploads\/2024\/09\/Copia-de-Copia-de-Copia-de-TAMANHO-EXATO-PARA-FOTOS-NO-SISTEMA-NOVO-34_2024-09-20_17-46-19_png_2024-09-20_17-46-19.webp.webp?fit=1200%2C675&ssl=1&resize=525%2C300 1.5x, https:\/\/i0.wp.com\/ismaelcolosi.com.br\/wp-content\/uploads\/2024\/09\/Copia-de-Copia-de-Copia-de-TAMANHO-EXATO-PARA-FOTOS-NO-SISTEMA-NOVO-34_2024-09-20_17-46-19_png_2024-09-20_17-46-19.webp.webp?fit=1200%2C675&ssl=1&resize=700%2C400 2x, https:\/\/i0.wp.com\/ismaelcolosi.com.br\/wp-content\/uploads\/2024\/09\/Copia-de-Copia-de-Copia-de-TAMANHO-EXATO-PARA-FOTOS-NO-SISTEMA-NOVO-34_2024-09-20_17-46-19_png_2024-09-20_17-46-19.webp.webp?fit=1200%2C675&ssl=1&resize=1050%2C600 3x"},"classes":[]},{"id":24251,"url":"https:\/\/ismaelcolosi.com.br\/index.php\/2024\/01\/03\/mulher-morre-atropelada-apos-cair-de-moto-na-rodovia-anhanguera-em-ribeirao-preto\/","url_meta":{"origin":61088,"position":4},"title":"Mulher morre atropelada ap\u00f3s cair de moto na rodovia Anhanguera em Ribeir\u00e3o Preto","author":"ismaelcolosi.com.br","date":"3 de January de 2024","format":false,"excerpt":"Uma motociclista morreu ap\u00f3s se envolver em um acidente, no final da tarde desta quarta-feira (3), pr\u00f3ximo ao km 314 da rodovia Anhanguera (SP-330), em Ribeir\u00e3o Preto. De acordo com as primeiras informa\u00e7\u00f5es, uma mulher, de 38 anos, dirigia pela via quando por motivos a serem esclarecidos, acabou colidindo com\u2026","rel":"","context":"In &quot;Not\u00edcias de Ribeir\u00e3o Preto-SP e Regi\u00e3o&quot;","block_context":{"text":"Not\u00edcias de Ribeir\u00e3o Preto-SP e Regi\u00e3o","link":"https:\/\/ismaelcolosi.com.br\/index.php\/category\/noticias-de-ribeirao-preto-sp-e-regiao-ismael-colosi\/"},"img":{"alt_text":"","src":"https:\/\/i0.wp.com\/ismaelcolosi.com.br\/wp-content\/uploads\/2024\/01\/WhatsApp-Image-2024-01-03-at-20.59.36.jpeg?fit=1200%2C900&ssl=1&resize=350%2C200","width":350,"height":200,"srcset":"https:\/\/i0.wp.com\/ismaelcolosi.com.br\/wp-content\/uploads\/2024\/01\/WhatsApp-Image-2024-01-03-at-20.59.36.jpeg?fit=1200%2C900&ssl=1&resize=350%2C200 1x, https:\/\/i0.wp.com\/ismaelcolosi.com.br\/wp-content\/uploads\/2024\/01\/WhatsApp-Image-2024-01-03-at-20.59.36.jpeg?fit=1200%2C900&ssl=1&resize=525%2C300 1.5x, https:\/\/i0.wp.com\/ismaelcolosi.com.br\/wp-content\/uploads\/2024\/01\/WhatsApp-Image-2024-01-03-at-20.59.36.jpeg?fit=1200%2C900&ssl=1&resize=700%2C400 2x, https:\/\/i0.wp.com\/ismaelcolosi.com.br\/wp-content\/uploads\/2024\/01\/WhatsApp-Image-2024-01-03-at-20.59.36.jpeg?fit=1200%2C900&ssl=1&resize=1050%2C600 3x"},"classes":[]},{"id":58080,"url":"https:\/\/ismaelcolosi.com.br\/index.php\/2024\/07\/26\/motorista-morre-depois-de-bater-em-traseira-de-caminhao-em-rodovia-da-regiao-de-ribeirao\/","url_meta":{"origin":61088,"position":5},"title":"Motorista morre depois de bater em traseira de caminh\u00e3o em rodovia da regi\u00e3o de Ribeir\u00e3o","author":"ismaelcolosi.com.br","date":"26 de July de 2024","format":false,"excerpt":"Um motorista morreu, ap\u00f3s bater o carro na traseira de um caminh\u00e3o, no quil\u00f4metro 267 da rodovia Anhanguera (SP-330) em S\u00e3o Sim\u00e3o. A batida foi na tarde desta sexta-feira (26). De acordo com a Arteris\/ViaPaulista, uma mulher de 24 anos foi socorrida em estado grave e duas crian\u00e7as, de cinco\u2026","rel":"","context":"In &quot;Not\u00edcias de Ribeir\u00e3o Preto-SP e Regi\u00e3o&quot;","block_context":{"text":"Not\u00edcias de Ribeir\u00e3o Preto-SP e Regi\u00e3o","link":"https:\/\/ismaelcolosi.com.br\/index.php\/category\/noticias-de-ribeirao-preto-sp-e-regiao-ismael-colosi\/"},"img":{"alt_text":"","src":"https:\/\/i0.wp.com\/ismaelcolosi.com.br\/wp-content\/uploads\/2024\/07\/Copia-de-Copia-de-TAMANHO-EXATO-PARA-FOTOS-NO-SISTEMA-NOVO-2_2024-07-26_21-32-36_png_2024-07-26_21-32-36.webp.webp?fit=1200%2C675&ssl=1&resize=350%2C200","width":350,"height":200,"srcset":"https:\/\/i0.wp.com\/ismaelcolosi.com.br\/wp-content\/uploads\/2024\/07\/Copia-de-Copia-de-TAMANHO-EXATO-PARA-FOTOS-NO-SISTEMA-NOVO-2_2024-07-26_21-32-36_png_2024-07-26_21-32-36.webp.webp?fit=1200%2C675&ssl=1&resize=350%2C200 1x, https:\/\/i0.wp.com\/ismaelcolosi.com.br\/wp-content\/uploads\/2024\/07\/Copia-de-Copia-de-TAMANHO-EXATO-PARA-FOTOS-NO-SISTEMA-NOVO-2_2024-07-26_21-32-36_png_2024-07-26_21-32-36.webp.webp?fit=1200%2C675&ssl=1&resize=525%2C300 1.5x, https:\/\/i0.wp.com\/ismaelcolosi.com.br\/wp-content\/uploads\/2024\/07\/Copia-de-Copia-de-TAMANHO-EXATO-PARA-FOTOS-NO-SISTEMA-NOVO-2_2024-07-26_21-32-36_png_2024-07-26_21-32-36.webp.webp?fit=1200%2C675&ssl=1&resize=700%2C400 2x, https:\/\/i0.wp.com\/ismaelcolosi.com.br\/wp-content\/uploads\/2024\/07\/Copia-de-Copia-de-TAMANHO-EXATO-PARA-FOTOS-NO-SISTEMA-NOVO-2_2024-07-26_21-32-36_png_2024-07-26_21-32-36.webp.webp?fit=1200%2C675&ssl=1&resize=1050%2C600 3x"},"classes":[]}],"jetpack_sharing_enabled":true,"jetpack_shortlink":"https:\/\/wp.me\/pfMlyK-fTi","_links":{"self":[{"href":"https:\/\/ismaelcolosi.com.br\/index.php\/wp-json\/wp\/v2\/posts\/61088","targetHints":{"allow":["GET"]}}],"collection":[{"href":"https:\/\/ismaelcolosi.com.br\/index.php\/wp-json\/wp\/v2\/posts"}],"about":[{"href":"https:\/\/ismaelcolosi.com.br\/index.php\/wp-json\/wp\/v2\/types\/post"}],"author":[{"embeddable":true,"href":"https:\/\/ismaelcolosi.com.br\/index.php\/wp-json\/wp\/v2\/users\/1"}],"replies":[{"embeddable":true,"href":"https:\/\/ismaelcolosi.com.br\/index.php\/wp-json\/wp\/v2\/comments?post=61088"}],"version-history":[{"count":0,"href":"https:\/\/ismaelcolosi.com.br\/index.php\/wp-json\/wp\/v2\/posts\/61088\/revisions"}],"wp:featuredmedia":[{"embeddable":true,"href":"https:\/\/ismaelcolosi.com.br\/index.php\/wp-json\/wp\/v2\/media\/61089"}],"wp:attachment":[{"href":"https:\/\/ismaelcolosi.com.br\/index.php\/wp-json\/wp\/v2\/media?parent=61088"}],"wp:term":[{"taxonomy":"category","embeddable":true,"href":"https:\/\/ismaelcolosi.com.br\/index.php\/wp-json\/wp\/v2\/categories?post=61088"},{"taxonomy":"post_tag","embeddable":true,"href":"https:\/\/ismaelcolosi.com.br\/index.php\/wp-json\/wp\/v2\/tags?post=61088"}],"curies":[{"name":"wp","href":"https:\/\/api.w.org\/{rel}","templated":true}]}}