{"id":61083,"date":"2024-08-20T08:44:25","date_gmt":"2024-08-20T11:44:25","guid":{"rendered":"https:\/\/ismaelcolosi.com.br\/index.php\/2024\/08\/20\/fenasucro-tem-recorde-de-publico-e-alcanca-r-107-bilhoes-em-volume-de-negocios\/"},"modified":"2024-08-20T08:44:25","modified_gmt":"2024-08-20T11:44:25","slug":"fenasucro-tem-recorde-de-publico-e-alcanca-r-107-bilhoes-em-volume-de-negocios","status":"publish","type":"post","link":"https:\/\/ismaelcolosi.com.br\/index.php\/2024\/08\/20\/fenasucro-tem-recorde-de-publico-e-alcanca-r-107-bilhoes-em-volume-de-negocios\/","title":{"rendered":"Fenasucro tem recorde de p\u00fablico e alcan\u00e7a R$ 10,7 bilh\u00f5es em volume de neg\u00f3cios"},"content":{"rendered":"<p> <br \/>\n<\/p>\n<div>\n<p>A<strong> Fenasucro &amp; Agrocana<\/strong>, que aconteceu entre os dias 13 e 16 de agosto, em <strong>Sert\u00e3ozinho<\/strong>, cidade na regi\u00e3o de <strong>Ribeir\u00e3o Preto<\/strong>, confirmou o <strong>cen\u00e1rio otimista da bioenergia<\/strong> e seu papel como <strong>refer\u00eancia mundial na promo\u00e7\u00e3o do setor<\/strong>.<\/p>\n<p>Durante os quatro dias, o evento alcan\u00e7ou <strong>R$ 10,7 bilh\u00f5es em neg\u00f3cios iniciados<\/strong>, superando em cerca de 30% a edi\u00e7\u00e3o de 2023. O levantamento foi realizado pelo <strong>CEISE Br<\/strong> junto aos expositores.<\/p>\n<p>A maior feira mundial de bioenergia ainda teve <strong>recorde de p\u00fablico<\/strong>. <mark style=\"background-color:#fcb900\" class=\"has-inline-color\">Foi registrado <strong>aumento de 6% em rela\u00e7\u00e3o ao ano passado<\/strong>, com destaque para a alta na qualifica\u00e7\u00e3o, com 67% deles indicando poder de decis\u00e3o de compra.<\/mark><\/p>\n<figure class=\"wp-block-pullquote\">\n<blockquote>\n<p>Os 30 anos da Fenasucro &amp; Agrocana foram realmente hist\u00f3ricos, j\u00e1 que batemos recordes na gera\u00e7\u00e3o de neg\u00f3cios e na qualifica\u00e7\u00e3o do p\u00fablico presente. Recebemos mais de 60 pa\u00edses e representantes de todos os estados brasileiros, que vieram conhecer nossas inova\u00e7\u00f5es, tecnologias e produtos, que fazem do Brasil o precursor da transi\u00e7\u00e3o energ\u00e9tica global<\/p>\n<p><cite> afirmou o diretor da feira, Paulo Montabone<\/cite><\/p><\/blockquote>\n<\/figure>\n<p>Ainda de acordo com a organiza\u00e7\u00e3o da feira, o evento atraiu um <strong>p\u00fablico qualificado<\/strong> e <strong>interessado em novas oportunidades de crescimento e inova\u00e7\u00e3o<\/strong>, motivado pelo bom momento do setor.<\/p>\n<h3 class=\"wp-block-heading\"><strong>Personalidades<\/strong><\/h3>\n<p>O<strong> governador de S\u00e3o Paulo<\/strong>, <strong>Tarc\u00edsio de Freitas<\/strong>, participou da abertura da <strong>Fenasucro<\/strong>. Na ocasi\u00e3o, ele afirmou que <strong>\u201cS\u00e3o Paulo tem tudo que o mercado precisa para a transi\u00e7\u00e3o energ\u00e9tica<\/strong>\u201d.<\/p>\n<p><mark style=\"background-color:#fcb900\" class=\"has-inline-color\">Al\u00e9m disso, <strong>Tarc\u00edsio <\/strong>tamb\u00e9m enfatizou a import\u00e2ncia de investir em tecnologias que n\u00e3o apenas impulsionem o setor, mas tamb\u00e9m <strong>contribuam para uma matriz energ\u00e9tica mais limpa e diversificada<\/strong>.<\/mark><\/p>\n<figure class=\"wp-block-pullquote\">\n<blockquote>\n<p>A solu\u00e7\u00e3o est\u00e1 aqui. As respostas que o mundo precisa para o processo de descarboniza\u00e7\u00e3o est\u00e3o em nosso estado. Temos um agro poderoso. Precisamos avan\u00e7ar com a produ\u00e7\u00e3o de biog\u00e1s, SAF (Combust\u00edvel Sustent\u00e1vel de Avia\u00e7\u00e3o), hidrog\u00eanio verde, h\u00edbrido flex, al\u00e9m de deixar de queimar diesel e usar biometano. A ind\u00fastria automobil\u00edstica deve caminhar na dire\u00e7\u00e3o dessa voca\u00e7\u00e3o<\/p>\n<p><cite>Tarc\u00edsio de Freitas<\/cite><\/p><\/blockquote>\n<\/figure>\n<p><strong>Carlos Ubiratan Garms<\/strong>, presidente de honra da 30\u00aa edi\u00e7\u00e3o, afirmou que a feira foi realizada em um momento <strong>\u00fanico na hist\u00f3ria<\/strong>, pois o setor \u00e9 parte da solu\u00e7\u00e3o de um dos maiores desafios globais que \u00e9 a <strong>descarboniza\u00e7\u00e3o<\/strong>.<\/p>\n<h4 class=\"wp-block-heading\"><strong>31\u00aa edi\u00e7\u00e3o da Fenasucro<\/strong><\/h4>\n<p>A <strong>31\u00aa edi\u00e7\u00e3o da Fenasucro &amp; Agrocana<\/strong> ser\u00e1 realizada entre os dias <strong>12 e 15 de agosto de 2025<\/strong>, no Centro de Eventos Zanini, em <strong>Sert\u00e3ozinho<\/strong>.<\/p>\n<p>Vale ressaltar que o evento, que tem apoio oficial exclusivo do CEISE Br e organiza\u00e7\u00e3o e promo\u00e7\u00e3o da RX Brasil, \u00e9 o \u00fanico do mundo exclusivamente voltado \u00e0 toda cadeia de produ\u00e7\u00e3o bioenerg\u00e9tica.<\/p>\n<hr class=\"wp-block-separator has-alpha-channel-opacity\"\/>\n<p>SAIBA MAIS<\/p>\n<p>STJ abre concurso p\u00fablico com sal\u00e1rios de R$ 12 mil; Veja como participar<\/p>\n<h4 class=\"wp-block-heading\"><strong>FIQUE ON<\/strong><\/h4>\n<p>Fique ligado em tudo que acontece em Ribeir\u00e3o Preto e regi\u00e3o. Siga os perfis do\u00a0<strong>acidade on<\/strong>\u00a0no\u00a0<a href=\"https:\/\/www.instagram.com\/acidadeonribeirao\" target=\"_blank\" rel=\"noreferrer noopener\">Instagram<\/a>\u00a0e no\u00a0<a href=\"https:\/\/www.facebook.com\/acidadeonribeirao\/\" target=\"_blank\" rel=\"noreferrer noopener\">Facebook<\/a>.<\/p>\n<p>Receba not\u00edcias do\u00a0<strong>acidade on<\/strong>\u00a0no WhatsApp. Para entrar no grupo, basta\u00a0<a href=\"https:\/\/chat.whatsapp.com\/Dtv9mxhy6V5BJBotM2OQ5k\" target=\"_blank\" rel=\"noreferrer noopener\">clicar aqui<\/a>.<\/p>\n<p>Fa\u00e7a uma den\u00fancia ou sugira uma reportagem sobre Ribeir\u00e3o Preto e regi\u00e3o pelo WhatsApp: 16 99117 7802.<\/p>\n<p>VEJA TAMB\u00c9M<\/p>\n<p>Quem ficou com o SBT?<\/p>\n<p><!-- CONTENT END 1 -->\n<\/div>\n<p><script async src=\"\/\/www.instagram.com\/embed.js\"><\/script><br \/>\n<br \/><br \/>\n<br \/><a href=\"https:\/\/www.acidadeon.com\/ribeiraopreto\/economia\/fenasucro-tem-recorde-de-publico-e-alcanca-r-107-bilhoes-em-volume-de-negocios\/\">Source link <\/a><\/p>\n","protected":false},"excerpt":{"rendered":"<p>A Fenasucro &amp; Agrocana, que aconteceu entre os dias 13 e 16 de agosto, em Sert\u00e3ozinho, cidade na regi\u00e3o de Ribeir\u00e3o Preto, confirmou o cen\u00e1rio&#8230;<\/p>\n","protected":false},"author":1,"featured_media":61084,"comment_status":"open","ping_status":"open","sticky":false,"template":"","format":"standard","meta":{"_uag_custom_page_level_css":"","advanced_seo_description":"","jetpack_seo_html_title":"","jetpack_seo_noindex":false,"jetpack_post_was_ever_published":false,"_jetpack_newsletter_access":"","_jetpack_dont_email_post_to_subs":false,"_jetpack_newsletter_tier_id":0,"_jetpack_memberships_contains_paywalled_content":false,"_jetpack_memberships_contains_paid_content":false,"footnotes":"","jetpack_publicize_message":"","jetpack_publicize_feature_enabled":true,"jetpack_social_post_already_shared":true,"jetpack_social_options":{"image_generator_settings":{"template":"highway","default_image_id":0,"font":"","enabled":false},"version":2}},"categories":[11],"tags":[],"class_list":["post-61083","post","type-post","status-publish","format-standard","has-post-thumbnail","hentry","category-noticias-de-ribeirao-preto-sp-e-regiao-ismael-colosi"],"jetpack_publicize_connections":[],"jetpack_featured_media_url":"https:\/\/i0.wp.com\/ismaelcolosi.com.br\/wp-content\/uploads\/2024\/08\/WhatsApp-Image-2024-08-19-at-17.59.01_2024-08-19_22-28-44_jpeg_2024-08-19_22-28-44.webp.webp?fit=1600%2C1066&ssl=1","uagb_featured_image_src":{"full":["https:\/\/i0.wp.com\/ismaelcolosi.com.br\/wp-content\/uploads\/2024\/08\/WhatsApp-Image-2024-08-19-at-17.59.01_2024-08-19_22-28-44_jpeg_2024-08-19_22-28-44.webp.webp?fit=1600%2C1066&ssl=1",1600,1066,false],"thumbnail":["https:\/\/i0.wp.com\/ismaelcolosi.com.br\/wp-content\/uploads\/2024\/08\/WhatsApp-Image-2024-08-19-at-17.59.01_2024-08-19_22-28-44_jpeg_2024-08-19_22-28-44.webp.webp?resize=150%2C150&ssl=1",150,150,true],"medium":["https:\/\/i0.wp.com\/ismaelcolosi.com.br\/wp-content\/uploads\/2024\/08\/WhatsApp-Image-2024-08-19-at-17.59.01_2024-08-19_22-28-44_jpeg_2024-08-19_22-28-44.webp.webp?fit=300%2C200&ssl=1",300,200,true],"medium_large":["https:\/\/i0.wp.com\/ismaelcolosi.com.br\/wp-content\/uploads\/2024\/08\/WhatsApp-Image-2024-08-19-at-17.59.01_2024-08-19_22-28-44_jpeg_2024-08-19_22-28-44.webp.webp?fit=768%2C512&ssl=1",768,512,true],"large":["https:\/\/i0.wp.com\/ismaelcolosi.com.br\/wp-content\/uploads\/2024\/08\/WhatsApp-Image-2024-08-19-at-17.59.01_2024-08-19_22-28-44_jpeg_2024-08-19_22-28-44.webp.webp?fit=1024%2C682&ssl=1",1024,682,true],"1536x1536":["https:\/\/i0.wp.com\/ismaelcolosi.com.br\/wp-content\/uploads\/2024\/08\/WhatsApp-Image-2024-08-19-at-17.59.01_2024-08-19_22-28-44_jpeg_2024-08-19_22-28-44.webp.webp?fit=1536%2C1023&ssl=1",1536,1023,true],"2048x2048":["https:\/\/i0.wp.com\/ismaelcolosi.com.br\/wp-content\/uploads\/2024\/08\/WhatsApp-Image-2024-08-19-at-17.59.01_2024-08-19_22-28-44_jpeg_2024-08-19_22-28-44.webp.webp?fit=1600%2C1066&ssl=1",1600,1066,true],"really-simple-thumb":["https:\/\/i0.wp.com\/ismaelcolosi.com.br\/wp-content\/uploads\/2024\/08\/WhatsApp-Image-2024-08-19-at-17.59.01_2024-08-19_22-28-44_jpeg_2024-08-19_22-28-44.webp.webp?resize=370%2C247&ssl=1",370,247,true]},"uagb_author_info":{"display_name":"ismaelcolosi.com.br","author_link":"https:\/\/ismaelcolosi.com.br\/index.php\/author\/vidareal-online\/"},"uagb_comment_info":0,"uagb_excerpt":"A Fenasucro &amp; Agrocana, que aconteceu entre os dias 13 e 16 de agosto, em Sert\u00e3ozinho, cidade na regi\u00e3o de Ribeir\u00e3o Preto, confirmou o cen\u00e1rio...","jetpack-related-posts":[{"id":59844,"url":"https:\/\/ismaelcolosi.com.br\/index.php\/2024\/08\/12\/bioenergia-fenasucro-comeca-nesta-terca-feira-em-sertaozinho\/","url_meta":{"origin":61083,"position":0},"title":"Bioenergia: Fenasucro come\u00e7a nesta ter\u00e7a-feira em Sert\u00e3ozinho","author":"ismaelcolosi.com.br","date":"12 de August de 2024","format":false,"excerpt":"Com discuss\u00f5es sobre transi\u00e7\u00e3o energ\u00e9tica, mobilidade de baixo carbono, pol\u00edticas sustent\u00e1veis e tend\u00eancias do setor bioenerg\u00e9tico, come\u00e7a nesta ter\u00e7a-feira (13), a 30\u00aa Fenasucro & Agrocana, em Sert\u00e3ozinho, na regi\u00e3o de Ribeir\u00e3o Preto. A Feira Mundial da Bioenergia acontece entre os dias 13 e 16 de agosto, no Centro de Eventos\u2026","rel":"","context":"In &quot;Not\u00edcias de Ribeir\u00e3o Preto-SP e Regi\u00e3o&quot;","block_context":{"text":"Not\u00edcias de Ribeir\u00e3o Preto-SP e Regi\u00e3o","link":"https:\/\/ismaelcolosi.com.br\/index.php\/category\/noticias-de-ribeirao-preto-sp-e-regiao-ismael-colosi\/"},"img":{"alt_text":"","src":"https:\/\/i0.wp.com\/ismaelcolosi.com.br\/wp-content\/uploads\/2024\/08\/WhatsApp-Image-2024-08-12-at-15.38.03_2024-08-12_20-50-35_jpeg_2024-08-12_20-50-35.webp.webp?fit=800%2C533&ssl=1&resize=350%2C200","width":350,"height":200,"srcset":"https:\/\/i0.wp.com\/ismaelcolosi.com.br\/wp-content\/uploads\/2024\/08\/WhatsApp-Image-2024-08-12-at-15.38.03_2024-08-12_20-50-35_jpeg_2024-08-12_20-50-35.webp.webp?fit=800%2C533&ssl=1&resize=350%2C200 1x, https:\/\/i0.wp.com\/ismaelcolosi.com.br\/wp-content\/uploads\/2024\/08\/WhatsApp-Image-2024-08-12-at-15.38.03_2024-08-12_20-50-35_jpeg_2024-08-12_20-50-35.webp.webp?fit=800%2C533&ssl=1&resize=525%2C300 1.5x, https:\/\/i0.wp.com\/ismaelcolosi.com.br\/wp-content\/uploads\/2024\/08\/WhatsApp-Image-2024-08-12-at-15.38.03_2024-08-12_20-50-35_jpeg_2024-08-12_20-50-35.webp.webp?fit=800%2C533&ssl=1&resize=700%2C400 2x"},"classes":[]},{"id":60011,"url":"https:\/\/ismaelcolosi.com.br\/index.php\/2024\/08\/13\/tarcisio-visita-a-fenasucro-e-diz-que-sp-tem-tudo-que-o-mercado-precisa-para-a-transicao-energetica\/","url_meta":{"origin":61083,"position":1},"title":"Tarc\u00edsio visita a Fenasucro e diz que &#8216;SP tem tudo que o mercado precisa para a transi\u00e7\u00e3o energ\u00e9tica&#8217;","author":"ismaelcolosi.com.br","date":"13 de August de 2024","format":false,"excerpt":"O governador de S\u00e3o Paulo, Tarc\u00edsio de Freitas (REP), participou da abertura da Fenasucro & Agrocana em Sert\u00e3ozinho, cidade na regi\u00e3o de Ribeir\u00e3o Preto, nesta ter\u00e7a-feira (13), e afirmou que o Brasil tem chances de liderar o processo de transi\u00e7\u00e3o energ\u00e9tica. \u00a0N\u00f3s temos todos os caminhos, todas as portas abertas,\u2026","rel":"","context":"In &quot;Not\u00edcias de Ribeir\u00e3o Preto-SP e Regi\u00e3o&quot;","block_context":{"text":"Not\u00edcias de Ribeir\u00e3o Preto-SP e Regi\u00e3o","link":"https:\/\/ismaelcolosi.com.br\/index.php\/category\/noticias-de-ribeirao-preto-sp-e-regiao-ismael-colosi\/"},"img":{"alt_text":"","src":"https:\/\/i0.wp.com\/ismaelcolosi.com.br\/wp-content\/uploads\/2024\/08\/53921457048_470faff5e4_o_2024-08-13_23-38-29_jpg_2024-08-13_23-38-32-scaled.webp.webp?fit=1200%2C852&ssl=1&resize=350%2C200","width":350,"height":200,"srcset":"https:\/\/i0.wp.com\/ismaelcolosi.com.br\/wp-content\/uploads\/2024\/08\/53921457048_470faff5e4_o_2024-08-13_23-38-29_jpg_2024-08-13_23-38-32-scaled.webp.webp?fit=1200%2C852&ssl=1&resize=350%2C200 1x, https:\/\/i0.wp.com\/ismaelcolosi.com.br\/wp-content\/uploads\/2024\/08\/53921457048_470faff5e4_o_2024-08-13_23-38-29_jpg_2024-08-13_23-38-32-scaled.webp.webp?fit=1200%2C852&ssl=1&resize=525%2C300 1.5x, https:\/\/i0.wp.com\/ismaelcolosi.com.br\/wp-content\/uploads\/2024\/08\/53921457048_470faff5e4_o_2024-08-13_23-38-29_jpg_2024-08-13_23-38-32-scaled.webp.webp?fit=1200%2C852&ssl=1&resize=700%2C400 2x, https:\/\/i0.wp.com\/ismaelcolosi.com.br\/wp-content\/uploads\/2024\/08\/53921457048_470faff5e4_o_2024-08-13_23-38-29_jpg_2024-08-13_23-38-32-scaled.webp.webp?fit=1200%2C852&ssl=1&resize=1050%2C600 3x"},"classes":[]},{"id":61360,"url":"https:\/\/ismaelcolosi.com.br\/index.php\/2024\/08\/21\/feira-de-adocao-acontece-neste-fim-de-semana-na-zona-norte-de-ribeirao-preto\/","url_meta":{"origin":61083,"position":2},"title":"Feira de ado\u00e7\u00e3o acontece neste fim de semana na zona Norte de Ribeir\u00e3o Preto","author":"ismaelcolosi.com.br","date":"21 de August de 2024","format":false,"excerpt":"Neste s\u00e1bado (24), a Divis\u00e3o de Bem \u2013 Estar Animal ir\u00e1 realizar uma feira de ado\u00e7\u00e3o em Ribeir\u00e3o Preto, com 150 c\u00e3es adultos dispon\u00edveis para serem adotados. Todos os pets est\u00e3o vacinados, vermifugados e microchipados. O evento acontece na avenida Eduardo Andrea Matarazzo, 4255, onde fica a Sede da Divis\u00e3o\u2026","rel":"","context":"In &quot;Not\u00edcias de Ribeir\u00e3o Preto-SP e Regi\u00e3o&quot;","block_context":{"text":"Not\u00edcias de Ribeir\u00e3o Preto-SP e Regi\u00e3o","link":"https:\/\/ismaelcolosi.com.br\/index.php\/category\/noticias-de-ribeirao-preto-sp-e-regiao-ismael-colosi\/"},"img":{"alt_text":"","src":"https:\/\/i0.wp.com\/ismaelcolosi.com.br\/wp-content\/uploads\/2024\/05\/AnyConv.com__cao-parque_2024-05-17_14-01-46.webp.webp?fit=1195%2C856&ssl=1&resize=350%2C200","width":350,"height":200,"srcset":"https:\/\/i0.wp.com\/ismaelcolosi.com.br\/wp-content\/uploads\/2024\/05\/AnyConv.com__cao-parque_2024-05-17_14-01-46.webp.webp?fit=1195%2C856&ssl=1&resize=350%2C200 1x, https:\/\/i0.wp.com\/ismaelcolosi.com.br\/wp-content\/uploads\/2024\/05\/AnyConv.com__cao-parque_2024-05-17_14-01-46.webp.webp?fit=1195%2C856&ssl=1&resize=525%2C300 1.5x, https:\/\/i0.wp.com\/ismaelcolosi.com.br\/wp-content\/uploads\/2024\/05\/AnyConv.com__cao-parque_2024-05-17_14-01-46.webp.webp?fit=1195%2C856&ssl=1&resize=700%2C400 2x, https:\/\/i0.wp.com\/ismaelcolosi.com.br\/wp-content\/uploads\/2024\/05\/AnyConv.com__cao-parque_2024-05-17_14-01-46.webp.webp?fit=1195%2C856&ssl=1&resize=1050%2C600 3x"},"classes":[]},{"id":61370,"url":"https:\/\/ismaelcolosi.com.br\/index.php\/2024\/08\/21\/feira-de-adocao-acontece-neste-fim-de-semana-na-zona-norte-de-ribeirao-preto-2\/","url_meta":{"origin":61083,"position":3},"title":"Feira de ado\u00e7\u00e3o acontece neste fim de semana na zona Norte de Ribeir\u00e3o Preto","author":"ismaelcolosi.com.br","date":"21 de August de 2024","format":false,"excerpt":"Neste s\u00e1bado (24), a Divis\u00e3o de Bem \u2013 Estar Animal ir\u00e1 realizar uma feira de ado\u00e7\u00e3o em Ribeir\u00e3o Preto, com 150 c\u00e3es adultos dispon\u00edveis para serem adotados. Todos os pets est\u00e3o vacinados, vermifugados e microchipados. O evento acontece na avenida Eduardo Andrea Matarazzo, 4255, onde fica a Sede da Divis\u00e3o\u2026","rel":"","context":"In &quot;Not\u00edcias de Ribeir\u00e3o Preto-SP e Regi\u00e3o&quot;","block_context":{"text":"Not\u00edcias de Ribeir\u00e3o Preto-SP e Regi\u00e3o","link":"https:\/\/ismaelcolosi.com.br\/index.php\/category\/noticias-de-ribeirao-preto-sp-e-regiao-ismael-colosi\/"},"img":{"alt_text":"","src":"https:\/\/i0.wp.com\/ismaelcolosi.com.br\/wp-content\/uploads\/2024\/05\/AnyConv.com__cao-parque_2024-05-17_14-01-46.webp.webp?fit=1195%2C856&ssl=1&resize=350%2C200","width":350,"height":200,"srcset":"https:\/\/i0.wp.com\/ismaelcolosi.com.br\/wp-content\/uploads\/2024\/05\/AnyConv.com__cao-parque_2024-05-17_14-01-46.webp.webp?fit=1195%2C856&ssl=1&resize=350%2C200 1x, https:\/\/i0.wp.com\/ismaelcolosi.com.br\/wp-content\/uploads\/2024\/05\/AnyConv.com__cao-parque_2024-05-17_14-01-46.webp.webp?fit=1195%2C856&ssl=1&resize=525%2C300 1.5x, https:\/\/i0.wp.com\/ismaelcolosi.com.br\/wp-content\/uploads\/2024\/05\/AnyConv.com__cao-parque_2024-05-17_14-01-46.webp.webp?fit=1195%2C856&ssl=1&resize=700%2C400 2x, https:\/\/i0.wp.com\/ismaelcolosi.com.br\/wp-content\/uploads\/2024\/05\/AnyConv.com__cao-parque_2024-05-17_14-01-46.webp.webp?fit=1195%2C856&ssl=1&resize=1050%2C600 3x"},"classes":[]},{"id":60497,"url":"https:\/\/ismaelcolosi.com.br\/index.php\/2024\/08\/16\/conheca-o-novo-combustivel-sustentavel-discutido-na-fenasucro-em-sertaozinho\/","url_meta":{"origin":61083,"position":4},"title":"Conhe\u00e7a o novo combust\u00edvel sustent\u00e1vel discutido na Fenasucro, em Sert\u00e3ozinho","author":"ismaelcolosi.com.br","date":"16 de August de 2024","format":false,"excerpt":"O SAF (Combust\u00edvel Sustent\u00e1vel de Avia\u00e7\u00e3o, em portugu\u00eas), um combust\u00edvel feito com fontes renov\u00e1veis equivalente a fun\u00e7\u00e3o do querosene, para avia\u00e7\u00e3o convencional, foi um dos temas de um painel na Fenasucro, que acontece em Sert\u00e3ozinho, na regi\u00e3o de Ribeir\u00e3o Preto, at\u00e9 essa sexta-feira (16). O SAF pode ser produzido a\u2026","rel":"","context":"In &quot;Not\u00edcias de Ribeir\u00e3o Preto-SP e Regi\u00e3o&quot;","block_context":{"text":"Not\u00edcias de Ribeir\u00e3o Preto-SP e Regi\u00e3o","link":"https:\/\/ismaelcolosi.com.br\/index.php\/category\/noticias-de-ribeirao-preto-sp-e-regiao-ismael-colosi\/"},"img":{"alt_text":"","src":"https:\/\/i0.wp.com\/ismaelcolosi.com.br\/wp-content\/uploads\/2024\/08\/fenasucro-sertaozinho_2024-08-16_12-41-43_jpg_2024-08-16_12-41-44.webp.webp?fit=1200%2C799&ssl=1&resize=350%2C200","width":350,"height":200,"srcset":"https:\/\/i0.wp.com\/ismaelcolosi.com.br\/wp-content\/uploads\/2024\/08\/fenasucro-sertaozinho_2024-08-16_12-41-43_jpg_2024-08-16_12-41-44.webp.webp?fit=1200%2C799&ssl=1&resize=350%2C200 1x, https:\/\/i0.wp.com\/ismaelcolosi.com.br\/wp-content\/uploads\/2024\/08\/fenasucro-sertaozinho_2024-08-16_12-41-43_jpg_2024-08-16_12-41-44.webp.webp?fit=1200%2C799&ssl=1&resize=525%2C300 1.5x, https:\/\/i0.wp.com\/ismaelcolosi.com.br\/wp-content\/uploads\/2024\/08\/fenasucro-sertaozinho_2024-08-16_12-41-43_jpg_2024-08-16_12-41-44.webp.webp?fit=1200%2C799&ssl=1&resize=700%2C400 2x, https:\/\/i0.wp.com\/ismaelcolosi.com.br\/wp-content\/uploads\/2024\/08\/fenasucro-sertaozinho_2024-08-16_12-41-43_jpg_2024-08-16_12-41-44.webp.webp?fit=1200%2C799&ssl=1&resize=1050%2C600 3x"},"classes":[]},{"id":48542,"url":"https:\/\/ismaelcolosi.com.br\/index.php\/2024\/05\/03\/agrishow-afirma-que-alcancou-r-136-bilhoes-em-negocios-em-2024\/","url_meta":{"origin":61083,"position":5},"title":"Agrishow afirma que alcan\u00e7ou R$ 13,6 bilh\u00f5es em neg\u00f3cios em 2024","author":"ismaelcolosi.com.br","date":"3 de May de 2024","format":false,"excerpt":"A organiza\u00e7\u00e3o da Agrishow anunciou que alcan\u00e7ou R$ 13,608 bilh\u00f5es em inten\u00e7\u00f5es de neg\u00f3cios para o setor de m\u00e1quinas e implementos agr\u00edcolas em 2024. A feira termina nesta sexta-feira (3), em Ribeir\u00e3o Preto, e contou com crescimento de 2,4%, em rela\u00e7\u00e3o ao ano passado. O n\u00famero foi divulgado em comunicado\u2026","rel":"","context":"In &quot;Not\u00edcias de Ribeir\u00e3o Preto-SP e Regi\u00e3o&quot;","block_context":{"text":"Not\u00edcias de Ribeir\u00e3o Preto-SP e Regi\u00e3o","link":"https:\/\/ismaelcolosi.com.br\/index.php\/category\/noticias-de-ribeirao-preto-sp-e-regiao-ismael-colosi\/"},"img":{"alt_text":"","src":"https:\/\/i0.wp.com\/ismaelcolosi.com.br\/wp-content\/uploads\/2024\/05\/Copia-de-Copia-de-TAMANHO-EXATO-PARA-FOTOS-NO-SISTEMA-NOVO-13.jpg?fit=1200%2C675&ssl=1&resize=350%2C200","width":350,"height":200,"srcset":"https:\/\/i0.wp.com\/ismaelcolosi.com.br\/wp-content\/uploads\/2024\/05\/Copia-de-Copia-de-TAMANHO-EXATO-PARA-FOTOS-NO-SISTEMA-NOVO-13.jpg?fit=1200%2C675&ssl=1&resize=350%2C200 1x, https:\/\/i0.wp.com\/ismaelcolosi.com.br\/wp-content\/uploads\/2024\/05\/Copia-de-Copia-de-TAMANHO-EXATO-PARA-FOTOS-NO-SISTEMA-NOVO-13.jpg?fit=1200%2C675&ssl=1&resize=525%2C300 1.5x, https:\/\/i0.wp.com\/ismaelcolosi.com.br\/wp-content\/uploads\/2024\/05\/Copia-de-Copia-de-TAMANHO-EXATO-PARA-FOTOS-NO-SISTEMA-NOVO-13.jpg?fit=1200%2C675&ssl=1&resize=700%2C400 2x, https:\/\/i0.wp.com\/ismaelcolosi.com.br\/wp-content\/uploads\/2024\/05\/Copia-de-Copia-de-TAMANHO-EXATO-PARA-FOTOS-NO-SISTEMA-NOVO-13.jpg?fit=1200%2C675&ssl=1&resize=1050%2C600 3x"},"classes":[]}],"jetpack_sharing_enabled":true,"jetpack_shortlink":"https:\/\/wp.me\/pfMlyK-fTd","_links":{"self":[{"href":"https:\/\/ismaelcolosi.com.br\/index.php\/wp-json\/wp\/v2\/posts\/61083","targetHints":{"allow":["GET"]}}],"collection":[{"href":"https:\/\/ismaelcolosi.com.br\/index.php\/wp-json\/wp\/v2\/posts"}],"about":[{"href":"https:\/\/ismaelcolosi.com.br\/index.php\/wp-json\/wp\/v2\/types\/post"}],"author":[{"embeddable":true,"href":"https:\/\/ismaelcolosi.com.br\/index.php\/wp-json\/wp\/v2\/users\/1"}],"replies":[{"embeddable":true,"href":"https:\/\/ismaelcolosi.com.br\/index.php\/wp-json\/wp\/v2\/comments?post=61083"}],"version-history":[{"count":0,"href":"https:\/\/ismaelcolosi.com.br\/index.php\/wp-json\/wp\/v2\/posts\/61083\/revisions"}],"wp:featuredmedia":[{"embeddable":true,"href":"https:\/\/ismaelcolosi.com.br\/index.php\/wp-json\/wp\/v2\/media\/61084"}],"wp:attachment":[{"href":"https:\/\/ismaelcolosi.com.br\/index.php\/wp-json\/wp\/v2\/media?parent=61083"}],"wp:term":[{"taxonomy":"category","embeddable":true,"href":"https:\/\/ismaelcolosi.com.br\/index.php\/wp-json\/wp\/v2\/categories?post=61083"},{"taxonomy":"post_tag","embeddable":true,"href":"https:\/\/ismaelcolosi.com.br\/index.php\/wp-json\/wp\/v2\/tags?post=61083"}],"curies":[{"name":"wp","href":"https:\/\/api.w.org\/{rel}","templated":true}]}}