{"id":61078,"date":"2024-08-20T08:28:31","date_gmt":"2024-08-20T11:28:31","guid":{"rendered":"https:\/\/ismaelcolosi.com.br\/index.php\/2024\/08\/20\/onda-de-calor-ou-frente-fria-entenda-como-fica-a-situacao-no-interior-de-sp\/"},"modified":"2024-08-20T08:28:31","modified_gmt":"2024-08-20T11:28:31","slug":"onda-de-calor-ou-frente-fria-entenda-como-fica-a-situacao-no-interior-de-sp","status":"publish","type":"post","link":"https:\/\/ismaelcolosi.com.br\/index.php\/2024\/08\/20\/onda-de-calor-ou-frente-fria-entenda-como-fica-a-situacao-no-interior-de-sp\/","title":{"rendered":"Onda de calor ou frente fria? Entenda como fica a situa\u00e7\u00e3o no interior de SP"},"content":{"rendered":"<p> <br \/>\n<\/p>\n<div>\n<p>Todo o <strong>interior de S\u00e3o Paulo<\/strong> segue em alerta para<strong> onda de calor<\/strong>, que come\u00e7ou no \u00faltimo fim de semana, segundo o<a href=\"https:\/\/alertas2.inmet.gov.br\/48216\" target=\"_blank\" rel=\"noreferrer noopener nofollow\"><strong> Inmet (Instituto Nacional de Meteorologia)<\/strong>.<\/a> Contudo, os meteorologistas acenam para chegada de uma <strong>frente fria<\/strong> no pr\u00f3ximo fim de semana, que pode derrubar as temperaturas em algumas regi\u00f5es.<\/p>\n<p>A <strong><a href=\"https:\/\/www.climatempo.com.br\/noticia\/2024\/08\/19\/de-recordes-de-calor-a-nova-onda-de-frio-6067\" target=\"_blank\" rel=\"noreferrer noopener nofollow\">Climatempo<\/a><\/strong> informa que, a partir de quinta-feira (22), uma frente fria de caracter\u00edstica continental, associada a um ciclone extratropical no mar, vai avan\u00e7ar sobre o pa\u00eds, trazendo chuva e derrubando as temperaturas no centro-sul do Brasil.<\/p>\n<p>\u201cA massa de ar polar que acompanha essa frente fria n\u00e3o ser\u00e1 t\u00e3o intensa quanto a do in\u00edcio de agosto, mas ser\u00e1 suficiente para provocar uma queda significativa nas temperaturas, especialmente nas \u00e1reas mais ao sul\u201d, informam os meteorologistas.<\/p>\n<p><mark style=\"background-color:#fcb900\" class=\"has-inline-color has-black-color\">Regi\u00f5es ao sul do interior de S\u00e3o Paulo podem registrar temperaturas at\u00e9 5\u00b0C abaixo da m\u00e9dia. <\/mark>J\u00e1 nas regi\u00f5es centrais do interior paulistas, as temperaturas ficam entre 1\u00b0C e 2,5\u00b0C abaixo da m\u00e9dia e no norte do estado, como a regi\u00e3o de Ribeir\u00e3o Preto, deve registrar temperaturas dentro do esperado.<\/p>\n<p>\u201cEssa gangorra t\u00e9rmica \u00e9 um fen\u00f4meno comum nesta \u00e9poca do ano, mas sua intensidade em 2024 tem sido particularmente not\u00e1vel\u201d, completa.<\/p>\n<h4 class=\"wp-block-heading\"><strong>Previs\u00e3o do tempo<\/strong><\/h4>\n<p>A <strong><a href=\"https:\/\/www.climatempo.com.br\/previsao-do-tempo\/15-dias\/cidade\/530\/ribeiraopreto-sp\" target=\"_blank\" rel=\"noreferrer noopener nofollow\">Climatempo<\/a><\/strong> informa que Ribeir\u00e3o Preto ter\u00e1 m\u00ednima de 16\u00b0C e m\u00e1xima de 36\u00b0C nesta ter\u00e7a-feira (20). O dia deve ser de sol, sem nuvens no c\u00e9u. Previs\u00e3o parecida deve acontecer at\u00e9 a pr\u00f3xima sexta-feira (23), quando fica mais quente, e os term\u00f4metros devem ficar entre 19\u00b0C e 37\u00b0C.<\/p>\n<p>As temperaturas se mant\u00eam elevadas na regi\u00e3o por conta de um sistema pr\u00e9-frontal que manda uma massa de ar quente. N\u00e3o h\u00e1 previs\u00e3o de chuva para Ribeir\u00e3o Preto.<\/p>\n<p>SAIBA MAIS<br \/>T\u00fanel Jos\u00e9 Bonif\u00e1cio ser\u00e1 interditado em Ribeir\u00e3o Preto; Veja o motivo<\/p>\n<h4 class=\"wp-block-heading\"><strong>FIQUE ON<\/strong><\/h4>\n<p>Fique ligado em tudo que acontece em Ribeir\u00e3o Preto e regi\u00e3o. Siga os perfis do <strong>acidade on <\/strong>no <a href=\"https:\/\/www.instagram.com\/acidadeonribeirao\" target=\"_blank\" rel=\"noreferrer noopener nofollow\">Instagram<\/a> e no <a href=\"https:\/\/www.facebook.com\/acidadeonribeirao\/\" target=\"_blank\" rel=\"noreferrer noopener nofollow\">Facebook.<\/a><\/p>\n<p>Receba not\u00edcias do<strong> acidade on <\/strong>no WhatsApp. <a href=\"https:\/\/chat.whatsapp.com\/Dtv9mxhy6V5BJBotM2OQ5k\" target=\"_blank\" rel=\"noreferrer noopener nofollow\">Para entrar no grupo, basta clicar aqui.<\/a><\/p>\n<p>Fa\u00e7a uma den\u00fancia ou sugira uma reportagem sobre Ribeir\u00e3o Preto e regi\u00e3o pelo WhatsApp: 16 99117 7802.<\/p>\n<p>VEJA TAMB\u00c9M<br \/>P\u00e3o de queijo recheado da Ana Maria Braga; veja receita<\/p>\n<p><!-- CONTENT END 1 -->\n<\/div>\n<p><script async src=\"\/\/www.instagram.com\/embed.js\"><\/script><br \/>\n<br \/><br \/>\n<br \/><a href=\"https:\/\/www.acidadeon.com\/ribeiraopreto\/cotidiano\/onda-de-calor-ou-frente-fria-entenda-como-fica-a-situacao-no-interior-de-sp\/\">Source link <\/a><\/p>\n","protected":false},"excerpt":{"rendered":"<p>Todo o interior de S\u00e3o Paulo segue em alerta para onda de calor, que come\u00e7ou no \u00faltimo fim de semana, segundo o Inmet (Instituto Nacional&#8230;<\/p>\n","protected":false},"author":1,"featured_media":61079,"comment_status":"open","ping_status":"open","sticky":false,"template":"","format":"standard","meta":{"_uag_custom_page_level_css":"","advanced_seo_description":"","jetpack_seo_html_title":"","jetpack_seo_noindex":false,"jetpack_post_was_ever_published":false,"_jetpack_newsletter_access":"","_jetpack_dont_email_post_to_subs":false,"_jetpack_newsletter_tier_id":0,"_jetpack_memberships_contains_paywalled_content":false,"_jetpack_memberships_contains_paid_content":false,"footnotes":"","jetpack_publicize_message":"","jetpack_publicize_feature_enabled":true,"jetpack_social_post_already_shared":true,"jetpack_social_options":{"image_generator_settings":{"template":"highway","default_image_id":0,"font":"","enabled":false},"version":2}},"categories":[11],"tags":[],"class_list":["post-61078","post","type-post","status-publish","format-standard","has-post-thumbnail","hentry","category-noticias-de-ribeirao-preto-sp-e-regiao-ismael-colosi"],"jetpack_publicize_connections":[],"jetpack_featured_media_url":"https:\/\/i0.wp.com\/ismaelcolosi.com.br\/wp-content\/uploads\/2024\/08\/onda-de-calor-frente-fria_2024-08-20_10-46-52_jpeg_2024-08-20_10-46-52.webp.webp?fit=1280%2C719&ssl=1","uagb_featured_image_src":{"full":["https:\/\/i0.wp.com\/ismaelcolosi.com.br\/wp-content\/uploads\/2024\/08\/onda-de-calor-frente-fria_2024-08-20_10-46-52_jpeg_2024-08-20_10-46-52.webp.webp?fit=1280%2C719&ssl=1",1280,719,false],"thumbnail":["https:\/\/i0.wp.com\/ismaelcolosi.com.br\/wp-content\/uploads\/2024\/08\/onda-de-calor-frente-fria_2024-08-20_10-46-52_jpeg_2024-08-20_10-46-52.webp.webp?resize=150%2C150&ssl=1",150,150,true],"medium":["https:\/\/i0.wp.com\/ismaelcolosi.com.br\/wp-content\/uploads\/2024\/08\/onda-de-calor-frente-fria_2024-08-20_10-46-52_jpeg_2024-08-20_10-46-52.webp.webp?fit=300%2C169&ssl=1",300,169,true],"medium_large":["https:\/\/i0.wp.com\/ismaelcolosi.com.br\/wp-content\/uploads\/2024\/08\/onda-de-calor-frente-fria_2024-08-20_10-46-52_jpeg_2024-08-20_10-46-52.webp.webp?fit=768%2C431&ssl=1",768,431,true],"large":["https:\/\/i0.wp.com\/ismaelcolosi.com.br\/wp-content\/uploads\/2024\/08\/onda-de-calor-frente-fria_2024-08-20_10-46-52_jpeg_2024-08-20_10-46-52.webp.webp?fit=1024%2C575&ssl=1",1024,575,true],"1536x1536":["https:\/\/i0.wp.com\/ismaelcolosi.com.br\/wp-content\/uploads\/2024\/08\/onda-de-calor-frente-fria_2024-08-20_10-46-52_jpeg_2024-08-20_10-46-52.webp.webp?fit=1280%2C719&ssl=1",1280,719,true],"2048x2048":["https:\/\/i0.wp.com\/ismaelcolosi.com.br\/wp-content\/uploads\/2024\/08\/onda-de-calor-frente-fria_2024-08-20_10-46-52_jpeg_2024-08-20_10-46-52.webp.webp?fit=1280%2C719&ssl=1",1280,719,true],"really-simple-thumb":["https:\/\/i0.wp.com\/ismaelcolosi.com.br\/wp-content\/uploads\/2024\/08\/onda-de-calor-frente-fria_2024-08-20_10-46-52_jpeg_2024-08-20_10-46-52.webp.webp?resize=370%2C247&ssl=1",370,247,true]},"uagb_author_info":{"display_name":"ismaelcolosi.com.br","author_link":"https:\/\/ismaelcolosi.com.br\/index.php\/author\/vidareal-online\/"},"uagb_comment_info":0,"uagb_excerpt":"Todo o interior de S\u00e3o Paulo segue em alerta para onda de calor, que come\u00e7ou no \u00faltimo fim de semana, segundo o Inmet (Instituto Nacional...","jetpack-related-posts":[{"id":67357,"url":"https:\/\/ismaelcolosi.com.br\/index.php\/2024\/09\/23\/interior-de-sp-tem-semana-de-calorao-antes-da-chegada-de-nova-frente-fria\/","url_meta":{"origin":61078,"position":0},"title":"Interior de SP tem semana de calor\u00e3o antes da chegada de nova frente fria","author":"ismaelcolosi.com.br","date":"23 de September de 2024","format":false,"excerpt":"A forma\u00e7\u00e3o de uma frente fria se inicia nesta segunda-feira (23) no Rio Grande do Sul, favorece o transporte do ar quente em dire\u00e7\u00e3o ao Centro-Sul do Brasil, incluindo o interior de S\u00e3o Paulo, e deixa a primeira semana da primavera 2024 sob alerta de uma onda de calor. De\u2026","rel":"","context":"In &quot;Not\u00edcias de Ribeir\u00e3o Preto-SP e Regi\u00e3o&quot;","block_context":{"text":"Not\u00edcias de Ribeir\u00e3o Preto-SP e Regi\u00e3o","link":"https:\/\/ismaelcolosi.com.br\/index.php\/category\/noticias-de-ribeirao-preto-sp-e-regiao-ismael-colosi\/"},"img":{"alt_text":"","src":"https:\/\/i0.wp.com\/ismaelcolosi.com.br\/wp-content\/uploads\/2024\/09\/calor-onda.jpeg?fit=1200%2C675&ssl=1&resize=350%2C200","width":350,"height":200,"srcset":"https:\/\/i0.wp.com\/ismaelcolosi.com.br\/wp-content\/uploads\/2024\/09\/calor-onda.jpeg?fit=1200%2C675&ssl=1&resize=350%2C200 1x, https:\/\/i0.wp.com\/ismaelcolosi.com.br\/wp-content\/uploads\/2024\/09\/calor-onda.jpeg?fit=1200%2C675&ssl=1&resize=525%2C300 1.5x, https:\/\/i0.wp.com\/ismaelcolosi.com.br\/wp-content\/uploads\/2024\/09\/calor-onda.jpeg?fit=1200%2C675&ssl=1&resize=700%2C400 2x, https:\/\/i0.wp.com\/ismaelcolosi.com.br\/wp-content\/uploads\/2024\/09\/calor-onda.jpeg?fit=1200%2C675&ssl=1&resize=1050%2C600 3x"},"classes":[]},{"id":68222,"url":"https:\/\/ismaelcolosi.com.br\/index.php\/2024\/09\/27\/o-que-esperar-da-frente-fria-que-atinge-o-interior-de-sp-no-fim-de-semana\/","url_meta":{"origin":61078,"position":1},"title":"O que esperar da frente fria que atinge o interior de SP no fim de semana?","author":"ismaelcolosi.com.br","date":"27 de September de 2024","format":false,"excerpt":"Uma frente fria avan\u00e7a sobre Sudeste e pode provocar chuva e queda da temperatura em algumas regi\u00f5es do interior de S\u00e3o Paulo, de acordo com a meteorologia. A regi\u00e3o tem enfrentado um longo per\u00edodo de estiagem, com cidades sem registro de chuva h\u00e1 pelo menos tr\u00eas meses. Em meio a\u2026","rel":"","context":"In &quot;Not\u00edcias de Ribeir\u00e3o Preto-SP e Regi\u00e3o&quot;","block_context":{"text":"Not\u00edcias de Ribeir\u00e3o Preto-SP e Regi\u00e3o","link":"https:\/\/ismaelcolosi.com.br\/index.php\/category\/noticias-de-ribeirao-preto-sp-e-regiao-ismael-colosi\/"},"img":{"alt_text":"","src":"https:\/\/i0.wp.com\/ismaelcolosi.com.br\/wp-content\/uploads\/2024\/09\/1727477670_chuva_guardachuva_500x320_12022019150254.jpg?fit=500%2C322&ssl=1&resize=350%2C200","width":350,"height":200},"classes":[]},{"id":68226,"url":"https:\/\/ismaelcolosi.com.br\/index.php\/2024\/09\/27\/o-que-esperar-da-frente-fria-que-atinge-o-interior-de-sp-no-fim-de-semana-2\/","url_meta":{"origin":61078,"position":2},"title":"O que esperar da frente fria que atinge o interior de SP no fim de semana?","author":"ismaelcolosi.com.br","date":"27 de September de 2024","format":false,"excerpt":"Uma frente fria avan\u00e7a sobre Sudeste e pode provocar chuva e queda da temperatura em algumas regi\u00f5es do interior de S\u00e3o Paulo, de acordo com a meteorologia. A regi\u00e3o tem enfrentado um longo per\u00edodo de estiagem, com cidades sem registro de chuva h\u00e1 pelo menos tr\u00eas meses. Em meio a\u2026","rel":"","context":"In &quot;Not\u00edcias de Ribeir\u00e3o Preto-SP e Regi\u00e3o&quot;","block_context":{"text":"Not\u00edcias de Ribeir\u00e3o Preto-SP e Regi\u00e3o","link":"https:\/\/ismaelcolosi.com.br\/index.php\/category\/noticias-de-ribeirao-preto-sp-e-regiao-ismael-colosi\/"},"img":{"alt_text":"","src":"https:\/\/i0.wp.com\/ismaelcolosi.com.br\/wp-content\/uploads\/2024\/09\/1727479880_chuva_guardachuva_500x320_12022019150254.jpg?fit=500%2C322&ssl=1&resize=350%2C200","width":350,"height":200},"classes":[]},{"id":63102,"url":"https:\/\/ismaelcolosi.com.br\/index.php\/2024\/08\/30\/forte-frente-fria-tem-data-para-chegar-ao-pais-veja-previsao-para-setembro\/","url_meta":{"origin":61078,"position":3},"title":"Forte frente fria tem data para chegar ao pa\u00eds; Veja previs\u00e3o para setembro","author":"ismaelcolosi.com.br","date":"30 de August de 2024","format":false,"excerpt":"Apesar de uma nova massa de ar quente e seco se estabelecer sobre o Brasil no decorrer da pr\u00f3xima semana, a primeira forte frente fria de setembro j\u00e1 tem data para chegar ao pa\u00eds, de acordo com os meteorologistas. De acordo com a Climatempo, a expectativa \u00e9 de que um\u2026","rel":"","context":"In &quot;Not\u00edcias de Ribeir\u00e3o Preto-SP e Regi\u00e3o&quot;","block_context":{"text":"Not\u00edcias de Ribeir\u00e3o Preto-SP e Regi\u00e3o","link":"https:\/\/ismaelcolosi.com.br\/index.php\/category\/noticias-de-ribeirao-preto-sp-e-regiao-ismael-colosi\/"},"img":{"alt_text":"","src":"https:\/\/i0.wp.com\/ismaelcolosi.com.br\/wp-content\/uploads\/2024\/08\/1725059994_frio_luva_1200x675_16042022092951.jpg?fit=1200%2C675&ssl=1&resize=350%2C200","width":350,"height":200,"srcset":"https:\/\/i0.wp.com\/ismaelcolosi.com.br\/wp-content\/uploads\/2024\/08\/1725059994_frio_luva_1200x675_16042022092951.jpg?fit=1200%2C675&ssl=1&resize=350%2C200 1x, https:\/\/i0.wp.com\/ismaelcolosi.com.br\/wp-content\/uploads\/2024\/08\/1725059994_frio_luva_1200x675_16042022092951.jpg?fit=1200%2C675&ssl=1&resize=525%2C300 1.5x, https:\/\/i0.wp.com\/ismaelcolosi.com.br\/wp-content\/uploads\/2024\/08\/1725059994_frio_luva_1200x675_16042022092951.jpg?fit=1200%2C675&ssl=1&resize=700%2C400 2x, https:\/\/i0.wp.com\/ismaelcolosi.com.br\/wp-content\/uploads\/2024\/08\/1725059994_frio_luva_1200x675_16042022092951.jpg?fit=1200%2C675&ssl=1&resize=1050%2C600 3x"},"classes":[]},{"id":58699,"url":"https:\/\/ismaelcolosi.com.br\/index.php\/2024\/08\/01\/nova-frente-fria-no-sul-provoca-aumento-das-temperaturas-no-interior-de-sp-entenda\/","url_meta":{"origin":61078,"position":4},"title":"Nova frente fria no Sul provoca aumento das temperaturas no interior de SP; Entenda","author":"ismaelcolosi.com.br","date":"1 de August de 2024","format":false,"excerpt":"A frente fria que chega \u00e0 regi\u00e3o Sul do Brasil no pr\u00f3ximo final de semana provoca o aumento das temperaturas no interior de S\u00e3o Paulo, de acordo com os meteorologistas. O meteorologista Luiz Felippe Gozzo, do site Meteored, aponta que os pr\u00f3ximos dias no interior de S\u00e3o Paulo ser\u00e3o de\u2026","rel":"","context":"In &quot;Not\u00edcias de Ribeir\u00e3o Preto-SP e Regi\u00e3o&quot;","block_context":{"text":"Not\u00edcias de Ribeir\u00e3o Preto-SP e Regi\u00e3o","link":"https:\/\/ismaelcolosi.com.br\/index.php\/category\/noticias-de-ribeirao-preto-sp-e-regiao-ismael-colosi\/"},"img":{"alt_text":"","src":"https:\/\/i0.wp.com\/ismaelcolosi.com.br\/wp-content\/uploads\/2024\/08\/sertaozinho-2.jpg?fit=800%2C600&ssl=1&resize=350%2C200","width":350,"height":200,"srcset":"https:\/\/i0.wp.com\/ismaelcolosi.com.br\/wp-content\/uploads\/2024\/08\/sertaozinho-2.jpg?fit=800%2C600&ssl=1&resize=350%2C200 1x, https:\/\/i0.wp.com\/ismaelcolosi.com.br\/wp-content\/uploads\/2024\/08\/sertaozinho-2.jpg?fit=800%2C600&ssl=1&resize=525%2C300 1.5x, https:\/\/i0.wp.com\/ismaelcolosi.com.br\/wp-content\/uploads\/2024\/08\/sertaozinho-2.jpg?fit=800%2C600&ssl=1&resize=700%2C400 2x"},"classes":[]},{"id":68401,"url":"https:\/\/ismaelcolosi.com.br\/index.php\/2024\/09\/29\/interior-de-sp-tem-alerta-para-nova-onda-de-calor-veja-previsao\/","url_meta":{"origin":61078,"position":5},"title":"Interior de SP tem alerta para nova onda de calor; Veja previs\u00e3o","author":"ismaelcolosi.com.br","date":"29 de September de 2024","format":false,"excerpt":"O ar quente e seco volta a ganhar for\u00e7a no interior de S\u00e3o Paulo a partir deste domingo (29), dando in\u00edcio a oitava onda de calor na regi\u00e3o, de acordo com a Climatempo. Conforme a previs\u00e3o do servi\u00e7o de meteorologia, nos pr\u00f3ximos dias podemos esperar qualidade do ar comprometida, potencial\u2026","rel":"","context":"In &quot;Not\u00edcias de Ribeir\u00e3o Preto-SP e Regi\u00e3o&quot;","block_context":{"text":"Not\u00edcias de Ribeir\u00e3o Preto-SP e Regi\u00e3o","link":"https:\/\/ismaelcolosi.com.br\/index.php\/category\/noticias-de-ribeirao-preto-sp-e-regiao-ismael-colosi\/"},"img":{"alt_text":"","src":"https:\/\/i0.wp.com\/ismaelcolosi.com.br\/wp-content\/uploads\/2024\/09\/20230916_171444.jpg?fit=1200%2C716&ssl=1&resize=350%2C200","width":350,"height":200,"srcset":"https:\/\/i0.wp.com\/ismaelcolosi.com.br\/wp-content\/uploads\/2024\/09\/20230916_171444.jpg?fit=1200%2C716&ssl=1&resize=350%2C200 1x, https:\/\/i0.wp.com\/ismaelcolosi.com.br\/wp-content\/uploads\/2024\/09\/20230916_171444.jpg?fit=1200%2C716&ssl=1&resize=525%2C300 1.5x, https:\/\/i0.wp.com\/ismaelcolosi.com.br\/wp-content\/uploads\/2024\/09\/20230916_171444.jpg?fit=1200%2C716&ssl=1&resize=700%2C400 2x, https:\/\/i0.wp.com\/ismaelcolosi.com.br\/wp-content\/uploads\/2024\/09\/20230916_171444.jpg?fit=1200%2C716&ssl=1&resize=1050%2C600 3x"},"classes":[]}],"jetpack_sharing_enabled":true,"jetpack_shortlink":"https:\/\/wp.me\/pfMlyK-fT8","_links":{"self":[{"href":"https:\/\/ismaelcolosi.com.br\/index.php\/wp-json\/wp\/v2\/posts\/61078","targetHints":{"allow":["GET"]}}],"collection":[{"href":"https:\/\/ismaelcolosi.com.br\/index.php\/wp-json\/wp\/v2\/posts"}],"about":[{"href":"https:\/\/ismaelcolosi.com.br\/index.php\/wp-json\/wp\/v2\/types\/post"}],"author":[{"embeddable":true,"href":"https:\/\/ismaelcolosi.com.br\/index.php\/wp-json\/wp\/v2\/users\/1"}],"replies":[{"embeddable":true,"href":"https:\/\/ismaelcolosi.com.br\/index.php\/wp-json\/wp\/v2\/comments?post=61078"}],"version-history":[{"count":0,"href":"https:\/\/ismaelcolosi.com.br\/index.php\/wp-json\/wp\/v2\/posts\/61078\/revisions"}],"wp:featuredmedia":[{"embeddable":true,"href":"https:\/\/ismaelcolosi.com.br\/index.php\/wp-json\/wp\/v2\/media\/61079"}],"wp:attachment":[{"href":"https:\/\/ismaelcolosi.com.br\/index.php\/wp-json\/wp\/v2\/media?parent=61078"}],"wp:term":[{"taxonomy":"category","embeddable":true,"href":"https:\/\/ismaelcolosi.com.br\/index.php\/wp-json\/wp\/v2\/categories?post=61078"},{"taxonomy":"post_tag","embeddable":true,"href":"https:\/\/ismaelcolosi.com.br\/index.php\/wp-json\/wp\/v2\/tags?post=61078"}],"curies":[{"name":"wp","href":"https:\/\/api.w.org\/{rel}","templated":true}]}}