{"id":61072,"date":"2024-08-20T07:18:13","date_gmt":"2024-08-20T10:18:13","guid":{"rendered":"https:\/\/ismaelcolosi.com.br\/index.php\/2024\/08\/20\/expectativa-x-realidade-veja-os-beneficios-mais-dados-pelas-empresas-e-os-mais-desejados\/"},"modified":"2024-08-20T07:18:13","modified_gmt":"2024-08-20T10:18:13","slug":"expectativa-x-realidade-veja-os-beneficios-mais-dados-pelas-empresas-e-os-mais-desejados","status":"publish","type":"post","link":"https:\/\/ismaelcolosi.com.br\/index.php\/2024\/08\/20\/expectativa-x-realidade-veja-os-beneficios-mais-dados-pelas-empresas-e-os-mais-desejados\/","title":{"rendered":"Expectativa x realidade: veja os benef\u00edcios mais dados pelas empresas e os mais desejados"},"content":{"rendered":"<p> <br \/>\n<\/p>\n<div id=\"\">\n<div class=\"content-infos\">\n<div class=\"texts\">\n<p class=\"author tooltip-comp\"> Bruno Pavan<span class=\"icon-i\">i<\/span><span class=\"tooltiptext\"> <span class=\"author\"><span>Bruno Pavan<\/span> <\/span><span class=\"desc\"\/> <\/span><\/p>\n<p>20\/08\/2024 &#8211; 7:00<\/p>\n<\/div>\n<div id=\"share-modal\" class=\"share-modal\"> <button class=\"box-close btn-share\"> <img decoding=\"async\" src=\"https:\/\/istoedinheiro.com.br\/wp-content\/themes\/dinheiro-wp-theme\/assets\/img\/svg\/closeIcon.svg?x46096\" alt=\"Close icon\" class=\"close-btn lazy\"\/> <\/button><\/div>\n<\/p><\/div>\n<p><span style=\"font-weight: 400\">Na corrida entre as empresas para atrair talentos em um mercado de trabalho cada vez mais competitivo, os benef\u00edcios oferecidos podem ser o fiel da balan\u00e7a. Uma nova pesquisa da Robert Half, especialista em sele\u00e7\u00e3o de talenos, revela que a maioria das pessoas entrevistadas (58%) est\u00e1 satisfeita com os aux\u00edlios e incentivos que recebe atualmente. Entretanto, 77% gostariam de altera\u00e7\u00f5es devido \u00e0s mudan\u00e7as no mercado de trabalho.<\/span><\/p>\n<p><span style=\"font-weight: 400\">Como consequ\u00eancia da volatilidade do mercado de trabalho, o ranking de benef\u00edcios vem passando por mudan\u00e7as nos \u00faltimos anos. Os resultados do estudo indicam alguns benef\u00edcios que n\u00e3o est\u00e3o presentes na lista das empresas, mas s\u00e3o altamente valorizados por profissionais. A primeira discrep\u00e2ncia envolve o b\u00f4nus acordado. Esse benef\u00edcio foi citado pelos profissionais como um poderoso instrumento de motiva\u00e7\u00e3o, pois reconhece e recompensa os esfor\u00e7os de maneira tang\u00edvel.\u00a0<\/span><\/p>\n<p><span style=\"font-weight: 400\">Em seguida, ganha relev\u00e2ncia a flexibilidade de hor\u00e1rios e modelos de trabalho, cada vez mais valorizada no ambiente profissional moderno. A possibilidade de trabalhar remotamente ou escolher hor\u00e1rios que melhor se adequem \u00e0s necessidades individuais tende a aumentar a satisfa\u00e7\u00e3o da equipe, reduzir o estresse e melhorar a produtividade.\u00a0<\/span><\/p>\n<p><span style=\"font-weight: 400\">Por fim, o aux\u00edlio educacional tamb\u00e9m est\u00e1 presente apenas na listagem das pessoas. Investir na educa\u00e7\u00e3o do time serve para incrementar habilidades e conhecimentos, beneficiando a empresa, que passa a contar com uma equipe mais qualificada e preparada para enfrentar os desafios do mercado. Al\u00e9m de demonstrar que a empresa valoriza o crescimento das pessoas, esse aux\u00edlio pode fortalecer o compromisso m\u00fatuo.<\/span><\/p>\n<blockquote>\n<p style=\"text-align: center\"><span style=\"color: #993300\"><strong>\u201cOs benef\u00edcios devem ser encarados como uma ferramenta estrat\u00e9gica. Investindo em op\u00e7\u00f5es que atendam \u00e0s expectativas de profissionais, as empresas se diferenciam e ganham competitividade. Al\u00e9m disso, \u00e9 preciso considerar que os aux\u00edlios t\u00eam influ\u00eancia na decis\u00e3o das pessoas ao aceitar uma nova proposta de emprego\u201d, refor\u00e7a Fernando Mantovani, diretor-geral da Robert Half para a Am\u00e9rica do Sul.<\/strong><\/span><\/p>\n<\/blockquote>\n<h3><strong>10 benef\u00edcios mais oferecidos x 10 benef\u00edcios mais desejados<\/strong><\/h3>\n<table dir=\"ltr\" border=\"1\" cellspacing=\"0\" cellpadding=\"0\" data-sheets-root=\"1\" data-sheets-baot=\"1\">\n<colgroup>\n<col width=\"100\"\/>\n<col width=\"190\"\/>\n<col width=\"303\"\/><\/colgroup>\n<tbody>\n<tr>\n<td><strong>Posi\u00e7\u00e3o<\/strong><\/td>\n<td><strong>Empresas<\/strong><\/td>\n<td><strong>Profissionais<\/strong><\/td>\n<\/tr>\n<tr>\n<td>1<\/td>\n<td>Vale-refei\u00e7\u00e3o<\/td>\n<td>B\u00f4nus acordado (anual, trimestral, mensal)<\/td>\n<\/tr>\n<tr>\n<td>2<\/td>\n<td>Vale-transporte (p\u00fablico)<\/td>\n<td>Flexibilidade de hor\u00e1rio e modelo de trabalho<\/td>\n<\/tr>\n<tr>\n<td>3<\/td>\n<td>Plano odontol\u00f3gico<\/td>\n<td>Previd\u00eancia privada<\/td>\n<\/tr>\n<tr>\n<td>4<\/td>\n<td>Seguro de vida<\/td>\n<td>Vale-alimenta\u00e7\u00e3o<\/td>\n<\/tr>\n<tr>\n<td>5<\/td>\n<td>Plano de sa\u00fade<\/td>\n<td>Plano de sa\u00fade<\/td>\n<\/tr>\n<tr>\n<td>6<\/td>\n<td>Aux\u00edlio mobilidade<\/td>\n<td>Vale-refei\u00e7\u00e3o<\/td>\n<\/tr>\n<tr>\n<td>7<\/td>\n<td>Celular da empresa<\/td>\n<td>Plano odontol\u00f3gico<\/td>\n<\/tr>\n<tr>\n<td>8<\/td>\n<td>Apoio psicol\u00f3gico<\/td>\n<td>Seguro de vida<\/td>\n<\/tr>\n<tr>\n<td>9<\/td>\n<td>Aux\u00edlio-combust\u00edvel<\/td>\n<td>Aux\u00edlio educacional<\/td>\n<\/tr>\n<tr>\n<td>10<\/td>\n<td>Previd\u00eancia privada<\/td>\n<td>Estacionamento<\/td>\n<\/tr>\n<\/tbody>\n<\/table>\n<h3><strong><br \/>O peso dos benef\u00edcios na negocia\u00e7\u00e3o salarial<\/strong><\/h3>\n<p><span style=\"font-weight: 400\">Entre as pessoas atualmente empregadas, 57% afirmam que, caso os benef\u00edcios que julgam importantes n\u00e3o sejam ofertados, \u00e9 importante negociar melhor o sal\u00e1rio em uma poss\u00edvel movimenta\u00e7\u00e3o. Entre as desempregadas, 51% levam os aux\u00edlios em considera\u00e7\u00e3o, mas n\u00e3o como um fator decisivo.<\/span><\/p>\n<p><span style=\"font-weight: 400\">Dados do Panorama de Benef\u00edcios Brasil levantado pela Alelo em parceria com a Funda\u00e7\u00e3o Instituto de Pesquisas Econ\u00f4micas (Fipe) apontam que no segundo trimestre de 2024, os brasileiros que receberam benef\u00edcios corporativos (Vale-alimenta\u00e7\u00e3o e Vale-Refei\u00e7\u00e3o, combinados) tiveram um acr\u00e9scimo equivalente a 32% \u00e0 renda mensal em junho, acumulando uma soma m\u00e9dia de R$ 941,2 \u00e0 renda m\u00e9dia recebida no per\u00edodo (R$ 2.941).<\/span><\/p>\n<p><span style=\"font-weight: 400\">Os dados da Robert Half ainda indicam que profissionais valorizam a possibilidade de escolher benef\u00edcios de acordo com suas necessidades individuais (80%). No entanto, apenas 15% das empresas oferecem essa op\u00e7\u00e3o.<\/span><\/p>\n<p style=\"text-align: center\"><span style=\"color: #993300\"><strong>\u201cEmbora o sal\u00e1rio seja um aspecto crucial, esses dados demonstram que os benef\u00edcios n\u00e3o podem ser negligenciados, pois t\u00eam um impacto significativo na atra\u00e7\u00e3o e reten\u00e7\u00e3o de talentos. As empresas, cientes desses aspectos, podem considerar os benef\u00edcios como parte da proposta de remunera\u00e7\u00e3o total\u201d, orienta Mantovani.<\/strong><\/span><\/p>\n<p><span style=\"font-weight: 400\">O estudo inclui dados de duas pesquisas: uma realizada em maio de 2024, por meio de question\u00e1rio online com 1.161 profissionais, divididos em tr\u00eas grupos de 387 pessoas cada \u2013 tomadores de decis\u00e3o nas empresas, profissionais empregados e profissionais desempregados. E a segunda, realizada em julho de 2024, com 1.000 profissionais e 500 executivos.<\/span><\/p>\n<div id=\"share-modal\" class=\"share-modal\"> <button class=\"box-close btn-share\"> <img decoding=\"async\" src=\"https:\/\/istoedinheiro.com.br\/wp-content\/themes\/dinheiro-wp-theme\/assets\/img\/svg\/closeIcon.svg?x46096\" alt=\"Close icon\" class=\"close-btn lazy\"\/> <\/button><\/div>\n<\/p><\/div>\n<p><script>!function(f,b,e,v,n,t,s){if(f.fbq)return;n=f.fbq=function(){n.callMethod?n.callMethod.apply(n,arguments):n.queue.push(arguments)};if(!f._fbq)f._fbq=n;n.push=n;n.loaded=!0;n.version='2.0';n.queue=[];t=b.createElement(e);t.async=!0;t.src=v;s=b.getElementsByTagName(e)[0];s.parentNode.insertBefore(t,s)}(window,document,'script','<\/script><br \/>\n<br \/><br \/>\n<br \/><a href=\"https:\/\/istoedinheiro.com.br\/expectativa-x-realidade-veja-os-beneficios-mais-dados-pelas-empresas-e-os-mais-desejados\/\">Source link <\/a><\/p>\n<div class='code-block code-block-4' style='margin: 8px auto 8px 0; text-align: left; display: block; clear: both;'>\n\ud83d\udce2 Aviso Legal\n\nO site ismaelcolosi.com.br atua apenas como um canal de divulga\u00e7\u00e3o de oportunidades de emprego e n\u00e3o se responsabiliza pelo processo seletivo, contrata\u00e7\u00e3o ou qualquer outra etapa relacionada \u00e0s vagas publicadas. Todas as informa\u00e7\u00f5es s\u00e3o de responsabilidade dos anunciantes.\n\n\u26a0\ufe0f Aten\u00e7\u00e3o! Nunca pague por promessas de emprego nem compre cursos que garantam contrata\u00e7\u00e3o. Desconfie de qualquer cobran\u00e7a para participar de sele\u00e7\u00f5es.\n\n\n\n<\/div>\n<!-- CONTENT END 1 -->\n","protected":false},"excerpt":{"rendered":"<p>Bruno Pavani Bruno Pavan 20\/08\/2024 &#8211; 7:00 Na corrida entre as empresas para atrair talentos em um mercado de trabalho cada vez mais competitivo, os&#8230;<\/p>\n","protected":false},"author":1,"featured_media":61073,"comment_status":"open","ping_status":"open","sticky":false,"template":"","format":"standard","meta":{"_uag_custom_page_level_css":"","advanced_seo_description":"","jetpack_seo_html_title":"","jetpack_seo_noindex":false,"jetpack_post_was_ever_published":false,"_jetpack_newsletter_access":"","_jetpack_dont_email_post_to_subs":false,"_jetpack_newsletter_tier_id":0,"_jetpack_memberships_contains_paywalled_content":false,"_jetpack_memberships_contains_paid_content":false,"footnotes":"","jetpack_publicize_message":"","jetpack_publicize_feature_enabled":true,"jetpack_social_post_already_shared":true,"jetpack_social_options":{"image_generator_settings":{"template":"highway","default_image_id":0,"font":"","enabled":false},"version":2}},"categories":[3598],"tags":[],"class_list":["post-61072","post","type-post","status-publish","format-standard","has-post-thumbnail","hentry","category-empregos-classificados-vagas-trabalho"],"jetpack_publicize_connections":[],"jetpack_featured_media_url":"https:\/\/i0.wp.com\/ismaelcolosi.com.br\/wp-content\/uploads\/2024\/08\/homeofficepexels.jpg?fit=900%2C600&ssl=1","uagb_featured_image_src":{"full":["https:\/\/i0.wp.com\/ismaelcolosi.com.br\/wp-content\/uploads\/2024\/08\/homeofficepexels.jpg?fit=900%2C600&ssl=1",900,600,false],"thumbnail":["https:\/\/i0.wp.com\/ismaelcolosi.com.br\/wp-content\/uploads\/2024\/08\/homeofficepexels.jpg?resize=150%2C150&ssl=1",150,150,true],"medium":["https:\/\/i0.wp.com\/ismaelcolosi.com.br\/wp-content\/uploads\/2024\/08\/homeofficepexels.jpg?fit=300%2C200&ssl=1",300,200,true],"medium_large":["https:\/\/i0.wp.com\/ismaelcolosi.com.br\/wp-content\/uploads\/2024\/08\/homeofficepexels.jpg?fit=768%2C512&ssl=1",768,512,true],"large":["https:\/\/i0.wp.com\/ismaelcolosi.com.br\/wp-content\/uploads\/2024\/08\/homeofficepexels.jpg?fit=900%2C600&ssl=1",900,600,true],"1536x1536":["https:\/\/i0.wp.com\/ismaelcolosi.com.br\/wp-content\/uploads\/2024\/08\/homeofficepexels.jpg?fit=900%2C600&ssl=1",900,600,true],"2048x2048":["https:\/\/i0.wp.com\/ismaelcolosi.com.br\/wp-content\/uploads\/2024\/08\/homeofficepexels.jpg?fit=900%2C600&ssl=1",900,600,true],"really-simple-thumb":["https:\/\/i0.wp.com\/ismaelcolosi.com.br\/wp-content\/uploads\/2024\/08\/homeofficepexels.jpg?resize=370%2C247&ssl=1",370,247,true]},"uagb_author_info":{"display_name":"ismaelcolosi.com.br","author_link":"https:\/\/ismaelcolosi.com.br\/index.php\/author\/vidareal-online\/"},"uagb_comment_info":0,"uagb_excerpt":"Bruno Pavani Bruno Pavan 20\/08\/2024 &#8211; 7:00 Na corrida entre as empresas para atrair talentos em um mercado de trabalho cada vez mais competitivo, os...","jetpack-related-posts":[{"id":59203,"url":"https:\/\/ismaelcolosi.com.br\/index.php\/2024\/08\/07\/semana-de-4-dias-no-brasil-o-que-dizem-empresas-e-funcionarios-apos-6-meses-de-teste\/","url_meta":{"origin":61072,"position":0},"title":"Semana de 4 dias no Brasil: o que dizem empresas e funcion\u00e1rios ap\u00f3s 6 meses de teste","author":"ismaelcolosi.com.br","date":"7 de August de 2024","format":false,"excerpt":"Bruno Pavani Bruno Pavan 07\/08\/2024 - 5:00 Ap\u00f3s seis meses de implanta\u00e7\u00e3o, o programa 4 Days Week divulgou os primeiros dados de funcion\u00e1rios e empresas que adotaram o projeto da semana de trabalho mais curta\u00a0 no Brasil.Conforme a pesquisa, a ansiedade semanal foi reduzida em 30,5%, enquanto a produtividade aumentou\u2026","rel":"","context":"In &quot;Empregos - Classificados&quot;","block_context":{"text":"Empregos - Classificados","link":"https:\/\/ismaelcolosi.com.br\/index.php\/category\/empregos-classificados-vagas-trabalho\/"},"img":{"alt_text":"","src":"https:\/\/i0.wp.com\/ismaelcolosi.com.br\/wp-content\/uploads\/2024\/08\/calendario.jpg?fit=900%2C600&ssl=1&resize=350%2C200","width":350,"height":200,"srcset":"https:\/\/i0.wp.com\/ismaelcolosi.com.br\/wp-content\/uploads\/2024\/08\/calendario.jpg?fit=900%2C600&ssl=1&resize=350%2C200 1x, https:\/\/i0.wp.com\/ismaelcolosi.com.br\/wp-content\/uploads\/2024\/08\/calendario.jpg?fit=900%2C600&ssl=1&resize=525%2C300 1.5x, https:\/\/i0.wp.com\/ismaelcolosi.com.br\/wp-content\/uploads\/2024\/08\/calendario.jpg?fit=900%2C600&ssl=1&resize=700%2C400 2x"},"classes":[]},{"id":40380,"url":"https:\/\/ismaelcolosi.com.br\/index.php\/2024\/03\/03\/quiet-quitting-e-lazy-girl-job-entenda-o-vocabulario-da-geracao-z-no-mercado-de-trabalho\/","url_meta":{"origin":61072,"position":1},"title":"Quiet quitting e Lazy Girl Job: entenda o vocabul\u00e1rio da gera\u00e7\u00e3o Z no mercado de trabalho","author":"ismaelcolosi.com.br","date":"3 de March de 2024","format":false,"excerpt":"Bruno Pavani Bruno Pavan 03\/03\/2024 - 9:00 O comportamento da chamada gera\u00e7\u00e3o Z no mercado de trabalho tem sido motivo de muitos debates sobre uma suposta falta de compromisso dessa popula\u00e7\u00e3o mais jovem contra quem acredita ser natural uma rela\u00e7\u00e3o diferente dessa gera\u00e7\u00e3o com o trabalho.\u00a0A Gera\u00e7\u00e3o Z \u00e9 conhecida\u2026","rel":"","context":"In &quot;Empregos - Classificados&quot;","block_context":{"text":"Empregos - Classificados","link":"https:\/\/ismaelcolosi.com.br\/index.php\/category\/empregos-classificados-vagas-trabalho\/"},"img":{"alt_text":"","src":"https:\/\/i0.wp.com\/ismaelcolosi.com.br\/wp-content\/uploads\/2024\/03\/trabalhadoracansada.jpg?fit=900%2C600&ssl=1&resize=350%2C200","width":350,"height":200,"srcset":"https:\/\/i0.wp.com\/ismaelcolosi.com.br\/wp-content\/uploads\/2024\/03\/trabalhadoracansada.jpg?fit=900%2C600&ssl=1&resize=350%2C200 1x, https:\/\/i0.wp.com\/ismaelcolosi.com.br\/wp-content\/uploads\/2024\/03\/trabalhadoracansada.jpg?fit=900%2C600&ssl=1&resize=525%2C300 1.5x, https:\/\/i0.wp.com\/ismaelcolosi.com.br\/wp-content\/uploads\/2024\/03\/trabalhadoracansada.jpg?fit=900%2C600&ssl=1&resize=700%2C400 2x"},"classes":[]},{"id":57431,"url":"https:\/\/ismaelcolosi.com.br\/index.php\/2024\/07\/22\/os-beneficios-que-conquistam-a-geracao-z\/","url_meta":{"origin":61072,"position":2},"title":"os benef\u00edcios que conquistam a gera\u00e7\u00e3o Z","author":"ismaelcolosi.com.br","date":"22 de July de 2024","format":false,"excerpt":"\u00a0 Acessibilidade L L A- A+ \u25d0 \u00a0 Ser \u201cCLT Premium\u201d tem suas vantagens: massagem no escrit\u00f3rio, vale-refei\u00e7\u00e3o maior que um sal\u00e1rio m\u00ednimo e academia de gra\u00e7a, entre tantas outras. O termo ganhou destaque nas \u00faltimas semanas depois de tomar conta das redes sociais da gera\u00e7\u00e3o Z. Para quem ficou\u2026","rel":"","context":"In &quot;Carreira e Sucesso&quot;","block_context":{"text":"Carreira e Sucesso","link":"https:\/\/ismaelcolosi.com.br\/index.php\/category\/carreira-e-sucesso-dicas-para-carreira\/"},"img":{"alt_text":"","src":"https:\/\/i0.wp.com\/ismaelcolosi.com.br\/wp-content\/uploads\/2024\/07\/carreira-clt-premium-1-1024x683.jpg?fit=1024%2C683&ssl=1&resize=350%2C200","width":350,"height":200,"srcset":"https:\/\/i0.wp.com\/ismaelcolosi.com.br\/wp-content\/uploads\/2024\/07\/carreira-clt-premium-1-1024x683.jpg?fit=1024%2C683&ssl=1&resize=350%2C200 1x, https:\/\/i0.wp.com\/ismaelcolosi.com.br\/wp-content\/uploads\/2024\/07\/carreira-clt-premium-1-1024x683.jpg?fit=1024%2C683&ssl=1&resize=525%2C300 1.5x, https:\/\/i0.wp.com\/ismaelcolosi.com.br\/wp-content\/uploads\/2024\/07\/carreira-clt-premium-1-1024x683.jpg?fit=1024%2C683&ssl=1&resize=700%2C400 2x"},"classes":[]},{"id":41611,"url":"https:\/\/ismaelcolosi.com.br\/index.php\/2024\/03\/09\/trabalho-hibrido-com-dois-dias-no-escritorio-e-o-mais-adotado-no-pais-diz-pesquisa\/","url_meta":{"origin":61072,"position":3},"title":"Trabalho h\u00edbrido com dois dias no escrit\u00f3rio \u00e9 o mais adotado no pa\u00eds, diz pesquisa","author":"ismaelcolosi.com.br","date":"9 de March de 2024","format":false,"excerpt":"Bruno Pavani Bruno Pavan 09\/03\/2024 - 15:00 Relat\u00f3rio da consultoria JLL mostra que as empresas brasileiras adotam mais o modelo h\u00edbrido de trabalho do que as do resto do mundo. Segundo a pesquisa, 86% das empresas pesquisadas no pa\u00eds utilizam o modelo, contra 54% na Europa, Oriente M\u00e9dio e \u00c1frica;\u2026","rel":"","context":"In &quot;Empregos - Classificados&quot;","block_context":{"text":"Empregos - Classificados","link":"https:\/\/ismaelcolosi.com.br\/index.php\/category\/empregos-classificados-vagas-trabalho\/"},"img":{"alt_text":"","src":"https:\/\/i0.wp.com\/ismaelcolosi.com.br\/wp-content\/uploads\/2024\/03\/trabalhohibrido.jpg?fit=900%2C600&ssl=1&resize=350%2C200","width":350,"height":200,"srcset":"https:\/\/i0.wp.com\/ismaelcolosi.com.br\/wp-content\/uploads\/2024\/03\/trabalhohibrido.jpg?fit=900%2C600&ssl=1&resize=350%2C200 1x, https:\/\/i0.wp.com\/ismaelcolosi.com.br\/wp-content\/uploads\/2024\/03\/trabalhohibrido.jpg?fit=900%2C600&ssl=1&resize=525%2C300 1.5x, https:\/\/i0.wp.com\/ismaelcolosi.com.br\/wp-content\/uploads\/2024\/03\/trabalhohibrido.jpg?fit=900%2C600&ssl=1&resize=700%2C400 2x"},"classes":[]},{"id":70576,"url":"https:\/\/ismaelcolosi.com.br\/index.php\/2024\/10\/11\/retencao-de-talentos-desafia-mundo-corporativo\/","url_meta":{"origin":61072,"position":4},"title":"Reten\u00e7\u00e3o de Talentos Desafia Mundo Corporativo","author":"ismaelcolosi.com.br","date":"11 de October de 2024","format":false,"excerpt":"Acessibilidade L L A- A+ \u25d0 O mercado de trabalho nunca foi t\u00e3o competitivo. Agora, as empresas enfrentam uma batalha dupla: atrair os melhores talentos e, mais importante, mant\u00ea-los. Para isso, n\u00e3o basta mais oferecer apenas um bom sal\u00e1rio. Com a mudan\u00e7a das expectativas profissionais, a velha f\u00f3rmula de sal\u00e1rio\u2026","rel":"","context":"In &quot;Carreira e Sucesso&quot;","block_context":{"text":"Carreira e Sucesso","link":"https:\/\/ismaelcolosi.com.br\/index.php\/category\/carreira-e-sucesso-dicas-para-carreira\/"},"img":{"alt_text":"","src":"https:\/\/i0.wp.com\/ismaelcolosi.com.br\/wp-content\/uploads\/2024\/10\/bv-infojobs_out23-1024x683.jpg?fit=1024%2C683&ssl=1&resize=350%2C200","width":350,"height":200,"srcset":"https:\/\/i0.wp.com\/ismaelcolosi.com.br\/wp-content\/uploads\/2024\/10\/bv-infojobs_out23-1024x683.jpg?fit=1024%2C683&ssl=1&resize=350%2C200 1x, https:\/\/i0.wp.com\/ismaelcolosi.com.br\/wp-content\/uploads\/2024\/10\/bv-infojobs_out23-1024x683.jpg?fit=1024%2C683&ssl=1&resize=525%2C300 1.5x, https:\/\/i0.wp.com\/ismaelcolosi.com.br\/wp-content\/uploads\/2024\/10\/bv-infojobs_out23-1024x683.jpg?fit=1024%2C683&ssl=1&resize=700%2C400 2x"},"classes":[]},{"id":68468,"url":"https:\/\/ismaelcolosi.com.br\/index.php\/2024\/09\/30\/entenda-mais-sobre-esse-beneficio-corporativo\/","url_meta":{"origin":61072,"position":5},"title":"entenda mais sobre esse benef\u00edcio corporativo","author":"ismaelcolosi.com.br","date":"30 de September de 2024","format":false,"excerpt":"Oferecer benef\u00edcios atrativos \u00e9 uma estrat\u00e9gia cada vez mais valorizada pelas empresas. Um deles, que ganha destaque tanto para colaboradores quanto para empregadores que buscam se colocar no\u00a0mercado de trabalho, \u00e9 o seguro sa\u00fade. Mas voc\u00ea sabe o que \u00e9 e como ele pode ser uma vantagem decisiva? Neste post,\u2026","rel":"","context":"In &quot;Carreira e Sucesso&quot;","block_context":{"text":"Carreira e Sucesso","link":"https:\/\/ismaelcolosi.com.br\/index.php\/category\/carreira-e-sucesso-dicas-para-carreira\/"},"img":{"alt_text":"","src":"https:\/\/i0.wp.com\/ismaelcolosi.com.br\/wp-content\/uploads\/2024\/09\/Seguro-saude.png?fit=1200%2C675&ssl=1&resize=350%2C200","width":350,"height":200,"srcset":"https:\/\/i0.wp.com\/ismaelcolosi.com.br\/wp-content\/uploads\/2024\/09\/Seguro-saude.png?fit=1200%2C675&ssl=1&resize=350%2C200 1x, https:\/\/i0.wp.com\/ismaelcolosi.com.br\/wp-content\/uploads\/2024\/09\/Seguro-saude.png?fit=1200%2C675&ssl=1&resize=525%2C300 1.5x, https:\/\/i0.wp.com\/ismaelcolosi.com.br\/wp-content\/uploads\/2024\/09\/Seguro-saude.png?fit=1200%2C675&ssl=1&resize=700%2C400 2x, https:\/\/i0.wp.com\/ismaelcolosi.com.br\/wp-content\/uploads\/2024\/09\/Seguro-saude.png?fit=1200%2C675&ssl=1&resize=1050%2C600 3x"},"classes":[]}],"jetpack_sharing_enabled":true,"jetpack_shortlink":"https:\/\/wp.me\/pfMlyK-fT2","_links":{"self":[{"href":"https:\/\/ismaelcolosi.com.br\/index.php\/wp-json\/wp\/v2\/posts\/61072","targetHints":{"allow":["GET"]}}],"collection":[{"href":"https:\/\/ismaelcolosi.com.br\/index.php\/wp-json\/wp\/v2\/posts"}],"about":[{"href":"https:\/\/ismaelcolosi.com.br\/index.php\/wp-json\/wp\/v2\/types\/post"}],"author":[{"embeddable":true,"href":"https:\/\/ismaelcolosi.com.br\/index.php\/wp-json\/wp\/v2\/users\/1"}],"replies":[{"embeddable":true,"href":"https:\/\/ismaelcolosi.com.br\/index.php\/wp-json\/wp\/v2\/comments?post=61072"}],"version-history":[{"count":0,"href":"https:\/\/ismaelcolosi.com.br\/index.php\/wp-json\/wp\/v2\/posts\/61072\/revisions"}],"wp:featuredmedia":[{"embeddable":true,"href":"https:\/\/ismaelcolosi.com.br\/index.php\/wp-json\/wp\/v2\/media\/61073"}],"wp:attachment":[{"href":"https:\/\/ismaelcolosi.com.br\/index.php\/wp-json\/wp\/v2\/media?parent=61072"}],"wp:term":[{"taxonomy":"category","embeddable":true,"href":"https:\/\/ismaelcolosi.com.br\/index.php\/wp-json\/wp\/v2\/categories?post=61072"},{"taxonomy":"post_tag","embeddable":true,"href":"https:\/\/ismaelcolosi.com.br\/index.php\/wp-json\/wp\/v2\/tags?post=61072"}],"curies":[{"name":"wp","href":"https:\/\/api.w.org\/{rel}","templated":true}]}}