{"id":61067,"date":"2024-08-20T06:41:41","date_gmt":"2024-08-20T09:41:41","guid":{"rendered":"https:\/\/ismaelcolosi.com.br\/index.php\/2024\/08\/20\/fundador-do-orkut-pretende-contratar-brasileiros-para-nova-rede-social\/"},"modified":"2024-08-20T06:41:41","modified_gmt":"2024-08-20T09:41:41","slug":"fundador-do-orkut-pretende-contratar-brasileiros-para-nova-rede-social","status":"publish","type":"post","link":"https:\/\/ismaelcolosi.com.br\/index.php\/2024\/08\/20\/fundador-do-orkut-pretende-contratar-brasileiros-para-nova-rede-social\/","title":{"rendered":"Fundador do Orkut pretende contratar brasileiros para nova rede social"},"content":{"rendered":"<p> <br \/>\n<\/p>\n<div>\n<div id=\"attachment_511840\" class=\"wp-caption alignnone style=\" max-width:=\"\"><img data-recalc-dims=\"1\" fetchpriority=\"high\" decoding=\"async\" class=\"alignnone wp-image-511840 size-full\" src=\"https:\/\/i0.wp.com\/forbes.com.br\/wp-content\/uploads\/2022\/12\/carreira_Orkut-Buyukkokten_orkut-768x512.jpg?resize=678%2C452&#038;ssl=1\" http:=\"\" alt=\"Getty Images\" width=\"678\" height=\"452\" data-lazy-src=\"https:\/\/forbes.com.br\/wp-content\/uploads\/2022\/12\/carreira_Orkut-Buyukkokten_orkut-768x512.jpg\"\/><img data-recalc-dims=\"1\" fetchpriority=\"high\" decoding=\"async\" class=\"alignnone wp-image-511840 size-full\" src=\"https:\/\/i0.wp.com\/forbes.com.br\/wp-content\/uploads\/2022\/12\/carreira_Orkut-Buyukkokten_orkut-768x512.jpg?resize=678%2C452&#038;ssl=1\" alt=\"Getty Images\" width=\"678\" height=\"452\"\/><\/p>\n<p>Foto de Orkut B\u00fcy\u00fckk\u00f6kten, engenheiro turco fundador do Orkut via Getty Images<\/p>\n<p class=\"wp-caption-text\">Orkut B\u00fcy\u00fckk\u00f6kten<\/p>\n<\/div>\n<div class=\"accessibility\">\n<p>Acessibilidade<\/p>\n<p>\n<button onclick=\"alterFont1()\" id=\"btn1\" class=\"btn\">L<\/button><br \/>\n<button onclick=\"alterFont2()\" id=\"btn2\" class=\"btn\" style=\"font-family: Merriweather\">L<\/button><br \/>\n<button onclick=\"alterFontSmallerSize()\" id=\"btn3\" class=\"btn\">A-<\/button><br \/>\n<button onclick=\"alterFontBiggerSize()\" id=\"btn4\" class=\"btn\">A+<\/button><\/p>\n<p><button onclick=\"alterBackground()\" id=\"btn6\" class=\"btn\">\u25d0<\/button><\/p>\n<\/div>\n<p>Orkut B\u00fcy\u00fckk\u00f6kten, engenheiro turco fundador da rede social que marcou uma gera\u00e7\u00e3o no Brasil, planeja lan\u00e7ar uma nova plataforma de intera\u00e7\u00e3o social. O executivo diz que a nova rede social ser\u00e1 um espa\u00e7o mais aut\u00eantico e saud\u00e1vel para os usu\u00e1rios.<\/p>\n<p>Em uma visita recente ao Brasil, o engenheiro evidenciou o objetivo de integrar profissionais brasileiros em seu novo projeto \u2014 visto que o pa\u00eds foi o lugar onde o <a href=\"https:\/\/www.orkut.com\/\">Orkut<\/a> mais prosperou, com cerca de 30 milh\u00f5es de usu\u00e1rios ativos nos anos 2000.<\/p>\n<h2>Leia tamb\u00e9m<\/h2>\n<p>A vis\u00e3o de Orkut B\u00fcy\u00fckk\u00f6kten para o futuro das redes sociais \u00e9 objetiva: ele quer corrigir os rumos t\u00f3xicos que plataformas atuais tomaram, onde influenciadores, corpora\u00e7\u00f5es e profissionais de marketing acabaram com as intera\u00e7\u00f5es aut\u00eanticas entre pessoas. Ele acredita que, ao inv\u00e9s de conectar, as redes sociais atuais acabam gerando compara\u00e7\u00f5es irreais e impactando negativamente a sa\u00fade mental dos usu\u00e1rios, especialmente os jovens.<\/p>\n<p>O fundador tamb\u00e9m pontuou que sua nova rede social ser\u00e1 fundamentada nas li\u00e7\u00f5es aprendidas ao longo de sua trajet\u00f3ria com o Orkut e a Hello Network \u2014 que ele criou ap\u00f3s o encerramento do Orkut em 2014.<\/p>\n<h3>1. Desistir \u00e9 o verdadeiro fracasso<\/h3>\n<p>O Orkut.com fez sucesso, mas saiu do ar e logo ficou para tr\u00e1s com a chegada de novas redes sociais. Dois anos depois disso, o fundador n\u00e3o desistiu e lan\u00e7ou uma nova plataforma, a Hello, e agora prepara novidades, com o poss\u00edvel retorno do Orkut.com. \u201cMesmo se voc\u00ea falhar, voc\u00ea vai ter sucesso, porque vai aprender alguma coisa com isso\u201d, diz. E o contr\u00e1rio tamb\u00e9m \u00e9 verdadeiro. \u201c\u00c9 importante n\u00e3o desistir, porque voc\u00ea s\u00f3 falha realmente quando desiste.\u201d<\/p>\n<h3>2. Pequenas decis\u00f5es podem mudar sua vida<\/h3>\n<p>Orkut nasceu na Turquia e se mudou para a Alemanha com os pais com um ano de idade. Mais tarde, decidiu fazer faculdade em Stanford, na Calif\u00f3rnia \u2013 segundo ele, apenas pelo clima. Entre duas ofertas de emprego, da Microsoft e do Google, optou pela segunda. \u201cPequenas decis\u00f5es mudam a sua vida para sempre\u201d, diz. \u201cMeus pais indo para a Alemanha, fazer faculdade em Stanford, em vez de qualquer outro lugar, ir para o Google.\u201d E o que parecem pequenas coisas podem fazer uma grande diferen\u00e7a l\u00e1 na frente. \u201cTudo o que vivi quando crian\u00e7a e como adulto me trouxe a esse lugar.\u201d<\/p>\n<h3>3. Mentores s\u00e3o essenciais<\/h3>\n<p>Em Stanford, Orkut foi exposto a diferentes culturas e oportunidades, e soube atravessar as diferentes portas que se abriam. \u201cQueria muito estudar computa\u00e7\u00e3o gr\u00e1fica, mas n\u00e3o sabia nada sobre. Ent\u00e3o comecei a me encontrar com os professores\u201d, diz. Ele entrou para um grupo de um desses professores, que acabou sendo o melhor mentor de sua vida. E em um dos projetos na universidade, acabou conhecendo os fundadores do Google, que ainda estava longe de ser o que \u00e9 hoje.<\/p>\n<h3>4. Uma boa rede de contatos faz a diferen\u00e7a \u2013 na vida e na carreira<\/h3>\n<p>Hoje se fala muito sobre networking, e Orkut soube enxergar a import\u00e2ncia disso h\u00e1 mais de duas d\u00e9cadas. Ele conheceu um colega na sala de aula na faculdade, fez amizade com outro nas aulas de t\u00eanis, foi apresentado a amigos de amigos, encontrou pessoas nos espa\u00e7os em comum e assim construiu sua rede em Stanford. \u201cTodos temos acesso a computador, estamos todos online. E se pudermos conhecer pessoas em uma rede social?\u201d, pensou ele, antes de fundar o Club Nexus para conectar os alunos de Stanford.<\/p>\n<h3>5. Comunidades s\u00e3o importantes<\/h3>\n<p>O Orkut.com \u00e9 conhecido ainda hoje por suas comunidades em que pessoas com interesses em comum se reuniam. As comunidades s\u00e3o hoje muito importantes para empresas, e muitas delas tem at\u00e9 mesmo gestores espec\u00edficos para essa \u00e1rea, os community managers. Orkut percebeu o potencial de reunir as pessoas e criar esses espa\u00e7os. \u201cConheci um jornalista no Rio que era gay e de uma cidade pequena e encontrou comunidades LGBT no Orkut.com e entendeu que n\u00e3o estava sozinho\u201d, diz o fundador da rede. Ele tamb\u00e9m j\u00e1 ouviu diversas hist\u00f3rias sobre pessoas que fizeram amizades, conheceram seus companheiros e receberam oportunidades de trabalho.<\/p>\n<h3>6. Empatia \u00e9 essencial para os neg\u00f3cios<\/h3>\n<p>Orkut \u00e9 cr\u00edtico em rela\u00e7\u00e3o ao rumo que as redes sociais tomaram, como um espa\u00e7o para dissemina\u00e7\u00e3o de fake news e de recortes editados de uma vida perfeita. Segundo ele, as pessoas por tr\u00e1s dessas empresas, como as de quaisquer outras, precisam proteger suas comunidades e entender as necessidades delas. \u201c\u00c9 importante entender a psicologia e sociologia quando voc\u00ea est\u00e1 construindo produtos para pessoas.\u201d<\/p>\n<h3>7. N\u00e3o d\u00e1 para ter controle de tudo<\/h3>\n<p>O Orkut.com era uma plataforma dentro do Google, que lan\u00e7ou sua pr\u00f3pria rede Google+ em 2011 e acabou optando por descontinuar o Orkut.com em 2014. \u201cO que eu poderia ter feito de diferente? Eu n\u00e3o tinha poder sobre isso\u201d, diz. Por um lado, ele gostaria de ter criado o Orkut.com fora do Google, mas foi justamente essa plataforma que deu os recursos para atingir 300 milh\u00f5es de usu\u00e1rios.<\/p>\n<h3>8. O passado molda o presente \u2013 e n\u00e3o d\u00e1 para voltar atr\u00e1s<\/h3>\n<p>Mesmo depois de extinto, o Orkut.com \u00e9 o maior orgulho do fundador. Antes de acabar, ele teve dificuldades de escalar a rede e acompanhar o ritmo do n\u00famero de usu\u00e1rios. Mas ele n\u00e3o tem arrependimentos, em rela\u00e7\u00e3o \u00e0 carreira e \u00e0 vida pessoal. \u201c\u00c9 dif\u00edcil olhar para tr\u00e1s e ter arrependimentos porque tudo o que fiz no meu passado, incluindo os erros, fizeram quem eu sou hoje.\u201d<\/p>\n<h3>9. Erro tem que servir de aprendizado<\/h3>\n<p>O erro pelo erro n\u00e3o ajuda a avan\u00e7ar, mas aprender com as falhas \u2013 suas e dos outros \u2013 \u00e9 um bom caminho para o sucesso. \u201cAprendemos muito com as m\u00eddias sociais nos \u00faltimos 10 anos, especialmente em termos do que n\u00e3o devemos fazer\u201d, diz. Ele quer usar a tecnologia para \u201cconsertar\u201d as redes e criar um ambiente saud\u00e1vel.<\/p>\n<h3>10. O mundo muda e \u00e9 preciso acompanhar<\/h3>\n<p>Desde que Orkut criou sua rede social em 2004, muita coisa mudou. Em 2016, quando lan\u00e7ou a Hello Network, ele acompanhou algumas dessas mudan\u00e7as. \u201cA Hello foi feita para mobile, enquanto o Orkut.com foi feito para a web\u201d, diz. A forma como nos comunicamos mudou radicalmente com os celulares, e isso precisava estar contemplado na nova rede.<\/p>\n<h3>11. Paix\u00e3o move a vida e os neg\u00f3cios<\/h3>\n<p>\u201cUma boa vida \u00e9 uma vida cheia de paix\u00e3o. \u00c9 muito importante seguir nossa paix\u00e3o tanto na vida pessoal quanto nas nossas carreiras\u201d, diz Orkut. Ele soube conectar suas paix\u00f5es \u2013 pessoas, tecnologia e programa\u00e7\u00e3o \u2013 em um neg\u00f3cio. \u201cEncontrar sua paix\u00e3o \u00e9 uma jornada de uma vida. Mas quando voc\u00ea encontra, isso te preenche.\u201d<\/p>\n<h3>12. Aprendizado \u00e9 cont\u00ednuo<\/h3>\n<p>Orkut estudou em Stanford, uma das melhores universidades dos EUA, e recomenda um estudo formal a todos que puderem ter acesso, at\u00e9 mesmo pelo ambiente que proporciona. Mas isso n\u00e3o \u00e9 suficiente. \u201c\u00c9 mais sobre o seu processo de aprendizado e busca por conhecimento\u201d, diz. Pode ser uma nova l\u00edngua, hobby, curso, algo importante para a profiss\u00e3o ou para o pr\u00f3prio crescimento, mas \u00e9 preciso continuar a aprender.<\/p>\n<h3>13. Produtos v\u00eam de uma necessidade<\/h3>\n<p>Para come\u00e7ar um neg\u00f3cio, \u00e9 preciso pensar em um produto que venha de uma necessidade da sociedade e que vai fazer as vidas das pessoas mais f\u00e1ceis e felizes. \u201cPor exemplo, era muito dif\u00edcil pegar t\u00e1xi, principalmente se voc\u00ea n\u00e3o fala a l\u00edngua do pa\u00eds. Mas todo mundo tem um celular, e um aplicativo resolve esse problema que muitas pessoas t\u00eam\u201d, diz.<\/p>\n<h3>14. Compara\u00e7\u00e3o \u00e9 perda de tempo<\/h3>\n<p>Ao olhar para o lado e ver outros empreendedores ou amigos com ideias brilhantes e levantando muito capital, tente n\u00e3o se comparar. \u201cTodo mundo quer fundar um unic\u00f3rnio e ficar rico, mas isso n\u00e3o traz felicidade no fim. Preencha a sua vida com amizades, amor e paix\u00e3o porque isso sim vai te preencher.\u201d<\/p>\n<h2>Escolhas do editor<\/h2>\n<\/div>\n<p><script type=\"rocketlazyloadscript\">\n\t\t\t\t(function(d, s, id){\n\t\t\t\t\tvar js, fjs = d.getElementsByTagName(s)[0];\n\t\t\t\t\tif (d.getElementById(id)) return;\n\t\t\t\t\tjs = d.createElement(s); js.id = id;\n\t\t\t\t\tjs.src = \"\/\/connect.facebook.net\/pt_BR\/sdk.js#xfbml=1&version=v2.9\";\n\t\t\t\t\tfjs.parentNode.insertBefore(js, fjs);\n\t\t\t\t}(document, 'script', 'facebook-jssdk'));\n\t\t\t<\/script><br \/>\n<br \/><br \/>\n<br \/><a href=\"https:\/\/forbes.com.br\/carreira\/2024\/08\/fundador-do-orkut-pretende-contratar-brasileiros-para-nova-rede-social\/\">Source link <\/a><\/p>\n<div class='code-block code-block-4' style='margin: 8px auto 8px 0; text-align: left; display: block; clear: both;'>\n\ud83d\udce2 Aviso Legal\n\nO site ismaelcolosi.com.br atua apenas como um canal de divulga\u00e7\u00e3o de oportunidades de emprego e n\u00e3o se responsabiliza pelo processo seletivo, contrata\u00e7\u00e3o ou qualquer outra etapa relacionada \u00e0s vagas publicadas. Todas as informa\u00e7\u00f5es s\u00e3o de responsabilidade dos anunciantes.\n\n\u26a0\ufe0f Aten\u00e7\u00e3o! Nunca pague por promessas de emprego nem compre cursos que garantam contrata\u00e7\u00e3o. Desconfie de qualquer cobran\u00e7a para participar de sele\u00e7\u00f5es.\n\n\n\n<\/div>\n<!-- CONTENT END 1 -->\n","protected":false},"excerpt":{"rendered":"<p>Foto de Orkut B\u00fcy\u00fckk\u00f6kten, engenheiro turco fundador do Orkut via Getty Images Orkut B\u00fcy\u00fckk\u00f6kten Acessibilidade L L A- A+ \u25d0 Orkut B\u00fcy\u00fckk\u00f6kten, engenheiro turco fundador&#8230;<\/p>\n","protected":false},"author":1,"featured_media":61068,"comment_status":"open","ping_status":"open","sticky":false,"template":"","format":"standard","meta":{"_uag_custom_page_level_css":"","advanced_seo_description":"","jetpack_seo_html_title":"","jetpack_seo_noindex":false,"jetpack_post_was_ever_published":false,"_jetpack_newsletter_access":"","_jetpack_dont_email_post_to_subs":false,"_jetpack_newsletter_tier_id":0,"_jetpack_memberships_contains_paywalled_content":false,"_jetpack_memberships_contains_paid_content":false,"footnotes":"","jetpack_publicize_message":"","jetpack_publicize_feature_enabled":true,"jetpack_social_post_already_shared":true,"jetpack_social_options":{"image_generator_settings":{"template":"highway","default_image_id":0,"font":"","enabled":false},"version":2}},"categories":[1964],"tags":[],"class_list":["post-61067","post","type-post","status-publish","format-standard","has-post-thumbnail","hentry","category-carreira-e-sucesso-dicas-para-carreira"],"jetpack_publicize_connections":[],"jetpack_featured_media_url":"https:\/\/i0.wp.com\/ismaelcolosi.com.br\/wp-content\/uploads\/2024\/08\/carreira_Orkut-Buyukkokten_orkut-1024x683.jpg?fit=1024%2C683&ssl=1","uagb_featured_image_src":{"full":["https:\/\/i0.wp.com\/ismaelcolosi.com.br\/wp-content\/uploads\/2024\/08\/carreira_Orkut-Buyukkokten_orkut-1024x683.jpg?fit=1024%2C683&ssl=1",1024,683,false],"thumbnail":["https:\/\/i0.wp.com\/ismaelcolosi.com.br\/wp-content\/uploads\/2024\/08\/carreira_Orkut-Buyukkokten_orkut-1024x683.jpg?resize=150%2C150&ssl=1",150,150,true],"medium":["https:\/\/i0.wp.com\/ismaelcolosi.com.br\/wp-content\/uploads\/2024\/08\/carreira_Orkut-Buyukkokten_orkut-1024x683.jpg?fit=300%2C200&ssl=1",300,200,true],"medium_large":["https:\/\/i0.wp.com\/ismaelcolosi.com.br\/wp-content\/uploads\/2024\/08\/carreira_Orkut-Buyukkokten_orkut-1024x683.jpg?fit=768%2C512&ssl=1",768,512,true],"large":["https:\/\/i0.wp.com\/ismaelcolosi.com.br\/wp-content\/uploads\/2024\/08\/carreira_Orkut-Buyukkokten_orkut-1024x683.jpg?fit=1024%2C683&ssl=1",1024,683,true],"1536x1536":["https:\/\/i0.wp.com\/ismaelcolosi.com.br\/wp-content\/uploads\/2024\/08\/carreira_Orkut-Buyukkokten_orkut-1024x683.jpg?fit=1024%2C683&ssl=1",1024,683,true],"2048x2048":["https:\/\/i0.wp.com\/ismaelcolosi.com.br\/wp-content\/uploads\/2024\/08\/carreira_Orkut-Buyukkokten_orkut-1024x683.jpg?fit=1024%2C683&ssl=1",1024,683,true],"really-simple-thumb":["https:\/\/i0.wp.com\/ismaelcolosi.com.br\/wp-content\/uploads\/2024\/08\/carreira_Orkut-Buyukkokten_orkut-1024x683.jpg?resize=370%2C247&ssl=1",370,247,true]},"uagb_author_info":{"display_name":"ismaelcolosi.com.br","author_link":"https:\/\/ismaelcolosi.com.br\/index.php\/author\/vidareal-online\/"},"uagb_comment_info":0,"uagb_excerpt":"Foto de Orkut B\u00fcy\u00fckk\u00f6kten, engenheiro turco fundador do Orkut via Getty Images Orkut B\u00fcy\u00fckk\u00f6kten Acessibilidade L L A- A+ \u25d0 Orkut B\u00fcy\u00fckk\u00f6kten, engenheiro turco fundador...","jetpack-related-posts":[{"id":32220,"url":"https:\/\/ismaelcolosi.com.br\/index.php\/2024\/01\/24\/orkut-faria-20-anos-relembre-como-era-a-rede-social\/","url_meta":{"origin":61067,"position":0},"title":"Orkut faria 20 anos; Relembre como era a rede social","author":"ismaelcolosi.com.br","date":"24 de January de 2024","format":false,"excerpt":"Mesmo que voc\u00ea n\u00e3o tenha sido usu\u00e1rio do Orkut j\u00e1 deve ter ouvido falar sobre a p\u00e1gina que fez hist\u00f3ria na d\u00e9cada de 2000. A rede social surgiu em 2004, e no Brasil chegou a ter 30 milh\u00f5es de perfis ativados. Nesta quarta-feira (24), a primeira rede social do mundo\u2026","rel":"","context":"In &quot;Not\u00edcias de Ribeir\u00e3o Preto-SP e Regi\u00e3o&quot;","block_context":{"text":"Not\u00edcias de Ribeir\u00e3o Preto-SP e Regi\u00e3o","link":"https:\/\/ismaelcolosi.com.br\/index.php\/category\/noticias-de-ribeirao-preto-sp-e-regiao-ismael-colosi\/"},"img":{"alt_text":"","src":"https:\/\/i0.wp.com\/ismaelcolosi.com.br\/wp-content\/uploads\/2024\/01\/Copia-de-Copia-de-TAMANHO-EXATO-PARA-FOTOS-NO-SISTEMA-NOVO-3.jpg?fit=1200%2C675&ssl=1&resize=350%2C200","width":350,"height":200,"srcset":"https:\/\/i0.wp.com\/ismaelcolosi.com.br\/wp-content\/uploads\/2024\/01\/Copia-de-Copia-de-TAMANHO-EXATO-PARA-FOTOS-NO-SISTEMA-NOVO-3.jpg?fit=1200%2C675&ssl=1&resize=350%2C200 1x, https:\/\/i0.wp.com\/ismaelcolosi.com.br\/wp-content\/uploads\/2024\/01\/Copia-de-Copia-de-TAMANHO-EXATO-PARA-FOTOS-NO-SISTEMA-NOVO-3.jpg?fit=1200%2C675&ssl=1&resize=525%2C300 1.5x, https:\/\/i0.wp.com\/ismaelcolosi.com.br\/wp-content\/uploads\/2024\/01\/Copia-de-Copia-de-TAMANHO-EXATO-PARA-FOTOS-NO-SISTEMA-NOVO-3.jpg?fit=1200%2C675&ssl=1&resize=700%2C400 2x, https:\/\/i0.wp.com\/ismaelcolosi.com.br\/wp-content\/uploads\/2024\/01\/Copia-de-Copia-de-TAMANHO-EXATO-PARA-FOTOS-NO-SISTEMA-NOVO-3.jpg?fit=1200%2C675&ssl=1&resize=1050%2C600 3x"},"classes":[]},{"id":86935,"url":"https:\/\/ismaelcolosi.com.br\/index.php\/2025\/08\/06\/hoje-cto-do-quintoandar-paulo-golgher-relembra-como-foi-abrir-as-portas-do-brasil-para-o-google\/","url_meta":{"origin":61067,"position":1},"title":"Hoje CTO do QuintoAndar, Paulo Golgher Relembra como Foi Abrir as Portas do Brasil para o Google","author":"ismaelcolosi.com.br","date":"6 de August de 2025","format":false,"excerpt":"\r Divulga\u00e7\u00e3o\/QuintoAndar\r \r Acessibilidade \r L\r L\r A-\r A+\r \r \u25d0\r \r \u201cO que \u00e9 sucesso?\u201d A indaga\u00e7\u00e3o foi feita por Paulo Golgher, Chief Technology Officer (CTO) do QuintoAndar, ao ser questionado sobre quais atributos o levaram a uma carreira bem-sucedida na tecnologia. Afinal, antes de liderar um time de\u2026","rel":"","context":"In &quot;Carreira e Sucesso&quot;","block_context":{"text":"Carreira e Sucesso","link":"https:\/\/ismaelcolosi.com.br\/index.php\/category\/carreira-e-sucesso-dicas-para-carreira\/"},"img":{"alt_text":"","src":"https:\/\/i0.wp.com\/ismaelcolosi.com.br\/wp-content\/uploads\/2025\/08\/Paulo-Golgher-1200x675.png?fit=1200%2C675&ssl=1&resize=350%2C200","width":350,"height":200,"srcset":"https:\/\/i0.wp.com\/ismaelcolosi.com.br\/wp-content\/uploads\/2025\/08\/Paulo-Golgher-1200x675.png?fit=1200%2C675&ssl=1&resize=350%2C200 1x, https:\/\/i0.wp.com\/ismaelcolosi.com.br\/wp-content\/uploads\/2025\/08\/Paulo-Golgher-1200x675.png?fit=1200%2C675&ssl=1&resize=525%2C300 1.5x, https:\/\/i0.wp.com\/ismaelcolosi.com.br\/wp-content\/uploads\/2025\/08\/Paulo-Golgher-1200x675.png?fit=1200%2C675&ssl=1&resize=700%2C400 2x, https:\/\/i0.wp.com\/ismaelcolosi.com.br\/wp-content\/uploads\/2025\/08\/Paulo-Golgher-1200x675.png?fit=1200%2C675&ssl=1&resize=1050%2C600 3x"},"classes":[]},{"id":62338,"url":"https:\/\/ismaelcolosi.com.br\/index.php\/2024\/08\/27\/5-licoes-de-empreendedorismo-do-fundador\/","url_meta":{"origin":61067,"position":2},"title":"5 li\u00e7\u00f5es de empreendedorismo do fundador","author":"ismaelcolosi.com.br","date":"27 de August de 2024","format":false,"excerpt":"Divulga\u00e7\u00e3oMiguel Krigsner, fundador do Grupo Botic\u00e1rio Acessibilidade L L A- A+ \u25d0 \u201cTenho medo de ser engolido pelo monstro do trabalho\u201d, disse Miguel Krigsner, fundador do Grupo Botic\u00e1rio, a seu psicanalista. O ritmo intenso de sua vida o assustava. Ele n\u00e3o tinha muitas pausas para tratar de assuntos pessoais ou\u2026","rel":"","context":"In &quot;Carreira e Sucesso&quot;","block_context":{"text":"Carreira e Sucesso","link":"https:\/\/ismaelcolosi.com.br\/index.php\/category\/carreira-e-sucesso-dicas-para-carreira\/"},"img":{"alt_text":"","src":"https:\/\/i0.wp.com\/ismaelcolosi.com.br\/wp-content\/uploads\/2024\/08\/Miguel-Krigsner-boticario-1024x683.jpg?fit=1024%2C683&ssl=1&resize=350%2C200","width":350,"height":200,"srcset":"https:\/\/i0.wp.com\/ismaelcolosi.com.br\/wp-content\/uploads\/2024\/08\/Miguel-Krigsner-boticario-1024x683.jpg?fit=1024%2C683&ssl=1&resize=350%2C200 1x, https:\/\/i0.wp.com\/ismaelcolosi.com.br\/wp-content\/uploads\/2024\/08\/Miguel-Krigsner-boticario-1024x683.jpg?fit=1024%2C683&ssl=1&resize=525%2C300 1.5x, https:\/\/i0.wp.com\/ismaelcolosi.com.br\/wp-content\/uploads\/2024\/08\/Miguel-Krigsner-boticario-1024x683.jpg?fit=1024%2C683&ssl=1&resize=700%2C400 2x"},"classes":[]},{"id":85638,"url":"https:\/\/ismaelcolosi.com.br\/index.php\/2025\/05\/22\/ceo-e-fundador-do-mercado-livre-deixara-o-cargo-apos-26-anos\/","url_meta":{"origin":61067,"position":3},"title":"CEO e Fundador do Mercado Livre Deixar\u00e1 o Cargo ap\u00f3s 26 Anos","author":"ismaelcolosi.com.br","date":"22 de May de 2025","format":false,"excerpt":"\r Divulga\u00e7\u00e3o\/Mercado Livre\r Nascido em Buenos Aires, Marcos Galperin cofundou o Mercado Livre em 1999 com tr\u00eas colegas da Escola de Neg\u00f3cios da Universidade de Stanford e se tornou o homem mais rico da Argentina\r Acessibilidade \r L\r L\r A-\r A+\r \r \u25d0\r \r \u00a0 Marcos Galperin, fundador do Mercado\u2026","rel":"","context":"In &quot;Carreira e Sucesso&quot;","block_context":{"text":"Carreira e Sucesso","link":"https:\/\/ismaelcolosi.com.br\/index.php\/category\/carreira-e-sucesso-dicas-para-carreira\/"},"img":{"alt_text":"","src":"https:\/\/i0.wp.com\/ismaelcolosi.com.br\/wp-content\/uploads\/2024\/11\/forbes-og-1030x438.webp?fit=1030%2C438&ssl=1&resize=350%2C200","width":350,"height":200,"srcset":"https:\/\/i0.wp.com\/ismaelcolosi.com.br\/wp-content\/uploads\/2024\/11\/forbes-og-1030x438.webp?fit=1030%2C438&ssl=1&resize=350%2C200 1x, https:\/\/i0.wp.com\/ismaelcolosi.com.br\/wp-content\/uploads\/2024\/11\/forbes-og-1030x438.webp?fit=1030%2C438&ssl=1&resize=525%2C300 1.5x, https:\/\/i0.wp.com\/ismaelcolosi.com.br\/wp-content\/uploads\/2024\/11\/forbes-og-1030x438.webp?fit=1030%2C438&ssl=1&resize=700%2C400 2x"},"classes":[]},{"id":89109,"url":"https:\/\/ismaelcolosi.com.br\/index.php\/2026\/02\/11\/fundador-da-smart-fit-deixa-o-cargo-de-ceo-e-passa-bastao-para-o-filho\/","url_meta":{"origin":61067,"position":4},"title":"Fundador da Smart Fit Deixa o Cargo de CEO e Passa Bast\u00e3o para o Filho","author":"ismaelcolosi.com.br","date":"11 de February de 2026","format":false,"excerpt":"O conselho de administra\u00e7\u00e3o da Smart Fit aprovou na ter\u00e7a-feira (10) a substitui\u00e7\u00e3o do presidente-executivo e do diretor financeiro da companhia, segundo documentos enviados ao mercado. Para o lugar de Edgard Corona na presid\u00eancia-executiva, o conselho da rede de academias de gin\u00e1sticas aprovou a indica\u00e7\u00e3o de Diogo Corona, filho do\u2026","rel":"","context":"In &quot;Carreira e Sucesso&quot;","block_context":{"text":"Carreira e Sucesso","link":"https:\/\/ismaelcolosi.com.br\/index.php\/category\/carreira-e-sucesso-dicas-para-carreira\/"},"img":{"alt_text":"","src":"https:\/\/i0.wp.com\/ismaelcolosi.com.br\/wp-content\/uploads\/2026\/02\/carreira-edgard-corona-smart-fit-1200x675.jpg?fit=1200%2C675&ssl=1&resize=350%2C200","width":350,"height":200,"srcset":"https:\/\/i0.wp.com\/ismaelcolosi.com.br\/wp-content\/uploads\/2026\/02\/carreira-edgard-corona-smart-fit-1200x675.jpg?fit=1200%2C675&ssl=1&resize=350%2C200 1x, https:\/\/i0.wp.com\/ismaelcolosi.com.br\/wp-content\/uploads\/2026\/02\/carreira-edgard-corona-smart-fit-1200x675.jpg?fit=1200%2C675&ssl=1&resize=525%2C300 1.5x, https:\/\/i0.wp.com\/ismaelcolosi.com.br\/wp-content\/uploads\/2026\/02\/carreira-edgard-corona-smart-fit-1200x675.jpg?fit=1200%2C675&ssl=1&resize=700%2C400 2x, https:\/\/i0.wp.com\/ismaelcolosi.com.br\/wp-content\/uploads\/2026\/02\/carreira-edgard-corona-smart-fit-1200x675.jpg?fit=1200%2C675&ssl=1&resize=1050%2C600 3x"},"classes":[]},{"id":87768,"url":"https:\/\/ismaelcolosi.com.br\/index.php\/2025\/09\/30\/o-profissional-qualificado-pode-escolher-para-quem-e-de-onde-vai-trabalhar-diz-ceo-da-leao-group\/","url_meta":{"origin":61067,"position":5},"title":"\u201cO Profissional Qualificado Pode Escolher para Quem e de Onde Vai Trabalhar\u201d, Diz CEO da Le\u00e3o Group","author":"ismaelcolosi.com.br","date":"30 de September de 2025","format":false,"excerpt":"\r \r Leonardo Le\u00e3o, CEO e fundador da Le\u00e3o Group, durante participa\u00e7\u00e3o no ForbesCast\r Acessibilidade \r L\r L\r A-\r A+\r \r \u25d0\r \r O CEO e fundador da Le\u00e3o Group, Leonardo Le\u00e3o, participou do ForbesCast e conversou com Fernanda Almeida, editora de Forbes Mulher e Carreira, sobre mobilidade global e\u2026","rel":"","context":"In &quot;Carreira e Sucesso&quot;","block_context":{"text":"Carreira e Sucesso","link":"https:\/\/ismaelcolosi.com.br\/index.php\/category\/carreira-e-sucesso-dicas-para-carreira\/"},"img":{"alt_text":"","src":"https:\/\/i0.wp.com\/ismaelcolosi.com.br\/wp-content\/uploads\/2025\/09\/carreira-leonardo-leao-leao-group-1200x675.jpg?fit=1200%2C675&ssl=1&resize=350%2C200","width":350,"height":200,"srcset":"https:\/\/i0.wp.com\/ismaelcolosi.com.br\/wp-content\/uploads\/2025\/09\/carreira-leonardo-leao-leao-group-1200x675.jpg?fit=1200%2C675&ssl=1&resize=350%2C200 1x, https:\/\/i0.wp.com\/ismaelcolosi.com.br\/wp-content\/uploads\/2025\/09\/carreira-leonardo-leao-leao-group-1200x675.jpg?fit=1200%2C675&ssl=1&resize=525%2C300 1.5x, https:\/\/i0.wp.com\/ismaelcolosi.com.br\/wp-content\/uploads\/2025\/09\/carreira-leonardo-leao-leao-group-1200x675.jpg?fit=1200%2C675&ssl=1&resize=700%2C400 2x, https:\/\/i0.wp.com\/ismaelcolosi.com.br\/wp-content\/uploads\/2025\/09\/carreira-leonardo-leao-leao-group-1200x675.jpg?fit=1200%2C675&ssl=1&resize=1050%2C600 3x"},"classes":[]}],"jetpack_sharing_enabled":true,"jetpack_shortlink":"https:\/\/wp.me\/pfMlyK-fSX","_links":{"self":[{"href":"https:\/\/ismaelcolosi.com.br\/index.php\/wp-json\/wp\/v2\/posts\/61067","targetHints":{"allow":["GET"]}}],"collection":[{"href":"https:\/\/ismaelcolosi.com.br\/index.php\/wp-json\/wp\/v2\/posts"}],"about":[{"href":"https:\/\/ismaelcolosi.com.br\/index.php\/wp-json\/wp\/v2\/types\/post"}],"author":[{"embeddable":true,"href":"https:\/\/ismaelcolosi.com.br\/index.php\/wp-json\/wp\/v2\/users\/1"}],"replies":[{"embeddable":true,"href":"https:\/\/ismaelcolosi.com.br\/index.php\/wp-json\/wp\/v2\/comments?post=61067"}],"version-history":[{"count":0,"href":"https:\/\/ismaelcolosi.com.br\/index.php\/wp-json\/wp\/v2\/posts\/61067\/revisions"}],"wp:featuredmedia":[{"embeddable":true,"href":"https:\/\/ismaelcolosi.com.br\/index.php\/wp-json\/wp\/v2\/media\/61068"}],"wp:attachment":[{"href":"https:\/\/ismaelcolosi.com.br\/index.php\/wp-json\/wp\/v2\/media?parent=61067"}],"wp:term":[{"taxonomy":"category","embeddable":true,"href":"https:\/\/ismaelcolosi.com.br\/index.php\/wp-json\/wp\/v2\/categories?post=61067"},{"taxonomy":"post_tag","embeddable":true,"href":"https:\/\/ismaelcolosi.com.br\/index.php\/wp-json\/wp\/v2\/tags?post=61067"}],"curies":[{"name":"wp","href":"https:\/\/api.w.org\/{rel}","templated":true}]}}