{"id":61020,"date":"2024-08-19T19:20:40","date_gmt":"2024-08-19T22:20:40","guid":{"rendered":"https:\/\/ismaelcolosi.com.br\/index.php\/2024\/08\/19\/tunel-jose-bonifacio-sera-interditado-em-ribeirao-preto-veja-o-motivo\/"},"modified":"2024-08-19T19:20:40","modified_gmt":"2024-08-19T22:20:40","slug":"tunel-jose-bonifacio-sera-interditado-em-ribeirao-preto-veja-o-motivo","status":"publish","type":"post","link":"https:\/\/ismaelcolosi.com.br\/index.php\/2024\/08\/19\/tunel-jose-bonifacio-sera-interditado-em-ribeirao-preto-veja-o-motivo\/","title":{"rendered":"T\u00fanel Jos\u00e9 Bonif\u00e1cio ser\u00e1 interditado em Ribeir\u00e3o Preto; Veja o motivo"},"content":{"rendered":"<p> <br \/>\n<\/p>\n<div data-td-block-uid=\"tdi_106\">\n<div class=\"tdb-block-inner td-fix-index\">\n<p>O<strong> t\u00fanel Jos\u00e9 Bonif\u00e1cio<\/strong>, localizado entre as avenidas Independ\u00eancia e Presidente Vargas, em <strong>Ribeir\u00e3o Preto<\/strong>, ser\u00e1 <strong>interditado nesta ter\u00e7a-feira (20), a partir das 9h<\/strong>.<\/p>\n<p>De acordo com a <strong>RP Mobi<\/strong>, empresa que gerencia o tr\u00e2nsito do munic\u00edpio, <mark style=\"background-color:#fcb900\" class=\"has-inline-color\"><strong>o t\u00fanel vai passar por servi\u00e7o de manuten\u00e7\u00e3o das tampas dos po\u00e7os de visitas de galerias de \u00e1guas pluviais<\/strong>.<\/mark><\/p>\n<p>O local tamb\u00e9m vai receber <strong>limpeza <\/strong>e <strong>acabamento na mureta de concreto<\/strong> de acesso ao t\u00fanel. <strong>A previs\u00e3o \u00e9 de que a interdi\u00e7\u00e3o dure at\u00e9 \u00e0s 15h do mesmo dia.<\/strong><\/p>\n<h3 class=\"wp-block-heading\"><strong>Rotas alternativas<\/strong><\/h3>\n<p>Com o fechamento do t\u00fanel, o acesso a avenida Presidente Vargas para quem vem da avenida Independ\u00eancia ser\u00e1 realizado somente pelas vias perpendiculares \u00e0 Independ\u00eancia, como avenida Nove de Julho, ou pelas ruas como a Jo\u00e3o Penteado e Altino Arantes.<\/p>\n<p>A empresa respons\u00e1vel pelo tr\u00e2nsito em Ribeir\u00e3o Preto ainda informa que uma equipe t\u00e9cnica monitora o andamento dos servi\u00e7os para garantir a seguran\u00e7a necess\u00e1ria aos condutores e pedestres na regi\u00e3o.<\/p>\n<hr class=\"wp-block-separator has-alpha-channel-opacity\"\/>\n<p>SAIBA MAIS<\/p>\n<p>Ferrugem traz turn\u00ea comemorativa para Ribeir\u00e3o Preto; Veja quando ser\u00e1 o show<\/p>\n<h4 class=\"wp-block-heading\"><strong>FIQUE ON<\/strong><\/h4>\n<p>Fique ligado em tudo que acontece em Ribeir\u00e3o Preto e regi\u00e3o. Siga os perfis do\u00a0<strong>acidade on<\/strong>\u00a0no<a href=\"https:\/\/www.instagram.com\/acidadeonribeirao\" target=\"_blank\" rel=\"noreferrer noopener\">\u00a0Instagram\u00a0<\/a>e no\u00a0<a href=\"https:\/\/www.facebook.com\/acidadeonribeirao\/\" target=\"_blank\" rel=\"noreferrer noopener\">Facebook<\/a>.<\/p>\n<p>Receba not\u00edcias do<strong>\u00a0acidade on<\/strong>\u00a0no WhatsApp.\u00a0<a href=\"https:\/\/chat.whatsapp.com\/Dtv9mxhy6V5BJBotM2OQ5k\" target=\"_blank\" rel=\"noreferrer noopener\">Para entrar no grupo, basta clicar aqui.<\/a><\/p>\n<p>Fa\u00e7a uma den\u00fancia ou sugira uma reportagem sobre Ribeir\u00e3o Preto e regi\u00e3o pelo WhatsApp: 16 99117 7802.<\/p>\n<p>VEJA TAMB\u00c9M<\/p>\n<p>Jo\u00e3o Pedro deixa Sandra em Renascer?<\/p>\n<p><!-- CONTENT END 1 -->\n<\/div>\n<\/div>\n<p><script async src=\"\/\/www.instagram.com\/embed.js\"><\/script><br \/>\n<br \/><br \/>\n<br \/><a href=\"https:\/\/www.acidadeon.com\/ribeiraopreto\/cotidiano\/tunel-jose-bonifacio-sera-interditado-em-ribeirao-preto-veja-o-motivo\/\">Source link <\/a><\/p>\n","protected":false},"excerpt":{"rendered":"<p>O t\u00fanel Jos\u00e9 Bonif\u00e1cio, localizado entre as avenidas Independ\u00eancia e Presidente Vargas, em Ribeir\u00e3o Preto, ser\u00e1 interditado nesta ter\u00e7a-feira (20), a partir das 9h. De&#8230;<\/p>\n","protected":false},"author":1,"featured_media":61021,"comment_status":"open","ping_status":"open","sticky":false,"template":"","format":"standard","meta":{"_uag_custom_page_level_css":"","advanced_seo_description":"","jetpack_seo_html_title":"","jetpack_seo_noindex":false,"jetpack_post_was_ever_published":false,"_jetpack_newsletter_access":"","_jetpack_dont_email_post_to_subs":false,"_jetpack_newsletter_tier_id":0,"_jetpack_memberships_contains_paywalled_content":false,"_jetpack_memberships_contains_paid_content":false,"footnotes":"","jetpack_publicize_message":"","jetpack_publicize_feature_enabled":true,"jetpack_social_post_already_shared":true,"jetpack_social_options":{"image_generator_settings":{"template":"highway","default_image_id":0,"font":"","enabled":false},"version":2}},"categories":[11],"tags":[],"class_list":["post-61020","post","type-post","status-publish","format-standard","has-post-thumbnail","hentry","category-noticias-de-ribeirao-preto-sp-e-regiao-ismael-colosi"],"jetpack_publicize_connections":[],"jetpack_featured_media_url":"https:\/\/i0.wp.com\/ismaelcolosi.com.br\/wp-content\/uploads\/2024\/08\/tunel-jose-bonifacio.jpeg?fit=1280%2C720&ssl=1","uagb_featured_image_src":{"full":["https:\/\/i0.wp.com\/ismaelcolosi.com.br\/wp-content\/uploads\/2024\/08\/tunel-jose-bonifacio.jpeg?fit=1280%2C720&ssl=1",1280,720,false],"thumbnail":["https:\/\/i0.wp.com\/ismaelcolosi.com.br\/wp-content\/uploads\/2024\/08\/tunel-jose-bonifacio.jpeg?resize=150%2C150&ssl=1",150,150,true],"medium":["https:\/\/i0.wp.com\/ismaelcolosi.com.br\/wp-content\/uploads\/2024\/08\/tunel-jose-bonifacio.jpeg?fit=300%2C169&ssl=1",300,169,true],"medium_large":["https:\/\/i0.wp.com\/ismaelcolosi.com.br\/wp-content\/uploads\/2024\/08\/tunel-jose-bonifacio.jpeg?fit=768%2C432&ssl=1",768,432,true],"large":["https:\/\/i0.wp.com\/ismaelcolosi.com.br\/wp-content\/uploads\/2024\/08\/tunel-jose-bonifacio.jpeg?fit=1024%2C576&ssl=1",1024,576,true],"1536x1536":["https:\/\/i0.wp.com\/ismaelcolosi.com.br\/wp-content\/uploads\/2024\/08\/tunel-jose-bonifacio.jpeg?fit=1280%2C720&ssl=1",1280,720,true],"2048x2048":["https:\/\/i0.wp.com\/ismaelcolosi.com.br\/wp-content\/uploads\/2024\/08\/tunel-jose-bonifacio.jpeg?fit=1280%2C720&ssl=1",1280,720,true],"really-simple-thumb":["https:\/\/i0.wp.com\/ismaelcolosi.com.br\/wp-content\/uploads\/2024\/08\/tunel-jose-bonifacio.jpeg?resize=370%2C247&ssl=1",370,247,true]},"uagb_author_info":{"display_name":"ismaelcolosi.com.br","author_link":"https:\/\/ismaelcolosi.com.br\/index.php\/author\/vidareal-online\/"},"uagb_comment_info":0,"uagb_excerpt":"O t\u00fanel Jos\u00e9 Bonif\u00e1cio, localizado entre as avenidas Independ\u00eancia e Presidente Vargas, em Ribeir\u00e3o Preto, ser\u00e1 interditado nesta ter\u00e7a-feira (20), a partir das 9h. De...","jetpack-related-posts":[{"id":57175,"url":"https:\/\/ismaelcolosi.com.br\/index.php\/2024\/07\/18\/tunel-jose-bonifacio-e-interditado-em-ribeirao-preto-veja-o-motivo\/","url_meta":{"origin":61020,"position":0},"title":"T\u00fanel Jos\u00e9 Bonif\u00e1cio \u00e9 interditado em Ribeir\u00e3o Preto; Veja o motivo","author":"ismaelcolosi.com.br","date":"18 de July de 2024","format":false,"excerpt":"O t\u00fanel Jos\u00e9 Bonif\u00e1cio, entre as avenidas Independ\u00eancia e Presidente Vargas, em Ribeir\u00e3o Preto, foi interditado no final da manh\u00e3 desta quinta-feira (18). Segundo a RP Mobi, o bloqueio foi motivado por conta da manuten\u00e7\u00e3o do sistema de c\u00e2meras de monitoramento do local. A previs\u00e3o \u00e9 que o acesso seja\u2026","rel":"","context":"In &quot;Not\u00edcias de Ribeir\u00e3o Preto-SP e Regi\u00e3o&quot;","block_context":{"text":"Not\u00edcias de Ribeir\u00e3o Preto-SP e Regi\u00e3o","link":"https:\/\/ismaelcolosi.com.br\/index.php\/category\/noticias-de-ribeirao-preto-sp-e-regiao-ismael-colosi\/"},"img":{"alt_text":"","src":"https:\/\/i0.wp.com\/ismaelcolosi.com.br\/wp-content\/uploads\/2024\/07\/tunel-jose-bonifacio.jpeg?fit=1200%2C675&ssl=1&resize=350%2C200","width":350,"height":200,"srcset":"https:\/\/i0.wp.com\/ismaelcolosi.com.br\/wp-content\/uploads\/2024\/07\/tunel-jose-bonifacio.jpeg?fit=1200%2C675&ssl=1&resize=350%2C200 1x, https:\/\/i0.wp.com\/ismaelcolosi.com.br\/wp-content\/uploads\/2024\/07\/tunel-jose-bonifacio.jpeg?fit=1200%2C675&ssl=1&resize=525%2C300 1.5x, https:\/\/i0.wp.com\/ismaelcolosi.com.br\/wp-content\/uploads\/2024\/07\/tunel-jose-bonifacio.jpeg?fit=1200%2C675&ssl=1&resize=700%2C400 2x, https:\/\/i0.wp.com\/ismaelcolosi.com.br\/wp-content\/uploads\/2024\/07\/tunel-jose-bonifacio.jpeg?fit=1200%2C675&ssl=1&resize=1050%2C600 3x"},"classes":[]},{"id":15070,"url":"https:\/\/ismaelcolosi.com.br\/index.php\/2023\/12\/13\/tunel-sera-interditado-na-tarde-desta-terca-em-ribeirao-preto-veja-o-motivo\/","url_meta":{"origin":61020,"position":1},"title":"T\u00fanel ser\u00e1 interditado na tarde desta ter\u00e7a em Ribeir\u00e3o Preto; Veja o motivo","author":"ismaelcolosi.com.br","date":"13 de December de 2023","format":false,"excerpt":"O acesso ao t\u00fanel Jos\u00e9 Bonif\u00e1cio de Andrada, em Ribeir\u00e3o Preto, ser\u00e1 interditado na tarde desta ter\u00e7a-feira (12), a partir das 16h para pintura. A previs\u00e3o \u00e9 que o dispositivo vi\u00e1rio seja liberado ao tr\u00e1fego de ve\u00edculos por volta das 17h. De acordo com a Secretaria Municipal de Infraestrutura, o\u2026","rel":"","context":"In &quot;Not\u00edcias de Ribeir\u00e3o Preto-SP e Regi\u00e3o&quot;","block_context":{"text":"Not\u00edcias de Ribeir\u00e3o Preto-SP e Regi\u00e3o","link":"https:\/\/ismaelcolosi.com.br\/index.php\/category\/noticias-de-ribeirao-preto-sp-e-regiao-ismael-colosi\/"},"img":{"alt_text":"","src":"https:\/\/i0.wp.com\/ismaelcolosi.com.br\/wp-content\/uploads\/2023\/12\/TUNEL.jpg?fit=1200%2C853&ssl=1&resize=350%2C200","width":350,"height":200,"srcset":"https:\/\/i0.wp.com\/ismaelcolosi.com.br\/wp-content\/uploads\/2023\/12\/TUNEL.jpg?fit=1200%2C853&ssl=1&resize=350%2C200 1x, https:\/\/i0.wp.com\/ismaelcolosi.com.br\/wp-content\/uploads\/2023\/12\/TUNEL.jpg?fit=1200%2C853&ssl=1&resize=525%2C300 1.5x, https:\/\/i0.wp.com\/ismaelcolosi.com.br\/wp-content\/uploads\/2023\/12\/TUNEL.jpg?fit=1200%2C853&ssl=1&resize=700%2C400 2x, https:\/\/i0.wp.com\/ismaelcolosi.com.br\/wp-content\/uploads\/2023\/12\/TUNEL.jpg?fit=1200%2C853&ssl=1&resize=1050%2C600 3x"},"classes":[]},{"id":4372,"url":"https:\/\/ismaelcolosi.com.br\/index.php\/2023\/11\/21\/tunel-sera-interditado-novamente-em-ribeirao-preto-veja-o-motivo\/","url_meta":{"origin":61020,"position":2},"title":"T\u00fanel ser\u00e1 interditado novamente em Ribeir\u00e3o Preto; Veja o motivo","author":"ismaelcolosi.com.br","date":"21 de November de 2023","format":false,"excerpt":"O t\u00fanel Jos\u00e9 Bonif\u00e1cio, entre as avenidas Independ\u00eancia e Presidente Vargas, em Ribeir\u00e3o Preto, ser\u00e1 interditado novamente na tarde desta ter\u00e7a-feira (21). De acordo com a RP Mobi, a interdi\u00e7\u00e3o \u00e9 necess\u00e1ria para pintura do t\u00fanel. A interdi\u00e7\u00e3o do dispositivo come\u00e7a \u00e0s 14h e a previs\u00e3o \u00e9 que a via\u2026","rel":"","context":"In &quot;Not\u00edcias de Ribeir\u00e3o Preto-SP e Regi\u00e3o&quot;","block_context":{"text":"Not\u00edcias de Ribeir\u00e3o Preto-SP e Regi\u00e3o","link":"https:\/\/ismaelcolosi.com.br\/index.php\/category\/noticias-de-ribeirao-preto-sp-e-regiao-ismael-colosi\/"},"img":{"alt_text":"","src":"https:\/\/i0.wp.com\/ismaelcolosi.com.br\/wp-content\/uploads\/2023\/11\/1700578607_tunel-jose-bonifacio.jpg?fit=1200%2C800&ssl=1&resize=350%2C200","width":350,"height":200,"srcset":"https:\/\/i0.wp.com\/ismaelcolosi.com.br\/wp-content\/uploads\/2023\/11\/1700578607_tunel-jose-bonifacio.jpg?fit=1200%2C800&ssl=1&resize=350%2C200 1x, https:\/\/i0.wp.com\/ismaelcolosi.com.br\/wp-content\/uploads\/2023\/11\/1700578607_tunel-jose-bonifacio.jpg?fit=1200%2C800&ssl=1&resize=525%2C300 1.5x, https:\/\/i0.wp.com\/ismaelcolosi.com.br\/wp-content\/uploads\/2023\/11\/1700578607_tunel-jose-bonifacio.jpg?fit=1200%2C800&ssl=1&resize=700%2C400 2x, https:\/\/i0.wp.com\/ismaelcolosi.com.br\/wp-content\/uploads\/2023\/11\/1700578607_tunel-jose-bonifacio.jpg?fit=1200%2C800&ssl=1&resize=1050%2C600 3x"},"classes":[]},{"id":11162,"url":"https:\/\/ismaelcolosi.com.br\/index.php\/2023\/12\/05\/tunel-sofre-quarta-interdicao-em-ribeirao-preto-veja-o-motivo\/","url_meta":{"origin":61020,"position":3},"title":"T\u00fanel sofre quarta interdi\u00e7\u00e3o em Ribeir\u00e3o Preto; Veja o motivo","author":"ismaelcolosi.com.br","date":"5 de December de 2023","format":false,"excerpt":"O t\u00fanel Jos\u00e9 Bonif\u00e1cio de Andrada, entre as avenidas Independ\u00eancia e Presidente Vargas, em Ribeir\u00e3o Preto, ser\u00e1 interditado pela quarta vez na pr\u00f3xima quinta-feira (7), a partir das 8h. Segundo a prefeitura, ser\u00e3o instaladas as c\u00e2meras de seguran\u00e7a nas partes internas e externas da via. A previs\u00e3o \u00e9 que o\u2026","rel":"","context":"In &quot;Not\u00edcias de Ribeir\u00e3o Preto-SP e Regi\u00e3o&quot;","block_context":{"text":"Not\u00edcias de Ribeir\u00e3o Preto-SP e Regi\u00e3o","link":"https:\/\/ismaelcolosi.com.br\/index.php\/category\/noticias-de-ribeirao-preto-sp-e-regiao-ismael-colosi\/"},"img":{"alt_text":"","src":"https:\/\/i0.wp.com\/ismaelcolosi.com.br\/wp-content\/uploads\/2023\/12\/interdicao-tunel-ribeirao-preto.jpeg?fit=1080%2C772&ssl=1&resize=350%2C200","width":350,"height":200,"srcset":"https:\/\/i0.wp.com\/ismaelcolosi.com.br\/wp-content\/uploads\/2023\/12\/interdicao-tunel-ribeirao-preto.jpeg?fit=1080%2C772&ssl=1&resize=350%2C200 1x, https:\/\/i0.wp.com\/ismaelcolosi.com.br\/wp-content\/uploads\/2023\/12\/interdicao-tunel-ribeirao-preto.jpeg?fit=1080%2C772&ssl=1&resize=525%2C300 1.5x, https:\/\/i0.wp.com\/ismaelcolosi.com.br\/wp-content\/uploads\/2023\/12\/interdicao-tunel-ribeirao-preto.jpeg?fit=1080%2C772&ssl=1&resize=700%2C400 2x, https:\/\/i0.wp.com\/ismaelcolosi.com.br\/wp-content\/uploads\/2023\/12\/interdicao-tunel-ribeirao-preto.jpeg?fit=1080%2C772&ssl=1&resize=1050%2C600 3x"},"classes":[]},{"id":9550,"url":"https:\/\/ismaelcolosi.com.br\/index.php\/2023\/12\/02\/tunel-da-avenida-independencia-sera-interditado-neste-sabado-dia-2\/","url_meta":{"origin":61020,"position":4},"title":"T\u00fanel da avenida Independ\u00eancia ser\u00e1 interditado neste s\u00e1bado, dia 2","author":"ismaelcolosi.com.br","date":"2 de December de 2023","format":false,"excerpt":"2 de dezembro de 2023 | 9:301 de dezembro de 2023 | 22:32 0O t\u00fanel Jos\u00e9 Bonif\u00e1cio de Andrada come\u00e7a na avenida Independ\u00eancia, na altura da rua Bernardino de Campos, passando por baixo da Nove de Julho, e termina na Avenida Presidente Vargas, entre as ruas Jo\u00e3o Penteado e Eliseu\u2026","rel":"","context":"In &quot;Not\u00edcias de Ribeir\u00e3o Preto-SP e Regi\u00e3o&quot;","block_context":{"text":"Not\u00edcias de Ribeir\u00e3o Preto-SP e Regi\u00e3o","link":"https:\/\/ismaelcolosi.com.br\/index.php\/category\/noticias-de-ribeirao-preto-sp-e-regiao-ismael-colosi\/"},"img":{"alt_text":"","src":"https:\/\/i0.wp.com\/ismaelcolosi.com.br\/wp-content\/uploads\/2023\/12\/tunel-scaled.jpeg?fit=842%2C645&ssl=1&resize=350%2C200","width":350,"height":200,"srcset":"https:\/\/i0.wp.com\/ismaelcolosi.com.br\/wp-content\/uploads\/2023\/12\/tunel-scaled.jpeg?fit=842%2C645&ssl=1&resize=350%2C200 1x, https:\/\/i0.wp.com\/ismaelcolosi.com.br\/wp-content\/uploads\/2023\/12\/tunel-scaled.jpeg?fit=842%2C645&ssl=1&resize=525%2C300 1.5x, https:\/\/i0.wp.com\/ismaelcolosi.com.br\/wp-content\/uploads\/2023\/12\/tunel-scaled.jpeg?fit=842%2C645&ssl=1&resize=700%2C400 2x"},"classes":[]},{"id":57758,"url":"https:\/\/ismaelcolosi.com.br\/index.php\/2024\/07\/24\/tunel-de-ribeirao-preto-e-interditado-pela-segunda-vez-em-menos-de-uma-semana\/","url_meta":{"origin":61020,"position":5},"title":"T\u00fanel de Ribeir\u00e3o Preto \u00e9 interditado pela segunda vez em menos de uma semana","author":"ismaelcolosi.com.br","date":"24 de July de 2024","format":false,"excerpt":"O\u00a0t\u00fanel Jos\u00e9 Bonif\u00e1cio de Andrada e Silva, entre as\u00a0avenidas Independ\u00eancia\u00a0e\u00a0Presidente Vargas, em\u00a0Ribeir\u00e3o Preto, foi interditado nesta quarta-feira (24). Esta a segunda interdi\u00e7\u00e3o do dispositivo vi\u00e1rio em um per\u00edodo de seis dias, j\u00e1 que na \u00faltima quinta-feira (18) tamb\u00e9m houve o fechamento do acesso. A RP Mobi informou, por meio de\u2026","rel":"","context":"In &quot;Not\u00edcias de Ribeir\u00e3o Preto-SP e Regi\u00e3o&quot;","block_context":{"text":"Not\u00edcias de Ribeir\u00e3o Preto-SP e Regi\u00e3o","link":"https:\/\/ismaelcolosi.com.br\/index.php\/category\/noticias-de-ribeirao-preto-sp-e-regiao-ismael-colosi\/"},"img":{"alt_text":"","src":"https:\/\/i0.wp.com\/ismaelcolosi.com.br\/wp-content\/uploads\/2024\/07\/TUNEL_2024-07-24_14-19-23_jpg_2024-07-24_14-19-23.webp.webp?fit=1200%2C882&ssl=1&resize=350%2C200","width":350,"height":200,"srcset":"https:\/\/i0.wp.com\/ismaelcolosi.com.br\/wp-content\/uploads\/2024\/07\/TUNEL_2024-07-24_14-19-23_jpg_2024-07-24_14-19-23.webp.webp?fit=1200%2C882&ssl=1&resize=350%2C200 1x, https:\/\/i0.wp.com\/ismaelcolosi.com.br\/wp-content\/uploads\/2024\/07\/TUNEL_2024-07-24_14-19-23_jpg_2024-07-24_14-19-23.webp.webp?fit=1200%2C882&ssl=1&resize=525%2C300 1.5x, https:\/\/i0.wp.com\/ismaelcolosi.com.br\/wp-content\/uploads\/2024\/07\/TUNEL_2024-07-24_14-19-23_jpg_2024-07-24_14-19-23.webp.webp?fit=1200%2C882&ssl=1&resize=700%2C400 2x, https:\/\/i0.wp.com\/ismaelcolosi.com.br\/wp-content\/uploads\/2024\/07\/TUNEL_2024-07-24_14-19-23_jpg_2024-07-24_14-19-23.webp.webp?fit=1200%2C882&ssl=1&resize=1050%2C600 3x"},"classes":[]}],"jetpack_sharing_enabled":true,"jetpack_shortlink":"https:\/\/wp.me\/pfMlyK-fSc","_links":{"self":[{"href":"https:\/\/ismaelcolosi.com.br\/index.php\/wp-json\/wp\/v2\/posts\/61020","targetHints":{"allow":["GET"]}}],"collection":[{"href":"https:\/\/ismaelcolosi.com.br\/index.php\/wp-json\/wp\/v2\/posts"}],"about":[{"href":"https:\/\/ismaelcolosi.com.br\/index.php\/wp-json\/wp\/v2\/types\/post"}],"author":[{"embeddable":true,"href":"https:\/\/ismaelcolosi.com.br\/index.php\/wp-json\/wp\/v2\/users\/1"}],"replies":[{"embeddable":true,"href":"https:\/\/ismaelcolosi.com.br\/index.php\/wp-json\/wp\/v2\/comments?post=61020"}],"version-history":[{"count":0,"href":"https:\/\/ismaelcolosi.com.br\/index.php\/wp-json\/wp\/v2\/posts\/61020\/revisions"}],"wp:featuredmedia":[{"embeddable":true,"href":"https:\/\/ismaelcolosi.com.br\/index.php\/wp-json\/wp\/v2\/media\/61021"}],"wp:attachment":[{"href":"https:\/\/ismaelcolosi.com.br\/index.php\/wp-json\/wp\/v2\/media?parent=61020"}],"wp:term":[{"taxonomy":"category","embeddable":true,"href":"https:\/\/ismaelcolosi.com.br\/index.php\/wp-json\/wp\/v2\/categories?post=61020"},{"taxonomy":"post_tag","embeddable":true,"href":"https:\/\/ismaelcolosi.com.br\/index.php\/wp-json\/wp\/v2\/tags?post=61020"}],"curies":[{"name":"wp","href":"https:\/\/api.w.org\/{rel}","templated":true}]}}