{"id":61015,"date":"2024-08-19T18:51:58","date_gmt":"2024-08-19T21:51:58","guid":{"rendered":"https:\/\/ismaelcolosi.com.br\/index.php\/2024\/08\/19\/ferrugem-traz-turne-comemorativa-para-ribeirao-preto-veja-quando-sera-o-show\/"},"modified":"2024-08-19T18:51:58","modified_gmt":"2024-08-19T21:51:58","slug":"ferrugem-traz-turne-comemorativa-para-ribeirao-preto-veja-quando-sera-o-show","status":"publish","type":"post","link":"https:\/\/ismaelcolosi.com.br\/index.php\/2024\/08\/19\/ferrugem-traz-turne-comemorativa-para-ribeirao-preto-veja-quando-sera-o-show\/","title":{"rendered":"Ferrugem traz turn\u00ea comemorativa para Ribeir\u00e3o Preto; Veja quando ser\u00e1 o show"},"content":{"rendered":"<p> <br \/>\n<\/p>\n<div>\n<p>O cantor e compositor <strong>Ferrugem <\/strong>traz para <strong>Ribeir\u00e3o Preto<\/strong> uma turn\u00ea especial que <strong>celebra seus 10 anos de estrada<\/strong>. A apresenta\u00e7\u00e3o acontece no dia 5 de outubro, no restaurante Fazendinha, na zona Norte do munic\u00edpio.<\/p>\n<p>De acordo com a organiza\u00e7\u00e3o, os ingressos ser\u00e3o vendidos <strong>a partir de R$ 60<\/strong> e a <mark style=\"background-color:#fcb900\" class=\"has-inline-color\"><strong>pr\u00e9-venda acontece \u00e0s 12h, nesta ter\u00e7a-feira (20) de forma on-line (<a href=\"https:\/\/www.guicheweb.com.br\/cadastro-pre-venda-ferrugem_34342\" target=\"_blank\" rel=\"noreferrer noopener\">clique aqui<\/a>)<\/strong>, <strong>durante 48 horas<\/strong><\/mark> \u2013 veja valores abaixo.<\/p>\n<p>A turn\u00ea \u201c<strong>Ferrugem 10 Anos\u201d<\/strong> j\u00e1 passou por Salvador, Curitiba, Vit\u00f3ria e Rio de Janeiro, e re\u00fane os sucessos da trajet\u00f3ria do m\u00fasico, incluindo faixas in\u00e9ditas, que foram pensadas especialmente para o show comemorativo, como \u201c<strong>Me Bloqueia<\/strong>\u201d, \u201c<strong>Apaguei pra Todos<\/strong>\u201d e \u201c<strong>Replay<\/strong>\u201d.<\/p>\n<p>Atualmente, <strong>Ferrugem <\/strong>est\u00e1 <strong>entre os cantores de pagode e samba mais ouvidos do Spotify<\/strong>, com mais de 8,04 milh\u00f5es de ouvintes mensais.<\/p>\n<p>O artista tamb\u00e9m acumula mais de 3,3 bilh\u00f5es de visualiza\u00e7\u00f5es em seus v\u00eddeos no Youtube e diversas indica\u00e7\u00f5es a premia\u00e7\u00f5es, como<strong> Grammy Latino<\/strong>, <strong>Pr\u00eamio Multishow<\/strong> e <strong>Trof\u00e9u Melhores do Ano<\/strong>.<\/p>\n<h3 class=\"wp-block-heading\"><strong>Valores e setores<\/strong><\/h3>\n<ul>\n<li><strong>\u00c1rea Vip Open Bar (Cerveja, Vodka, Refrigerante, Suco e \u00c1gua)<\/strong> \u2013 R$ 180,00 <\/li>\n<\/ul>\n<ul>\n<li><strong>Bistr\u00f4 (para 04 pessoas)<\/strong> \u2013 R$ 800,00<\/li>\n<\/ul>\n<h4 class=\"wp-block-heading\"><strong>Servi\u00e7o<\/strong><\/h4>\n<p><em>Ferrugem 10 anos<\/em><\/p>\n<p><strong>Quando:<\/strong>\u00a005 de outubro (s\u00e1bado)<\/p>\n<p><strong>Local:<\/strong>\u00a0Restaurante Fazendinha \u2013 rodovia Anhanguera (SP-330), Km 316,5 \u2013 Jardim Salgado Filho\u00a0\u00a0\u00a0\u00a0\u00a0\u00a0\u00a0<\/p>\n<p><strong>Informa\u00e7\u00f5es:<\/strong>\u00a0(16) 4141-3138<\/p>\n<p><strong>Classifica\u00e7\u00e3o:<\/strong>\u00a018 anos\u00a0\u00a0\u00a0\u00a0<\/p>\n<p><iframe loading=\"lazy\" title=\"Ferrugem - Me Bloqueia (Ferrugem 10 Anos - Ao Vivo)\" width=\"500\" height=\"281\" src=\"https:\/\/www.youtube.com\/embed\/ZFICdvcRm0Q?feature=oembed\" frameborder=\"0\" allow=\"accelerometer; autoplay; clipboard-write; encrypted-media; gyroscope; picture-in-picture; web-share\" referrerpolicy=\"strict-origin-when-cross-origin\" allowfullscreen><\/iframe><\/p>\n<hr class=\"wp-block-separator has-alpha-channel-opacity\"\/>\n<p>SAIBA MAIS<\/p>\n<p>Mostra Casacor Ribeir\u00e3o Preto 2024 come\u00e7a nesta ter\u00e7a-feira<\/p>\n<h4 class=\"wp-block-heading\"><strong>FIQUE ON<\/strong><\/h4>\n<p>Fique ligado em tudo que acontece em Ribeir\u00e3o Preto e regi\u00e3o. Siga os perfis do\u00a0<strong>acidade on<\/strong>\u00a0no<a href=\"https:\/\/www.instagram.com\/acidadeonribeirao\" target=\"_blank\" rel=\"noreferrer noopener\">\u00a0Instagram\u00a0<\/a>e no\u00a0<a href=\"https:\/\/www.facebook.com\/acidadeonribeirao\/\" target=\"_blank\" rel=\"noreferrer noopener\">Facebook<\/a>.<\/p>\n<p>Receba not\u00edcias do<strong>\u00a0acidade on<\/strong>\u00a0no WhatsApp.\u00a0<a href=\"https:\/\/chat.whatsapp.com\/Dtv9mxhy6V5BJBotM2OQ5k\" target=\"_blank\" rel=\"noreferrer noopener\">Para entrar no grupo, basta clicar aqui.<\/a><\/p>\n<p>Fa\u00e7a uma den\u00fancia ou sugira uma reportagem sobre Ribeir\u00e3o Preto e regi\u00e3o pelo WhatsApp: 16 99117 7802.<\/p>\n<p>VEJA TAMB\u00c9M<\/p>\n<p>Thiaguinho estar\u00e1 hoje no \u2018Estrela da Casa\u2019?\u00a0<\/p>\n<p><!-- CONTENT END 1 -->\n<\/div>\n<p><script async src=\"\/\/www.instagram.com\/embed.js\"><\/script><br \/>\n<br \/><br \/>\n<br \/><a href=\"https:\/\/www.acidadeon.com\/ribeiraopreto\/lazer-e-cultura\/ferrugem-traz-turne-comemorativa-para-ribeirao-preto-veja-quando-sera-o-show\/\">Source link <\/a><\/p>\n","protected":false},"excerpt":{"rendered":"<p>O cantor e compositor Ferrugem traz para Ribeir\u00e3o Preto uma turn\u00ea especial que celebra seus 10 anos de estrada. A apresenta\u00e7\u00e3o acontece no dia 5&#8230;<\/p>\n","protected":false},"author":1,"featured_media":61016,"comment_status":"open","ping_status":"open","sticky":false,"template":"","format":"standard","meta":{"_uag_custom_page_level_css":"","advanced_seo_description":"","jetpack_seo_html_title":"","jetpack_seo_noindex":false,"jetpack_post_was_ever_published":false,"_jetpack_newsletter_access":"","_jetpack_dont_email_post_to_subs":false,"_jetpack_newsletter_tier_id":0,"_jetpack_memberships_contains_paywalled_content":false,"_jetpack_memberships_contains_paid_content":false,"footnotes":"","jetpack_publicize_message":"","jetpack_publicize_feature_enabled":true,"jetpack_social_post_already_shared":true,"jetpack_social_options":{"image_generator_settings":{"template":"highway","default_image_id":0,"font":"","enabled":false},"version":2}},"categories":[11],"tags":[],"class_list":["post-61015","post","type-post","status-publish","format-standard","has-post-thumbnail","hentry","category-noticias-de-ribeirao-preto-sp-e-regiao-ismael-colosi"],"jetpack_publicize_connections":[],"jetpack_featured_media_url":"https:\/\/i0.wp.com\/ismaelcolosi.com.br\/wp-content\/uploads\/2024\/08\/Copia-de-Copia-de-Copia-de-TAMANHO-EXATO-PARA-FOTOS-NO-SISTEMA-NOVO-13_2024-08-19_21-21-02_png_2024-08-19_21-21-02.webp.webp?fit=1200%2C675&ssl=1","uagb_featured_image_src":{"full":["https:\/\/i0.wp.com\/ismaelcolosi.com.br\/wp-content\/uploads\/2024\/08\/Copia-de-Copia-de-Copia-de-TAMANHO-EXATO-PARA-FOTOS-NO-SISTEMA-NOVO-13_2024-08-19_21-21-02_png_2024-08-19_21-21-02.webp.webp?fit=1200%2C675&ssl=1",1200,675,false],"thumbnail":["https:\/\/i0.wp.com\/ismaelcolosi.com.br\/wp-content\/uploads\/2024\/08\/Copia-de-Copia-de-Copia-de-TAMANHO-EXATO-PARA-FOTOS-NO-SISTEMA-NOVO-13_2024-08-19_21-21-02_png_2024-08-19_21-21-02.webp.webp?resize=150%2C150&ssl=1",150,150,true],"medium":["https:\/\/i0.wp.com\/ismaelcolosi.com.br\/wp-content\/uploads\/2024\/08\/Copia-de-Copia-de-Copia-de-TAMANHO-EXATO-PARA-FOTOS-NO-SISTEMA-NOVO-13_2024-08-19_21-21-02_png_2024-08-19_21-21-02.webp.webp?fit=300%2C169&ssl=1",300,169,true],"medium_large":["https:\/\/i0.wp.com\/ismaelcolosi.com.br\/wp-content\/uploads\/2024\/08\/Copia-de-Copia-de-Copia-de-TAMANHO-EXATO-PARA-FOTOS-NO-SISTEMA-NOVO-13_2024-08-19_21-21-02_png_2024-08-19_21-21-02.webp.webp?fit=768%2C432&ssl=1",768,432,true],"large":["https:\/\/i0.wp.com\/ismaelcolosi.com.br\/wp-content\/uploads\/2024\/08\/Copia-de-Copia-de-Copia-de-TAMANHO-EXATO-PARA-FOTOS-NO-SISTEMA-NOVO-13_2024-08-19_21-21-02_png_2024-08-19_21-21-02.webp.webp?fit=1024%2C576&ssl=1",1024,576,true],"1536x1536":["https:\/\/i0.wp.com\/ismaelcolosi.com.br\/wp-content\/uploads\/2024\/08\/Copia-de-Copia-de-Copia-de-TAMANHO-EXATO-PARA-FOTOS-NO-SISTEMA-NOVO-13_2024-08-19_21-21-02_png_2024-08-19_21-21-02.webp.webp?fit=1200%2C675&ssl=1",1200,675,true],"2048x2048":["https:\/\/i0.wp.com\/ismaelcolosi.com.br\/wp-content\/uploads\/2024\/08\/Copia-de-Copia-de-Copia-de-TAMANHO-EXATO-PARA-FOTOS-NO-SISTEMA-NOVO-13_2024-08-19_21-21-02_png_2024-08-19_21-21-02.webp.webp?fit=1200%2C675&ssl=1",1200,675,true],"really-simple-thumb":["https:\/\/i0.wp.com\/ismaelcolosi.com.br\/wp-content\/uploads\/2024\/08\/Copia-de-Copia-de-Copia-de-TAMANHO-EXATO-PARA-FOTOS-NO-SISTEMA-NOVO-13_2024-08-19_21-21-02_png_2024-08-19_21-21-02.webp.webp?resize=370%2C247&ssl=1",370,247,true]},"uagb_author_info":{"display_name":"ismaelcolosi.com.br","author_link":"https:\/\/ismaelcolosi.com.br\/index.php\/author\/vidareal-online\/"},"uagb_comment_info":0,"uagb_excerpt":"O cantor e compositor Ferrugem traz para Ribeir\u00e3o Preto uma turn\u00ea especial que celebra seus 10 anos de estrada. A apresenta\u00e7\u00e3o acontece no dia 5...","jetpack-related-posts":[{"id":69001,"url":"https:\/\/ismaelcolosi.com.br\/index.php\/2024\/10\/02\/ferrugem-se-apresenta-neste-final-de-semana-em-ribeirao-preto\/","url_meta":{"origin":61015,"position":0},"title":"Ferrugem se apresenta neste final de semana em Ribeir\u00e3o Preto","author":"ismaelcolosi.com.br","date":"2 de October de 2024","format":false,"excerpt":"Depois de se apresentar no palco do Rock in Rio, o cantor e compositor Ferrugem traz um show especial para Ribeir\u00e3o Preto neste s\u00e1bado (5), \u00e0s 21h, no restaurante Fazendinha, zona Norte do munic\u00edpio. A apresenta\u00e7\u00e3o faz parte da turn\u00ea que celebra os 10 anos de carreira do artista. Os\u2026","rel":"","context":"In &quot;Not\u00edcias de Ribeir\u00e3o Preto-SP e Regi\u00e3o&quot;","block_context":{"text":"Not\u00edcias de Ribeir\u00e3o Preto-SP e Regi\u00e3o","link":"https:\/\/ismaelcolosi.com.br\/index.php\/category\/noticias-de-ribeirao-preto-sp-e-regiao-ismael-colosi\/"},"img":{"alt_text":"","src":"https:\/\/i0.wp.com\/ismaelcolosi.com.br\/wp-content\/uploads\/2024\/10\/Copia-de-Copia-de-Copia-de-TAMANHO-EXATO-PARA-FOTOS-NO-SISTEMA-NOVO-91_2024-10-02_22-58-11_png_2024-10-02_22-58-11.webp.webp?fit=1200%2C675&ssl=1&resize=350%2C200","width":350,"height":200,"srcset":"https:\/\/i0.wp.com\/ismaelcolosi.com.br\/wp-content\/uploads\/2024\/10\/Copia-de-Copia-de-Copia-de-TAMANHO-EXATO-PARA-FOTOS-NO-SISTEMA-NOVO-91_2024-10-02_22-58-11_png_2024-10-02_22-58-11.webp.webp?fit=1200%2C675&ssl=1&resize=350%2C200 1x, https:\/\/i0.wp.com\/ismaelcolosi.com.br\/wp-content\/uploads\/2024\/10\/Copia-de-Copia-de-Copia-de-TAMANHO-EXATO-PARA-FOTOS-NO-SISTEMA-NOVO-91_2024-10-02_22-58-11_png_2024-10-02_22-58-11.webp.webp?fit=1200%2C675&ssl=1&resize=525%2C300 1.5x, https:\/\/i0.wp.com\/ismaelcolosi.com.br\/wp-content\/uploads\/2024\/10\/Copia-de-Copia-de-Copia-de-TAMANHO-EXATO-PARA-FOTOS-NO-SISTEMA-NOVO-91_2024-10-02_22-58-11_png_2024-10-02_22-58-11.webp.webp?fit=1200%2C675&ssl=1&resize=700%2C400 2x, https:\/\/i0.wp.com\/ismaelcolosi.com.br\/wp-content\/uploads\/2024\/10\/Copia-de-Copia-de-Copia-de-TAMANHO-EXATO-PARA-FOTOS-NO-SISTEMA-NOVO-91_2024-10-02_22-58-11_png_2024-10-02_22-58-11.webp.webp?fit=1200%2C675&ssl=1&resize=1050%2C600 3x"},"classes":[]},{"id":57906,"url":"https:\/\/ismaelcolosi.com.br\/index.php\/2024\/07\/25\/ferrugem-diogo-nogueira-e-molejo-se-apresentam-na-regiao-de-ribeirao-preto\/","url_meta":{"origin":61015,"position":1},"title":"Ferrugem, Diogo Nogueira e Molejo se apresentam na regi\u00e3o de Ribeir\u00e3o Preto","author":"ismaelcolosi.com.br","date":"25 de July de 2024","format":false,"excerpt":"A Feijoada Sama\u00fama acontece neste s\u00e1bado (27) no Parque do Pe\u00e3o, em Barretos, na regi\u00e3o de Ribeir\u00e3o Preto, e contar\u00e1 com apresenta\u00e7\u00f5es de artistas como Ferrugem e Diogo Nogueira, al\u00e9m do Grupo Molejo. Uma das atra\u00e7\u00f5es, Diogo Nogueira, traz no seu setlist os maiores sucessos da carreira como: \u201cP\u00e9 na\u2026","rel":"","context":"In &quot;Not\u00edcias de Ribeir\u00e3o Preto-SP e Regi\u00e3o&quot;","block_context":{"text":"Not\u00edcias de Ribeir\u00e3o Preto-SP e Regi\u00e3o","link":"https:\/\/ismaelcolosi.com.br\/index.php\/category\/noticias-de-ribeirao-preto-sp-e-regiao-ismael-colosi\/"},"img":{"alt_text":"","src":"https:\/\/i0.wp.com\/ismaelcolosi.com.br\/wp-content\/uploads\/2024\/07\/diogo-nogueira-ferrugem_2024-07-25_16-23-01_jpeg_2024-07-25_16-23-02.webp.webp?fit=1200%2C674&ssl=1&resize=350%2C200","width":350,"height":200,"srcset":"https:\/\/i0.wp.com\/ismaelcolosi.com.br\/wp-content\/uploads\/2024\/07\/diogo-nogueira-ferrugem_2024-07-25_16-23-01_jpeg_2024-07-25_16-23-02.webp.webp?fit=1200%2C674&ssl=1&resize=350%2C200 1x, https:\/\/i0.wp.com\/ismaelcolosi.com.br\/wp-content\/uploads\/2024\/07\/diogo-nogueira-ferrugem_2024-07-25_16-23-01_jpeg_2024-07-25_16-23-02.webp.webp?fit=1200%2C674&ssl=1&resize=525%2C300 1.5x, https:\/\/i0.wp.com\/ismaelcolosi.com.br\/wp-content\/uploads\/2024\/07\/diogo-nogueira-ferrugem_2024-07-25_16-23-01_jpeg_2024-07-25_16-23-02.webp.webp?fit=1200%2C674&ssl=1&resize=700%2C400 2x, https:\/\/i0.wp.com\/ismaelcolosi.com.br\/wp-content\/uploads\/2024\/07\/diogo-nogueira-ferrugem_2024-07-25_16-23-01_jpeg_2024-07-25_16-23-02.webp.webp?fit=1200%2C674&ssl=1&resize=1050%2C600 3x"},"classes":[]},{"id":69239,"url":"https:\/\/ismaelcolosi.com.br\/index.php\/2024\/10\/04\/ferrugem-francisco-el-hombre-e-feira-de-flores-veja-o-que-fazer-no-fim-de-semana-em-ribeirao-preto\/","url_meta":{"origin":61015,"position":2},"title":"Ferrugem, Francisco, el Hombre e feira de flores: Veja o que fazer no fim de semana em Ribeir\u00e3o Preto","author":"ismaelcolosi.com.br","date":"4 de October de 2024","format":false,"excerpt":"O fim de semana conta com muita op\u00e7\u00e3o boa para quem quer se divertir com amigos e fam\u00edlia. Entre os destaques est\u00e3o: shows de Ferrugem e da banda Francisco, el Hombre e a 6\u00aa edi\u00e7\u00e3o do CEAGESP em Flor. Ferrugem 10 anos O cantor Ferrugem se apresenta em Ribeir\u00e3o Preto\u2026","rel":"","context":"In &quot;Not\u00edcias de Ribeir\u00e3o Preto-SP e Regi\u00e3o&quot;","block_context":{"text":"Not\u00edcias de Ribeir\u00e3o Preto-SP e Regi\u00e3o","link":"https:\/\/ismaelcolosi.com.br\/index.php\/category\/noticias-de-ribeirao-preto-sp-e-regiao-ismael-colosi\/"},"img":{"alt_text":"","src":"https:\/\/i0.wp.com\/ismaelcolosi.com.br\/wp-content\/uploads\/2024\/10\/Copia-de-Copia-de-Copia-de-TAMANHO-EXATO-PARA-FOTOS-NO-SISTEMA-NOVO-19_2024-10-04_13-29-03_jpg_2024-10-04_13-29-03.webp.webp?fit=1200%2C675&ssl=1&resize=350%2C200","width":350,"height":200,"srcset":"https:\/\/i0.wp.com\/ismaelcolosi.com.br\/wp-content\/uploads\/2024\/10\/Copia-de-Copia-de-Copia-de-TAMANHO-EXATO-PARA-FOTOS-NO-SISTEMA-NOVO-19_2024-10-04_13-29-03_jpg_2024-10-04_13-29-03.webp.webp?fit=1200%2C675&ssl=1&resize=350%2C200 1x, https:\/\/i0.wp.com\/ismaelcolosi.com.br\/wp-content\/uploads\/2024\/10\/Copia-de-Copia-de-Copia-de-TAMANHO-EXATO-PARA-FOTOS-NO-SISTEMA-NOVO-19_2024-10-04_13-29-03_jpg_2024-10-04_13-29-03.webp.webp?fit=1200%2C675&ssl=1&resize=525%2C300 1.5x, https:\/\/i0.wp.com\/ismaelcolosi.com.br\/wp-content\/uploads\/2024\/10\/Copia-de-Copia-de-Copia-de-TAMANHO-EXATO-PARA-FOTOS-NO-SISTEMA-NOVO-19_2024-10-04_13-29-03_jpg_2024-10-04_13-29-03.webp.webp?fit=1200%2C675&ssl=1&resize=700%2C400 2x, https:\/\/i0.wp.com\/ismaelcolosi.com.br\/wp-content\/uploads\/2024\/10\/Copia-de-Copia-de-Copia-de-TAMANHO-EXATO-PARA-FOTOS-NO-SISTEMA-NOVO-19_2024-10-04_13-29-03_jpg_2024-10-04_13-29-03.webp.webp?fit=1200%2C675&ssl=1&resize=1050%2C600 3x"},"classes":[]},{"id":61020,"url":"https:\/\/ismaelcolosi.com.br\/index.php\/2024\/08\/19\/tunel-jose-bonifacio-sera-interditado-em-ribeirao-preto-veja-o-motivo\/","url_meta":{"origin":61015,"position":3},"title":"T\u00fanel Jos\u00e9 Bonif\u00e1cio ser\u00e1 interditado em Ribeir\u00e3o Preto; Veja o motivo","author":"ismaelcolosi.com.br","date":"19 de August de 2024","format":false,"excerpt":"O t\u00fanel Jos\u00e9 Bonif\u00e1cio, localizado entre as avenidas Independ\u00eancia e Presidente Vargas, em Ribeir\u00e3o Preto, ser\u00e1 interditado nesta ter\u00e7a-feira (20), a partir das 9h. De acordo com a RP Mobi, empresa que gerencia o tr\u00e2nsito do munic\u00edpio, o t\u00fanel vai passar por servi\u00e7o de manuten\u00e7\u00e3o das tampas dos po\u00e7os de\u2026","rel":"","context":"In &quot;Not\u00edcias de Ribeir\u00e3o Preto-SP e Regi\u00e3o&quot;","block_context":{"text":"Not\u00edcias de Ribeir\u00e3o Preto-SP e Regi\u00e3o","link":"https:\/\/ismaelcolosi.com.br\/index.php\/category\/noticias-de-ribeirao-preto-sp-e-regiao-ismael-colosi\/"},"img":{"alt_text":"","src":"https:\/\/i0.wp.com\/ismaelcolosi.com.br\/wp-content\/uploads\/2024\/08\/tunel-jose-bonifacio.jpeg?fit=1200%2C675&ssl=1&resize=350%2C200","width":350,"height":200,"srcset":"https:\/\/i0.wp.com\/ismaelcolosi.com.br\/wp-content\/uploads\/2024\/08\/tunel-jose-bonifacio.jpeg?fit=1200%2C675&ssl=1&resize=350%2C200 1x, https:\/\/i0.wp.com\/ismaelcolosi.com.br\/wp-content\/uploads\/2024\/08\/tunel-jose-bonifacio.jpeg?fit=1200%2C675&ssl=1&resize=525%2C300 1.5x, https:\/\/i0.wp.com\/ismaelcolosi.com.br\/wp-content\/uploads\/2024\/08\/tunel-jose-bonifacio.jpeg?fit=1200%2C675&ssl=1&resize=700%2C400 2x, https:\/\/i0.wp.com\/ismaelcolosi.com.br\/wp-content\/uploads\/2024\/08\/tunel-jose-bonifacio.jpeg?fit=1200%2C675&ssl=1&resize=1050%2C600 3x"},"classes":[]},{"id":63776,"url":"https:\/\/ismaelcolosi.com.br\/index.php\/2024\/09\/03\/fabio-jr-traz-turne-especial-para-ribeirao-preto\/","url_meta":{"origin":61015,"position":4},"title":"F\u00e1bio Jr. traz turn\u00ea especial para Ribeir\u00e3o Preto","author":"ismaelcolosi.com.br","date":"3 de September de 2024","format":false,"excerpt":"O cantor F\u00e1bio Jr. se apresenta em Ribeir\u00e3o Preto no dia 14 de setembro, \u00e0s 19h, no centro de eventos Multiplan Hall, localizado na zona Sul do munic\u00edpio, com a turn\u00ea \u201cBem Mais os Meus 20 e Poucos Anos\u201d. Os ingressos para o setor Mesa Vip A ainda est\u00e3o dispon\u00edveis\u2026","rel":"","context":"In &quot;Not\u00edcias de Ribeir\u00e3o Preto-SP e Regi\u00e3o&quot;","block_context":{"text":"Not\u00edcias de Ribeir\u00e3o Preto-SP e Regi\u00e3o","link":"https:\/\/ismaelcolosi.com.br\/index.php\/category\/noticias-de-ribeirao-preto-sp-e-regiao-ismael-colosi\/"},"img":{"alt_text":"","src":"https:\/\/i0.wp.com\/ismaelcolosi.com.br\/wp-content\/uploads\/2024\/09\/375280399_847289933428165_4039462473179689598_n_2024-09-04_00-15-55_jpg_2024-09-04_00-15-55.webp.webp?fit=1200%2C799&ssl=1&resize=350%2C200","width":350,"height":200,"srcset":"https:\/\/i0.wp.com\/ismaelcolosi.com.br\/wp-content\/uploads\/2024\/09\/375280399_847289933428165_4039462473179689598_n_2024-09-04_00-15-55_jpg_2024-09-04_00-15-55.webp.webp?fit=1200%2C799&ssl=1&resize=350%2C200 1x, https:\/\/i0.wp.com\/ismaelcolosi.com.br\/wp-content\/uploads\/2024\/09\/375280399_847289933428165_4039462473179689598_n_2024-09-04_00-15-55_jpg_2024-09-04_00-15-55.webp.webp?fit=1200%2C799&ssl=1&resize=525%2C300 1.5x, https:\/\/i0.wp.com\/ismaelcolosi.com.br\/wp-content\/uploads\/2024\/09\/375280399_847289933428165_4039462473179689598_n_2024-09-04_00-15-55_jpg_2024-09-04_00-15-55.webp.webp?fit=1200%2C799&ssl=1&resize=700%2C400 2x, https:\/\/i0.wp.com\/ismaelcolosi.com.br\/wp-content\/uploads\/2024\/09\/375280399_847289933428165_4039462473179689598_n_2024-09-04_00-15-55_jpg_2024-09-04_00-15-55.webp.webp?fit=1200%2C799&ssl=1&resize=1050%2C600 3x"},"classes":[]},{"id":37538,"url":"https:\/\/ismaelcolosi.com.br\/index.php\/2024\/02\/16\/gloria-traz-para-ribeirao-preto-turne-exclusiva-veja-quando-sera-o-show\/","url_meta":{"origin":61015,"position":5},"title":"Gloria traz para Ribeir\u00e3o Preto turn\u00ea exclusiva; Veja quando ser\u00e1 o show","author":"ismaelcolosi.com.br","date":"16 de February de 2024","format":false,"excerpt":"A banda Gloria se apresenta em Ribeir\u00e3o Preto, no dia 15 de mar\u00e7o, \u00e0s 20h, para celebrar os 15 anos do \u00e1lbum hom\u00f4nimo do grupo, um dos mais importantes da carreira. Essa ser\u00e1 a primeira de uma s\u00e9rie de apresenta\u00e7\u00f5es. O show acontece no Hous Drinkeria, localizado na avenida Nove\u2026","rel":"","context":"In &quot;Not\u00edcias de Ribeir\u00e3o Preto-SP e Regi\u00e3o&quot;","block_context":{"text":"Not\u00edcias de Ribeir\u00e3o Preto-SP e Regi\u00e3o","link":"https:\/\/ismaelcolosi.com.br\/index.php\/category\/noticias-de-ribeirao-preto-sp-e-regiao-ismael-colosi\/"},"img":{"alt_text":"","src":"https:\/\/i0.wp.com\/ismaelcolosi.com.br\/wp-content\/uploads\/2024\/02\/Copia-de-Copia-de-TAMANHO-EXATO-PARA-FOTOS-NO-SISTEMA-NOVO-37.png?fit=1200%2C675&ssl=1&resize=350%2C200","width":350,"height":200,"srcset":"https:\/\/i0.wp.com\/ismaelcolosi.com.br\/wp-content\/uploads\/2024\/02\/Copia-de-Copia-de-TAMANHO-EXATO-PARA-FOTOS-NO-SISTEMA-NOVO-37.png?fit=1200%2C675&ssl=1&resize=350%2C200 1x, https:\/\/i0.wp.com\/ismaelcolosi.com.br\/wp-content\/uploads\/2024\/02\/Copia-de-Copia-de-TAMANHO-EXATO-PARA-FOTOS-NO-SISTEMA-NOVO-37.png?fit=1200%2C675&ssl=1&resize=525%2C300 1.5x, https:\/\/i0.wp.com\/ismaelcolosi.com.br\/wp-content\/uploads\/2024\/02\/Copia-de-Copia-de-TAMANHO-EXATO-PARA-FOTOS-NO-SISTEMA-NOVO-37.png?fit=1200%2C675&ssl=1&resize=700%2C400 2x, https:\/\/i0.wp.com\/ismaelcolosi.com.br\/wp-content\/uploads\/2024\/02\/Copia-de-Copia-de-TAMANHO-EXATO-PARA-FOTOS-NO-SISTEMA-NOVO-37.png?fit=1200%2C675&ssl=1&resize=1050%2C600 3x"},"classes":[]}],"jetpack_sharing_enabled":true,"jetpack_shortlink":"https:\/\/wp.me\/pfMlyK-fS7","_links":{"self":[{"href":"https:\/\/ismaelcolosi.com.br\/index.php\/wp-json\/wp\/v2\/posts\/61015","targetHints":{"allow":["GET"]}}],"collection":[{"href":"https:\/\/ismaelcolosi.com.br\/index.php\/wp-json\/wp\/v2\/posts"}],"about":[{"href":"https:\/\/ismaelcolosi.com.br\/index.php\/wp-json\/wp\/v2\/types\/post"}],"author":[{"embeddable":true,"href":"https:\/\/ismaelcolosi.com.br\/index.php\/wp-json\/wp\/v2\/users\/1"}],"replies":[{"embeddable":true,"href":"https:\/\/ismaelcolosi.com.br\/index.php\/wp-json\/wp\/v2\/comments?post=61015"}],"version-history":[{"count":0,"href":"https:\/\/ismaelcolosi.com.br\/index.php\/wp-json\/wp\/v2\/posts\/61015\/revisions"}],"wp:featuredmedia":[{"embeddable":true,"href":"https:\/\/ismaelcolosi.com.br\/index.php\/wp-json\/wp\/v2\/media\/61016"}],"wp:attachment":[{"href":"https:\/\/ismaelcolosi.com.br\/index.php\/wp-json\/wp\/v2\/media?parent=61015"}],"wp:term":[{"taxonomy":"category","embeddable":true,"href":"https:\/\/ismaelcolosi.com.br\/index.php\/wp-json\/wp\/v2\/categories?post=61015"},{"taxonomy":"post_tag","embeddable":true,"href":"https:\/\/ismaelcolosi.com.br\/index.php\/wp-json\/wp\/v2\/tags?post=61015"}],"curies":[{"name":"wp","href":"https:\/\/api.w.org\/{rel}","templated":true}]}}