{"id":61006,"date":"2024-08-19T18:02:36","date_gmt":"2024-08-19T21:02:36","guid":{"rendered":"https:\/\/ismaelcolosi.com.br\/index.php\/2024\/08\/19\/casal-e-vitima-de-sequestro-relampago-em-ribeirao-preto\/"},"modified":"2024-08-19T18:02:36","modified_gmt":"2024-08-19T21:02:36","slug":"casal-e-vitima-de-sequestro-relampago-em-ribeirao-preto","status":"publish","type":"post","link":"https:\/\/ismaelcolosi.com.br\/index.php\/2024\/08\/19\/casal-e-vitima-de-sequestro-relampago-em-ribeirao-preto\/","title":{"rendered":"Casal \u00e9 v\u00edtima de sequestro rel\u00e2mpago em Ribeir\u00e3o Preto"},"content":{"rendered":"<p> <br \/>\n<\/p>\n<div>\n<p>Um <strong>casal <\/strong>foi v\u00edtima de <strong>sequestro rel\u00e2mpago<\/strong> em <strong>Ribeir\u00e3o Preto<\/strong> no \u00faltimo s\u00e1bado (17). Os criminosos levaram o <strong>carro em que as v\u00edtimas estavam<\/strong>, <strong>R$ 70 em dinheiro<\/strong>, <strong>cart\u00f5es<\/strong>, <strong>celulares<\/strong>, <strong>\u00f3culos de sol<\/strong> e um <strong>rel\u00f3gio<\/strong>.<\/p>\n<p>De acordo com as informa\u00e7\u00f5es do <strong>boletim de ocorr\u00eancia (BO)<\/strong>, as v\u00edtimas foram abordadas no bairro Nova Alian\u00e7a, zona Sul do munic\u00edpio, por duas pessoas, sendo que uma delas estava armada.<\/p>\n<p>Conforme o registro, eles entraram no banco de tr\u00e1s do autom\u00f3vel e obrigaram que uma das v\u00edtimas dirigisse pelo <strong>Anel Vi\u00e1rio Sul <\/strong>no sentido <strong>Sert\u00e3ozinho<\/strong>.<\/p>\n<p><mark style=\"background-color:#fcb900\" class=\"has-inline-color\">Pr\u00f3ximo ao trevo que d\u00e1 acesso a cidade de <strong>Dumont<\/strong>, os criminosos ordenaram que a v\u00edtima seguisse em dire\u00e7\u00e3o a <strong>Funda\u00e7\u00e3o Casa de Ribeir\u00e3o Preto<\/strong> e, logo na sequ\u00eancia, pararam pr\u00f3ximo \u00e0 entrada de uma ch\u00e1cara.<\/mark><\/p>\n<p>Neste momento, segundo o relato, eles pediram a senha dos celulares das v\u00edtimas e exigiram que eles realizassem <strong>transfer\u00eancias banc\u00e1rias via pix<\/strong>.<\/p>\n<p><strong><mark style=\"background-color:#fcb900\" class=\"has-inline-color\">Devido ao nervosismo, o casal n\u00e3o conseguiu realizar as transa\u00e7\u00f5es<\/mark><\/strong>. Ap\u00f3s isso, os criminosos ordenaram que a v\u00edtima retornasse com o carro ao Anel Vi\u00e1rio Sul e seguisse at\u00e9 o shopping Iguatemi.<\/p>\n<p>Em seguida, o casal foi abandonado na <strong>avenida Luiz Eduardo Toledo Prado<\/strong> e os sequestradores fugiram com o ve\u00edculo. <strong>As v\u00edtimas n\u00e3o ficaram feridas.<\/strong><\/p>\n<p>O casal conseguiu uma carona para retornar at\u00e9 o shopping e acionaram a <strong>Pol\u00edcia Militar (PM)<\/strong>. O boletim de ocorr\u00eancia foi registrado como roubo e at\u00e9 o encerramento desta mat\u00e9ria, nenhum suspeito foi preso.<\/p>\n<hr class=\"wp-block-separator has-alpha-channel-opacity\"\/>\n<p>SAIBA MAIS<\/p>\n<p>STJ abre concurso p\u00fablico com sal\u00e1rios de R$ 12 mil; Veja como participar<\/p>\n<h4 class=\"wp-block-heading\"><strong>FIQUE ON<\/strong><\/h4>\n<p>Fique ligado em tudo que acontece em Ribeir\u00e3o Preto e regi\u00e3o. Siga os perfis do\u00a0<strong>acidade on<\/strong>\u00a0no\u00a0<a href=\"https:\/\/www.instagram.com\/acidadeonribeirao\" target=\"_blank\" rel=\"noreferrer noopener\">Instagram<\/a>\u00a0e no\u00a0<a href=\"https:\/\/www.facebook.com\/acidadeonribeirao\/\" target=\"_blank\" rel=\"noreferrer noopener\">Facebook<\/a>.<\/p>\n<p>Receba not\u00edcias do\u00a0<strong>acidade on<\/strong>\u00a0no WhatsApp. Para entrar no grupo, basta\u00a0<a href=\"https:\/\/chat.whatsapp.com\/Dtv9mxhy6V5BJBotM2OQ5k\" target=\"_blank\" rel=\"noreferrer noopener\">clicar aqui<\/a>.<\/p>\n<p>Fa\u00e7a uma den\u00fancia ou sugira uma reportagem sobre Ribeir\u00e3o Preto e regi\u00e3o pelo WhatsApp: 16 99117 7802.<\/p>\n<p>VEJA TAMB\u00c9M<\/p>\n<p>Quem vai sair na Batalha do \u2018Estrela da Casa\u2019?<\/p>\n<p><!-- CONTENT END 1 -->\n<\/div>\n<p><script async src=\"\/\/www.instagram.com\/embed.js\"><\/script><br \/>\n<br \/><br \/>\n<br \/><a href=\"https:\/\/www.acidadeon.com\/ribeiraopreto\/cotidiano\/casal-e-vitima-de-sequestro-relampago-em-ribeirao-preto\/\">Source link <\/a><\/p>\n","protected":false},"excerpt":{"rendered":"<p>Um casal foi v\u00edtima de sequestro rel\u00e2mpago em Ribeir\u00e3o Preto no \u00faltimo s\u00e1bado (17). Os criminosos levaram o carro em que as v\u00edtimas estavam, R$&#8230;<\/p>\n","protected":false},"author":1,"featured_media":39917,"comment_status":"open","ping_status":"open","sticky":false,"template":"","format":"standard","meta":{"_uag_custom_page_level_css":"","advanced_seo_description":"","jetpack_seo_html_title":"","jetpack_seo_noindex":false,"jetpack_post_was_ever_published":false,"_jetpack_newsletter_access":"","_jetpack_dont_email_post_to_subs":false,"_jetpack_newsletter_tier_id":0,"_jetpack_memberships_contains_paywalled_content":false,"_jetpack_memberships_contains_paid_content":false,"footnotes":"","jetpack_publicize_message":"","jetpack_publicize_feature_enabled":true,"jetpack_social_post_already_shared":true,"jetpack_social_options":{"image_generator_settings":{"template":"highway","default_image_id":0,"font":"","enabled":false},"version":2}},"categories":[11],"tags":[],"class_list":["post-61006","post","type-post","status-publish","format-standard","has-post-thumbnail","hentry","category-noticias-de-ribeirao-preto-sp-e-regiao-ismael-colosi"],"jetpack_publicize_connections":[],"jetpack_featured_media_url":"https:\/\/ismaelcolosi.com.br\/wp-content\/uploads\/2024\/02\/whatsapp_image_2022-08-14_at_12_10_03.jpe","uagb_featured_image_src":{"full":["https:\/\/ismaelcolosi.com.br\/wp-content\/uploads\/2024\/02\/whatsapp_image_2022-08-14_at_12_10_03.jpe",1280,853,false],"thumbnail":["https:\/\/ismaelcolosi.com.br\/wp-content\/uploads\/2024\/02\/whatsapp_image_2022-08-14_at_12_10_03-150x150.jpe",150,150,true],"medium":["https:\/\/ismaelcolosi.com.br\/wp-content\/uploads\/2024\/02\/whatsapp_image_2022-08-14_at_12_10_03-300x200.jpe",300,200,true],"medium_large":["https:\/\/ismaelcolosi.com.br\/wp-content\/uploads\/2024\/02\/whatsapp_image_2022-08-14_at_12_10_03-768x512.jpe",768,512,true],"large":["https:\/\/ismaelcolosi.com.br\/wp-content\/uploads\/2024\/02\/whatsapp_image_2022-08-14_at_12_10_03-1024x682.jpe",1024,682,true],"1536x1536":["https:\/\/ismaelcolosi.com.br\/wp-content\/uploads\/2024\/02\/whatsapp_image_2022-08-14_at_12_10_03.jpe",1280,853,false],"2048x2048":["https:\/\/ismaelcolosi.com.br\/wp-content\/uploads\/2024\/02\/whatsapp_image_2022-08-14_at_12_10_03.jpe",1280,853,false],"really-simple-thumb":["https:\/\/ismaelcolosi.com.br\/wp-content\/uploads\/2024\/02\/whatsapp_image_2022-08-14_at_12_10_03-370x247.jpe",370,247,true]},"uagb_author_info":{"display_name":"ismaelcolosi.com.br","author_link":"https:\/\/ismaelcolosi.com.br\/index.php\/author\/vidareal-online\/"},"uagb_comment_info":0,"uagb_excerpt":"Um casal foi v\u00edtima de sequestro rel\u00e2mpago em Ribeir\u00e3o Preto no \u00faltimo s\u00e1bado (17). Os criminosos levaram o carro em que as v\u00edtimas estavam, R$...","jetpack-related-posts":[{"id":56636,"url":"https:\/\/ismaelcolosi.com.br\/index.php\/2024\/07\/13\/empresario-e-socio-sofrem-sequestro-relampago-na-zona-sul-de-ribeirao-preto\/","url_meta":{"origin":61006,"position":0},"title":"Empres\u00e1rio e s\u00f3cio sofrem sequestro-rel\u00e2mpago na zona Sul de Ribeir\u00e3o Preto","author":"ismaelcolosi.com.br","date":"13 de July de 2024","format":false,"excerpt":"Um empres\u00e1rio de 47 anos e seu s\u00f3cio foram v\u00edtimas de um sequestro rel\u00e2mpago na zona Sul de Ribeir\u00e3o Preto, na madrugada de sexta-feira (12). O empres\u00e1rio estima que os criminosos roubaram aproximadamente 20 mil por meio de transa\u00e7\u00f5es via Pix. A v\u00edtima informou \u00e0 pol\u00edcia no boletim de ocorr\u00eancia\u2026","rel":"","context":"In &quot;Not\u00edcias de Ribeir\u00e3o Preto-SP e Regi\u00e3o&quot;","block_context":{"text":"Not\u00edcias de Ribeir\u00e3o Preto-SP e Regi\u00e3o","link":"https:\/\/ismaelcolosi.com.br\/index.php\/category\/noticias-de-ribeirao-preto-sp-e-regiao-ismael-colosi\/"},"img":{"alt_text":"","src":"https:\/\/i0.wp.com\/ismaelcolosi.com.br\/wp-content\/uploads\/2024\/07\/1720894891_cpj_1024x576_21012021092745.jpg?fit=1024%2C575&ssl=1&resize=350%2C200","width":350,"height":200,"srcset":"https:\/\/i0.wp.com\/ismaelcolosi.com.br\/wp-content\/uploads\/2024\/07\/1720894891_cpj_1024x576_21012021092745.jpg?fit=1024%2C575&ssl=1&resize=350%2C200 1x, https:\/\/i0.wp.com\/ismaelcolosi.com.br\/wp-content\/uploads\/2024\/07\/1720894891_cpj_1024x576_21012021092745.jpg?fit=1024%2C575&ssl=1&resize=525%2C300 1.5x, https:\/\/i0.wp.com\/ismaelcolosi.com.br\/wp-content\/uploads\/2024\/07\/1720894891_cpj_1024x576_21012021092745.jpg?fit=1024%2C575&ssl=1&resize=700%2C400 2x"},"classes":[]},{"id":56633,"url":"https:\/\/ismaelcolosi.com.br\/index.php\/2024\/07\/13\/empresario-e-socio-sofrem-sequestro-relampago-e-tem-r-20-mil-roubados-em-ribeirao\/","url_meta":{"origin":61006,"position":1},"title":"Empres\u00e1rio e s\u00f3cio sofrem sequestro-rel\u00e2mpago e t\u00eam R$ 20 mil roubados em Ribeir\u00e3o","author":"ismaelcolosi.com.br","date":"13 de July de 2024","format":false,"excerpt":"Um empres\u00e1rio de 47 anos e seu s\u00f3cio foram v\u00edtimas de um sequestro rel\u00e2mpago na zona Sul de Ribeir\u00e3o Preto, na madrugada de sexta-feira (12). O empres\u00e1rio estima que os criminosos roubaram aproximadamente 20 mil por meio de transa\u00e7\u00f5es via Pix. A v\u00edtima informou \u00e0 pol\u00edcia no boletim de ocorr\u00eancia\u2026","rel":"","context":"In &quot;Not\u00edcias de Ribeir\u00e3o Preto-SP e Regi\u00e3o&quot;","block_context":{"text":"Not\u00edcias de Ribeir\u00e3o Preto-SP e Regi\u00e3o","link":"https:\/\/ismaelcolosi.com.br\/index.php\/category\/noticias-de-ribeirao-preto-sp-e-regiao-ismael-colosi\/"},"img":{"alt_text":"","src":"https:\/\/i0.wp.com\/ismaelcolosi.com.br\/wp-content\/uploads\/2024\/07\/1720892622_cpj_1024x576_21012021092745.jpg?fit=1024%2C575&ssl=1&resize=350%2C200","width":350,"height":200,"srcset":"https:\/\/i0.wp.com\/ismaelcolosi.com.br\/wp-content\/uploads\/2024\/07\/1720892622_cpj_1024x576_21012021092745.jpg?fit=1024%2C575&ssl=1&resize=350%2C200 1x, https:\/\/i0.wp.com\/ismaelcolosi.com.br\/wp-content\/uploads\/2024\/07\/1720892622_cpj_1024x576_21012021092745.jpg?fit=1024%2C575&ssl=1&resize=525%2C300 1.5x, https:\/\/i0.wp.com\/ismaelcolosi.com.br\/wp-content\/uploads\/2024\/07\/1720892622_cpj_1024x576_21012021092745.jpg?fit=1024%2C575&ssl=1&resize=700%2C400 2x"},"classes":[]},{"id":61787,"url":"https:\/\/ismaelcolosi.com.br\/index.php\/2024\/08\/23\/gcm-e-namorada-sofrem-sequestro-relampago-na-zona-sul-de-ribeirao\/","url_meta":{"origin":61006,"position":2},"title":"GCM e namorada sofrem sequestro-rel\u00e2mpago na zona Sul de Ribeir\u00e3o","author":"ismaelcolosi.com.br","date":"23 de August de 2024","format":false,"excerpt":"Um guarda civil municipal e sua namorada foram sequestrados na madrugada de hoje (23), na avenida Itatiaia, na zona Sul de Ribeir\u00e3o Preto. Tr\u00eas suspeitos foram presos na manh\u00e3 desta sexta-feira. Segundo boletim de ocorr\u00eancia, o casal foi abordado por dois homens armados que entraram no ve\u00edculo e amea\u00e7aram as\u2026","rel":"","context":"In &quot;Not\u00edcias de Ribeir\u00e3o Preto-SP e Regi\u00e3o&quot;","block_context":{"text":"Not\u00edcias de Ribeir\u00e3o Preto-SP e Regi\u00e3o","link":"https:\/\/ismaelcolosi.com.br\/index.php\/category\/noticias-de-ribeirao-preto-sp-e-regiao-ismael-colosi\/"},"img":{"alt_text":"","src":"https:\/\/i0.wp.com\/ismaelcolosi.com.br\/wp-content\/uploads\/2024\/08\/policia_militar_1024x576_27122019193540.jpg?fit=1024%2C576&ssl=1&resize=350%2C200","width":350,"height":200,"srcset":"https:\/\/i0.wp.com\/ismaelcolosi.com.br\/wp-content\/uploads\/2024\/08\/policia_militar_1024x576_27122019193540.jpg?fit=1024%2C576&ssl=1&resize=350%2C200 1x, https:\/\/i0.wp.com\/ismaelcolosi.com.br\/wp-content\/uploads\/2024\/08\/policia_militar_1024x576_27122019193540.jpg?fit=1024%2C576&ssl=1&resize=525%2C300 1.5x, https:\/\/i0.wp.com\/ismaelcolosi.com.br\/wp-content\/uploads\/2024\/08\/policia_militar_1024x576_27122019193540.jpg?fit=1024%2C576&ssl=1&resize=700%2C400 2x"},"classes":[]},{"id":35739,"url":"https:\/\/ismaelcolosi.com.br\/index.php\/2024\/02\/07\/motorista-por-aplicativo-sofre-sequestro-relampago-em-ribeirao-preto\/","url_meta":{"origin":61006,"position":3},"title":"Motorista por aplicativo sofre sequestro rel\u00e2mpago em Ribeir\u00e3o Preto","author":"ismaelcolosi.com.br","date":"7 de February de 2024","format":false,"excerpt":"Um motorista de transporte por aplicativo, de 61 anos, sofreu um sequestro rel\u00e2mpago na madrugada desta quarta-feira (7), em Ribeir\u00e3o Preto. De acordo com o B.O. (boletim de ocorr\u00eancia), a v\u00edtima havia aceitado uma viagem entre Serrana e Ribeir\u00e3o Preto, por volta das 3h. Segundo o relato, tr\u00eas homens entraram\u2026","rel":"","context":"In &quot;Not\u00edcias de Ribeir\u00e3o Preto-SP e Regi\u00e3o&quot;","block_context":{"text":"Not\u00edcias de Ribeir\u00e3o Preto-SP e Regi\u00e3o","link":"https:\/\/ismaelcolosi.com.br\/index.php\/category\/noticias-de-ribeirao-preto-sp-e-regiao-ismael-colosi\/"},"img":{"alt_text":"","src":"https:\/\/i0.wp.com\/ismaelcolosi.com.br\/wp-content\/uploads\/2024\/02\/HomemmorreapscairdeandaimeenquantotrabalhavaemRibeiroPreto_Tamanho_2_image.jpg?fit=1200%2C900&ssl=1&resize=350%2C200","width":350,"height":200,"srcset":"https:\/\/i0.wp.com\/ismaelcolosi.com.br\/wp-content\/uploads\/2024\/02\/HomemmorreapscairdeandaimeenquantotrabalhavaemRibeiroPreto_Tamanho_2_image.jpg?fit=1200%2C900&ssl=1&resize=350%2C200 1x, https:\/\/i0.wp.com\/ismaelcolosi.com.br\/wp-content\/uploads\/2024\/02\/HomemmorreapscairdeandaimeenquantotrabalhavaemRibeiroPreto_Tamanho_2_image.jpg?fit=1200%2C900&ssl=1&resize=525%2C300 1.5x, https:\/\/i0.wp.com\/ismaelcolosi.com.br\/wp-content\/uploads\/2024\/02\/HomemmorreapscairdeandaimeenquantotrabalhavaemRibeiroPreto_Tamanho_2_image.jpg?fit=1200%2C900&ssl=1&resize=700%2C400 2x, https:\/\/i0.wp.com\/ismaelcolosi.com.br\/wp-content\/uploads\/2024\/02\/HomemmorreapscairdeandaimeenquantotrabalhavaemRibeiroPreto_Tamanho_2_image.jpg?fit=1200%2C900&ssl=1&resize=1050%2C600 3x"},"classes":[]},{"id":57191,"url":"https:\/\/ismaelcolosi.com.br\/index.php\/2024\/07\/18\/empresario-sofre-sequestro-relampago-na-regiao-de-ribeirao-preto\/","url_meta":{"origin":61006,"position":4},"title":"Empres\u00e1rio sofre sequestro-rel\u00e2mpago na regi\u00e3o de Ribeir\u00e3o Preto","author":"ismaelcolosi.com.br","date":"18 de July de 2024","format":false,"excerpt":"Um empres\u00e1rio de 32 anos sobreu um sequestro-rel\u00e2mpago ao sair de casa para o trabalho na manh\u00e3 desta quinta-feira (18), em Jaboticabal, cidade a aproximadamente 50 quil\u00f4metros de Ribeir\u00e3o Preto. Segundo a PM (Pol\u00edcia Militar), al\u00e9m da caminhonete, a v\u00edtima, que propriet\u00e1ria de loja de materiais de constru\u00e7\u00e3o, tamb\u00e9m teve\u2026","rel":"","context":"In &quot;Not\u00edcias de Ribeir\u00e3o Preto-SP e Regi\u00e3o&quot;","block_context":{"text":"Not\u00edcias de Ribeir\u00e3o Preto-SP e Regi\u00e3o","link":"https:\/\/ismaelcolosi.com.br\/index.php\/category\/noticias-de-ribeirao-preto-sp-e-regiao-ismael-colosi\/"},"img":{"alt_text":"","src":"https:\/\/i0.wp.com\/ismaelcolosi.com.br\/wp-content\/uploads\/2024\/07\/WhatsApp-Image-2024-02-01-at-07.08.10.jpeg?fit=1200%2C727&ssl=1&resize=350%2C200","width":350,"height":200,"srcset":"https:\/\/i0.wp.com\/ismaelcolosi.com.br\/wp-content\/uploads\/2024\/07\/WhatsApp-Image-2024-02-01-at-07.08.10.jpeg?fit=1200%2C727&ssl=1&resize=350%2C200 1x, https:\/\/i0.wp.com\/ismaelcolosi.com.br\/wp-content\/uploads\/2024\/07\/WhatsApp-Image-2024-02-01-at-07.08.10.jpeg?fit=1200%2C727&ssl=1&resize=525%2C300 1.5x, https:\/\/i0.wp.com\/ismaelcolosi.com.br\/wp-content\/uploads\/2024\/07\/WhatsApp-Image-2024-02-01-at-07.08.10.jpeg?fit=1200%2C727&ssl=1&resize=700%2C400 2x, https:\/\/i0.wp.com\/ismaelcolosi.com.br\/wp-content\/uploads\/2024\/07\/WhatsApp-Image-2024-02-01-at-07.08.10.jpeg?fit=1200%2C727&ssl=1&resize=1050%2C600 3x"},"classes":[]},{"id":56338,"url":"https:\/\/ismaelcolosi.com.br\/index.php\/2024\/07\/11\/corretor-de-imoveis-sofre-sequestro-relampago-na-zona-sul-de-ribeirao-preto\/","url_meta":{"origin":61006,"position":5},"title":"Corretor de im\u00f3veis sofre sequestro rel\u00e2mpago na zona Sul de Ribeir\u00e3o Preto","author":"ismaelcolosi.com.br","date":"11 de July de 2024","format":false,"excerpt":"Um corretor de im\u00f3veis de 39 anos teve o carro roubado e foi levado como ref\u00e9m no pr\u00f3prio ve\u00edculo pelos criminosos na noite desta quarta-feira (10), no Jardim Iraj\u00e1, zona Sul de Ribeir\u00e3o Preto. A v\u00edtima relatou \u00e0 pol\u00edcia no boletim de ocorr\u00eancia (BO) que foi abordada por dois assaltantes,\u2026","rel":"","context":"In &quot;Not\u00edcias de Ribeir\u00e3o Preto-SP e Regi\u00e3o&quot;","block_context":{"text":"Not\u00edcias de Ribeir\u00e3o Preto-SP e Regi\u00e3o","link":"https:\/\/ismaelcolosi.com.br\/index.php\/category\/noticias-de-ribeirao-preto-sp-e-regiao-ismael-colosi\/"},"img":{"alt_text":"","src":"https:\/\/i0.wp.com\/ismaelcolosi.com.br\/wp-content\/uploads\/2024\/07\/pm_qru_1024x576_25052021184558.jpg?fit=1024%2C576&ssl=1&resize=350%2C200","width":350,"height":200,"srcset":"https:\/\/i0.wp.com\/ismaelcolosi.com.br\/wp-content\/uploads\/2024\/07\/pm_qru_1024x576_25052021184558.jpg?fit=1024%2C576&ssl=1&resize=350%2C200 1x, https:\/\/i0.wp.com\/ismaelcolosi.com.br\/wp-content\/uploads\/2024\/07\/pm_qru_1024x576_25052021184558.jpg?fit=1024%2C576&ssl=1&resize=525%2C300 1.5x, https:\/\/i0.wp.com\/ismaelcolosi.com.br\/wp-content\/uploads\/2024\/07\/pm_qru_1024x576_25052021184558.jpg?fit=1024%2C576&ssl=1&resize=700%2C400 2x"},"classes":[]}],"jetpack_sharing_enabled":true,"jetpack_shortlink":"https:\/\/wp.me\/pfMlyK-fRY","_links":{"self":[{"href":"https:\/\/ismaelcolosi.com.br\/index.php\/wp-json\/wp\/v2\/posts\/61006","targetHints":{"allow":["GET"]}}],"collection":[{"href":"https:\/\/ismaelcolosi.com.br\/index.php\/wp-json\/wp\/v2\/posts"}],"about":[{"href":"https:\/\/ismaelcolosi.com.br\/index.php\/wp-json\/wp\/v2\/types\/post"}],"author":[{"embeddable":true,"href":"https:\/\/ismaelcolosi.com.br\/index.php\/wp-json\/wp\/v2\/users\/1"}],"replies":[{"embeddable":true,"href":"https:\/\/ismaelcolosi.com.br\/index.php\/wp-json\/wp\/v2\/comments?post=61006"}],"version-history":[{"count":0,"href":"https:\/\/ismaelcolosi.com.br\/index.php\/wp-json\/wp\/v2\/posts\/61006\/revisions"}],"wp:featuredmedia":[{"embeddable":true,"href":"https:\/\/ismaelcolosi.com.br\/index.php\/wp-json\/wp\/v2\/media\/39917"}],"wp:attachment":[{"href":"https:\/\/ismaelcolosi.com.br\/index.php\/wp-json\/wp\/v2\/media?parent=61006"}],"wp:term":[{"taxonomy":"category","embeddable":true,"href":"https:\/\/ismaelcolosi.com.br\/index.php\/wp-json\/wp\/v2\/categories?post=61006"},{"taxonomy":"post_tag","embeddable":true,"href":"https:\/\/ismaelcolosi.com.br\/index.php\/wp-json\/wp\/v2\/tags?post=61006"}],"curies":[{"name":"wp","href":"https:\/\/api.w.org\/{rel}","templated":true}]}}