{"id":60971,"date":"2024-08-19T14:56:39","date_gmt":"2024-08-19T17:56:39","guid":{"rendered":"https:\/\/ismaelcolosi.com.br\/index.php\/2024\/08\/19\/stj-abre-concurso-publico-com-salarios-de-r-12-mil-veja-como-participar\/"},"modified":"2024-08-19T14:56:39","modified_gmt":"2024-08-19T17:56:39","slug":"stj-abre-concurso-publico-com-salarios-de-r-12-mil-veja-como-participar","status":"publish","type":"post","link":"https:\/\/ismaelcolosi.com.br\/index.php\/2024\/08\/19\/stj-abre-concurso-publico-com-salarios-de-r-12-mil-veja-como-participar\/","title":{"rendered":"STJ abre concurso p\u00fablico com sal\u00e1rios de R$ 12 mil; Veja como participar"},"content":{"rendered":"<p> <br \/>\n<\/p>\n<div data-td-block-uid=\"tdi_106\">\n<div class=\"tdb-block-inner td-fix-index\">\n<p>O <strong>STJ (Superior Tribunal de Justi\u00e7a)<\/strong> abriu nesta segunda-feira (19) o <strong>concurso p\u00fablico<\/strong> destinado \u00e0 forma\u00e7\u00e3o de cadastro de reserva para cargos de analista judici\u00e1rio. Os sal\u00e1rios para os cargos s\u00e3o de <strong><mark style=\"background-color:#fcb900\" class=\"has-inline-color has-black-color\">R$ 12,4 mil.<\/mark><\/strong><\/p>\n<p>As inscri\u00e7\u00f5es devem ser realizadas no per\u00edodo entre 30 de agosto a 20 de setembro, por meio do site do <strong>Cebraspe <\/strong>(<strong>clique aqui<\/strong>). A taxa de inscri\u00e7\u00e3o custa R$ 120.<\/p>\n<p>As provas do concurso devem ocorrer no dia 1\u00ba de dezembro de 2024, no Distrito Federal.<\/p>\n<p>O certame \u00e9 destinado \u00e0s seguintes \u00e1reas e especialidades do cargo de analista judici\u00e1rio:\u00a0<\/p>\n<h4 class=\"wp-block-heading\"><strong>\u00c1rea administrativa<\/strong><\/h4>\n<p><strong>Sem especialidade<\/strong><\/p>\n<ul>\n<li>Inspetor da pol\u00edcia judicial<\/li>\n<\/ul>\n<h4 class=\"wp-block-heading\"><strong>\u00c1rea apoio especializado<\/strong><\/h4>\n<ul>\n<li>An\u00e1lise de sistemas de informa\u00e7\u00e3o\u00a0<\/li>\n<li>Arquitetura<\/li>\n<li>Biblioteconomia<\/li>\n<li>Comunica\u00e7\u00e3o social<\/li>\n<li>Contadoria<\/li>\n<li>Enfermagem\u00a0<\/li>\n<li>Engenharia civil<\/li>\n<li>Engenharia el\u00e9trica<\/li>\n<li>Engenharia mec\u00e2nica\u00a0<\/li>\n<li>Medicina \u2013 ramo cardiologia\u00a0<\/li>\n<li>Medicina \u2013 ramo cl\u00ednica geral<\/li>\n<li>Medicina \u2013 ramo ortopedia\u00a0<\/li>\n<li>Odontologia \u2013 ramo dent\u00edstica<\/li>\n<li>Pedagogia\u00a0<\/li>\n<li>Psicologia\u00a0<\/li>\n<li>Suporte em tecnologia da informa\u00e7\u00e3o\u00a0<\/li>\n<\/ul>\n<h4 class=\"wp-block-heading\"><strong>\u00c1rea judici\u00e1ria<\/strong><\/h4>\n<p>SAIBA MAIS<br \/>Filho de ex-piloto de F\u00f3rmula 1 se envolve em acidente em Ribeir\u00e3o Preto<\/p>\n<h4 class=\"wp-block-heading\"><strong>FIQUE ON<\/strong><\/h4>\n<p>Fique ligado em tudo que acontece em Ribeir\u00e3o Preto e regi\u00e3o. Siga os perfis do <strong>acidade on<\/strong> no <a href=\"https:\/\/www.instagram.com\/acidadeonribeirao\" target=\"_blank\" rel=\"noreferrer noopener nofollow\">Instagram<\/a> e no <a href=\"https:\/\/www.facebook.com\/acidadeonribeirao\/\" target=\"_blank\" rel=\"noreferrer noopener nofollow\">Facebook<\/a>.<\/p>\n<p>Receba not\u00edcias do <strong>acidade on<\/strong> no WhatsApp. Para entrar no grupo, basta <a href=\"https:\/\/chat.whatsapp.com\/Dtv9mxhy6V5BJBotM2OQ5k\" target=\"_blank\" rel=\"noreferrer noopener nofollow\">clicar aqui<\/a>.<\/p>\n<p>Fa\u00e7a uma den\u00fancia ou sugira uma reportagem sobre Ribeir\u00e3o Preto e regi\u00e3o pelo WhatsApp: 16 99117 7802.<\/p>\n<p>VEJA TAMB\u00c9M<\/p>\n<p>Onda de calor em SP vai at\u00e9 quando?<\/p>\n<p><!-- CONTENT END 1 -->\n<\/div>\n<\/div>\n<p><script async src=\"\/\/www.instagram.com\/embed.js\"><\/script><br \/>\n<br \/><br \/>\n<br \/><a href=\"https:\/\/www.acidadeon.com\/ribeiraopreto\/economia\/stj-abre-concurso-publico-com-salarios-de-r-12-mil-veja-como-participar\/\">Source link <\/a><\/p>\n","protected":false},"excerpt":{"rendered":"<p>O STJ (Superior Tribunal de Justi\u00e7a) abriu nesta segunda-feira (19) o concurso p\u00fablico destinado \u00e0 forma\u00e7\u00e3o de cadastro de reserva para cargos de analista judici\u00e1rio&#8230;.<\/p>\n","protected":false},"author":1,"featured_media":60972,"comment_status":"open","ping_status":"open","sticky":false,"template":"","format":"standard","meta":{"_uag_custom_page_level_css":"","advanced_seo_description":"","jetpack_seo_html_title":"","jetpack_seo_noindex":false,"jetpack_post_was_ever_published":false,"_jetpack_newsletter_access":"","_jetpack_dont_email_post_to_subs":false,"_jetpack_newsletter_tier_id":0,"_jetpack_memberships_contains_paywalled_content":false,"_jetpack_memberships_contains_paid_content":false,"footnotes":"","jetpack_publicize_message":"","jetpack_publicize_feature_enabled":true,"jetpack_social_post_already_shared":true,"jetpack_social_options":{"image_generator_settings":{"template":"highway","default_image_id":0,"font":"","enabled":false},"version":2}},"categories":[11],"tags":[],"class_list":["post-60971","post","type-post","status-publish","format-standard","has-post-thumbnail","hentry","category-noticias-de-ribeirao-preto-sp-e-regiao-ismael-colosi"],"jetpack_publicize_connections":[],"jetpack_featured_media_url":"https:\/\/i0.wp.com\/ismaelcolosi.com.br\/wp-content\/uploads\/2024\/08\/concurso-publico-10.jpg?fit=1500%2C1000&ssl=1","uagb_featured_image_src":{"full":["https:\/\/i0.wp.com\/ismaelcolosi.com.br\/wp-content\/uploads\/2024\/08\/concurso-publico-10.jpg?fit=1500%2C1000&ssl=1",1500,1000,false],"thumbnail":["https:\/\/i0.wp.com\/ismaelcolosi.com.br\/wp-content\/uploads\/2024\/08\/concurso-publico-10.jpg?resize=150%2C150&ssl=1",150,150,true],"medium":["https:\/\/i0.wp.com\/ismaelcolosi.com.br\/wp-content\/uploads\/2024\/08\/concurso-publico-10.jpg?fit=300%2C200&ssl=1",300,200,true],"medium_large":["https:\/\/i0.wp.com\/ismaelcolosi.com.br\/wp-content\/uploads\/2024\/08\/concurso-publico-10.jpg?fit=768%2C512&ssl=1",768,512,true],"large":["https:\/\/i0.wp.com\/ismaelcolosi.com.br\/wp-content\/uploads\/2024\/08\/concurso-publico-10.jpg?fit=1024%2C683&ssl=1",1024,683,true],"1536x1536":["https:\/\/i0.wp.com\/ismaelcolosi.com.br\/wp-content\/uploads\/2024\/08\/concurso-publico-10.jpg?fit=1500%2C1000&ssl=1",1500,1000,true],"2048x2048":["https:\/\/i0.wp.com\/ismaelcolosi.com.br\/wp-content\/uploads\/2024\/08\/concurso-publico-10.jpg?fit=1500%2C1000&ssl=1",1500,1000,true],"really-simple-thumb":["https:\/\/i0.wp.com\/ismaelcolosi.com.br\/wp-content\/uploads\/2024\/08\/concurso-publico-10.jpg?resize=370%2C247&ssl=1",370,247,true]},"uagb_author_info":{"display_name":"ismaelcolosi.com.br","author_link":"https:\/\/ismaelcolosi.com.br\/index.php\/author\/vidareal-online\/"},"uagb_comment_info":0,"uagb_excerpt":"O STJ (Superior Tribunal de Justi\u00e7a) abriu nesta segunda-feira (19) o concurso p\u00fablico destinado \u00e0 forma\u00e7\u00e3o de cadastro de reserva para cargos de analista judici\u00e1rio....","jetpack-related-posts":[{"id":48728,"url":"https:\/\/ismaelcolosi.com.br\/index.php\/2024\/05\/06\/com-provas-no-interior-de-sp-justica-federal-abre-concurso-publico-com-salarios-de-r-13-mil\/","url_meta":{"origin":60971,"position":0},"title":"Com provas no interior de SP, Justi\u00e7a Federal abre concurso p\u00fablico com sal\u00e1rios de R$ 13 mil","author":"ismaelcolosi.com.br","date":"6 de May de 2024","format":false,"excerpt":"O TRF-3 (Tribunal Regional Federal da 3\u00aa Regi\u00e3o) abriu as inscri\u00e7\u00f5es para concurso p\u00fablico com 269 vagas de n\u00edvel superior para os estados de S\u00e3o Paulo e Mato Grosso do Sul. Os sal\u00e1rios variam entre R$ 8.529,65 e R$ 13.994,78. As inscri\u00e7\u00f5es devem ser realizadas at\u00e9 o dia 28 de\u2026","rel":"","context":"In &quot;Not\u00edcias de Ribeir\u00e3o Preto-SP e Regi\u00e3o&quot;","block_context":{"text":"Not\u00edcias de Ribeir\u00e3o Preto-SP e Regi\u00e3o","link":"https:\/\/ismaelcolosi.com.br\/index.php\/category\/noticias-de-ribeirao-preto-sp-e-regiao-ismael-colosi\/"},"img":{"alt_text":"","src":"https:\/\/i0.wp.com\/ismaelcolosi.com.br\/wp-content\/uploads\/2024\/05\/concurso-publico.jpg?fit=1200%2C800&ssl=1&resize=350%2C200","width":350,"height":200,"srcset":"https:\/\/i0.wp.com\/ismaelcolosi.com.br\/wp-content\/uploads\/2024\/05\/concurso-publico.jpg?fit=1200%2C800&ssl=1&resize=350%2C200 1x, https:\/\/i0.wp.com\/ismaelcolosi.com.br\/wp-content\/uploads\/2024\/05\/concurso-publico.jpg?fit=1200%2C800&ssl=1&resize=525%2C300 1.5x, https:\/\/i0.wp.com\/ismaelcolosi.com.br\/wp-content\/uploads\/2024\/05\/concurso-publico.jpg?fit=1200%2C800&ssl=1&resize=700%2C400 2x, https:\/\/i0.wp.com\/ismaelcolosi.com.br\/wp-content\/uploads\/2024\/05\/concurso-publico.jpg?fit=1200%2C800&ssl=1&resize=1050%2C600 3x"},"classes":[]},{"id":70536,"url":"https:\/\/ismaelcolosi.com.br\/index.php\/2024\/10\/11\/concurso-publico-de-tribunal-federal-tem-salarios-de-ate-r-139-mil\/","url_meta":{"origin":60971,"position":1},"title":"Concurso p\u00fablico de Tribunal Federal tem sal\u00e1rios de at\u00e9 R$ 13,9 mil","author":"ismaelcolosi.com.br","date":"11 de October de 2024","format":false,"excerpt":"O TRF-6 (Tribunal Regional Federal da 6\u00aa Regi\u00e3o) publicou edital de concurso p\u00fablico para o cadastro de reserva para os cargos de analista judici\u00e1rio e t\u00e9cnico judici\u00e1rio. Os sal\u00e1rios para as fun\u00e7\u00f5es variam entre R$ 8.529,65 e R$ 13.994,78. As inscri\u00e7\u00f5es devem ser realizadas no per\u00edodo entre 18 de outubro\u2026","rel":"","context":"In &quot;Not\u00edcias de Ribeir\u00e3o Preto-SP e Regi\u00e3o&quot;","block_context":{"text":"Not\u00edcias de Ribeir\u00e3o Preto-SP e Regi\u00e3o","link":"https:\/\/ismaelcolosi.com.br\/index.php\/category\/noticias-de-ribeirao-preto-sp-e-regiao-ismael-colosi\/"},"img":{"alt_text":"","src":"https:\/\/i0.wp.com\/ismaelcolosi.com.br\/wp-content\/uploads\/2024\/10\/1728655274_prova-concurso-publico-3.jpg?fit=1200%2C800&ssl=1&resize=350%2C200","width":350,"height":200,"srcset":"https:\/\/i0.wp.com\/ismaelcolosi.com.br\/wp-content\/uploads\/2024\/10\/1728655274_prova-concurso-publico-3.jpg?fit=1200%2C800&ssl=1&resize=350%2C200 1x, https:\/\/i0.wp.com\/ismaelcolosi.com.br\/wp-content\/uploads\/2024\/10\/1728655274_prova-concurso-publico-3.jpg?fit=1200%2C800&ssl=1&resize=525%2C300 1.5x, https:\/\/i0.wp.com\/ismaelcolosi.com.br\/wp-content\/uploads\/2024\/10\/1728655274_prova-concurso-publico-3.jpg?fit=1200%2C800&ssl=1&resize=700%2C400 2x, https:\/\/i0.wp.com\/ismaelcolosi.com.br\/wp-content\/uploads\/2024\/10\/1728655274_prova-concurso-publico-3.jpg?fit=1200%2C800&ssl=1&resize=1050%2C600 3x"},"classes":[]},{"id":70629,"url":"https:\/\/ismaelcolosi.com.br\/index.php\/2024\/10\/11\/concurso-publico-de-tribunal-federal-tem-salarios-de-ate-r-139-mil-2\/","url_meta":{"origin":60971,"position":2},"title":"Concurso p\u00fablico de Tribunal Federal tem sal\u00e1rios de at\u00e9 R$ 13,9 mil","author":"ismaelcolosi.com.br","date":"11 de October de 2024","format":false,"excerpt":"O TRF-6 (Tribunal Regional Federal da 6\u00aa Regi\u00e3o) publicou edital de concurso p\u00fablico para o cadastro de reserva para os cargos de analista judici\u00e1rio e t\u00e9cnico judici\u00e1rio. Os sal\u00e1rios para as fun\u00e7\u00f5es variam entre R$ 8.529,65 e R$ 13.994,78. As inscri\u00e7\u00f5es devem ser realizadas no per\u00edodo entre 18 de outubro\u2026","rel":"","context":"In &quot;Not\u00edcias de Ribeir\u00e3o Preto-SP e Regi\u00e3o&quot;","block_context":{"text":"Not\u00edcias de Ribeir\u00e3o Preto-SP e Regi\u00e3o","link":"https:\/\/ismaelcolosi.com.br\/index.php\/category\/noticias-de-ribeirao-preto-sp-e-regiao-ismael-colosi\/"},"img":{"alt_text":"","src":"https:\/\/i0.wp.com\/ismaelcolosi.com.br\/wp-content\/uploads\/2024\/10\/1728675324_prova-concurso-publico-3.jpg?fit=1200%2C800&ssl=1&resize=350%2C200","width":350,"height":200,"srcset":"https:\/\/i0.wp.com\/ismaelcolosi.com.br\/wp-content\/uploads\/2024\/10\/1728675324_prova-concurso-publico-3.jpg?fit=1200%2C800&ssl=1&resize=350%2C200 1x, https:\/\/i0.wp.com\/ismaelcolosi.com.br\/wp-content\/uploads\/2024\/10\/1728675324_prova-concurso-publico-3.jpg?fit=1200%2C800&ssl=1&resize=525%2C300 1.5x, https:\/\/i0.wp.com\/ismaelcolosi.com.br\/wp-content\/uploads\/2024\/10\/1728675324_prova-concurso-publico-3.jpg?fit=1200%2C800&ssl=1&resize=700%2C400 2x, https:\/\/i0.wp.com\/ismaelcolosi.com.br\/wp-content\/uploads\/2024\/10\/1728675324_prova-concurso-publico-3.jpg?fit=1200%2C800&ssl=1&resize=1050%2C600 3x"},"classes":[]},{"id":87409,"url":"https:\/\/ismaelcolosi.com.br\/index.php\/2025\/09\/08\/tribunal-de-justica-do-rs-abre-inscricoes-para-concurso-com-salarios-de-ate-r-92-mil\/","url_meta":{"origin":60971,"position":3},"title":"Tribunal de Justi\u00e7a do RS abre inscri\u00e7\u00f5es para concurso com sal\u00e1rios de at\u00e9 R$ 9,2 mil","author":"ismaelcolosi.com.br","date":"8 de September de 2025","format":false,"excerpt":"Da reda\u00e7\u00e3oi Da reda\u00e7\u00e3o 08\/09\/2025 - 16:24 As inscri\u00e7\u00f5es para o concurso p\u00fablico do Tribunal de Justi\u00e7a do Estado do Rio Grande do Sul (TJRS) est\u00e3o abertas a partir desta segunda-feira, 1\u00ba de setembro. O processo seletivo busca montar cadastro de reserva para cargos de n\u00edveis m\u00e9dio e superior, com\u2026","rel":"","context":"In &quot;Empregos - Classificados&quot;","block_context":{"text":"Empregos - Classificados","link":"https:\/\/ismaelcolosi.com.br\/index.php\/category\/empregos-classificados-vagas-trabalho\/"},"img":{"alt_text":"","src":"https:\/\/i0.wp.com\/ismaelcolosi.com.br\/wp-content\/uploads\/2025\/09\/1757361917_concurso-publico.jpg?fit=883%2C510&ssl=1&resize=350%2C200","width":350,"height":200,"srcset":"https:\/\/i0.wp.com\/ismaelcolosi.com.br\/wp-content\/uploads\/2025\/09\/1757361917_concurso-publico.jpg?fit=883%2C510&ssl=1&resize=350%2C200 1x, https:\/\/i0.wp.com\/ismaelcolosi.com.br\/wp-content\/uploads\/2025\/09\/1757361917_concurso-publico.jpg?fit=883%2C510&ssl=1&resize=525%2C300 1.5x, https:\/\/i0.wp.com\/ismaelcolosi.com.br\/wp-content\/uploads\/2025\/09\/1757361917_concurso-publico.jpg?fit=883%2C510&ssl=1&resize=700%2C400 2x"},"classes":[]},{"id":85015,"url":"https:\/\/ismaelcolosi.com.br\/index.php\/2025\/04\/30\/o-concurso-publico-do-tribunal-de-justica-militar-de-sp-oferece-vagas-nas-areas-de-informatica-e-seguranca-da-informacao-com-salarios-entre-r-7-55265-e-r-8-51427\/","url_meta":{"origin":60971,"position":4},"title":"O Concurso P\u00fablico do Tribunal de Justi\u00e7a Militar de SP oferece vagas nas \u00e1reas de inform\u00e1tica e seguran\u00e7a da informa\u00e7\u00e3o, com sal\u00e1rios entre R$ 7.552,65 e R$ 8.514,27.","author":"Arthur Tijolo","date":"30 de April de 2025","format":false,"excerpt":"Inscri\u00e7\u00f5es para o concurso p\u00fablico do Tribunal de Justi\u00e7a Militar de S\u00e3o Paulo come\u00e7am no dia 9 de maio; s\u00e3o quatro vagas dispon\u00edveis. As oportunidades incluem cargos na \u00e1rea de inform\u00e1tica e seguran\u00e7a da informa\u00e7\u00e3o, com sal\u00e1rios variando entre R$ 7.552,65 e R$ 8.514,27. Os principais cargos s\u00e3o: T\u00e9cnico em\u2026","rel":"","context":"In &quot;Dicas e Utilidades&quot;","block_context":{"text":"Dicas e Utilidades","link":"https:\/\/ismaelcolosi.com.br\/index.php\/category\/dicas-e-utilidades-publicas\/"},"img":{"alt_text":"","src":"https:\/\/i0.wp.com\/ismaelcolosi.com.br\/wp-content\/uploads\/2025\/04\/20250430_1454_Concurso-Publico-TJMSP_remix_01jt3x9j05fgkrts2mwrev77gd.png?fit=800%2C1200&ssl=1&resize=350%2C200","width":350,"height":200,"srcset":"https:\/\/i0.wp.com\/ismaelcolosi.com.br\/wp-content\/uploads\/2025\/04\/20250430_1454_Concurso-Publico-TJMSP_remix_01jt3x9j05fgkrts2mwrev77gd.png?fit=800%2C1200&ssl=1&resize=350%2C200 1x, https:\/\/i0.wp.com\/ismaelcolosi.com.br\/wp-content\/uploads\/2025\/04\/20250430_1454_Concurso-Publico-TJMSP_remix_01jt3x9j05fgkrts2mwrev77gd.png?fit=800%2C1200&ssl=1&resize=525%2C300 1.5x, https:\/\/i0.wp.com\/ismaelcolosi.com.br\/wp-content\/uploads\/2025\/04\/20250430_1454_Concurso-Publico-TJMSP_remix_01jt3x9j05fgkrts2mwrev77gd.png?fit=800%2C1200&ssl=1&resize=700%2C400 2x"},"classes":[]},{"id":51615,"url":"https:\/\/ismaelcolosi.com.br\/index.php\/2024\/05\/29\/tse-abre-concurso-para-395-vagas-no-pais-com-salarios-de-ate-r-139-mil\/","url_meta":{"origin":60971,"position":5},"title":"TSE abre concurso para 395 vagas no pa\u00eds com sal\u00e1rios de at\u00e9 R$ 13,9 mil","author":"ismaelcolosi.com.br","date":"29 de May de 2024","format":false,"excerpt":"Da reda\u00e7\u00e3oi Da reda\u00e7\u00e3o 29\/05\/2024 - 9:58 Aten\u00e7\u00e3o concurseiros! O Tribunal Superior Eleitoral (TSE) abriu concurso p\u00fablico para 395 vagas para todas as regi\u00f5es do Brasil com sal\u00e1rios de at\u00e9 R$ 13,9 mil. As inscri\u00e7\u00f5es come\u00e7am no dia 4 de junho e seguir\u00e3o abertas at\u00e9 18 de julho.As vagas s\u00e3o\u2026","rel":"","context":"In &quot;Empregos - Classificados&quot;","block_context":{"text":"Empregos - Classificados","link":"https:\/\/ismaelcolosi.com.br\/index.php\/category\/empregos-classificados-vagas-trabalho\/"},"img":{"alt_text":"","src":"https:\/\/i0.wp.com\/ismaelcolosi.com.br\/wp-content\/uploads\/2024\/05\/tse-2.jpg?fit=1170%2C700&ssl=1&resize=350%2C200","width":350,"height":200,"srcset":"https:\/\/i0.wp.com\/ismaelcolosi.com.br\/wp-content\/uploads\/2024\/05\/tse-2.jpg?fit=1170%2C700&ssl=1&resize=350%2C200 1x, https:\/\/i0.wp.com\/ismaelcolosi.com.br\/wp-content\/uploads\/2024\/05\/tse-2.jpg?fit=1170%2C700&ssl=1&resize=525%2C300 1.5x, https:\/\/i0.wp.com\/ismaelcolosi.com.br\/wp-content\/uploads\/2024\/05\/tse-2.jpg?fit=1170%2C700&ssl=1&resize=700%2C400 2x, https:\/\/i0.wp.com\/ismaelcolosi.com.br\/wp-content\/uploads\/2024\/05\/tse-2.jpg?fit=1170%2C700&ssl=1&resize=1050%2C600 3x"},"classes":[]}],"jetpack_sharing_enabled":true,"jetpack_shortlink":"https:\/\/wp.me\/pfMlyK-fRp","_links":{"self":[{"href":"https:\/\/ismaelcolosi.com.br\/index.php\/wp-json\/wp\/v2\/posts\/60971","targetHints":{"allow":["GET"]}}],"collection":[{"href":"https:\/\/ismaelcolosi.com.br\/index.php\/wp-json\/wp\/v2\/posts"}],"about":[{"href":"https:\/\/ismaelcolosi.com.br\/index.php\/wp-json\/wp\/v2\/types\/post"}],"author":[{"embeddable":true,"href":"https:\/\/ismaelcolosi.com.br\/index.php\/wp-json\/wp\/v2\/users\/1"}],"replies":[{"embeddable":true,"href":"https:\/\/ismaelcolosi.com.br\/index.php\/wp-json\/wp\/v2\/comments?post=60971"}],"version-history":[{"count":0,"href":"https:\/\/ismaelcolosi.com.br\/index.php\/wp-json\/wp\/v2\/posts\/60971\/revisions"}],"wp:featuredmedia":[{"embeddable":true,"href":"https:\/\/ismaelcolosi.com.br\/index.php\/wp-json\/wp\/v2\/media\/60972"}],"wp:attachment":[{"href":"https:\/\/ismaelcolosi.com.br\/index.php\/wp-json\/wp\/v2\/media?parent=60971"}],"wp:term":[{"taxonomy":"category","embeddable":true,"href":"https:\/\/ismaelcolosi.com.br\/index.php\/wp-json\/wp\/v2\/categories?post=60971"},{"taxonomy":"post_tag","embeddable":true,"href":"https:\/\/ismaelcolosi.com.br\/index.php\/wp-json\/wp\/v2\/tags?post=60971"}],"curies":[{"name":"wp","href":"https:\/\/api.w.org\/{rel}","templated":true}]}}