{"id":60958,"date":"2024-08-19T13:56:54","date_gmt":"2024-08-19T16:56:54","guid":{"rendered":"https:\/\/ismaelcolosi.com.br\/index.php\/2024\/08\/19\/vai-fazer-mais-frio-em-agosto-veja-a-previsao-do-tempo-para-o-interior-de-sp\/"},"modified":"2024-08-19T13:56:54","modified_gmt":"2024-08-19T16:56:54","slug":"vai-fazer-mais-frio-em-agosto-veja-a-previsao-do-tempo-para-o-interior-de-sp","status":"publish","type":"post","link":"https:\/\/ismaelcolosi.com.br\/index.php\/2024\/08\/19\/vai-fazer-mais-frio-em-agosto-veja-a-previsao-do-tempo-para-o-interior-de-sp\/","title":{"rendered":"Vai fazer mais frio em agosto? Veja a previs\u00e3o do tempo para o interior de SP"},"content":{"rendered":"<p> <br \/>\n<\/p>\n<div>\n<p>Ap\u00f3s uma <strong>forte onda de frio<\/strong> que estabeleceu recordes de baixas temperaturas na primeira quinzena do m\u00eas de agosto, o <strong>calor <\/strong>voltou a afetar diversas regi\u00f5es do <strong>interior de S\u00e3o Paulo<\/strong>.<\/p>\n<p>Entretanto, <mark style=\"background-color:#fcb900\" class=\"has-inline-color\">essa<strong> onda de calor<\/strong> n\u00e3o vai durar muito, pois o <strong>frio j\u00e1 tem data marcada para retornar<\/strong>, de acordo com a <a href=\"https:\/\/www.climatempo.com.br\/\" target=\"_blank\" rel=\"noreferrer noopener\"><strong>Climatempo<\/strong><\/a>.<\/mark><\/p>\n<p>Uma <strong>frente fria<\/strong> de caracter\u00edstica continental, associada a um <strong>ciclone extratropical<\/strong> no mar vai avan\u00e7ar sobre o pa\u00eds, trazendo <strong>chuva <\/strong>e <strong>derrubando as temperaturas<\/strong> no eixo Centro-Sul do Brasil.<\/p>\n<h3 class=\"wp-block-heading\"><strong>Quando a nova frente fria vai atingir o interior de SP?<\/strong><\/h3>\n<p>Essa <strong>frente fria<\/strong> deve chegar ao pa\u00eds na <strong>quinta-feira (19)<\/strong>, contudo, o <strong>interior de S\u00e3o Paulo<\/strong> s\u00f3 vai sentir os reflexos desse fen\u00f4meno no <strong>s\u00e1bado (24)<\/strong>, conforme o alerta da <strong>Climatempo <\/strong>\u2013 veja abaixo.<\/p>\n<figure class=\"wp-block-pullquote\">\n<blockquote>\n<p>A massa de ar polar que acompanha essa frente fria n\u00e3o ser\u00e1 t\u00e3o intensa quanto a do in\u00edcio de agosto, mas ser\u00e1 suficiente para provocar uma queda significativa nas temperaturas<\/p>\n<p><cite>Climatempo<\/cite><\/p><\/blockquote>\n<\/figure>\n<p>Conforme o <strong><a href=\"https:\/\/www.cpa.unicamp.br\/\" target=\"_blank\" rel=\"noreferrer noopener\">Cepagri <\/a>(Centro de Pesquisas Meteorol\u00f3gicas e Clim\u00e1ticas Aplicadas \u00e0 Agricultura)<\/strong> essa <strong>frente fria<\/strong> tamb\u00e9m deve provocar chuvas mais expressivas a partir de sexta-feira (23). Vale ressaltar que as chuvas dever\u00e3o se concentrar mais na \u201cmetade sul\u201d do Estado de S\u00e3o Paulo (com refer\u00eancia no eixo <strong>Presidente Prudente<\/strong> \u2013 <strong>Bauru <\/strong>\u2013 <strong>Mogi Gua\u00e7u<\/strong>).<\/p>\n<figure class=\"wp-block-image size-large is-resized\"><img data-recalc-dims=\"1\" loading=\"lazy\" decoding=\"async\" src=\"https:\/\/i0.wp.com\/www.acidadeon.com\/ribeiraopreto\/wp-content\/uploads\/sites\/3\/2024\/08\/02168fc76ab73b9eaf1ec3728b99f3ff_2024-08-19_16-33-02_jpg_2024-08-19_16-33-03-1024x576.webp?resize=549%2C344&#038;ssl=1\" alt=\"\" class=\"wp-image-90682\" width=\"549\" height=\"344\"\/><figcaption class=\"wp-element-caption\">Climatempo diz que nova frente fria atingir o interior de SP nos pr\u00f3ximos dias. (Foto: Reprodu\u00e7\u00e3o\/ Climatempo)<\/figcaption><\/figure>\n<h4 class=\"wp-block-heading\"><strong>Como fica Ribeir\u00e3o Preto?<\/strong><\/h4>\n<p>Enquanto essa frente fria n\u00e3o chega, os <strong>term\u00f4metros seguem elevados na regi\u00e3o de Ribeir\u00e3o Preto<\/strong>. Nos pr\u00f3ximos dias a previs\u00e3o \u00e9 de que a <strong>temperatura m\u00e1xima ultrapasse os 35\u00baC<\/strong>.<\/p>\n<p>Durante a <strong>onda de frio<\/strong>, como foi classificado o per\u00edodo de <strong>24 a 27 de agosto<\/strong> pela meteorologia, <strong>Ribeir\u00e3o <\/strong>pode registrar 33\u00baC de m\u00e1xima, contudo, a <strong>m\u00ednima vai variar entre 15\u00b0C e 19\u00b0C<\/strong>.<\/p>\n<h3 class=\"wp-block-heading\"><strong>Gangorra t\u00e9rmica <\/strong><\/h3>\n<p>Os meteorologista ainda explicam que esse fen\u00f4meno de <strong>gangorra t\u00e9rmica<\/strong> \u00e9 comum nesta \u00e9poca do ano, contudo, <strong>sua intensidade em 2024 est\u00e1 chamando a aten\u00e7\u00e3o<\/strong>. <\/p>\n<p>\u201cO Brasil vive um agosto de extremos, e os pr\u00f3ximos dias prometem continuar essa tend\u00eancia, com uma nova queda nas temperaturas que trar\u00e1 al\u00edvio para aqueles que sentiram o calor intenso, mas tamb\u00e9m exigir\u00e1 aten\u00e7\u00e3o \u00e0s mudan\u00e7as bruscas\u00a0de\u00a0clima\u201d, disse o servi\u00e7o de meteorologia.<\/p>\n<hr class=\"wp-block-separator has-alpha-channel-opacity\"\/>\n<p>SAIBA MAIS<\/p>\n<p>Filho de ex-piloto de F\u00f3rmula 1 se envolve em acidente em Ribeir\u00e3o Preto<\/p>\n<p>Fique ligado em tudo que acontece em Ribeir\u00e3o Preto e regi\u00e3o. Siga os perfis do<strong>\u00a0acidade on<\/strong>\u00a0no<a href=\"https:\/\/www.instagram.com\/acidadeonribeirao\" target=\"_blank\" rel=\"noreferrer noopener\">\u00a0Instagram\u00a0<\/a>e no\u00a0<a href=\"https:\/\/www.facebook.com\/acidadeonribeirao\/\" target=\"_blank\" rel=\"noreferrer noopener\">Facebook<\/a>.<\/p>\n<p>Receba not\u00edcias do\u00a0<strong>acidade on<\/strong>\u00a0no WhatsApp.\u00a0<a href=\"https:\/\/chat.whatsapp.com\/Dtv9mxhy6V5BJBotM2OQ5k\" target=\"_blank\" rel=\"noreferrer noopener\">Para entrar no grupo, basta clicar aqui.<\/a><\/p>\n<p>Fa\u00e7a uma den\u00fancia ou sugira uma reportagem sobre Ribeir\u00e3o Preto e regi\u00e3o pelo WhatsApp: 16 99117 7802.<\/p>\n<p>VEJA TAMB\u00c9M<\/p>\n<p>O que \u00e9 um tabuleiro ouija?<\/p>\n<p><!-- CONTENT END 1 -->\n<\/div>\n<p><script async src=\"\/\/www.instagram.com\/embed.js\"><\/script><br \/>\n<br \/><br \/>\n<br \/><a href=\"https:\/\/www.acidadeon.com\/ribeiraopreto\/cotidiano\/vai-fazer-mais-frio-em-agosto-veja-a-previsao-do-tempo-para-o-interior-de-sp\/\">Source link <\/a><\/p>\n","protected":false},"excerpt":{"rendered":"<p>Ap\u00f3s uma forte onda de frio que estabeleceu recordes de baixas temperaturas na primeira quinzena do m\u00eas de agosto, o calor voltou a afetar diversas&#8230;<\/p>\n","protected":false},"author":1,"featured_media":60959,"comment_status":"open","ping_status":"open","sticky":false,"template":"","format":"standard","meta":{"_uag_custom_page_level_css":"","advanced_seo_description":"","jetpack_seo_html_title":"","jetpack_seo_noindex":false,"jetpack_post_was_ever_published":false,"_jetpack_newsletter_access":"","_jetpack_dont_email_post_to_subs":false,"_jetpack_newsletter_tier_id":0,"_jetpack_memberships_contains_paywalled_content":false,"_jetpack_memberships_contains_paid_content":false,"footnotes":"","jetpack_publicize_message":"","jetpack_publicize_feature_enabled":true,"jetpack_social_post_already_shared":true,"jetpack_social_options":{"image_generator_settings":{"template":"highway","default_image_id":0,"font":"","enabled":false},"version":2}},"categories":[11],"tags":[],"class_list":["post-60958","post","type-post","status-publish","format-standard","has-post-thumbnail","hentry","category-noticias-de-ribeirao-preto-sp-e-regiao-ismael-colosi"],"jetpack_publicize_connections":[],"jetpack_featured_media_url":"https:\/\/i0.wp.com\/ismaelcolosi.com.br\/wp-content\/uploads\/2024\/08\/frente_fria_-_foto_guilherme_sircili_5.jpg_231334169.png?fit=600%2C400&ssl=1","uagb_featured_image_src":{"full":["https:\/\/i0.wp.com\/ismaelcolosi.com.br\/wp-content\/uploads\/2024\/08\/frente_fria_-_foto_guilherme_sircili_5.jpg_231334169.png?fit=600%2C400&ssl=1",600,400,false],"thumbnail":["https:\/\/i0.wp.com\/ismaelcolosi.com.br\/wp-content\/uploads\/2024\/08\/frente_fria_-_foto_guilherme_sircili_5.jpg_231334169.png?resize=150%2C150&ssl=1",150,150,true],"medium":["https:\/\/i0.wp.com\/ismaelcolosi.com.br\/wp-content\/uploads\/2024\/08\/frente_fria_-_foto_guilherme_sircili_5.jpg_231334169.png?fit=300%2C200&ssl=1",300,200,true],"medium_large":["https:\/\/i0.wp.com\/ismaelcolosi.com.br\/wp-content\/uploads\/2024\/08\/frente_fria_-_foto_guilherme_sircili_5.jpg_231334169.png?fit=600%2C400&ssl=1",600,400,true],"large":["https:\/\/i0.wp.com\/ismaelcolosi.com.br\/wp-content\/uploads\/2024\/08\/frente_fria_-_foto_guilherme_sircili_5.jpg_231334169.png?fit=600%2C400&ssl=1",600,400,true],"1536x1536":["https:\/\/i0.wp.com\/ismaelcolosi.com.br\/wp-content\/uploads\/2024\/08\/frente_fria_-_foto_guilherme_sircili_5.jpg_231334169.png?fit=600%2C400&ssl=1",600,400,true],"2048x2048":["https:\/\/i0.wp.com\/ismaelcolosi.com.br\/wp-content\/uploads\/2024\/08\/frente_fria_-_foto_guilherme_sircili_5.jpg_231334169.png?fit=600%2C400&ssl=1",600,400,true],"really-simple-thumb":["https:\/\/i0.wp.com\/ismaelcolosi.com.br\/wp-content\/uploads\/2024\/08\/frente_fria_-_foto_guilherme_sircili_5.jpg_231334169.png?resize=370%2C247&ssl=1",370,247,true]},"uagb_author_info":{"display_name":"ismaelcolosi.com.br","author_link":"https:\/\/ismaelcolosi.com.br\/index.php\/author\/vidareal-online\/"},"uagb_comment_info":0,"uagb_excerpt":"Ap\u00f3s uma forte onda de frio que estabeleceu recordes de baixas temperaturas na primeira quinzena do m\u00eas de agosto, o calor voltou a afetar diversas...","jetpack-related-posts":[{"id":45415,"url":"https:\/\/ismaelcolosi.com.br\/index.php\/2024\/04\/04\/nova-onda-de-calor-temperaturas-aumentam-antes-do-frio-chegar-ao-interior-de-sp\/","url_meta":{"origin":60958,"position":0},"title":"Nova onda de calor? Temperaturas aumentam antes do frio chegar ao interior de SP","author":"ismaelcolosi.com.br","date":"4 de April de 2024","format":false,"excerpt":"Antes da chegada de uma nova frente fria ao interior de S\u00e3o Paulo, as altas temperaturas devem atingir o estado nos pr\u00f3ximos dias. De acordo com o meteorologista Matheus Manente, do IAG (Instituto de Astronomia, Geof\u00edsica e Ci\u00eancias Atmosf\u00e9ricas) da USP (Universidade de S\u00e3o Paulo) e do site Meteored, o\u2026","rel":"","context":"In &quot;Not\u00edcias de Ribeir\u00e3o Preto-SP e Regi\u00e3o&quot;","block_context":{"text":"Not\u00edcias de Ribeir\u00e3o Preto-SP e Regi\u00e3o","link":"https:\/\/ismaelcolosi.com.br\/index.php\/category\/noticias-de-ribeirao-preto-sp-e-regiao-ismael-colosi\/"},"img":{"alt_text":"","src":"https:\/\/i0.wp.com\/ismaelcolosi.com.br\/wp-content\/uploads\/2024\/04\/20230711_174150-scaled.jpg?fit=1200%2C540&ssl=1&resize=350%2C200","width":350,"height":200,"srcset":"https:\/\/i0.wp.com\/ismaelcolosi.com.br\/wp-content\/uploads\/2024\/04\/20230711_174150-scaled.jpg?fit=1200%2C540&ssl=1&resize=350%2C200 1x, https:\/\/i0.wp.com\/ismaelcolosi.com.br\/wp-content\/uploads\/2024\/04\/20230711_174150-scaled.jpg?fit=1200%2C540&ssl=1&resize=525%2C300 1.5x, https:\/\/i0.wp.com\/ismaelcolosi.com.br\/wp-content\/uploads\/2024\/04\/20230711_174150-scaled.jpg?fit=1200%2C540&ssl=1&resize=700%2C400 2x, https:\/\/i0.wp.com\/ismaelcolosi.com.br\/wp-content\/uploads\/2024\/04\/20230711_174150-scaled.jpg?fit=1200%2C540&ssl=1&resize=1050%2C600 3x"},"classes":[]},{"id":51572,"url":"https:\/\/ismaelcolosi.com.br\/index.php\/2024\/05\/28\/segunda-onda-de-frio-chega-ao-estado-de-sp-e-derruba-as-temperaturas\/","url_meta":{"origin":60958,"position":1},"title":"Segunda onda de frio chega ao estado de SP e derruba as temperaturas","author":"ismaelcolosi.com.br","date":"28 de May de 2024","format":false,"excerpt":"A segunda onda de frio de 2024 come\u00e7ou a se formar e deve derrubar as temperaturas no estado S\u00e3o Paulo, a apartir da noite desta ter\u00e7a-feira (28). De acordo com os meteorologistas, ap\u00f3s a forma\u00e7\u00e3o de ciclone extratropical e sua frente fria na segunda (27), a alta p\u00f3s frontal avan\u00e7ar\u00e1\u2026","rel":"","context":"In &quot;Not\u00edcias de Ribeir\u00e3o Preto-SP e Regi\u00e3o&quot;","block_context":{"text":"Not\u00edcias de Ribeir\u00e3o Preto-SP e Regi\u00e3o","link":"https:\/\/ismaelcolosi.com.br\/index.php\/category\/noticias-de-ribeirao-preto-sp-e-regiao-ismael-colosi\/"},"img":{"alt_text":"","src":"https:\/\/i0.wp.com\/ismaelcolosi.com.br\/wp-content\/uploads\/2024\/04\/AnyConv.com__frio.webp.webp?fit=1200%2C800&ssl=1&resize=350%2C200","width":350,"height":200,"srcset":"https:\/\/i0.wp.com\/ismaelcolosi.com.br\/wp-content\/uploads\/2024\/04\/AnyConv.com__frio.webp.webp?fit=1200%2C800&ssl=1&resize=350%2C200 1x, https:\/\/i0.wp.com\/ismaelcolosi.com.br\/wp-content\/uploads\/2024\/04\/AnyConv.com__frio.webp.webp?fit=1200%2C800&ssl=1&resize=525%2C300 1.5x, https:\/\/i0.wp.com\/ismaelcolosi.com.br\/wp-content\/uploads\/2024\/04\/AnyConv.com__frio.webp.webp?fit=1200%2C800&ssl=1&resize=700%2C400 2x, https:\/\/i0.wp.com\/ismaelcolosi.com.br\/wp-content\/uploads\/2024\/04\/AnyConv.com__frio.webp.webp?fit=1200%2C800&ssl=1&resize=1050%2C600 3x"},"classes":[]},{"id":61078,"url":"https:\/\/ismaelcolosi.com.br\/index.php\/2024\/08\/20\/onda-de-calor-ou-frente-fria-entenda-como-fica-a-situacao-no-interior-de-sp\/","url_meta":{"origin":60958,"position":2},"title":"Onda de calor ou frente fria? Entenda como fica a situa\u00e7\u00e3o no interior de SP","author":"ismaelcolosi.com.br","date":"20 de August de 2024","format":false,"excerpt":"Todo o interior de S\u00e3o Paulo segue em alerta para onda de calor, que come\u00e7ou no \u00faltimo fim de semana, segundo o Inmet (Instituto Nacional de Meteorologia). Contudo, os meteorologistas acenam para chegada de uma frente fria no pr\u00f3ximo fim de semana, que pode derrubar as temperaturas em algumas regi\u00f5es.\u2026","rel":"","context":"In &quot;Not\u00edcias de Ribeir\u00e3o Preto-SP e Regi\u00e3o&quot;","block_context":{"text":"Not\u00edcias de Ribeir\u00e3o Preto-SP e Regi\u00e3o","link":"https:\/\/ismaelcolosi.com.br\/index.php\/category\/noticias-de-ribeirao-preto-sp-e-regiao-ismael-colosi\/"},"img":{"alt_text":"","src":"https:\/\/i0.wp.com\/ismaelcolosi.com.br\/wp-content\/uploads\/2024\/08\/onda-de-calor-frente-fria_2024-08-20_10-46-52_jpeg_2024-08-20_10-46-52.webp.webp?fit=1200%2C674&ssl=1&resize=350%2C200","width":350,"height":200,"srcset":"https:\/\/i0.wp.com\/ismaelcolosi.com.br\/wp-content\/uploads\/2024\/08\/onda-de-calor-frente-fria_2024-08-20_10-46-52_jpeg_2024-08-20_10-46-52.webp.webp?fit=1200%2C674&ssl=1&resize=350%2C200 1x, https:\/\/i0.wp.com\/ismaelcolosi.com.br\/wp-content\/uploads\/2024\/08\/onda-de-calor-frente-fria_2024-08-20_10-46-52_jpeg_2024-08-20_10-46-52.webp.webp?fit=1200%2C674&ssl=1&resize=525%2C300 1.5x, https:\/\/i0.wp.com\/ismaelcolosi.com.br\/wp-content\/uploads\/2024\/08\/onda-de-calor-frente-fria_2024-08-20_10-46-52_jpeg_2024-08-20_10-46-52.webp.webp?fit=1200%2C674&ssl=1&resize=700%2C400 2x, https:\/\/i0.wp.com\/ismaelcolosi.com.br\/wp-content\/uploads\/2024\/08\/onda-de-calor-frente-fria_2024-08-20_10-46-52_jpeg_2024-08-20_10-46-52.webp.webp?fit=1200%2C674&ssl=1&resize=1050%2C600 3x"},"classes":[]},{"id":58595,"url":"https:\/\/ismaelcolosi.com.br\/index.php\/2024\/08\/01\/vai-ter-frente-fria-em-agosto-confira-a-previsao-no-estado-de-sp\/","url_meta":{"origin":60958,"position":3},"title":"Vai ter frente fria em agosto? Confira a previs\u00e3o no estado de SP","author":"ismaelcolosi.com.br","date":"1 de August de 2024","format":false,"excerpt":"O m\u00eas de agosto come\u00e7a com previs\u00e3o de avan\u00e7o de frentes frias em dire\u00e7\u00e3o ao Sudeste na primeira quinzena. J\u00e1 na segunda quinzena, a meteorologia indica tempo seco e calor acima da m\u00e9dia, que podem atingir parte do estado de S\u00e3o Paulo. Segundo a Meteored, o avan\u00e7o de frentes frias\u2026","rel":"","context":"In &quot;Not\u00edcias de Ribeir\u00e3o Preto-SP e Regi\u00e3o&quot;","block_context":{"text":"Not\u00edcias de Ribeir\u00e3o Preto-SP e Regi\u00e3o","link":"https:\/\/ismaelcolosi.com.br\/index.php\/category\/noticias-de-ribeirao-preto-sp-e-regiao-ismael-colosi\/"},"img":{"alt_text":"","src":"https:\/\/i0.wp.com\/ismaelcolosi.com.br\/wp-content\/uploads\/2024\/08\/RIBEIRAO-PRETO.jpg?fit=1200%2C708&ssl=1&resize=350%2C200","width":350,"height":200,"srcset":"https:\/\/i0.wp.com\/ismaelcolosi.com.br\/wp-content\/uploads\/2024\/08\/RIBEIRAO-PRETO.jpg?fit=1200%2C708&ssl=1&resize=350%2C200 1x, https:\/\/i0.wp.com\/ismaelcolosi.com.br\/wp-content\/uploads\/2024\/08\/RIBEIRAO-PRETO.jpg?fit=1200%2C708&ssl=1&resize=525%2C300 1.5x, https:\/\/i0.wp.com\/ismaelcolosi.com.br\/wp-content\/uploads\/2024\/08\/RIBEIRAO-PRETO.jpg?fit=1200%2C708&ssl=1&resize=700%2C400 2x, https:\/\/i0.wp.com\/ismaelcolosi.com.br\/wp-content\/uploads\/2024\/08\/RIBEIRAO-PRETO.jpg?fit=1200%2C708&ssl=1&resize=1050%2C600 3x"},"classes":[]},{"id":55790,"url":"https:\/\/ismaelcolosi.com.br\/index.php\/2024\/07\/05\/onda-de-frio-vai-atingir-o-interior-de-sp-veja-quando-e-os-locais\/","url_meta":{"origin":60958,"position":4},"title":"Onda de frio vai atingir o interior de SP; Veja quando e os locais","author":"ismaelcolosi.com.br","date":"5 de July de 2024","format":false,"excerpt":"Uma onda de frio vai atingir o interior de S\u00e3o Paulo no per\u00edodo entre os dias 12 e 16 de julho. Segundo a Climatempo, as temperaturas ficar\u00e3o mais baixas por conta do ar frio de origem polar que vai come\u00e7ar a avan\u00e7ar pelo pa\u00eds a partir deste s\u00e1bado (6) e\u2026","rel":"","context":"In &quot;Not\u00edcias de Ribeir\u00e3o Preto-SP e Regi\u00e3o&quot;","block_context":{"text":"Not\u00edcias de Ribeir\u00e3o Preto-SP e Regi\u00e3o","link":"https:\/\/ismaelcolosi.com.br\/index.php\/category\/noticias-de-ribeirao-preto-sp-e-regiao-ismael-colosi\/"},"img":{"alt_text":"","src":"https:\/\/i0.wp.com\/ismaelcolosi.com.br\/wp-content\/uploads\/2024\/07\/AnyConv.com__onda-de-frio_2024-07-05_16-31-44.webp.webp?fit=1200%2C800&ssl=1&resize=350%2C200","width":350,"height":200,"srcset":"https:\/\/i0.wp.com\/ismaelcolosi.com.br\/wp-content\/uploads\/2024\/07\/AnyConv.com__onda-de-frio_2024-07-05_16-31-44.webp.webp?fit=1200%2C800&ssl=1&resize=350%2C200 1x, https:\/\/i0.wp.com\/ismaelcolosi.com.br\/wp-content\/uploads\/2024\/07\/AnyConv.com__onda-de-frio_2024-07-05_16-31-44.webp.webp?fit=1200%2C800&ssl=1&resize=525%2C300 1.5x, https:\/\/i0.wp.com\/ismaelcolosi.com.br\/wp-content\/uploads\/2024\/07\/AnyConv.com__onda-de-frio_2024-07-05_16-31-44.webp.webp?fit=1200%2C800&ssl=1&resize=700%2C400 2x, https:\/\/i0.wp.com\/ismaelcolosi.com.br\/wp-content\/uploads\/2024\/07\/AnyConv.com__onda-de-frio_2024-07-05_16-31-44.webp.webp?fit=1200%2C800&ssl=1&resize=1050%2C600 3x"},"classes":[]},{"id":68401,"url":"https:\/\/ismaelcolosi.com.br\/index.php\/2024\/09\/29\/interior-de-sp-tem-alerta-para-nova-onda-de-calor-veja-previsao\/","url_meta":{"origin":60958,"position":5},"title":"Interior de SP tem alerta para nova onda de calor; Veja previs\u00e3o","author":"ismaelcolosi.com.br","date":"29 de September de 2024","format":false,"excerpt":"O ar quente e seco volta a ganhar for\u00e7a no interior de S\u00e3o Paulo a partir deste domingo (29), dando in\u00edcio a oitava onda de calor na regi\u00e3o, de acordo com a Climatempo. Conforme a previs\u00e3o do servi\u00e7o de meteorologia, nos pr\u00f3ximos dias podemos esperar qualidade do ar comprometida, potencial\u2026","rel":"","context":"In &quot;Not\u00edcias de Ribeir\u00e3o Preto-SP e Regi\u00e3o&quot;","block_context":{"text":"Not\u00edcias de Ribeir\u00e3o Preto-SP e Regi\u00e3o","link":"https:\/\/ismaelcolosi.com.br\/index.php\/category\/noticias-de-ribeirao-preto-sp-e-regiao-ismael-colosi\/"},"img":{"alt_text":"","src":"https:\/\/i0.wp.com\/ismaelcolosi.com.br\/wp-content\/uploads\/2024\/09\/20230916_171444.jpg?fit=1200%2C716&ssl=1&resize=350%2C200","width":350,"height":200,"srcset":"https:\/\/i0.wp.com\/ismaelcolosi.com.br\/wp-content\/uploads\/2024\/09\/20230916_171444.jpg?fit=1200%2C716&ssl=1&resize=350%2C200 1x, https:\/\/i0.wp.com\/ismaelcolosi.com.br\/wp-content\/uploads\/2024\/09\/20230916_171444.jpg?fit=1200%2C716&ssl=1&resize=525%2C300 1.5x, https:\/\/i0.wp.com\/ismaelcolosi.com.br\/wp-content\/uploads\/2024\/09\/20230916_171444.jpg?fit=1200%2C716&ssl=1&resize=700%2C400 2x, https:\/\/i0.wp.com\/ismaelcolosi.com.br\/wp-content\/uploads\/2024\/09\/20230916_171444.jpg?fit=1200%2C716&ssl=1&resize=1050%2C600 3x"},"classes":[]}],"jetpack_sharing_enabled":true,"jetpack_shortlink":"https:\/\/wp.me\/pfMlyK-fRc","_links":{"self":[{"href":"https:\/\/ismaelcolosi.com.br\/index.php\/wp-json\/wp\/v2\/posts\/60958","targetHints":{"allow":["GET"]}}],"collection":[{"href":"https:\/\/ismaelcolosi.com.br\/index.php\/wp-json\/wp\/v2\/posts"}],"about":[{"href":"https:\/\/ismaelcolosi.com.br\/index.php\/wp-json\/wp\/v2\/types\/post"}],"author":[{"embeddable":true,"href":"https:\/\/ismaelcolosi.com.br\/index.php\/wp-json\/wp\/v2\/users\/1"}],"replies":[{"embeddable":true,"href":"https:\/\/ismaelcolosi.com.br\/index.php\/wp-json\/wp\/v2\/comments?post=60958"}],"version-history":[{"count":0,"href":"https:\/\/ismaelcolosi.com.br\/index.php\/wp-json\/wp\/v2\/posts\/60958\/revisions"}],"wp:featuredmedia":[{"embeddable":true,"href":"https:\/\/ismaelcolosi.com.br\/index.php\/wp-json\/wp\/v2\/media\/60959"}],"wp:attachment":[{"href":"https:\/\/ismaelcolosi.com.br\/index.php\/wp-json\/wp\/v2\/media?parent=60958"}],"wp:term":[{"taxonomy":"category","embeddable":true,"href":"https:\/\/ismaelcolosi.com.br\/index.php\/wp-json\/wp\/v2\/categories?post=60958"},{"taxonomy":"post_tag","embeddable":true,"href":"https:\/\/ismaelcolosi.com.br\/index.php\/wp-json\/wp\/v2\/tags?post=60958"}],"curies":[{"name":"wp","href":"https:\/\/api.w.org\/{rel}","templated":true}]}}