{"id":60952,"date":"2024-08-19T13:28:35","date_gmt":"2024-08-19T16:28:35","guid":{"rendered":"https:\/\/ismaelcolosi.com.br\/index.php\/2024\/08\/19\/filho-de-ex-piloto-de-formula-1-se-envolve-em-acidente-em-ribeirao-preto\/"},"modified":"2024-08-19T13:28:35","modified_gmt":"2024-08-19T16:28:35","slug":"filho-de-ex-piloto-de-formula-1-se-envolve-em-acidente-em-ribeirao-preto","status":"publish","type":"post","link":"https:\/\/ismaelcolosi.com.br\/index.php\/2024\/08\/19\/filho-de-ex-piloto-de-formula-1-se-envolve-em-acidente-em-ribeirao-preto\/","title":{"rendered":"Filho de ex-piloto de F\u00f3rmula 1 se envolve em acidente em Ribeir\u00e3o Preto"},"content":{"rendered":"<p> <br \/>\n<\/p>\n<div>\n<p><strong>Fernando Barrichello<\/strong>, filho do ex-piloto de <strong>F\u00f3rmula 1<\/strong> <strong>Rubens Barrichello<\/strong>, se envolveu em um acidente de tr\u00e2nsito em <strong>Ribeir\u00e3o Preto<\/strong> no \u00faltimo domingo (18). \u00a0Fernando, que tamb\u00e9m \u00e9 piloto e corre na Euroformula, na Europa, n\u00e3o ficou ferido.<\/p>\n<p>Segundo o <strong>BO (boletim de ocorr\u00eancia)<\/strong>, o acidente aconteceu na <mark style=\"background-color:#fcb900\" class=\"has-inline-color has-black-color\">avenida Francisco Junqueira, pr\u00f3ximo ao retorno do viaduto Profissionais da Sa\u00fade, no sentido Centro.<\/mark><\/p>\n<p>O registro foi realizado pelo motociclista atingido pelo carro dirigido por Fernando. A v\u00edtima afirma que o piloto teria diminu\u00eddo a velocidade do carro onde estava. Neste momento, o motociclista teria tentado ultrapassar, mas foi atingido por Fernando, que tentava acessar um retorno.<\/p>\n<p>Por conta da colis\u00e3o, o motociclista alegou que ficou com dores no corpo, al\u00e9m de avarias na moto. O <strong>Samu (Servi\u00e7o de Atendimento M\u00f3vel de Urg\u00eancia) <\/strong>chegou a ser acionado, mas a v\u00edtima recusou o atendimento, porque n\u00e3o queria deixar a moto sozinha no local.<\/p>\n<p>O BO ainda aponta que Fernando estaria sem a <strong>CNH (Carteira Nacional de Habilita\u00e7\u00e3o) <\/strong>e que chamou um tio, que mora nas proximidades, que acionou o guincho. Fefo, como o filho do ex-piloto da Ferrari tamb\u00e9m \u00e9 conhecido, teria afirmado que pagaria os preju\u00edzos causados.<\/p>\n<p>Ap\u00f3s a moto ter sido recolhida pelo guincho, a v\u00edtima foi levada para UPA (Unidade de Pronto Atendimento) da Treze de Maio.<\/p>\n<h4 class=\"wp-block-heading\"><strong>Outro lado<\/strong><\/h4>\n<p>O piloto Fernando Barrichello foi procurado nesta segunda-feira (19) pela reportagem do<strong> acidade on Ribeir\u00e3o<\/strong>, mas informou que n\u00e3o se manifestaria sobre o caso.<\/p>\n<p>SAIBA MAIS<br \/>Saiba como fica o tempo em Ribeir\u00e3o Preto nos pr\u00f3ximos cinco dias<\/p>\n<h4 class=\"wp-block-heading\"><strong>FIQUE ON<\/strong><\/h4>\n<p>Fique ligado em tudo que acontece em Ribeir\u00e3o Preto e regi\u00e3o. Siga os perfis do<strong> acidade on<\/strong> no<a href=\"https:\/\/www.instagram.com\/acidadeonribeirao\" target=\"_blank\" rel=\"noreferrer noopener nofollow\"> Instagram <\/a>e no <a href=\"https:\/\/www.facebook.com\/acidadeonribeirao\/\" target=\"_blank\" rel=\"noreferrer noopener nofollow\">Facebook<\/a>.<\/p>\n<p>Receba not\u00edcias do <strong>acidade on<\/strong> no WhatsApp. <a href=\"https:\/\/chat.whatsapp.com\/Dtv9mxhy6V5BJBotM2OQ5k\" target=\"_blank\" rel=\"noreferrer noopener nofollow\">Para entrar no grupo, basta clicar aqui.<\/a><\/p>\n<p>Fa\u00e7a uma den\u00fancia ou sugira uma reportagem sobre Ribeir\u00e3o Preto e regi\u00e3o pelo WhatsApp: 16 99117 7802.<\/p>\n<p>VEJA TAMB\u00c9M<br \/>Onda de calor em SP vai at\u00e9 quando?<\/p>\n<p><!-- CONTENT END 1 -->\n<\/div>\n<p><script async src=\"\/\/www.instagram.com\/embed.js\"><\/script><br \/>\n<br \/><br \/>\n<br \/><a href=\"https:\/\/www.acidadeon.com\/ribeiraopreto\/esportes\/filho-de-ex-piloto-de-formula-1-se-envolve-em-acidente-em-ribeirao-preto\/\">Source link <\/a><\/p>\n","protected":false},"excerpt":{"rendered":"<p>Fernando Barrichello, filho do ex-piloto de F\u00f3rmula 1 Rubens Barrichello, se envolveu em um acidente de tr\u00e2nsito em Ribeir\u00e3o Preto no \u00faltimo domingo (18). \u00a0Fernando,&#8230;<\/p>\n","protected":false},"author":1,"featured_media":60953,"comment_status":"open","ping_status":"open","sticky":false,"template":"","format":"standard","meta":{"_uag_custom_page_level_css":"","advanced_seo_description":"","jetpack_seo_html_title":"","jetpack_seo_noindex":false,"jetpack_post_was_ever_published":false,"_jetpack_newsletter_access":"","_jetpack_dont_email_post_to_subs":false,"_jetpack_newsletter_tier_id":0,"_jetpack_memberships_contains_paywalled_content":false,"_jetpack_memberships_contains_paid_content":false,"footnotes":"","jetpack_publicize_message":"","jetpack_publicize_feature_enabled":true,"jetpack_social_post_already_shared":true,"jetpack_social_options":{"image_generator_settings":{"template":"highway","default_image_id":0,"font":"","enabled":false},"version":2}},"categories":[11],"tags":[],"class_list":["post-60952","post","type-post","status-publish","format-standard","has-post-thumbnail","hentry","category-noticias-de-ribeirao-preto-sp-e-regiao-ismael-colosi"],"jetpack_publicize_connections":[],"jetpack_featured_media_url":"https:\/\/i0.wp.com\/ismaelcolosi.com.br\/wp-content\/uploads\/2024\/08\/fefo-barrichello_2024-08-19_16-08-18_jpg_2024-08-19_16-08-19.webp.webp?fit=1200%2C1009&ssl=1","uagb_featured_image_src":{"full":["https:\/\/i0.wp.com\/ismaelcolosi.com.br\/wp-content\/uploads\/2024\/08\/fefo-barrichello_2024-08-19_16-08-18_jpg_2024-08-19_16-08-19.webp.webp?fit=1200%2C1009&ssl=1",1200,1009,false],"thumbnail":["https:\/\/i0.wp.com\/ismaelcolosi.com.br\/wp-content\/uploads\/2024\/08\/fefo-barrichello_2024-08-19_16-08-18_jpg_2024-08-19_16-08-19.webp.webp?resize=150%2C150&ssl=1",150,150,true],"medium":["https:\/\/i0.wp.com\/ismaelcolosi.com.br\/wp-content\/uploads\/2024\/08\/fefo-barrichello_2024-08-19_16-08-18_jpg_2024-08-19_16-08-19.webp.webp?fit=300%2C252&ssl=1",300,252,true],"medium_large":["https:\/\/i0.wp.com\/ismaelcolosi.com.br\/wp-content\/uploads\/2024\/08\/fefo-barrichello_2024-08-19_16-08-18_jpg_2024-08-19_16-08-19.webp.webp?fit=768%2C646&ssl=1",768,646,true],"large":["https:\/\/i0.wp.com\/ismaelcolosi.com.br\/wp-content\/uploads\/2024\/08\/fefo-barrichello_2024-08-19_16-08-18_jpg_2024-08-19_16-08-19.webp.webp?fit=1024%2C861&ssl=1",1024,861,true],"1536x1536":["https:\/\/i0.wp.com\/ismaelcolosi.com.br\/wp-content\/uploads\/2024\/08\/fefo-barrichello_2024-08-19_16-08-18_jpg_2024-08-19_16-08-19.webp.webp?fit=1200%2C1009&ssl=1",1200,1009,true],"2048x2048":["https:\/\/i0.wp.com\/ismaelcolosi.com.br\/wp-content\/uploads\/2024\/08\/fefo-barrichello_2024-08-19_16-08-18_jpg_2024-08-19_16-08-19.webp.webp?fit=1200%2C1009&ssl=1",1200,1009,true],"really-simple-thumb":["https:\/\/i0.wp.com\/ismaelcolosi.com.br\/wp-content\/uploads\/2024\/08\/fefo-barrichello_2024-08-19_16-08-18_jpg_2024-08-19_16-08-19.webp.webp?resize=370%2C247&ssl=1",370,247,true]},"uagb_author_info":{"display_name":"ismaelcolosi.com.br","author_link":"https:\/\/ismaelcolosi.com.br\/index.php\/author\/vidareal-online\/"},"uagb_comment_info":0,"uagb_excerpt":"Fernando Barrichello, filho do ex-piloto de F\u00f3rmula 1 Rubens Barrichello, se envolveu em um acidente de tr\u00e2nsito em Ribeir\u00e3o Preto no \u00faltimo domingo (18). \u00a0Fernando,...","jetpack-related-posts":[{"id":68134,"url":"https:\/\/ismaelcolosi.com.br\/index.php\/2024\/09\/27\/agente-penitenciario-fica-gravemente-ferido-apos-acidente-no-centro-de-ribeirao\/","url_meta":{"origin":60952,"position":0},"title":"Agente penitenci\u00e1rio fica gravemente ferido ap\u00f3s acidente no Centro de Ribeir\u00e3o","author":"ismaelcolosi.com.br","date":"27 de September de 2024","format":false,"excerpt":"Um agente penitenci\u00e1rio ficou gravemente ferido, na manh\u00e3 desta sexta-feira (27), ap\u00f3s colidir a moto que pilotava na lateral de um \u00f4nibus, no cruzamento da rua Flor\u00eancio de Abreu com a avenida Jer\u00f4nimo Gon\u00e7alves, no Centro de Ribeir\u00e3o Preto. No transporte coletivo tinha oito passageiros, mas nenhum ficou ferido. O\u2026","rel":"","context":"In &quot;Not\u00edcias de Ribeir\u00e3o Preto-SP e Regi\u00e3o&quot;","block_context":{"text":"Not\u00edcias de Ribeir\u00e3o Preto-SP e Regi\u00e3o","link":"https:\/\/ismaelcolosi.com.br\/index.php\/category\/noticias-de-ribeirao-preto-sp-e-regiao-ismael-colosi\/"},"img":{"alt_text":"","src":"https:\/\/i0.wp.com\/ismaelcolosi.com.br\/wp-content\/uploads\/2024\/09\/Imagem-do-WhatsApp-de-2024-09-27-as-11.46.13_2a6420db_2024-09-27_14-48-39_jpg_2024-09-27_14-48-39.webp.webp?fit=1179%2C664&ssl=1&resize=350%2C200","width":350,"height":200,"srcset":"https:\/\/i0.wp.com\/ismaelcolosi.com.br\/wp-content\/uploads\/2024\/09\/Imagem-do-WhatsApp-de-2024-09-27-as-11.46.13_2a6420db_2024-09-27_14-48-39_jpg_2024-09-27_14-48-39.webp.webp?fit=1179%2C664&ssl=1&resize=350%2C200 1x, https:\/\/i0.wp.com\/ismaelcolosi.com.br\/wp-content\/uploads\/2024\/09\/Imagem-do-WhatsApp-de-2024-09-27-as-11.46.13_2a6420db_2024-09-27_14-48-39_jpg_2024-09-27_14-48-39.webp.webp?fit=1179%2C664&ssl=1&resize=525%2C300 1.5x, https:\/\/i0.wp.com\/ismaelcolosi.com.br\/wp-content\/uploads\/2024\/09\/Imagem-do-WhatsApp-de-2024-09-27-as-11.46.13_2a6420db_2024-09-27_14-48-39_jpg_2024-09-27_14-48-39.webp.webp?fit=1179%2C664&ssl=1&resize=700%2C400 2x, https:\/\/i0.wp.com\/ismaelcolosi.com.br\/wp-content\/uploads\/2024\/09\/Imagem-do-WhatsApp-de-2024-09-27-as-11.46.13_2a6420db_2024-09-27_14-48-39_jpg_2024-09-27_14-48-39.webp.webp?fit=1179%2C664&ssl=1&resize=1050%2C600 3x"},"classes":[]},{"id":36266,"url":"https:\/\/ismaelcolosi.com.br\/index.php\/2024\/02\/09\/motociclista-fica-ferido-em-colisao-na-v-seixas\/","url_meta":{"origin":60952,"position":1},"title":"Motociclista fica ferido em colis\u00e3o na V. Seixas","author":"ismaelcolosi.com.br","date":"9 de February de 2024","format":false,"excerpt":"Um dos ve\u00edculos envolvidos n\u00e3o teria respeitado a preferencial e causou o acidente 8 de fevereiro de 2024 | 16:25 2Por: Adalberto LuqueUm motociclista ficou ferido, na tarde desta quinta-feira (08), ap\u00f3s um acidente entre um carro e uma motocicleta. Segundo o Corpo de Bombeiros, houve a v\u00edtima do acidente\u2026","rel":"","context":"In &quot;Not\u00edcias de Ribeir\u00e3o Preto-SP e Regi\u00e3o&quot;","block_context":{"text":"Not\u00edcias de Ribeir\u00e3o Preto-SP e Regi\u00e3o","link":"https:\/\/ismaelcolosi.com.br\/index.php\/category\/noticias-de-ribeirao-preto-sp-e-regiao-ismael-colosi\/"},"img":{"alt_text":"","src":"https:\/\/i0.wp.com\/ismaelcolosi.com.br\/wp-content\/uploads\/2024\/02\/00-08-fev-2024-acidente-motociclista-foto-max-gallao-mesquita-scaled.jpg?fit=967%2C645&ssl=1&resize=350%2C200","width":350,"height":200,"srcset":"https:\/\/i0.wp.com\/ismaelcolosi.com.br\/wp-content\/uploads\/2024\/02\/00-08-fev-2024-acidente-motociclista-foto-max-gallao-mesquita-scaled.jpg?fit=967%2C645&ssl=1&resize=350%2C200 1x, https:\/\/i0.wp.com\/ismaelcolosi.com.br\/wp-content\/uploads\/2024\/02\/00-08-fev-2024-acidente-motociclista-foto-max-gallao-mesquita-scaled.jpg?fit=967%2C645&ssl=1&resize=525%2C300 1.5x, https:\/\/i0.wp.com\/ismaelcolosi.com.br\/wp-content\/uploads\/2024\/02\/00-08-fev-2024-acidente-motociclista-foto-max-gallao-mesquita-scaled.jpg?fit=967%2C645&ssl=1&resize=700%2C400 2x"},"classes":[]},{"id":69259,"url":"https:\/\/ismaelcolosi.com.br\/index.php\/2024\/10\/04\/morre-vitima-de-acidente-no-anel-viario-sul-de-ribeirao-motociclista-foi-preso\/","url_meta":{"origin":60952,"position":2},"title":"Morre v\u00edtima de acidente no Anel Vi\u00e1rio Sul de Ribeir\u00e3o; Motociclista foi preso","author":"ismaelcolosi.com.br","date":"4 de October de 2024","format":false,"excerpt":"Uma mulher de 62 anos, v\u00edtima de um acidente que envolveu quatro ve\u00edculos na tarde desta quinta-feira (3), morreu depois de ter sido socorrida no km 312 do Anel Vi\u00e1rio Sul (rodovia Ant\u00f4nio Duarte Nogueira, SP-322), em Ribeir\u00e3o Preto. Outras quatro pessoas foram socorridas, incluindo uma beb\u00ea de cinco meses,\u2026","rel":"","context":"In &quot;Not\u00edcias de Ribeir\u00e3o Preto-SP e Regi\u00e3o&quot;","block_context":{"text":"Not\u00edcias de Ribeir\u00e3o Preto-SP e Regi\u00e3o","link":"https:\/\/ismaelcolosi.com.br\/index.php\/category\/noticias-de-ribeirao-preto-sp-e-regiao-ismael-colosi\/"},"img":{"alt_text":"","src":"https:\/\/i0.wp.com\/ismaelcolosi.com.br\/wp-content\/uploads\/2024\/10\/WhatsApp-Image-2024-10-04-at-11.52.22_2024-10-04_14-53-38_jpeg_2024-10-04_14-53-38.webp.webp?fit=1200%2C675&ssl=1&resize=350%2C200","width":350,"height":200,"srcset":"https:\/\/i0.wp.com\/ismaelcolosi.com.br\/wp-content\/uploads\/2024\/10\/WhatsApp-Image-2024-10-04-at-11.52.22_2024-10-04_14-53-38_jpeg_2024-10-04_14-53-38.webp.webp?fit=1200%2C675&ssl=1&resize=350%2C200 1x, https:\/\/i0.wp.com\/ismaelcolosi.com.br\/wp-content\/uploads\/2024\/10\/WhatsApp-Image-2024-10-04-at-11.52.22_2024-10-04_14-53-38_jpeg_2024-10-04_14-53-38.webp.webp?fit=1200%2C675&ssl=1&resize=525%2C300 1.5x, https:\/\/i0.wp.com\/ismaelcolosi.com.br\/wp-content\/uploads\/2024\/10\/WhatsApp-Image-2024-10-04-at-11.52.22_2024-10-04_14-53-38_jpeg_2024-10-04_14-53-38.webp.webp?fit=1200%2C675&ssl=1&resize=700%2C400 2x, https:\/\/i0.wp.com\/ismaelcolosi.com.br\/wp-content\/uploads\/2024\/10\/WhatsApp-Image-2024-10-04-at-11.52.22_2024-10-04_14-53-38_jpeg_2024-10-04_14-53-38.webp.webp?fit=1200%2C675&ssl=1&resize=1050%2C600 3x"},"classes":[]},{"id":39462,"url":"https:\/\/ismaelcolosi.com.br\/index.php\/2024\/02\/26\/motorista-e-preso-por-embriaguez-apos-atropelar-motociclista-em-rp\/","url_meta":{"origin":60952,"position":3},"title":"Motorista \u00e9 preso por embriaguez ap\u00f3s atropelar motociclista em RP","author":"ismaelcolosi.com.br","date":"26 de February de 2024","format":false,"excerpt":"Entregador foi socorrido inconsciente ap\u00f3s acidente onde motorista fugiu do local e teria jogado garrafas de cerveja pela janela do carro 26 de fevereiro de 2024 | 12:25 0Por: Adalberto LuqueUm homem de 44 anos foi preso, na madrugada desta segunda-feira (26), ap\u00f3s atropelar um motociclista que fazia entregas. O\u2026","rel":"","context":"In &quot;Not\u00edcias de Ribeir\u00e3o Preto-SP e Regi\u00e3o&quot;","block_context":{"text":"Not\u00edcias de Ribeir\u00e3o Preto-SP e Regi\u00e3o","link":"https:\/\/ismaelcolosi.com.br\/index.php\/category\/noticias-de-ribeirao-preto-sp-e-regiao-ismael-colosi\/"},"img":{"alt_text":"","src":"https:\/\/i0.wp.com\/ismaelcolosi.com.br\/wp-content\/uploads\/2024\/02\/1708961597_hcemergencia.jpg?fit=800%2C500&ssl=1&resize=350%2C200","width":350,"height":200,"srcset":"https:\/\/i0.wp.com\/ismaelcolosi.com.br\/wp-content\/uploads\/2024\/02\/1708961597_hcemergencia.jpg?fit=800%2C500&ssl=1&resize=350%2C200 1x, https:\/\/i0.wp.com\/ismaelcolosi.com.br\/wp-content\/uploads\/2024\/02\/1708961597_hcemergencia.jpg?fit=800%2C500&ssl=1&resize=525%2C300 1.5x, https:\/\/i0.wp.com\/ismaelcolosi.com.br\/wp-content\/uploads\/2024\/02\/1708961597_hcemergencia.jpg?fit=800%2C500&ssl=1&resize=700%2C400 2x"},"classes":[]},{"id":49798,"url":"https:\/\/ismaelcolosi.com.br\/index.php\/2024\/05\/13\/motociclista-morre-em-acidente-na-anhanguera\/","url_meta":{"origin":60952,"position":4},"title":"Motociclista morre em acidente na Anhanguera","author":"ismaelcolosi.com.br","date":"13 de May de 2024","format":false,"excerpt":"Ap\u00f3s bater com sua moto, v\u00edtima caiu e foi atropelada por v\u00e1rios ve\u00edculos 13 de maio de 202413 Compartilhar2 Por: Adalberto Luque Um homem de 41 anos morreu, na noite deste domingo (12), depois de se envolver em um acidente com sua moto. Ele seguia pela Rodovia Anhanguera (SP-330), na\u2026","rel":"","context":"In &quot;Not\u00edcias de Ribeir\u00e3o Preto-SP e Regi\u00e3o&quot;","block_context":{"text":"Not\u00edcias de Ribeir\u00e3o Preto-SP e Regi\u00e3o","link":"https:\/\/ismaelcolosi.com.br\/index.php\/category\/noticias-de-ribeirao-preto-sp-e-regiao-ismael-colosi\/"},"img":{"alt_text":"","src":"https:\/\/i0.wp.com\/ismaelcolosi.com.br\/wp-content\/uploads\/2024\/05\/dupla_anhanguera-scaled-1.jpeg?fit=700%2C524&ssl=1&resize=350%2C200","width":350,"height":200,"srcset":"https:\/\/i0.wp.com\/ismaelcolosi.com.br\/wp-content\/uploads\/2024\/05\/dupla_anhanguera-scaled-1.jpeg?fit=700%2C524&ssl=1&resize=350%2C200 1x, https:\/\/i0.wp.com\/ismaelcolosi.com.br\/wp-content\/uploads\/2024\/05\/dupla_anhanguera-scaled-1.jpeg?fit=700%2C524&ssl=1&resize=525%2C300 1.5x, https:\/\/i0.wp.com\/ismaelcolosi.com.br\/wp-content\/uploads\/2024\/05\/dupla_anhanguera-scaled-1.jpeg?fit=700%2C524&ssl=1&resize=700%2C400 2x"},"classes":[]},{"id":59249,"url":"https:\/\/ismaelcolosi.com.br\/index.php\/2024\/08\/07\/motociclista-morre-apos-uma-semana-internado-por-conta-de-acidente-em-ribeirao-preto\/","url_meta":{"origin":60952,"position":5},"title":"Motociclista morre ap\u00f3s uma semana internado por conta de acidente em Ribeir\u00e3o Preto","author":"ismaelcolosi.com.br","date":"7 de August de 2024","format":false,"excerpt":"Um motociclista de 28 anos morreu, na \u00faltima ter\u00e7a-feira (6), ap\u00f3s uma semana internado por conta de um acidente de tr\u00e2nsito em Ribeir\u00e3o Preto. Segundo o BO (boletim de ocorr\u00eancia), a v\u00edtima pilotava uma moto quando foi atingido por um carro. O documento afirma que o jovem foi arremessado por\u2026","rel":"","context":"In &quot;Not\u00edcias de Ribeir\u00e3o Preto-SP e Regi\u00e3o&quot;","block_context":{"text":"Not\u00edcias de Ribeir\u00e3o Preto-SP e Regi\u00e3o","link":"https:\/\/ismaelcolosi.com.br\/index.php\/category\/noticias-de-ribeirao-preto-sp-e-regiao-ismael-colosi\/"},"img":{"alt_text":"","src":"https:\/\/i0.wp.com\/ismaelcolosi.com.br\/wp-content\/uploads\/2024\/08\/hc-ue.jpg?fit=733%2C414&ssl=1&resize=350%2C200","width":350,"height":200,"srcset":"https:\/\/i0.wp.com\/ismaelcolosi.com.br\/wp-content\/uploads\/2024\/08\/hc-ue.jpg?fit=733%2C414&ssl=1&resize=350%2C200 1x, https:\/\/i0.wp.com\/ismaelcolosi.com.br\/wp-content\/uploads\/2024\/08\/hc-ue.jpg?fit=733%2C414&ssl=1&resize=525%2C300 1.5x, https:\/\/i0.wp.com\/ismaelcolosi.com.br\/wp-content\/uploads\/2024\/08\/hc-ue.jpg?fit=733%2C414&ssl=1&resize=700%2C400 2x"},"classes":[]}],"jetpack_sharing_enabled":true,"jetpack_shortlink":"https:\/\/wp.me\/pfMlyK-fR6","_links":{"self":[{"href":"https:\/\/ismaelcolosi.com.br\/index.php\/wp-json\/wp\/v2\/posts\/60952","targetHints":{"allow":["GET"]}}],"collection":[{"href":"https:\/\/ismaelcolosi.com.br\/index.php\/wp-json\/wp\/v2\/posts"}],"about":[{"href":"https:\/\/ismaelcolosi.com.br\/index.php\/wp-json\/wp\/v2\/types\/post"}],"author":[{"embeddable":true,"href":"https:\/\/ismaelcolosi.com.br\/index.php\/wp-json\/wp\/v2\/users\/1"}],"replies":[{"embeddable":true,"href":"https:\/\/ismaelcolosi.com.br\/index.php\/wp-json\/wp\/v2\/comments?post=60952"}],"version-history":[{"count":0,"href":"https:\/\/ismaelcolosi.com.br\/index.php\/wp-json\/wp\/v2\/posts\/60952\/revisions"}],"wp:featuredmedia":[{"embeddable":true,"href":"https:\/\/ismaelcolosi.com.br\/index.php\/wp-json\/wp\/v2\/media\/60953"}],"wp:attachment":[{"href":"https:\/\/ismaelcolosi.com.br\/index.php\/wp-json\/wp\/v2\/media?parent=60952"}],"wp:term":[{"taxonomy":"category","embeddable":true,"href":"https:\/\/ismaelcolosi.com.br\/index.php\/wp-json\/wp\/v2\/categories?post=60952"},{"taxonomy":"post_tag","embeddable":true,"href":"https:\/\/ismaelcolosi.com.br\/index.php\/wp-json\/wp\/v2\/tags?post=60952"}],"curies":[{"name":"wp","href":"https:\/\/api.w.org\/{rel}","templated":true}]}}