{"id":60941,"date":"2024-08-19T12:26:26","date_gmt":"2024-08-19T15:26:26","guid":{"rendered":"https:\/\/ismaelcolosi.com.br\/index.php\/2024\/08\/19\/concertos-eptv-brahms-e-musicas-tradicionais-chinesas-chegam-ao-theatro-pedro-ii-em-ribeirao-preto\/"},"modified":"2024-08-19T12:26:26","modified_gmt":"2024-08-19T15:26:26","slug":"concertos-eptv-brahms-e-musicas-tradicionais-chinesas-chegam-ao-theatro-pedro-ii-em-ribeirao-preto","status":"publish","type":"post","link":"https:\/\/ismaelcolosi.com.br\/index.php\/2024\/08\/19\/concertos-eptv-brahms-e-musicas-tradicionais-chinesas-chegam-ao-theatro-pedro-ii-em-ribeirao-preto\/","title":{"rendered":"Concertos EPTV: Brahms e m\u00fasicas tradicionais chinesas chegam ao Theatro Pedro II em Ribeir\u00e3o Preto"},"content":{"rendered":"<p> <br \/>\n<\/p>\n<div>\n<p>O<strong> Theatro Pedro II<\/strong>, em <strong>Ribeir\u00e3o Preto<\/strong>, recebe a temperada 2024 dos <strong>Concertos EPTV<\/strong>, que ser\u00e3o realizados no m\u00eas de setembro.<\/p>\n<h4 class=\"wp-block-heading\"><strong>Nova temporada<\/strong><\/h4>\n<p>S\u00e3o <strong>quatro apresenta\u00e7\u00f5es<\/strong> <strong>gratuitas<\/strong> nos dias<strong> 3, 4, 6 e 7 de setembro<\/strong>, nas cidades de <strong>Ribeir\u00e3o Preto<\/strong>, <strong>Campinas<\/strong>, <strong>Bebedouro<\/strong> e <strong>S\u00e3o Carlos<\/strong>.<\/p>\n<p>No palco,<strong> Pablo<\/strong> <strong>de Le\u00f3n<\/strong> (violino), <strong>Hor\u00e1cio Schaefer<\/strong> (viola) e <strong>Roberto Ring<\/strong> (violoncelo) receber\u00e3o os m\u00fasicos chineses convidados <strong>Ar\u00eda Zheng<\/strong> (erhu) e <strong>Qinxiang Gao <\/strong>(yangqin), al\u00e9m do pianista brasileiro com carreira internacional <strong>Pablo Rossi<\/strong>. Juntos, eles levar\u00e3o ao p\u00fablico uma programa\u00e7\u00e3o especial que integra a <strong>8\u00aa Edi\u00e7\u00e3o do Interc\u00e2mbio Cultural Brasil-China<\/strong>, celebrando os <strong>50 anos<\/strong> das rela\u00e7\u00f5es diplom\u00e1ticas entre os dois pa\u00edses.<\/p>\n<p>Uma novidade importante desta edi\u00e7\u00e3o \u00e9 a inclus\u00e3o de <strong>audiodescri\u00e7\u00e3o ao vivo<\/strong> na apresenta\u00e7\u00e3o de <strong>Ribeir\u00e3o Preto<\/strong>, uma a\u00e7\u00e3o de<strong> acessibilidade<\/strong> destinada a pessoas com <strong>defici\u00eancia visual<\/strong>. Um profissional especializado descrever\u00e1 os detalhes do concerto em tempo real, permitindo que convidados cegos e o p\u00fablico geral com essa condi\u00e7\u00e3o possam usufruir da experi\u00eancia musical.<\/p>\n<p>Fones de ouvido com receptores estar\u00e3o dispon\u00edveis para que esses espectadores possam acompanhar tanto a m\u00fasica quanto a <strong>audiodescri\u00e7\u00e3o simultaneamente<\/strong>. Em obras de <strong>Brahms<\/strong> e m\u00fasicas tradicionais chinesas no dia <strong>3 de setembro<\/strong>, a apresenta\u00e7\u00e3o \u00e9 em <strong>Ribeir\u00e3o Preto<\/strong> no <strong>Theatro Pedro II<\/strong>.<\/p>\n<p>No dia <strong>4 de setembro<\/strong> a apresenta\u00e7\u00e3o \u00e9 no <strong>Teatro Municipal Jos\u00e9 de Castro Mendes<\/strong>, em <strong>Campinas<\/strong>. J\u00e1 no dia <strong>6 de setembro<\/strong> na cidade de <strong>Bebedouro<\/strong>, no <strong>Teatro Municipal<\/strong> <strong>Maur\u00edcio Alves de Oliveira Junior<\/strong>. E no dia <strong>7 de setembro<\/strong>, em <strong>S\u00e3o Carlos<\/strong> no <strong>Teatro Municipal Dr. Alderico Vieira Perdig\u00e3o<\/strong>. A entrada dos espet\u00e1culos \u00e9<strong> gratuita<\/strong> e a <strong>classifica\u00e7\u00e3o \u00e9 de 10 anos<\/strong>.<\/p>\n<h4 class=\"wp-block-heading\"><strong>Biografia<\/strong><\/h4>\n<p><strong>TRIO LE\u00d3N<\/strong> \u2013 <strong>SCHAEFER \u2013 RING<\/strong>: Comemorando em <strong>2023, <\/strong>vinte e dois anos de atividade, este time de peso do cen\u00e1rio da m\u00fasica cl\u00e1ssica brasileira re\u00fane o violinista <strong>Pablo de Le\u00f3n <\/strong>(spalla da Orquestra Sinf\u00f4nica Municipal de S\u00e3o Paulo), o violista <strong>Hor\u00e1cio Schaefer<\/strong> (chefe do naipe das violas da Orquestra Sinf\u00f4nica do Estado de S\u00e3o Paulo) e o violoncelista <strong>Roberto Ring<\/strong>. Juntos desde <strong>2001<\/strong>, o grupo j\u00e1 ultrapassou a incr\u00edvel marca de mais de <strong>800 concertos<\/strong> realizados no <strong>Brasil<\/strong>. Al\u00e9m disso, o grupo representou o <strong>Brasil<\/strong> em concertos na <strong>Argentina<\/strong> e <strong>Chile<\/strong>, em concertos prestigiosos na<strong> S\u00e9rie Llao Llao<\/strong> no<strong> Alvear em Buenos Aires<\/strong>, no <strong>Festival Internacional de Ushuaia<\/strong> e na <strong>Funda\u00e7\u00e3o Beethoven de Santiago<\/strong>.<\/p>\n<p>J\u00e1 receberam convidados do mundo todo, entre eles os clarinetistas <strong>Antony Pay<\/strong> (Inglaterra), <strong>Michel Lethiec<\/strong> e <strong>Romain Guyot<\/strong> (Fran\u00e7a); os violinistas <strong>Ilya Gringolts<\/strong> (R\u00fassia), <strong>R\u00e9gis Pasquier<\/strong> (Fran\u00e7a), <strong>Hagai Shaham <\/strong>e<strong> Roy <\/strong><em>Shiloah<\/em> (Israel), <strong>Isabelle van Keulen<\/strong> (Holanda), <strong>C\u00e1rmelo de los Santos <\/strong>e <strong>Cl\u00e1udio Cruz <\/strong>(Brasil), e os pianistas <strong>Roglit Ishay<\/strong> (Israel), <strong>Emmanuel Strosser<\/strong> (Fran\u00e7a), <strong>Cristian Budu<\/strong> (Brasil) entre outros. <\/p>\n<h4 class=\"wp-block-heading\"><strong>Ar\u00eda Zheng \u2013 (Erhu)<\/strong><\/h4>\n<p><strong>Ar\u00eda Zheng<\/strong>, musicista de erhu. Come\u00e7ou a aprender erhu e piano j\u00e1 na inf\u00e2ncia. Formou-se pelo <strong>Conservat\u00f3rio Musical de Wuhan<\/strong> em <strong>2016<\/strong>. H\u00e1 10 anos se dedica \u00e0 educa\u00e7\u00e3o musical. Muitos de seus alunos alcan\u00e7aram excelentes resultados em competi\u00e7\u00f5es nacionais e exames de classifica\u00e7\u00e3o de m\u00fasica instrumental.<\/p>\n<h4 class=\"wp-block-heading\"><strong>Qinxiang Gao \u2013 (Yangqin)<\/strong><\/h4>\n<p>Estudou <strong>yangqin<\/strong> desde a inf\u00e2ncia. <strong>Gao<\/strong> \u00e9 <strong>Diretor do Instituto Conf\u00facio da Unicamp<\/strong>, pesquisador, entusiasta da cultura e arte, ci\u00eancia e educa\u00e7\u00e3o. J\u00e1 se apresentou com orquestras sinf\u00f4nicas e conjuntos na <strong>China<\/strong> e no <strong>Brasil<\/strong>, atuou como maestro, compositor e arranjador, al\u00e9m de ministrar cursos de aprecia\u00e7\u00e3o musical para<br \/>estudantes universit\u00e1rios e internacionais h\u00e1 mais de <strong>20 anos<\/strong>.<\/p>\n<h4 class=\"wp-block-heading\"><strong>Pablo Rossi<\/strong><\/h4>\n<p>Vencedor do <strong>1\u00ba Concurso Nacional Nelson Freire<\/strong> para <strong>Novos Talentos Brasileiros<\/strong>, em <strong>2003<\/strong>, <strong>Pablo Rossi<\/strong> \u00e9 considerado pela cr\u00edtica especializada um dos mais importantes nomes da nova gera\u00e7\u00e3o de pianistas brasileiros e vem construindo uma brilhante carreira em palcos nacionais e internacionais. Ganhou seu primeiro concurso com sete anos e foi ganhador de mais de dez primeiros pr\u00eamios em concursos internacionais, com destaque ao <strong>Encuentro Internacional de<\/strong> <strong>J\u00f3venes M\u00fasicos <\/strong>(Argentina) e o <strong>Concurso Internacional de Piano Ciutat de Carlet<\/strong> (Espanha). Aos treze anos teve sua estreia nacional, solando \u00e0 frente da <strong>Orquestra Sinf\u00f4nica do Estado de S\u00e3o Paulo (OSESP)<\/strong>, sob a reg\u00eancia do <strong>Maestro Roberto<\/strong> <strong>Minczuk<\/strong>, tendo sido o mais jovem solista a se apresentar com essa orquestra.<\/p>\n<h4 class=\"wp-block-heading\"><strong>Pang Wai Lun<\/strong><\/h4>\n<p>Natural de <strong>Hong Kong<\/strong>, <strong>Pang Wai Lun<\/strong> \u00e9 formado pela <strong>Academia de Artes Perform\u00e1ticas<\/strong>, onde estudou Pipa com <strong>Wong Chi-ching<\/strong> e <strong>Cheung Yim-yu<\/strong>, e Ruan com Lei Qun-an. Recebeu uma bolsa de estudos pela Funda\u00e7\u00e3o do<strong> Banco HSBC<\/strong> e estudou Pipa em <strong>Pequim <\/strong>com o <strong>Ren Hong<\/strong>. Em <strong>2013<\/strong>, <strong>Pang<\/strong> conquistou o <strong>Pr\u00eamio de Ouro no Concurso<\/strong> <strong>Internacional de Pipa para Joven<\/strong>s, organizado pelo <strong>Centro de Treinamento e Comunica\u00e7\u00e3o da Funda\u00e7\u00e3o China Soong Ching Ling<\/strong>.<\/p>\n<h4 class=\"wp-block-heading\"><strong>SERVI\u00c7O:<\/strong><\/h4>\n<p><em>Obras de Brahms e M\u00fasica tradicional chinesa<br \/><\/em><strong>RIBEIR\u00c3O PRETO<\/strong><br \/><strong>Data:<\/strong> 3 de setembro, ter\u00e7a-feira<br \/><strong>Hor\u00e1rio:<\/strong> 20h<br \/><strong>Local: <\/strong>Theatro Pedro II \u2013 Rua \u00c1lvares Cabral, 370 \u2013 Centro<br \/><strong>Mais Informa\u00e7\u00f5es:<\/strong> (16) 3977-8111 | tais.pss@gmail.com | www.concertoseptv.com.br<br \/><strong>Ingressos:<\/strong> Entrada franca com retirada: no dia do concerto a partir das 10h, at\u00e9 o hor\u00e1rio de<br \/>in\u00edcio (20h), (ou at\u00e9 esgotarem)<br \/><strong>Classifica\u00e7\u00e3o:<\/strong> 10 anos<\/p>\n<p><strong>CAMPINAS<br \/><\/strong><em>Obras de Brahms e M\u00fasica tradicional chinesa<\/em><br \/><strong>Data:<\/strong> 4 de setembro, quarta-feira<br \/><strong>Hor\u00e1rio:<\/strong> 20h<br \/><strong>Local:<\/strong> Teatro Municipal Jos\u00e9 de Castro Mendes \u2013 Rua Conselheiro Gomide, 62 \u2013 Vila Industrial<br \/><strong>Mais Informa\u00e7\u00f5es:<\/strong> (19) 3272-9359 | tais.pss@gmail.com | www.concertoseptv.com.br<br \/><strong>Ingressos:<\/strong> Entrada franca Retirada: 1h antes<br \/><strong>Classifica\u00e7\u00e3o:<\/strong> 10 anos<\/p>\n<p><strong>BEBEDOURO<\/strong><br \/><em>Obras de Brahms e M\u00fasica tradicional chinesa<br \/><\/em><strong>Data:<\/strong> 6 de setembro, sexta-feira<br \/><strong>Hor\u00e1rio:<\/strong> 20h<br \/><strong>Local:<\/strong> Teatro Municipal Maur\u00edcio Alves de Oliveira J\u00fanior \u2013 R. S\u00e3o Jo\u00e3o, 406 \u2013 Centro<br \/><strong>Mais Informa\u00e7\u00f5es:<\/strong> (17) 3343-3472 | tais.pss@gmail.com | www.concertoseptv.com.br<br \/><strong>Ingressos:<\/strong> Entrada franca Retirada: 1h antes<br \/><strong>Classifica\u00e7\u00e3o:<\/strong> 10 anos<\/p>\n<p><strong>S\u00c3O CARLOS<br \/><\/strong><em>Obras de Brahms e M\u00fasica tradicional chinesa<br \/><\/em><strong>Data:<\/strong> 7 de setembro, s\u00e1bado<br \/><strong>Hor\u00e1rio: <\/strong>19h<br \/><strong>Local:<\/strong> Teatro Municipal Dr. Alderico Vieira Perdig\u00e3o \u2013 Rua 7 de Setembro, 1735 \u2013 Centro<br \/><strong>Mais Informa\u00e7\u00f5es:<\/strong> (16) 3371-4339 | tais.pss@gmail.com | www.concertoseptv.com.br<br \/><strong>Ingressos:<\/strong> Entrada franca Retirada: 1h antes<br \/><strong>Classifica\u00e7\u00e3o:<\/strong> 10 anos<\/p>\n<p>SAIBA MAIS<br \/>Ator do musical \u2018O Rei Le\u00e3o\u2019 se apresenta no Theatro Pedro II em Ribeir\u00e3o Preto<\/p>\n<h4 class=\"wp-block-heading\"><strong>FIQUE ON<\/strong><\/h4>\n<p>Fique ligado em tudo que acontece em Ribeir\u00e3o Preto e regi\u00e3o. Siga os perfis do <strong>acidade on <\/strong>no <a href=\"https:\/\/www.instagram.com\/acidadeonribeirao\" target=\"_blank\" rel=\"noreferrer noopener\">Instagram<\/a> e no <a href=\"https:\/\/www.facebook.com\/acidadeonribeirao\" target=\"_blank\" rel=\"noreferrer noopener\">Facebook<\/a>.<\/p>\n<p>Receba not\u00edcias do acidade on no WhatsApp. Para entrar no grupo, basta <a href=\"https:\/\/chat.whatsapp.com\/Dtv9mxhy6V5BJBotM2OQ5k\" target=\"_blank\" rel=\"noreferrer noopener\">clicar aqui<\/a>.<\/p>\n<p>Fa\u00e7a uma den\u00fancia ou sugira uma reportagem sobre Ribeir\u00e3o Preto e regi\u00e3o pelo WhatsApp: 16 99117 7802.<\/p>\n<p>VEJA TAMB\u00c9M<br \/>Quem \u00e9 o filho homem do Silvio Santos?<\/p>\n<p><!-- CONTENT END 1 -->\n<\/div>\n<p><script async src=\"\/\/www.instagram.com\/embed.js\"><\/script><br \/>\n<br \/><br \/>\n<br \/><a href=\"https:\/\/www.acidadeon.com\/ribeiraopreto\/lazer-e-cultura\/concertos-eptv-brahms-musicas-tradicionais-chinesas-no-theatro-pedro-ii-em-ribeirao-preto\/\">Source link <\/a><\/p>\n","protected":false},"excerpt":{"rendered":"<p>O Theatro Pedro II, em Ribeir\u00e3o Preto, recebe a temperada 2024 dos Concertos EPTV, que ser\u00e3o realizados no m\u00eas de setembro. Nova temporada S\u00e3o quatro&#8230;<\/p>\n","protected":false},"author":1,"featured_media":60942,"comment_status":"open","ping_status":"open","sticky":false,"template":"","format":"standard","meta":{"_uag_custom_page_level_css":"","advanced_seo_description":"","jetpack_seo_html_title":"","jetpack_seo_noindex":false,"jetpack_post_was_ever_published":false,"_jetpack_newsletter_access":"","_jetpack_dont_email_post_to_subs":false,"_jetpack_newsletter_tier_id":0,"_jetpack_memberships_contains_paywalled_content":false,"_jetpack_memberships_contains_paid_content":false,"footnotes":"","jetpack_publicize_message":"","jetpack_publicize_feature_enabled":true,"jetpack_social_post_already_shared":true,"jetpack_social_options":{"image_generator_settings":{"template":"highway","default_image_id":0,"font":"","enabled":false},"version":2}},"categories":[11],"tags":[],"class_list":["post-60941","post","type-post","status-publish","format-standard","has-post-thumbnail","hentry","category-noticias-de-ribeirao-preto-sp-e-regiao-ismael-colosi"],"jetpack_publicize_connections":[],"jetpack_featured_media_url":"https:\/\/i0.wp.com\/ismaelcolosi.com.br\/wp-content\/uploads\/2024\/08\/theatro-pedro-ii-guilherme-sircili-2-1024x489.png?fit=1024%2C489&ssl=1","uagb_featured_image_src":{"full":["https:\/\/i0.wp.com\/ismaelcolosi.com.br\/wp-content\/uploads\/2024\/08\/theatro-pedro-ii-guilherme-sircili-2-1024x489.png?fit=1024%2C489&ssl=1",1024,489,false],"thumbnail":["https:\/\/i0.wp.com\/ismaelcolosi.com.br\/wp-content\/uploads\/2024\/08\/theatro-pedro-ii-guilherme-sircili-2-1024x489.png?resize=150%2C150&ssl=1",150,150,true],"medium":["https:\/\/i0.wp.com\/ismaelcolosi.com.br\/wp-content\/uploads\/2024\/08\/theatro-pedro-ii-guilherme-sircili-2-1024x489.png?fit=300%2C143&ssl=1",300,143,true],"medium_large":["https:\/\/i0.wp.com\/ismaelcolosi.com.br\/wp-content\/uploads\/2024\/08\/theatro-pedro-ii-guilherme-sircili-2-1024x489.png?fit=768%2C367&ssl=1",768,367,true],"large":["https:\/\/i0.wp.com\/ismaelcolosi.com.br\/wp-content\/uploads\/2024\/08\/theatro-pedro-ii-guilherme-sircili-2-1024x489.png?fit=1024%2C489&ssl=1",1024,489,true],"1536x1536":["https:\/\/i0.wp.com\/ismaelcolosi.com.br\/wp-content\/uploads\/2024\/08\/theatro-pedro-ii-guilherme-sircili-2-1024x489.png?fit=1024%2C489&ssl=1",1024,489,true],"2048x2048":["https:\/\/i0.wp.com\/ismaelcolosi.com.br\/wp-content\/uploads\/2024\/08\/theatro-pedro-ii-guilherme-sircili-2-1024x489.png?fit=1024%2C489&ssl=1",1024,489,true],"really-simple-thumb":["https:\/\/i0.wp.com\/ismaelcolosi.com.br\/wp-content\/uploads\/2024\/08\/theatro-pedro-ii-guilherme-sircili-2-1024x489.png?resize=370%2C247&ssl=1",370,247,true]},"uagb_author_info":{"display_name":"ismaelcolosi.com.br","author_link":"https:\/\/ismaelcolosi.com.br\/index.php\/author\/vidareal-online\/"},"uagb_comment_info":0,"uagb_excerpt":"O Theatro Pedro II, em Ribeir\u00e3o Preto, recebe a temperada 2024 dos Concertos EPTV, que ser\u00e3o realizados no m\u00eas de setembro. Nova temporada S\u00e3o quatro...","jetpack-related-posts":[{"id":63551,"url":"https:\/\/ismaelcolosi.com.br\/index.php\/2024\/09\/02\/concertos-eptv-apresenta-obras-de-brahms-e-musicas-chinesas-em-ribeirao\/","url_meta":{"origin":60941,"position":0},"title":"&#8216;Concertos EPTV&#8217; apresenta obras de Brahms e m\u00fasicas chinesas em Ribeir\u00e3o","author":"ismaelcolosi.com.br","date":"2 de September de 2024","format":false,"excerpt":"O Theatro Pedro II, em Ribeir\u00e3o Preto, recebe a temperada 2024 dos Concertos EPTV nesta ter\u00e7a-feira (3), com obras de Brahms e m\u00fasicas tradicionais chinesas. A entrada \u00e9 gratuita e os ingressos devem ser retirados no dia da apresenta\u00e7\u00e3o, das 10h \u00e0s 20h \u2013 a entrada est\u00e1 sujeita a disponibilidade.\u2026","rel":"","context":"In &quot;Not\u00edcias de Ribeir\u00e3o Preto-SP e Regi\u00e3o&quot;","block_context":{"text":"Not\u00edcias de Ribeir\u00e3o Preto-SP e Regi\u00e3o","link":"https:\/\/ismaelcolosi.com.br\/index.php\/category\/noticias-de-ribeirao-preto-sp-e-regiao-ismael-colosi\/"},"img":{"alt_text":"","src":"https:\/\/i0.wp.com\/ismaelcolosi.com.br\/wp-content\/uploads\/2024\/09\/WhatsApp-Image-2023-09-01-at-15.04.23-1.jpeg?fit=1200%2C675&ssl=1&resize=350%2C200","width":350,"height":200,"srcset":"https:\/\/i0.wp.com\/ismaelcolosi.com.br\/wp-content\/uploads\/2024\/09\/WhatsApp-Image-2023-09-01-at-15.04.23-1.jpeg?fit=1200%2C675&ssl=1&resize=350%2C200 1x, https:\/\/i0.wp.com\/ismaelcolosi.com.br\/wp-content\/uploads\/2024\/09\/WhatsApp-Image-2023-09-01-at-15.04.23-1.jpeg?fit=1200%2C675&ssl=1&resize=525%2C300 1.5x, https:\/\/i0.wp.com\/ismaelcolosi.com.br\/wp-content\/uploads\/2024\/09\/WhatsApp-Image-2023-09-01-at-15.04.23-1.jpeg?fit=1200%2C675&ssl=1&resize=700%2C400 2x, https:\/\/i0.wp.com\/ismaelcolosi.com.br\/wp-content\/uploads\/2024\/09\/WhatsApp-Image-2023-09-01-at-15.04.23-1.jpeg?fit=1200%2C675&ssl=1&resize=1050%2C600 3x"},"classes":[]},{"id":69158,"url":"https:\/\/ismaelcolosi.com.br\/index.php\/2024\/10\/03\/orquestra-sinfonica-de-ribeirao-preto-apresenta-concertos-no-theatro-pedro-ii\/","url_meta":{"origin":60941,"position":1},"title":"Orquestra Sinf\u00f4nica de Ribeir\u00e3o Preto apresenta concertos no Theatro Pedro II","author":"ismaelcolosi.com.br","date":"3 de October de 2024","format":false,"excerpt":"A OSRP (Orquestra Sinf\u00f4nica de Ribeir\u00e3o Preto) apresenta nos dias 12 e 13 de outubro as s\u00e9ries \u201cConcertos Internacionais\u201d e \u201cJuventude tem Concerto\u201d no Theatro Pedro II. O concerto de s\u00e1bado (12) ter\u00e1 solo do pianista Fernando Corvisier. Beethoven e Schumann foram os compositores escolhidos pelo maestro Roberto Tibiri\u00e7\u00e1, que\u2026","rel":"","context":"In &quot;Not\u00edcias de Ribeir\u00e3o Preto-SP e Regi\u00e3o&quot;","block_context":{"text":"Not\u00edcias de Ribeir\u00e3o Preto-SP e Regi\u00e3o","link":"https:\/\/ismaelcolosi.com.br\/index.php\/category\/noticias-de-ribeirao-preto-sp-e-regiao-ismael-colosi\/"},"img":{"alt_text":"","src":"https:\/\/i0.wp.com\/ismaelcolosi.com.br\/wp-content\/uploads\/2024\/10\/20240615-2836_2024-10-03_12-13-19_jpg_2024-10-03_12-13-22-scaled.webp.webp?fit=1200%2C800&ssl=1&resize=350%2C200","width":350,"height":200,"srcset":"https:\/\/i0.wp.com\/ismaelcolosi.com.br\/wp-content\/uploads\/2024\/10\/20240615-2836_2024-10-03_12-13-19_jpg_2024-10-03_12-13-22-scaled.webp.webp?fit=1200%2C800&ssl=1&resize=350%2C200 1x, https:\/\/i0.wp.com\/ismaelcolosi.com.br\/wp-content\/uploads\/2024\/10\/20240615-2836_2024-10-03_12-13-19_jpg_2024-10-03_12-13-22-scaled.webp.webp?fit=1200%2C800&ssl=1&resize=525%2C300 1.5x, https:\/\/i0.wp.com\/ismaelcolosi.com.br\/wp-content\/uploads\/2024\/10\/20240615-2836_2024-10-03_12-13-19_jpg_2024-10-03_12-13-22-scaled.webp.webp?fit=1200%2C800&ssl=1&resize=700%2C400 2x, https:\/\/i0.wp.com\/ismaelcolosi.com.br\/wp-content\/uploads\/2024\/10\/20240615-2836_2024-10-03_12-13-19_jpg_2024-10-03_12-13-22-scaled.webp.webp?fit=1200%2C800&ssl=1&resize=1050%2C600 3x"},"classes":[]},{"id":66121,"url":"https:\/\/ismaelcolosi.com.br\/index.php\/2024\/09\/16\/theatro-pedro-ii-recebe-concertos-da-orquestra-sinfonica-de-ribeirao-preto\/","url_meta":{"origin":60941,"position":2},"title":"Theatro Pedro II recebe concertos da Orquestra Sinf\u00f4nica de Ribeir\u00e3o Preto","author":"ismaelcolosi.com.br","date":"16 de September de 2024","format":false,"excerpt":"A Orquestra Sinf\u00f4nica de Ribeir\u00e3o Preto, em conjunto com o coro musical, ir\u00e1 apresentar a S\u00e9rie Concertos Internacionais, neste s\u00e1bado (21), \u00e0s 19h30, no Theatro Pedro II. Em seguida, h\u00e1 a apresenta\u00e7\u00e3o da S\u00e9rie Juventude tem Concerto, com entrada gratuita, no domingo (22), \u00e0s 10h. O concerto marca a 1.689\u00aa\u2026","rel":"","context":"In &quot;Not\u00edcias de Ribeir\u00e3o Preto-SP e Regi\u00e3o&quot;","block_context":{"text":"Not\u00edcias de Ribeir\u00e3o Preto-SP e Regi\u00e3o","link":"https:\/\/ismaelcolosi.com.br\/index.php\/category\/noticias-de-ribeirao-preto-sp-e-regiao-ismael-colosi\/"},"img":{"alt_text":"","src":"https:\/\/i0.wp.com\/ismaelcolosi.com.br\/wp-content\/uploads\/2024\/09\/Parcival-Modolo-4-_2024-09-16_12-49-14_jpg_2024-09-16_12-49-15-scaled.webp.webp?fit=1200%2C798&ssl=1&resize=350%2C200","width":350,"height":200,"srcset":"https:\/\/i0.wp.com\/ismaelcolosi.com.br\/wp-content\/uploads\/2024\/09\/Parcival-Modolo-4-_2024-09-16_12-49-14_jpg_2024-09-16_12-49-15-scaled.webp.webp?fit=1200%2C798&ssl=1&resize=350%2C200 1x, https:\/\/i0.wp.com\/ismaelcolosi.com.br\/wp-content\/uploads\/2024\/09\/Parcival-Modolo-4-_2024-09-16_12-49-14_jpg_2024-09-16_12-49-15-scaled.webp.webp?fit=1200%2C798&ssl=1&resize=525%2C300 1.5x, https:\/\/i0.wp.com\/ismaelcolosi.com.br\/wp-content\/uploads\/2024\/09\/Parcival-Modolo-4-_2024-09-16_12-49-14_jpg_2024-09-16_12-49-15-scaled.webp.webp?fit=1200%2C798&ssl=1&resize=700%2C400 2x, https:\/\/i0.wp.com\/ismaelcolosi.com.br\/wp-content\/uploads\/2024\/09\/Parcival-Modolo-4-_2024-09-16_12-49-14_jpg_2024-09-16_12-49-15-scaled.webp.webp?fit=1200%2C798&ssl=1&resize=1050%2C600 3x"},"classes":[]},{"id":51407,"url":"https:\/\/ismaelcolosi.com.br\/index.php\/2024\/05\/27\/usp-filarmonica-de-ribeirao-apresenta-concerto-em-homenagem-a-jornalista-erica-amendola\/","url_meta":{"origin":60941,"position":3},"title":"USP Filarm\u00f4nica de Ribeir\u00e3o apresenta concerto em homenagem a jornalista \u00c9rica Am\u00eandola","author":"ismaelcolosi.com.br","date":"27 de May de 2024","format":false,"excerpt":"A USP Filarm\u00f4nica de Ribeir\u00e3o Preto realiza, nesta ter\u00e7a-feira (28), uma homenagem \u00e0 jornalista e apresentadora, \u00c9rica Am\u00eandola, que morreu em 30 de abril durante tratamento de um c\u00e2ncer. A apresenta\u00e7\u00e3o ser\u00e1 \u00e0s 20h, no Theatro Pedro II, no Centro da cidade. O concerto pela \u201cS\u00e9rie Concertos USP\u201d tem entrada\u2026","rel":"","context":"In &quot;Not\u00edcias de Ribeir\u00e3o Preto-SP e Regi\u00e3o&quot;","block_context":{"text":"Not\u00edcias de Ribeir\u00e3o Preto-SP e Regi\u00e3o","link":"https:\/\/ismaelcolosi.com.br\/index.php\/category\/noticias-de-ribeirao-preto-sp-e-regiao-ismael-colosi\/"},"img":{"alt_text":"","src":"https:\/\/i0.wp.com\/ismaelcolosi.com.br\/wp-content\/uploads\/2024\/04\/ERICA-AMENDOLA-2_2024-04-30_17-05-40_jpg.webp.webp?fit=1200%2C841&ssl=1&resize=350%2C200","width":350,"height":200,"srcset":"https:\/\/i0.wp.com\/ismaelcolosi.com.br\/wp-content\/uploads\/2024\/04\/ERICA-AMENDOLA-2_2024-04-30_17-05-40_jpg.webp.webp?fit=1200%2C841&ssl=1&resize=350%2C200 1x, https:\/\/i0.wp.com\/ismaelcolosi.com.br\/wp-content\/uploads\/2024\/04\/ERICA-AMENDOLA-2_2024-04-30_17-05-40_jpg.webp.webp?fit=1200%2C841&ssl=1&resize=525%2C300 1.5x, https:\/\/i0.wp.com\/ismaelcolosi.com.br\/wp-content\/uploads\/2024\/04\/ERICA-AMENDOLA-2_2024-04-30_17-05-40_jpg.webp.webp?fit=1200%2C841&ssl=1&resize=700%2C400 2x, https:\/\/i0.wp.com\/ismaelcolosi.com.br\/wp-content\/uploads\/2024\/04\/ERICA-AMENDOLA-2_2024-04-30_17-05-40_jpg.webp.webp?fit=1200%2C841&ssl=1&resize=1050%2C600 3x"},"classes":[]},{"id":45784,"url":"https:\/\/ismaelcolosi.com.br\/index.php\/2024\/04\/07\/orquestra-sinfonica-de-ribeirao-preto-apresenta-requiem-de-mozart\/","url_meta":{"origin":60941,"position":4},"title":"Orquestra Sinf\u00f4nica de Ribeir\u00e3o Preto apresenta Requiem de Mozart","author":"ismaelcolosi.com.br","date":"7 de April de 2024","format":false,"excerpt":"O Theatro Pedro II, no Centro de Ribeir\u00e3o Preto, recebe no dia\u00a013 de abril, \u00e0s 19h30, o espet\u00e1culo \u2018Concertos Internacionais da Orquestra Sinf\u00f4nica de Ribeir\u00e3o Preto\u2019, com o \u00faltimo trabalho de Mozart, o Requiem. Os ingressos j\u00e1 est\u00e3o \u00e0 venda na bilheteria do Theatro e online. A obra trata-se de\u2026","rel":"","context":"In &quot;Not\u00edcias de Ribeir\u00e3o Preto-SP e Regi\u00e3o&quot;","block_context":{"text":"Not\u00edcias de Ribeir\u00e3o Preto-SP e Regi\u00e3o","link":"https:\/\/ismaelcolosi.com.br\/index.php\/category\/noticias-de-ribeirao-preto-sp-e-regiao-ismael-colosi\/"},"img":{"alt_text":"","src":"https:\/\/i0.wp.com\/ismaelcolosi.com.br\/wp-content\/uploads\/2024\/04\/sinfonica_orquestra_1024x576_20052021092339.jpg?fit=1024%2C576&ssl=1&resize=350%2C200","width":350,"height":200,"srcset":"https:\/\/i0.wp.com\/ismaelcolosi.com.br\/wp-content\/uploads\/2024\/04\/sinfonica_orquestra_1024x576_20052021092339.jpg?fit=1024%2C576&ssl=1&resize=350%2C200 1x, https:\/\/i0.wp.com\/ismaelcolosi.com.br\/wp-content\/uploads\/2024\/04\/sinfonica_orquestra_1024x576_20052021092339.jpg?fit=1024%2C576&ssl=1&resize=525%2C300 1.5x, https:\/\/i0.wp.com\/ismaelcolosi.com.br\/wp-content\/uploads\/2024\/04\/sinfonica_orquestra_1024x576_20052021092339.jpg?fit=1024%2C576&ssl=1&resize=700%2C400 2x"},"classes":[]},{"id":53741,"url":"https:\/\/ismaelcolosi.com.br\/index.php\/2024\/06\/19\/aniversario-de-ribeirao-preto-musico-mais-antigo-em-atividade-da-orquestra-sinfonica-conta-historias\/","url_meta":{"origin":60941,"position":5},"title":"Anivers\u00e1rio de Ribeir\u00e3o Preto: M\u00fasico mais antigo em atividade da Orquestra Sinf\u00f4nica conta hist\u00f3rias","author":"ismaelcolosi.com.br","date":"19 de June de 2024","format":false,"excerpt":"Ribeir\u00e3o Preto completa 168 nesta quarta-feira (19) e diversas atividades est\u00e3o sendo realizadas. A Orquestra Sinf\u00f4nica de Ribeir\u00e3o Preto realizou o concerto \u201cS\u00e9rie Juventude tem Concerto\u201d no \u00faltimo final de semana no Teatro de Arena \u201cJaime Zeiger\u201d, com reg\u00eancia de Reginaldo Nascimento. Entre os m\u00fasicos que se apresentaram, estava Walter\u2026","rel":"","context":"In &quot;Not\u00edcias de Ribeir\u00e3o Preto-SP e Regi\u00e3o&quot;","block_context":{"text":"Not\u00edcias de Ribeir\u00e3o Preto-SP e Regi\u00e3o","link":"https:\/\/ismaelcolosi.com.br\/index.php\/category\/noticias-de-ribeirao-preto-sp-e-regiao-ismael-colosi\/"},"img":{"alt_text":"","src":"https:\/\/i0.wp.com\/ismaelcolosi.com.br\/wp-content\/uploads\/2024\/06\/Walter-de-Fatima_2024-06-18_14-06-06_png_2024-06-18_14-06-06.webp.webp?fit=1200%2C548&ssl=1&resize=350%2C200","width":350,"height":200,"srcset":"https:\/\/i0.wp.com\/ismaelcolosi.com.br\/wp-content\/uploads\/2024\/06\/Walter-de-Fatima_2024-06-18_14-06-06_png_2024-06-18_14-06-06.webp.webp?fit=1200%2C548&ssl=1&resize=350%2C200 1x, https:\/\/i0.wp.com\/ismaelcolosi.com.br\/wp-content\/uploads\/2024\/06\/Walter-de-Fatima_2024-06-18_14-06-06_png_2024-06-18_14-06-06.webp.webp?fit=1200%2C548&ssl=1&resize=525%2C300 1.5x, https:\/\/i0.wp.com\/ismaelcolosi.com.br\/wp-content\/uploads\/2024\/06\/Walter-de-Fatima_2024-06-18_14-06-06_png_2024-06-18_14-06-06.webp.webp?fit=1200%2C548&ssl=1&resize=700%2C400 2x, https:\/\/i0.wp.com\/ismaelcolosi.com.br\/wp-content\/uploads\/2024\/06\/Walter-de-Fatima_2024-06-18_14-06-06_png_2024-06-18_14-06-06.webp.webp?fit=1200%2C548&ssl=1&resize=1050%2C600 3x"},"classes":[]}],"jetpack_sharing_enabled":true,"jetpack_shortlink":"https:\/\/wp.me\/pfMlyK-fQV","_links":{"self":[{"href":"https:\/\/ismaelcolosi.com.br\/index.php\/wp-json\/wp\/v2\/posts\/60941","targetHints":{"allow":["GET"]}}],"collection":[{"href":"https:\/\/ismaelcolosi.com.br\/index.php\/wp-json\/wp\/v2\/posts"}],"about":[{"href":"https:\/\/ismaelcolosi.com.br\/index.php\/wp-json\/wp\/v2\/types\/post"}],"author":[{"embeddable":true,"href":"https:\/\/ismaelcolosi.com.br\/index.php\/wp-json\/wp\/v2\/users\/1"}],"replies":[{"embeddable":true,"href":"https:\/\/ismaelcolosi.com.br\/index.php\/wp-json\/wp\/v2\/comments?post=60941"}],"version-history":[{"count":0,"href":"https:\/\/ismaelcolosi.com.br\/index.php\/wp-json\/wp\/v2\/posts\/60941\/revisions"}],"wp:featuredmedia":[{"embeddable":true,"href":"https:\/\/ismaelcolosi.com.br\/index.php\/wp-json\/wp\/v2\/media\/60942"}],"wp:attachment":[{"href":"https:\/\/ismaelcolosi.com.br\/index.php\/wp-json\/wp\/v2\/media?parent=60941"}],"wp:term":[{"taxonomy":"category","embeddable":true,"href":"https:\/\/ismaelcolosi.com.br\/index.php\/wp-json\/wp\/v2\/categories?post=60941"},{"taxonomy":"post_tag","embeddable":true,"href":"https:\/\/ismaelcolosi.com.br\/index.php\/wp-json\/wp\/v2\/tags?post=60941"}],"curies":[{"name":"wp","href":"https:\/\/api.w.org\/{rel}","templated":true}]}}