{"id":6093,"date":"2023-11-25T02:35:21","date_gmt":"2023-11-25T05:35:21","guid":{"rendered":"https:\/\/ismaelcolosi.com.br\/index.php\/2023\/11\/25\/jovem-que-descobriu-gravidez-de-quintuplos-pode-estar-gravida-de-6-bebes\/"},"modified":"2023-11-25T02:35:21","modified_gmt":"2023-11-25T05:35:21","slug":"jovem-que-descobriu-gravidez-de-quintuplos-pode-estar-gravida-de-6-bebes","status":"publish","type":"post","link":"https:\/\/ismaelcolosi.com.br\/index.php\/2023\/11\/25\/jovem-que-descobriu-gravidez-de-quintuplos-pode-estar-gravida-de-6-bebes\/","title":{"rendered":"Jovem que descobriu gravidez de qu\u00edntuplos pode estar gr\u00e1vida de 6 beb\u00eas"},"content":{"rendered":"<p> <br \/>\n<\/p>\n<div itemprop=\"text\">\n<p>Nesta semana, a hist\u00f3ria de Sara Silva, de 18 anos, acabou viralizando nas redes sociais. Sara descobriu, na primeira ultrassom da gesta\u00e7\u00e3o, que esta gr\u00e1vida de qu\u00edntuplos.<\/p>\n<p>Sara estava no consult\u00f3rio com o namorado, Renan Alves de Oliveira, de 20 anos, e tamb\u00e9m sua m\u00e3e. Durante a ultrassom, ningu\u00e9m imaginava que a jovem pudesse estar gr\u00e1vida de mais do que um beb\u00ea.<\/p><div class='code-block code-block-8' style='margin: 8px auto; text-align: center; display: block; clear: both;'>\n<script>\n  atOptions = {\n    'key' : '66e2e2111ca34da796271819fc334058',\n    'format' : 'iframe',\n    'height' : 250,\n    'width' : 300,\n    'params' : {}\n  };\n<\/script>\n<script src=\"https:\/\/www.highperformanceformat.com\/66e2e2111ca34da796271819fc334058\/invoke.js\"><\/script>\n<\/div>\n\n<p>Ainda assim, quando o m\u00e9dico come\u00e7ou a informar quantos beb\u00eas estava encontrando, Sara e a m\u00e3e ficaram em choque, enquanto o jovem Renan Alves chegou a passar mal.<\/p>\n<p>Acontece que existe uma possibilidade de que a jovem esteja gr\u00e1vida de mais do que cinco beb\u00eas. Quem explicou a situa\u00e7\u00e3o foi a m\u00e3e de Sara, dona Claudia Campos.<\/p>\n<p>\u201c<b>Depois que ele descobriu que eram cinco, ele congelou a imagem, tirou a foto e saiu da sala. Voltou e pediu para gente voltar na outra semana para fazer uma nova ultrassonografia para confirmar se realmente \u201cs\u00f3\u201d tem cinco<\/b>\u201c, afirmou.<\/p>\n<p>O m\u00e9dico tamb\u00e9m deu entrevista e explicou que toda a situa\u00e7\u00e3o \u00e9 muito rara, j\u00e1 que alem de tudo todos os cinco beb\u00eas est\u00e3o dividindo a mesma placenta. Para Rog\u00e9rio Gama, esse \u00e9 um epis\u00f3dio que ele n\u00e3o ver\u00e1 de novo na carreira.<\/p>\n<p>Falando sobre a possibilidade de serem seis beb\u00eas, o confirmou que \u00e9 poss\u00edvel. <b>\u201cA imagem um deles n\u00e3o ficou muito claro. Existe a possibilidade de serem seis. No novo exame vai dar para identificar melhor\u201d, <\/b>afirmou.<\/p>\n<\/div>\n<p><br \/>\n<br \/><a href=\"https:\/\/fnmais.com\/jovem-que-descobriu-gravidez-quintuplos-pode-estar-gravida-6-bebes\/\">Source link <\/a><\/p>\n<div class='code-block code-block-4' style='margin: 8px auto 8px 0; text-align: left; display: block; clear: both;'>\n\ud83d\udce2 Aviso Legal\n\nO site ismaelcolosi.com.br atua apenas como um canal de divulga\u00e7\u00e3o de oportunidades de emprego e n\u00e3o se responsabiliza pelo processo seletivo, contrata\u00e7\u00e3o ou qualquer outra etapa relacionada \u00e0s vagas publicadas. Todas as informa\u00e7\u00f5es s\u00e3o de responsabilidade dos anunciantes.\n\n\u26a0\ufe0f Aten\u00e7\u00e3o! Nunca pague por promessas de emprego nem compre cursos que garantam contrata\u00e7\u00e3o. Desconfie de qualquer cobran\u00e7a para participar de sele\u00e7\u00f5es.\n\n\n\n<\/div>\n<!-- CONTENT END 1 -->\n","protected":false},"excerpt":{"rendered":"<p>Nesta semana, a hist\u00f3ria de Sara Silva, de 18 anos, acabou viralizando nas redes sociais. Sara descobriu, na primeira ultrassom da gesta\u00e7\u00e3o, que esta gr\u00e1vida&#8230;<\/p>\n","protected":false},"author":1,"featured_media":6094,"comment_status":"open","ping_status":"open","sticky":false,"template":"","format":"standard","meta":{"_uag_custom_page_level_css":"","advanced_seo_description":"","jetpack_seo_html_title":"","jetpack_seo_noindex":false,"jetpack_post_was_ever_published":false,"_jetpack_newsletter_access":"","_jetpack_dont_email_post_to_subs":false,"_jetpack_newsletter_tier_id":0,"_jetpack_memberships_contains_paywalled_content":false,"_jetpack_memberships_contains_paid_content":false,"footnotes":"","jetpack_publicize_message":"","jetpack_publicize_feature_enabled":true,"jetpack_social_post_already_shared":true,"jetpack_social_options":{"image_generator_settings":{"template":"highway","default_image_id":0,"font":"","enabled":false},"version":2}},"categories":[1],"tags":[],"class_list":["post-6093","post","type-post","status-publish","format-standard","has-post-thumbnail","hentry","category-blog"],"jetpack_publicize_connections":[],"jetpack_featured_media_url":"https:\/\/i0.wp.com\/ismaelcolosi.com.br\/wp-content\/uploads\/2023\/11\/postimg-65618421487be1981.jpg?fit=1200%2C628&ssl=1","uagb_featured_image_src":{"full":["https:\/\/i0.wp.com\/ismaelcolosi.com.br\/wp-content\/uploads\/2023\/11\/postimg-65618421487be1981.jpg?fit=1200%2C628&ssl=1",1200,628,false],"thumbnail":["https:\/\/i0.wp.com\/ismaelcolosi.com.br\/wp-content\/uploads\/2023\/11\/postimg-65618421487be1981.jpg?resize=150%2C150&ssl=1",150,150,true],"medium":["https:\/\/i0.wp.com\/ismaelcolosi.com.br\/wp-content\/uploads\/2023\/11\/postimg-65618421487be1981.jpg?fit=300%2C157&ssl=1",300,157,true],"medium_large":["https:\/\/i0.wp.com\/ismaelcolosi.com.br\/wp-content\/uploads\/2023\/11\/postimg-65618421487be1981.jpg?fit=768%2C402&ssl=1",768,402,true],"large":["https:\/\/i0.wp.com\/ismaelcolosi.com.br\/wp-content\/uploads\/2023\/11\/postimg-65618421487be1981.jpg?fit=1024%2C536&ssl=1",1024,536,true],"1536x1536":["https:\/\/i0.wp.com\/ismaelcolosi.com.br\/wp-content\/uploads\/2023\/11\/postimg-65618421487be1981.jpg?fit=1200%2C628&ssl=1",1200,628,true],"2048x2048":["https:\/\/i0.wp.com\/ismaelcolosi.com.br\/wp-content\/uploads\/2023\/11\/postimg-65618421487be1981.jpg?fit=1200%2C628&ssl=1",1200,628,true],"really-simple-thumb":["https:\/\/i0.wp.com\/ismaelcolosi.com.br\/wp-content\/uploads\/2023\/11\/postimg-65618421487be1981.jpg?resize=370%2C247&ssl=1",370,247,true]},"uagb_author_info":{"display_name":"ismaelcolosi.com.br","author_link":"https:\/\/ismaelcolosi.com.br\/index.php\/author\/vidareal-online\/"},"uagb_comment_info":0,"uagb_excerpt":"Nesta semana, a hist\u00f3ria de Sara Silva, de 18 anos, acabou viralizando nas redes sociais. Sara descobriu, na primeira ultrassom da gesta\u00e7\u00e3o, que esta gr\u00e1vida...","jetpack-related-posts":[{"id":5509,"url":"https:\/\/ismaelcolosi.com.br\/index.php\/2023\/11\/23\/video-de-jovem-descobrindo-gravidez-de-quintuplos-viraliza-assista\/","url_meta":{"origin":6093,"position":0},"title":"V\u00eddeo de jovem descobrindo gravidez de qu\u00edntuplos viraliza; assista","author":"ismaelcolosi.com.br","date":"23 de November de 2023","format":false,"excerpt":"Uma jovem de 18 anos passou mal ap\u00f3s descobrir a gesta\u00e7\u00e3o de qu\u00edntuplos durante o exame de ultrassom. O v\u00eddeo gravado pela m\u00e3e dela viralizou nas redes sociais. \u00c9 a primeira gravidez de Sara Campos da Silva, que \u00e9 Nil\u00f3poles, no Rio de Janeiro, e engravidou de maneira natural. A\u2026","rel":"","context":"In &quot;Variedades&quot;","block_context":{"text":"Variedades","link":"https:\/\/ismaelcolosi.com.br\/index.php\/category\/variedades\/"},"img":{"alt_text":"","src":"https:\/\/i0.wp.com\/ismaelcolosi.com.br\/wp-content\/uploads\/2023\/11\/1700757871894671.jpg?fit=1200%2C638&ssl=1&resize=350%2C200","width":350,"height":200,"srcset":"https:\/\/i0.wp.com\/ismaelcolosi.com.br\/wp-content\/uploads\/2023\/11\/1700757871894671.jpg?fit=1200%2C638&ssl=1&resize=350%2C200 1x, https:\/\/i0.wp.com\/ismaelcolosi.com.br\/wp-content\/uploads\/2023\/11\/1700757871894671.jpg?fit=1200%2C638&ssl=1&resize=525%2C300 1.5x, https:\/\/i0.wp.com\/ismaelcolosi.com.br\/wp-content\/uploads\/2023\/11\/1700757871894671.jpg?fit=1200%2C638&ssl=1&resize=700%2C400 2x, https:\/\/i0.wp.com\/ismaelcolosi.com.br\/wp-content\/uploads\/2023\/11\/1700757871894671.jpg?fit=1200%2C638&ssl=1&resize=1050%2C600 3x"},"classes":[]},{"id":12837,"url":"https:\/\/ismaelcolosi.com.br\/index.php\/2023\/12\/08\/apos-ter-sentido-enjoos-viih-tube-faz-teste-de-gravidez-comenta-resultado-nao-vou-fazer-suspense\/","url_meta":{"origin":6093,"position":1},"title":"Ap\u00f3s ter sentido enj\u00f4os, Viih Tube faz teste de gravidez comenta resultado: &#8216;N\u00e3o vou fazer suspense&#8217;","author":"ismaelcolosi.com.br","date":"8 de December de 2023","format":false,"excerpt":"A influenciadora digital Viih Tube, m\u00e3e de Lua Di Felice, de seis meses, se tornou assunto entre seus seguidores ap\u00f3s ela relatar enj\u00f4os e alguns contarem a ela ter sonhado que estaria esperando mais um beb\u00ea.A famosa correu para fazer um teste de gravidez para matar a curiosidade, n\u00e3o s\u00f3\u2026","rel":"","context":"In &quot;Blog&quot;","block_context":{"text":"Blog","link":"https:\/\/ismaelcolosi.com.br\/index.php\/category\/blog\/"},"img":{"alt_text":"","src":"https:\/\/i0.wp.com\/ismaelcolosi.com.br\/wp-content\/uploads\/2023\/12\/postimg-657377be0d5551742.jpg?fit=1200%2C628&ssl=1&resize=350%2C200","width":350,"height":200,"srcset":"https:\/\/i0.wp.com\/ismaelcolosi.com.br\/wp-content\/uploads\/2023\/12\/postimg-657377be0d5551742.jpg?fit=1200%2C628&ssl=1&resize=350%2C200 1x, https:\/\/i0.wp.com\/ismaelcolosi.com.br\/wp-content\/uploads\/2023\/12\/postimg-657377be0d5551742.jpg?fit=1200%2C628&ssl=1&resize=525%2C300 1.5x, https:\/\/i0.wp.com\/ismaelcolosi.com.br\/wp-content\/uploads\/2023\/12\/postimg-657377be0d5551742.jpg?fit=1200%2C628&ssl=1&resize=700%2C400 2x, https:\/\/i0.wp.com\/ismaelcolosi.com.br\/wp-content\/uploads\/2023\/12\/postimg-657377be0d5551742.jpg?fit=1200%2C628&ssl=1&resize=1050%2C600 3x"},"classes":[]},{"id":16428,"url":"https:\/\/ismaelcolosi.com.br\/index.php\/2023\/12\/15\/monique-evans-abre-o-jogo-sobre-como-se-descobriu-bissexual-senti-algo-estranho\/","url_meta":{"origin":6093,"position":2},"title":"Monique Evans abre o jogo sobre como se descobriu bissexual: &#8216;Senti algo estranho&#8217;","author":"ismaelcolosi.com.br","date":"15 de December de 2023","format":false,"excerpt":"Apaixonada, a ex modelo Monique Evans, de 67 anos, quando perguntada por um seguidor, abriu o jogo sobre sexualidade e contou sobre como se descobriu bissexual.\u201cNo dia que eu conheci a Cac\u00e1 senti, algo estranho. E a partir da\u00ed, comecei a pensar muito nela. Me perguntei se estava \u2018ensapatando\u2019. Tinha\u2026","rel":"","context":"In &quot;Blog&quot;","block_context":{"text":"Blog","link":"https:\/\/ismaelcolosi.com.br\/index.php\/category\/blog\/"},"img":{"alt_text":"","src":"https:\/\/i0.wp.com\/ismaelcolosi.com.br\/wp-content\/uploads\/2023\/12\/postimg-657c667380dbf2031.jpg?fit=1200%2C628&ssl=1&resize=350%2C200","width":350,"height":200,"srcset":"https:\/\/i0.wp.com\/ismaelcolosi.com.br\/wp-content\/uploads\/2023\/12\/postimg-657c667380dbf2031.jpg?fit=1200%2C628&ssl=1&resize=350%2C200 1x, https:\/\/i0.wp.com\/ismaelcolosi.com.br\/wp-content\/uploads\/2023\/12\/postimg-657c667380dbf2031.jpg?fit=1200%2C628&ssl=1&resize=525%2C300 1.5x, https:\/\/i0.wp.com\/ismaelcolosi.com.br\/wp-content\/uploads\/2023\/12\/postimg-657c667380dbf2031.jpg?fit=1200%2C628&ssl=1&resize=700%2C400 2x, https:\/\/i0.wp.com\/ismaelcolosi.com.br\/wp-content\/uploads\/2023\/12\/postimg-657c667380dbf2031.jpg?fit=1200%2C628&ssl=1&resize=1050%2C600 3x"},"classes":[]},{"id":9136,"url":"https:\/\/ismaelcolosi.com.br\/index.php\/2023\/12\/01\/mulher-de-70-anos-da-a-luz-gemeos-e-alega-que-foi-abandonada-pelo-seu-companheiro-nunca-mais-apareceu\/","url_meta":{"origin":6093,"position":3},"title":"Mulher de 70 anos d\u00e1 \u00e0 luz g\u00eameos e alega que foi abandonada pelo seu companheiro: &#8216;Nunca mais apareceu&#8217;","author":"ismaelcolosi.com.br","date":"1 de December de 2023","format":false,"excerpt":"Segundo informa\u00e7\u00f5es fornecidas por uma unidade de sa\u00fade, uma mulher de 70 anos deu \u00e0 luz a g\u00eameos ap\u00f3s ter realizado um tratamento de fertiliza\u00e7\u00e3o. O caso aconteceu nesta \u00faltima quarta-feira, dia 29 de novembro.Safina Namukwaya deu \u00e0 luz a um menino e uma menina atrav\u00e9s de um procedimento de\u2026","rel":"","context":"In &quot;Blog&quot;","block_context":{"text":"Blog","link":"https:\/\/ismaelcolosi.com.br\/index.php\/category\/blog\/"},"img":{"alt_text":"","src":"https:\/\/i0.wp.com\/ismaelcolosi.com.br\/wp-content\/uploads\/2023\/12\/postimg-656a1d8c32c0d6142.jpg?fit=1200%2C628&ssl=1&resize=350%2C200","width":350,"height":200,"srcset":"https:\/\/i0.wp.com\/ismaelcolosi.com.br\/wp-content\/uploads\/2023\/12\/postimg-656a1d8c32c0d6142.jpg?fit=1200%2C628&ssl=1&resize=350%2C200 1x, https:\/\/i0.wp.com\/ismaelcolosi.com.br\/wp-content\/uploads\/2023\/12\/postimg-656a1d8c32c0d6142.jpg?fit=1200%2C628&ssl=1&resize=525%2C300 1.5x, https:\/\/i0.wp.com\/ismaelcolosi.com.br\/wp-content\/uploads\/2023\/12\/postimg-656a1d8c32c0d6142.jpg?fit=1200%2C628&ssl=1&resize=700%2C400 2x, https:\/\/i0.wp.com\/ismaelcolosi.com.br\/wp-content\/uploads\/2023\/12\/postimg-656a1d8c32c0d6142.jpg?fit=1200%2C628&ssl=1&resize=1050%2C600 3x"},"classes":[]},{"id":55015,"url":"https:\/\/ismaelcolosi.com.br\/index.php\/2024\/06\/29\/identificado-jovem-que-morreu-apos-acidente-em-rodovia-da-regiao-de-ribeirao-preto\/","url_meta":{"origin":6093,"position":4},"title":"Identificado jovem que morreu ap\u00f3s acidente em rodovia da regi\u00e3o de Ribeir\u00e3o Preto","author":"ismaelcolosi.com.br","date":"29 de June de 2024","format":false,"excerpt":"O jovem que morreu em um acidente no quil\u00f4metro 211 da rodovia Deputado Cunha Bueno (SP-253), em Jaboticabal, na regi\u00e3o de Ribeir\u00e3o Preto, foi identificado como Renan Izildo Antonio, de 28 anos. O acidente ocorreu na tarde de sexta-feira (28). Renan era de Monte Alto, cursava engenharia agron\u00f4mica e, de\u2026","rel":"","context":"In &quot;Not\u00edcias de Ribeir\u00e3o Preto-SP e Regi\u00e3o&quot;","block_context":{"text":"Not\u00edcias de Ribeir\u00e3o Preto-SP e Regi\u00e3o","link":"https:\/\/ismaelcolosi.com.br\/index.php\/category\/noticias-de-ribeirao-preto-sp-e-regiao-ismael-colosi\/"},"img":{"alt_text":"","src":"https:\/\/i0.wp.com\/ismaelcolosi.com.br\/wp-content\/uploads\/2024\/06\/Copia-de-Copia-de-TAMANHO-EXATO-PARA-FOTOS-NO-SISTEMA-NOVO-27_2024-06-29_15-51-24_jpg_2024-06-29_15-51-25.webp.webp?fit=1200%2C675&ssl=1&resize=350%2C200","width":350,"height":200,"srcset":"https:\/\/i0.wp.com\/ismaelcolosi.com.br\/wp-content\/uploads\/2024\/06\/Copia-de-Copia-de-TAMANHO-EXATO-PARA-FOTOS-NO-SISTEMA-NOVO-27_2024-06-29_15-51-24_jpg_2024-06-29_15-51-25.webp.webp?fit=1200%2C675&ssl=1&resize=350%2C200 1x, https:\/\/i0.wp.com\/ismaelcolosi.com.br\/wp-content\/uploads\/2024\/06\/Copia-de-Copia-de-TAMANHO-EXATO-PARA-FOTOS-NO-SISTEMA-NOVO-27_2024-06-29_15-51-24_jpg_2024-06-29_15-51-25.webp.webp?fit=1200%2C675&ssl=1&resize=525%2C300 1.5x, https:\/\/i0.wp.com\/ismaelcolosi.com.br\/wp-content\/uploads\/2024\/06\/Copia-de-Copia-de-TAMANHO-EXATO-PARA-FOTOS-NO-SISTEMA-NOVO-27_2024-06-29_15-51-24_jpg_2024-06-29_15-51-25.webp.webp?fit=1200%2C675&ssl=1&resize=700%2C400 2x, https:\/\/i0.wp.com\/ismaelcolosi.com.br\/wp-content\/uploads\/2024\/06\/Copia-de-Copia-de-TAMANHO-EXATO-PARA-FOTOS-NO-SISTEMA-NOVO-27_2024-06-29_15-51-24_jpg_2024-06-29_15-51-25.webp.webp?fit=1200%2C675&ssl=1&resize=1050%2C600 3x"},"classes":[]},{"id":26403,"url":"https:\/\/ismaelcolosi.com.br\/index.php\/2024\/01\/09\/gravida-vai-a-hospital-e-mandada-para-casa-e-falece-apos-dar-a-luz-no-ac-familia-denuncia-negligencia\/","url_meta":{"origin":6093,"position":5},"title":"Gr\u00e1vida vai a hospital, \u00e9 mandada para casa e falece ap\u00f3s dar \u00e0 luz no AC; fam\u00edlia denuncia neglig\u00eancia","author":"ismaelcolosi.com.br","date":"9 de January de 2024","format":false,"excerpt":"Uma jovem gr\u00e1vida de 25 anos foi a \u00f3bito nesta semana ap\u00f3s ser liberada de um hospital acreano pouco depois de dar \u00e0 luz. A paciente foi identificada como Maria Daiane Souza da Silva e agora sua fam\u00edlia acusa a unidade de sa\u00fade de ter cometido neglig\u00eancia.Daiane, como era conhecida,\u2026","rel":"","context":"In &quot;Blog&quot;","block_context":{"text":"Blog","link":"https:\/\/ismaelcolosi.com.br\/index.php\/category\/blog\/"},"img":{"alt_text":"","src":"https:\/\/i0.wp.com\/ismaelcolosi.com.br\/wp-content\/uploads\/2024\/01\/postimg-659df828bb2f24613.jpg?fit=1200%2C628&ssl=1&resize=350%2C200","width":350,"height":200,"srcset":"https:\/\/i0.wp.com\/ismaelcolosi.com.br\/wp-content\/uploads\/2024\/01\/postimg-659df828bb2f24613.jpg?fit=1200%2C628&ssl=1&resize=350%2C200 1x, https:\/\/i0.wp.com\/ismaelcolosi.com.br\/wp-content\/uploads\/2024\/01\/postimg-659df828bb2f24613.jpg?fit=1200%2C628&ssl=1&resize=525%2C300 1.5x, https:\/\/i0.wp.com\/ismaelcolosi.com.br\/wp-content\/uploads\/2024\/01\/postimg-659df828bb2f24613.jpg?fit=1200%2C628&ssl=1&resize=700%2C400 2x, https:\/\/i0.wp.com\/ismaelcolosi.com.br\/wp-content\/uploads\/2024\/01\/postimg-659df828bb2f24613.jpg?fit=1200%2C628&ssl=1&resize=1050%2C600 3x"},"classes":[]}],"jetpack_sharing_enabled":true,"jetpack_shortlink":"https:\/\/wp.me\/pfMlyK-1Ah","_links":{"self":[{"href":"https:\/\/ismaelcolosi.com.br\/index.php\/wp-json\/wp\/v2\/posts\/6093","targetHints":{"allow":["GET"]}}],"collection":[{"href":"https:\/\/ismaelcolosi.com.br\/index.php\/wp-json\/wp\/v2\/posts"}],"about":[{"href":"https:\/\/ismaelcolosi.com.br\/index.php\/wp-json\/wp\/v2\/types\/post"}],"author":[{"embeddable":true,"href":"https:\/\/ismaelcolosi.com.br\/index.php\/wp-json\/wp\/v2\/users\/1"}],"replies":[{"embeddable":true,"href":"https:\/\/ismaelcolosi.com.br\/index.php\/wp-json\/wp\/v2\/comments?post=6093"}],"version-history":[{"count":0,"href":"https:\/\/ismaelcolosi.com.br\/index.php\/wp-json\/wp\/v2\/posts\/6093\/revisions"}],"wp:featuredmedia":[{"embeddable":true,"href":"https:\/\/ismaelcolosi.com.br\/index.php\/wp-json\/wp\/v2\/media\/6094"}],"wp:attachment":[{"href":"https:\/\/ismaelcolosi.com.br\/index.php\/wp-json\/wp\/v2\/media?parent=6093"}],"wp:term":[{"taxonomy":"category","embeddable":true,"href":"https:\/\/ismaelcolosi.com.br\/index.php\/wp-json\/wp\/v2\/categories?post=6093"},{"taxonomy":"post_tag","embeddable":true,"href":"https:\/\/ismaelcolosi.com.br\/index.php\/wp-json\/wp\/v2\/tags?post=6093"}],"curies":[{"name":"wp","href":"https:\/\/api.w.org\/{rel}","templated":true}]}}