{"id":60927,"date":"2024-08-19T11:12:25","date_gmt":"2024-08-19T14:12:25","guid":{"rendered":"https:\/\/ismaelcolosi.com.br\/index.php\/2024\/08\/19\/quadrilha-rouba-dolares-joias-e-carro-de-familia-em-ribeirao-preto\/"},"modified":"2024-08-19T11:12:25","modified_gmt":"2024-08-19T14:12:25","slug":"quadrilha-rouba-dolares-joias-e-carro-de-familia-em-ribeirao-preto","status":"publish","type":"post","link":"https:\/\/ismaelcolosi.com.br\/index.php\/2024\/08\/19\/quadrilha-rouba-dolares-joias-e-carro-de-familia-em-ribeirao-preto\/","title":{"rendered":"Quadrilha rouba d\u00f3lares, joias e carro de fam\u00edlia em Ribeir\u00e3o Preto"},"content":{"rendered":"<p> <br \/>\n<\/p>\n<div>\n<p>Uma quadrilha manteve ref\u00e9m uma fam\u00edlia e os funcion\u00e1rios de uma casa no bairro <strong>Lagoinha<\/strong>, na zona Leste de <strong>Ribeir\u00e3o Preto<\/strong>, na manh\u00e3 do \u00faltimo s\u00e1bado (17). <mark style=\"background-color:#fcb900\" class=\"has-inline-color has-black-color\">Os criminosos levaram d\u00f3lares, joias, o carro da fam\u00edlia, al\u00e9m de aparelhos eletr\u00f4nicos.<\/mark><\/p>\n<p>Segundo o <strong>BO (boletim de ocorr\u00eancia)<\/strong>, o crime aconteceu por volta das 8h. O registro aponta que as funcion\u00e1rias que trabalham na casa foram abordadas por tr\u00eas criminosos, sendo que dois deles estavam de gorro, capuz e m\u00e1scara para esconder o rosto.<\/p>\n<p>Neste momento, o dono da casa foi at\u00e9 a cozinha, quando foi rendido por um dos bandidos, que passou a amea\u00e7\u00e1-lo com uma arma, pedindo dinheiro e joias.<\/p>\n<p>Em seguida, um dos bandidos come\u00e7ou a vasculhar os quartos procurando objetos de valor, que eram colocados dentro de um saco pl\u00e1stico. Outro bandido encontrou os d\u00f3lares guardados pela fam\u00edlia.<\/p>\n<p>Antes da fuga dos ladr\u00f5es, as v\u00edtimas foram trancadas em um dos quartos da casa e em um escrit\u00f3rio.<\/p>\n<p>Quando eles sa\u00edram do local, a empresa de monitoramento da vizinhan\u00e7a foi acionada, que chamou a <strong>Pol\u00edcia Militar.<\/strong><\/p>\n<p>Os ladr\u00f5es levaram o carro, um Jeep\/Commander, um celular, 10 mil d\u00f3lares, notebook, tablet e joias \u2013 avaliadas em R$ 22 mil.<\/p>\n<p>SAIBA MAIS<br \/>Ribeir\u00e3o Preto tem alerta para falta d\u2019\u00e1gua nesta segunda-feira<\/p>\n<h4 class=\"wp-block-heading\"><strong>FIQUE ON<\/strong><\/h4>\n<p>Fique ligado em tudo que acontece em Ribeir\u00e3o Preto e regi\u00e3o. Siga os perfis do <strong>acidade on<\/strong> no <a href=\"https:\/\/www.instagram.com\/acidadeonribeirao\" target=\"_blank\" rel=\"noreferrer noopener nofollow\">Instagram<\/a> e no <a href=\"https:\/\/www.facebook.com\/acidadeonribeirao\/\" target=\"_blank\" rel=\"noreferrer noopener nofollow\">Facebook<\/a>.<\/p>\n<p>Receba not\u00edcias do <strong>acidade on<\/strong> no WhatsApp. <a href=\"https:\/\/chat.whatsapp.com\/Dtv9mxhy6V5BJBotM2OQ5k\" target=\"_blank\" rel=\"noreferrer noopener nofollow\">Para entrar no grupo, basta clicar aqui.<\/a><\/p>\n<p>Fa\u00e7a uma den\u00fancia ou sugira uma reportagem sobre Ribeir\u00e3o Preto e regi\u00e3o pelo WhatsApp: 16 99117 7802.<\/p>\n<p>VEJA TAMB\u00c9M<br \/>Como ver a Superlua Azul hoje?<\/p>\n<p><!-- CONTENT END 1 -->\n<\/div>\n<p><script async src=\"\/\/www.instagram.com\/embed.js\"><\/script><br \/>\n<br \/><br \/>\n<br \/><a href=\"https:\/\/www.acidadeon.com\/ribeiraopreto\/cotidiano\/quadrilha-rouba-dolares-joias-e-carro-de-familia-em-ribeirao-preto\/\">Source link <\/a><\/p>\n","protected":false},"excerpt":{"rendered":"<p>Uma quadrilha manteve ref\u00e9m uma fam\u00edlia e os funcion\u00e1rios de uma casa no bairro Lagoinha, na zona Leste de Ribeir\u00e3o Preto, na manh\u00e3 do \u00faltimo&#8230;<\/p>\n","protected":false},"author":1,"featured_media":60928,"comment_status":"open","ping_status":"open","sticky":false,"template":"","format":"standard","meta":{"_uag_custom_page_level_css":"","advanced_seo_description":"","jetpack_seo_html_title":"","jetpack_seo_noindex":false,"jetpack_post_was_ever_published":false,"_jetpack_newsletter_access":"","_jetpack_dont_email_post_to_subs":false,"_jetpack_newsletter_tier_id":0,"_jetpack_memberships_contains_paywalled_content":false,"_jetpack_memberships_contains_paid_content":false,"footnotes":"","jetpack_publicize_message":"","jetpack_publicize_feature_enabled":true,"jetpack_social_post_already_shared":true,"jetpack_social_options":{"image_generator_settings":{"template":"highway","default_image_id":0,"font":"","enabled":false},"version":2}},"categories":[11],"tags":[],"class_list":["post-60927","post","type-post","status-publish","format-standard","has-post-thumbnail","hentry","category-noticias-de-ribeirao-preto-sp-e-regiao-ismael-colosi"],"jetpack_publicize_connections":[],"jetpack_featured_media_url":"https:\/\/i0.wp.com\/ismaelcolosi.com.br\/wp-content\/uploads\/2024\/08\/WhatsApp-Image-2023-12-09-at-13.55.44.jpeg?fit=1024%2C576&ssl=1","uagb_featured_image_src":{"full":["https:\/\/i0.wp.com\/ismaelcolosi.com.br\/wp-content\/uploads\/2024\/08\/WhatsApp-Image-2023-12-09-at-13.55.44.jpeg?fit=1024%2C576&ssl=1",1024,576,false],"thumbnail":["https:\/\/i0.wp.com\/ismaelcolosi.com.br\/wp-content\/uploads\/2024\/08\/WhatsApp-Image-2023-12-09-at-13.55.44.jpeg?resize=150%2C150&ssl=1",150,150,true],"medium":["https:\/\/i0.wp.com\/ismaelcolosi.com.br\/wp-content\/uploads\/2024\/08\/WhatsApp-Image-2023-12-09-at-13.55.44.jpeg?fit=300%2C169&ssl=1",300,169,true],"medium_large":["https:\/\/i0.wp.com\/ismaelcolosi.com.br\/wp-content\/uploads\/2024\/08\/WhatsApp-Image-2023-12-09-at-13.55.44.jpeg?fit=768%2C432&ssl=1",768,432,true],"large":["https:\/\/i0.wp.com\/ismaelcolosi.com.br\/wp-content\/uploads\/2024\/08\/WhatsApp-Image-2023-12-09-at-13.55.44.jpeg?fit=1024%2C576&ssl=1",1024,576,true],"1536x1536":["https:\/\/i0.wp.com\/ismaelcolosi.com.br\/wp-content\/uploads\/2024\/08\/WhatsApp-Image-2023-12-09-at-13.55.44.jpeg?fit=1024%2C576&ssl=1",1024,576,true],"2048x2048":["https:\/\/i0.wp.com\/ismaelcolosi.com.br\/wp-content\/uploads\/2024\/08\/WhatsApp-Image-2023-12-09-at-13.55.44.jpeg?fit=1024%2C576&ssl=1",1024,576,true],"really-simple-thumb":["https:\/\/i0.wp.com\/ismaelcolosi.com.br\/wp-content\/uploads\/2024\/08\/WhatsApp-Image-2023-12-09-at-13.55.44.jpeg?resize=370%2C247&ssl=1",370,247,true]},"uagb_author_info":{"display_name":"ismaelcolosi.com.br","author_link":"https:\/\/ismaelcolosi.com.br\/index.php\/author\/vidareal-online\/"},"uagb_comment_info":0,"uagb_excerpt":"Uma quadrilha manteve ref\u00e9m uma fam\u00edlia e os funcion\u00e1rios de uma casa no bairro Lagoinha, na zona Leste de Ribeir\u00e3o Preto, na manh\u00e3 do \u00faltimo...","jetpack-related-posts":[{"id":33513,"url":"https:\/\/ismaelcolosi.com.br\/index.php\/2024\/01\/29\/utm_sourcerssutm_mediumrssutm_campaignmotoqueiro-e-investigado-apos-buscar-joias-de-idosa-que-caiu-no-golpe-do-falso-sequestro\/","url_meta":{"origin":60927,"position":0},"title":"Motoqueiro \u00e9 investigado ap\u00f3s buscar joias de idosa que caiu no golpe do falso sequestro \u2013 X Tudo Ribeir\u00e3o","author":"ismaelcolosi.com.br","date":"29 de January de 2024","format":false,"excerpt":"A Pol\u00edcia Civil atrav\u00e9s do DEIC (Divis\u00e3o Especializada de Investiga\u00e7\u00f5es Criminais) est\u00e1 a procura de um motoqueiro suspeito de integrar uma quadrilha que aplicou o golpe do falso sequestro em uma idosa em um condom\u00ednio no \u00faltimo s\u00e1bado (27\/1), em Bonfim Paulista. Segundo informa\u00e7\u00f5es apuradas com a Pol\u00edcia Civil, no\u2026","rel":"","context":"In &quot;Not\u00edcias de Ribeir\u00e3o Preto-SP e Regi\u00e3o&quot;","block_context":{"text":"Not\u00edcias de Ribeir\u00e3o Preto-SP e Regi\u00e3o","link":"https:\/\/ismaelcolosi.com.br\/index.php\/category\/noticias-de-ribeirao-preto-sp-e-regiao-ismael-colosi\/"},"img":{"alt_text":"","src":"https:\/\/i0.wp.com\/ismaelcolosi.com.br\/wp-content\/uploads\/2024\/01\/x-tudo-ribeirao.png?fit=554%2C554&ssl=1&resize=350%2C200","width":350,"height":200,"srcset":"https:\/\/i0.wp.com\/ismaelcolosi.com.br\/wp-content\/uploads\/2024\/01\/x-tudo-ribeirao.png?fit=554%2C554&ssl=1&resize=350%2C200 1x, https:\/\/i0.wp.com\/ismaelcolosi.com.br\/wp-content\/uploads\/2024\/01\/x-tudo-ribeirao.png?fit=554%2C554&ssl=1&resize=525%2C300 1.5x"},"classes":[]},{"id":40223,"url":"https:\/\/ismaelcolosi.com.br\/index.php\/2024\/03\/01\/o-que-se-sabe-sobre-a-quadrilha-do-falso-sequestro-em-ribeirao-preto-e-regiao\/","url_meta":{"origin":60927,"position":1},"title":"O que se sabe sobre a quadrilha do falso sequestro em Ribeir\u00e3o Preto e regi\u00e3o","author":"ismaelcolosi.com.br","date":"1 de March de 2024","format":false,"excerpt":"Nesta quinta-feira (29), um homem foi preso temporariamente em Sert\u00e3ozinho, cidade na regi\u00e3o de Ribeir\u00e3o Preto, por suspeita de integrar uma quadrilha especializada em aplicar o golpe do falso sequestro, com extors\u00e3o das v\u00edtimas mediante a entrega de joias. O grupo \u00e9 suspeito de aplicar tr\u00eas golpes entre o final\u2026","rel":"","context":"In &quot;Not\u00edcias de Ribeir\u00e3o Preto-SP e Regi\u00e3o&quot;","block_context":{"text":"Not\u00edcias de Ribeir\u00e3o Preto-SP e Regi\u00e3o","link":"https:\/\/ismaelcolosi.com.br\/index.php\/category\/noticias-de-ribeirao-preto-sp-e-regiao-ismael-colosi\/"},"img":{"alt_text":"","src":"https:\/\/i0.wp.com\/ismaelcolosi.com.br\/wp-content\/uploads\/2024\/03\/cpj_1024x576_21012021092745.jpg?fit=1024%2C575&ssl=1&resize=350%2C200","width":350,"height":200,"srcset":"https:\/\/i0.wp.com\/ismaelcolosi.com.br\/wp-content\/uploads\/2024\/03\/cpj_1024x576_21012021092745.jpg?fit=1024%2C575&ssl=1&resize=350%2C200 1x, https:\/\/i0.wp.com\/ismaelcolosi.com.br\/wp-content\/uploads\/2024\/03\/cpj_1024x576_21012021092745.jpg?fit=1024%2C575&ssl=1&resize=525%2C300 1.5x, https:\/\/i0.wp.com\/ismaelcolosi.com.br\/wp-content\/uploads\/2024\/03\/cpj_1024x576_21012021092745.jpg?fit=1024%2C575&ssl=1&resize=700%2C400 2x"},"classes":[]},{"id":57433,"url":"https:\/\/ismaelcolosi.com.br\/index.php\/2024\/07\/22\/ladroes-roubam-cofre-com-joias-e-dinheiro-em-casa-na-zona-sul-de-ribeirao-preto\/","url_meta":{"origin":60927,"position":2},"title":"Ladr\u00f5es roubam cofre com joias e dinheiro em casa na zona Sul de Ribeir\u00e3o Preto","author":"ismaelcolosi.com.br","date":"22 de July de 2024","format":false,"excerpt":"Um cofre com joias, dinheiro e documentos foi roubado na noite da \u00faltima sexta-feira (19), em uma resid\u00eancia no Alto da Boa Vista, zona Sul de Ribeir\u00e3o Preto. Segundo o boletim de ocorr\u00eancia (BO), a v\u00edtima, uma idosa de 67 anos, estava no banho quando a casa teve a casa\u2026","rel":"","context":"In &quot;Not\u00edcias de Ribeir\u00e3o Preto-SP e Regi\u00e3o&quot;","block_context":{"text":"Not\u00edcias de Ribeir\u00e3o Preto-SP e Regi\u00e3o","link":"https:\/\/ismaelcolosi.com.br\/index.php\/category\/noticias-de-ribeirao-preto-sp-e-regiao-ismael-colosi\/"},"img":{"alt_text":"","src":"https:\/\/i0.wp.com\/ismaelcolosi.com.br\/wp-content\/uploads\/2024\/07\/1721645544_pm_qru_1024x576_25052021184558.jpg?fit=1024%2C576&ssl=1&resize=350%2C200","width":350,"height":200,"srcset":"https:\/\/i0.wp.com\/ismaelcolosi.com.br\/wp-content\/uploads\/2024\/07\/1721645544_pm_qru_1024x576_25052021184558.jpg?fit=1024%2C576&ssl=1&resize=350%2C200 1x, https:\/\/i0.wp.com\/ismaelcolosi.com.br\/wp-content\/uploads\/2024\/07\/1721645544_pm_qru_1024x576_25052021184558.jpg?fit=1024%2C576&ssl=1&resize=525%2C300 1.5x, https:\/\/i0.wp.com\/ismaelcolosi.com.br\/wp-content\/uploads\/2024\/07\/1721645544_pm_qru_1024x576_25052021184558.jpg?fit=1024%2C576&ssl=1&resize=700%2C400 2x"},"classes":[]},{"id":24689,"url":"https:\/\/ismaelcolosi.com.br\/index.php\/2024\/01\/04\/tutora-procura-por-cachorras-que-sumiram-apos-bandidos-invadirem-sua-casa-em-ribeirao-preto\/","url_meta":{"origin":60927,"position":3},"title":"Tutora procura por cachorras que sumiram ap\u00f3s bandidos invadirem sua casa em Ribeir\u00e3o Preto","author":"ismaelcolosi.com.br","date":"4 de January de 2024","format":false,"excerpt":"Desde o dia 29 de dezembro, a instrutora de aprendizagem Elaine Cristina Alves vive em busca das cachorrinhas Luna e Lola, que desapareceram ap\u00f3s bandidos entrarem e furtarem a resid\u00eancia em que vivam, no bairro Vila Virg\u00ednia, na zona Oeste de Ribeir\u00e3o Preto. \u201c\u00c9 angustiante, porque \u00e9 como se elas\u2026","rel":"","context":"In &quot;Not\u00edcias de Ribeir\u00e3o Preto-SP e Regi\u00e3o&quot;","block_context":{"text":"Not\u00edcias de Ribeir\u00e3o Preto-SP e Regi\u00e3o","link":"https:\/\/ismaelcolosi.com.br\/index.php\/category\/noticias-de-ribeirao-preto-sp-e-regiao-ismael-colosi\/"},"img":{"alt_text":"","src":"https:\/\/i0.wp.com\/ismaelcolosi.com.br\/wp-content\/uploads\/2024\/01\/Luna-e-Lola-1024x469.png?fit=1024%2C469&ssl=1&resize=350%2C200","width":350,"height":200,"srcset":"https:\/\/i0.wp.com\/ismaelcolosi.com.br\/wp-content\/uploads\/2024\/01\/Luna-e-Lola-1024x469.png?fit=1024%2C469&ssl=1&resize=350%2C200 1x, https:\/\/i0.wp.com\/ismaelcolosi.com.br\/wp-content\/uploads\/2024\/01\/Luna-e-Lola-1024x469.png?fit=1024%2C469&ssl=1&resize=525%2C300 1.5x, https:\/\/i0.wp.com\/ismaelcolosi.com.br\/wp-content\/uploads\/2024\/01\/Luna-e-Lola-1024x469.png?fit=1024%2C469&ssl=1&resize=700%2C400 2x"},"classes":[]},{"id":64927,"url":"https:\/\/ismaelcolosi.com.br\/index.php\/2024\/09\/09\/o-que-se-sabe-sobre-ataque-a-carro-forte-no-interior-de-sp\/","url_meta":{"origin":60927,"position":4},"title":"O que se sabe sobre ataque a carro-forte no interior de SP","author":"ismaelcolosi.com.br","date":"9 de September de 2024","format":false,"excerpt":"Uma tentativa de assalto a carro-forte foi registrada no in\u00edcio da noite desta segunda-feira (9), pr\u00f3ximo ao quil\u00f4metro 384 da rodovia C\u00e2ndido Portinari (SP-334), em Restinga, cidade na regi\u00e3o de Ribeir\u00e3o Preto. Os criminosos abordaram um caminh\u00e3o na rodovia e atravessaram o ve\u00edculo na pista. O crime aconteceu por volta\u2026","rel":"","context":"In &quot;Not\u00edcias de Ribeir\u00e3o Preto-SP e Regi\u00e3o&quot;","block_context":{"text":"Not\u00edcias de Ribeir\u00e3o Preto-SP e Regi\u00e3o","link":"https:\/\/ismaelcolosi.com.br\/index.php\/category\/noticias-de-ribeirao-preto-sp-e-regiao-ismael-colosi\/"},"img":{"alt_text":"","src":"https:\/\/i0.wp.com\/ismaelcolosi.com.br\/wp-content\/uploads\/2024\/09\/Copia-de-Copia-de-Copia-de-TAMANHO-EXATO-PARA-FOTOS-NO-SISTEMA-NOVO-43_2024-09-10_01-41-49_png_2024-09-10_01-41-49.webp.webp?fit=1200%2C675&ssl=1&resize=350%2C200","width":350,"height":200,"srcset":"https:\/\/i0.wp.com\/ismaelcolosi.com.br\/wp-content\/uploads\/2024\/09\/Copia-de-Copia-de-Copia-de-TAMANHO-EXATO-PARA-FOTOS-NO-SISTEMA-NOVO-43_2024-09-10_01-41-49_png_2024-09-10_01-41-49.webp.webp?fit=1200%2C675&ssl=1&resize=350%2C200 1x, https:\/\/i0.wp.com\/ismaelcolosi.com.br\/wp-content\/uploads\/2024\/09\/Copia-de-Copia-de-Copia-de-TAMANHO-EXATO-PARA-FOTOS-NO-SISTEMA-NOVO-43_2024-09-10_01-41-49_png_2024-09-10_01-41-49.webp.webp?fit=1200%2C675&ssl=1&resize=525%2C300 1.5x, https:\/\/i0.wp.com\/ismaelcolosi.com.br\/wp-content\/uploads\/2024\/09\/Copia-de-Copia-de-Copia-de-TAMANHO-EXATO-PARA-FOTOS-NO-SISTEMA-NOVO-43_2024-09-10_01-41-49_png_2024-09-10_01-41-49.webp.webp?fit=1200%2C675&ssl=1&resize=700%2C400 2x, https:\/\/i0.wp.com\/ismaelcolosi.com.br\/wp-content\/uploads\/2024\/09\/Copia-de-Copia-de-Copia-de-TAMANHO-EXATO-PARA-FOTOS-NO-SISTEMA-NOVO-43_2024-09-10_01-41-49_png_2024-09-10_01-41-49.webp.webp?fit=1200%2C675&ssl=1&resize=1050%2C600 3x"},"classes":[]},{"id":41290,"url":"https:\/\/ismaelcolosi.com.br\/index.php\/2024\/03\/07\/empresaria-de-ribeirao-preto-e-vitima-do-golpe-do-falso-sequestro\/","url_meta":{"origin":60927,"position":5},"title":"Empres\u00e1ria de Ribeir\u00e3o Preto \u00e9 v\u00edtima do golpe do falso sequestro","author":"ismaelcolosi.com.br","date":"7 de March de 2024","format":false,"excerpt":"Uma empres\u00e1ria de Ribeir\u00e3o Preto caiu no golpe do falso sequestro no \u00faltimo m\u00eas de fevereiro. Nesta quinta-feira (7), a Pol\u00edcia Civil deflagrou a segunda-feira da Opera\u00e7\u00e3o Repetundarum, que investiga os acusados de envolvimento com a quadrilha que pratica estelionatos na regi\u00e3o. Um motorista de aplicativo foi interrogado pela Pol\u00edcia\u2026","rel":"","context":"In &quot;Not\u00edcias de Ribeir\u00e3o Preto-SP e Regi\u00e3o&quot;","block_context":{"text":"Not\u00edcias de Ribeir\u00e3o Preto-SP e Regi\u00e3o","link":"https:\/\/ismaelcolosi.com.br\/index.php\/category\/noticias-de-ribeirao-preto-sp-e-regiao-ismael-colosi\/"},"img":{"alt_text":"","src":"https:\/\/ismaelcolosi.com.br\/wp-content\/uploads\/2023\/11\/whatsapp_image_2022-08-14_at_12_10_03.jpe","width":350,"height":200,"srcset":"https:\/\/ismaelcolosi.com.br\/wp-content\/uploads\/2023\/11\/whatsapp_image_2022-08-14_at_12_10_03.jpe 1x, https:\/\/ismaelcolosi.com.br\/wp-content\/uploads\/2023\/11\/whatsapp_image_2022-08-14_at_12_10_03.jpe 1.5x, https:\/\/ismaelcolosi.com.br\/wp-content\/uploads\/2023\/11\/whatsapp_image_2022-08-14_at_12_10_03.jpe 2x, https:\/\/ismaelcolosi.com.br\/wp-content\/uploads\/2023\/11\/whatsapp_image_2022-08-14_at_12_10_03.jpe 3x"},"classes":[]}],"jetpack_sharing_enabled":true,"jetpack_shortlink":"https:\/\/wp.me\/pfMlyK-fQH","_links":{"self":[{"href":"https:\/\/ismaelcolosi.com.br\/index.php\/wp-json\/wp\/v2\/posts\/60927","targetHints":{"allow":["GET"]}}],"collection":[{"href":"https:\/\/ismaelcolosi.com.br\/index.php\/wp-json\/wp\/v2\/posts"}],"about":[{"href":"https:\/\/ismaelcolosi.com.br\/index.php\/wp-json\/wp\/v2\/types\/post"}],"author":[{"embeddable":true,"href":"https:\/\/ismaelcolosi.com.br\/index.php\/wp-json\/wp\/v2\/users\/1"}],"replies":[{"embeddable":true,"href":"https:\/\/ismaelcolosi.com.br\/index.php\/wp-json\/wp\/v2\/comments?post=60927"}],"version-history":[{"count":0,"href":"https:\/\/ismaelcolosi.com.br\/index.php\/wp-json\/wp\/v2\/posts\/60927\/revisions"}],"wp:featuredmedia":[{"embeddable":true,"href":"https:\/\/ismaelcolosi.com.br\/index.php\/wp-json\/wp\/v2\/media\/60928"}],"wp:attachment":[{"href":"https:\/\/ismaelcolosi.com.br\/index.php\/wp-json\/wp\/v2\/media?parent=60927"}],"wp:term":[{"taxonomy":"category","embeddable":true,"href":"https:\/\/ismaelcolosi.com.br\/index.php\/wp-json\/wp\/v2\/categories?post=60927"},{"taxonomy":"post_tag","embeddable":true,"href":"https:\/\/ismaelcolosi.com.br\/index.php\/wp-json\/wp\/v2\/tags?post=60927"}],"curies":[{"name":"wp","href":"https:\/\/api.w.org\/{rel}","templated":true}]}}