{"id":60922,"date":"2024-08-19T10:55:55","date_gmt":"2024-08-19T13:55:55","guid":{"rendered":"https:\/\/ismaelcolosi.com.br\/index.php\/2024\/08\/19\/ator-do-musical-o-rei-leao-se-apresenta-no-theatro-pedro-ii-em-ribeirao-preto\/"},"modified":"2024-08-19T10:55:55","modified_gmt":"2024-08-19T13:55:55","slug":"ator-do-musical-o-rei-leao-se-apresenta-no-theatro-pedro-ii-em-ribeirao-preto","status":"publish","type":"post","link":"https:\/\/ismaelcolosi.com.br\/index.php\/2024\/08\/19\/ator-do-musical-o-rei-leao-se-apresenta-no-theatro-pedro-ii-em-ribeirao-preto\/","title":{"rendered":"Ator do musical \u2018O Rei Le\u00e3o\u2019 se apresenta no Theatro Pedro II em Ribeir\u00e3o Preto"},"content":{"rendered":"<p> <br \/>\n<\/p>\n<div>\n<p>O ator <strong>Tiago Barbosa<\/strong>, do musical \u2018<strong>O Rei Le\u00e3o<\/strong>\u2019, apresenta o espet\u00e1culo \u201c<strong>Tiago canta Milton<\/strong>\u201d, no <strong>Theatro Pedro II<\/strong>, em Ribeir\u00e3o Preto, neste <strong>domingo (25)<\/strong>, \u00e0s <strong>19h<\/strong>.<\/p>\n<p>No concerto, ele revive e reinventa as can\u00e7\u00f5es apresentadas no musical <strong>\u201cClube da Esquina \u2013 Os Sonhos N\u00e3o Envelhecem<\/strong>\u201d.\u00a0 O repert\u00f3rio inclui cerca de <strong>15 m\u00fasicas<\/strong> costuradas \u00e0s pr\u00f3prias mem\u00f3rias do int\u00e9rprete.<\/p>\n<p>Sucessos como \u201cTravessia\u201d, \u201cClube da Esquina n\u00ba2\u201d, \u201cMaria, Maria\u201d, \u201cBola de Meia, Bola de Gude\u201d, \u201cCa\u00e7ador de Mim\u201d e \u201cNada Ser\u00e1 Como Antes\u201d ganham novos arranjos acompanhados por <strong>cinco m\u00fasicos<\/strong>.<\/p>\n<h4 class=\"wp-block-heading\"><strong>Ingressos<\/strong><\/h4>\n<p>Os <strong>ingressos<\/strong> podem ser adquiridos <strong>on-line<\/strong> (<a href=\"https:\/\/www.megabilheteria.com\/evento?id=20240806164120\" target=\"_blank\" rel=\"noreferrer noopener\">clique aqui<\/a>) ou na bilheteria do <strong>Theatro<\/strong> <strong>Pedro II<\/strong>. Os valores variam entre <strong>R$ 100<\/strong>, a inteira e <strong>R$ 50<\/strong>, a meia-entrada. O site tamb\u00e9m conta com uma <strong>taxa<\/strong>, que varia entre <strong>R$9 <\/strong>e <strong>R$ 18<\/strong>.<\/p>\n<p>Al\u00e9m de dar vida a <strong>Simba<\/strong> na vers\u00e3o brasileira do musical da <em><strong>Broadway<\/strong><\/em>, \u201c<strong>O Rei Le\u00e3o<\/strong>\u201c, <strong>Tiago Barbosa<\/strong> tamb\u00e9m protagonizou o personagem <strong>Fiyero<\/strong> na segunda montagem de <strong>Wicked<\/strong> no <strong>Brasil<\/strong>.<\/p>\n<h4 class=\"wp-block-heading\"><strong>Servi\u00e7o<\/strong><\/h4>\n<p><strong>Tiago Nascimento canta Milton <\/strong><\/p>\n<p>Quando: 25 de agosto, domingo <br \/>Hor\u00e1rio: 19h <br \/>Local: Theatro Pedro II<br \/>Ingressos: Podem ser adquiridos on-line (<a href=\"https:\/\/www.megabilheteria.com\/evento?id=20240806164120\" target=\"_blank\" rel=\"noreferrer noopener\">clique aqui<\/a>) ou na bilheteria, a partir de R$ 50 (meia-entrada)<\/p>\n<p>SAIBA MAIS<br \/>Quer estudar na USP Ribeir\u00e3o Preto? Inscri\u00e7\u00f5es da Fuvest come\u00e7am hoje<\/p>\n<h4 class=\"wp-block-heading\"><strong>FIQUE ON<\/strong><\/h4>\n<p>Fique ligado em tudo que acontece em Ribeir\u00e3o Preto e regi\u00e3o. Siga os perfis do <strong>acidade on <\/strong>no <a href=\"https:\/\/www.instagram.com\/acidadeonribeirao\" target=\"_blank\" rel=\"noreferrer noopener\">Instagram<\/a> e no <a href=\"https:\/\/www.facebook.com\/acidadeonribeirao\" target=\"_blank\" rel=\"noreferrer noopener\">Facebook<\/a>.<\/p>\n<p>Receba not\u00edcias do <strong>acidade on<\/strong> no WhatsApp. Para entrar no grupo, basta <a href=\"https:\/\/chat.whatsapp.com\/Dtv9mxhy6V5BJBotM2OQ5k\" target=\"_blank\" rel=\"noreferrer noopener\">clicar aqui<\/a>.<\/p>\n<p>Fa\u00e7a uma den\u00fancia ou sugira uma reportagem sobre Ribeir\u00e3o Preto e regi\u00e3o pelo WhatsApp: 16 99117 7802.<\/p>\n<p>VEJA TAMB\u00c9M<br \/>Quem est\u00e1 na Batalha do \u2018Estrela da Casa\u2019?<\/p>\n<p><!-- CONTENT END 1 -->\n<\/div>\n<p><script async src=\"\/\/www.instagram.com\/embed.js\"><\/script><br \/>\n<br \/><br \/>\n<br \/><a href=\"https:\/\/www.acidadeon.com\/ribeiraopreto\/cotidiano\/ator-do-musical-o-rei-leao-se-apresenta-no-theatro-pedro-ii-em-ribeirao-preto\/\">Source link <\/a><\/p>\n","protected":false},"excerpt":{"rendered":"<p>O ator Tiago Barbosa, do musical \u2018O Rei Le\u00e3o\u2019, apresenta o espet\u00e1culo \u201cTiago canta Milton\u201d, no Theatro Pedro II, em Ribeir\u00e3o Preto, neste domingo (25),&#8230;<\/p>\n","protected":false},"author":1,"featured_media":60923,"comment_status":"open","ping_status":"open","sticky":false,"template":"","format":"standard","meta":{"_uag_custom_page_level_css":"","advanced_seo_description":"","jetpack_seo_html_title":"","jetpack_seo_noindex":false,"jetpack_post_was_ever_published":false,"_jetpack_newsletter_access":"","_jetpack_dont_email_post_to_subs":false,"_jetpack_newsletter_tier_id":0,"_jetpack_memberships_contains_paywalled_content":false,"_jetpack_memberships_contains_paid_content":false,"footnotes":"","jetpack_publicize_message":"","jetpack_publicize_feature_enabled":true,"jetpack_social_post_already_shared":true,"jetpack_social_options":{"image_generator_settings":{"template":"highway","default_image_id":0,"font":"","enabled":false},"version":2}},"categories":[11],"tags":[],"class_list":["post-60922","post","type-post","status-publish","format-standard","has-post-thumbnail","hentry","category-noticias-de-ribeirao-preto-sp-e-regiao-ismael-colosi"],"jetpack_publicize_connections":[],"jetpack_featured_media_url":"https:\/\/i0.wp.com\/ismaelcolosi.com.br\/wp-content\/uploads\/2024\/08\/Copia-de-Copia-de-Copia-de-TAMANHO-EXATO-PARA-FOTOS-NO-SISTEMA-NOVO-9_2024-08-19_12-05-44_jpg_2024-08-19_12-05-44.webp.webp?fit=1200%2C675&ssl=1","uagb_featured_image_src":{"full":["https:\/\/i0.wp.com\/ismaelcolosi.com.br\/wp-content\/uploads\/2024\/08\/Copia-de-Copia-de-Copia-de-TAMANHO-EXATO-PARA-FOTOS-NO-SISTEMA-NOVO-9_2024-08-19_12-05-44_jpg_2024-08-19_12-05-44.webp.webp?fit=1200%2C675&ssl=1",1200,675,false],"thumbnail":["https:\/\/i0.wp.com\/ismaelcolosi.com.br\/wp-content\/uploads\/2024\/08\/Copia-de-Copia-de-Copia-de-TAMANHO-EXATO-PARA-FOTOS-NO-SISTEMA-NOVO-9_2024-08-19_12-05-44_jpg_2024-08-19_12-05-44.webp.webp?resize=150%2C150&ssl=1",150,150,true],"medium":["https:\/\/i0.wp.com\/ismaelcolosi.com.br\/wp-content\/uploads\/2024\/08\/Copia-de-Copia-de-Copia-de-TAMANHO-EXATO-PARA-FOTOS-NO-SISTEMA-NOVO-9_2024-08-19_12-05-44_jpg_2024-08-19_12-05-44.webp.webp?fit=300%2C169&ssl=1",300,169,true],"medium_large":["https:\/\/i0.wp.com\/ismaelcolosi.com.br\/wp-content\/uploads\/2024\/08\/Copia-de-Copia-de-Copia-de-TAMANHO-EXATO-PARA-FOTOS-NO-SISTEMA-NOVO-9_2024-08-19_12-05-44_jpg_2024-08-19_12-05-44.webp.webp?fit=768%2C432&ssl=1",768,432,true],"large":["https:\/\/i0.wp.com\/ismaelcolosi.com.br\/wp-content\/uploads\/2024\/08\/Copia-de-Copia-de-Copia-de-TAMANHO-EXATO-PARA-FOTOS-NO-SISTEMA-NOVO-9_2024-08-19_12-05-44_jpg_2024-08-19_12-05-44.webp.webp?fit=1024%2C576&ssl=1",1024,576,true],"1536x1536":["https:\/\/i0.wp.com\/ismaelcolosi.com.br\/wp-content\/uploads\/2024\/08\/Copia-de-Copia-de-Copia-de-TAMANHO-EXATO-PARA-FOTOS-NO-SISTEMA-NOVO-9_2024-08-19_12-05-44_jpg_2024-08-19_12-05-44.webp.webp?fit=1200%2C675&ssl=1",1200,675,true],"2048x2048":["https:\/\/i0.wp.com\/ismaelcolosi.com.br\/wp-content\/uploads\/2024\/08\/Copia-de-Copia-de-Copia-de-TAMANHO-EXATO-PARA-FOTOS-NO-SISTEMA-NOVO-9_2024-08-19_12-05-44_jpg_2024-08-19_12-05-44.webp.webp?fit=1200%2C675&ssl=1",1200,675,true],"really-simple-thumb":["https:\/\/i0.wp.com\/ismaelcolosi.com.br\/wp-content\/uploads\/2024\/08\/Copia-de-Copia-de-Copia-de-TAMANHO-EXATO-PARA-FOTOS-NO-SISTEMA-NOVO-9_2024-08-19_12-05-44_jpg_2024-08-19_12-05-44.webp.webp?resize=370%2C247&ssl=1",370,247,true]},"uagb_author_info":{"display_name":"ismaelcolosi.com.br","author_link":"https:\/\/ismaelcolosi.com.br\/index.php\/author\/vidareal-online\/"},"uagb_comment_info":0,"uagb_excerpt":"O ator Tiago Barbosa, do musical \u2018O Rei Le\u00e3o\u2019, apresenta o espet\u00e1culo \u201cTiago canta Milton\u201d, no Theatro Pedro II, em Ribeir\u00e3o Preto, neste domingo (25),...","jetpack-related-posts":[{"id":31313,"url":"https:\/\/ismaelcolosi.com.br\/index.php\/2024\/01\/21\/theatro-pedro-ii-recebe-o-musical-rei-leao-in-concert-veja-como-comprar-ingressos\/","url_meta":{"origin":60922,"position":0},"title":"Theatro Pedro II recebe o musical \u2018Rei Le\u00e3o In Concert\u2019; Veja como comprar ingressos","author":"ismaelcolosi.com.br","date":"21 de January de 2024","format":false,"excerpt":"O Theatro Pedro II, em Ribeir\u00e3o Preto, recebe o musical \u201cRei Le\u00e3o In Concert\u201d, no pr\u00f3ximo dia 10 de mar\u00e7o. Os ingressos para o espet\u00e1culo podem ser comprados pela internet e custam entre R$ 55 e R$ 150. O musical conta com o recurso de proje\u00e7\u00e3o mapeada 3D e os\u2026","rel":"","context":"In &quot;Not\u00edcias de Ribeir\u00e3o Preto-SP e Regi\u00e3o&quot;","block_context":{"text":"Not\u00edcias de Ribeir\u00e3o Preto-SP e Regi\u00e3o","link":"https:\/\/ismaelcolosi.com.br\/index.php\/category\/noticias-de-ribeirao-preto-sp-e-regiao-ismael-colosi\/"},"img":{"alt_text":"","src":"https:\/\/i0.wp.com\/ismaelcolosi.com.br\/wp-content\/uploads\/2024\/01\/reileao.jpg?fit=978%2C613&ssl=1&resize=350%2C200","width":350,"height":200,"srcset":"https:\/\/i0.wp.com\/ismaelcolosi.com.br\/wp-content\/uploads\/2024\/01\/reileao.jpg?fit=978%2C613&ssl=1&resize=350%2C200 1x, https:\/\/i0.wp.com\/ismaelcolosi.com.br\/wp-content\/uploads\/2024\/01\/reileao.jpg?fit=978%2C613&ssl=1&resize=525%2C300 1.5x, https:\/\/i0.wp.com\/ismaelcolosi.com.br\/wp-content\/uploads\/2024\/01\/reileao.jpg?fit=978%2C613&ssl=1&resize=700%2C400 2x"},"classes":[]},{"id":61817,"url":"https:\/\/ismaelcolosi.com.br\/index.php\/2024\/08\/23\/sepultura-exposicao-de-carros-e-peter-pan-veja-programacao-do-fim-de-semana-em-ribeirao\/","url_meta":{"origin":60922,"position":1},"title":"Sepultura, exposi\u00e7\u00e3o de carros e Peter Pan: Veja programa\u00e7\u00e3o do fim de semana em Ribeir\u00e3o","author":"ismaelcolosi.com.br","date":"23 de August de 2024","format":false,"excerpt":"A programa\u00e7\u00e3o do fim de semana em Ribeir\u00e3o Preto est\u00e1 a todo vapor! Entre os destaques est\u00e3o shows, musicais e pe\u00e7as de teatro. Confira a agenda cultural abaixo: Sepultura A banda\u00a0Sepultura se apresenta no Alcans Hall, na rodovia Anhanguera (SP-330), em Ribeir\u00e3o Preto, neste s\u00e1bado (24), com sua turn\u00ea de\u2026","rel":"","context":"In &quot;Not\u00edcias de Ribeir\u00e3o Preto-SP e Regi\u00e3o&quot;","block_context":{"text":"Not\u00edcias de Ribeir\u00e3o Preto-SP e Regi\u00e3o","link":"https:\/\/ismaelcolosi.com.br\/index.php\/category\/noticias-de-ribeirao-preto-sp-e-regiao-ismael-colosi\/"},"img":{"alt_text":"","src":"https:\/\/i0.wp.com\/ismaelcolosi.com.br\/wp-content\/uploads\/2024\/08\/Copia-de-Copia-de-Copia-de-TAMANHO-EXATO-PARA-FOTOS-NO-SISTEMA-NOVO-4_2024-08-23_13-58-50_jpg_2024-08-23_13-58-50.webp.webp?fit=1200%2C675&ssl=1&resize=350%2C200","width":350,"height":200,"srcset":"https:\/\/i0.wp.com\/ismaelcolosi.com.br\/wp-content\/uploads\/2024\/08\/Copia-de-Copia-de-Copia-de-TAMANHO-EXATO-PARA-FOTOS-NO-SISTEMA-NOVO-4_2024-08-23_13-58-50_jpg_2024-08-23_13-58-50.webp.webp?fit=1200%2C675&ssl=1&resize=350%2C200 1x, https:\/\/i0.wp.com\/ismaelcolosi.com.br\/wp-content\/uploads\/2024\/08\/Copia-de-Copia-de-Copia-de-TAMANHO-EXATO-PARA-FOTOS-NO-SISTEMA-NOVO-4_2024-08-23_13-58-50_jpg_2024-08-23_13-58-50.webp.webp?fit=1200%2C675&ssl=1&resize=525%2C300 1.5x, https:\/\/i0.wp.com\/ismaelcolosi.com.br\/wp-content\/uploads\/2024\/08\/Copia-de-Copia-de-Copia-de-TAMANHO-EXATO-PARA-FOTOS-NO-SISTEMA-NOVO-4_2024-08-23_13-58-50_jpg_2024-08-23_13-58-50.webp.webp?fit=1200%2C675&ssl=1&resize=700%2C400 2x, https:\/\/i0.wp.com\/ismaelcolosi.com.br\/wp-content\/uploads\/2024\/08\/Copia-de-Copia-de-Copia-de-TAMANHO-EXATO-PARA-FOTOS-NO-SISTEMA-NOVO-4_2024-08-23_13-58-50_jpg_2024-08-23_13-58-50.webp.webp?fit=1200%2C675&ssl=1&resize=1050%2C600 3x"},"classes":[]},{"id":36598,"url":"https:\/\/ismaelcolosi.com.br\/index.php\/2024\/02\/10\/musical-rei-leao-estreia-no-theatro-pedro-ii\/","url_meta":{"origin":60922,"position":2},"title":"Musical Rei Le\u00e3o\u00a0estreia no Theatro Pedro II\u00a0","author":"ismaelcolosi.com.br","date":"10 de February de 2024","format":false,"excerpt":"\u201cRei Le\u00e3o In Concert\u201d \u00e9 um musical encantador, baseado na obra teatral \u201cHamlet\u201d, do famoso dramaturgo ingl\u00eas William Shakespeare (1564-1616), e que ganhou uma nova adapta\u00e7\u00e3o independente criada pela mesma produtora de grandiosos espet\u00e1culos de circula\u00e7\u00e3o nacional e internacional, a BRZ Produ\u00e7\u00f5es, em parceria com a Teatro GT.\u00a0\u00a0\u00a0 \u00a0O espet\u00e1culo\u2026","rel":"","context":"In &quot;Not\u00edcias de Ribeir\u00e3o Preto-SP e Regi\u00e3o&quot;","block_context":{"text":"Not\u00edcias de Ribeir\u00e3o Preto-SP e Regi\u00e3o","link":"https:\/\/ismaelcolosi.com.br\/index.php\/category\/noticias-de-ribeirao-preto-sp-e-regiao-ismael-colosi\/"},"img":{"alt_text":"","src":"https:\/\/i0.wp.com\/ismaelcolosi.com.br\/wp-content\/uploads\/2024\/02\/ReiLeao-Divulgacao-03-scaled.jpg?fit=1000%2C625&ssl=1&resize=350%2C200","width":350,"height":200,"srcset":"https:\/\/i0.wp.com\/ismaelcolosi.com.br\/wp-content\/uploads\/2024\/02\/ReiLeao-Divulgacao-03-scaled.jpg?fit=1000%2C625&ssl=1&resize=350%2C200 1x, https:\/\/i0.wp.com\/ismaelcolosi.com.br\/wp-content\/uploads\/2024\/02\/ReiLeao-Divulgacao-03-scaled.jpg?fit=1000%2C625&ssl=1&resize=525%2C300 1.5x, https:\/\/i0.wp.com\/ismaelcolosi.com.br\/wp-content\/uploads\/2024\/02\/ReiLeao-Divulgacao-03-scaled.jpg?fit=1000%2C625&ssl=1&resize=700%2C400 2x"},"classes":[]},{"id":45029,"url":"https:\/\/ismaelcolosi.com.br\/index.php\/2024\/04\/01\/humorista-tiago-santineli-se-apresenta-em-ribeirao-preto\/","url_meta":{"origin":60922,"position":3},"title":"Humorista Tiago Santineli se apresenta em Ribeir\u00e3o Preto","author":"ismaelcolosi.com.br","date":"1 de April de 2024","format":false,"excerpt":"O humorista Tiago Santineli traz para Ribeir\u00e3o Preto seu show \u201cO Pai da Mentira 2.0\u201d. A apresenta\u00e7\u00e3o acontece no Theatro Pedro II, no dia 27 de abril, \u00e0s 20h. Os ingressos custam a partir de R$ 30. Tiago Santineli vem se destacando nas redes sociais com v\u00eddeos sem filtro. Atualmente,\u2026","rel":"","context":"In &quot;Not\u00edcias de Ribeir\u00e3o Preto-SP e Regi\u00e3o&quot;","block_context":{"text":"Not\u00edcias de Ribeir\u00e3o Preto-SP e Regi\u00e3o","link":"https:\/\/ismaelcolosi.com.br\/index.php\/category\/noticias-de-ribeirao-preto-sp-e-regiao-ismael-colosi\/"},"img":{"alt_text":"","src":"https:\/\/i0.wp.com\/ismaelcolosi.com.br\/wp-content\/uploads\/2024\/04\/Capturar.jpg?fit=722%2C626&ssl=1&resize=350%2C200","width":350,"height":200,"srcset":"https:\/\/i0.wp.com\/ismaelcolosi.com.br\/wp-content\/uploads\/2024\/04\/Capturar.jpg?fit=722%2C626&ssl=1&resize=350%2C200 1x, https:\/\/i0.wp.com\/ismaelcolosi.com.br\/wp-content\/uploads\/2024\/04\/Capturar.jpg?fit=722%2C626&ssl=1&resize=525%2C300 1.5x, https:\/\/i0.wp.com\/ismaelcolosi.com.br\/wp-content\/uploads\/2024\/04\/Capturar.jpg?fit=722%2C626&ssl=1&resize=700%2C400 2x"},"classes":[]},{"id":33755,"url":"https:\/\/ismaelcolosi.com.br\/index.php\/2024\/01\/30\/veja-atracoes-do-theatro-pedro-ii-em-ribeirao-renato-albani-esta-confirmado\/","url_meta":{"origin":60922,"position":4},"title":"Veja atra\u00e7\u00f5es do Theatro Pedro II em Ribeir\u00e3o; Renato Albani est\u00e1 confirmado","author":"ismaelcolosi.com.br","date":"30 de January de 2024","format":false,"excerpt":"O Theatro Pedro II, no Centro de Ribeir\u00e3o Preto, retoma a agenda de eventos a partir de mar\u00e7o, com uma programa\u00e7\u00e3o variada para todas as idades e gostos. A agenda conta com apresenta\u00e7\u00f5es de Renato Albani, Danilo Gentili, Biquini e mais. Confira abaixo a programa\u00e7\u00e3o completa para o m\u00eas de\u2026","rel":"","context":"In &quot;Not\u00edcias de Ribeir\u00e3o Preto-SP e Regi\u00e3o&quot;","block_context":{"text":"Not\u00edcias de Ribeir\u00e3o Preto-SP e Regi\u00e3o","link":"https:\/\/ismaelcolosi.com.br\/index.php\/category\/noticias-de-ribeirao-preto-sp-e-regiao-ismael-colosi\/"},"img":{"alt_text":"","src":"https:\/\/i0.wp.com\/ismaelcolosi.com.br\/wp-content\/uploads\/2024\/01\/Copia-de-Copia-de-TAMANHO-EXATO-PARA-FOTOS-NO-SISTEMA-NOVO-24.png?fit=1200%2C675&ssl=1&resize=350%2C200","width":350,"height":200,"srcset":"https:\/\/i0.wp.com\/ismaelcolosi.com.br\/wp-content\/uploads\/2024\/01\/Copia-de-Copia-de-TAMANHO-EXATO-PARA-FOTOS-NO-SISTEMA-NOVO-24.png?fit=1200%2C675&ssl=1&resize=350%2C200 1x, https:\/\/i0.wp.com\/ismaelcolosi.com.br\/wp-content\/uploads\/2024\/01\/Copia-de-Copia-de-TAMANHO-EXATO-PARA-FOTOS-NO-SISTEMA-NOVO-24.png?fit=1200%2C675&ssl=1&resize=525%2C300 1.5x, https:\/\/i0.wp.com\/ismaelcolosi.com.br\/wp-content\/uploads\/2024\/01\/Copia-de-Copia-de-TAMANHO-EXATO-PARA-FOTOS-NO-SISTEMA-NOVO-24.png?fit=1200%2C675&ssl=1&resize=700%2C400 2x, https:\/\/i0.wp.com\/ismaelcolosi.com.br\/wp-content\/uploads\/2024\/01\/Copia-de-Copia-de-TAMANHO-EXATO-PARA-FOTOS-NO-SISTEMA-NOVO-24.png?fit=1200%2C675&ssl=1&resize=1050%2C600 3x"},"classes":[]},{"id":45784,"url":"https:\/\/ismaelcolosi.com.br\/index.php\/2024\/04\/07\/orquestra-sinfonica-de-ribeirao-preto-apresenta-requiem-de-mozart\/","url_meta":{"origin":60922,"position":5},"title":"Orquestra Sinf\u00f4nica de Ribeir\u00e3o Preto apresenta Requiem de Mozart","author":"ismaelcolosi.com.br","date":"7 de April de 2024","format":false,"excerpt":"O Theatro Pedro II, no Centro de Ribeir\u00e3o Preto, recebe no dia\u00a013 de abril, \u00e0s 19h30, o espet\u00e1culo \u2018Concertos Internacionais da Orquestra Sinf\u00f4nica de Ribeir\u00e3o Preto\u2019, com o \u00faltimo trabalho de Mozart, o Requiem. Os ingressos j\u00e1 est\u00e3o \u00e0 venda na bilheteria do Theatro e online. A obra trata-se de\u2026","rel":"","context":"In &quot;Not\u00edcias de Ribeir\u00e3o Preto-SP e Regi\u00e3o&quot;","block_context":{"text":"Not\u00edcias de Ribeir\u00e3o Preto-SP e Regi\u00e3o","link":"https:\/\/ismaelcolosi.com.br\/index.php\/category\/noticias-de-ribeirao-preto-sp-e-regiao-ismael-colosi\/"},"img":{"alt_text":"","src":"https:\/\/i0.wp.com\/ismaelcolosi.com.br\/wp-content\/uploads\/2024\/04\/sinfonica_orquestra_1024x576_20052021092339.jpg?fit=1024%2C576&ssl=1&resize=350%2C200","width":350,"height":200,"srcset":"https:\/\/i0.wp.com\/ismaelcolosi.com.br\/wp-content\/uploads\/2024\/04\/sinfonica_orquestra_1024x576_20052021092339.jpg?fit=1024%2C576&ssl=1&resize=350%2C200 1x, https:\/\/i0.wp.com\/ismaelcolosi.com.br\/wp-content\/uploads\/2024\/04\/sinfonica_orquestra_1024x576_20052021092339.jpg?fit=1024%2C576&ssl=1&resize=525%2C300 1.5x, https:\/\/i0.wp.com\/ismaelcolosi.com.br\/wp-content\/uploads\/2024\/04\/sinfonica_orquestra_1024x576_20052021092339.jpg?fit=1024%2C576&ssl=1&resize=700%2C400 2x"},"classes":[]}],"jetpack_sharing_enabled":true,"jetpack_shortlink":"https:\/\/wp.me\/pfMlyK-fQC","_links":{"self":[{"href":"https:\/\/ismaelcolosi.com.br\/index.php\/wp-json\/wp\/v2\/posts\/60922","targetHints":{"allow":["GET"]}}],"collection":[{"href":"https:\/\/ismaelcolosi.com.br\/index.php\/wp-json\/wp\/v2\/posts"}],"about":[{"href":"https:\/\/ismaelcolosi.com.br\/index.php\/wp-json\/wp\/v2\/types\/post"}],"author":[{"embeddable":true,"href":"https:\/\/ismaelcolosi.com.br\/index.php\/wp-json\/wp\/v2\/users\/1"}],"replies":[{"embeddable":true,"href":"https:\/\/ismaelcolosi.com.br\/index.php\/wp-json\/wp\/v2\/comments?post=60922"}],"version-history":[{"count":0,"href":"https:\/\/ismaelcolosi.com.br\/index.php\/wp-json\/wp\/v2\/posts\/60922\/revisions"}],"wp:featuredmedia":[{"embeddable":true,"href":"https:\/\/ismaelcolosi.com.br\/index.php\/wp-json\/wp\/v2\/media\/60923"}],"wp:attachment":[{"href":"https:\/\/ismaelcolosi.com.br\/index.php\/wp-json\/wp\/v2\/media?parent=60922"}],"wp:term":[{"taxonomy":"category","embeddable":true,"href":"https:\/\/ismaelcolosi.com.br\/index.php\/wp-json\/wp\/v2\/categories?post=60922"},{"taxonomy":"post_tag","embeddable":true,"href":"https:\/\/ismaelcolosi.com.br\/index.php\/wp-json\/wp\/v2\/tags?post=60922"}],"curies":[{"name":"wp","href":"https:\/\/api.w.org\/{rel}","templated":true}]}}