{"id":60907,"date":"2024-08-19T09:44:00","date_gmt":"2024-08-19T12:44:00","guid":{"rendered":"https:\/\/ismaelcolosi.com.br\/index.php\/2024\/08\/19\/guia-de-principais-profissoes-da-area-da-saude\/"},"modified":"2024-08-19T09:44:00","modified_gmt":"2024-08-19T12:44:00","slug":"guia-de-principais-profissoes-da-area-da-saude","status":"publish","type":"post","link":"https:\/\/ismaelcolosi.com.br\/index.php\/2024\/08\/19\/guia-de-principais-profissoes-da-area-da-saude\/","title":{"rendered":"Guia de principais profiss\u00f5es da \u00e1rea da sa\u00fade"},"content":{"rendered":"<p> <br \/>\n<\/p>\n<div>\n<p>Um of\u00edcio que nunca deixa de estar em alta s\u00e3o as profiss\u00f5es da \u00e1rea da sa\u00fade. Isso por que al\u00e9m do cuidado com o corpo e a mente estar cada vez mais em alta, os estudos sobre a vida humana est\u00e3o constantemente sendo atualizados e os m\u00e9todos e tratamentos que eram t\u00e3o efetivos h\u00e1 anos atr\u00e1s podem n\u00e3o ser os melhores nos dias de hoje.<\/p>\n<p>Com essa constante mudan\u00e7a, \u00e9 important\u00edssimo que novos profissionais surjam e trabalhem com o cuidado da vida. Se voc\u00ea \u00e9 uma dessas pessoas que sempre teve muita facilidade para ajudar os outros e se sente feliz ao fazer isso, ou apenas se interessa muito pelo corpo humano,\u00a0<strong>esse pode ser o seu mercado de trabalho!<\/strong><\/p>\n<p>Nesse post, separamos algumas profiss\u00f5es em alta, requisitos profissionais necess\u00e1rios para atuar, desafios e tend\u00eancias sobre a \u00e1rea da sa\u00fade, ent\u00e3o se voc\u00ea est\u00e1 buscando uma transi\u00e7\u00e3o de carreira, conhecer melhor uma gradua\u00e7\u00e3o para se desenvolver profissionalmente, ou simplesmente saber mais caminhos da sua profiss\u00e3o, continue lendo!<\/p>\n<nav class=\"toc-container  active\">\n<hr\/>\n<\/nav>\n<h2 class=\"wp-block-heading\" id=\"As_principais_profissoes_da_area_da_saude_na_atualidade\">As principais profiss\u00f5es da \u00e1rea da sa\u00fade na atualidade<\/h2>\n<p>A \u00e1rea da sa\u00fade envolve um leque de atua\u00e7\u00f5es, algumas delas n\u00e3o exigem especializa\u00e7\u00f5es, por\u00e9m, devido \u00e0s fun\u00e7\u00f5es complexas, pedem cursos de gradua\u00e7\u00e3o. Separamos 8 profiss\u00f5es atuais e suas forma\u00e7\u00f5es para voc\u00ea conhecer melhor, confira!<\/p>\n<h3 class=\"wp-block-heading\" id=\"1_Medico\">1. M\u00e9dico<\/h3>\n<p>Talvez a profiss\u00e3o mais citada dentre as da \u00e1rea da sa\u00fade, os m\u00e9dicos podem diagnosticar e tratar doen\u00e7as, realizar procedimentos ou cirurgias, al\u00e9m de prescrever medicamentos.\u00a0Saiba o que \u00e9 preciso para se formar em medicina.<\/p>\n<p>Podem trabalhar em hospitais, consult\u00f3rios ou cl\u00ednicas, e\u00a0<strong>necessitam de conhecimento aprofundado<\/strong>\u00a0em anatomia (estudo do corpo), fisiologia (estudo das fun\u00e7\u00f5es do corpo) e patologia (estudo de doen\u00e7as). Al\u00e9m disso, podem seguir diversas especializa\u00e7\u00f5es em diferentes \u00f3rg\u00e3os ou sistemas, como cardiologia ou ginecologia e obstetr\u00edcia.<\/p>\n<ul class=\"wp-block-list\">\n<li><strong>Requisitos:<\/strong>\u00a0Gradua\u00e7\u00e3o em Medicina\u00a0(tempo m\u00ednimo de 6 anos), resid\u00eancia m\u00e9dica e registro no Conselho Regional de Medicina (CRM) para atuar.<\/li>\n<\/ul>\n<h3 class=\"wp-block-heading\" id=\"2_Enfermeiro\">2. Enfermeiro<\/h3>\n<p>T\u00e3o importante quanto o m\u00e9dico, o enfermeiro presta cuidados diretos ao paciente, \u00e9 quem monitora sinais vitais, aplicam medicamentos e inje\u00e7\u00f5es. Podem trabalhar em hospitais, cl\u00ednicas, unidades m\u00f3veis de sa\u00fade e exige, al\u00e9m de conhecimento, uma sensibilidade ainda maior com o paciente.<\/p>\n<ul class=\"wp-block-list\">\n<li><strong>Requisitos:<\/strong>\u00a0Curso de gradua\u00e7\u00e3o em Enfermagem (tempo m\u00ednimo 4 anos), registro no Conselho Regional de Enfermagem (COREN) e em algumas especialidades, podem exigir p\u00f3s-gradua\u00e7\u00e3o e outras certifica\u00e7\u00f5es adicionais.<\/li>\n<\/ul>\n<p>Confira tamb\u00e9m nosso post sobre:\u00a0T\u00e9cnico de enfermagem, para quem tem interesse entrar na \u00e1rea antes (ou sem) uma gradua\u00e7\u00e3o.<\/p>\n<h3 class=\"wp-block-heading\" id=\"3_Psicologo\">3. Psic\u00f3logo<\/h3>\n<p>Uma das profiss\u00f5es de maior crescimento, o psic\u00f3logo ajuda o paciente a lidar com quest\u00f5es emocionais e de comportamento atrav\u00e9s de terapias e avalia\u00e7\u00f5es. \u00c9 a \u00e1rea de estudo da mente e da sa\u00fade mental. Podem atuar em hospitais, consult\u00f3rios, escolas e necessitam de muito conhecimento te\u00f3rico e empatia.<\/p>\n<ul class=\"wp-block-list\">\n<li><strong>Requisitos:\u00a0<\/strong>Necess\u00e1ria a gradua\u00e7\u00e3o em Psicologia, registro no Conselho Regional de Psicologia (CRP) e algumas \u00e1reas podem exigir p\u00f3s-gradua\u00e7\u00e3o ou especializa\u00e7\u00e3o.<\/li>\n<\/ul>\n<h3 class=\"wp-block-heading\" id=\"4_Dentista\">4. Dentista<\/h3>\n<p>Enquanto psic\u00f3logos cuidam da mente, dentistas<strong>\u00a0cuidam regi\u00e3o orofacial (boca e face).\u00a0<\/strong>Trabalham realizando exames, tratamentos e procedimentos dent\u00e1rios em consult\u00f3rios, cl\u00ednicas odontol\u00f3gicas ou de est\u00e9tica, \u00e9 uma profiss\u00e3o que exige precis\u00e3o nas m\u00e3os e muito estudo!<\/p>\n<ul class=\"wp-block-list\">\n<li><strong>Requisitos:\u00a0<\/strong>Gradua\u00e7\u00e3o em Odontologia (geralmente dura 5 anos), especializa\u00e7\u00e3o e registro no Conselho Regional de Odontologia (CRO).<\/li>\n<\/ul>\n<h3 class=\"wp-block-heading\" id=\"5_Fisioterapeuta\">5. Fisioterapeuta<\/h3>\n<p>Os fisioterapeutas possuem o papel de ajudar pacientes na preven\u00e7\u00e3o, habilita\u00e7\u00e3o e na recupera\u00e7\u00e3o da mobilidade do corpo com exerc\u00edcios e terapias f\u00edsicas. S\u00e3o profissionais essenciais em hospitais, cl\u00ednicas e centros de reabilita\u00e7\u00e3o, e em suas fun\u00e7\u00f5es precisam de muito cuidado e capacidade motivar os pacientes.<\/p>\n<p>Enquanto falamos sobre essa profiss\u00e3o, se voc\u00ea tem um interesse especial por essa \u00e1rea, aproveite a oportunidade e leia tamb\u00e9m:\u00a0Profissional de Fisioterapia: descubra as \u00e1reas de atua\u00e7\u00e3o<\/p>\n<ul class=\"wp-block-list\">\n<li><strong>Requisitos:\u00a0<\/strong>Gradua\u00e7\u00e3o em Fisioterapia (dura\u00e7\u00e3o de no m\u00ednimo 4 anos) e registro no Conselho Regional de Fisioterapia e Terapia Ocupacional (CREFITO).<\/li>\n<\/ul>\n<h3 class=\"wp-block-heading\" id=\"6_Nutricionista\">6. Nutricionista<\/h3>\n<p>Os nutricionistas s\u00e3o<strong>\u00a0profissionais especializados no cuidado com a alimenta\u00e7\u00e3o<\/strong>. Elaboram planos alimentares, oferecem orienta\u00e7\u00f5es alimentares, avaliam tamb\u00e9m formas de emagrecimento a partir da alimenta\u00e7\u00e3o. Podem atuar em hospitais, cl\u00ednicas e institui\u00e7\u00f5es de sa\u00fade.<\/p>\n<ul class=\"wp-block-list\">\n<li><strong>Requisitos:<\/strong>\u00a0A gradua\u00e7\u00e3o em Nutri\u00e7\u00e3o (geralmente dura 4 anos) e registro no Conselho Regional de Nutricionistas (CRN).<\/li>\n<\/ul>\n<h3 class=\"wp-block-heading\" id=\"7_Biomedico\">7. Biom\u00e9dico<\/h3>\n<p>A biomedicina \u00e9 uma das \u00e1reas que mais est\u00e3o ganhando destaque nos \u00faltimos anos. Com uma extensa lista de atua\u00e7\u00e3o, os biom\u00e9dicos pesquisam doen\u00e7as, analisam exames laboratoriais e podem at\u00e9 trabalhar para a per\u00edcia criminal. S\u00e3o profissionais que precisam ter aten\u00e7\u00e3o aos detalhes e capacidade para analisar dados cient\u00edficos.<\/p>\n<ul class=\"wp-block-list\">\n<li><strong>Requisitos:\u00a0<\/strong>Gradua\u00e7\u00e3o em Biomedicina (geralmente dura 4 anos), registro no Conselho Regional de Biomedicina (CRBM) e no caso de algumas atua\u00e7\u00f5es, podem exigir especializa\u00e7\u00f5es.<\/li>\n<\/ul>\n<p>Aproveite e confira tamb\u00e9m o nosso post sobre\u00a0Como est\u00e1 o mercado de trabalho na \u00e1rea de sa\u00fade.<\/p>\n<h3 class=\"wp-block-heading\" id=\"8_Farmaceutico\">8. Farmac\u00eautico<\/h3>\n<p>\u00c9 o profissional formado em Farm\u00e1cia, que pesquisa, elabora, produz medicamentos e cosm\u00e9ticos ou garante a administra\u00e7\u00e3o de rem\u00e9dios para o p\u00fablico. Demandam conhecimento bem detalhado sobre medicamentos, doses e quest\u00f5es de seguran\u00e7a, podem trabalhar em farm\u00e1cias, hospitais e ind\u00fastrias farmac\u00eauticas.<\/p>\n<ul class=\"wp-block-list\">\n<li><strong>Requisitos:<\/strong>\u00a0Gradua\u00e7\u00e3o em Farm\u00e1cia (geralmente dura 5 anos), registro no Conselho Regional de Farm\u00e1cia (CRF), algumas \u00e1reas podem exigir p\u00f3s-gradua\u00e7\u00e3o.<\/li>\n<\/ul>\n<h2 class=\"wp-block-heading\" id=\"Desafios_comuns_enfrentados_pelos_profissionais_da_saude\">Desafios comuns enfrentados pelos profissionais da sa\u00fade<\/h2>\n<p>Antes de entrar na \u00e1rea da sa\u00fade,\u00a0<strong>\u00e9 importante que voc\u00ea se lembre que nem tudo s\u00e3o flores<\/strong>. Apesar de serem profiss\u00f5es nobres, voc\u00ea estudante, ou que busca trocar de \u00e1rea profissional, saiba que o campo exige uma alta carga de trabalho na grande maioria dos casos, al\u00e9m do estresse pela responsabilidade de suas decis\u00f5es afetarem a vida de outras pessoas.<\/p>\n<p>Outros desafios que devem ser levados em conta s\u00e3o os cuidados com a sa\u00fade mental, tanto na gradua\u00e7\u00e3o quando na atua\u00e7\u00e3o, por serem pr\u00e1ticas que pedem muita dedica\u00e7\u00e3o e tamb\u00e9m a atualiza\u00e7\u00e3o cont\u00ednua da \u00e1rea. <\/p>\n<p>Como j\u00e1 falamos no in\u00edcio, essa \u00e1rea est\u00e1 em constante evolu\u00e7\u00e3o e os profissionais precisam constantemente se atualizar para tratar seu paciente da melhor maneira.<\/p>\n<h2 class=\"wp-block-heading\" id=\"Principais_tendencias_sobre_a_area_da_saude\">Principais tend\u00eancias sobre a \u00e1rea da sa\u00fade<\/h2>\n<p>Importante falarmos tamb\u00e9m sobre a quais s\u00e3o as tend\u00eancias que est\u00e3o vindo com tudo na \u00e1rea da sa\u00fade. Se voc\u00ea realmente est\u00e1 pensando em ir para esse campo do saber, \u00e9 necess\u00e1rio entender das novidades que voc\u00ea poder\u00e1 encontrar no mercado de trabalho.<\/p>\n<p>A de maior impacto com certeza \u00e9 a telemedicina. Conhecida como a pr\u00e1tica de consultas m\u00e9dicas e monitoramento de sa\u00fade online por meio de tecnologias de videoconfer\u00eancia, tem ganhado mais espa\u00e7o, oferecendo acesso a cuidados m\u00e9dicos em locais remotos, mas tamb\u00e9m abrindo m\u00e3o do contato humano, face a face de uma consulta presencial.\u00a0<strong>Essa tend\u00eancia afeta principalmente a medicina especializada e a psicologia<\/strong>.<\/p>\n<p>Outras tend\u00eancias que podem ajudar ou atrapalhar o desempenho do profissional de sa\u00fade s\u00e3o a Intelig\u00eancia Artificial e a rob\u00f3tica, que desempenham fun\u00e7\u00f5es antes exercidas por m\u00e9dicos e enfermeiros no acolhimento, ou automatiza\u00e7\u00e3o de processos na farm\u00e1cia e na biomedicina.<\/p>\n<hr class=\"wp-block-separator has-alpha-channel-opacity\"\/>\n<p>Essas quest\u00f5es s\u00e3o muito importantes para a decis\u00e3o da sua carreira, portanto pesquise bem e analise se \u00e9 o que voc\u00ea realmente quer! <\/p>\n<p>Gosta das profiss\u00f5es da \u00e1rea da sa\u00fade, mas ainda tem d\u00favidas? Aproveite, d\u00ea uma olhada neste post \u201cConhe\u00e7a as principais habilidades do m\u00e9dico veterin\u00e1rio\u201d e conhe\u00e7a um pouco dessa ci\u00eancia da vida voltada aos animais! At\u00e9 a pr\u00f3xima!<\/p>\n<h2>VAGAS ABERTAS | Principais \u00e1reas contratando<\/h2>\n<p>Se voc\u00ea est\u00e1 buscando um emprego, selecione abaixo a sua \u00e1rea de interesse e confira os cargos com oportunidades abertas!<\/p>\n<div class=\"search_jobs_list\"><select class=\"select_areas\" placeholder=\"Selecione uma \u00e1rea profissional\"><option value=\"0\">Seleciona uma \u00e1rea profissional<\/option><option value=\"1\">Administra\u00e7\u00e3o<\/option><option value=\"2\">Comercial e Vendas<\/option><option value=\"3\">Com\u00e9rcio Exterior<\/option><option value=\"4\">Educa\u00e7\u00e3o<\/option><option value=\"5\">Financeira<\/option><option value=\"6\">Hotelaria e Turismo<\/option><option value=\"7\">Inform\u00e1tica<\/option><option value=\"8\">Sa\u00fade<\/option><option value=\"9\">Suprimentos<\/option><option value=\"10\">Agricultura, Pecu\u00e1ria e Veterin\u00e1ria<\/option><option value=\"11\">Artes, Arquitetura e Design<\/option><option value=\"12\">Comunica\u00e7\u00e3o \/ Marketing<\/option><option value=\"13\">Engenharia<\/option><option value=\"14\">Industrial<\/option><option value=\"15\">Jur\u00eddica<\/option><option value=\"16\">T\u00e9cnica<\/option><option value=\"17\">Telemarketing<\/option><option value=\"18\">Telecomunica\u00e7\u00f5es<\/option><option value=\"20\">Servi\u00e7os Sociais<\/option><\/select><\/div>\n<\/p><\/div>\n<p><br \/>\n<br \/><a href=\"https:\/\/www.catho.com.br\/carreira-sucesso\/profissoes-da-area-da-saude\/\">Source link <\/a><\/p>\n<div class='code-block code-block-4' style='margin: 8px auto 8px 0; text-align: left; display: block; clear: both;'>\n\ud83d\udce2 Aviso Legal\n\nO site ismaelcolosi.com.br atua apenas como um canal de divulga\u00e7\u00e3o de oportunidades de emprego e n\u00e3o se responsabiliza pelo processo seletivo, contrata\u00e7\u00e3o ou qualquer outra etapa relacionada \u00e0s vagas publicadas. Todas as informa\u00e7\u00f5es s\u00e3o de responsabilidade dos anunciantes.\n\n\u26a0\ufe0f Aten\u00e7\u00e3o! Nunca pague por promessas de emprego nem compre cursos que garantam contrata\u00e7\u00e3o. Desconfie de qualquer cobran\u00e7a para participar de sele\u00e7\u00f5es.\n\n\n\n<\/div>\n<!-- CONTENT END 1 -->\n","protected":false},"excerpt":{"rendered":"<p>Um of\u00edcio que nunca deixa de estar em alta s\u00e3o as profiss\u00f5es da \u00e1rea da sa\u00fade. Isso por que al\u00e9m do cuidado com o corpo&#8230;<\/p>\n","protected":false},"author":1,"featured_media":60908,"comment_status":"open","ping_status":"open","sticky":false,"template":"","format":"standard","meta":{"_uag_custom_page_level_css":"","advanced_seo_description":"","jetpack_seo_html_title":"","jetpack_seo_noindex":false,"jetpack_post_was_ever_published":false,"_jetpack_newsletter_access":"","_jetpack_dont_email_post_to_subs":false,"_jetpack_newsletter_tier_id":0,"_jetpack_memberships_contains_paywalled_content":false,"_jetpack_memberships_contains_paid_content":false,"footnotes":"","jetpack_publicize_message":"","jetpack_publicize_feature_enabled":true,"jetpack_social_post_already_shared":true,"jetpack_social_options":{"image_generator_settings":{"template":"highway","default_image_id":0,"font":"","enabled":false},"version":2}},"categories":[1964],"tags":[],"class_list":["post-60907","post","type-post","status-publish","format-standard","has-post-thumbnail","hentry","category-carreira-e-sucesso-dicas-para-carreira"],"jetpack_publicize_connections":[],"jetpack_featured_media_url":"https:\/\/i0.wp.com\/ismaelcolosi.com.br\/wp-content\/uploads\/2024\/08\/Profissoes-da-area-da-saude.png?fit=1200%2C675&ssl=1","uagb_featured_image_src":{"full":["https:\/\/i0.wp.com\/ismaelcolosi.com.br\/wp-content\/uploads\/2024\/08\/Profissoes-da-area-da-saude.png?fit=1200%2C675&ssl=1",1200,675,false],"thumbnail":["https:\/\/i0.wp.com\/ismaelcolosi.com.br\/wp-content\/uploads\/2024\/08\/Profissoes-da-area-da-saude.png?resize=150%2C150&ssl=1",150,150,true],"medium":["https:\/\/i0.wp.com\/ismaelcolosi.com.br\/wp-content\/uploads\/2024\/08\/Profissoes-da-area-da-saude.png?fit=300%2C169&ssl=1",300,169,true],"medium_large":["https:\/\/i0.wp.com\/ismaelcolosi.com.br\/wp-content\/uploads\/2024\/08\/Profissoes-da-area-da-saude.png?fit=768%2C432&ssl=1",768,432,true],"large":["https:\/\/i0.wp.com\/ismaelcolosi.com.br\/wp-content\/uploads\/2024\/08\/Profissoes-da-area-da-saude.png?fit=1024%2C576&ssl=1",1024,576,true],"1536x1536":["https:\/\/i0.wp.com\/ismaelcolosi.com.br\/wp-content\/uploads\/2024\/08\/Profissoes-da-area-da-saude.png?fit=1200%2C675&ssl=1",1200,675,true],"2048x2048":["https:\/\/i0.wp.com\/ismaelcolosi.com.br\/wp-content\/uploads\/2024\/08\/Profissoes-da-area-da-saude.png?fit=1200%2C675&ssl=1",1200,675,true],"really-simple-thumb":["https:\/\/i0.wp.com\/ismaelcolosi.com.br\/wp-content\/uploads\/2024\/08\/Profissoes-da-area-da-saude.png?resize=370%2C247&ssl=1",370,247,true]},"uagb_author_info":{"display_name":"ismaelcolosi.com.br","author_link":"https:\/\/ismaelcolosi.com.br\/index.php\/author\/vidareal-online\/"},"uagb_comment_info":0,"uagb_excerpt":"Um of\u00edcio que nunca deixa de estar em alta s\u00e3o as profiss\u00f5es da \u00e1rea da sa\u00fade. Isso por que al\u00e9m do cuidado com o corpo...","jetpack-related-posts":[{"id":14013,"url":"https:\/\/ismaelcolosi.com.br\/index.php\/2023\/12\/11\/as-melhores-profissoes-para-quem-prefere-trabalhar-a-noite\/","url_meta":{"origin":60907,"position":0},"title":"As melhores profiss\u00f5es para quem prefere trabalhar \u00e0 noite","author":"ismaelcolosi.com.br","date":"11 de December de 2023","format":false,"excerpt":"Existem pessoas que preferem trabalhar a noite e se adaptam melhor ao sil\u00eancio noturno. Em contrapartida, h\u00e1 empresas e \u00f3rg\u00e3os governamentais que precisam funcionar por 24 horas, sete dias por semana. Por isso, existem vagas de emprego que podem ser exercidas no per\u00edodo noturno. E ao longo do texto, selecionamos\u2026","rel":"","context":"In &quot;Carreira e Sucesso&quot;","block_context":{"text":"Carreira e Sucesso","link":"https:\/\/ismaelcolosi.com.br\/index.php\/category\/carreira-e-sucesso-dicas-para-carreira\/"},"img":{"alt_text":"","src":"https:\/\/i0.wp.com\/ismaelcolosi.com.br\/wp-content\/uploads\/2023\/12\/trabalhar-a-noite.jpg?fit=1200%2C675&ssl=1&resize=350%2C200","width":350,"height":200,"srcset":"https:\/\/i0.wp.com\/ismaelcolosi.com.br\/wp-content\/uploads\/2023\/12\/trabalhar-a-noite.jpg?fit=1200%2C675&ssl=1&resize=350%2C200 1x, https:\/\/i0.wp.com\/ismaelcolosi.com.br\/wp-content\/uploads\/2023\/12\/trabalhar-a-noite.jpg?fit=1200%2C675&ssl=1&resize=525%2C300 1.5x, https:\/\/i0.wp.com\/ismaelcolosi.com.br\/wp-content\/uploads\/2023\/12\/trabalhar-a-noite.jpg?fit=1200%2C675&ssl=1&resize=700%2C400 2x, https:\/\/i0.wp.com\/ismaelcolosi.com.br\/wp-content\/uploads\/2023\/12\/trabalhar-a-noite.jpg?fit=1200%2C675&ssl=1&resize=1050%2C600 3x"},"classes":[]},{"id":26509,"url":"https:\/\/ismaelcolosi.com.br\/index.php\/2024\/01\/10\/carreira-no-agronegocio-as-profissoes-em-alta-no-campo\/","url_meta":{"origin":60907,"position":1},"title":"Carreira no agroneg\u00f3cio: as profiss\u00f5es em alta no campo","author":"ismaelcolosi.com.br","date":"10 de January de 2024","format":false,"excerpt":"Gerentes de fazendas s\u00e3o alguns dos profissionais mais demandados no setor do agroneg\u00f3cio, e com os maiores sal\u00e1rios O agroneg\u00f3cio lidera os setores com alta demanda por profissionais qualificados para 2024, segundo o Guia Salarial da Robert Half. \u201c\u00c9 um segmento que movimenta a cadeia como um todo, demandando profissionais\u2026","rel":"","context":"In &quot;Carreira e Sucesso&quot;","block_context":{"text":"Carreira e Sucesso","link":"https:\/\/ismaelcolosi.com.br\/index.php\/category\/carreira-e-sucesso-dicas-para-carreira\/"},"img":{"alt_text":"","src":"https:\/\/i0.wp.com\/ismaelcolosi.com.br\/wp-content\/uploads\/2024\/01\/agro-trabalhador-campo-1024x683.jpg?fit=1024%2C683&ssl=1&resize=350%2C200","width":350,"height":200,"srcset":"https:\/\/i0.wp.com\/ismaelcolosi.com.br\/wp-content\/uploads\/2024\/01\/agro-trabalhador-campo-1024x683.jpg?fit=1024%2C683&ssl=1&resize=350%2C200 1x, https:\/\/i0.wp.com\/ismaelcolosi.com.br\/wp-content\/uploads\/2024\/01\/agro-trabalhador-campo-1024x683.jpg?fit=1024%2C683&ssl=1&resize=525%2C300 1.5x, https:\/\/i0.wp.com\/ismaelcolosi.com.br\/wp-content\/uploads\/2024\/01\/agro-trabalhador-campo-1024x683.jpg?fit=1024%2C683&ssl=1&resize=700%2C400 2x"},"classes":[]},{"id":13997,"url":"https:\/\/ismaelcolosi.com.br\/index.php\/2023\/12\/11\/profissoes-em-alta-para-encontrar-emprego-em-2024\/","url_meta":{"origin":60907,"position":2},"title":"Profiss\u00f5es em alta para encontrar emprego em 2024","author":"ismaelcolosi.com.br","date":"11 de December de 2023","format":false,"excerpt":"Saber quais s\u00e3o as profiss\u00f5es em alta para o momento atual do mercado \u00e9 uma \u00f3tima forma de aumentar as suas chances de conseguir emprego, subir de cargo ou at\u00e9 mesmo fazer uma mudan\u00e7a de carreira. Com um mundo em constante evolu\u00e7\u00e3o, as profiss\u00f5es tamb\u00e9m v\u00e3o se transformando para atender\u2026","rel":"","context":"In &quot;Carreira e Sucesso&quot;","block_context":{"text":"Carreira e Sucesso","link":"https:\/\/ismaelcolosi.com.br\/index.php\/category\/carreira-e-sucesso-dicas-para-carreira\/"},"img":{"alt_text":"","src":"https:\/\/i0.wp.com\/ismaelcolosi.com.br\/wp-content\/uploads\/2023\/12\/profissoes-em-alta.jpg?fit=1200%2C675&ssl=1&resize=350%2C200","width":350,"height":200,"srcset":"https:\/\/i0.wp.com\/ismaelcolosi.com.br\/wp-content\/uploads\/2023\/12\/profissoes-em-alta.jpg?fit=1200%2C675&ssl=1&resize=350%2C200 1x, https:\/\/i0.wp.com\/ismaelcolosi.com.br\/wp-content\/uploads\/2023\/12\/profissoes-em-alta.jpg?fit=1200%2C675&ssl=1&resize=525%2C300 1.5x, https:\/\/i0.wp.com\/ismaelcolosi.com.br\/wp-content\/uploads\/2023\/12\/profissoes-em-alta.jpg?fit=1200%2C675&ssl=1&resize=700%2C400 2x, https:\/\/i0.wp.com\/ismaelcolosi.com.br\/wp-content\/uploads\/2023\/12\/profissoes-em-alta.jpg?fit=1200%2C675&ssl=1&resize=1050%2C600 3x"},"classes":[]},{"id":83331,"url":"https:\/\/ismaelcolosi.com.br\/index.php\/2025\/02\/25\/mercado-de-trabalho-em-2025-as-principais-tendencias-para-quem-deseja-mudar-de-area\/","url_meta":{"origin":60907,"position":3},"title":"Mercado de trabalho em 2025: as principais tend\u00eancias para quem deseja mudar de \u00e1rea","author":"ismaelcolosi.com.br","date":"25 de February de 2025","format":false,"excerpt":"Forbes, a mais conceituada revista de neg\u00f3cios e economia do mundo. \u00a0 Sabemos que o mercado de trabalho passou por mudan\u00e7as significativas nos \u00faltimos anos. Novos cargos foram criados, as expectativas de empregadores e profissionais evolu\u00edram, e as compet\u00eancias demandadas se transformaram de forma expressiva. Estima-se que, at\u00e9 2030, 75%\u2026","rel":"","context":"In &quot;Carreira e Sucesso&quot;","block_context":{"text":"Carreira e Sucesso","link":"https:\/\/ismaelcolosi.com.br\/index.php\/category\/carreira-e-sucesso-dicas-para-carreira\/"},"img":{"alt_text":"Foto do cfundador do LinkedIn, Reid Hoffman","src":"https:\/\/i0.wp.com\/forbes.com.br\/wp-content\/uploads\/2025\/02\/COFUNDADOR-DO-LINKEDIN-326x245.png?resize=350%2C200&ssl=1","width":350,"height":200},"classes":[]},{"id":83383,"url":"https:\/\/ismaelcolosi.com.br\/index.php\/2025\/02\/26\/mercado-de-trabalho-em-2025-as-principais-tendencias-para-quem-deseja-mudar-de-area-2\/","url_meta":{"origin":60907,"position":4},"title":"Mercado de trabalho em 2025: as principais tend\u00eancias para quem deseja mudar de \u00e1rea","author":"ismaelcolosi.com.br","date":"26 de February de 2025","format":false,"excerpt":"Forbes, a mais conceituada revista de neg\u00f3cios e economia do mundo. \u00a0 Sabemos que o mercado de trabalho passou por mudan\u00e7as significativas nos \u00faltimos anos. Novos cargos foram criados, as expectativas de empregadores e profissionais evolu\u00edram, e as compet\u00eancias demandadas se transformaram de forma expressiva. Estima-se que, at\u00e9 2030, 75%\u2026","rel":"","context":"In &quot;Carreira e Sucesso&quot;","block_context":{"text":"Carreira e Sucesso","link":"https:\/\/ismaelcolosi.com.br\/index.php\/category\/carreira-e-sucesso-dicas-para-carreira\/"},"img":{"alt_text":"Foto do cfundador do LinkedIn, Reid Hoffman","src":"https:\/\/i0.wp.com\/forbes.com.br\/wp-content\/uploads\/2025\/02\/COFUNDADOR-DO-LINKEDIN-326x245.png?resize=350%2C200&ssl=1","width":350,"height":200},"classes":[]},{"id":52228,"url":"https:\/\/ismaelcolosi.com.br\/index.php\/2024\/06\/05\/ranking-mostra-as-profissoes-com-melhores-e-piores-salarios-no-brasil-para-quem-tem-diploma\/","url_meta":{"origin":60907,"position":5},"title":"Ranking mostra as profiss\u00f5es com melhores e piores sal\u00e1rios no Brasil para quem tem diploma","author":"ismaelcolosi.com.br","date":"5 de June de 2024","format":false,"excerpt":"Matheus Almeidai Matheus Almeida 05\/06\/2024 - 6:50 Os sal\u00e1rios mais altos no Brasil em 2024 permanecem ligados a profiss\u00f5es \u201chistoricamente mais bem remuneradas\u201d, aponta levantamento feito pela pesquisadora da consultoria IDados, Ana Tereza Pires, a pedido da Isto\u00c9 Dinheiro.O ranking, elaborado a partir dos dados do primeiro trimestre de 2024,\u2026","rel":"","context":"In &quot;Empregos - Classificados&quot;","block_context":{"text":"Empregos - Classificados","link":"https:\/\/ismaelcolosi.com.br\/index.php\/category\/empregos-classificados-vagas-trabalho\/"},"img":{"alt_text":"","src":"https:\/\/i0.wp.com\/ismaelcolosi.com.br\/wp-content\/uploads\/2024\/06\/artigo-rossi-rodnae-productions-pexels-scaled-e1648489010886.jpg?fit=640%2C427&ssl=1&resize=350%2C200","width":350,"height":200,"srcset":"https:\/\/i0.wp.com\/ismaelcolosi.com.br\/wp-content\/uploads\/2024\/06\/artigo-rossi-rodnae-productions-pexels-scaled-e1648489010886.jpg?fit=640%2C427&ssl=1&resize=350%2C200 1x, https:\/\/i0.wp.com\/ismaelcolosi.com.br\/wp-content\/uploads\/2024\/06\/artigo-rossi-rodnae-productions-pexels-scaled-e1648489010886.jpg?fit=640%2C427&ssl=1&resize=525%2C300 1.5x"},"classes":[]}],"jetpack_sharing_enabled":true,"jetpack_shortlink":"https:\/\/wp.me\/pfMlyK-fQn","_links":{"self":[{"href":"https:\/\/ismaelcolosi.com.br\/index.php\/wp-json\/wp\/v2\/posts\/60907","targetHints":{"allow":["GET"]}}],"collection":[{"href":"https:\/\/ismaelcolosi.com.br\/index.php\/wp-json\/wp\/v2\/posts"}],"about":[{"href":"https:\/\/ismaelcolosi.com.br\/index.php\/wp-json\/wp\/v2\/types\/post"}],"author":[{"embeddable":true,"href":"https:\/\/ismaelcolosi.com.br\/index.php\/wp-json\/wp\/v2\/users\/1"}],"replies":[{"embeddable":true,"href":"https:\/\/ismaelcolosi.com.br\/index.php\/wp-json\/wp\/v2\/comments?post=60907"}],"version-history":[{"count":0,"href":"https:\/\/ismaelcolosi.com.br\/index.php\/wp-json\/wp\/v2\/posts\/60907\/revisions"}],"wp:featuredmedia":[{"embeddable":true,"href":"https:\/\/ismaelcolosi.com.br\/index.php\/wp-json\/wp\/v2\/media\/60908"}],"wp:attachment":[{"href":"https:\/\/ismaelcolosi.com.br\/index.php\/wp-json\/wp\/v2\/media?parent=60907"}],"wp:term":[{"taxonomy":"category","embeddable":true,"href":"https:\/\/ismaelcolosi.com.br\/index.php\/wp-json\/wp\/v2\/categories?post=60907"},{"taxonomy":"post_tag","embeddable":true,"href":"https:\/\/ismaelcolosi.com.br\/index.php\/wp-json\/wp\/v2\/tags?post=60907"}],"curies":[{"name":"wp","href":"https:\/\/api.w.org\/{rel}","templated":true}]}}