{"id":60891,"date":"2024-08-19T08:41:24","date_gmt":"2024-08-19T11:41:24","guid":{"rendered":"https:\/\/ismaelcolosi.com.br\/index.php\/2024\/08\/19\/inscricoes-para-concurso-do-bndes-com-salario-de-r-209-mil-terminam-hoje\/"},"modified":"2024-08-19T08:41:24","modified_gmt":"2024-08-19T11:41:24","slug":"inscricoes-para-concurso-do-bndes-com-salario-de-r-209-mil-terminam-hoje","status":"publish","type":"post","link":"https:\/\/ismaelcolosi.com.br\/index.php\/2024\/08\/19\/inscricoes-para-concurso-do-bndes-com-salario-de-r-209-mil-terminam-hoje\/","title":{"rendered":"Inscri\u00e7\u00f5es para concurso do BNDES com sal\u00e1rio de R$ 20,9 mil terminam hoje"},"content":{"rendered":"<p> <br \/>\n<\/p>\n<div id=\"\">\n<div class=\"content-infos\">\n<div class=\"texts\">\n<p class=\"author tooltip-comp\"> Da reda\u00e7\u00e3o<span class=\"icon-i\">i<\/span><span class=\"tooltiptext\"> <span class=\"author\"><span>Da reda\u00e7\u00e3o<\/span> <\/span><span class=\"desc\"\/> <\/span><\/p>\n<p>19\/08\/2024 &#8211; 8:39<\/p>\n<\/div>\n<div id=\"share-modal\" class=\"share-modal\"> <button class=\"box-close btn-share\"> <img decoding=\"async\" src=\"https:\/\/istoedinheiro.com.br\/wp-content\/themes\/dinheiro-wp-theme\/assets\/img\/svg\/closeIcon.svg?x46096\" alt=\"Close icon\" class=\"close-btn lazy\"\/> <\/button><\/div>\n<\/p><\/div>\n<p>As inscri\u00e7\u00f5es para o concurso p\u00fablico do <strong>BNDES (Banco Nacional de Desenvolvimento Econ\u00f4mico e Social)<\/strong> terminam nesta segunda-feira, 19, \u00e0s 23h59. Para aderir, os interessados devem acessar o site da <strong><a href=\"https:\/\/concursos.cesgranrio.org.br\/portal\/avaliacoes\/14\" target=\"_blank\" rel=\"noopener\">Funda\u00e7\u00e3o Cesgranrio<\/a><\/strong>.<\/p>\n<p>Vale destacar que o concurso ocorre ap\u00f3s 12 anos sem processos de sele\u00e7\u00e3o p\u00fablica para ingresso na institui\u00e7\u00e3o. O \u00faltimo foi aberto em 2012 e as provas foram aplicadas no in\u00edcio de 2013.<\/p>\n<p>Para esse ano, h\u00e1 cargos cargos de n\u00edvel superior, com 150 vagas e outras 750 para forma\u00e7\u00e3o de cadastro de reserva.<\/p>\n<p><strong>+ Sebrae abre concurso com vagas preferenciais para negros e sal\u00e1rios de at\u00e9 R$ 18,7 mil<\/strong><br \/><strong>+ TSE altera data do concurso da Justi\u00e7a Eleitoral para 8 de dezembro<\/strong><\/p>\n<h3>Quais s\u00e3o os cargos?<\/h3>\n<p>O processo seletivo oferece cargos com as seguintes \u00eanfases: administra\u00e7\u00e3o, an\u00e1lise de sistemas\/ciberseguran\u00e7a, an\u00e1lise de sistemas\/desenvolvimento, an\u00e1lise de sistemas\/suporte, arquitetura\/urbanismo, arquivologia digital, ci\u00eancias cont\u00e1beis, ci\u00eancia de dados, comunica\u00e7\u00e3o social, direito, economia, engenharia e psicologia organizacional.<\/p>\n<p>Todas exigem forma\u00e7\u00e3o espec\u00edfica, com exce\u00e7\u00e3o de ci\u00eancia de dados, que requer gradua\u00e7\u00e3o superior em qualquer \u00e1rea de atua\u00e7\u00e3o.<\/p>\n<p>Para os profissionais das \u00e1reas de administra\u00e7\u00e3o, ci\u00eancias cont\u00e1beis, direito, economia, engenharia e psicologia organizacional, tamb\u00e9m \u00e9 exigido o registro no respectivo conselho ou ordem profissional.<\/p>\n<p>O sal\u00e1rio inicial previsto \u00e9 de R$ 20.900,00, para uma jornada de trabalho de 35 horas semanais.<\/p>\n<p>O edital prev\u00ea benef\u00edcios como: assist\u00eancia \u00e0 sa\u00fade; assist\u00eancia educacional (aux\u00edlio-bab\u00e1, creche e ensinos fundamental e m\u00e9dio); e plano de previd\u00eancia complementar.<\/p>\n<h3>Para onde s\u00e3o as vagas?<\/h3>\n<p>As vagas s\u00e3o destinadas ao escrit\u00f3rio de servi\u00e7os do BNDES no Rio de Janeiro. Mas, de acordo com as necessidades de servi\u00e7o e o interesse da administra\u00e7\u00e3o do banco, o candidato poder\u00e1 ser enviado para outra cidade onde a institui\u00e7\u00e3o atue (Bras\u00edlia; S\u00e3o Paulo; ou Recife) ou venha a atuar.<\/p>\n<p style=\"text-align: left\">O banco tamb\u00e9m exige dos candidatos a disponibilidade para realizar viagens a servi\u00e7o, no pa\u00eds ou para o exterior.<\/p>\n<h3>Cotas<\/h3>\n<p>O BNDES reservou uma cota de 30% para pessoas negras e de 15% para pessoas com defici\u00eancia (PcD).<\/p>\n<p>Os candidatos \u00e0s vagas reservadas a pessoas negras passar\u00e3o ainda por heteroidentifica\u00e7\u00e3o, ou seja, um procedimento de verifica\u00e7\u00e3o da condi\u00e7\u00e3o declarada.<\/p>\n<p>Quem se declarar pessoa com defici\u00eancia, por sua vez, dever\u00e1 enviar um atestado, laudo ou relat\u00f3rio.<\/p>\n<h3>Qual o valor de inscri\u00e7\u00e3o?<\/h3>\n<p>A taxa de inscri\u00e7\u00e3o \u00e9 de R$ 110,00.<\/p>\n<h3>Quando e onde ser\u00e3o as provas?<\/h3>\n<p>As avalia\u00e7\u00f5es ser\u00e3o aplicadas em todas as capitais brasileiras no dia 13 de outubro. Ser\u00e1 uma prova objetiva no turno da manh\u00e3, com dura\u00e7\u00e3o de quatro horas, e uma prova discursiva \u00e0 tarde, tamb\u00e9m com quatro horas de dura\u00e7\u00e3o.<\/p>\n<div id=\"share-modal\" class=\"share-modal\"> <button class=\"box-close btn-share\"> <img decoding=\"async\" src=\"https:\/\/istoedinheiro.com.br\/wp-content\/themes\/dinheiro-wp-theme\/assets\/img\/svg\/closeIcon.svg?x46096\" alt=\"Close icon\" class=\"close-btn lazy\"\/> <\/button><\/div>\n<\/p><\/div>\n<p><script>!function(f,b,e,v,n,t,s){if(f.fbq)return;n=f.fbq=function(){n.callMethod?n.callMethod.apply(n,arguments):n.queue.push(arguments)};if(!f._fbq)f._fbq=n;n.push=n;n.loaded=!0;n.version='2.0';n.queue=[];t=b.createElement(e);t.async=!0;t.src=v;s=b.getElementsByTagName(e)[0];s.parentNode.insertBefore(t,s)}(window,document,'script','<\/script><br \/>\n<br \/><br \/>\n<br \/><a href=\"https:\/\/istoedinheiro.com.br\/inscricoes-para-concurso-do-bndes-com-salario-de-r-209-mil-terminam-hoje\/\">Source link <\/a><\/p>\n<div class='code-block code-block-4' style='margin: 8px auto 8px 0; text-align: left; display: block; clear: both;'>\n\ud83d\udce2 Aviso Legal\n\nO site ismaelcolosi.com.br atua apenas como um canal de divulga\u00e7\u00e3o de oportunidades de emprego e n\u00e3o se responsabiliza pelo processo seletivo, contrata\u00e7\u00e3o ou qualquer outra etapa relacionada \u00e0s vagas publicadas. Todas as informa\u00e7\u00f5es s\u00e3o de responsabilidade dos anunciantes.\n\n\u26a0\ufe0f Aten\u00e7\u00e3o! Nunca pague por promessas de emprego nem compre cursos que garantam contrata\u00e7\u00e3o. Desconfie de qualquer cobran\u00e7a para participar de sele\u00e7\u00f5es.\n\n\n\n<\/div>\n<!-- CONTENT END 1 -->\n","protected":false},"excerpt":{"rendered":"<p>Da reda\u00e7\u00e3oi Da reda\u00e7\u00e3o 19\/08\/2024 &#8211; 8:39 As inscri\u00e7\u00f5es para o concurso p\u00fablico do BNDES (Banco Nacional de Desenvolvimento Econ\u00f4mico e Social) terminam nesta segunda-feira,&#8230;<\/p>\n","protected":false},"author":1,"featured_media":60892,"comment_status":"open","ping_status":"open","sticky":false,"template":"","format":"standard","meta":{"_uag_custom_page_level_css":"","advanced_seo_description":"","jetpack_seo_html_title":"","jetpack_seo_noindex":false,"jetpack_post_was_ever_published":false,"_jetpack_newsletter_access":"","_jetpack_dont_email_post_to_subs":false,"_jetpack_newsletter_tier_id":0,"_jetpack_memberships_contains_paywalled_content":false,"_jetpack_memberships_contains_paid_content":false,"footnotes":"","jetpack_publicize_message":"","jetpack_publicize_feature_enabled":true,"jetpack_social_post_already_shared":true,"jetpack_social_options":{"image_generator_settings":{"template":"highway","default_image_id":0,"font":"","enabled":false},"version":2}},"categories":[3598],"tags":[],"class_list":["post-60891","post","type-post","status-publish","format-standard","has-post-thumbnail","hentry","category-empregos-classificados-vagas-trabalho"],"jetpack_publicize_connections":[],"jetpack_featured_media_url":"https:\/\/i0.wp.com\/ismaelcolosi.com.br\/wp-content\/uploads\/2024\/08\/bndes00.jpg?fit=1022%2C572&ssl=1","uagb_featured_image_src":{"full":["https:\/\/i0.wp.com\/ismaelcolosi.com.br\/wp-content\/uploads\/2024\/08\/bndes00.jpg?fit=1022%2C572&ssl=1",1022,572,false],"thumbnail":["https:\/\/i0.wp.com\/ismaelcolosi.com.br\/wp-content\/uploads\/2024\/08\/bndes00.jpg?resize=150%2C150&ssl=1",150,150,true],"medium":["https:\/\/i0.wp.com\/ismaelcolosi.com.br\/wp-content\/uploads\/2024\/08\/bndes00.jpg?fit=300%2C168&ssl=1",300,168,true],"medium_large":["https:\/\/i0.wp.com\/ismaelcolosi.com.br\/wp-content\/uploads\/2024\/08\/bndes00.jpg?fit=768%2C430&ssl=1",768,430,true],"large":["https:\/\/i0.wp.com\/ismaelcolosi.com.br\/wp-content\/uploads\/2024\/08\/bndes00.jpg?fit=1022%2C572&ssl=1",1022,572,true],"1536x1536":["https:\/\/i0.wp.com\/ismaelcolosi.com.br\/wp-content\/uploads\/2024\/08\/bndes00.jpg?fit=1022%2C572&ssl=1",1022,572,true],"2048x2048":["https:\/\/i0.wp.com\/ismaelcolosi.com.br\/wp-content\/uploads\/2024\/08\/bndes00.jpg?fit=1022%2C572&ssl=1",1022,572,true],"really-simple-thumb":["https:\/\/i0.wp.com\/ismaelcolosi.com.br\/wp-content\/uploads\/2024\/08\/bndes00.jpg?resize=370%2C247&ssl=1",370,247,true]},"uagb_author_info":{"display_name":"ismaelcolosi.com.br","author_link":"https:\/\/ismaelcolosi.com.br\/index.php\/author\/vidareal-online\/"},"uagb_comment_info":0,"uagb_excerpt":"Da reda\u00e7\u00e3oi Da reda\u00e7\u00e3o 19\/08\/2024 &#8211; 8:39 As inscri\u00e7\u00f5es para o concurso p\u00fablico do BNDES (Banco Nacional de Desenvolvimento Econ\u00f4mico e Social) terminam nesta segunda-feira,...","jetpack-related-posts":[{"id":74887,"url":"https:\/\/ismaelcolosi.com.br\/index.php\/2024\/11\/03\/inscricoes-para-concurso-publico-com-salarios-de-r-12-mil-terminam-nesta-semana\/","url_meta":{"origin":60891,"position":0},"title":"Inscri\u00e7\u00f5es para concurso p\u00fablico com sal\u00e1rios de R$ 12 mil terminam nesta semana","author":"ismaelcolosi.com.br","date":"3 de November de 2024","format":false,"excerpt":"As inscri\u00e7\u00f5es para o concurso p\u00fablico da Prefeitura de Sert\u00e3ozinho, na regi\u00e3o de Ribeir\u00e3o Preto, terminam na pr\u00f3xima quinta-feira (7). S\u00e3o 42 vagas dispon\u00edveis com sal\u00e1rios entre R$ 2.102 e R$ 12.678. Al\u00e9m das vagas para contrata\u00e7\u00e3o imediata, s\u00e3o 10 vagas para cadastro de reserva. Os cargos s\u00e3o de n\u00edvel\u2026","rel":"","context":"In &quot;Not\u00edcias de Ribeir\u00e3o Preto-SP e Regi\u00e3o&quot;","block_context":{"text":"Not\u00edcias de Ribeir\u00e3o Preto-SP e Regi\u00e3o","link":"https:\/\/ismaelcolosi.com.br\/index.php\/category\/noticias-de-ribeirao-preto-sp-e-regiao-ismael-colosi\/"},"img":{"alt_text":"","src":"https:\/\/i0.wp.com\/ismaelcolosi.com.br\/wp-content\/uploads\/2024\/11\/concurso-publico-5.jpg?fit=1200%2C800&ssl=1&resize=350%2C200","width":350,"height":200,"srcset":"https:\/\/i0.wp.com\/ismaelcolosi.com.br\/wp-content\/uploads\/2024\/11\/concurso-publico-5.jpg?fit=1200%2C800&ssl=1&resize=350%2C200 1x, https:\/\/i0.wp.com\/ismaelcolosi.com.br\/wp-content\/uploads\/2024\/11\/concurso-publico-5.jpg?fit=1200%2C800&ssl=1&resize=525%2C300 1.5x, https:\/\/i0.wp.com\/ismaelcolosi.com.br\/wp-content\/uploads\/2024\/11\/concurso-publico-5.jpg?fit=1200%2C800&ssl=1&resize=700%2C400 2x, https:\/\/i0.wp.com\/ismaelcolosi.com.br\/wp-content\/uploads\/2024\/11\/concurso-publico-5.jpg?fit=1200%2C800&ssl=1&resize=1050%2C600 3x"},"classes":[]},{"id":39445,"url":"https:\/\/ismaelcolosi.com.br\/index.php\/2024\/02\/26\/inscricoes-para-concurso-publico-de-ribeirao-preto-terminam-esta-semana\/","url_meta":{"origin":60891,"position":1},"title":"Inscri\u00e7\u00f5es para concurso p\u00fablico de Ribeir\u00e3o Preto terminam esta semana","author":"ismaelcolosi.com.br","date":"26 de February de 2024","format":false,"excerpt":"As inscri\u00e7\u00f5es do concurso p\u00fablico da Prefeitura de Ribeir\u00e3o Preto, que tem 10 vagas para o cargo de fiscal fazend\u00e1rio, terminam nesta semana. Os sal\u00e1rios para o cargo s\u00e3o de R$ 8.852,98. Os interessados podem se inscrever no site da RBO Concursos (clique aqui) at\u00e9 o dia 1\u00ba de mar\u00e7o.\u2026","rel":"","context":"In &quot;Not\u00edcias de Ribeir\u00e3o Preto-SP e Regi\u00e3o&quot;","block_context":{"text":"Not\u00edcias de Ribeir\u00e3o Preto-SP e Regi\u00e3o","link":"https:\/\/ismaelcolosi.com.br\/index.php\/category\/noticias-de-ribeirao-preto-sp-e-regiao-ismael-colosi\/"},"img":{"alt_text":"","src":"https:\/\/i0.wp.com\/ismaelcolosi.com.br\/wp-content\/uploads\/2024\/02\/1708956819_concurso-publico.jpg?fit=1200%2C800&ssl=1&resize=350%2C200","width":350,"height":200,"srcset":"https:\/\/i0.wp.com\/ismaelcolosi.com.br\/wp-content\/uploads\/2024\/02\/1708956819_concurso-publico.jpg?fit=1200%2C800&ssl=1&resize=350%2C200 1x, https:\/\/i0.wp.com\/ismaelcolosi.com.br\/wp-content\/uploads\/2024\/02\/1708956819_concurso-publico.jpg?fit=1200%2C800&ssl=1&resize=525%2C300 1.5x, https:\/\/i0.wp.com\/ismaelcolosi.com.br\/wp-content\/uploads\/2024\/02\/1708956819_concurso-publico.jpg?fit=1200%2C800&ssl=1&resize=700%2C400 2x, https:\/\/i0.wp.com\/ismaelcolosi.com.br\/wp-content\/uploads\/2024\/02\/1708956819_concurso-publico.jpg?fit=1200%2C800&ssl=1&resize=1050%2C600 3x"},"classes":[]},{"id":68926,"url":"https:\/\/ismaelcolosi.com.br\/index.php\/2024\/10\/02\/inscricoes-para-concurso-da-prefeitura-de-ribeirao-terminam-esta-semana\/","url_meta":{"origin":60891,"position":2},"title":"Inscri\u00e7\u00f5es para concurso da Prefeitura de Ribeir\u00e3o terminam esta semana","author":"ismaelcolosi.com.br","date":"2 de October de 2024","format":false,"excerpt":"O Grupo EP usa cookies e outras tecnologias semelhantes para melhorar a sua experi\u00eancia, analisar o tr\u00e1fego do site e personalizar o conte\u00fado. Conhe\u00e7a a nossa pol\u00edtica de privacidade e, ao continuar navegando, voc\u00ea concorda com estas condi\u00e7\u00f5es. Source link","rel":"","context":"In &quot;Not\u00edcias de Ribeir\u00e3o Preto-SP e Regi\u00e3o&quot;","block_context":{"text":"Not\u00edcias de Ribeir\u00e3o Preto-SP e Regi\u00e3o","link":"https:\/\/ismaelcolosi.com.br\/index.php\/category\/noticias-de-ribeirao-preto-sp-e-regiao-ismael-colosi\/"},"img":{"alt_text":"","src":"https:\/\/i0.wp.com\/ismaelcolosi.com.br\/wp-content\/uploads\/2024\/10\/close-up-woman-filling-application-form_2024-10-02_18-06-48_jpg_2024-10-02_18-06-50-scaled.webp.webp?fit=1200%2C800&ssl=1&resize=350%2C200","width":350,"height":200,"srcset":"https:\/\/i0.wp.com\/ismaelcolosi.com.br\/wp-content\/uploads\/2024\/10\/close-up-woman-filling-application-form_2024-10-02_18-06-48_jpg_2024-10-02_18-06-50-scaled.webp.webp?fit=1200%2C800&ssl=1&resize=350%2C200 1x, https:\/\/i0.wp.com\/ismaelcolosi.com.br\/wp-content\/uploads\/2024\/10\/close-up-woman-filling-application-form_2024-10-02_18-06-48_jpg_2024-10-02_18-06-50-scaled.webp.webp?fit=1200%2C800&ssl=1&resize=525%2C300 1.5x, https:\/\/i0.wp.com\/ismaelcolosi.com.br\/wp-content\/uploads\/2024\/10\/close-up-woman-filling-application-form_2024-10-02_18-06-48_jpg_2024-10-02_18-06-50-scaled.webp.webp?fit=1200%2C800&ssl=1&resize=700%2C400 2x, https:\/\/i0.wp.com\/ismaelcolosi.com.br\/wp-content\/uploads\/2024\/10\/close-up-woman-filling-application-form_2024-10-02_18-06-48_jpg_2024-10-02_18-06-50-scaled.webp.webp?fit=1200%2C800&ssl=1&resize=1050%2C600 3x"},"classes":[]},{"id":57975,"url":"https:\/\/ismaelcolosi.com.br\/index.php\/2024\/07\/26\/salario-de-r-209-mil-inscricoes-para-concurso-do-bndes-comecam-hoje\/","url_meta":{"origin":60891,"position":3},"title":"Sal\u00e1rio de R$ 20,9 mil: inscri\u00e7\u00f5es para concurso do BNDES come\u00e7am hoje","author":"ismaelcolosi.com.br","date":"26 de July de 2024","format":false,"excerpt":"Da reda\u00e7\u00e3oi Da reda\u00e7\u00e3o 26\/07\/2024 - 5:00 O\u00a0BNDES (Banco Nacional de Desenvolvimento Econ\u00f4mico e Social) anunciou abertura de um concurso p\u00fablico para cargos de n\u00edvel superior,\u00a0com 150 vagas e outras 750 para forma\u00e7\u00e3o de cadastro de reserva.As inscri\u00e7\u00f5es para podem ser feitas a partir das 10h desta sexta-feira, 26, e\u2026","rel":"","context":"In &quot;Empregos - Classificados&quot;","block_context":{"text":"Empregos - Classificados","link":"https:\/\/ismaelcolosi.com.br\/index.php\/category\/empregos-classificados-vagas-trabalho\/"},"img":{"alt_text":"","src":"https:\/\/i0.wp.com\/ismaelcolosi.com.br\/wp-content\/uploads\/2024\/07\/1721981337_bndes.jpg?fit=1011%2C617&ssl=1&resize=350%2C200","width":350,"height":200,"srcset":"https:\/\/i0.wp.com\/ismaelcolosi.com.br\/wp-content\/uploads\/2024\/07\/1721981337_bndes.jpg?fit=1011%2C617&ssl=1&resize=350%2C200 1x, https:\/\/i0.wp.com\/ismaelcolosi.com.br\/wp-content\/uploads\/2024\/07\/1721981337_bndes.jpg?fit=1011%2C617&ssl=1&resize=525%2C300 1.5x, https:\/\/i0.wp.com\/ismaelcolosi.com.br\/wp-content\/uploads\/2024\/07\/1721981337_bndes.jpg?fit=1011%2C617&ssl=1&resize=700%2C400 2x"},"classes":[]},{"id":62281,"url":"https:\/\/ismaelcolosi.com.br\/index.php\/2024\/08\/26\/inscricoes-para-concurso-publico-com-salarios-de-r-7-mil-terminam-nesta-semana\/","url_meta":{"origin":60891,"position":4},"title":"Inscri\u00e7\u00f5es para concurso p\u00fablico com sal\u00e1rios de R$ 7 mil terminam nesta semana","author":"ismaelcolosi.com.br","date":"26 de August de 2024","format":false,"excerpt":"O Grupo EP usa cookies e outras tecnologias semelhantes para melhorar a sua experi\u00eancia, analisar o tr\u00e1fego do site e personalizar o conte\u00fado. Conhe\u00e7a a nossa pol\u00edtica de privacidade e, ao continuar navegando, voc\u00ea concorda com estas condi\u00e7\u00f5es. Source link","rel":"","context":"In &quot;Not\u00edcias de Ribeir\u00e3o Preto-SP e Regi\u00e3o&quot;","block_context":{"text":"Not\u00edcias de Ribeir\u00e3o Preto-SP e Regi\u00e3o","link":"https:\/\/ismaelcolosi.com.br\/index.php\/category\/noticias-de-ribeirao-preto-sp-e-regiao-ismael-colosi\/"},"img":{"alt_text":"","src":"https:\/\/i0.wp.com\/ismaelcolosi.com.br\/wp-content\/uploads\/2024\/08\/1724700216_acidadeon_logos_Prancheta-1-copia-12_edited.jpg?fit=1199%2C1200&ssl=1&resize=350%2C200","width":350,"height":200,"srcset":"https:\/\/i0.wp.com\/ismaelcolosi.com.br\/wp-content\/uploads\/2024\/08\/1724700216_acidadeon_logos_Prancheta-1-copia-12_edited.jpg?fit=1199%2C1200&ssl=1&resize=350%2C200 1x, https:\/\/i0.wp.com\/ismaelcolosi.com.br\/wp-content\/uploads\/2024\/08\/1724700216_acidadeon_logos_Prancheta-1-copia-12_edited.jpg?fit=1199%2C1200&ssl=1&resize=525%2C300 1.5x, https:\/\/i0.wp.com\/ismaelcolosi.com.br\/wp-content\/uploads\/2024\/08\/1724700216_acidadeon_logos_Prancheta-1-copia-12_edited.jpg?fit=1199%2C1200&ssl=1&resize=700%2C400 2x, https:\/\/i0.wp.com\/ismaelcolosi.com.br\/wp-content\/uploads\/2024\/08\/1724700216_acidadeon_logos_Prancheta-1-copia-12_edited.jpg?fit=1199%2C1200&ssl=1&resize=1050%2C600 3x"},"classes":[]},{"id":49052,"url":"https:\/\/ismaelcolosi.com.br\/index.php\/2024\/05\/08\/inscricoes-para-concurso-publico-da-pm-terminam-hoje-veja-como-participar\/","url_meta":{"origin":60891,"position":5},"title":"Inscri\u00e7\u00f5es para concurso p\u00fablico da PM terminam hoje; Veja como participar","author":"ismaelcolosi.com.br","date":"8 de May de 2024","format":false,"excerpt":"As inscri\u00e7\u00f5es para o concurso p\u00fablico da PM (Pol\u00edcia Militar) de S\u00e3o Paulo terminam nesta quarta-feira (8). Ao todo, s\u00e3o 2,7 mil vagas para soldado de 2\u00aa classe. O sal\u00e1rio inicial para o cargo \u00e9 de R$ 4.852,21. As inscri\u00e7\u00f5es devem ser feitas pelo site da Funda\u00e7\u00e3o Get\u00falio Vargas (clique\u2026","rel":"","context":"In &quot;Not\u00edcias de Ribeir\u00e3o Preto-SP e Regi\u00e3o&quot;","block_context":{"text":"Not\u00edcias de Ribeir\u00e3o Preto-SP e Regi\u00e3o","link":"https:\/\/ismaelcolosi.com.br\/index.php\/category\/noticias-de-ribeirao-preto-sp-e-regiao-ismael-colosi\/"},"img":{"alt_text":"","src":"https:\/\/i0.wp.com\/ismaelcolosi.com.br\/wp-content\/uploads\/2024\/05\/AnyConv.com__concurso-publico-pm_2024-05-08_13-17-54.webp.webp?fit=1200%2C800&ssl=1&resize=350%2C200","width":350,"height":200,"srcset":"https:\/\/i0.wp.com\/ismaelcolosi.com.br\/wp-content\/uploads\/2024\/05\/AnyConv.com__concurso-publico-pm_2024-05-08_13-17-54.webp.webp?fit=1200%2C800&ssl=1&resize=350%2C200 1x, https:\/\/i0.wp.com\/ismaelcolosi.com.br\/wp-content\/uploads\/2024\/05\/AnyConv.com__concurso-publico-pm_2024-05-08_13-17-54.webp.webp?fit=1200%2C800&ssl=1&resize=525%2C300 1.5x, https:\/\/i0.wp.com\/ismaelcolosi.com.br\/wp-content\/uploads\/2024\/05\/AnyConv.com__concurso-publico-pm_2024-05-08_13-17-54.webp.webp?fit=1200%2C800&ssl=1&resize=700%2C400 2x, https:\/\/i0.wp.com\/ismaelcolosi.com.br\/wp-content\/uploads\/2024\/05\/AnyConv.com__concurso-publico-pm_2024-05-08_13-17-54.webp.webp?fit=1200%2C800&ssl=1&resize=1050%2C600 3x"},"classes":[]}],"jetpack_sharing_enabled":true,"jetpack_shortlink":"https:\/\/wp.me\/pfMlyK-fQ7","_links":{"self":[{"href":"https:\/\/ismaelcolosi.com.br\/index.php\/wp-json\/wp\/v2\/posts\/60891","targetHints":{"allow":["GET"]}}],"collection":[{"href":"https:\/\/ismaelcolosi.com.br\/index.php\/wp-json\/wp\/v2\/posts"}],"about":[{"href":"https:\/\/ismaelcolosi.com.br\/index.php\/wp-json\/wp\/v2\/types\/post"}],"author":[{"embeddable":true,"href":"https:\/\/ismaelcolosi.com.br\/index.php\/wp-json\/wp\/v2\/users\/1"}],"replies":[{"embeddable":true,"href":"https:\/\/ismaelcolosi.com.br\/index.php\/wp-json\/wp\/v2\/comments?post=60891"}],"version-history":[{"count":0,"href":"https:\/\/ismaelcolosi.com.br\/index.php\/wp-json\/wp\/v2\/posts\/60891\/revisions"}],"wp:featuredmedia":[{"embeddable":true,"href":"https:\/\/ismaelcolosi.com.br\/index.php\/wp-json\/wp\/v2\/media\/60892"}],"wp:attachment":[{"href":"https:\/\/ismaelcolosi.com.br\/index.php\/wp-json\/wp\/v2\/media?parent=60891"}],"wp:term":[{"taxonomy":"category","embeddable":true,"href":"https:\/\/ismaelcolosi.com.br\/index.php\/wp-json\/wp\/v2\/categories?post=60891"},{"taxonomy":"post_tag","embeddable":true,"href":"https:\/\/ismaelcolosi.com.br\/index.php\/wp-json\/wp\/v2\/tags?post=60891"}],"curies":[{"name":"wp","href":"https:\/\/api.w.org\/{rel}","templated":true}]}}