{"id":60889,"date":"2024-08-19T08:40:10","date_gmt":"2024-08-19T11:40:10","guid":{"rendered":"https:\/\/ismaelcolosi.com.br\/index.php\/2024\/08\/19\/quer-estudar-na-usp-ribeirao-preto-inscricoes-da-fuvest-comecam-hoje\/"},"modified":"2024-08-19T08:40:10","modified_gmt":"2024-08-19T11:40:10","slug":"quer-estudar-na-usp-ribeirao-preto-inscricoes-da-fuvest-comecam-hoje","status":"publish","type":"post","link":"https:\/\/ismaelcolosi.com.br\/index.php\/2024\/08\/19\/quer-estudar-na-usp-ribeirao-preto-inscricoes-da-fuvest-comecam-hoje\/","title":{"rendered":"Quer estudar na USP Ribeir\u00e3o Preto? Inscri\u00e7\u00f5es da Fuvest come\u00e7am hoje"},"content":{"rendered":"<p> <br \/>\n<\/p>\n<div>\n<p>Come\u00e7am \u00e0s 12h desta segunda-feira (19) as inscri\u00e7\u00f5es para <strong><a href=\"https:\/\/www.fuvest.br\/vestibular-da-usp\" target=\"_blank\" rel=\"noreferrer noopener nofollow\">Fuvest<\/a><\/strong>, vestibular que d\u00e1 acesso \u00e0 <strong><a href=\"https:\/\/www5.usp.br\/\" target=\"_blank\" rel=\"noreferrer noopener nofollow\">USP (Universidade de S\u00e3o Paulo)<\/a><\/strong>. Ao todo, <mark style=\"background-color:#fcb900\" class=\"has-inline-color has-black-color\">s\u00e3o 8.147 vagas disponibilizadas no vestibular<\/mark>, sendo 4.888 de ampla concorr\u00eancia, 2.053 reservadas para estudantes de escolas p\u00fablicas e 1.206 vagas para estudantes de escolas p\u00fablicas PPI (pretos ou pardos e ind\u00edgenas).<\/p>\n<p>As inscri\u00e7\u00f5es seguem at\u00e9 o dia 8 de outubro. A taxa de inscri\u00e7\u00e3o custa R$ 211, para quem n\u00e3o pediu a isen\u00e7\u00e3o no pagamento.<\/p>\n<p><mark style=\"background-color:#fcb900\" class=\"has-inline-color has-black-color\">A prova da 1\u00aa fase da Fuvest 2025 est\u00e1 marcada para o dia 17 de novembro.<\/mark> J\u00e1 a 2\u00aa fase acontece entre os dias 15 e 16 de dezembro. As provas de compet\u00eancias espec\u00edficas, para alguns cursos, ocorrem 9 de dezembro e 9 de janeiro de 2025.<\/p>\n<p>O resultado da Fuvest ser\u00e1 divulgado no dia 24 de janeiro de 2025.<\/p>\n<h4 class=\"wp-block-heading\"><strong>USP Ribeir\u00e3o Preto<\/strong><\/h4>\n<p>O campus da USP de Ribeir\u00e3o Preto conta com 948 professores, 1.650 funcion\u00e1rios efetivos, 500 terceirizados, 6.466 alunos de gradua\u00e7\u00e3o, 3.517 alunos de p\u00f3s-gradua\u00e7\u00e3o, 470 p\u00f3s-doutorandos, e 2.200 alunos de resid\u00eancia, MBA, aperfei\u00e7oamento e de aprimoramento e especializa\u00e7\u00e3o.<\/p>\n<p>O Campus \u00e9 composto pelas unidades de ensino: Escola de Enfermagem (EERP), Faculdade de Ci\u00eancias Farmac\u00eauticas (FCFRP), Faculdade de Economia, Administra\u00e7\u00e3o e Contabilidade (FEARP), Faculdade de Filosofia, Ci\u00eancias e Letras (FFCLRP), Faculdade de Medicina (FMRP), Faculdade de Odontologia (FORP), Faculdade de Direito (FDRP) e Escola de Educa\u00e7\u00e3o F\u00edsica e Esporte (EEFERP).<\/p>\n<p>SAIBA MAIS<br \/>Veja a nota de cada escola de Ribeir\u00e3o Preto<\/p>\n<h4 class=\"wp-block-heading\"><strong>FIQUE ON<\/strong><\/h4>\n<p>Fique ligado em tudo que acontece em Ribeir\u00e3o Preto e regi\u00e3o. Siga os perfis do <strong>acidade on <\/strong>no<a href=\"https:\/\/www.instagram.com\/acidadeonribeirao\" target=\"_blank\" rel=\"noreferrer noopener nofollow\"> Instagram <\/a>e no <a href=\"https:\/\/www.facebook.com\/acidadeonribeirao\/\" target=\"_blank\" rel=\"noreferrer noopener nofollow\">Facebook<\/a>.<\/p>\n<p>Receba not\u00edcias do <strong>acidade on<\/strong> no WhatsApp.<a href=\"https:\/\/chat.whatsapp.com\/Dtv9mxhy6V5BJBotM2OQ5k\" target=\"_blank\" rel=\"noreferrer noopener nofollow\"> Para entrar no grupo, basta clicar aqui.<\/a><\/p>\n<p>Fa\u00e7a uma den\u00fancia ou sugira uma reportagem sobre Ribeir\u00e3o Preto e regi\u00e3o pelo WhatsApp: 16 99117 7802.<\/p>\n<p>VEJA TAMB\u00c9M<br \/>Quando sai o resultado do CNU?<\/p>\n<p><!-- CONTENT END 1 -->\n<\/div>\n<p><script async src=\"\/\/www.instagram.com\/embed.js\"><\/script><br \/>\n<br \/><br \/>\n<br \/><a href=\"https:\/\/www.acidadeon.com\/ribeiraopreto\/cotidiano\/quer-estudar-na-usp-ribeirao-preto-inscricoes-da-fuvest-comecam-hoje\/\">Source link <\/a><\/p>\n","protected":false},"excerpt":{"rendered":"<p>Come\u00e7am \u00e0s 12h desta segunda-feira (19) as inscri\u00e7\u00f5es para Fuvest, vestibular que d\u00e1 acesso \u00e0 USP (Universidade de S\u00e3o Paulo). Ao todo, s\u00e3o 8.147 vagas&#8230;<\/p>\n","protected":false},"author":1,"featured_media":60890,"comment_status":"open","ping_status":"open","sticky":false,"template":"","format":"standard","meta":{"_uag_custom_page_level_css":"","advanced_seo_description":"","jetpack_seo_html_title":"","jetpack_seo_noindex":false,"jetpack_post_was_ever_published":false,"_jetpack_newsletter_access":"","_jetpack_dont_email_post_to_subs":false,"_jetpack_newsletter_tier_id":0,"_jetpack_memberships_contains_paywalled_content":false,"_jetpack_memberships_contains_paid_content":false,"footnotes":"","jetpack_publicize_message":"","jetpack_publicize_feature_enabled":true,"jetpack_social_post_already_shared":true,"jetpack_social_options":{"image_generator_settings":{"template":"highway","default_image_id":0,"font":"","enabled":false},"version":2}},"categories":[11],"tags":[],"class_list":["post-60889","post","type-post","status-publish","format-standard","has-post-thumbnail","hentry","category-noticias-de-ribeirao-preto-sp-e-regiao-ismael-colosi"],"jetpack_publicize_connections":[],"jetpack_featured_media_url":"https:\/\/i0.wp.com\/ismaelcolosi.com.br\/wp-content\/uploads\/2024\/08\/20170216_00_campus_ribeirao1.webp.webp?fit=800%2C420&ssl=1","uagb_featured_image_src":{"full":["https:\/\/i0.wp.com\/ismaelcolosi.com.br\/wp-content\/uploads\/2024\/08\/20170216_00_campus_ribeirao1.webp.webp?fit=800%2C420&ssl=1",800,420,false],"thumbnail":["https:\/\/i0.wp.com\/ismaelcolosi.com.br\/wp-content\/uploads\/2024\/08\/20170216_00_campus_ribeirao1.webp.webp?resize=150%2C150&ssl=1",150,150,true],"medium":["https:\/\/i0.wp.com\/ismaelcolosi.com.br\/wp-content\/uploads\/2024\/08\/20170216_00_campus_ribeirao1.webp.webp?fit=300%2C158&ssl=1",300,158,true],"medium_large":["https:\/\/i0.wp.com\/ismaelcolosi.com.br\/wp-content\/uploads\/2024\/08\/20170216_00_campus_ribeirao1.webp.webp?fit=768%2C403&ssl=1",768,403,true],"large":["https:\/\/i0.wp.com\/ismaelcolosi.com.br\/wp-content\/uploads\/2024\/08\/20170216_00_campus_ribeirao1.webp.webp?fit=800%2C420&ssl=1",800,420,true],"1536x1536":["https:\/\/i0.wp.com\/ismaelcolosi.com.br\/wp-content\/uploads\/2024\/08\/20170216_00_campus_ribeirao1.webp.webp?fit=800%2C420&ssl=1",800,420,true],"2048x2048":["https:\/\/i0.wp.com\/ismaelcolosi.com.br\/wp-content\/uploads\/2024\/08\/20170216_00_campus_ribeirao1.webp.webp?fit=800%2C420&ssl=1",800,420,true],"really-simple-thumb":["https:\/\/i0.wp.com\/ismaelcolosi.com.br\/wp-content\/uploads\/2024\/08\/20170216_00_campus_ribeirao1.webp.webp?resize=370%2C247&ssl=1",370,247,true]},"uagb_author_info":{"display_name":"ismaelcolosi.com.br","author_link":"https:\/\/ismaelcolosi.com.br\/index.php\/author\/vidareal-online\/"},"uagb_comment_info":0,"uagb_excerpt":"Come\u00e7am \u00e0s 12h desta segunda-feira (19) as inscri\u00e7\u00f5es para Fuvest, vestibular que d\u00e1 acesso \u00e0 USP (Universidade de S\u00e3o Paulo). Ao todo, s\u00e3o 8.147 vagas...","jetpack-related-posts":[{"id":68680,"url":"https:\/\/ismaelcolosi.com.br\/index.php\/2024\/10\/01\/quer-estudar-na-usp-ribeirao-preto-veja-como-fazer-a-inscricao-na-fuvest\/","url_meta":{"origin":60889,"position":0},"title":"Quer estudar na USP Ribeir\u00e3o Preto? Veja como fazer a inscri\u00e7\u00e3o na Fuvest","author":"ismaelcolosi.com.br","date":"1 de October de 2024","format":false,"excerpt":"As inscri\u00e7\u00f5es para a Fuvest 2025, principal vestibular de acesso \u00e0 USP (Universidade de S\u00e3o Paulo) terminam ao meio-dia da ter\u00e7a-feira (8). A universidade conta com campus em sete cidades do Estado de S\u00e3o Paulo, incluindo Ribeir\u00e3o Preto \u2013 al\u00e9m de Bauru, Lorena, Piracicaba, Pirassununga, S\u00e3o Carlos e S\u00e3o Paulo.\u2026","rel":"","context":"In &quot;Not\u00edcias de Ribeir\u00e3o Preto-SP e Regi\u00e3o&quot;","block_context":{"text":"Not\u00edcias de Ribeir\u00e3o Preto-SP e Regi\u00e3o","link":"https:\/\/ismaelcolosi.com.br\/index.php\/category\/noticias-de-ribeirao-preto-sp-e-regiao-ismael-colosi\/"},"img":{"alt_text":"","src":"https:\/\/i0.wp.com\/ismaelcolosi.com.br\/wp-content\/uploads\/2024\/10\/CAMPUS-DA-USP-DE-RIBEIRAO-PRETO-1024x683.jpg?fit=1024%2C683&ssl=1&resize=350%2C200","width":350,"height":200,"srcset":"https:\/\/i0.wp.com\/ismaelcolosi.com.br\/wp-content\/uploads\/2024\/10\/CAMPUS-DA-USP-DE-RIBEIRAO-PRETO-1024x683.jpg?fit=1024%2C683&ssl=1&resize=350%2C200 1x, https:\/\/i0.wp.com\/ismaelcolosi.com.br\/wp-content\/uploads\/2024\/10\/CAMPUS-DA-USP-DE-RIBEIRAO-PRETO-1024x683.jpg?fit=1024%2C683&ssl=1&resize=525%2C300 1.5x, https:\/\/i0.wp.com\/ismaelcolosi.com.br\/wp-content\/uploads\/2024\/10\/CAMPUS-DA-USP-DE-RIBEIRAO-PRETO-1024x683.jpg?fit=1024%2C683&ssl=1&resize=700%2C400 2x"},"classes":[]},{"id":61201,"url":"https:\/\/ismaelcolosi.com.br\/index.php\/2024\/08\/20\/fuvest-2025-veja-os-cursos-disponiveis-da-usp-de-ribeirao-preto\/","url_meta":{"origin":60889,"position":1},"title":"Fuvest 2025: Veja os cursos dispon\u00edveis da USP de Ribeir\u00e3o Preto","author":"ismaelcolosi.com.br","date":"20 de August de 2024","format":false,"excerpt":"Come\u00e7aram nesta segunda-feira (19) as inscri\u00e7\u00f5es para Fuvest, vestibular que d\u00e1 acesso \u00e0 Universidade de S\u00e3o Paulo (USP). Este ano, a Fuvest est\u00e1 oferecendo 8.147 vagas no vestibular, sendo 4.888 vagas para ampla concorr\u00eancia, 2.053 vagas para pessoas egressas de escolas p\u00fablicas e 1.206 vagas para estudantes de escolas p\u00fablicas\u2026","rel":"","context":"In &quot;Not\u00edcias de Ribeir\u00e3o Preto-SP e Regi\u00e3o&quot;","block_context":{"text":"Not\u00edcias de Ribeir\u00e3o Preto-SP e Regi\u00e3o","link":"https:\/\/ismaelcolosi.com.br\/index.php\/category\/noticias-de-ribeirao-preto-sp-e-regiao-ismael-colosi\/"},"img":{"alt_text":"","src":"https:\/\/i0.wp.com\/ismaelcolosi.com.br\/wp-content\/uploads\/2024\/08\/Copia-de-Copia-de-Copia-de-TAMANHO-EXATO-PARA-FOTOS-NO-SISTEMA-NOVO-14_2024-08-20_20-12-13_png_2024-08-20_20-12-13.webp.webp?fit=1200%2C675&ssl=1&resize=350%2C200","width":350,"height":200,"srcset":"https:\/\/i0.wp.com\/ismaelcolosi.com.br\/wp-content\/uploads\/2024\/08\/Copia-de-Copia-de-Copia-de-TAMANHO-EXATO-PARA-FOTOS-NO-SISTEMA-NOVO-14_2024-08-20_20-12-13_png_2024-08-20_20-12-13.webp.webp?fit=1200%2C675&ssl=1&resize=350%2C200 1x, https:\/\/i0.wp.com\/ismaelcolosi.com.br\/wp-content\/uploads\/2024\/08\/Copia-de-Copia-de-Copia-de-TAMANHO-EXATO-PARA-FOTOS-NO-SISTEMA-NOVO-14_2024-08-20_20-12-13_png_2024-08-20_20-12-13.webp.webp?fit=1200%2C675&ssl=1&resize=525%2C300 1.5x, https:\/\/i0.wp.com\/ismaelcolosi.com.br\/wp-content\/uploads\/2024\/08\/Copia-de-Copia-de-Copia-de-TAMANHO-EXATO-PARA-FOTOS-NO-SISTEMA-NOVO-14_2024-08-20_20-12-13_png_2024-08-20_20-12-13.webp.webp?fit=1200%2C675&ssl=1&resize=700%2C400 2x, https:\/\/i0.wp.com\/ismaelcolosi.com.br\/wp-content\/uploads\/2024\/08\/Copia-de-Copia-de-Copia-de-TAMANHO-EXATO-PARA-FOTOS-NO-SISTEMA-NOVO-14_2024-08-20_20-12-13_png_2024-08-20_20-12-13.webp.webp?fit=1200%2C675&ssl=1&resize=1050%2C600 3x"},"classes":[]},{"id":9169,"url":"https:\/\/ismaelcolosi.com.br\/index.php\/2023\/12\/01\/fuvest-divulga-a-lista-de-convocados-para-2a-fase-do-vestibular-veja-se-voce-passou\/","url_meta":{"origin":60889,"position":2},"title":"Fuvest divulga a lista de convocados para 2\u00aa fase do vestibular; Veja se voc\u00ea passou","author":"ismaelcolosi.com.br","date":"1 de December de 2023","format":false,"excerpt":"A Fuvest divulgou nesta sexta-feira (1\u00ba de dezembro) a lista de candidatos convocados para a 2\u00aa fase do vestibular 2024 da USP (Universidade de S\u00e3o Paulo), que acontece nos dias 17 e 18 de dezembro. Os estudantes podem conferir os nomes clicando aqui. Os locais de prova da 2\u00aa fase\u2026","rel":"","context":"In &quot;Not\u00edcias de Ribeir\u00e3o Preto-SP e Regi\u00e3o&quot;","block_context":{"text":"Not\u00edcias de Ribeir\u00e3o Preto-SP e Regi\u00e3o","link":"https:\/\/ismaelcolosi.com.br\/index.php\/category\/noticias-de-ribeirao-preto-sp-e-regiao-ismael-colosi\/"},"img":{"alt_text":"","src":"https:\/\/i0.wp.com\/ismaelcolosi.com.br\/wp-content\/uploads\/2023\/12\/usp_ribeirao_500x320_26072019111611.jpg?fit=500%2C322&ssl=1&resize=350%2C200","width":350,"height":200},"classes":[]},{"id":926,"url":"https:\/\/ismaelcolosi.com.br\/index.php\/2023\/11\/09\/fuvest-anuncia-locais-de-prova\/","url_meta":{"origin":60889,"position":3},"title":"Fuvest anuncia locais de prova","author":"ismaelcolosi.com.br","date":"9 de November de 2023","format":false,"excerpt":"9 de novembro de 2023 | 16:309 de novembro de 2023 | 15:22 0Os candidatos inscritos na primeira fase do vestibular 2024 da Funda\u00e7\u00e3o Universit\u00e1ria para o Vestibular (Fuvest \u2013 https:\/\/www.fuvest.br\/vestibular-da-usp\/) j\u00e1 podem conferir os locais onde ser\u00e3o realizados os exames. Na \u00e1rea do candidato, \u00e9 necess\u00e1rio informar o nome,\u2026","rel":"","context":"In &quot;Not\u00edcias de Ribeir\u00e3o Preto-SP e Regi\u00e3o&quot;","block_context":{"text":"Not\u00edcias de Ribeir\u00e3o Preto-SP e Regi\u00e3o","link":"https:\/\/ismaelcolosi.com.br\/index.php\/category\/noticias-de-ribeirao-preto-sp-e-regiao-ismael-colosi\/"},"img":{"alt_text":"","src":"https:\/\/i0.wp.com\/ismaelcolosi.com.br\/wp-content\/uploads\/2023\/11\/Fuvest-Alfredo-Risk-Arquivo-1-scaled.jpg?fit=1000%2C531&ssl=1&resize=350%2C200","width":350,"height":200,"srcset":"https:\/\/i0.wp.com\/ismaelcolosi.com.br\/wp-content\/uploads\/2023\/11\/Fuvest-Alfredo-Risk-Arquivo-1-scaled.jpg?fit=1000%2C531&ssl=1&resize=350%2C200 1x, https:\/\/i0.wp.com\/ismaelcolosi.com.br\/wp-content\/uploads\/2023\/11\/Fuvest-Alfredo-Risk-Arquivo-1-scaled.jpg?fit=1000%2C531&ssl=1&resize=525%2C300 1.5x, https:\/\/i0.wp.com\/ismaelcolosi.com.br\/wp-content\/uploads\/2023\/11\/Fuvest-Alfredo-Risk-Arquivo-1-scaled.jpg?fit=1000%2C531&ssl=1&resize=700%2C400 2x"},"classes":[]},{"id":8316,"url":"https:\/\/ismaelcolosi.com.br\/index.php\/2023\/11\/29\/medicina-usp-ribeirao-tem-a-maior-nota-de-corte-da-fuvest-veja-a-lista\/","url_meta":{"origin":60889,"position":4},"title":"Medicina USP Ribeir\u00e3o t\u00eam a maior nota de corte da Fuvest; Veja a lista","author":"ismaelcolosi.com.br","date":"29 de November de 2023","format":false,"excerpt":"A Fuvest, o vestibular da Universidade de S\u00e3o Paulo (USP), divulgou nesta quarta-feira, 29, as notas de corte da primeira fase. A maior nota de corte na ampla concorr\u00eancia foi para os cursos de Medicina em Ribeir\u00e3o Preto e em S\u00e3o Paulo, com 79 pontos cada. Na sequ\u00eancia, Medicina na\u2026","rel":"","context":"In &quot;Not\u00edcias de Ribeir\u00e3o Preto-SP e Regi\u00e3o&quot;","block_context":{"text":"Not\u00edcias de Ribeir\u00e3o Preto-SP e Regi\u00e3o","link":"https:\/\/ismaelcolosi.com.br\/index.php\/category\/noticias-de-ribeirao-preto-sp-e-regiao-ismael-colosi\/"},"img":{"alt_text":"","src":"https:\/\/i0.wp.com\/ismaelcolosi.com.br\/wp-content\/uploads\/2023\/11\/49-1068x712-1.jpg?fit=881%2C636&ssl=1&resize=350%2C200","width":350,"height":200,"srcset":"https:\/\/i0.wp.com\/ismaelcolosi.com.br\/wp-content\/uploads\/2023\/11\/49-1068x712-1.jpg?fit=881%2C636&ssl=1&resize=350%2C200 1x, https:\/\/i0.wp.com\/ismaelcolosi.com.br\/wp-content\/uploads\/2023\/11\/49-1068x712-1.jpg?fit=881%2C636&ssl=1&resize=525%2C300 1.5x, https:\/\/i0.wp.com\/ismaelcolosi.com.br\/wp-content\/uploads\/2023\/11\/49-1068x712-1.jpg?fit=881%2C636&ssl=1&resize=700%2C400 2x"},"classes":[]},{"id":31666,"url":"https:\/\/ismaelcolosi.com.br\/index.php\/2024\/01\/23\/cursinho-pre-vestibular-da-usp-ribeirao-esta-com-inscricoes-abertas-saiba-como-participar\/","url_meta":{"origin":60889,"position":5},"title":"Cursinho pr\u00e9-vestibular da USP Ribeir\u00e3o est\u00e1 com inscri\u00e7\u00f5es abertas; Saiba como participar","author":"ismaelcolosi.com.br","date":"23 de January de 2024","format":false,"excerpt":"Est\u00e3o abertas as inscri\u00e7\u00f5es para o cursinho popular da Faculdade de Ci\u00eancias Farmac\u00eauticas de Ribeir\u00e3o Preto (FCFRP) da USP (Universidade de S\u00e3o Paulo). As aulas s\u00e3o oferecidas de maneira extensiva e completamente gratuita. Podem participar da sele\u00e7\u00e3o estudantes que conclu\u00edram o ensino m\u00e9dio ou ainda est\u00e3o cursando, desde que n\u00e3o\u2026","rel":"","context":"In &quot;Not\u00edcias de Ribeir\u00e3o Preto-SP e Regi\u00e3o&quot;","block_context":{"text":"Not\u00edcias de Ribeir\u00e3o Preto-SP e Regi\u00e3o","link":"https:\/\/ismaelcolosi.com.br\/index.php\/category\/noticias-de-ribeirao-preto-sp-e-regiao-ismael-colosi\/"},"img":{"alt_text":"","src":"https:\/\/i0.wp.com\/ismaelcolosi.com.br\/wp-content\/uploads\/2024\/01\/escrevendo_aluno_1200x675_30062022170131.jpg?fit=1200%2C674&ssl=1&resize=350%2C200","width":350,"height":200,"srcset":"https:\/\/i0.wp.com\/ismaelcolosi.com.br\/wp-content\/uploads\/2024\/01\/escrevendo_aluno_1200x675_30062022170131.jpg?fit=1200%2C674&ssl=1&resize=350%2C200 1x, https:\/\/i0.wp.com\/ismaelcolosi.com.br\/wp-content\/uploads\/2024\/01\/escrevendo_aluno_1200x675_30062022170131.jpg?fit=1200%2C674&ssl=1&resize=525%2C300 1.5x, https:\/\/i0.wp.com\/ismaelcolosi.com.br\/wp-content\/uploads\/2024\/01\/escrevendo_aluno_1200x675_30062022170131.jpg?fit=1200%2C674&ssl=1&resize=700%2C400 2x, https:\/\/i0.wp.com\/ismaelcolosi.com.br\/wp-content\/uploads\/2024\/01\/escrevendo_aluno_1200x675_30062022170131.jpg?fit=1200%2C674&ssl=1&resize=1050%2C600 3x"},"classes":[]}],"jetpack_sharing_enabled":true,"jetpack_shortlink":"https:\/\/wp.me\/pfMlyK-fQ5","_links":{"self":[{"href":"https:\/\/ismaelcolosi.com.br\/index.php\/wp-json\/wp\/v2\/posts\/60889","targetHints":{"allow":["GET"]}}],"collection":[{"href":"https:\/\/ismaelcolosi.com.br\/index.php\/wp-json\/wp\/v2\/posts"}],"about":[{"href":"https:\/\/ismaelcolosi.com.br\/index.php\/wp-json\/wp\/v2\/types\/post"}],"author":[{"embeddable":true,"href":"https:\/\/ismaelcolosi.com.br\/index.php\/wp-json\/wp\/v2\/users\/1"}],"replies":[{"embeddable":true,"href":"https:\/\/ismaelcolosi.com.br\/index.php\/wp-json\/wp\/v2\/comments?post=60889"}],"version-history":[{"count":0,"href":"https:\/\/ismaelcolosi.com.br\/index.php\/wp-json\/wp\/v2\/posts\/60889\/revisions"}],"wp:featuredmedia":[{"embeddable":true,"href":"https:\/\/ismaelcolosi.com.br\/index.php\/wp-json\/wp\/v2\/media\/60890"}],"wp:attachment":[{"href":"https:\/\/ismaelcolosi.com.br\/index.php\/wp-json\/wp\/v2\/media?parent=60889"}],"wp:term":[{"taxonomy":"category","embeddable":true,"href":"https:\/\/ismaelcolosi.com.br\/index.php\/wp-json\/wp\/v2\/categories?post=60889"},{"taxonomy":"post_tag","embeddable":true,"href":"https:\/\/ismaelcolosi.com.br\/index.php\/wp-json\/wp\/v2\/tags?post=60889"}],"curies":[{"name":"wp","href":"https:\/\/api.w.org\/{rel}","templated":true}]}}