{"id":60883,"date":"2024-08-19T08:07:07","date_gmt":"2024-08-19T11:07:07","guid":{"rendered":"https:\/\/ismaelcolosi.com.br\/index.php\/2024\/08\/19\/enem-dos-concursos-quando-saem-as-notas-e-o-resultado-das-provas-veja-cronograma\/"},"modified":"2024-08-19T08:07:07","modified_gmt":"2024-08-19T11:07:07","slug":"enem-dos-concursos-quando-saem-as-notas-e-o-resultado-das-provas-veja-cronograma","status":"publish","type":"post","link":"https:\/\/ismaelcolosi.com.br\/index.php\/2024\/08\/19\/enem-dos-concursos-quando-saem-as-notas-e-o-resultado-das-provas-veja-cronograma\/","title":{"rendered":"\u2018Enem dos concursos\u2019: Quando saem as notas e o resultado das provas? Veja cronograma"},"content":{"rendered":"<p> <br \/>\n<\/p>\n<div id=\"\">\n<tr>\n<td>20 de agosto de 2024<\/td>\n<td>Divulga\u00e7\u00e3o preliminar dos gabaritos das provas objetivas.<\/td>\n<\/tr>\n<tr>\n<td>20 e 21 de agosto de 2024<\/td>\n<td>\n<div>\n<p>Prazo para interposi\u00e7\u00e3o de eventuais recursos quanto \u00e0s quest\u00f5es formuladas e\/ou aos gabaritos divulgados.<\/p>\n<\/div>\n<\/td>\n<\/tr>\n<tr>\n<td>10 de setembro de 2024<\/td>\n<td>Disponibiliza\u00e7\u00e3o da imagem do cart\u00e3o-resposta.<\/td>\n<\/tr>\n<tr>\n<td>8 de outubro de 2024<\/td>\n<td>\n<div>\n<p>Divulga\u00e7\u00e3o das notas finais das provas objetivas e da nota preliminar da discursiva<\/p>\n<\/div>\n<\/td>\n<\/tr>\n<tr>\n<td>8 e 9 de outubro de 2024<\/td>\n<td>Interposi\u00e7\u00e3o de eventuais pedidos de revis\u00e3o das notas da discursiva<\/td>\n<\/tr>\n<tr>\n<td>8 de outubro de 2024<\/td>\n<td>Convoca\u00e7\u00e3o para o envio de t\u00edtulos (via upload)<\/td>\n<\/tr>\n<tr>\n<td>9 e 10 de outubro de 2024<\/td>\n<td>Envio dos t\u00edtulos<\/td>\n<\/tr>\n<tr>\n<td>17 de outubro de 2024<\/td>\n<td>\n<div>\n<p>Divulga\u00e7\u00e3o do resultado dos pedidos de revis\u00e3o das notas da prova discursiva<\/p>\n<\/div>\n<\/td>\n<\/tr>\n<tr>\n<td>17 de outubro de 2024<\/td>\n<td>\n<div>\n<p>Convoca\u00e7\u00e3o para o procedimento de verifica\u00e7\u00e3o da condi\u00e7\u00e3o declarada para concorrer \u00e0s vagas reservadas aos candidatos negros, da condi\u00e7\u00e3o declarada para concorrer \u00e0s vagas reservadas aos candidatos ind\u00edgenas (exclusivamente para os cargos da Funai)<\/p>\n<\/div>\n<\/td>\n<\/tr>\n<tr>\n<td>17 a 25 de outubro de 2024<\/td>\n<td>\n<div>\n<p>Prazo para per\u00edcia m\u00e9dica (avalia\u00e7\u00e3o biopsicossocial) dos candidatos que se declararem com defici\u00eancia, para verificar se efetivamente se trata de pessoas com defici\u00eancia<\/p>\n<\/div>\n<\/td>\n<\/tr>\n<tr>\n<td>2 e 3 de novembro de 2024<\/td>\n<td>\n<div>\n<p>Procedimento de verifica\u00e7\u00e3o da condi\u00e7\u00e3o declarada para concorrer \u00e0s vagas reservadas aos candidatos negros.<\/p>\n<\/div>\n<\/td>\n<\/tr>\n<tr>\n<td>2 e 3 de novembro de 2024<\/td>\n<td>\n<div>\n<p>Procedimento de confirma\u00e7\u00e3o da condi\u00e7\u00e3o declarada para concorrer \u00e0s vagas reservadas aos candidatos ind\u00edgenas<\/p>\n<\/div>\n<\/td>\n<\/tr>\n<tr>\n<td>4 de novembro de 2024<\/td>\n<td>Resultado preliminar da avalia\u00e7\u00e3o de t\u00edtulos.<\/td>\n<\/tr>\n<tr>\n<td>4 e 5 de novembro de 2024<\/td>\n<td>\n<div>\n<p>Prazo para interposi\u00e7\u00e3o de eventuais recursos quanto ao resultado preliminar da avalia\u00e7\u00e3o de t\u00edtulos.<\/p>\n<\/div>\n<\/td>\n<\/tr>\n<tr>\n<td>13 de novembro de 2024<\/td>\n<td>\n<div>\n<p>Divulga\u00e7\u00e3o dos resultados preliminares da avalia\u00e7\u00e3o da veracidade da autodeclara\u00e7\u00e3o prestada por candidatos concorrentes \u00e0s vagas reservadas para negros e ind\u00edgenas e da avalia\u00e7\u00e3o biopsicossocial dos candidatos que se declararem com defici\u00eancia<\/p>\n<\/div>\n<\/td>\n<\/tr>\n<tr>\n<td>13 e 14 de novembro de 2024<\/td>\n<td>\n<div>\n<p>Prazo para interposi\u00e7\u00e3o de eventuais recursos quanto aos resultados preliminares da avalia\u00e7\u00e3o da veracidade da autodeclara\u00e7\u00e3o prestada por candidatos concorrentes \u00e0s vagas reservadas para negros e ind\u00edgenas e da avalia\u00e7\u00e3o biopsicossocial dos candidatos que se declararem com defici\u00eancia<\/p>\n<\/div>\n<\/td>\n<\/tr>\n<tr>\n<td>19 de novembro de 2024<\/td>\n<td>Divulga\u00e7\u00e3o do resultado dos pedidos de revis\u00e3o das notas dos t\u00edtulos<\/td>\n<\/tr>\n<tr>\n<td>21 de novembro de 2024<\/td>\n<td>Previs\u00e3o de divulga\u00e7\u00e3o dos resultados finais<\/td>\n<\/tr>\n<tr>\n<td\/>\n<td\/><\/tr>\n<\/div>\n<p><script>!function(f,b,e,v,n,t,s){if(f.fbq)return;n=f.fbq=function(){n.callMethod?n.callMethod.apply(n,arguments):n.queue.push(arguments)};if(!f._fbq)f._fbq=n;n.push=n;n.loaded=!0;n.version='2.0';n.queue=[];t=b.createElement(e);t.async=!0;t.src=v;s=b.getElementsByTagName(e)[0];s.parentNode.insertBefore(t,s)}(window,document,'script','<\/script><br \/>\n<br \/><br \/>\n<br \/><a href=\"https:\/\/istoedinheiro.com.br\/enem-dos-concursos-quando-saem-as-notas-e-o-resultado-das-provas-veja-cronograma\/\">Source link <\/a><\/p>\n<div class='code-block code-block-4' style='margin: 8px auto 8px 0; text-align: left; display: block; clear: both;'>\n\ud83d\udce2 Aviso Legal\n\nO site ismaelcolosi.com.br atua apenas como um canal de divulga\u00e7\u00e3o de oportunidades de emprego e n\u00e3o se responsabiliza pelo processo seletivo, contrata\u00e7\u00e3o ou qualquer outra etapa relacionada \u00e0s vagas publicadas. Todas as informa\u00e7\u00f5es s\u00e3o de responsabilidade dos anunciantes.\n\n\u26a0\ufe0f Aten\u00e7\u00e3o! Nunca pague por promessas de emprego nem compre cursos que garantam contrata\u00e7\u00e3o. Desconfie de qualquer cobran\u00e7a para participar de sele\u00e7\u00f5es.\n\n\n\n<\/div>\n<!-- CONTENT END 1 -->\n","protected":false},"excerpt":{"rendered":"<p>20 de agosto de 2024 Divulga\u00e7\u00e3o preliminar dos gabaritos das provas objetivas. 20 e 21 de agosto de 2024 Prazo para interposi\u00e7\u00e3o de eventuais recursos&#8230;<\/p>\n","protected":false},"author":1,"featured_media":60884,"comment_status":"open","ping_status":"open","sticky":false,"template":"","format":"standard","meta":{"_uag_custom_page_level_css":"","advanced_seo_description":"","jetpack_seo_html_title":"","jetpack_seo_noindex":false,"jetpack_post_was_ever_published":false,"_jetpack_newsletter_access":"","_jetpack_dont_email_post_to_subs":false,"_jetpack_newsletter_tier_id":0,"_jetpack_memberships_contains_paywalled_content":false,"_jetpack_memberships_contains_paid_content":false,"footnotes":"","jetpack_publicize_message":"","jetpack_publicize_feature_enabled":true,"jetpack_social_post_already_shared":true,"jetpack_social_options":{"image_generator_settings":{"template":"highway","default_image_id":0,"font":"","enabled":false},"version":2}},"categories":[3598],"tags":[],"class_list":["post-60883","post","type-post","status-publish","format-standard","has-post-thumbnail","hentry","category-empregos-classificados-vagas-trabalho"],"jetpack_publicize_connections":[],"jetpack_featured_media_url":"https:\/\/i0.wp.com\/ismaelcolosi.com.br\/wp-content\/uploads\/2024\/08\/1724065627_prova.jpg?fit=1392%2C817&ssl=1","uagb_featured_image_src":{"full":["https:\/\/i0.wp.com\/ismaelcolosi.com.br\/wp-content\/uploads\/2024\/08\/1724065627_prova.jpg?fit=1392%2C817&ssl=1",1392,817,false],"thumbnail":["https:\/\/i0.wp.com\/ismaelcolosi.com.br\/wp-content\/uploads\/2024\/08\/1724065627_prova.jpg?resize=150%2C150&ssl=1",150,150,true],"medium":["https:\/\/i0.wp.com\/ismaelcolosi.com.br\/wp-content\/uploads\/2024\/08\/1724065627_prova.jpg?fit=300%2C176&ssl=1",300,176,true],"medium_large":["https:\/\/i0.wp.com\/ismaelcolosi.com.br\/wp-content\/uploads\/2024\/08\/1724065627_prova.jpg?fit=768%2C451&ssl=1",768,451,true],"large":["https:\/\/i0.wp.com\/ismaelcolosi.com.br\/wp-content\/uploads\/2024\/08\/1724065627_prova.jpg?fit=1024%2C601&ssl=1",1024,601,true],"1536x1536":["https:\/\/i0.wp.com\/ismaelcolosi.com.br\/wp-content\/uploads\/2024\/08\/1724065627_prova.jpg?fit=1392%2C817&ssl=1",1392,817,true],"2048x2048":["https:\/\/i0.wp.com\/ismaelcolosi.com.br\/wp-content\/uploads\/2024\/08\/1724065627_prova.jpg?fit=1392%2C817&ssl=1",1392,817,true],"really-simple-thumb":["https:\/\/i0.wp.com\/ismaelcolosi.com.br\/wp-content\/uploads\/2024\/08\/1724065627_prova.jpg?resize=370%2C247&ssl=1",370,247,true]},"uagb_author_info":{"display_name":"ismaelcolosi.com.br","author_link":"https:\/\/ismaelcolosi.com.br\/index.php\/author\/vidareal-online\/"},"uagb_comment_info":0,"uagb_excerpt":"20 de agosto de 2024 Divulga\u00e7\u00e3o preliminar dos gabaritos das provas objetivas. 20 e 21 de agosto de 2024 Prazo para interposi\u00e7\u00e3o de eventuais recursos...","jetpack-related-posts":[{"id":61098,"url":"https:\/\/ismaelcolosi.com.br\/index.php\/2024\/08\/20\/enem-dos-concursos-confira-os-gabaritos-oficiais-das-provas-do-cpnu\/","url_meta":{"origin":60883,"position":0},"title":"\u2018Enem dos Concursos\u2019: confira os gabaritos oficiais das provas\u00a0do\u00a0CPNU","author":"ismaelcolosi.com.br","date":"20 de August de 2024","format":false,"excerpt":"Da reda\u00e7\u00e3oi Da reda\u00e7\u00e3o 20\/08\/2024 - 9:33 Nesta ter\u00e7a-feira, 20, foi divulgado o gabarito oficial do CPNU (Concurso P\u00fablico Nacional Unificado), tamb\u00e9m conhecido como \u201cEnem\u00a0dos\u00a0concursos\u201d.\u00a0Para acess\u00e1-lo, os candidatos devem entrar no site do Minist\u00e9rio da Gest\u00e3o e da Inova\u00e7\u00e3o em Servi\u00e7os P\u00fablicos (neste link).Recursos \u00e0s quest\u00f5esCom a divulga\u00e7\u00e3o dos gabaritos,\u2026","rel":"","context":"In &quot;Empregos - Classificados&quot;","block_context":{"text":"Empregos - Classificados","link":"https:\/\/ismaelcolosi.com.br\/index.php\/category\/empregos-classificados-vagas-trabalho\/"},"img":{"alt_text":"","src":"https:\/\/i0.wp.com\/ismaelcolosi.com.br\/wp-content\/uploads\/2024\/08\/1724157904_prova-1.jpg?fit=1200%2C751&ssl=1&resize=350%2C200","width":350,"height":200,"srcset":"https:\/\/i0.wp.com\/ismaelcolosi.com.br\/wp-content\/uploads\/2024\/08\/1724157904_prova-1.jpg?fit=1200%2C751&ssl=1&resize=350%2C200 1x, https:\/\/i0.wp.com\/ismaelcolosi.com.br\/wp-content\/uploads\/2024\/08\/1724157904_prova-1.jpg?fit=1200%2C751&ssl=1&resize=525%2C300 1.5x, https:\/\/i0.wp.com\/ismaelcolosi.com.br\/wp-content\/uploads\/2024\/08\/1724157904_prova-1.jpg?fit=1200%2C751&ssl=1&resize=700%2C400 2x, https:\/\/i0.wp.com\/ismaelcolosi.com.br\/wp-content\/uploads\/2024\/08\/1724157904_prova-1.jpg?fit=1200%2C751&ssl=1&resize=1050%2C600 3x"},"classes":[]},{"id":61346,"url":"https:\/\/ismaelcolosi.com.br\/index.php\/2024\/08\/21\/enem-dos-concursos-ibge-tem-cargo-mais-concorrido-no-processo-seletivo\/","url_meta":{"origin":60883,"position":1},"title":"\u2018Enem dos concursos\u2019: IBGE tem cargo mais concorrido no processo seletivo","author":"ismaelcolosi.com.br","date":"21 de August de 2024","format":false,"excerpt":"O cargo mais concorrido do CPNU (Concurso P\u00fablico Nacional Unificado), ou o chamado \u201cEnem dos Concursos\u201d, foi o de engenheiro civil para analista do IBGE (Instituto Brasileiro de Geografia e Estat\u00edstica), com 28.534 inscritos para uma vaga. A informa\u00e7\u00e3o foi divulgada pelo Minist\u00e9rio da Gest\u00e3o e Inova\u00e7\u00e3o. Por meio do\u2026","rel":"","context":"In &quot;Empregos - Classificados&quot;","block_context":{"text":"Empregos - Classificados","link":"https:\/\/ismaelcolosi.com.br\/index.php\/category\/empregos-classificados-vagas-trabalho\/"},"img":{"alt_text":"","src":"https:\/\/i0.wp.com\/ismaelcolosi.com.br\/wp-content\/uploads\/2024\/08\/cpnu.jpg?fit=1015%2C699&ssl=1&resize=350%2C200","width":350,"height":200,"srcset":"https:\/\/i0.wp.com\/ismaelcolosi.com.br\/wp-content\/uploads\/2024\/08\/cpnu.jpg?fit=1015%2C699&ssl=1&resize=350%2C200 1x, https:\/\/i0.wp.com\/ismaelcolosi.com.br\/wp-content\/uploads\/2024\/08\/cpnu.jpg?fit=1015%2C699&ssl=1&resize=525%2C300 1.5x, https:\/\/i0.wp.com\/ismaelcolosi.com.br\/wp-content\/uploads\/2024\/08\/cpnu.jpg?fit=1015%2C699&ssl=1&resize=700%2C400 2x"},"classes":[]},{"id":65046,"url":"https:\/\/ismaelcolosi.com.br\/index.php\/2024\/09\/10\/enem-dos-concursos-cartoes-de-resposta-ja-estao-disponiveis-veja-calendario\/","url_meta":{"origin":60883,"position":2},"title":"\u2018Enem dos Concursos\u2019: cart\u00f5es de resposta j\u00e1 est\u00e3o dispon\u00edveis; veja calend\u00e1rio","author":"ismaelcolosi.com.br","date":"10 de September de 2024","format":false,"excerpt":"Da reda\u00e7\u00e3oi Da reda\u00e7\u00e3o 10\/09\/2024 - 14:43 As imagens dos cart\u00f5es de resposta do Concurso P\u00fablico Nacional Unificado (CPNU) foram divulgadas na manh\u00e3 desta ter\u00e7a-feira, 10, os quase um milh\u00e3o de candidatos que fizeram as provas. O cart\u00e3o pode ser acessado na \u00e1rea do candidato, mesma p\u00e1gina onde foi realizada\u2026","rel":"","context":"In &quot;Empregos - Classificados&quot;","block_context":{"text":"Empregos - Classificados","link":"https:\/\/ismaelcolosi.com.br\/index.php\/category\/empregos-classificados-vagas-trabalho\/"},"img":{"alt_text":"","src":"https:\/\/i0.wp.com\/ismaelcolosi.com.br\/wp-content\/uploads\/2024\/09\/1725991150_prova-1.jpg?fit=1200%2C751&ssl=1&resize=350%2C200","width":350,"height":200,"srcset":"https:\/\/i0.wp.com\/ismaelcolosi.com.br\/wp-content\/uploads\/2024\/09\/1725991150_prova-1.jpg?fit=1200%2C751&ssl=1&resize=350%2C200 1x, https:\/\/i0.wp.com\/ismaelcolosi.com.br\/wp-content\/uploads\/2024\/09\/1725991150_prova-1.jpg?fit=1200%2C751&ssl=1&resize=525%2C300 1.5x, https:\/\/i0.wp.com\/ismaelcolosi.com.br\/wp-content\/uploads\/2024\/09\/1725991150_prova-1.jpg?fit=1200%2C751&ssl=1&resize=700%2C400 2x, https:\/\/i0.wp.com\/ismaelcolosi.com.br\/wp-content\/uploads\/2024\/09\/1725991150_prova-1.jpg?fit=1200%2C751&ssl=1&resize=1050%2C600 3x"},"classes":[]},{"id":69829,"url":"https:\/\/ismaelcolosi.com.br\/index.php\/2024\/10\/08\/governo-divulga-notas-do-enem-dos-concursos-veja-como-acessar\/","url_meta":{"origin":60883,"position":3},"title":"Governo divulga notas do \u2018Enem dos Concursos\u2019; veja como acessar","author":"ismaelcolosi.com.br","date":"8 de October de 2024","format":false,"excerpt":"Da reda\u00e7\u00e3oi Da reda\u00e7\u00e3o 08\/10\/2024 - 11:30 O Governo Federal divulgou nesta ter\u00e7a-feira, 8, as notas finais das provas objetivas e preliminares das provas discursivas do Concurso P\u00fablico Nacional Unificado (CNPU), conhecido popularmente como \u201cEnem dos Concursos\u201d.Para ter acesso, os participantes devem acessar a \u00e1rea do candidato na mesma p\u00e1gina\u2026","rel":"","context":"In &quot;Empregos - Classificados&quot;","block_context":{"text":"Empregos - Classificados","link":"https:\/\/ismaelcolosi.com.br\/index.php\/category\/empregos-classificados-vagas-trabalho\/"},"img":{"alt_text":"","src":"https:\/\/i0.wp.com\/ismaelcolosi.com.br\/wp-content\/uploads\/2024\/10\/cnu.jpg?fit=900%2C600&ssl=1&resize=350%2C200","width":350,"height":200,"srcset":"https:\/\/i0.wp.com\/ismaelcolosi.com.br\/wp-content\/uploads\/2024\/10\/cnu.jpg?fit=900%2C600&ssl=1&resize=350%2C200 1x, https:\/\/i0.wp.com\/ismaelcolosi.com.br\/wp-content\/uploads\/2024\/10\/cnu.jpg?fit=900%2C600&ssl=1&resize=525%2C300 1.5x, https:\/\/i0.wp.com\/ismaelcolosi.com.br\/wp-content\/uploads\/2024\/10\/cnu.jpg?fit=900%2C600&ssl=1&resize=700%2C400 2x"},"classes":[]},{"id":60096,"url":"https:\/\/ismaelcolosi.com.br\/index.php\/2024\/08\/14\/enem-dos-concursos-confira-a-relacao-candidato-vaga-e-o-cronograma-atualizado\/","url_meta":{"origin":60883,"position":4},"title":"\u2018Enem dos concursos\u2019: confira a rela\u00e7\u00e3o candidato\/vaga e o cronograma atualizado","author":"ismaelcolosi.com.br","date":"14 de August de 2024","format":false,"excerpt":"Da reda\u00e7\u00e3oi Da reda\u00e7\u00e3o 14\/08\/2024 - 10:26 O Concurso P\u00fablico Nacional Unificado (CPNU) divulgou na manh\u00e3 desta quarta-feira, 14, uma atualiza\u00e7\u00e3o no cronograma e dados sobre a quantidade de candidatos por vaga. A mudan\u00e7a no calend\u00e1rio impacta todos os inscritos no maior processo seletivo realizado pela administra\u00e7\u00e3o federal, com 6.640\u2026","rel":"","context":"In &quot;Empregos - Classificados&quot;","block_context":{"text":"Empregos - Classificados","link":"https:\/\/ismaelcolosi.com.br\/index.php\/category\/empregos-classificados-vagas-trabalho\/"},"img":{"alt_text":"","src":"https:\/\/i0.wp.com\/ismaelcolosi.com.br\/wp-content\/uploads\/2024\/08\/prova00.jpg?fit=1200%2C748&ssl=1&resize=350%2C200","width":350,"height":200,"srcset":"https:\/\/i0.wp.com\/ismaelcolosi.com.br\/wp-content\/uploads\/2024\/08\/prova00.jpg?fit=1200%2C748&ssl=1&resize=350%2C200 1x, https:\/\/i0.wp.com\/ismaelcolosi.com.br\/wp-content\/uploads\/2024\/08\/prova00.jpg?fit=1200%2C748&ssl=1&resize=525%2C300 1.5x, https:\/\/i0.wp.com\/ismaelcolosi.com.br\/wp-content\/uploads\/2024\/08\/prova00.jpg?fit=1200%2C748&ssl=1&resize=700%2C400 2x, https:\/\/i0.wp.com\/ismaelcolosi.com.br\/wp-content\/uploads\/2024\/08\/prova00.jpg?fit=1200%2C748&ssl=1&resize=1050%2C600 3x"},"classes":[]},{"id":64742,"url":"https:\/\/ismaelcolosi.com.br\/index.php\/2024\/09\/09\/enem-dos-concursos-veja-como-acessar-cartao-de-resposta-e-proximas-etapas\/","url_meta":{"origin":60883,"position":5},"title":"\u2018Enem dos Concursos\u2019: veja como acessar cart\u00e3o de resposta e pr\u00f3ximas etapas","author":"ismaelcolosi.com.br","date":"9 de September de 2024","format":false,"excerpt":"darlanlvarengai darlanlvarenga - 09\/09\/2024 - 8:21 A partir das 10h desta ter\u00e7a-feira, 10, ser\u00e3o disponibilizadas para os quase um milh\u00e3o de candidatos do Concurso P\u00fablico Nacional Unificado (CPNU) as imagens dos cart\u00f5es de resposta. Os candidatos poder\u00e3o acessar o material na \u00e1rea do candidato, mesma p\u00e1gina onde foi realizada a\u2026","rel":"","context":"In &quot;Empregos - Classificados&quot;","block_context":{"text":"Empregos - Classificados","link":"https:\/\/ismaelcolosi.com.br\/index.php\/category\/empregos-classificados-vagas-trabalho\/"},"img":{"alt_text":"","src":"https:\/\/i0.wp.com\/ismaelcolosi.com.br\/wp-content\/uploads\/2024\/09\/prova-1.jpg?fit=1200%2C751&ssl=1&resize=350%2C200","width":350,"height":200,"srcset":"https:\/\/i0.wp.com\/ismaelcolosi.com.br\/wp-content\/uploads\/2024\/09\/prova-1.jpg?fit=1200%2C751&ssl=1&resize=350%2C200 1x, https:\/\/i0.wp.com\/ismaelcolosi.com.br\/wp-content\/uploads\/2024\/09\/prova-1.jpg?fit=1200%2C751&ssl=1&resize=525%2C300 1.5x, https:\/\/i0.wp.com\/ismaelcolosi.com.br\/wp-content\/uploads\/2024\/09\/prova-1.jpg?fit=1200%2C751&ssl=1&resize=700%2C400 2x, https:\/\/i0.wp.com\/ismaelcolosi.com.br\/wp-content\/uploads\/2024\/09\/prova-1.jpg?fit=1200%2C751&ssl=1&resize=1050%2C600 3x"},"classes":[]}],"jetpack_sharing_enabled":true,"jetpack_shortlink":"https:\/\/wp.me\/pfMlyK-fPZ","_links":{"self":[{"href":"https:\/\/ismaelcolosi.com.br\/index.php\/wp-json\/wp\/v2\/posts\/60883","targetHints":{"allow":["GET"]}}],"collection":[{"href":"https:\/\/ismaelcolosi.com.br\/index.php\/wp-json\/wp\/v2\/posts"}],"about":[{"href":"https:\/\/ismaelcolosi.com.br\/index.php\/wp-json\/wp\/v2\/types\/post"}],"author":[{"embeddable":true,"href":"https:\/\/ismaelcolosi.com.br\/index.php\/wp-json\/wp\/v2\/users\/1"}],"replies":[{"embeddable":true,"href":"https:\/\/ismaelcolosi.com.br\/index.php\/wp-json\/wp\/v2\/comments?post=60883"}],"version-history":[{"count":0,"href":"https:\/\/ismaelcolosi.com.br\/index.php\/wp-json\/wp\/v2\/posts\/60883\/revisions"}],"wp:featuredmedia":[{"embeddable":true,"href":"https:\/\/ismaelcolosi.com.br\/index.php\/wp-json\/wp\/v2\/media\/60884"}],"wp:attachment":[{"href":"https:\/\/ismaelcolosi.com.br\/index.php\/wp-json\/wp\/v2\/media?parent=60883"}],"wp:term":[{"taxonomy":"category","embeddable":true,"href":"https:\/\/ismaelcolosi.com.br\/index.php\/wp-json\/wp\/v2\/categories?post=60883"},{"taxonomy":"post_tag","embeddable":true,"href":"https:\/\/ismaelcolosi.com.br\/index.php\/wp-json\/wp\/v2\/tags?post=60883"}],"curies":[{"name":"wp","href":"https:\/\/api.w.org\/{rel}","templated":true}]}}