{"id":60881,"date":"2024-08-19T08:05:02","date_gmt":"2024-08-19T11:05:02","guid":{"rendered":"https:\/\/ismaelcolosi.com.br\/index.php\/2024\/08\/19\/saiba-como-fica-o-tempo-em-ribeirao-preto-nos-proximos-cinco-dias\/"},"modified":"2024-08-19T08:05:02","modified_gmt":"2024-08-19T11:05:02","slug":"saiba-como-fica-o-tempo-em-ribeirao-preto-nos-proximos-cinco-dias","status":"publish","type":"post","link":"https:\/\/ismaelcolosi.com.br\/index.php\/2024\/08\/19\/saiba-como-fica-o-tempo-em-ribeirao-preto-nos-proximos-cinco-dias\/","title":{"rendered":"Saiba como fica o tempo em Ribeir\u00e3o Preto nos pr\u00f3ximos cinco dias"},"content":{"rendered":"<p> <br \/>\n<\/p>\n<div data-td-block-uid=\"tdi_106\">\n<div class=\"tdb-block-inner td-fix-index\">\n<p><mark style=\"background-color:#fcb900\" class=\"has-inline-color has-black-color\">Os term\u00f4metros em<strong> Ribeir\u00e3o Preto <\/strong>chegam aos 36\u00b0C nesta segunda-feira (19)<\/mark>, de acordo com a<strong><a href=\"https:\/\/www.climatempo.com.br\/previsao-do-tempo\/15-dias\/cidade\/530\/ribeiraopreto-sp\" target=\"_blank\" rel=\"noreferrer noopener nofollow\"> Climatempo<\/a><\/strong>. E as altas temperaturas devem permanecer em Ribeir\u00e3o Preto nos pr\u00f3ximos cinco dias.<\/p>\n<h4 class=\"wp-block-heading\"><strong>Previs\u00e3o do tempo Ribeir\u00e3o Preto<\/strong><\/h4>\n<p><strong>Segunda-feira, 19 de agosto<br \/><\/strong>M\u00e1xima: 36\u00b0C<br \/>M\u00ednima: 15\u00b0C<br \/>Poucas nuvens.<\/p>\n<p><strong>Ter\u00e7a-feira, 20 de agosto<br \/><\/strong>M\u00e1xima: 36\u00b0C<br \/>M\u00ednima: 16\u00b0C<br \/>Sol o dia todo e sem nuvens.<\/p>\n<p><strong>Quarta-feira, 21 de agosto<br \/><\/strong>M\u00e1xima: 36\u00b0C<br \/>M\u00ednima: 16\u00b0C<br \/>Sol o dia todo e sem nuvens.<\/p>\n<p><strong>Quinta-feira, 22 de agosto<br \/><\/strong>M\u00e1xima: 37\u00b0C<br \/>M\u00ednima: 17\u00b0C<br \/>Sol o dia todo e sem nuvens.<\/p>\n<p><strong>Sexta-feira, 23 de agosto<br \/><\/strong>M\u00e1xima: 36\u00b0C<br \/>M\u00ednima: 18\u00b0C<br \/>Dia de Sol com aumento de nuvens a partir da tarde.<\/p>\n<p>Fonte:<strong><a href=\"https:\/\/www.climatempo.com.br\/previsao-do-tempo\/15-dias\/cidade\/530\/ribeiraopreto-sp\" target=\"_blank\" rel=\"noreferrer noopener nofollow\"> Climatempo<\/a><\/strong><\/p>\n<p>SAIBA MAIS<br \/>Em Ribeir\u00e3o Preto, Botafogo empata com o Paysandu pelo Brasileiro da S\u00e9rie B<\/p>\n<h4 class=\"wp-block-heading\"><strong>FIQUE ON<\/strong><\/h4>\n<p>Fique ligado em tudo que acontece em Ribeir\u00e3o Preto e regi\u00e3o. Siga os perfis do <strong>acidade on <\/strong>no<a href=\"https:\/\/www.instagram.com\/acidadeonribeirao\" target=\"_blank\" rel=\"noreferrer noopener nofollow\"> Instagram<\/a> e no <a href=\"https:\/\/www.facebook.com\/acidadeonribeirao\/\" target=\"_blank\" rel=\"noreferrer noopener nofollow\">Facebook<\/a>.<\/p>\n<p>Receba not\u00edcias do <strong>acidade on<\/strong> no WhatsApp.<a href=\"https:\/\/chat.whatsapp.com\/Dtv9mxhy6V5BJBotM2OQ5k\" target=\"_blank\" rel=\"noreferrer noopener nofollow\"> Para entrar no grupo, basta clicar aqui.<\/a><\/p>\n<p>Fa\u00e7a uma den\u00fancia ou sugira uma reportagem sobre Ribeir\u00e3o Preto e regi\u00e3o pelo WhatsApp: 16 99117 7802.<\/p>\n<p>VEJA TAMB\u00c9M<br \/>Quem est\u00e1 na Batalha do \u2018Estrela da Casa\u2019?<\/p>\n<p><!-- CONTENT END 1 -->\n<\/div>\n<\/div>\n<p><script async src=\"\/\/www.instagram.com\/embed.js\"><\/script><br \/>\n<br \/><br \/>\n<br \/><a href=\"https:\/\/www.acidadeon.com\/ribeiraopreto\/cotidiano\/saiba-como-fica-o-tempo-em-ribeirao-preto-nos-proximos-cinco-dias\/\">Source link <\/a><\/p>\n","protected":false},"excerpt":{"rendered":"<p>Os term\u00f4metros em Ribeir\u00e3o Preto chegam aos 36\u00b0C nesta segunda-feira (19), de acordo com a Climatempo. E as altas temperaturas devem permanecer em Ribeir\u00e3o Preto&#8230;<\/p>\n","protected":false},"author":1,"featured_media":60882,"comment_status":"open","ping_status":"open","sticky":false,"template":"","format":"standard","meta":{"_uag_custom_page_level_css":"","advanced_seo_description":"","jetpack_seo_html_title":"","jetpack_seo_noindex":false,"jetpack_post_was_ever_published":false,"_jetpack_newsletter_access":"","_jetpack_dont_email_post_to_subs":false,"_jetpack_newsletter_tier_id":0,"_jetpack_memberships_contains_paywalled_content":false,"_jetpack_memberships_contains_paid_content":false,"footnotes":"","jetpack_publicize_message":"","jetpack_publicize_feature_enabled":true,"jetpack_social_post_already_shared":true,"jetpack_social_options":{"image_generator_settings":{"template":"highway","default_image_id":0,"font":"","enabled":false},"version":2}},"categories":[11],"tags":[],"class_list":["post-60881","post","type-post","status-publish","format-standard","has-post-thumbnail","hentry","category-noticias-de-ribeirao-preto-sp-e-regiao-ismael-colosi"],"jetpack_publicize_connections":[],"jetpack_featured_media_url":"https:\/\/i0.wp.com\/ismaelcolosi.com.br\/wp-content\/uploads\/2024\/08\/calor_fonte_1024x576_24012021151539.jpg?fit=1024%2C576&ssl=1","uagb_featured_image_src":{"full":["https:\/\/i0.wp.com\/ismaelcolosi.com.br\/wp-content\/uploads\/2024\/08\/calor_fonte_1024x576_24012021151539.jpg?fit=1024%2C576&ssl=1",1024,576,false],"thumbnail":["https:\/\/i0.wp.com\/ismaelcolosi.com.br\/wp-content\/uploads\/2024\/08\/calor_fonte_1024x576_24012021151539.jpg?resize=150%2C150&ssl=1",150,150,true],"medium":["https:\/\/i0.wp.com\/ismaelcolosi.com.br\/wp-content\/uploads\/2024\/08\/calor_fonte_1024x576_24012021151539.jpg?fit=300%2C169&ssl=1",300,169,true],"medium_large":["https:\/\/i0.wp.com\/ismaelcolosi.com.br\/wp-content\/uploads\/2024\/08\/calor_fonte_1024x576_24012021151539.jpg?fit=768%2C432&ssl=1",768,432,true],"large":["https:\/\/i0.wp.com\/ismaelcolosi.com.br\/wp-content\/uploads\/2024\/08\/calor_fonte_1024x576_24012021151539.jpg?fit=1024%2C576&ssl=1",1024,576,true],"1536x1536":["https:\/\/i0.wp.com\/ismaelcolosi.com.br\/wp-content\/uploads\/2024\/08\/calor_fonte_1024x576_24012021151539.jpg?fit=1024%2C576&ssl=1",1024,576,true],"2048x2048":["https:\/\/i0.wp.com\/ismaelcolosi.com.br\/wp-content\/uploads\/2024\/08\/calor_fonte_1024x576_24012021151539.jpg?fit=1024%2C576&ssl=1",1024,576,true],"really-simple-thumb":["https:\/\/i0.wp.com\/ismaelcolosi.com.br\/wp-content\/uploads\/2024\/08\/calor_fonte_1024x576_24012021151539.jpg?resize=370%2C247&ssl=1",370,247,true]},"uagb_author_info":{"display_name":"ismaelcolosi.com.br","author_link":"https:\/\/ismaelcolosi.com.br\/index.php\/author\/vidareal-online\/"},"uagb_comment_info":0,"uagb_excerpt":"Os term\u00f4metros em Ribeir\u00e3o Preto chegam aos 36\u00b0C nesta segunda-feira (19), de acordo com a Climatempo. E as altas temperaturas devem permanecer em Ribeir\u00e3o Preto...","jetpack-related-posts":[{"id":58156,"url":"https:\/\/ismaelcolosi.com.br\/index.php\/2024\/07\/28\/vai-esfriar-confira-a-previsao-do-tempo-para-ribeirao-preto-nos-proximos-cinco-dias\/","url_meta":{"origin":60881,"position":0},"title":"Vai esfriar? Confira a previs\u00e3o do tempo para Ribeir\u00e3o Preto nos pr\u00f3ximos cinco dias","author":"ismaelcolosi.com.br","date":"28 de July de 2024","format":false,"excerpt":"Uma frente fria se aproxima do Brasil e pode derrubar as temperaturas em algumas regi\u00f5es do Estado de S\u00e3o Paulo. Em Ribeir\u00e3o Preto, as temperaturas podem ficar mais amenas na pr\u00f3xima ter\u00e7a-feira (30). Veja a previs\u00e3o do tempo: Segunda-feira, 29 de julhoM\u00e1xima: 32\u00b0CM\u00ednima: 17\u00b0CSol com algumas nuvens. N\u00e3o chove. Ter\u00e7a-feira,\u2026","rel":"","context":"In &quot;Not\u00edcias de Ribeir\u00e3o Preto-SP e Regi\u00e3o&quot;","block_context":{"text":"Not\u00edcias de Ribeir\u00e3o Preto-SP e Regi\u00e3o","link":"https:\/\/ismaelcolosi.com.br\/index.php\/category\/noticias-de-ribeirao-preto-sp-e-regiao-ismael-colosi\/"},"img":{"alt_text":"","src":"https:\/\/i0.wp.com\/ismaelcolosi.com.br\/wp-content\/uploads\/2024\/07\/RIBEIRAO-PRETO.jpg?fit=1200%2C708&ssl=1&resize=350%2C200","width":350,"height":200,"srcset":"https:\/\/i0.wp.com\/ismaelcolosi.com.br\/wp-content\/uploads\/2024\/07\/RIBEIRAO-PRETO.jpg?fit=1200%2C708&ssl=1&resize=350%2C200 1x, https:\/\/i0.wp.com\/ismaelcolosi.com.br\/wp-content\/uploads\/2024\/07\/RIBEIRAO-PRETO.jpg?fit=1200%2C708&ssl=1&resize=525%2C300 1.5x, https:\/\/i0.wp.com\/ismaelcolosi.com.br\/wp-content\/uploads\/2024\/07\/RIBEIRAO-PRETO.jpg?fit=1200%2C708&ssl=1&resize=700%2C400 2x, https:\/\/i0.wp.com\/ismaelcolosi.com.br\/wp-content\/uploads\/2024\/07\/RIBEIRAO-PRETO.jpg?fit=1200%2C708&ssl=1&resize=1050%2C600 3x"},"classes":[]},{"id":56675,"url":"https:\/\/ismaelcolosi.com.br\/index.php\/2024\/07\/14\/veja-como-fica-o-tempo-em-ribeirao-preto-nos-proximos-sete-dias\/","url_meta":{"origin":60881,"position":1},"title":"Veja como fica o tempo em Ribeir\u00e3o Preto nos pr\u00f3ximos sete dias","author":"ismaelcolosi.com.br","date":"14 de July de 2024","format":false,"excerpt":"O domingo (14\/07) em Ribeir\u00e3o Preto amanheceu com c\u00e9u azul e sem nuvens. A previs\u00e3o do tempo para o dia \u00e9 de temperatura m\u00e1xima de 29\u00b0C e m\u00ednima de 16\u00b0C. Segundo a Climatempo, n\u00e3o h\u00e1 previs\u00e3o de chuva para a cidade na pr\u00f3xima semana e as temperaturas devem ficar entre\u2026","rel":"","context":"In &quot;Not\u00edcias de Ribeir\u00e3o Preto-SP e Regi\u00e3o&quot;","block_context":{"text":"Not\u00edcias de Ribeir\u00e3o Preto-SP e Regi\u00e3o","link":"https:\/\/ismaelcolosi.com.br\/index.php\/category\/noticias-de-ribeirao-preto-sp-e-regiao-ismael-colosi\/"},"img":{"alt_text":"","src":"https:\/\/i0.wp.com\/ismaelcolosi.com.br\/wp-content\/uploads\/2024\/07\/Copia-de-Copia-de-TAMANHO-EXATO-PARA-FOTOS-NO-SISTEMA-NOVO-12_2024-07-14_12-38-22_jpg_2024-07-14_12-38-22.webp.webp?fit=1200%2C675&ssl=1&resize=350%2C200","width":350,"height":200,"srcset":"https:\/\/i0.wp.com\/ismaelcolosi.com.br\/wp-content\/uploads\/2024\/07\/Copia-de-Copia-de-TAMANHO-EXATO-PARA-FOTOS-NO-SISTEMA-NOVO-12_2024-07-14_12-38-22_jpg_2024-07-14_12-38-22.webp.webp?fit=1200%2C675&ssl=1&resize=350%2C200 1x, https:\/\/i0.wp.com\/ismaelcolosi.com.br\/wp-content\/uploads\/2024\/07\/Copia-de-Copia-de-TAMANHO-EXATO-PARA-FOTOS-NO-SISTEMA-NOVO-12_2024-07-14_12-38-22_jpg_2024-07-14_12-38-22.webp.webp?fit=1200%2C675&ssl=1&resize=525%2C300 1.5x, https:\/\/i0.wp.com\/ismaelcolosi.com.br\/wp-content\/uploads\/2024\/07\/Copia-de-Copia-de-TAMANHO-EXATO-PARA-FOTOS-NO-SISTEMA-NOVO-12_2024-07-14_12-38-22_jpg_2024-07-14_12-38-22.webp.webp?fit=1200%2C675&ssl=1&resize=700%2C400 2x, https:\/\/i0.wp.com\/ismaelcolosi.com.br\/wp-content\/uploads\/2024\/07\/Copia-de-Copia-de-TAMANHO-EXATO-PARA-FOTOS-NO-SISTEMA-NOVO-12_2024-07-14_12-38-22_jpg_2024-07-14_12-38-22.webp.webp?fit=1200%2C675&ssl=1&resize=1050%2C600 3x"},"classes":[]},{"id":48750,"url":"https:\/\/ismaelcolosi.com.br\/index.php\/2024\/05\/06\/onda-de-calor-vai-acabar-veja-se-ha-previsao-de-chuva-nos-proximos-10-dias-no-interior-de-sp\/","url_meta":{"origin":60881,"position":2},"title":"Onda de calor vai acabar? Veja se h\u00e1 previs\u00e3o de chuva nos pr\u00f3ximos 10 dias no interior de SP","author":"ismaelcolosi.com.br","date":"6 de May de 2024","format":false,"excerpt":"O interior de S\u00e3o Paulo est\u00e1 sob uma onda de calor desde o \u00faltimo dia 22 de abril, em que as temperaturas podem ficar 5\u00b0C acima da m\u00e9dia. O per\u00edodo inicial de dura\u00e7\u00e3o deste sistema havia sido previsto at\u00e9 o dia 2 de maio, mas foi estendido at\u00e9 pelo menos\u2026","rel":"","context":"In &quot;Not\u00edcias de Ribeir\u00e3o Preto-SP e Regi\u00e3o&quot;","block_context":{"text":"Not\u00edcias de Ribeir\u00e3o Preto-SP e Regi\u00e3o","link":"https:\/\/ismaelcolosi.com.br\/index.php\/category\/noticias-de-ribeirao-preto-sp-e-regiao-ismael-colosi\/"},"img":{"alt_text":"","src":"https:\/\/i0.wp.com\/ismaelcolosi.com.br\/wp-content\/uploads\/2024\/04\/RIBEIRAO-1_2024-04-25_17-33-23_jpg.webp.webp?fit=1200%2C617&ssl=1&resize=350%2C200","width":350,"height":200,"srcset":"https:\/\/i0.wp.com\/ismaelcolosi.com.br\/wp-content\/uploads\/2024\/04\/RIBEIRAO-1_2024-04-25_17-33-23_jpg.webp.webp?fit=1200%2C617&ssl=1&resize=350%2C200 1x, https:\/\/i0.wp.com\/ismaelcolosi.com.br\/wp-content\/uploads\/2024\/04\/RIBEIRAO-1_2024-04-25_17-33-23_jpg.webp.webp?fit=1200%2C617&ssl=1&resize=525%2C300 1.5x, https:\/\/i0.wp.com\/ismaelcolosi.com.br\/wp-content\/uploads\/2024\/04\/RIBEIRAO-1_2024-04-25_17-33-23_jpg.webp.webp?fit=1200%2C617&ssl=1&resize=700%2C400 2x, https:\/\/i0.wp.com\/ismaelcolosi.com.br\/wp-content\/uploads\/2024\/04\/RIBEIRAO-1_2024-04-25_17-33-23_jpg.webp.webp?fit=1200%2C617&ssl=1&resize=1050%2C600 3x"},"classes":[]},{"id":68433,"url":"https:\/\/ismaelcolosi.com.br\/index.php\/2024\/09\/30\/temperaturas-podem-chegar-aos-40c-em-ribeirao-preto-veja-a-previsao-nos-proximos-dias\/","url_meta":{"origin":60881,"position":3},"title":"Temperaturas podem chegar aos 40\u00b0C em Ribeir\u00e3o Preto; Veja a previs\u00e3o nos pr\u00f3ximos dias","author":"ismaelcolosi.com.br","date":"30 de September de 2024","format":false,"excerpt":"Ribeir\u00e3o Preto deve ter mais uma semana quente, com a temperatura chegando aos 40\u00b0C nos pr\u00f3ximos dias, segundo a Climatempo. A cidade enfrenta a oitava onda de calor do ano, que deve durar, pelo menos, at\u00e9 o dia 4 de outubro. A onda de calor \u00e9 motivada pelo ar quente\u2026","rel":"","context":"In &quot;Not\u00edcias de Ribeir\u00e3o Preto-SP e Regi\u00e3o&quot;","block_context":{"text":"Not\u00edcias de Ribeir\u00e3o Preto-SP e Regi\u00e3o","link":"https:\/\/ismaelcolosi.com.br\/index.php\/category\/noticias-de-ribeirao-preto-sp-e-regiao-ismael-colosi\/"},"img":{"alt_text":"","src":"https:\/\/i0.wp.com\/ismaelcolosi.com.br\/wp-content\/uploads\/2024\/09\/ribeirao-preto_2024-09-30_10-41-38_jpeg_2024-09-30_10-41-38.webp.webp?fit=1200%2C903&ssl=1&resize=350%2C200","width":350,"height":200,"srcset":"https:\/\/i0.wp.com\/ismaelcolosi.com.br\/wp-content\/uploads\/2024\/09\/ribeirao-preto_2024-09-30_10-41-38_jpeg_2024-09-30_10-41-38.webp.webp?fit=1200%2C903&ssl=1&resize=350%2C200 1x, https:\/\/i0.wp.com\/ismaelcolosi.com.br\/wp-content\/uploads\/2024\/09\/ribeirao-preto_2024-09-30_10-41-38_jpeg_2024-09-30_10-41-38.webp.webp?fit=1200%2C903&ssl=1&resize=525%2C300 1.5x, https:\/\/i0.wp.com\/ismaelcolosi.com.br\/wp-content\/uploads\/2024\/09\/ribeirao-preto_2024-09-30_10-41-38_jpeg_2024-09-30_10-41-38.webp.webp?fit=1200%2C903&ssl=1&resize=700%2C400 2x, https:\/\/i0.wp.com\/ismaelcolosi.com.br\/wp-content\/uploads\/2024\/09\/ribeirao-preto_2024-09-30_10-41-38_jpeg_2024-09-30_10-41-38.webp.webp?fit=1200%2C903&ssl=1&resize=1050%2C600 3x"},"classes":[]},{"id":61640,"url":"https:\/\/ismaelcolosi.com.br\/index.php\/2024\/08\/22\/vai-chover-no-interior-de-sp-confira-a-previsao-para-os-proximos-dias\/","url_meta":{"origin":60881,"position":4},"title":"Vai chover no interior de SP? Confira a previs\u00e3o para os pr\u00f3ximos dias","author":"ismaelcolosi.com.br","date":"22 de August de 2024","format":false,"excerpt":"O tempo seco e as altas temperaturas devem dar uma tr\u00e9gua para o ribeir\u00e3o-pretano neste final de semana, de acordo com a previs\u00e3o da Climatempo. Conforme o servi\u00e7o de meteorologia, uma forte frente fria j\u00e1 come\u00e7ou a influenciar o norte da Argentina e o Rio Grande do Sul e nos\u2026","rel":"","context":"In &quot;Not\u00edcias de Ribeir\u00e3o Preto-SP e Regi\u00e3o&quot;","block_context":{"text":"Not\u00edcias de Ribeir\u00e3o Preto-SP e Regi\u00e3o","link":"https:\/\/ismaelcolosi.com.br\/index.php\/category\/noticias-de-ribeirao-preto-sp-e-regiao-ismael-colosi\/"},"img":{"alt_text":"","src":"https:\/\/i0.wp.com\/ismaelcolosi.com.br\/wp-content\/uploads\/2024\/08\/WhatsApp-Image-2023-12-23-at-18.39.14.jpeg?fit=1200%2C844&ssl=1&resize=350%2C200","width":350,"height":200,"srcset":"https:\/\/i0.wp.com\/ismaelcolosi.com.br\/wp-content\/uploads\/2024\/08\/WhatsApp-Image-2023-12-23-at-18.39.14.jpeg?fit=1200%2C844&ssl=1&resize=350%2C200 1x, https:\/\/i0.wp.com\/ismaelcolosi.com.br\/wp-content\/uploads\/2024\/08\/WhatsApp-Image-2023-12-23-at-18.39.14.jpeg?fit=1200%2C844&ssl=1&resize=525%2C300 1.5x, https:\/\/i0.wp.com\/ismaelcolosi.com.br\/wp-content\/uploads\/2024\/08\/WhatsApp-Image-2023-12-23-at-18.39.14.jpeg?fit=1200%2C844&ssl=1&resize=700%2C400 2x, https:\/\/i0.wp.com\/ismaelcolosi.com.br\/wp-content\/uploads\/2024\/08\/WhatsApp-Image-2023-12-23-at-18.39.14.jpeg?fit=1200%2C844&ssl=1&resize=1050%2C600 3x"},"classes":[]},{"id":59088,"url":"https:\/\/ismaelcolosi.com.br\/index.php\/2024\/08\/06\/vai-chover-confira-a-previsao-do-tempo-para-os-proximos-cinco-dias-em-ribeirao-preto\/","url_meta":{"origin":60881,"position":5},"title":"Vai chover? Confira a previs\u00e3o do tempo para os pr\u00f3ximos cinco dias em Ribeir\u00e3o Preto","author":"ismaelcolosi.com.br","date":"6 de August de 2024","format":false,"excerpt":"At\u00e9 sexta-feira (9), o calor deve continuar em Ribeir\u00e3o Preto, assim como o clima seco. Contudo, a partir do final de semana as temperaturas devem cair e existe a possibilidade de chuva para Ribeir\u00e3o Preto, de acordo com a Climatempo. Veja a previs\u00e3o Ter\u00e7a-feira, 6\u00a0 de agostoM\u00e1xima: 33\u00b0CM\u00ednima: 17\u00b0CSol com\u2026","rel":"","context":"In &quot;Not\u00edcias de Ribeir\u00e3o Preto-SP e Regi\u00e3o&quot;","block_context":{"text":"Not\u00edcias de Ribeir\u00e3o Preto-SP e Regi\u00e3o","link":"https:\/\/ismaelcolosi.com.br\/index.php\/category\/noticias-de-ribeirao-preto-sp-e-regiao-ismael-colosi\/"},"img":{"alt_text":"","src":"https:\/\/i0.wp.com\/ismaelcolosi.com.br\/wp-content\/uploads\/2024\/03\/AnyConv.com__tempo-ribeirao-preto-2.webp.webp?fit=1200%2C675&ssl=1&resize=350%2C200","width":350,"height":200,"srcset":"https:\/\/i0.wp.com\/ismaelcolosi.com.br\/wp-content\/uploads\/2024\/03\/AnyConv.com__tempo-ribeirao-preto-2.webp.webp?fit=1200%2C675&ssl=1&resize=350%2C200 1x, https:\/\/i0.wp.com\/ismaelcolosi.com.br\/wp-content\/uploads\/2024\/03\/AnyConv.com__tempo-ribeirao-preto-2.webp.webp?fit=1200%2C675&ssl=1&resize=525%2C300 1.5x, https:\/\/i0.wp.com\/ismaelcolosi.com.br\/wp-content\/uploads\/2024\/03\/AnyConv.com__tempo-ribeirao-preto-2.webp.webp?fit=1200%2C675&ssl=1&resize=700%2C400 2x, https:\/\/i0.wp.com\/ismaelcolosi.com.br\/wp-content\/uploads\/2024\/03\/AnyConv.com__tempo-ribeirao-preto-2.webp.webp?fit=1200%2C675&ssl=1&resize=1050%2C600 3x"},"classes":[]}],"jetpack_sharing_enabled":true,"jetpack_shortlink":"https:\/\/wp.me\/pfMlyK-fPX","_links":{"self":[{"href":"https:\/\/ismaelcolosi.com.br\/index.php\/wp-json\/wp\/v2\/posts\/60881","targetHints":{"allow":["GET"]}}],"collection":[{"href":"https:\/\/ismaelcolosi.com.br\/index.php\/wp-json\/wp\/v2\/posts"}],"about":[{"href":"https:\/\/ismaelcolosi.com.br\/index.php\/wp-json\/wp\/v2\/types\/post"}],"author":[{"embeddable":true,"href":"https:\/\/ismaelcolosi.com.br\/index.php\/wp-json\/wp\/v2\/users\/1"}],"replies":[{"embeddable":true,"href":"https:\/\/ismaelcolosi.com.br\/index.php\/wp-json\/wp\/v2\/comments?post=60881"}],"version-history":[{"count":0,"href":"https:\/\/ismaelcolosi.com.br\/index.php\/wp-json\/wp\/v2\/posts\/60881\/revisions"}],"wp:featuredmedia":[{"embeddable":true,"href":"https:\/\/ismaelcolosi.com.br\/index.php\/wp-json\/wp\/v2\/media\/60882"}],"wp:attachment":[{"href":"https:\/\/ismaelcolosi.com.br\/index.php\/wp-json\/wp\/v2\/media?parent=60881"}],"wp:term":[{"taxonomy":"category","embeddable":true,"href":"https:\/\/ismaelcolosi.com.br\/index.php\/wp-json\/wp\/v2\/categories?post=60881"},{"taxonomy":"post_tag","embeddable":true,"href":"https:\/\/ismaelcolosi.com.br\/index.php\/wp-json\/wp\/v2\/tags?post=60881"}],"curies":[{"name":"wp","href":"https:\/\/api.w.org\/{rel}","templated":true}]}}