{"id":60869,"date":"2024-08-19T06:33:35","date_gmt":"2024-08-19T09:33:35","guid":{"rendered":"https:\/\/ismaelcolosi.com.br\/index.php\/2024\/08\/19\/6-ferramentas-para-controlar-o-estresse\/"},"modified":"2024-08-19T06:33:35","modified_gmt":"2024-08-19T09:33:35","slug":"6-ferramentas-para-controlar-o-estresse","status":"publish","type":"post","link":"https:\/\/ismaelcolosi.com.br\/index.php\/2024\/08\/19\/6-ferramentas-para-controlar-o-estresse\/","title":{"rendered":"6 ferramentas para controlar o estresse"},"content":{"rendered":"<p> <br \/>\n<\/p>\n<div>\n<p>\u00a0<\/p>\n<div class=\"accessibility\">\n<p>Acessibilidade<\/p>\n<p>\n<button onclick=\"alterFont1()\" id=\"btn1\" class=\"btn\">L<\/button><br \/>\n<button onclick=\"alterFont2()\" id=\"btn2\" class=\"btn\" style=\"font-family: Merriweather\">L<\/button><br \/>\n<button onclick=\"alterFontSmallerSize()\" id=\"btn3\" class=\"btn\">A-<\/button><br \/>\n<button onclick=\"alterFontBiggerSize()\" id=\"btn4\" class=\"btn\">A+<\/button><\/p>\n<p><button onclick=\"alterBackground()\" id=\"btn6\" class=\"btn\">\u25d0<\/button><\/p>\n<\/div>\n<p>\u00a0<\/p>\n<p>No Brasil, <strong>30%<\/strong> dos profissionais sofrem com o burnout, segundo a ANAMT (Associa\u00e7\u00e3o Nacional de Medicina do Trabalho). Sobrecarregadas pelo estresse no trabalho, incapacidade de se concentrar e falta de sono, as pessoas enfrentam problemas de sa\u00fade mental em propor\u00e7\u00f5es epid\u00eamicas.<\/p>\n<p>Parte dessa tens\u00e3o vem de fatores externos que n\u00e3o podemos controlar, como quest\u00f5es sociais e econ\u00f4micas, preocupa\u00e7\u00f5es com recess\u00e3o, mudan\u00e7as clim\u00e1ticas ou a incerteza do futuro pol\u00edtico do pa\u00eds. Mas muitos de n\u00f3s tamb\u00e9m contribu\u00edmos para o nosso estresse no trabalho sem nem perceber. Tiramos conclus\u00f5es e inventamos hist\u00f3rias sem evid\u00eancias, o que prejudica desnecessariamente nossa sa\u00fade mental e a rela\u00e7\u00e3o com as pessoas.<\/p>\n<h2>Leia tamb\u00e9m<\/h2>\n<div id=\"attachment_628694\" class=\"wp-caption alignnone style=\" max-width:=\"\"><img data-recalc-dims=\"1\" loading=\"lazy\" decoding=\"async\" class=\"alignnone wp-image-628694 size-medium\" src=\"https:\/\/i0.wp.com\/forbes.com.br\/wp-content\/uploads\/2024\/08\/carreira-saude-mental-768x512.jpg?resize=678%2C452&#038;ssl=1\" http:=\"\" alt=\"Sa\u00fade mental no trabalho\" width=\"678\" height=\"452\" data-lazy-src=\"https:\/\/forbes.com.br\/wp-content\/uploads\/2024\/08\/carreira-saude-mental-768x512.jpg\"\/><img data-recalc-dims=\"1\" loading=\"lazy\" decoding=\"async\" class=\"alignnone wp-image-628694 size-medium\" src=\"https:\/\/i0.wp.com\/forbes.com.br\/wp-content\/uploads\/2024\/08\/carreira-saude-mental-768x512.jpg?resize=678%2C452&#038;ssl=1\" alt=\"Sa\u00fade mental no trabalho\" width=\"678\" height=\"452\"\/><\/p>\n<p>Getty Images<\/p>\n<p class=\"wp-caption-text\">Simples estrat\u00e9gias podem fortalecer sua resili\u00eancia emocional e profissional e ajudar a manter sua sa\u00fade mental<\/p>\n<\/div>\n<p>N\u00e3o podemos controlar a maioria dos problemas nacionais e globais, mas \u00e9 poss\u00edvel aplicar algumas ferramentas para manter a calma e o equil\u00edbrio quando o estresse nos sobrecarrega. Confira algumas das estrat\u00e9gias que podem ajudar a manter a sa\u00fade mental no trabalho:<\/p>\n<h2>Regra dos 90 segundos<\/h2>\n<p>Da pr\u00f3xima vez que se sentir estressado ou ansioso, olhe para o ponteiro dos segundos de um rel\u00f3gio. Assim que voc\u00ea olhar, estar\u00e1 observando a si mesmo tendo uma rea\u00e7\u00e3o fisiol\u00f3gica em vez de se envolver nela. Leva menos de 90 segundos para se sentir melhor.<\/p>\n<p>Toda vez que voc\u00ea pensa em algu\u00e9m que te prejudicou h\u00e1 20 anos, isso tamb\u00e9m pode acionar esse circuito. A regra dos 90 segundos \u00e9 usada para educar o p\u00fablico sobre como funciona o circuito da raiva. Quando as coisas est\u00e3o esquentando e voc\u00ea est\u00e1 ficando irritado, olhe para o seu rel\u00f3gio. Voc\u00ea notar\u00e1 que leva 90 segundos para se sentir melhor.<\/p>\n<h2>Ferramenta 10-10-10<\/h2>\n<p>Essa ferramenta ajuda voc\u00ea a evitar rea\u00e7\u00f5es impulsivas e a considerar as consequ\u00eancias de longo prazo das situa\u00e7\u00f5es estressantes em vez de focar apenas no curto prazo. Considere que o estresse \u00e9 apenas tempor\u00e1rio, ent\u00e3o antes de perder a calma, pergunte-se: Como voc\u00ea se sentir\u00e1 sobre sua rea\u00e7\u00e3o em 10 minutos, 10 meses e 10 anos?<\/p>\n<p>As rea\u00e7\u00f5es de estresse muitas vezes dominam no curto prazo de 10 minutos porque seu c\u00e9rebro emocional sobrecarrega seu c\u00e9rebro racional, o que te tira do ar. Quando voc\u00ea considera 10 meses e 10 anos, come\u00e7a a ter mais acesso ao seu \u201cc\u00e9rebro pensante\u201d, que lhe d\u00e1 uma vis\u00e3o mais clara de que o estresse \u00e9 tempor\u00e1rio e vai passar.<\/p>\n<h2>Regra 3-3-3<\/h2>\n<p><strong>Um:<\/strong> Ou\u00e7a por um minuto. Preste aten\u00e7\u00e3o a tr\u00eas sons que voc\u00ea escuta ao seu redor. Com os olhos fechados, voc\u00ea pode ouvir ru\u00eddos ambientes, como um trov\u00e3o, o som do tr\u00e2nsito ou vozes distantes, ou o som imediato de um ar-condicionado ou do seu pr\u00f3prio est\u00f4mago.<\/p>\n<p><strong>Dois:<\/strong> Observe por um minuto. Nomeie tr\u00eas objetos que voc\u00ea pode ver ao seu redor. Tire um tempo para notar suas formas, cores e quaisquer outros detalhes.<\/p>\n<p><strong>Tr\u00eas:<\/strong> Toque por um minuto. Note tr\u00eas objetos que voc\u00ea pode tocar e perceba como cada um deles entra em contato com a sua pele. Voc\u00ea pode passar a m\u00e3o sobre a cadeira na sua esta\u00e7\u00e3o de trabalho, em objetos na sua mesa ou na tela que est\u00e1 olhando. Observe se a textura de cada objeto \u00e9 lisa ou \u00e1spera, quente ou fria, pesada ou leve.<\/p>\n<h2>Triple-A (Tr\u00eas As)<\/h2>\n<p>O primeiro passo nessa regra \u00e9 a <strong>consci\u00eancia<\/strong> (awareness, em ingl\u00eas) de que voc\u00ea est\u00e1 em um estado de preocupa\u00e7\u00e3o, raiva ou frustra\u00e7\u00e3o.<\/p>\n<p>O segundo passo \u00e9 <strong>permitir<\/strong> (allow) o sentimento desagrad\u00e1vel, em vez de afast\u00e1-lo, ignor\u00e1-lo ou atropel\u00e1-lo. Voc\u00ea pode tentar mant\u00ea-lo \u00e0 dist\u00e2ncia e observ\u00e1-lo imparcialmente como uma parte separada de voc\u00ea. Pense nisso como voc\u00ea pensaria ao observar uma mancha na sua m\u00e3o e ficar curioso sobre de onde ela veio.<\/p>\n<p>O terceiro passo \u00e9 <strong>reconhecer<\/strong> (acknowledge) o sentimento. Esse simples reconhecimento relaxa sua rea\u00e7\u00e3o em situa\u00e7\u00f5es sobre as quais voc\u00ea n\u00e3o tem controle.<\/p>\n<p>A ferramenta dos Tr\u00eas As permite que voc\u00ea enfrente a dificuldade com mais clareza e facilidade. Uma vez que voc\u00ea desenvolve a habilidade de se separar do sentimento, percebe que n\u00e3o precisa reagir toda vez que se sentir provocado.<\/p>\n<h2>Respira\u00e7\u00e3o em caixa<\/h2>\n<p>Esta pr\u00e1tica pode te acalmar rapidamente quando voc\u00ea \u00e9 repentinamente atingido por uma situa\u00e7\u00e3o ansiosa ou estressante. Ela ativa sua resposta de descanso e digest\u00e3o (ou sistema nervoso parassimp\u00e1tico) e atenua sua resposta de luta ou fuga (ou sistema nervoso simp\u00e1tico).<\/p>\n<p>\u00c9 dif\u00edcil manter o estresse e relaxar ao mesmo tempo. Voc\u00ea n\u00e3o pode estar t\u00e3o estressado quando respira profundamente, porque o oxig\u00eanio extra que voc\u00ea recebe em sua corrente sangu\u00ednea desacelera tudo, diminuindo seu estresse.<\/p>\n<p>Para colocar a t\u00e9cnica em pr\u00e1tica, respire profundamente pelo nariz contando at\u00e9 quatro. Depois, segure a respira\u00e7\u00e3o, mantendo os pulm\u00f5es cheios, por quatro segundos. Expire lentamente por quatro segundos. Por fim, mantenha os pulm\u00f5es vazios por quatro segundos. Repita o exerc\u00edcio mais tr\u00eas vezes, totalizando quatro respira\u00e7\u00f5es.<\/p>\n<h2>Propor\u00e7\u00e3o tr\u00eas-para-um<\/h2>\n<p>O c\u00e9rebro \u00e9 programado para se concentrar em amea\u00e7as, manter o foco no problema e te prender em um limbo de negatividade, o que pode afastar poss\u00edveis solu\u00e7\u00f5es. Portanto, s\u00e3o necess\u00e1rios tr\u00eas pensamentos positivos para compensar um pensamento negativo. Quando a negatividade \u00e9 deixada por conta pr\u00f3pria, voc\u00ea fica mais propenso a armazenar uma mem\u00f3ria estressante do que uma positiva ap\u00f3s apenas um epis\u00f3dio.<\/p>\n<p>Pesquisas mostram que para cada experi\u00eancia negativa e estressante que voc\u00ea vive, \u00e9 necess\u00e1rio experimentar pelo menos tr\u00eas experi\u00eancias positivas. Cada vez que voc\u00ea tiver um pensamento negativo causado pelo estresse no trabalho, afaste-se, pense no todo e nomeie tr\u00eas experi\u00eancias positivas.<\/p>\n<p>Reafirme seus talentos e capacidades que compensam o que falta. Lembre-se dos sucessos da sua carreira e por que voc\u00ea est\u00e1 neste trabalho em primeiro lugar. Conhecida pelos cientistas como o efeito de amplia\u00e7\u00e3o e constru\u00e7\u00e3o, essa estrat\u00e9gia expande sua vis\u00e3o de mundo para que voc\u00ea possa assimilar mais possibilidades e solu\u00e7\u00f5es do que problemas.<\/p>\n<ul>\n<li>\n<h4>Siga a <a href=\"https:\/\/whatsapp.com\/channel\/0029Va9gQKwBFLgM96cJnu0u&gt;\" target=\"_blank\" rel=\"noopener\">Forbes<\/a> no WhatsApp e receba as principais not\u00edcias sobre neg\u00f3cios, carreira, tecnologia e estilo de vida<\/h4>\n<\/li>\n<\/ul>\n<p><em>*Bryan Robinson \u00e9 colaborador da Forbes. Ele \u00e9 autor de 40 livros de n\u00e3o-fic\u00e7\u00e3o traduzidos para 15 idiomas. Tamb\u00e9m \u00e9 professor em\u00e9rito da Universidade da Carolina do Norte, onde conduziu os primeiros estudos sobre filhos de workaholics e os efeitos do trabalho no casamento.\u00a0<\/em><\/p>\n<h2>Escolhas do editor<\/h2>\n<\/div>\n<p><script type=\"rocketlazyloadscript\">\n\t\t\t\t(function(d, s, id){\n\t\t\t\t\tvar js, fjs = d.getElementsByTagName(s)[0];\n\t\t\t\t\tif (d.getElementById(id)) return;\n\t\t\t\t\tjs = d.createElement(s); js.id = id;\n\t\t\t\t\tjs.src = \"\/\/connect.facebook.net\/pt_BR\/sdk.js#xfbml=1&version=v2.9\";\n\t\t\t\t\tfjs.parentNode.insertBefore(js, fjs);\n\t\t\t\t}(document, 'script', 'facebook-jssdk'));\n\t\t\t<\/script><br \/>\n<br \/><br \/>\n<br \/><a href=\"https:\/\/forbes.com.br\/carreira\/2024\/08\/6-ferramentas-secretas-para-controlar-estresse-trabalho\/\">Source link <\/a><\/p>\n<div class='code-block code-block-4' style='margin: 8px auto 8px 0; text-align: left; display: block; clear: both;'>\n\ud83d\udce2 Aviso Legal\n\nO site ismaelcolosi.com.br atua apenas como um canal de divulga\u00e7\u00e3o de oportunidades de emprego e n\u00e3o se responsabiliza pelo processo seletivo, contrata\u00e7\u00e3o ou qualquer outra etapa relacionada \u00e0s vagas publicadas. Todas as informa\u00e7\u00f5es s\u00e3o de responsabilidade dos anunciantes.\n\n\u26a0\ufe0f Aten\u00e7\u00e3o! Nunca pague por promessas de emprego nem compre cursos que garantam contrata\u00e7\u00e3o. Desconfie de qualquer cobran\u00e7a para participar de sele\u00e7\u00f5es.\n\n\n\n<\/div>\n<!-- CONTENT END 1 -->\n","protected":false},"excerpt":{"rendered":"<p>\u00a0 Acessibilidade L L A- A+ \u25d0 \u00a0 No Brasil, 30% dos profissionais sofrem com o burnout, segundo a ANAMT (Associa\u00e7\u00e3o Nacional de Medicina do&#8230;<\/p>\n","protected":false},"author":1,"featured_media":60870,"comment_status":"open","ping_status":"open","sticky":false,"template":"","format":"standard","meta":{"_uag_custom_page_level_css":"","advanced_seo_description":"","jetpack_seo_html_title":"","jetpack_seo_noindex":false,"jetpack_post_was_ever_published":false,"_jetpack_newsletter_access":"","_jetpack_dont_email_post_to_subs":false,"_jetpack_newsletter_tier_id":0,"_jetpack_memberships_contains_paywalled_content":false,"_jetpack_memberships_contains_paid_content":false,"footnotes":"","jetpack_publicize_message":"","jetpack_publicize_feature_enabled":true,"jetpack_social_post_already_shared":true,"jetpack_social_options":{"image_generator_settings":{"template":"highway","default_image_id":0,"font":"","enabled":false},"version":2}},"categories":[1964],"tags":[],"class_list":["post-60869","post","type-post","status-publish","format-standard","has-post-thumbnail","hentry","category-carreira-e-sucesso-dicas-para-carreira"],"jetpack_publicize_connections":[],"jetpack_featured_media_url":"https:\/\/i0.wp.com\/ismaelcolosi.com.br\/wp-content\/uploads\/2024\/08\/carreira-saude-mental-1024x683.jpg?fit=1024%2C683&ssl=1","uagb_featured_image_src":{"full":["https:\/\/i0.wp.com\/ismaelcolosi.com.br\/wp-content\/uploads\/2024\/08\/carreira-saude-mental-1024x683.jpg?fit=1024%2C683&ssl=1",1024,683,false],"thumbnail":["https:\/\/i0.wp.com\/ismaelcolosi.com.br\/wp-content\/uploads\/2024\/08\/carreira-saude-mental-1024x683.jpg?resize=150%2C150&ssl=1",150,150,true],"medium":["https:\/\/i0.wp.com\/ismaelcolosi.com.br\/wp-content\/uploads\/2024\/08\/carreira-saude-mental-1024x683.jpg?fit=300%2C200&ssl=1",300,200,true],"medium_large":["https:\/\/i0.wp.com\/ismaelcolosi.com.br\/wp-content\/uploads\/2024\/08\/carreira-saude-mental-1024x683.jpg?fit=768%2C512&ssl=1",768,512,true],"large":["https:\/\/i0.wp.com\/ismaelcolosi.com.br\/wp-content\/uploads\/2024\/08\/carreira-saude-mental-1024x683.jpg?fit=1024%2C683&ssl=1",1024,683,true],"1536x1536":["https:\/\/i0.wp.com\/ismaelcolosi.com.br\/wp-content\/uploads\/2024\/08\/carreira-saude-mental-1024x683.jpg?fit=1024%2C683&ssl=1",1024,683,true],"2048x2048":["https:\/\/i0.wp.com\/ismaelcolosi.com.br\/wp-content\/uploads\/2024\/08\/carreira-saude-mental-1024x683.jpg?fit=1024%2C683&ssl=1",1024,683,true],"really-simple-thumb":["https:\/\/i0.wp.com\/ismaelcolosi.com.br\/wp-content\/uploads\/2024\/08\/carreira-saude-mental-1024x683.jpg?resize=370%2C247&ssl=1",370,247,true]},"uagb_author_info":{"display_name":"ismaelcolosi.com.br","author_link":"https:\/\/ismaelcolosi.com.br\/index.php\/author\/vidareal-online\/"},"uagb_comment_info":0,"uagb_excerpt":"\u00a0 Acessibilidade L L A- A+ \u25d0 \u00a0 No Brasil, 30% dos profissionais sofrem com o burnout, segundo a ANAMT (Associa\u00e7\u00e3o Nacional de Medicina do...","jetpack-related-posts":[{"id":86151,"url":"https:\/\/ismaelcolosi.com.br\/index.php\/2025\/06\/15\/por-que-aprender-a-gerenciar-o-estresse-desde-cedo-e-fundamental-para-sua-carreira\/","url_meta":{"origin":60869,"position":0},"title":"Por Que Aprender a Gerenciar o Estresse Desde Cedo \u00c9 Fundamental Para Sua Carreira","author":"ismaelcolosi.com.br","date":"15 de June de 2025","format":false,"excerpt":"\r Getty Images\r Controlar o estresse desde o in\u00edcio da carreira \u00e9 um investimento que traz benef\u00edcios duradouros para o crescimento profissional\r Acessibilidade \r L\r L\r A-\r A+\r \r \u25d0\r \r \u00a0 O estresse \u00e9 uma parte inevit\u00e1vel da vida profissional de qualquer pessoa, mas a forma como lidamos com\u2026","rel":"","context":"In &quot;Carreira e Sucesso&quot;","block_context":{"text":"Carreira e Sucesso","link":"https:\/\/ismaelcolosi.com.br\/index.php\/category\/carreira-e-sucesso-dicas-para-carreira\/"},"img":{"alt_text":"","src":"https:\/\/i0.wp.com\/ismaelcolosi.com.br\/wp-content\/uploads\/2025\/06\/forbes-estresse-carreira-1200x675.jpg?fit=1200%2C675&ssl=1&resize=350%2C200","width":350,"height":200,"srcset":"https:\/\/i0.wp.com\/ismaelcolosi.com.br\/wp-content\/uploads\/2025\/06\/forbes-estresse-carreira-1200x675.jpg?fit=1200%2C675&ssl=1&resize=350%2C200 1x, https:\/\/i0.wp.com\/ismaelcolosi.com.br\/wp-content\/uploads\/2025\/06\/forbes-estresse-carreira-1200x675.jpg?fit=1200%2C675&ssl=1&resize=525%2C300 1.5x, https:\/\/i0.wp.com\/ismaelcolosi.com.br\/wp-content\/uploads\/2025\/06\/forbes-estresse-carreira-1200x675.jpg?fit=1200%2C675&ssl=1&resize=700%2C400 2x, https:\/\/i0.wp.com\/ismaelcolosi.com.br\/wp-content\/uploads\/2025\/06\/forbes-estresse-carreira-1200x675.jpg?fit=1200%2C675&ssl=1&resize=1050%2C600 3x"},"classes":[]},{"id":89559,"url":"https:\/\/ismaelcolosi.com.br\/index.php\/2026\/03\/22\/estresse-cronico-no-trabalho-prejudica-o-cerebro-veja-como-protege-lo\/","url_meta":{"origin":60869,"position":1},"title":"Estresse Cr\u00f4nico no Trabalho Prejudica o C\u00e9rebro. Veja Como Proteg\u00ea-lo","author":"ismaelcolosi.com.br","date":"22 de March de 2026","format":false,"excerpt":"Um mito bastante difundido diz que o c\u00e9rebro \u00e9 como um computador que envelhece, tornando-se inevitavelmente mais lento e se deteriorando com o tempo. A neuroci\u00eancia moderna conta uma hist\u00f3ria diferente. O c\u00e9rebro \u00e9 um \u00f3rg\u00e3o vivo e adapt\u00e1vel que cresce \u2014 ou encolhe \u2014 a partir dos h\u00e1bitos e\u2026","rel":"","context":"In &quot;Carreira e Sucesso&quot;","block_context":{"text":"Carreira e Sucesso","link":"https:\/\/ismaelcolosi.com.br\/index.php\/category\/carreira-e-sucesso-dicas-para-carreira\/"},"img":{"alt_text":"","src":"https:\/\/i0.wp.com\/ismaelcolosi.com.br\/wp-content\/uploads\/2026\/03\/saude_cerebro_2026_22.03.2026-1200x675.jpg?fit=1200%2C675&ssl=1&resize=350%2C200","width":350,"height":200,"srcset":"https:\/\/i0.wp.com\/ismaelcolosi.com.br\/wp-content\/uploads\/2026\/03\/saude_cerebro_2026_22.03.2026-1200x675.jpg?fit=1200%2C675&ssl=1&resize=350%2C200 1x, https:\/\/i0.wp.com\/ismaelcolosi.com.br\/wp-content\/uploads\/2026\/03\/saude_cerebro_2026_22.03.2026-1200x675.jpg?fit=1200%2C675&ssl=1&resize=525%2C300 1.5x, https:\/\/i0.wp.com\/ismaelcolosi.com.br\/wp-content\/uploads\/2026\/03\/saude_cerebro_2026_22.03.2026-1200x675.jpg?fit=1200%2C675&ssl=1&resize=700%2C400 2x, https:\/\/i0.wp.com\/ismaelcolosi.com.br\/wp-content\/uploads\/2026\/03\/saude_cerebro_2026_22.03.2026-1200x675.jpg?fit=1200%2C675&ssl=1&resize=1050%2C600 3x"},"classes":[]},{"id":78009,"url":"https:\/\/ismaelcolosi.com.br\/index.php\/2024\/12\/01\/16-maneiras-de-aliviar-o-estresse-em-dias-dificeis-no-trabalho\/","url_meta":{"origin":60869,"position":2},"title":"16 Maneiras de Aliviar o Estresse em Dias Dif\u00edceis no Trabalho","author":"ismaelcolosi.com.br","date":"1 de December de 2024","format":false,"excerpt":"\r Getty Images\r Mudar os ares e passar alguns minutos ao ar livre reduz o estresse e melhora o foco, segundo a ci\u00eancia\r Todos os dias, mesmo com as melhores inten\u00e7\u00f5es e comprometimento em dar o nosso melhor, eventos inesperados podem afetar nosso humor, energia e bem-estar no trabalho. Acessibilidade\u2026","rel":"","context":"In &quot;Carreira e Sucesso&quot;","block_context":{"text":"Carreira e Sucesso","link":"https:\/\/ismaelcolosi.com.br\/index.php\/category\/carreira-e-sucesso-dicas-para-carreira\/"},"img":{"alt_text":"","src":"https:\/\/i0.wp.com\/ismaelcolosi.com.br\/wp-content\/uploads\/2024\/12\/carreira-trabalho-respiracao-1200x675.jpg?fit=1200%2C675&ssl=1&resize=350%2C200","width":350,"height":200,"srcset":"https:\/\/i0.wp.com\/ismaelcolosi.com.br\/wp-content\/uploads\/2024\/12\/carreira-trabalho-respiracao-1200x675.jpg?fit=1200%2C675&ssl=1&resize=350%2C200 1x, https:\/\/i0.wp.com\/ismaelcolosi.com.br\/wp-content\/uploads\/2024\/12\/carreira-trabalho-respiracao-1200x675.jpg?fit=1200%2C675&ssl=1&resize=525%2C300 1.5x, https:\/\/i0.wp.com\/ismaelcolosi.com.br\/wp-content\/uploads\/2024\/12\/carreira-trabalho-respiracao-1200x675.jpg?fit=1200%2C675&ssl=1&resize=700%2C400 2x, https:\/\/i0.wp.com\/ismaelcolosi.com.br\/wp-content\/uploads\/2024\/12\/carreira-trabalho-respiracao-1200x675.jpg?fit=1200%2C675&ssl=1&resize=1050%2C600 3x"},"classes":[]},{"id":85572,"url":"https:\/\/ismaelcolosi.com.br\/index.php\/2025\/05\/22\/remuneracao-e-a-principal-causa-de-estresse-no-trabalho-aponta-pesquisa\/","url_meta":{"origin":60869,"position":3},"title":"Remunera\u00e7\u00e3o \u00e9 a principal causa de estresse no trabalho, aponta pesquisa","author":"ismaelcolosi.com.br","date":"22 de May de 2025","format":false,"excerpt":"Quase 60% dos profissionais apontaram a remunera\u00e7\u00e3o n\u00e3o condizente com as exig\u00eancias do cargo \u00e9 a principal causa de estresse no trabalho em uma pesquisa feita pela consultoria de RH Michael Page. + Engenharia lidera lista de profiss\u00f5es com maiores sal\u00e1rios iniciais; veja ranking Para 58,7% dos participantes da pesquisa,\u2026","rel":"","context":"In &quot;Empregos - Classificados&quot;","block_context":{"text":"Empregos - Classificados","link":"https:\/\/ismaelcolosi.com.br\/index.php\/category\/empregos-classificados-vagas-trabalho\/"},"img":{"alt_text":"","src":"","width":0,"height":0},"classes":[]},{"id":76703,"url":"https:\/\/ismaelcolosi.com.br\/index.php\/2024\/11\/16\/4-passos-para-diminuir-o-estresse-no-trabalho-antes-de-2025\/","url_meta":{"origin":60869,"position":4},"title":"4 Passos para Diminuir o Estresse no Trabalho Antes de 2025","author":"ismaelcolosi.com.br","date":"16 de November de 2024","format":false,"excerpt":"\u00a0 Acessibilidade \r L\r L\r A-\r A+\r \r \u25d0\r \r \u00a0 Novas tecnologias, a r\u00e1pida transforma\u00e7\u00e3o digital e a sobrecarga de demandas profissionais e pessoais est\u00e3o contribuindo para o cansa\u00e7o tecnol\u00f3gico e a sobrecarga cognitiva. O desafio de equilibrar trabalho remoto e presencial e as turbul\u00eancias econ\u00f4micas e pol\u00edticas aumentam\u2026","rel":"","context":"In &quot;Carreira e Sucesso&quot;","block_context":{"text":"Carreira e Sucesso","link":"https:\/\/ismaelcolosi.com.br\/index.php\/category\/carreira-e-sucesso-dicas-para-carreira\/"},"img":{"alt_text":"","src":"https:\/\/i0.wp.com\/ismaelcolosi.com.br\/wp-content\/uploads\/2024\/11\/carreira-estresse-trabalho-1-1200x675.jpg?fit=1200%2C675&ssl=1&resize=350%2C200","width":350,"height":200,"srcset":"https:\/\/i0.wp.com\/ismaelcolosi.com.br\/wp-content\/uploads\/2024\/11\/carreira-estresse-trabalho-1-1200x675.jpg?fit=1200%2C675&ssl=1&resize=350%2C200 1x, https:\/\/i0.wp.com\/ismaelcolosi.com.br\/wp-content\/uploads\/2024\/11\/carreira-estresse-trabalho-1-1200x675.jpg?fit=1200%2C675&ssl=1&resize=525%2C300 1.5x, https:\/\/i0.wp.com\/ismaelcolosi.com.br\/wp-content\/uploads\/2024\/11\/carreira-estresse-trabalho-1-1200x675.jpg?fit=1200%2C675&ssl=1&resize=700%2C400 2x, https:\/\/i0.wp.com\/ismaelcolosi.com.br\/wp-content\/uploads\/2024\/11\/carreira-estresse-trabalho-1-1200x675.jpg?fit=1200%2C675&ssl=1&resize=1050%2C600 3x"},"classes":[]},{"id":76276,"url":"https:\/\/ismaelcolosi.com.br\/index.php\/2024\/11\/12\/equilibrio-entre-vida-e-trabalho-e-a-maior-mentira-do-seculo\/","url_meta":{"origin":60869,"position":5},"title":"Equil\u00edbrio entre Vida e Trabalho \u00e9 a Maior Mentira do S\u00e9culo","author":"ismaelcolosi.com.br","date":"12 de November de 2024","format":false,"excerpt":"O equil\u00edbrio entre trabalho e vida n\u00e3o \u00e9 o mesmo que harmonia. H\u00e1 tempos Jeff Bezos defende este conceito provocador conhecido como Work-life Harmony. Pense bem: equilibrar-se em uma corda bamba entre a vida pessoal e profissional \u00e9 como andar sobre o fio da tens\u00e3o. Tudo o que \u00e9 necess\u00e1rio\u2026","rel":"","context":"In &quot;Carreira e Sucesso&quot;","block_context":{"text":"Carreira e Sucesso","link":"https:\/\/ismaelcolosi.com.br\/index.php\/category\/carreira-e-sucesso-dicas-para-carreira\/"},"img":{"alt_text":"","src":"https:\/\/i0.wp.com\/ismaelcolosi.com.br\/wp-content\/uploads\/2024\/11\/equilibrio-1200x675.png?fit=1200%2C675&ssl=1&resize=350%2C200","width":350,"height":200,"srcset":"https:\/\/i0.wp.com\/ismaelcolosi.com.br\/wp-content\/uploads\/2024\/11\/equilibrio-1200x675.png?fit=1200%2C675&ssl=1&resize=350%2C200 1x, https:\/\/i0.wp.com\/ismaelcolosi.com.br\/wp-content\/uploads\/2024\/11\/equilibrio-1200x675.png?fit=1200%2C675&ssl=1&resize=525%2C300 1.5x, https:\/\/i0.wp.com\/ismaelcolosi.com.br\/wp-content\/uploads\/2024\/11\/equilibrio-1200x675.png?fit=1200%2C675&ssl=1&resize=700%2C400 2x, https:\/\/i0.wp.com\/ismaelcolosi.com.br\/wp-content\/uploads\/2024\/11\/equilibrio-1200x675.png?fit=1200%2C675&ssl=1&resize=1050%2C600 3x"},"classes":[]}],"jetpack_sharing_enabled":true,"jetpack_shortlink":"https:\/\/wp.me\/pfMlyK-fPL","_links":{"self":[{"href":"https:\/\/ismaelcolosi.com.br\/index.php\/wp-json\/wp\/v2\/posts\/60869","targetHints":{"allow":["GET"]}}],"collection":[{"href":"https:\/\/ismaelcolosi.com.br\/index.php\/wp-json\/wp\/v2\/posts"}],"about":[{"href":"https:\/\/ismaelcolosi.com.br\/index.php\/wp-json\/wp\/v2\/types\/post"}],"author":[{"embeddable":true,"href":"https:\/\/ismaelcolosi.com.br\/index.php\/wp-json\/wp\/v2\/users\/1"}],"replies":[{"embeddable":true,"href":"https:\/\/ismaelcolosi.com.br\/index.php\/wp-json\/wp\/v2\/comments?post=60869"}],"version-history":[{"count":0,"href":"https:\/\/ismaelcolosi.com.br\/index.php\/wp-json\/wp\/v2\/posts\/60869\/revisions"}],"wp:featuredmedia":[{"embeddable":true,"href":"https:\/\/ismaelcolosi.com.br\/index.php\/wp-json\/wp\/v2\/media\/60870"}],"wp:attachment":[{"href":"https:\/\/ismaelcolosi.com.br\/index.php\/wp-json\/wp\/v2\/media?parent=60869"}],"wp:term":[{"taxonomy":"category","embeddable":true,"href":"https:\/\/ismaelcolosi.com.br\/index.php\/wp-json\/wp\/v2\/categories?post=60869"},{"taxonomy":"post_tag","embeddable":true,"href":"https:\/\/ismaelcolosi.com.br\/index.php\/wp-json\/wp\/v2\/tags?post=60869"}],"curies":[{"name":"wp","href":"https:\/\/api.w.org\/{rel}","templated":true}]}}