{"id":60843,"date":"2024-08-18T22:31:19","date_gmt":"2024-08-19T01:31:19","guid":{"rendered":"https:\/\/ismaelcolosi.com.br\/index.php\/2024\/08\/18\/abstencao-nas-provas-do-enem-dos-concursos-foi-de-mais-de-50-diz-ministra\/"},"modified":"2024-08-18T22:31:19","modified_gmt":"2024-08-19T01:31:19","slug":"abstencao-nas-provas-do-enem-dos-concursos-foi-de-mais-de-50-diz-ministra","status":"publish","type":"post","link":"https:\/\/ismaelcolosi.com.br\/index.php\/2024\/08\/18\/abstencao-nas-provas-do-enem-dos-concursos-foi-de-mais-de-50-diz-ministra\/","title":{"rendered":"Absten\u00e7\u00e3o nas provas do \u2018Enem dos Concursos\u2019 foi de mais de 50%, diz ministra"},"content":{"rendered":"<p> <br \/>\n<\/p>\n<div id=\"\">\n<div class=\"content-infos\">\n<div class=\"texts\">\n<p class=\"author tooltip-comp\"> Estad\u00e3o Conte\u00fado<span class=\"icon-i\">i<\/span><span class=\"tooltiptext\"> <span class=\"author\"><span>Estad\u00e3o Conte\u00fado<\/span> <\/span><span class=\"desc\"\/> <\/span><\/p>\n<p>18\/08\/2024 &#8211; 21:50<\/p>\n<\/div>\n<div id=\"share-modal\" class=\"share-modal\"> <button class=\"box-close btn-share\"> <img decoding=\"async\" src=\"https:\/\/istoedinheiro.com.br\/wp-content\/themes\/dinheiro-wp-theme\/assets\/img\/svg\/closeIcon.svg?x46096\" alt=\"Close icon\" class=\"close-btn lazy\"\/> <\/button><\/div>\n<\/p><\/div>\n<p>A absten\u00e7\u00e3o nas provas do CNU (Concurso Nacional Unificado), o \u201cEnem dos Concursos\u201d, realizadas neste domingo, 18, foi de 52% a 53%. O concurso teve 2,1 milh\u00f5es de inscritos, e cerca de 1 milh\u00e3o fizeram a prova. Os dados foram divulgados por Esther Dweck, ministra da Gest\u00e3o e da Inova\u00e7\u00e3o em Servi\u00e7os P\u00fablicos.<\/p>\n<p>Segundo ela, os dados definitivos v\u00e3o ser divulgados na segunda-feira, 19. O concurso oferece 6.640 vagas permanentes em 21 \u00f3rg\u00e3os do governo federal.<\/p>\n<p>Embora a participa\u00e7\u00e3o preliminar represente uma taxa de absten\u00e7\u00e3o de cerca de 52% a 53%, em coletiva de imprensa, Esther celebrou o resultado e afirmou que a aus\u00eancia est\u00e1 dentro do que era esperado pela pasta.<\/p>\n<p style=\"text-align: center\"><strong><span style=\"color: #993300\">\u201cEst\u00e1 dentro da nossa expectativa comparando a outros concursos p\u00fablicos deste tamanho\u201d, destacou. \u201cFoi uma surpresa positiva dada a envergadura deste concurso. Tem que lembrar que estamos falando de pessoas que provavelmente nunca tinham feito um concurso federal\u201d, disse a ministra.<\/span><\/strong><\/p>\n<p>A menor absten\u00e7\u00e3o foi registrada no Distrito Federal, enquanto a maior, no Cear\u00e1, mas ela n\u00e3o revelou os percentuais exatos.<\/p>\n<p>Em rela\u00e7\u00e3o aos blocos, o de n\u00famero 8, de n\u00edvel m\u00e9dio e t\u00e9cnico, cujo n\u00famero de inscri\u00e7\u00f5es era o maior de todos os blocos (694 mil), foi o com maior n\u00famero de faltas. Na outra ponta, o bloco 3, Ambiental, Agr\u00e1rio e Biol\u00f3gicas, teve maior participa\u00e7\u00e3o, segundo a pasta.<\/p>\n<p>Dividido em oito blocos de conte\u00fado, o CNU foi realizado neste domingo em dois turnos. Pela manh\u00e3, os candidatos realizaram as provas de conhecimentos gerais e discursiva \u2013 para n\u00edvel superior \u2013 e portugu\u00eas e reda\u00e7\u00e3o, para n\u00edvel m\u00e9dio.<\/p>\n<p>\u00c0 tarde, os candidatos de n\u00edvel intermedi\u00e1rio fizeram provas de no\u00e7\u00f5es de direito, matem\u00e1tica e realidade, e os demais, provas de conhecimentos espec\u00edficos.<\/p>\n<p>O concurso foi aplicado em 228 cidades. Esther tamb\u00e9m celebrou a participa\u00e7\u00e3o do p\u00fablico, afirmando que a prova registrou inscri\u00e7\u00f5es de praticamente todos munic\u00edpios brasileiros \u2013 apenas 10 cidades n\u00e3o registraram inscri\u00e7\u00e3o, segundo a ministra.<\/p>\n<p>De acordo com a pasta, n\u00e3o houve intercorr\u00eancias graves registradas pelo governo federal. Alguns locais de prova sofreram com falta de luz, mas sem que atrapalhasse a realiza\u00e7\u00e3o do concurso, de acordo com Esther.<\/p>\n<div id=\"share-modal\" class=\"share-modal\"> <button class=\"box-close btn-share\"> <img decoding=\"async\" src=\"https:\/\/istoedinheiro.com.br\/wp-content\/themes\/dinheiro-wp-theme\/assets\/img\/svg\/closeIcon.svg?x46096\" alt=\"Close icon\" class=\"close-btn lazy\"\/> <\/button><\/div>\n<\/p><\/div>\n<p><script>!function(f,b,e,v,n,t,s){if(f.fbq)return;n=f.fbq=function(){n.callMethod?n.callMethod.apply(n,arguments):n.queue.push(arguments)};if(!f._fbq)f._fbq=n;n.push=n;n.loaded=!0;n.version='2.0';n.queue=[];t=b.createElement(e);t.async=!0;t.src=v;s=b.getElementsByTagName(e)[0];s.parentNode.insertBefore(t,s)}(window,document,'script','<\/script><br \/>\n<br \/><br \/>\n<br \/><a href=\"https:\/\/istoedinheiro.com.br\/abstencao-nas-provas-do-enem-dos-concursos-foi-de-mais-de-50-diz-ministra-da-gestao\/\">Source link <\/a><\/p>\n<div class='code-block code-block-4' style='margin: 8px auto 8px 0; text-align: left; display: block; clear: both;'>\n\ud83d\udce2 Aviso Legal\n\nO site ismaelcolosi.com.br atua apenas como um canal de divulga\u00e7\u00e3o de oportunidades de emprego e n\u00e3o se responsabiliza pelo processo seletivo, contrata\u00e7\u00e3o ou qualquer outra etapa relacionada \u00e0s vagas publicadas. Todas as informa\u00e7\u00f5es s\u00e3o de responsabilidade dos anunciantes.\n\n\u26a0\ufe0f Aten\u00e7\u00e3o! Nunca pague por promessas de emprego nem compre cursos que garantam contrata\u00e7\u00e3o. Desconfie de qualquer cobran\u00e7a para participar de sele\u00e7\u00f5es.\n\n\n\n<\/div>\n<!-- CONTENT END 1 -->\n","protected":false},"excerpt":{"rendered":"<p>Estad\u00e3o Conte\u00fadoi Estad\u00e3o Conte\u00fado 18\/08\/2024 &#8211; 21:50 A absten\u00e7\u00e3o nas provas do CNU (Concurso Nacional Unificado), o \u201cEnem dos Concursos\u201d, realizadas neste domingo, 18, foi&#8230;<\/p>\n","protected":false},"author":1,"featured_media":60844,"comment_status":"open","ping_status":"open","sticky":false,"template":"","format":"standard","meta":{"_uag_custom_page_level_css":"","advanced_seo_description":"","jetpack_seo_html_title":"","jetpack_seo_noindex":false,"jetpack_post_was_ever_published":false,"_jetpack_newsletter_access":"","_jetpack_dont_email_post_to_subs":false,"_jetpack_newsletter_tier_id":0,"_jetpack_memberships_contains_paywalled_content":false,"_jetpack_memberships_contains_paid_content":false,"footnotes":"","jetpack_publicize_message":"","jetpack_publicize_feature_enabled":true,"jetpack_social_post_already_shared":true,"jetpack_social_options":{"image_generator_settings":{"template":"highway","default_image_id":0,"font":"","enabled":false},"version":2}},"categories":[3598],"tags":[],"class_list":["post-60843","post","type-post","status-publish","format-standard","has-post-thumbnail","hentry","category-empregos-classificados-vagas-trabalho"],"jetpack_publicize_connections":[],"jetpack_featured_media_url":"https:\/\/ismaelcolosi.com.br\/wp-content\/uploads\/2024\/08\/default.svg.svg+xml","uagb_featured_image_src":{"full":["https:\/\/ismaelcolosi.com.br\/wp-content\/uploads\/2024\/08\/default.svg.svg+xml",0,0,false],"thumbnail":["https:\/\/ismaelcolosi.com.br\/wp-content\/uploads\/2024\/08\/default.svg.svg+xml",1,1,false],"medium":["https:\/\/ismaelcolosi.com.br\/wp-content\/uploads\/2024\/08\/default.svg.svg+xml",1,1,false],"medium_large":["https:\/\/ismaelcolosi.com.br\/wp-content\/uploads\/2024\/08\/default.svg.svg+xml",1,1,false],"large":["https:\/\/ismaelcolosi.com.br\/wp-content\/uploads\/2024\/08\/default.svg.svg+xml",1,1,false],"1536x1536":["https:\/\/ismaelcolosi.com.br\/wp-content\/uploads\/2024\/08\/default.svg.svg+xml",1,1,false],"2048x2048":["https:\/\/ismaelcolosi.com.br\/wp-content\/uploads\/2024\/08\/default.svg.svg+xml",1,1,false],"really-simple-thumb":["https:\/\/ismaelcolosi.com.br\/wp-content\/uploads\/2024\/08\/default.svg.svg+xml",1,1,false]},"uagb_author_info":{"display_name":"ismaelcolosi.com.br","author_link":"https:\/\/ismaelcolosi.com.br\/index.php\/author\/vidareal-online\/"},"uagb_comment_info":0,"uagb_excerpt":"Estad\u00e3o Conte\u00fadoi Estad\u00e3o Conte\u00fado 18\/08\/2024 &#8211; 21:50 A absten\u00e7\u00e3o nas provas do CNU (Concurso Nacional Unificado), o \u201cEnem dos Concursos\u201d, realizadas neste domingo, 18, foi...","jetpack-related-posts":[{"id":27011,"url":"https:\/\/ismaelcolosi.com.br\/index.php\/2024\/01\/11\/enem-dos-concursos-ocorrera-a-cada-dois-anos-diz-ministra\/","url_meta":{"origin":60843,"position":0},"title":"\u2018Enem dos concursos\u2019 ocorrer\u00e1 a cada dois anos, diz ministra","author":"ismaelcolosi.com.br","date":"11 de January de 2024","format":false,"excerpt":"Da reda\u00e7\u00e3oi Da reda\u00e7\u00e3o 11\/01\/2024 - 10:51 A ministra da Gest\u00e3o, Esther Dweck, afirmou que o concurso p\u00fablico unificado, conhecido como \u2018Enem dos concursos\u2019, deve ser realizado a cada dois anos. Neste ano, a primeira edi\u00e7\u00e3o, que teve o edital publicado na quarta-feira, 10, oferecer\u00e1\u00a0 6,6 mil vagas. A expectativa\u2026","rel":"","context":"In &quot;Vagas de Emprego em Ribeir\u00e3o Preto-SP&quot;","block_context":{"text":"Vagas de Emprego em Ribeir\u00e3o Preto-SP","link":"https:\/\/ismaelcolosi.com.br\/index.php\/category\/empregos-classificados-vagas-trabalho\/vagas-de-empregos-em-ribeirao-preto-regiao-brasil\/"},"img":{"alt_text":"","src":"https:\/\/i0.wp.com\/ismaelcolosi.com.br\/wp-content\/uploads\/2024\/01\/1704981211_concurso-publico.jpg?fit=883%2C510&ssl=1&resize=350%2C200","width":350,"height":200,"srcset":"https:\/\/i0.wp.com\/ismaelcolosi.com.br\/wp-content\/uploads\/2024\/01\/1704981211_concurso-publico.jpg?fit=883%2C510&ssl=1&resize=350%2C200 1x, https:\/\/i0.wp.com\/ismaelcolosi.com.br\/wp-content\/uploads\/2024\/01\/1704981211_concurso-publico.jpg?fit=883%2C510&ssl=1&resize=525%2C300 1.5x, https:\/\/i0.wp.com\/ismaelcolosi.com.br\/wp-content\/uploads\/2024\/01\/1704981211_concurso-publico.jpg?fit=883%2C510&ssl=1&resize=700%2C400 2x"},"classes":[]},{"id":47383,"url":"https:\/\/ismaelcolosi.com.br\/index.php\/2024\/04\/25\/vai-fazer-o-enem-dos-concursos-locais-das-provas-foram-divulgados-hoje\/","url_meta":{"origin":60843,"position":1},"title":"Vai fazer o \u2018Enem dos concursos\u2019? Locais das provas foram divulgados hoje","author":"ismaelcolosi.com.br","date":"25 de April de 2024","format":false,"excerpt":"O Minist\u00e9rio da Gest\u00e3o e da Inova\u00e7\u00e3o em Servi\u00e7os P\u00fablicos divulgou nesta quinta-feira (25), \u00e0s 10h, o Cart\u00e3o de Confirma\u00e7\u00e3o de Inscri\u00e7\u00e3o do Concurso P\u00fablico Nacional Unificado, o \u201cEnem dos concursos\u201d. No cart\u00e3o, o candidato pode conferir o local de prova, n\u00famero de inscri\u00e7\u00e3o, data e hora das provas. O\u2026","rel":"","context":"In &quot;Not\u00edcias de Ribeir\u00e3o Preto-SP e Regi\u00e3o&quot;","block_context":{"text":"Not\u00edcias de Ribeir\u00e3o Preto-SP e Regi\u00e3o","link":"https:\/\/ismaelcolosi.com.br\/index.php\/category\/noticias-de-ribeirao-preto-sp-e-regiao-ismael-colosi\/"},"img":{"alt_text":"","src":"https:\/\/i0.wp.com\/ismaelcolosi.com.br\/wp-content\/uploads\/2024\/03\/AnyConv.com__concurso-publico-2.webp.webp?fit=1200%2C800&ssl=1&resize=350%2C200","width":350,"height":200,"srcset":"https:\/\/i0.wp.com\/ismaelcolosi.com.br\/wp-content\/uploads\/2024\/03\/AnyConv.com__concurso-publico-2.webp.webp?fit=1200%2C800&ssl=1&resize=350%2C200 1x, https:\/\/i0.wp.com\/ismaelcolosi.com.br\/wp-content\/uploads\/2024\/03\/AnyConv.com__concurso-publico-2.webp.webp?fit=1200%2C800&ssl=1&resize=525%2C300 1.5x, https:\/\/i0.wp.com\/ismaelcolosi.com.br\/wp-content\/uploads\/2024\/03\/AnyConv.com__concurso-publico-2.webp.webp?fit=1200%2C800&ssl=1&resize=700%2C400 2x, https:\/\/i0.wp.com\/ismaelcolosi.com.br\/wp-content\/uploads\/2024\/03\/AnyConv.com__concurso-publico-2.webp.webp?fit=1200%2C800&ssl=1&resize=1050%2C600 3x"},"classes":[]},{"id":85547,"url":"https:\/\/ismaelcolosi.com.br\/index.php\/2025\/05\/21\/enem-dos-concursos-cpnu-2025-tera-3-352-vagas-em-35-orgaos-2\/","url_meta":{"origin":60843,"position":2},"title":"\u2018Enem dos Concursos\u2019: CPNU 2025 ter\u00e1 3.352 vagas em\u00a035\u00a0\u00f3rg\u00e3os","author":"ismaelcolosi.com.br","date":"21 de May de 2025","format":false,"excerpt":"A ministra da Gest\u00e3o e Inova\u00e7\u00e3o em Servi\u00e7os P\u00fablicos, Esther Dweck, anunciou, nesta segunda-feira, 28, detalhes da 2\u2060\u00aa edi\u00e7\u00e3o do Concurso P\u00fablico Nacional Unificado (CPNU). Ser\u00e3o 3.352 vagas para 9 blocos tem\u00e1ticos e 35 \u00f3rg\u00e3os representados no \u2018Enem dos Concursos\u2019 Segundo a ministra, ser\u00e3o 2.180 imediatas e 1.172 vagas para\u2026","rel":"","context":"In &quot;Empregos - Classificados&quot;","block_context":{"text":"Empregos - Classificados","link":"https:\/\/ismaelcolosi.com.br\/index.php\/category\/empregos-classificados-vagas-trabalho\/"},"img":{"alt_text":"","src":"","width":0,"height":0},"classes":[]},{"id":48557,"url":"https:\/\/ismaelcolosi.com.br\/index.php\/2024\/05\/03\/custo-do-adiamento-e-inferior-ao-do-concurso-mas-nao-e-tao-baixo-diz-ministra\/","url_meta":{"origin":60843,"position":3},"title":"Custo do adiamento \u00e9 inferior ao do concurso, \u2018mas n\u00e3o \u00e9 t\u00e3o baixo\u2019, diz ministra","author":"ismaelcolosi.com.br","date":"3 de May de 2024","format":false,"excerpt":"Estad\u00e3o Conte\u00fadoi Estad\u00e3o Conte\u00fado 03\/05\/2024 - 16:09 A ministra da Gest\u00e3o, Esther Dweck, disse nesta sexta-feira, 3, que ainda n\u00e3o h\u00e1 um custo exato que o adiamento do Concurso P\u00fablico Nacional Unificado (CPNU) ter\u00e1, mas que n\u00e3o ser\u00e1 um valor baixo. Segundo a ministra, o gasto vai variar, principalmente, a\u2026","rel":"","context":"In &quot;Empregos - Classificados&quot;","block_context":{"text":"Empregos - Classificados","link":"https:\/\/ismaelcolosi.com.br\/index.php\/category\/empregos-classificados-vagas-trabalho\/"},"img":{"alt_text":"","src":"https:\/\/i0.wp.com\/ismaelcolosi.com.br\/wp-content\/uploads\/2024\/05\/53547940824-2a524a7efe-k.jpg?fit=1200%2C798&ssl=1&resize=350%2C200","width":350,"height":200,"srcset":"https:\/\/i0.wp.com\/ismaelcolosi.com.br\/wp-content\/uploads\/2024\/05\/53547940824-2a524a7efe-k.jpg?fit=1200%2C798&ssl=1&resize=350%2C200 1x, https:\/\/i0.wp.com\/ismaelcolosi.com.br\/wp-content\/uploads\/2024\/05\/53547940824-2a524a7efe-k.jpg?fit=1200%2C798&ssl=1&resize=525%2C300 1.5x, https:\/\/i0.wp.com\/ismaelcolosi.com.br\/wp-content\/uploads\/2024\/05\/53547940824-2a524a7efe-k.jpg?fit=1200%2C798&ssl=1&resize=700%2C400 2x, https:\/\/i0.wp.com\/ismaelcolosi.com.br\/wp-content\/uploads\/2024\/05\/53547940824-2a524a7efe-k.jpg?fit=1200%2C798&ssl=1&resize=1050%2C600 3x"},"classes":[]},{"id":85525,"url":"https:\/\/ismaelcolosi.com.br\/index.php\/2025\/05\/21\/inss-adere-ao-cpnu-2025-e-numero-de-vagas-do-concurso-sobe-para-3-652\/","url_meta":{"origin":60843,"position":4},"title":"INSS adere ao CPNU 2025 e n\u00famero de vagas do concurso sobe para 3.652","author":"ismaelcolosi.com.br","date":"21 de May de 2025","format":false,"excerpt":"O Instituto Nacional de Seguro Social (INSS) anunciou nesta ter\u00e7a-feira, 20, sua ades\u00e3o \u00e0 segunda edi\u00e7\u00e3o do Concurso P\u00fablico Nacional Unificado (CPNU 2). Assim, o n\u00famero de vagas a serem disputadas sobe de 3.352 para 3.652, e a quantidade de instiui\u00e7\u00f5es contempladas passa de 35 para 36. +CPNU 2025 ter\u00e1\u2026","rel":"","context":"In &quot;Empregos - Classificados&quot;","block_context":{"text":"Empregos - Classificados","link":"https:\/\/ismaelcolosi.com.br\/index.php\/category\/empregos-classificados-vagas-trabalho\/"},"img":{"alt_text":"","src":"","width":0,"height":0},"classes":[]},{"id":60636,"url":"https:\/\/ismaelcolosi.com.br\/index.php\/2024\/08\/17\/governo-quer-convocar-21-mil-concursados-ate-o-final-do-mandato-diz-ministra\/","url_meta":{"origin":60843,"position":5},"title":"Governo quer convocar 21 mil concursados at\u00e9 o final do mandato, diz ministra","author":"ismaelcolosi.com.br","date":"17 de August de 2024","format":false,"excerpt":"Estad\u00e3o Conte\u00fadoi Estad\u00e3o Conte\u00fado 15\/08\/2024 - 10:38 A ministra da Gest\u00e3o, Esther Dweck, afirmou que o objetivo do governo \u00e9 convocar at\u00e9 21 mil pessoas aprovadas em concursos at\u00e9 o final deste mandato do presidente Luiz In\u00e1cio Lula da Silva.+ \u2018Enem dos concursos\u2019: confira a rela\u00e7\u00e3o candidato\/vaga e o cronograma\u2026","rel":"","context":"In &quot;Empregos - Classificados&quot;","block_context":{"text":"Empregos - Classificados","link":"https:\/\/ismaelcolosi.com.br\/index.php\/category\/empregos-classificados-vagas-trabalho\/"},"img":{"alt_text":"","src":"https:\/\/i0.wp.com\/ismaelcolosi.com.br\/wp-content\/uploads\/2024\/08\/esther-dweck.jpg?fit=770%2C513&ssl=1&resize=350%2C200","width":350,"height":200,"srcset":"https:\/\/i0.wp.com\/ismaelcolosi.com.br\/wp-content\/uploads\/2024\/08\/esther-dweck.jpg?fit=770%2C513&ssl=1&resize=350%2C200 1x, https:\/\/i0.wp.com\/ismaelcolosi.com.br\/wp-content\/uploads\/2024\/08\/esther-dweck.jpg?fit=770%2C513&ssl=1&resize=525%2C300 1.5x, https:\/\/i0.wp.com\/ismaelcolosi.com.br\/wp-content\/uploads\/2024\/08\/esther-dweck.jpg?fit=770%2C513&ssl=1&resize=700%2C400 2x"},"classes":[]}],"jetpack_sharing_enabled":true,"jetpack_shortlink":"https:\/\/wp.me\/pfMlyK-fPl","_links":{"self":[{"href":"https:\/\/ismaelcolosi.com.br\/index.php\/wp-json\/wp\/v2\/posts\/60843","targetHints":{"allow":["GET"]}}],"collection":[{"href":"https:\/\/ismaelcolosi.com.br\/index.php\/wp-json\/wp\/v2\/posts"}],"about":[{"href":"https:\/\/ismaelcolosi.com.br\/index.php\/wp-json\/wp\/v2\/types\/post"}],"author":[{"embeddable":true,"href":"https:\/\/ismaelcolosi.com.br\/index.php\/wp-json\/wp\/v2\/users\/1"}],"replies":[{"embeddable":true,"href":"https:\/\/ismaelcolosi.com.br\/index.php\/wp-json\/wp\/v2\/comments?post=60843"}],"version-history":[{"count":0,"href":"https:\/\/ismaelcolosi.com.br\/index.php\/wp-json\/wp\/v2\/posts\/60843\/revisions"}],"wp:featuredmedia":[{"embeddable":true,"href":"https:\/\/ismaelcolosi.com.br\/index.php\/wp-json\/wp\/v2\/media\/60844"}],"wp:attachment":[{"href":"https:\/\/ismaelcolosi.com.br\/index.php\/wp-json\/wp\/v2\/media?parent=60843"}],"wp:term":[{"taxonomy":"category","embeddable":true,"href":"https:\/\/ismaelcolosi.com.br\/index.php\/wp-json\/wp\/v2\/categories?post=60843"},{"taxonomy":"post_tag","embeddable":true,"href":"https:\/\/ismaelcolosi.com.br\/index.php\/wp-json\/wp\/v2\/tags?post=60843"}],"curies":[{"name":"wp","href":"https:\/\/api.w.org\/{rel}","templated":true}]}}